{"id":1520608,"date":"2022-02-13T16:47:39","date_gmt":"2022-02-13T16:47:39","guid":{"rendered":"https:\/\/www.pressenza.com\/?p=1520608"},"modified":"2022-02-13T16:58:34","modified_gmt":"2022-02-13T16:58:34","slug":"salviamo-dalla-cementificazione-la-pineta-e-il-litorale-di-torre-blandamura","status":"publish","type":"post","link":"https:\/\/www.pressenza.com\/it\/2022\/02\/salviamo-dalla-cementificazione-la-pineta-e-il-litorale-di-torre-blandamura\/","title":{"rendered":"Salviamo dalla cementificazione la pineta e il litorale di Torre Blandamura"},"content":{"rendered":"<p>Nel\u00a0<strong>Comune di Taranto,<\/strong>\u00a0in localit\u00e0 Torre Blandamura, lungo la costa orientale, in direzione del Salento, al confine con il Comune di Leporano sopravvive\u00a0<strong>uno degli ultimi lembi naturali<\/strong>, non ancora distrutti dalla cementificazione selvaggia di cui la costa tarantina \u00e8 stata oggetto a partire dagli anni \u201960. Tali interventi, spesso abusivi, hanno portato nel tempo, alla costruzione di ville e manufatti in prossimit\u00e0 del mare, alla distruzione degli ambienti naturali e al restringimento progressivo delle aree cui accedere liberamente al mare.<\/p>\n<p><strong>L\u2019area di Torre Blandamura, ancora miracolosamente intatta<\/strong>, costituita da pinete di pino d\u2019Aleppo, da arbusti di lentisco, fillirea, cisti e, in prossimit\u00e0 della costa, da vegetazione alofila protetta da leggi comunitarie, rischia di scomparire in quanto su questo territorio\u00a0<strong>\u00e8 prevista la realizzazione di un porticciolo turistico, di importanti superfici, con annesse infrastrutture a terra\u00a0<\/strong>che porterebbe alla distruzione di tutta la vegetazione e alla cementificazione della scogliera. Il porticciolo andrebbe poi a distruggere anche l\u2019ambiente marino a fronte di remoti vantaggi economici per i privati.<\/p>\n<p>In questi giorni, ahim\u00e8,\u00a0<strong>sono gi\u00e0 in corso le prime opere infrastrutturali<\/strong>, come la recinzione del cantiere, che di gi\u00e0 impedisce l\u2019accesso al mare, frequentato non solo dagli abitanti del posto ma anche della citt\u00e0, e la realizzazione di stradine che hanno gi\u00e0 determinato lo sradicamento di vegetazione protetta. Oltre che alla distruzione degli ambienti naturali, stiamo assistendo all\u2019ennesima privatizzazione degli ultimi lembi di costa in cui \u00e8 possibile ancora accedere liberamente al mare.<\/p>\n<p class=\"has-primary-color has-text-color has-medium-font-size\"><strong>Aiutate, con le vostre firme, a bloccare questa ennesima violenza al nostro splendido AMBIENTE NATURALE!<\/strong><\/p>\n<p><a href=\"https:\/\/www.change.org\/p\/ministero-per-l-ambiente-e-comune-di-taranto-salviamo-dalla-cementificazione-la-pineta-e-il-litorale-di-torre-blandamura\"><strong><em>La petizione pu\u00f2 essere sottoscritta qui.<\/em><\/strong><\/a><\/p>\n","protected":false},"excerpt":{"rendered":"<p>Nel\u00a0Comune di Taranto,\u00a0in localit\u00e0 Torre Blandamura, lungo la costa orientale, in direzione del Salento, al confine con il Comune di Leporano sopravvive\u00a0uno degli ultimi lembi naturali, non ancora distrutti dalla cementificazione selvaggia di cui la costa tarantina \u00e8 stata oggetto&hellip;<\/p>\n","protected":false},"author":1972,"featured_media":1520611,"comment_status":"closed","ping_status":"closed","sticky":false,"template":"","format":"standard","meta":{"footnotes":""},"categories":[59,47],"tags":[17972,99248,99249,227,99246],"class_list":["post-1520608","post","type-post","status-publish","format-standard","has-post-thumbnail","hentry","category-ambiente-ecologia","category-europa","tag-cementificazione","tag-costa","tag-litorale","tag-taranto","tag-torre-blandamura"],"yoast_head":"<!-- This site is optimized with the Yoast SEO plugin v27.1.1 - https:\/\/yoast.com\/product\/yoast-seo-wordpress\/ -->\n<title>Salviamo dalla cementificazione la pineta e il litorale di Torre Blandamura<\/title>\n<meta name=\"description\" content=\"L\u2019area di Torre Blandamura, ancora miracolosamente intatta, costituita da pinete e arbusti, rischia di scomparire in quanto su questo territorio \u00e8 prevista la realizzazione di un porticciolo turistico, di importanti superfici, con annesse infrastrutture a terra.\" \/>\n<meta name=\"robots\" content=\"index, follow, max-snippet:-1, max-image-preview:large, max-video-preview:-1\" \/>\n<link rel=\"canonical\" href=\"https:\/\/www.pressenza.com\/it\/2022\/02\/salviamo-dalla-cementificazione-la-pineta-e-il-litorale-di-torre-blandamura\/\" \/>\n<meta property=\"og:locale\" content=\"it_IT\" \/>\n<meta property=\"og:type\" content=\"article\" \/>\n<meta property=\"og:title\" content=\"Salviamo dalla cementificazione la pineta e il litorale di Torre Blandamura\" \/>\n<meta property=\"og:description\" content=\"L\u2019area di Torre Blandamura, ancora miracolosamente intatta, costituita da pinete e arbusti, rischia di scomparire in quanto su questo territorio \u00e8 prevista la realizzazione di un porticciolo turistico, di importanti superfici, con annesse infrastrutture a terra.\" \/>\n<meta property=\"og:url\" content=\"https:\/\/www.pressenza.com\/it\/2022\/02\/salviamo-dalla-cementificazione-la-pineta-e-il-litorale-di-torre-blandamura\/\" \/>\n<meta property=\"og:site_name\" content=\"Pressenza\" \/>\n<meta property=\"article:publisher\" content=\"https:\/\/www.facebook.com\/PressenzaItalia\" \/>\n<meta property=\"article:published_time\" content=\"2022-02-13T16:47:39+00:00\" \/>\n<meta property=\"article:modified_time\" content=\"2022-02-13T16:58:34+00:00\" \/>\n<meta property=\"og:image\" content=\"https:\/\/www.pressenza.com\/wp-content\/uploads\/2022\/02\/Torre-Blandamura.jpg\" \/>\n\t<meta property=\"og:image:width\" content=\"600\" \/>\n\t<meta property=\"og:image:height\" content=\"338\" \/>\n\t<meta property=\"og:image:type\" content=\"image\/jpeg\" \/>\n<meta name=\"author\" content=\"Forum Salviamo il Paesaggio\" \/>\n<meta name=\"twitter:card\" content=\"summary_large_image\" \/>\n<meta name=\"twitter:creator\" content=\"@PressenzaIPA\" \/>\n<meta name=\"twitter:site\" content=\"@PressenzaIPA\" \/>\n<meta name=\"twitter:label1\" content=\"Scritto da\" \/>\n\t<meta name=\"twitter:data1\" content=\"Forum Salviamo il Paesaggio\" \/>\n\t<meta name=\"twitter:label2\" content=\"Tempo di lettura stimato\" \/>\n\t<meta name=\"twitter:data2\" content=\"1 minuto\" \/>\n<script type=\"application\/ld+json\" class=\"yoast-schema-graph\">{\"@context\":\"https:\/\/schema.org\",\"@graph\":[{\"@type\":\"Article\",\"@id\":\"https:\/\/www.pressenza.com\/it\/2022\/02\/salviamo-dalla-cementificazione-la-pineta-e-il-litorale-di-torre-blandamura\/#article\",\"isPartOf\":{\"@id\":\"https:\/\/www.pressenza.com\/it\/2022\/02\/salviamo-dalla-cementificazione-la-pineta-e-il-litorale-di-torre-blandamura\/\"},\"author\":{\"name\":\"Forum Salviamo il Paesaggio\",\"@id\":\"https:\/\/www.pressenza.com\/it\/#\/schema\/person\/cc79d286da9dc340a843c117aa9ac5eb\"},\"headline\":\"Salviamo dalla cementificazione la pineta e il litorale di Torre Blandamura\",\"datePublished\":\"2022-02-13T16:47:39+00:00\",\"dateModified\":\"2022-02-13T16:58:34+00:00\",\"mainEntityOfPage\":{\"@id\":\"https:\/\/www.pressenza.com\/it\/2022\/02\/salviamo-dalla-cementificazione-la-pineta-e-il-litorale-di-torre-blandamura\/\"},\"wordCount\":275,\"publisher\":{\"@id\":\"https:\/\/www.pressenza.com\/it\/#organization\"},\"image\":{\"@id\":\"https:\/\/www.pressenza.com\/it\/2022\/02\/salviamo-dalla-cementificazione-la-pineta-e-il-litorale-di-torre-blandamura\/#primaryimage\"},\"thumbnailUrl\":\"https:\/\/www.pressenza.com\/wp-content\/uploads\/2022\/02\/Torre-Blandamura.jpg\",\"keywords\":[\"Cementificazione\",\"costa\",\"litorale\",\"Taranto\",\"Torre Blandamura\"],\"articleSection\":[\"Ecologia ed Ambiente\",\"Europa\"],\"inLanguage\":\"it-IT\"},{\"@type\":\"WebPage\",\"@id\":\"https:\/\/www.pressenza.com\/it\/2022\/02\/salviamo-dalla-cementificazione-la-pineta-e-il-litorale-di-torre-blandamura\/\",\"url\":\"https:\/\/www.pressenza.com\/it\/2022\/02\/salviamo-dalla-cementificazione-la-pineta-e-il-litorale-di-torre-blandamura\/\",\"name\":\"Salviamo dalla cementificazione la pineta e il litorale di Torre Blandamura\",\"isPartOf\":{\"@id\":\"https:\/\/www.pressenza.com\/it\/#website\"},\"primaryImageOfPage\":{\"@id\":\"https:\/\/www.pressenza.com\/it\/2022\/02\/salviamo-dalla-cementificazione-la-pineta-e-il-litorale-di-torre-blandamura\/#primaryimage\"},\"image\":{\"@id\":\"https:\/\/www.pressenza.com\/it\/2022\/02\/salviamo-dalla-cementificazione-la-pineta-e-il-litorale-di-torre-blandamura\/#primaryimage\"},\"thumbnailUrl\":\"https:\/\/www.pressenza.com\/wp-content\/uploads\/2022\/02\/Torre-Blandamura.jpg\",\"datePublished\":\"2022-02-13T16:47:39+00:00\",\"dateModified\":\"2022-02-13T16:58:34+00:00\",\"description\":\"L\u2019area di Torre Blandamura, ancora miracolosamente intatta, costituita da pinete e arbusti, rischia di scomparire in quanto su questo territorio \u00e8 prevista la realizzazione di un porticciolo turistico, di importanti superfici, con annesse infrastrutture a terra.\",\"breadcrumb\":{\"@id\":\"https:\/\/www.pressenza.com\/it\/2022\/02\/salviamo-dalla-cementificazione-la-pineta-e-il-litorale-di-torre-blandamura\/#breadcrumb\"},\"inLanguage\":\"it-IT\",\"potentialAction\":[{\"@type\":\"ReadAction\",\"target\":[\"https:\/\/www.pressenza.com\/it\/2022\/02\/salviamo-dalla-cementificazione-la-pineta-e-il-litorale-di-torre-blandamura\/\"]}]},{\"@type\":\"ImageObject\",\"inLanguage\":\"it-IT\",\"@id\":\"https:\/\/www.pressenza.com\/it\/2022\/02\/salviamo-dalla-cementificazione-la-pineta-e-il-litorale-di-torre-blandamura\/#primaryimage\",\"url\":\"https:\/\/www.pressenza.com\/wp-content\/uploads\/2022\/02\/Torre-Blandamura.jpg\",\"contentUrl\":\"https:\/\/www.pressenza.com\/wp-content\/uploads\/2022\/02\/Torre-Blandamura.jpg\",\"width\":600,\"height\":338},{\"@type\":\"BreadcrumbList\",\"@id\":\"https:\/\/www.pressenza.com\/it\/2022\/02\/salviamo-dalla-cementificazione-la-pineta-e-il-litorale-di-torre-blandamura\/#breadcrumb\",\"itemListElement\":[{\"@type\":\"ListItem\",\"position\":1,\"name\":\"Accueil\",\"item\":\"https:\/\/www.pressenza.com\/it\/\"},{\"@type\":\"ListItem\",\"position\":2,\"name\":\"Salviamo dalla cementificazione la pineta e il litorale di Torre Blandamura\"}]},{\"@type\":\"WebSite\",\"@id\":\"https:\/\/www.pressenza.com\/it\/#website\",\"url\":\"https:\/\/www.pressenza.com\/it\/\",\"name\":\"Pressenza\",\"description\":\"Agenzia di Stampa Internazionale\",\"publisher\":{\"@id\":\"https:\/\/www.pressenza.com\/it\/#organization\"},\"potentialAction\":[{\"@type\":\"SearchAction\",\"target\":{\"@type\":\"EntryPoint\",\"urlTemplate\":\"https:\/\/www.pressenza.com\/it\/?s={search_term_string}\"},\"query-input\":{\"@type\":\"PropertyValueSpecification\",\"valueRequired\":true,\"valueName\":\"search_term_string\"}}],\"inLanguage\":\"it-IT\"},{\"@type\":\"Organization\",\"@id\":\"https:\/\/www.pressenza.com\/it\/#organization\",\"name\":\"Pressenza\",\"url\":\"https:\/\/www.pressenza.com\/it\/\",\"logo\":{\"@type\":\"ImageObject\",\"inLanguage\":\"it-IT\",\"@id\":\"https:\/\/www.pressenza.com\/it\/#\/schema\/logo\/image\/\",\"url\":\"https:\/\/www.pressenza.com\/wp-content\/uploads\/2022\/10\/pressenza_logo_200x200.jpg\",\"contentUrl\":\"https:\/\/www.pressenza.com\/wp-content\/uploads\/2022\/10\/pressenza_logo_200x200.jpg\",\"width\":200,\"height\":200,\"caption\":\"Pressenza\"},\"image\":{\"@id\":\"https:\/\/www.pressenza.com\/it\/#\/schema\/logo\/image\/\"},\"sameAs\":[\"https:\/\/www.facebook.com\/PressenzaItalia\",\"https:\/\/x.com\/PressenzaIPA\"]},{\"@type\":\"Person\",\"@id\":\"https:\/\/www.pressenza.com\/it\/#\/schema\/person\/cc79d286da9dc340a843c117aa9ac5eb\",\"name\":\"Forum Salviamo il Paesaggio\",\"description\":\"Il Forum Salviamo il Paesaggio \u00e8 una grande rete nazionale formata da decine di migliaia di soggetti individuali (cio\u00e8 persone) e da oltre mille organizzazioni della societ\u00e0 civile che condividono il comune obiettivo di salvaguardare e tutelare le risorse dei paesaggi e dei territori. Nel febbraio del 2018 ha presentato al Paese e a tutte le forze politiche una innovativa Proposta di Legge PER L\u2019ARRESTO DEL CONSUMO DI SUOLO E PER IL RIUSO DEI SUOLI URBANIZZATI, incardinata nell'iter delle commissioni congiunte Ambiente e Agricoltura del Senato e ancora in (faticosa) discussione...\",\"sameAs\":[\"http:\/\/www.salviamoilpaesaggio.it\/blog\/\"],\"url\":\"https:\/\/www.pressenza.com\/it\/author\/forum-salviamo-il-paesaggio\/\"}]}<\/script>\n<!-- \/ Yoast SEO plugin. -->","yoast_head_json":{"title":"Salviamo dalla cementificazione la pineta e il litorale di Torre Blandamura","description":"L\u2019area di Torre Blandamura, ancora miracolosamente intatta, costituita da pinete e arbusti, rischia di scomparire in quanto su questo territorio \u00e8 prevista la realizzazione di un porticciolo turistico, di importanti superfici, con annesse infrastrutture a terra.","robots":{"index":"index","follow":"follow","max-snippet":"max-snippet:-1","max-image-preview":"max-image-preview:large","max-video-preview":"max-video-preview:-1"},"canonical":"https:\/\/www.pressenza.com\/it\/2022\/02\/salviamo-dalla-cementificazione-la-pineta-e-il-litorale-di-torre-blandamura\/","og_locale":"it_IT","og_type":"article","og_title":"Salviamo dalla cementificazione la pineta e il litorale di Torre Blandamura","og_description":"L\u2019area di Torre Blandamura, ancora miracolosamente intatta, costituita da pinete e arbusti, rischia di scomparire in quanto su questo territorio \u00e8 prevista la realizzazione di un porticciolo turistico, di importanti superfici, con annesse infrastrutture a terra.","og_url":"https:\/\/www.pressenza.com\/it\/2022\/02\/salviamo-dalla-cementificazione-la-pineta-e-il-litorale-di-torre-blandamura\/","og_site_name":"Pressenza","article_publisher":"https:\/\/www.facebook.com\/PressenzaItalia","article_published_time":"2022-02-13T16:47:39+00:00","article_modified_time":"2022-02-13T16:58:34+00:00","og_image":[{"width":600,"height":338,"url":"https:\/\/www.pressenza.com\/wp-content\/uploads\/2022\/02\/Torre-Blandamura.jpg","type":"image\/jpeg"}],"author":"Forum Salviamo il Paesaggio","twitter_card":"summary_large_image","twitter_creator":"@PressenzaIPA","twitter_site":"@PressenzaIPA","twitter_misc":{"Scritto da":"Forum Salviamo il Paesaggio","Tempo di lettura stimato":"1 minuto"},"schema":{"@context":"https:\/\/schema.org","@graph":[{"@type":"Article","@id":"https:\/\/www.pressenza.com\/it\/2022\/02\/salviamo-dalla-cementificazione-la-pineta-e-il-litorale-di-torre-blandamura\/#article","isPartOf":{"@id":"https:\/\/www.pressenza.com\/it\/2022\/02\/salviamo-dalla-cementificazione-la-pineta-e-il-litorale-di-torre-blandamura\/"},"author":{"name":"Forum Salviamo il Paesaggio","@id":"https:\/\/www.pressenza.com\/it\/#\/schema\/person\/cc79d286da9dc340a843c117aa9ac5eb"},"headline":"Salviamo dalla cementificazione la pineta e il litorale di Torre Blandamura","datePublished":"2022-02-13T16:47:39+00:00","dateModified":"2022-02-13T16:58:34+00:00","mainEntityOfPage":{"@id":"https:\/\/www.pressenza.com\/it\/2022\/02\/salviamo-dalla-cementificazione-la-pineta-e-il-litorale-di-torre-blandamura\/"},"wordCount":275,"publisher":{"@id":"https:\/\/www.pressenza.com\/it\/#organization"},"image":{"@id":"https:\/\/www.pressenza.com\/it\/2022\/02\/salviamo-dalla-cementificazione-la-pineta-e-il-litorale-di-torre-blandamura\/#primaryimage"},"thumbnailUrl":"https:\/\/www.pressenza.com\/wp-content\/uploads\/2022\/02\/Torre-Blandamura.jpg","keywords":["Cementificazione","costa","litorale","Taranto","Torre Blandamura"],"articleSection":["Ecologia ed Ambiente","Europa"],"inLanguage":"it-IT"},{"@type":"WebPage","@id":"https:\/\/www.pressenza.com\/it\/2022\/02\/salviamo-dalla-cementificazione-la-pineta-e-il-litorale-di-torre-blandamura\/","url":"https:\/\/www.pressenza.com\/it\/2022\/02\/salviamo-dalla-cementificazione-la-pineta-e-il-litorale-di-torre-blandamura\/","name":"Salviamo dalla cementificazione la pineta e il litorale di Torre Blandamura","isPartOf":{"@id":"https:\/\/www.pressenza.com\/it\/#website"},"primaryImageOfPage":{"@id":"https:\/\/www.pressenza.com\/it\/2022\/02\/salviamo-dalla-cementificazione-la-pineta-e-il-litorale-di-torre-blandamura\/#primaryimage"},"image":{"@id":"https:\/\/www.pressenza.com\/it\/2022\/02\/salviamo-dalla-cementificazione-la-pineta-e-il-litorale-di-torre-blandamura\/#primaryimage"},"thumbnailUrl":"https:\/\/www.pressenza.com\/wp-content\/uploads\/2022\/02\/Torre-Blandamura.jpg","datePublished":"2022-02-13T16:47:39+00:00","dateModified":"2022-02-13T16:58:34+00:00","description":"L\u2019area di Torre Blandamura, ancora miracolosamente intatta, costituita da pinete e arbusti, rischia di scomparire in quanto su questo territorio \u00e8 prevista la realizzazione di un porticciolo turistico, di importanti superfici, con annesse infrastrutture a terra.","breadcrumb":{"@id":"https:\/\/www.pressenza.com\/it\/2022\/02\/salviamo-dalla-cementificazione-la-pineta-e-il-litorale-di-torre-blandamura\/#breadcrumb"},"inLanguage":"it-IT","potentialAction":[{"@type":"ReadAction","target":["https:\/\/www.pressenza.com\/it\/2022\/02\/salviamo-dalla-cementificazione-la-pineta-e-il-litorale-di-torre-blandamura\/"]}]},{"@type":"ImageObject","inLanguage":"it-IT","@id":"https:\/\/www.pressenza.com\/it\/2022\/02\/salviamo-dalla-cementificazione-la-pineta-e-il-litorale-di-torre-blandamura\/#primaryimage","url":"https:\/\/www.pressenza.com\/wp-content\/uploads\/2022\/02\/Torre-Blandamura.jpg","contentUrl":"https:\/\/www.pressenza.com\/wp-content\/uploads\/2022\/02\/Torre-Blandamura.jpg","width":600,"height":338},{"@type":"BreadcrumbList","@id":"https:\/\/www.pressenza.com\/it\/2022\/02\/salviamo-dalla-cementificazione-la-pineta-e-il-litorale-di-torre-blandamura\/#breadcrumb","itemListElement":[{"@type":"ListItem","position":1,"name":"Accueil","item":"https:\/\/www.pressenza.com\/it\/"},{"@type":"ListItem","position":2,"name":"Salviamo dalla cementificazione la pineta e il litorale di Torre Blandamura"}]},{"@type":"WebSite","@id":"https:\/\/www.pressenza.com\/it\/#website","url":"https:\/\/www.pressenza.com\/it\/","name":"Pressenza","description":"Agenzia di Stampa Internazionale","publisher":{"@id":"https:\/\/www.pressenza.com\/it\/#organization"},"potentialAction":[{"@type":"SearchAction","target":{"@type":"EntryPoint","urlTemplate":"https:\/\/www.pressenza.com\/it\/?s={search_term_string}"},"query-input":{"@type":"PropertyValueSpecification","valueRequired":true,"valueName":"search_term_string"}}],"inLanguage":"it-IT"},{"@type":"Organization","@id":"https:\/\/www.pressenza.com\/it\/#organization","name":"Pressenza","url":"https:\/\/www.pressenza.com\/it\/","logo":{"@type":"ImageObject","inLanguage":"it-IT","@id":"https:\/\/www.pressenza.com\/it\/#\/schema\/logo\/image\/","url":"https:\/\/www.pressenza.com\/wp-content\/uploads\/2022\/10\/pressenza_logo_200x200.jpg","contentUrl":"https:\/\/www.pressenza.com\/wp-content\/uploads\/2022\/10\/pressenza_logo_200x200.jpg","width":200,"height":200,"caption":"Pressenza"},"image":{"@id":"https:\/\/www.pressenza.com\/it\/#\/schema\/logo\/image\/"},"sameAs":["https:\/\/www.facebook.com\/PressenzaItalia","https:\/\/x.com\/PressenzaIPA"]},{"@type":"Person","@id":"https:\/\/www.pressenza.com\/it\/#\/schema\/person\/cc79d286da9dc340a843c117aa9ac5eb","name":"Forum Salviamo il Paesaggio","description":"Il Forum Salviamo il Paesaggio \u00e8 una grande rete nazionale formata da decine di migliaia di soggetti individuali (cio\u00e8 persone) e da oltre mille organizzazioni della societ\u00e0 civile che condividono il comune obiettivo di salvaguardare e tutelare le risorse dei paesaggi e dei territori. Nel febbraio del 2018 ha presentato al Paese e a tutte le forze politiche una innovativa Proposta di Legge PER L\u2019ARRESTO DEL CONSUMO DI SUOLO E PER IL RIUSO DEI SUOLI URBANIZZATI, incardinata nell'iter delle commissioni congiunte Ambiente e Agricoltura del Senato e ancora in (faticosa) discussione...","sameAs":["http:\/\/www.salviamoilpaesaggio.it\/blog\/"],"url":"https:\/\/www.pressenza.com\/it\/author\/forum-salviamo-il-paesaggio\/"}]}},"place":"Taranto","original_article_url":"http:\/\/www.salviamoilpaesaggio.it\/blog\/2022\/01\/salviamo-dalla-cementificazione-la-pineta-e-il-litorale-di-torre-blandamura\/","_links":{"self":[{"href":"https:\/\/www.pressenza.com\/it\/wp-json\/wp\/v2\/posts\/1520608","targetHints":{"allow":["GET"]}}],"collection":[{"href":"https:\/\/www.pressenza.com\/it\/wp-json\/wp\/v2\/posts"}],"about":[{"href":"https:\/\/www.pressenza.com\/it\/wp-json\/wp\/v2\/types\/post"}],"author":[{"embeddable":true,"href":"https:\/\/www.pressenza.com\/it\/wp-json\/wp\/v2\/users\/1972"}],"replies":[{"embeddable":true,"href":"https:\/\/www.pressenza.com\/it\/wp-json\/wp\/v2\/comments?post=1520608"}],"version-history":[{"count":0,"href":"https:\/\/www.pressenza.com\/it\/wp-json\/wp\/v2\/posts\/1520608\/revisions"}],"wp:featuredmedia":[{"embeddable":true,"href":"https:\/\/www.pressenza.com\/it\/wp-json\/wp\/v2\/media\/1520611"}],"wp:attachment":[{"href":"https:\/\/www.pressenza.com\/it\/wp-json\/wp\/v2\/media?parent=1520608"}],"wp:term":[{"taxonomy":"category","embeddable":true,"href":"https:\/\/www.pressenza.com\/it\/wp-json\/wp\/v2\/categories?post=1520608"},{"taxonomy":"post_tag","embeddable":true,"href":"https:\/\/www.pressenza.com\/it\/wp-json\/wp\/v2\/tags?post=1520608"}],"curies":[{"name":"wp","href":"https:\/\/api.w.org\/{rel}","templated":true}]}}