{"id":1517220,"date":"2022-02-07T12:56:19","date_gmt":"2022-02-07T12:56:19","guid":{"rendered":"https:\/\/www.pressenza.com\/?p=1517220"},"modified":"2022-02-07T20:44:37","modified_gmt":"2022-02-07T20:44:37","slug":"la-giostra-della-legge-elettorale","status":"publish","type":"post","link":"https:\/\/www.pressenza.com\/it\/2022\/02\/la-giostra-della-legge-elettorale\/","title":{"rendered":"La giostra della legge elettorale"},"content":{"rendered":"<p>Lo dichiaro subito: quando si devono eleggere i rappresentanti dei cittadini (per esempio per Il Parlamento) io preferisco il sistema proporzionale.<\/p>\n<p>Potrei approvare anche un sistema maggioritario, ma soltanto dopo aver elevato tutti i quorum costituzionali per le elezioni degli organi di garanzia. Questo per evitare che una minoranza nel Paese abbia la maggioranza dei seggi e possa decidere autonomamente il Presidente della Repubblica, i Presidenti di Camera e Senato, modificare la Costituzione, ecc.<\/p>\n<p>Ma la cosa peggiore che si pu\u00f2 fare \u00e8 avere una legge elettorale mista, perch\u00e9 non garantisce il rispetto della rappresentanza (proporzionale) e nemmeno la certezza di una maggioranza stabile (maggioritario). Purtroppo \u00e8 proprio quello che \u00e8 accaduto in Italia negli ultimi 30 anni con il susseguirsi delle leggi soprannominate Mattarellum, Porcellum, Italicum (mai applicato) e Rosatellum.<\/p>\n<p>A peggiorare la situazione \u00e8 il fatto di aver tolto ai cittadini la possibilit\u00e0 di scegliere tra i candidati. Risultato: gli eletti degli ultimi decenni sono stati sostanzialmente nominati. Di conseguenza non si veniva scelti per competenza e capacit\u00e0, ma per fedelt\u00e0 al leader del partito (o della corrente di partito).<\/p>\n<p>Se poi andiamo a vedere quali partiti hanno appoggiato il proporzionale, il maggioritario o il sistema misto, c\u2019\u00e8 solo da rimanere frastornati, come su una giostra che gira in tondo e torna al punto di partenza. Quasi tutti i partiti hanno cambiato idea pi\u00f9 volte sul sistema elettorale a seconda della convenienza del momento. Chi si trovava un po\u2019 ai margini del sistema politico di solito propendeva per il proporzionale, chi intravvedeva la possibilit\u00e0 di una vittoria elettorale ovviamente optava per il maggioritario.<\/p>\n<p>In altre parole il sistema elettorale, anzich\u00e9 essere un punto di riferimento certo (si tratta delle regole del gioco democratico e non \u00e8 una questione da poco\u2026), negli ultimi 30 anni \u00e8 diventato una variabile condizionata dallo scenario politico contingente.<\/p>\n<p>In questi giorni ne abbiamo la prova evidente. Dato che \u2013 a seguito della rielezione di Sergio Mattarella alla Presidenza della Repubblica \u2013 le coalizioni elettorali gi\u00e0 poco salde si sono ulteriormente sfaldate, praticamente tutti i partiti dichiarano la necessit\u00e0 di una legge elettorale proporzionale.<\/p>\n<p>Quindi, almeno per me, dovrebbe essere una buona notizia. E invece penso che sia pessima: per l\u2019ennesima volta si guarda alla convenienza del momento e non alla correttezza del metodo e della norma.<\/p>\n<p>Anche perch\u00e9 non si dovrebbero approvare leggi elettorali nell\u2019anno precedente al voto (e per il Parlamento si voter\u00e0 nel 2023, se non prima). Lo stabilisce \u00abil codice di buona condotta in materia elettorale\u00bb, un documento predisposto dalla Commissione di Venezia (2002) e approvato dal Consiglio d&#8217;Europa (2003): \u00abgli elementi fondamentali del diritto elettorale, e in particolare del sistema elettorale, la composizione delle commissioni elettorali e la suddivisione delle circoscrizioni non devono poter essere modificati nell\u2019anno che precede l\u2019elezione\u00bb. La norma ha l\u2019evidente scopo di evitare che la maggioranza del momento approvi una legge elettorale confezionata sulla propria misura per avere un vantaggio sugli avversari.<\/p>\n<p>Nel dibattito sulla nuova legge elettorale ci sar\u00e0 qualcuno in Italia che si ricorder\u00e0 di questa norma? Ne dubito fortemente.<\/p>\n","protected":false},"excerpt":{"rendered":"<p>Lo dichiaro subito: quando si devono eleggere i rappresentanti dei cittadini (per esempio per Il Parlamento) io preferisco il sistema proporzionale. Potrei approvare anche un sistema maggioritario, ma soltanto dopo aver elevato tutti i quorum costituzionali per le elezioni degli&hellip;<\/p>\n","protected":false},"author":1280,"featured_media":1150296,"comment_status":"closed","ping_status":"closed","sticky":false,"template":"","format":"standard","meta":{"footnotes":""},"categories":[11388,55],"tags":[616,1659,375],"class_list":["post-1517220","post","type-post","status-publish","format-standard","has-post-thumbnail","hentry","category-contenuti-originali","category-politica","tag-elezioni","tag-legge-elettorale","tag-parlamento"],"yoast_head":"<!-- This site is optimized with the Yoast SEO plugin v27.1.1 - https:\/\/yoast.com\/product\/yoast-seo-wordpress\/ -->\n<title>La giostra della legge elettorale<\/title>\n<meta name=\"description\" content=\"Lo dichiaro subito: quando si devono eleggere i rappresentanti dei cittadini (per esempio per Il Parlamento) io preferisco il sistema proporzionale.\" \/>\n<meta name=\"robots\" content=\"index, follow, max-snippet:-1, max-image-preview:large, max-video-preview:-1\" \/>\n<link rel=\"canonical\" href=\"https:\/\/www.pressenza.com\/it\/2022\/02\/la-giostra-della-legge-elettorale\/\" \/>\n<meta property=\"og:locale\" content=\"it_IT\" \/>\n<meta property=\"og:type\" content=\"article\" \/>\n<meta property=\"og:title\" content=\"La giostra della legge elettorale\" \/>\n<meta property=\"og:description\" content=\"Lo dichiaro subito: quando si devono eleggere i rappresentanti dei cittadini (per esempio per Il Parlamento) io preferisco il sistema proporzionale.\" \/>\n<meta property=\"og:url\" content=\"https:\/\/www.pressenza.com\/it\/2022\/02\/la-giostra-della-legge-elettorale\/\" \/>\n<meta property=\"og:site_name\" content=\"Pressenza\" \/>\n<meta property=\"article:publisher\" content=\"https:\/\/www.facebook.com\/PressenzaItalia\" \/>\n<meta property=\"article:published_time\" content=\"2022-02-07T12:56:19+00:00\" \/>\n<meta property=\"article:modified_time\" content=\"2022-02-07T20:44:37+00:00\" \/>\n<meta property=\"og:image\" content=\"https:\/\/www.pressenza.com\/wp-content\/uploads\/2020\/07\/Parlamento-italiano-Flickr.jpg\" \/>\n\t<meta property=\"og:image:width\" content=\"1000\" \/>\n\t<meta property=\"og:image:height\" content=\"665\" \/>\n\t<meta property=\"og:image:type\" content=\"image\/jpeg\" \/>\n<meta name=\"author\" content=\"Rocco Artifoni\" \/>\n<meta name=\"twitter:card\" content=\"summary_large_image\" \/>\n<meta name=\"twitter:creator\" content=\"@PressenzaIPA\" \/>\n<meta name=\"twitter:site\" content=\"@PressenzaIPA\" \/>\n<meta name=\"twitter:label1\" content=\"Scritto da\" \/>\n\t<meta name=\"twitter:data1\" content=\"Rocco Artifoni\" \/>\n\t<meta name=\"twitter:label2\" content=\"Tempo di lettura stimato\" \/>\n\t<meta name=\"twitter:data2\" content=\"2 minuti\" \/>\n<script type=\"application\/ld+json\" class=\"yoast-schema-graph\">{\"@context\":\"https:\/\/schema.org\",\"@graph\":[{\"@type\":\"Article\",\"@id\":\"https:\/\/www.pressenza.com\/it\/2022\/02\/la-giostra-della-legge-elettorale\/#article\",\"isPartOf\":{\"@id\":\"https:\/\/www.pressenza.com\/it\/2022\/02\/la-giostra-della-legge-elettorale\/\"},\"author\":{\"name\":\"Rocco Artifoni\",\"@id\":\"https:\/\/www.pressenza.com\/it\/#\/schema\/person\/47253bd773bfdc8f669fc1a490a0d099\"},\"headline\":\"La giostra della legge elettorale\",\"datePublished\":\"2022-02-07T12:56:19+00:00\",\"dateModified\":\"2022-02-07T20:44:37+00:00\",\"mainEntityOfPage\":{\"@id\":\"https:\/\/www.pressenza.com\/it\/2022\/02\/la-giostra-della-legge-elettorale\/\"},\"wordCount\":505,\"publisher\":{\"@id\":\"https:\/\/www.pressenza.com\/it\/#organization\"},\"image\":{\"@id\":\"https:\/\/www.pressenza.com\/it\/2022\/02\/la-giostra-della-legge-elettorale\/#primaryimage\"},\"thumbnailUrl\":\"https:\/\/www.pressenza.com\/wp-content\/uploads\/2020\/07\/Parlamento-italiano-Flickr.jpg\",\"keywords\":[\"elezioni\",\"legge elettorale\",\"parlamento\"],\"articleSection\":[\"contenuti originali\",\"Politica\"],\"inLanguage\":\"it-IT\"},{\"@type\":\"WebPage\",\"@id\":\"https:\/\/www.pressenza.com\/it\/2022\/02\/la-giostra-della-legge-elettorale\/\",\"url\":\"https:\/\/www.pressenza.com\/it\/2022\/02\/la-giostra-della-legge-elettorale\/\",\"name\":\"La giostra della legge elettorale\",\"isPartOf\":{\"@id\":\"https:\/\/www.pressenza.com\/it\/#website\"},\"primaryImageOfPage\":{\"@id\":\"https:\/\/www.pressenza.com\/it\/2022\/02\/la-giostra-della-legge-elettorale\/#primaryimage\"},\"image\":{\"@id\":\"https:\/\/www.pressenza.com\/it\/2022\/02\/la-giostra-della-legge-elettorale\/#primaryimage\"},\"thumbnailUrl\":\"https:\/\/www.pressenza.com\/wp-content\/uploads\/2020\/07\/Parlamento-italiano-Flickr.jpg\",\"datePublished\":\"2022-02-07T12:56:19+00:00\",\"dateModified\":\"2022-02-07T20:44:37+00:00\",\"description\":\"Lo dichiaro subito: quando si devono eleggere i rappresentanti dei cittadini (per esempio per Il Parlamento) io preferisco il sistema proporzionale.\",\"breadcrumb\":{\"@id\":\"https:\/\/www.pressenza.com\/it\/2022\/02\/la-giostra-della-legge-elettorale\/#breadcrumb\"},\"inLanguage\":\"it-IT\",\"potentialAction\":[{\"@type\":\"ReadAction\",\"target\":[\"https:\/\/www.pressenza.com\/it\/2022\/02\/la-giostra-della-legge-elettorale\/\"]}]},{\"@type\":\"ImageObject\",\"inLanguage\":\"it-IT\",\"@id\":\"https:\/\/www.pressenza.com\/it\/2022\/02\/la-giostra-della-legge-elettorale\/#primaryimage\",\"url\":\"https:\/\/www.pressenza.com\/wp-content\/uploads\/2020\/07\/Parlamento-italiano-Flickr.jpg\",\"contentUrl\":\"https:\/\/www.pressenza.com\/wp-content\/uploads\/2020\/07\/Parlamento-italiano-Flickr.jpg\",\"width\":1000,\"height\":665},{\"@type\":\"BreadcrumbList\",\"@id\":\"https:\/\/www.pressenza.com\/it\/2022\/02\/la-giostra-della-legge-elettorale\/#breadcrumb\",\"itemListElement\":[{\"@type\":\"ListItem\",\"position\":1,\"name\":\"Accueil\",\"item\":\"https:\/\/www.pressenza.com\/it\/\"},{\"@type\":\"ListItem\",\"position\":2,\"name\":\"La giostra della legge elettorale\"}]},{\"@type\":\"WebSite\",\"@id\":\"https:\/\/www.pressenza.com\/it\/#website\",\"url\":\"https:\/\/www.pressenza.com\/it\/\",\"name\":\"Pressenza\",\"description\":\"Agenzia di Stampa Internazionale\",\"publisher\":{\"@id\":\"https:\/\/www.pressenza.com\/it\/#organization\"},\"potentialAction\":[{\"@type\":\"SearchAction\",\"target\":{\"@type\":\"EntryPoint\",\"urlTemplate\":\"https:\/\/www.pressenza.com\/it\/?s={search_term_string}\"},\"query-input\":{\"@type\":\"PropertyValueSpecification\",\"valueRequired\":true,\"valueName\":\"search_term_string\"}}],\"inLanguage\":\"it-IT\"},{\"@type\":\"Organization\",\"@id\":\"https:\/\/www.pressenza.com\/it\/#organization\",\"name\":\"Pressenza\",\"url\":\"https:\/\/www.pressenza.com\/it\/\",\"logo\":{\"@type\":\"ImageObject\",\"inLanguage\":\"it-IT\",\"@id\":\"https:\/\/www.pressenza.com\/it\/#\/schema\/logo\/image\/\",\"url\":\"https:\/\/www.pressenza.com\/wp-content\/uploads\/2022\/10\/pressenza_logo_200x200.jpg\",\"contentUrl\":\"https:\/\/www.pressenza.com\/wp-content\/uploads\/2022\/10\/pressenza_logo_200x200.jpg\",\"width\":200,\"height\":200,\"caption\":\"Pressenza\"},\"image\":{\"@id\":\"https:\/\/www.pressenza.com\/it\/#\/schema\/logo\/image\/\"},\"sameAs\":[\"https:\/\/www.facebook.com\/PressenzaItalia\",\"https:\/\/x.com\/PressenzaIPA\"]},{\"@type\":\"Person\",\"@id\":\"https:\/\/www.pressenza.com\/it\/#\/schema\/person\/47253bd773bfdc8f669fc1a490a0d099\",\"name\":\"Rocco Artifoni\",\"description\":\"Rocco Artifoni \u00e8 nato a Bergamo nel 1960. \u00c8 presidente nazionale dell\u2019Associazione per la Riduzione del Debito Pubblico (www.ardep.it) e referente per la Lombardia dell\u2019Associazione Art. 53 (www.articolo53.it). Principali appartenenze e impegni locali (provincia di Bergamo): Consiglio Direttivo della Fondazione Serughetti La Porta (www.laportabergamo.it), Comitato provinciale per l\u2019abolizione delle barriere architettoniche (www.diversabile.it), Coordinamento provinciale di Libera (www.liberabg.it), Comitato bergamasco per la difesa della Costituzione (www.salviamolacostituzione.bg.it), Scuola di educazione e formazione alla politica We Care (www.scuolawecare.it), Redazione della rivista L\u2019Incontro e delle Edizioni Gruppo Aeper (www.aeper.it). Nel 2014 ha pubblicato insieme a Filippo Pizzolato \u201cL\u2019ABC della Costituzione\u201d per le Edizioni Gruppo Aeper con prefazione di don Luigi Ciotti. Nel 2018, insieme a Francesco Gesualdi e Antonio De Lellis, per CADTM Italia ha pubblicato il dossier \u201cFisco &amp; Debito. Gli effetti delle controriforme fiscali sul nostro debito pubblico\u201d.\",\"url\":\"https:\/\/www.pressenza.com\/it\/author\/rocco-artifoni\/\"}]}<\/script>\n<!-- \/ Yoast SEO plugin. -->","yoast_head_json":{"title":"La giostra della legge elettorale","description":"Lo dichiaro subito: quando si devono eleggere i rappresentanti dei cittadini (per esempio per Il Parlamento) io preferisco il sistema proporzionale.","robots":{"index":"index","follow":"follow","max-snippet":"max-snippet:-1","max-image-preview":"max-image-preview:large","max-video-preview":"max-video-preview:-1"},"canonical":"https:\/\/www.pressenza.com\/it\/2022\/02\/la-giostra-della-legge-elettorale\/","og_locale":"it_IT","og_type":"article","og_title":"La giostra della legge elettorale","og_description":"Lo dichiaro subito: quando si devono eleggere i rappresentanti dei cittadini (per esempio per Il Parlamento) io preferisco il sistema proporzionale.","og_url":"https:\/\/www.pressenza.com\/it\/2022\/02\/la-giostra-della-legge-elettorale\/","og_site_name":"Pressenza","article_publisher":"https:\/\/www.facebook.com\/PressenzaItalia","article_published_time":"2022-02-07T12:56:19+00:00","article_modified_time":"2022-02-07T20:44:37+00:00","og_image":[{"width":1000,"height":665,"url":"https:\/\/www.pressenza.com\/wp-content\/uploads\/2020\/07\/Parlamento-italiano-Flickr.jpg","type":"image\/jpeg"}],"author":"Rocco Artifoni","twitter_card":"summary_large_image","twitter_creator":"@PressenzaIPA","twitter_site":"@PressenzaIPA","twitter_misc":{"Scritto da":"Rocco Artifoni","Tempo di lettura stimato":"2 minuti"},"schema":{"@context":"https:\/\/schema.org","@graph":[{"@type":"Article","@id":"https:\/\/www.pressenza.com\/it\/2022\/02\/la-giostra-della-legge-elettorale\/#article","isPartOf":{"@id":"https:\/\/www.pressenza.com\/it\/2022\/02\/la-giostra-della-legge-elettorale\/"},"author":{"name":"Rocco Artifoni","@id":"https:\/\/www.pressenza.com\/it\/#\/schema\/person\/47253bd773bfdc8f669fc1a490a0d099"},"headline":"La giostra della legge elettorale","datePublished":"2022-02-07T12:56:19+00:00","dateModified":"2022-02-07T20:44:37+00:00","mainEntityOfPage":{"@id":"https:\/\/www.pressenza.com\/it\/2022\/02\/la-giostra-della-legge-elettorale\/"},"wordCount":505,"publisher":{"@id":"https:\/\/www.pressenza.com\/it\/#organization"},"image":{"@id":"https:\/\/www.pressenza.com\/it\/2022\/02\/la-giostra-della-legge-elettorale\/#primaryimage"},"thumbnailUrl":"https:\/\/www.pressenza.com\/wp-content\/uploads\/2020\/07\/Parlamento-italiano-Flickr.jpg","keywords":["elezioni","legge elettorale","parlamento"],"articleSection":["contenuti originali","Politica"],"inLanguage":"it-IT"},{"@type":"WebPage","@id":"https:\/\/www.pressenza.com\/it\/2022\/02\/la-giostra-della-legge-elettorale\/","url":"https:\/\/www.pressenza.com\/it\/2022\/02\/la-giostra-della-legge-elettorale\/","name":"La giostra della legge elettorale","isPartOf":{"@id":"https:\/\/www.pressenza.com\/it\/#website"},"primaryImageOfPage":{"@id":"https:\/\/www.pressenza.com\/it\/2022\/02\/la-giostra-della-legge-elettorale\/#primaryimage"},"image":{"@id":"https:\/\/www.pressenza.com\/it\/2022\/02\/la-giostra-della-legge-elettorale\/#primaryimage"},"thumbnailUrl":"https:\/\/www.pressenza.com\/wp-content\/uploads\/2020\/07\/Parlamento-italiano-Flickr.jpg","datePublished":"2022-02-07T12:56:19+00:00","dateModified":"2022-02-07T20:44:37+00:00","description":"Lo dichiaro subito: quando si devono eleggere i rappresentanti dei cittadini (per esempio per Il Parlamento) io preferisco il sistema proporzionale.","breadcrumb":{"@id":"https:\/\/www.pressenza.com\/it\/2022\/02\/la-giostra-della-legge-elettorale\/#breadcrumb"},"inLanguage":"it-IT","potentialAction":[{"@type":"ReadAction","target":["https:\/\/www.pressenza.com\/it\/2022\/02\/la-giostra-della-legge-elettorale\/"]}]},{"@type":"ImageObject","inLanguage":"it-IT","@id":"https:\/\/www.pressenza.com\/it\/2022\/02\/la-giostra-della-legge-elettorale\/#primaryimage","url":"https:\/\/www.pressenza.com\/wp-content\/uploads\/2020\/07\/Parlamento-italiano-Flickr.jpg","contentUrl":"https:\/\/www.pressenza.com\/wp-content\/uploads\/2020\/07\/Parlamento-italiano-Flickr.jpg","width":1000,"height":665},{"@type":"BreadcrumbList","@id":"https:\/\/www.pressenza.com\/it\/2022\/02\/la-giostra-della-legge-elettorale\/#breadcrumb","itemListElement":[{"@type":"ListItem","position":1,"name":"Accueil","item":"https:\/\/www.pressenza.com\/it\/"},{"@type":"ListItem","position":2,"name":"La giostra della legge elettorale"}]},{"@type":"WebSite","@id":"https:\/\/www.pressenza.com\/it\/#website","url":"https:\/\/www.pressenza.com\/it\/","name":"Pressenza","description":"Agenzia di Stampa Internazionale","publisher":{"@id":"https:\/\/www.pressenza.com\/it\/#organization"},"potentialAction":[{"@type":"SearchAction","target":{"@type":"EntryPoint","urlTemplate":"https:\/\/www.pressenza.com\/it\/?s={search_term_string}"},"query-input":{"@type":"PropertyValueSpecification","valueRequired":true,"valueName":"search_term_string"}}],"inLanguage":"it-IT"},{"@type":"Organization","@id":"https:\/\/www.pressenza.com\/it\/#organization","name":"Pressenza","url":"https:\/\/www.pressenza.com\/it\/","logo":{"@type":"ImageObject","inLanguage":"it-IT","@id":"https:\/\/www.pressenza.com\/it\/#\/schema\/logo\/image\/","url":"https:\/\/www.pressenza.com\/wp-content\/uploads\/2022\/10\/pressenza_logo_200x200.jpg","contentUrl":"https:\/\/www.pressenza.com\/wp-content\/uploads\/2022\/10\/pressenza_logo_200x200.jpg","width":200,"height":200,"caption":"Pressenza"},"image":{"@id":"https:\/\/www.pressenza.com\/it\/#\/schema\/logo\/image\/"},"sameAs":["https:\/\/www.facebook.com\/PressenzaItalia","https:\/\/x.com\/PressenzaIPA"]},{"@type":"Person","@id":"https:\/\/www.pressenza.com\/it\/#\/schema\/person\/47253bd773bfdc8f669fc1a490a0d099","name":"Rocco Artifoni","description":"Rocco Artifoni \u00e8 nato a Bergamo nel 1960. \u00c8 presidente nazionale dell\u2019Associazione per la Riduzione del Debito Pubblico (www.ardep.it) e referente per la Lombardia dell\u2019Associazione Art. 53 (www.articolo53.it). Principali appartenenze e impegni locali (provincia di Bergamo): Consiglio Direttivo della Fondazione Serughetti La Porta (www.laportabergamo.it), Comitato provinciale per l\u2019abolizione delle barriere architettoniche (www.diversabile.it), Coordinamento provinciale di Libera (www.liberabg.it), Comitato bergamasco per la difesa della Costituzione (www.salviamolacostituzione.bg.it), Scuola di educazione e formazione alla politica We Care (www.scuolawecare.it), Redazione della rivista L\u2019Incontro e delle Edizioni Gruppo Aeper (www.aeper.it). Nel 2014 ha pubblicato insieme a Filippo Pizzolato \u201cL\u2019ABC della Costituzione\u201d per le Edizioni Gruppo Aeper con prefazione di don Luigi Ciotti. Nel 2018, insieme a Francesco Gesualdi e Antonio De Lellis, per CADTM Italia ha pubblicato il dossier \u201cFisco &amp; Debito. Gli effetti delle controriforme fiscali sul nostro debito pubblico\u201d.","url":"https:\/\/www.pressenza.com\/it\/author\/rocco-artifoni\/"}]}},"place":"","original_article_url":"","_links":{"self":[{"href":"https:\/\/www.pressenza.com\/it\/wp-json\/wp\/v2\/posts\/1517220","targetHints":{"allow":["GET"]}}],"collection":[{"href":"https:\/\/www.pressenza.com\/it\/wp-json\/wp\/v2\/posts"}],"about":[{"href":"https:\/\/www.pressenza.com\/it\/wp-json\/wp\/v2\/types\/post"}],"author":[{"embeddable":true,"href":"https:\/\/www.pressenza.com\/it\/wp-json\/wp\/v2\/users\/1280"}],"replies":[{"embeddable":true,"href":"https:\/\/www.pressenza.com\/it\/wp-json\/wp\/v2\/comments?post=1517220"}],"version-history":[{"count":0,"href":"https:\/\/www.pressenza.com\/it\/wp-json\/wp\/v2\/posts\/1517220\/revisions"}],"wp:featuredmedia":[{"embeddable":true,"href":"https:\/\/www.pressenza.com\/it\/wp-json\/wp\/v2\/media\/1150296"}],"wp:attachment":[{"href":"https:\/\/www.pressenza.com\/it\/wp-json\/wp\/v2\/media?parent=1517220"}],"wp:term":[{"taxonomy":"category","embeddable":true,"href":"https:\/\/www.pressenza.com\/it\/wp-json\/wp\/v2\/categories?post=1517220"},{"taxonomy":"post_tag","embeddable":true,"href":"https:\/\/www.pressenza.com\/it\/wp-json\/wp\/v2\/tags?post=1517220"}],"curies":[{"name":"wp","href":"https:\/\/api.w.org\/{rel}","templated":true}]}}