{"id":151073,"date":"2014-12-01T14:09:07","date_gmt":"2014-12-01T14:09:07","guid":{"rendered":"http:\/\/www.pressenza.com\/?p=151073"},"modified":"2014-12-21T10:27:14","modified_gmt":"2014-12-21T10:27:14","slug":"nigeria-dilaga-il-terrore-di-boko-haram","status":"publish","type":"post","link":"https:\/\/www.pressenza.com\/it\/2014\/12\/nigeria-dilaga-il-terrore-di-boko-haram\/","title":{"rendered":"Nigeria: dilaga il terrore di Boko Haram"},"content":{"rendered":"<p style=\"text-align: justify;\"><span id=\"msgText_new_message_draft1417441222529_1509\" dir=\"ltr\"><strong><em>Almeno 676 vittime della violenza nel solo mese di novembre<\/em><\/strong><\/span><\/p>\n<p style=\"text-align: justify;\">Per la Nigeria del Nord novembre 2014 \u00e8 stato il mese pi\u00f9 sanguinoso da quando nel 2009 il gruppo estremista di stampo islamico Boko Haram ha per la prima volta fatto parlare di s\u00e9. Negli ultimi 30 giorni Boko Haram ha compiuto 19 attacchi a villaggi e citt\u00e0 nei quali sono state uccise almeno 676 persone. Il numero reale delle vittime \u00e8 con molta probabilit\u00e0 ancora pi\u00f9 alto. La difficile situazione e la mancanza di sicurezza in molti dei luoghi attaccati non ha infatti permesso il completo recupero dei corpi delle vittime.<\/p>\n<p style=\"text-align: justify;\">Lo scorso 29 novembre Boko Haram ha attaccato la Grande Moschea di Kano, la principale citt\u00e0 del Nord della Nigeria. Due kamikaze si sono fatti esplodere durante la preghiera del venerd\u00ec mentre le milizie di Boko Haram sparavano sui fedeli spaventati e in fuga. A tre giorni dall&#8217;attentato le autorit\u00e0 ancora non hanno presentato un bilancio credibile delle vittime. Secondo la polizia i morti sarebbero\u00a0 120, ma secondo diversi testimoni i morti sono almeno 200.<\/p>\n<p style=\"text-align: justify;\">Non \u00e8 la prima volta che le autorit\u00e0 nigeriane vengono accusate di manipolare al ribasso il numero delle vittime per nascondere la reale<br \/>\nportata della violenza perpetrata da Boko Haram. Polizia ed esercito nigeriani sono stati anche pi\u00f9 volte accusati di aver inventato di sana pianta comunicati su proprie vittorie in scontri armati con miliziani di Boko Haram in modo da trasmettere alla popolazione una falsa sensazione di sicurezza crescente e di evitare pesanti critiche alla loro strategia di lotta al gruppo terrorista.<\/p>\n<p style=\"text-align: justify;\">L&#8217;attacco alla moschea \u00e8 probabilmente la diretta risposta del gruppo all&#8217;appello lanciato il venerd\u00ec prima ai fedeli di resistere e combattere Boko Haram. Oltre allo spaventoso numero di morti, feriti e di ragazze rapite, Boko Haram sta distruggendo intere aree e regioni della Nigeria settentrionale. Gli attacchi di Boko Haram hanno distrutto 10.000 case, 270 chiese, moschee e scuole. Solamente nella diocesi di Maiduguri sono state chiuse 30 delle 40 scuole cattoliche a cui si aggiungono le scuole statali chiuse per mancanza di sicurezza.<\/p>\n<p style=\"text-align: justify;\">Il terrore di Boko Haram che rischia di trascinare il paese in una guerra civile sta creando ingenti danni a lungo termine che peseranno su una regione gi\u00e0 economicamente fragile. E&#8217; infine di poche ore fa la notizia dell&#8217;ennesimo attacco terroristico alla citt\u00e0 di Damaturu,\u00a0 capitale dello stato federale di Yobe, dove gli estremisti avrebbero attaccato diversi obiettivi tra cui un commissariato e compiuto l&#8217;ennesimo bagno di sangue.<\/p>\n","protected":false},"excerpt":{"rendered":"<p>Almeno 676 vittime della violenza nel solo mese di novembre Per la Nigeria del Nord novembre 2014 \u00e8 stato il mese pi\u00f9 sanguinoso da quando nel 2009 il gruppo estremista di stampo islamico Boko Haram ha per la prima volta&hellip;<\/p>\n","protected":false},"author":903,"featured_media":151079,"comment_status":"closed","ping_status":"open","sticky":false,"template":"","format":"standard","meta":{"footnotes":""},"categories":[45,150,1262],"tags":[14281,9032],"class_list":["post-151073","post","type-post","status-publish","format-standard","has-post-thumbnail","hentry","category-africa-it","category-comunicati-stampa","category-nonviolenza-argomento","tag-associazione-per-i-popoli-minacciati-2","tag-boko-haram"],"yoast_head":"<!-- This site is optimized with the Yoast SEO plugin v27.1.1 - https:\/\/yoast.com\/product\/yoast-seo-wordpress\/ -->\n<title>Nigeria: dilaga il terrore di Boko Haram<\/title>\n<meta name=\"description\" content=\"Almeno 676 vittime della violenza nel solo mese di novembre Per la Nigeria del Nord novembre 2014 \u00e8 stato il mese pi\u00f9 sanguinoso da quando nel 2009 il\" \/>\n<meta name=\"robots\" content=\"index, follow, max-snippet:-1, max-image-preview:large, max-video-preview:-1\" \/>\n<link rel=\"canonical\" href=\"https:\/\/www.pressenza.com\/it\/2014\/12\/nigeria-dilaga-il-terrore-di-boko-haram\/\" \/>\n<meta property=\"og:locale\" content=\"it_IT\" \/>\n<meta property=\"og:type\" content=\"article\" \/>\n<meta property=\"og:title\" content=\"Nigeria: dilaga il terrore di Boko Haram\" \/>\n<meta property=\"og:description\" content=\"Almeno 676 vittime della violenza nel solo mese di novembre Per la Nigeria del Nord novembre 2014 \u00e8 stato il mese pi\u00f9 sanguinoso da quando nel 2009 il\" \/>\n<meta property=\"og:url\" content=\"https:\/\/www.pressenza.com\/it\/2014\/12\/nigeria-dilaga-il-terrore-di-boko-haram\/\" \/>\n<meta property=\"og:site_name\" content=\"Pressenza\" \/>\n<meta property=\"article:publisher\" content=\"https:\/\/www.facebook.com\/PressenzaItalia\" \/>\n<meta property=\"article:author\" content=\"https:\/\/www.facebook.com\/popoliminacciati\" \/>\n<meta property=\"article:published_time\" content=\"2014-12-01T14:09:07+00:00\" \/>\n<meta property=\"article:modified_time\" content=\"2014-12-21T10:27:14+00:00\" \/>\n<meta property=\"og:image\" content=\"https:\/\/www.pressenza.com\/wp-content\/uploads\/2014\/12\/nigeria.jpg\" \/>\n\t<meta property=\"og:image:width\" content=\"795\" \/>\n\t<meta property=\"og:image:height\" content=\"530\" \/>\n\t<meta property=\"og:image:type\" content=\"image\/jpeg\" \/>\n<meta name=\"author\" content=\"Associazione per i Popoli Minacciati\" \/>\n<meta name=\"twitter:card\" content=\"summary_large_image\" \/>\n<meta name=\"twitter:creator\" content=\"@PressenzaIPA\" \/>\n<meta name=\"twitter:site\" content=\"@PressenzaIPA\" \/>\n<meta name=\"twitter:label1\" content=\"Scritto da\" \/>\n\t<meta name=\"twitter:data1\" content=\"Associazione per i Popoli Minacciati\" \/>\n\t<meta name=\"twitter:label2\" content=\"Tempo di lettura stimato\" \/>\n\t<meta name=\"twitter:data2\" content=\"2 minuti\" \/>\n<script type=\"application\/ld+json\" class=\"yoast-schema-graph\">{\"@context\":\"https:\/\/schema.org\",\"@graph\":[{\"@type\":\"Article\",\"@id\":\"https:\/\/www.pressenza.com\/it\/2014\/12\/nigeria-dilaga-il-terrore-di-boko-haram\/#article\",\"isPartOf\":{\"@id\":\"https:\/\/www.pressenza.com\/it\/2014\/12\/nigeria-dilaga-il-terrore-di-boko-haram\/\"},\"author\":{\"name\":\"Associazione per i Popoli Minacciati\",\"@id\":\"https:\/\/www.pressenza.com\/it\/#\/schema\/person\/cdd4529aa9392a0fa5dc5a848b317076\"},\"headline\":\"Nigeria: dilaga il terrore di Boko Haram\",\"datePublished\":\"2014-12-01T14:09:07+00:00\",\"dateModified\":\"2014-12-21T10:27:14+00:00\",\"mainEntityOfPage\":{\"@id\":\"https:\/\/www.pressenza.com\/it\/2014\/12\/nigeria-dilaga-il-terrore-di-boko-haram\/\"},\"wordCount\":407,\"publisher\":{\"@id\":\"https:\/\/www.pressenza.com\/it\/#organization\"},\"image\":{\"@id\":\"https:\/\/www.pressenza.com\/it\/2014\/12\/nigeria-dilaga-il-terrore-di-boko-haram\/#primaryimage\"},\"thumbnailUrl\":\"https:\/\/www.pressenza.com\/wp-content\/uploads\/2014\/12\/nigeria.jpg\",\"keywords\":[\"Associazione per i popoli minacciati\",\"Boko Haram\"],\"articleSection\":[\"Africa\",\"Comunicati Stampa\",\"Nonviolenza\"],\"inLanguage\":\"it-IT\"},{\"@type\":\"WebPage\",\"@id\":\"https:\/\/www.pressenza.com\/it\/2014\/12\/nigeria-dilaga-il-terrore-di-boko-haram\/\",\"url\":\"https:\/\/www.pressenza.com\/it\/2014\/12\/nigeria-dilaga-il-terrore-di-boko-haram\/\",\"name\":\"Nigeria: dilaga il terrore di Boko Haram\",\"isPartOf\":{\"@id\":\"https:\/\/www.pressenza.com\/it\/#website\"},\"primaryImageOfPage\":{\"@id\":\"https:\/\/www.pressenza.com\/it\/2014\/12\/nigeria-dilaga-il-terrore-di-boko-haram\/#primaryimage\"},\"image\":{\"@id\":\"https:\/\/www.pressenza.com\/it\/2014\/12\/nigeria-dilaga-il-terrore-di-boko-haram\/#primaryimage\"},\"thumbnailUrl\":\"https:\/\/www.pressenza.com\/wp-content\/uploads\/2014\/12\/nigeria.jpg\",\"datePublished\":\"2014-12-01T14:09:07+00:00\",\"dateModified\":\"2014-12-21T10:27:14+00:00\",\"description\":\"Almeno 676 vittime della violenza nel solo mese di novembre Per la Nigeria del Nord novembre 2014 \u00e8 stato il mese pi\u00f9 sanguinoso da quando nel 2009 il\",\"breadcrumb\":{\"@id\":\"https:\/\/www.pressenza.com\/it\/2014\/12\/nigeria-dilaga-il-terrore-di-boko-haram\/#breadcrumb\"},\"inLanguage\":\"it-IT\",\"potentialAction\":[{\"@type\":\"ReadAction\",\"target\":[\"https:\/\/www.pressenza.com\/it\/2014\/12\/nigeria-dilaga-il-terrore-di-boko-haram\/\"]}]},{\"@type\":\"ImageObject\",\"inLanguage\":\"it-IT\",\"@id\":\"https:\/\/www.pressenza.com\/it\/2014\/12\/nigeria-dilaga-il-terrore-di-boko-haram\/#primaryimage\",\"url\":\"https:\/\/www.pressenza.com\/wp-content\/uploads\/2014\/12\/nigeria.jpg\",\"contentUrl\":\"https:\/\/www.pressenza.com\/wp-content\/uploads\/2014\/12\/nigeria.jpg\",\"width\":795,\"height\":530},{\"@type\":\"BreadcrumbList\",\"@id\":\"https:\/\/www.pressenza.com\/it\/2014\/12\/nigeria-dilaga-il-terrore-di-boko-haram\/#breadcrumb\",\"itemListElement\":[{\"@type\":\"ListItem\",\"position\":1,\"name\":\"Accueil\",\"item\":\"https:\/\/www.pressenza.com\/it\/\"},{\"@type\":\"ListItem\",\"position\":2,\"name\":\"Nigeria: dilaga il terrore di Boko Haram\"}]},{\"@type\":\"WebSite\",\"@id\":\"https:\/\/www.pressenza.com\/it\/#website\",\"url\":\"https:\/\/www.pressenza.com\/it\/\",\"name\":\"Pressenza\",\"description\":\"Agenzia di Stampa Internazionale\",\"publisher\":{\"@id\":\"https:\/\/www.pressenza.com\/it\/#organization\"},\"potentialAction\":[{\"@type\":\"SearchAction\",\"target\":{\"@type\":\"EntryPoint\",\"urlTemplate\":\"https:\/\/www.pressenza.com\/it\/?s={search_term_string}\"},\"query-input\":{\"@type\":\"PropertyValueSpecification\",\"valueRequired\":true,\"valueName\":\"search_term_string\"}}],\"inLanguage\":\"it-IT\"},{\"@type\":\"Organization\",\"@id\":\"https:\/\/www.pressenza.com\/it\/#organization\",\"name\":\"Pressenza\",\"url\":\"https:\/\/www.pressenza.com\/it\/\",\"logo\":{\"@type\":\"ImageObject\",\"inLanguage\":\"it-IT\",\"@id\":\"https:\/\/www.pressenza.com\/it\/#\/schema\/logo\/image\/\",\"url\":\"https:\/\/www.pressenza.com\/wp-content\/uploads\/2022\/10\/pressenza_logo_200x200.jpg\",\"contentUrl\":\"https:\/\/www.pressenza.com\/wp-content\/uploads\/2022\/10\/pressenza_logo_200x200.jpg\",\"width\":200,\"height\":200,\"caption\":\"Pressenza\"},\"image\":{\"@id\":\"https:\/\/www.pressenza.com\/it\/#\/schema\/logo\/image\/\"},\"sameAs\":[\"https:\/\/www.facebook.com\/PressenzaItalia\",\"https:\/\/x.com\/PressenzaIPA\"]},{\"@type\":\"Person\",\"@id\":\"https:\/\/www.pressenza.com\/it\/#\/schema\/person\/cdd4529aa9392a0fa5dc5a848b317076\",\"name\":\"Associazione per i Popoli Minacciati\",\"description\":\"L'APM d\u00e0 voce alle vittime delle violazioni dei diritti umani. Assieme alle vittime, ci impegniamo per i diritti delle minoranze etniche, linguistiche e religiose minacciate e perseguitate, dei popoli senza Stato e delle comunit\u00e0 dei popoli indigeni. Senza condizionamenti politici o ideologici rendiamo noti crimini contro l'umanit\u00e0 e accusiamo i responsabili di genocidi, di esodi di massa, di repressioni, di persecuzioni e di discriminazioni. Siamo sempre dalla parte delle vittime di arbitr\u00ee e violenze. Con il nostro stato consultivo presso le Nazioni Unite abbiamo il diritto di parola alle Conferenze internazionali. In questo modo consentiamo ai rappresentanti di queste minoranze l'accesso agli organi dell'ONU. La nostra organizzazione lavora al livello internazionale: l'APM si trova in Germania, Italia (Sudtirolo), Francia, Svizzera, Austria, Lussemburgo e Bosnia-Herzegowina. www.gfbv.it\",\"sameAs\":[\"http:\/\/www.gfbv.it\/\",\"https:\/\/www.facebook.com\/popoliminacciati\"],\"url\":\"https:\/\/www.pressenza.com\/it\/author\/associazione-per-i-popoli-minacciati\/\"}]}<\/script>\n<!-- \/ Yoast SEO plugin. -->","yoast_head_json":{"title":"Nigeria: dilaga il terrore di Boko Haram","description":"Almeno 676 vittime della violenza nel solo mese di novembre Per la Nigeria del Nord novembre 2014 \u00e8 stato il mese pi\u00f9 sanguinoso da quando nel 2009 il","robots":{"index":"index","follow":"follow","max-snippet":"max-snippet:-1","max-image-preview":"max-image-preview:large","max-video-preview":"max-video-preview:-1"},"canonical":"https:\/\/www.pressenza.com\/it\/2014\/12\/nigeria-dilaga-il-terrore-di-boko-haram\/","og_locale":"it_IT","og_type":"article","og_title":"Nigeria: dilaga il terrore di Boko Haram","og_description":"Almeno 676 vittime della violenza nel solo mese di novembre Per la Nigeria del Nord novembre 2014 \u00e8 stato il mese pi\u00f9 sanguinoso da quando nel 2009 il","og_url":"https:\/\/www.pressenza.com\/it\/2014\/12\/nigeria-dilaga-il-terrore-di-boko-haram\/","og_site_name":"Pressenza","article_publisher":"https:\/\/www.facebook.com\/PressenzaItalia","article_author":"https:\/\/www.facebook.com\/popoliminacciati","article_published_time":"2014-12-01T14:09:07+00:00","article_modified_time":"2014-12-21T10:27:14+00:00","og_image":[{"width":795,"height":530,"url":"https:\/\/www.pressenza.com\/wp-content\/uploads\/2014\/12\/nigeria.jpg","type":"image\/jpeg"}],"author":"Associazione per i Popoli Minacciati","twitter_card":"summary_large_image","twitter_creator":"@PressenzaIPA","twitter_site":"@PressenzaIPA","twitter_misc":{"Scritto da":"Associazione per i Popoli Minacciati","Tempo di lettura stimato":"2 minuti"},"schema":{"@context":"https:\/\/schema.org","@graph":[{"@type":"Article","@id":"https:\/\/www.pressenza.com\/it\/2014\/12\/nigeria-dilaga-il-terrore-di-boko-haram\/#article","isPartOf":{"@id":"https:\/\/www.pressenza.com\/it\/2014\/12\/nigeria-dilaga-il-terrore-di-boko-haram\/"},"author":{"name":"Associazione per i Popoli Minacciati","@id":"https:\/\/www.pressenza.com\/it\/#\/schema\/person\/cdd4529aa9392a0fa5dc5a848b317076"},"headline":"Nigeria: dilaga il terrore di Boko Haram","datePublished":"2014-12-01T14:09:07+00:00","dateModified":"2014-12-21T10:27:14+00:00","mainEntityOfPage":{"@id":"https:\/\/www.pressenza.com\/it\/2014\/12\/nigeria-dilaga-il-terrore-di-boko-haram\/"},"wordCount":407,"publisher":{"@id":"https:\/\/www.pressenza.com\/it\/#organization"},"image":{"@id":"https:\/\/www.pressenza.com\/it\/2014\/12\/nigeria-dilaga-il-terrore-di-boko-haram\/#primaryimage"},"thumbnailUrl":"https:\/\/www.pressenza.com\/wp-content\/uploads\/2014\/12\/nigeria.jpg","keywords":["Associazione per i popoli minacciati","Boko Haram"],"articleSection":["Africa","Comunicati Stampa","Nonviolenza"],"inLanguage":"it-IT"},{"@type":"WebPage","@id":"https:\/\/www.pressenza.com\/it\/2014\/12\/nigeria-dilaga-il-terrore-di-boko-haram\/","url":"https:\/\/www.pressenza.com\/it\/2014\/12\/nigeria-dilaga-il-terrore-di-boko-haram\/","name":"Nigeria: dilaga il terrore di Boko Haram","isPartOf":{"@id":"https:\/\/www.pressenza.com\/it\/#website"},"primaryImageOfPage":{"@id":"https:\/\/www.pressenza.com\/it\/2014\/12\/nigeria-dilaga-il-terrore-di-boko-haram\/#primaryimage"},"image":{"@id":"https:\/\/www.pressenza.com\/it\/2014\/12\/nigeria-dilaga-il-terrore-di-boko-haram\/#primaryimage"},"thumbnailUrl":"https:\/\/www.pressenza.com\/wp-content\/uploads\/2014\/12\/nigeria.jpg","datePublished":"2014-12-01T14:09:07+00:00","dateModified":"2014-12-21T10:27:14+00:00","description":"Almeno 676 vittime della violenza nel solo mese di novembre Per la Nigeria del Nord novembre 2014 \u00e8 stato il mese pi\u00f9 sanguinoso da quando nel 2009 il","breadcrumb":{"@id":"https:\/\/www.pressenza.com\/it\/2014\/12\/nigeria-dilaga-il-terrore-di-boko-haram\/#breadcrumb"},"inLanguage":"it-IT","potentialAction":[{"@type":"ReadAction","target":["https:\/\/www.pressenza.com\/it\/2014\/12\/nigeria-dilaga-il-terrore-di-boko-haram\/"]}]},{"@type":"ImageObject","inLanguage":"it-IT","@id":"https:\/\/www.pressenza.com\/it\/2014\/12\/nigeria-dilaga-il-terrore-di-boko-haram\/#primaryimage","url":"https:\/\/www.pressenza.com\/wp-content\/uploads\/2014\/12\/nigeria.jpg","contentUrl":"https:\/\/www.pressenza.com\/wp-content\/uploads\/2014\/12\/nigeria.jpg","width":795,"height":530},{"@type":"BreadcrumbList","@id":"https:\/\/www.pressenza.com\/it\/2014\/12\/nigeria-dilaga-il-terrore-di-boko-haram\/#breadcrumb","itemListElement":[{"@type":"ListItem","position":1,"name":"Accueil","item":"https:\/\/www.pressenza.com\/it\/"},{"@type":"ListItem","position":2,"name":"Nigeria: dilaga il terrore di Boko Haram"}]},{"@type":"WebSite","@id":"https:\/\/www.pressenza.com\/it\/#website","url":"https:\/\/www.pressenza.com\/it\/","name":"Pressenza","description":"Agenzia di Stampa Internazionale","publisher":{"@id":"https:\/\/www.pressenza.com\/it\/#organization"},"potentialAction":[{"@type":"SearchAction","target":{"@type":"EntryPoint","urlTemplate":"https:\/\/www.pressenza.com\/it\/?s={search_term_string}"},"query-input":{"@type":"PropertyValueSpecification","valueRequired":true,"valueName":"search_term_string"}}],"inLanguage":"it-IT"},{"@type":"Organization","@id":"https:\/\/www.pressenza.com\/it\/#organization","name":"Pressenza","url":"https:\/\/www.pressenza.com\/it\/","logo":{"@type":"ImageObject","inLanguage":"it-IT","@id":"https:\/\/www.pressenza.com\/it\/#\/schema\/logo\/image\/","url":"https:\/\/www.pressenza.com\/wp-content\/uploads\/2022\/10\/pressenza_logo_200x200.jpg","contentUrl":"https:\/\/www.pressenza.com\/wp-content\/uploads\/2022\/10\/pressenza_logo_200x200.jpg","width":200,"height":200,"caption":"Pressenza"},"image":{"@id":"https:\/\/www.pressenza.com\/it\/#\/schema\/logo\/image\/"},"sameAs":["https:\/\/www.facebook.com\/PressenzaItalia","https:\/\/x.com\/PressenzaIPA"]},{"@type":"Person","@id":"https:\/\/www.pressenza.com\/it\/#\/schema\/person\/cdd4529aa9392a0fa5dc5a848b317076","name":"Associazione per i Popoli Minacciati","description":"L'APM d\u00e0 voce alle vittime delle violazioni dei diritti umani. Assieme alle vittime, ci impegniamo per i diritti delle minoranze etniche, linguistiche e religiose minacciate e perseguitate, dei popoli senza Stato e delle comunit\u00e0 dei popoli indigeni. Senza condizionamenti politici o ideologici rendiamo noti crimini contro l'umanit\u00e0 e accusiamo i responsabili di genocidi, di esodi di massa, di repressioni, di persecuzioni e di discriminazioni. Siamo sempre dalla parte delle vittime di arbitr\u00ee e violenze. Con il nostro stato consultivo presso le Nazioni Unite abbiamo il diritto di parola alle Conferenze internazionali. In questo modo consentiamo ai rappresentanti di queste minoranze l'accesso agli organi dell'ONU. La nostra organizzazione lavora al livello internazionale: l'APM si trova in Germania, Italia (Sudtirolo), Francia, Svizzera, Austria, Lussemburgo e Bosnia-Herzegowina. www.gfbv.it","sameAs":["http:\/\/www.gfbv.it\/","https:\/\/www.facebook.com\/popoliminacciati"],"url":"https:\/\/www.pressenza.com\/it\/author\/associazione-per-i-popoli-minacciati\/"}]}},"place":"","original_article_url":"","_links":{"self":[{"href":"https:\/\/www.pressenza.com\/it\/wp-json\/wp\/v2\/posts\/151073","targetHints":{"allow":["GET"]}}],"collection":[{"href":"https:\/\/www.pressenza.com\/it\/wp-json\/wp\/v2\/posts"}],"about":[{"href":"https:\/\/www.pressenza.com\/it\/wp-json\/wp\/v2\/types\/post"}],"author":[{"embeddable":true,"href":"https:\/\/www.pressenza.com\/it\/wp-json\/wp\/v2\/users\/903"}],"replies":[{"embeddable":true,"href":"https:\/\/www.pressenza.com\/it\/wp-json\/wp\/v2\/comments?post=151073"}],"version-history":[{"count":0,"href":"https:\/\/www.pressenza.com\/it\/wp-json\/wp\/v2\/posts\/151073\/revisions"}],"wp:featuredmedia":[{"embeddable":true,"href":"https:\/\/www.pressenza.com\/it\/wp-json\/wp\/v2\/media\/151079"}],"wp:attachment":[{"href":"https:\/\/www.pressenza.com\/it\/wp-json\/wp\/v2\/media?parent=151073"}],"wp:term":[{"taxonomy":"category","embeddable":true,"href":"https:\/\/www.pressenza.com\/it\/wp-json\/wp\/v2\/categories?post=151073"},{"taxonomy":"post_tag","embeddable":true,"href":"https:\/\/www.pressenza.com\/it\/wp-json\/wp\/v2\/tags?post=151073"}],"curies":[{"name":"wp","href":"https:\/\/api.w.org\/{rel}","templated":true}]}}