{"id":1503781,"date":"2022-01-16T10:10:16","date_gmt":"2022-01-16T10:10:16","guid":{"rendered":"https:\/\/www.pressenza.com\/?p=1503781"},"modified":"2022-01-16T10:26:25","modified_gmt":"2022-01-16T10:26:25","slug":"gianni-girotto-no-a-nucleare-e-gas-nella-tassonomia-la-soluzione-sono-le-rinnovabili-e-lefficienza-energetica","status":"publish","type":"post","link":"https:\/\/www.pressenza.com\/it\/2022\/01\/gianni-girotto-no-a-nucleare-e-gas-nella-tassonomia-la-soluzione-sono-le-rinnovabili-e-lefficienza-energetica\/","title":{"rendered":"Gianni Girotto: no a nucleare e gas nella tassonomia, la soluzione sono le rinnovabili e l\u2019efficienza energetica"},"content":{"rendered":"<p align=\"left\"><i>Gianni Girotto, senatore del M5S, \u00e8 primo firmatario di una mozione per non chiedere al Governo di battersi affinch\u00e9 gas e nucleare non siano introdotti nella tassonomia verde dell\u2019Unione Europea.<\/i><\/p>\n<p align=\"left\"><strong>Qual \u00e8 lo stato della situazione e quanto tempo resta?<\/strong><\/p>\n<p align=\"left\">La questione della tassonomia verde Inizia a maggio 2018 con la prima proposta di regolamento; in questa prima proposta mancano gas e nucleare. Parte un&#8217;attivit\u00e0 di approfondimento che si conclude il 31 dicembre 2021 quando la Commissione Europea emana un nuovo atto complementare inserendo anche gas e nucleare, identificando tre attivit\u00e0 permesse: per il nucleare include la ricerca e lo sviluppo di tecnologie per minimizzare le scorie radioattive, la realizzazione di impianti nucleari di nuova generazione e l&#8217;estensione del funzionamento di attuali impianti; per il gas ammette le attivit\u00e0 di produzione di elettricit\u00e0, la coproduzione ad alta efficienza di calore e freddo e un sistema efficiente di teleriscaldamento.<\/p>\n<p align=\"left\">A questo punto si invitano gli stati membri a dare il loro parere entro il 19 gennaio; in seguito la Commissione avr\u00e0 tempo fino a fine gennaio per adottare l&#8217;atto e sottoporlo al Consiglio e al Parlamento Europeo che avranno tre mesi di tempo per eventualmente opporre un veto.<\/p>\n<p align=\"left\"><b>La questione \u00e8 stata sollevata dai movimenti ed anche da altre forze politiche che appoggiano il governo: come si sta muovendo il governo in questo momento?<\/b><\/p>\n<p align=\"left\">Il Partito Democratico si \u00e8 espresso per il no, cos\u00ec come LEU mentre Lega e Forza Italia sono favorevoli. Il governo? A parte le dichiarazioni di Cingolani che dice che \u00e8 necessario proseguire l&#8217;attivit\u00e0 di studio (a cui io ho replicato l\u2019altro giorno dicendo che c\u2019\u00e8 gi\u00e0 nella tassonomia una clausola generale che dice che sono inclusi studi e ricerche per abbassare le emissioni CO2) siamo appunto in attesa che esprimano formalmente loro posizione. Intanto come M5S abbiamo depositato ieri ennesima mozione contraria ad inserimento gas e nucleare nella tassonomia. E ribadisco che non si tratta di vietarle, ma &#8220;solo&#8221; definirle non ecosostenibili.<\/p>\n<p align=\"left\"><b>Il tema si innesta nella pi\u00f9 complessa questione della transizione energetica: tu da tempo ti batti per le comunit\u00e0 energetiche, come stanno andando?<\/b><\/p>\n<p align=\"left\">Il &#8220;problema&#8221; delle comunit\u00e0 energetiche, che sono un&#8217;enorme nuovo strumento di autoproduzione e risparmi, \u00e8 molto semplice: manca la conoscenza. La gente, gli imprenditori, gli Enti Pubblici non sanno che ORA esistono (prima erano vietate). Io \u00e8 un anno che ne parlo\u2026 chiaramente la pandemia ha prosciugato le risorse economiche e mentali; quel po&#8217; di risorse che c&#8217;erano sono state giustamente indirizzate verso il superbonus che ha una scadenza e quindi bisogna correre al massimo per usufruirne, ed \u00e8 di immediata comprensione, mentre per le Comunit\u00e0 ci vuole un po&#8217; pi\u00f9 di organizzazione, ci vuole uno scatto mentale di impegno per riuscire a capire l&#8217;enorme vantaggio che il loro sviluppo comporterebbe. Per cui al di l\u00e0 di diverse decine di iniziative che sono gi\u00e0 nate, manca la conoscenza diffusa, ripeto.<\/p>\n<p align=\"left\">Condivido pertanto due realt\u00e0 significative: 100 condomini\/comunit\u00e0 energetiche a Pinerolo messe in moto da Acea in contemporanea al super bonus, cosa che si pu\u00f2 fare; 50 comunit\u00e0 energetiche che stanno nascendo all&#8217;interno del Consorzio dei comuni dalle comunit\u00e0 collinare del Friuli Venezia Giulia, sono 18 comuni consorziati che hanno gi\u00e0 deliberato e stanziato soldi per la costruzione dei necessari impianti.<\/p>\n<p align=\"left\">Vorrei aggiungere che assisto a un assordante silenzio da parte del mainstream mediatico, che parla tanto di allarme bollette, prezzo bollette, emergenza bollette e da un anno e mezzo, con pochissime eccezioni, non parla di comunit\u00e0 energetiche; un assordante silenzio soprattutto da parte della Rai, alla faccia del &#8220;servizio pubblico&#8221; (ah non la dirigiamo noi la Rai, e nemmeno gli altri Partiti ci consentono di riformarla).<\/p>\n<p align=\"left\"><b>Da molte parti si agita lo spauracchio che occuparsi seriamente della crisi ecologica comporter\u00e0 l&#8217;aumento delle bollette: come rispondi a questa obiezione e come, secondo te, si pu\u00f2 fare affinch\u00e9 l&#8217;energia sia pulita ed economica?<\/b><\/p>\n<p align=\"left\">La crisi delle bollette non \u00e8 stata causata dalla transizione ecologica, \u00e8 stata causata principalmente dal covid-19 e dalle sue conseguenze. Poi naturalmente vi \u00e8, \u00e8 vero, anche il fatto che la Cina sta chiudendo con il carbone e quindi ha aumentato moltissimo l&#8217;acquisto di gas, ma senza la contemporaneit\u00e0 del Covid la cosa sarebbe stata decisamente meglio assorbita dal mercato.<\/p>\n<p align=\"left\">L&#8217;aumento delle bollette si risolve con la transizione alle energie pulite e rinnovabili e con il risparmio energetico, e questo \u00e8 detto proprio dall\u2019Unione Europea nel documento sulla tassonomia.<\/p>\n<p align=\"left\">Noi stiamo scrivendo una mozione elencando una decina di proposte e strumenti per abbassare il costo dell&#8217;energia ma bisogna dire che non ci sono bacchette magiche, non ci sono soluzioni indolori. In natura nessun pasto \u00e8 gratis. Bisogna insistere e accelerare sulle energie rinnovabili; questo non vuol dire abbandonare il gas domani o di chiudere le centrali oggi, ma \u00e8 un dato di fatto che pi\u00f9 energia rinnovabile si produce e pi\u00f9 si abbassa il prezzo all\u2019ingrosso dell&#8217;energia; pi\u00f9 si fanno centrali localizzate con le comunit\u00e0 energetiche e pi\u00f9 si abbassano i costi strutturali della rete che sono sono costi miliardari che incidono sulle bollette dei cittadini.<\/p>\n<p align=\"left\">Parallelamente si deve proseguire lo sviluppo dell&#8217;efficienza energetica. E qui condivido che ho appena depositato una interrogazione sui certificati bianchi che sono un\u2019altra soluzione di efficienza energetica, per sollecitarne la riforma.<\/p>\n","protected":false},"excerpt":{"rendered":"<p>Gianni Girotto, senatore del M5S, \u00e8 primo firmatario di una mozione per non chiedere al Governo di battersi affinch\u00e9 gas e nucleare non siano introdotti nella tassonomia verde dell\u2019Unione Europea. Qual \u00e8 lo stato della situazione e quanto tempo resta?&hellip;<\/p>\n","protected":false},"author":10,"featured_media":1335936,"comment_status":"closed","ping_status":"closed","sticky":false,"template":"","format":"standard","meta":{"footnotes":""},"categories":[11388,59,47,157,55],"tags":[894,1781,7910,8873,4550,96792],"class_list":["post-1503781","post","type-post","status-publish","format-standard","has-post-thumbnail","hentry","category-contenuti-originali","category-ambiente-ecologia","category-europa","category-interviste","category-politica","tag-energia-nucleare","tag-energie-rinnovabili","tag-gas","tag-gianni-girotto","tag-m5s","tag-tassonomia-ue"],"yoast_head":"<!-- This site is optimized with the Yoast SEO plugin v27.1.1 - https:\/\/yoast.com\/product\/yoast-seo-wordpress\/ -->\n<title>Gianni Girotto: no a nucleare e gas nella tassonomia, la soluzione sono le rinnovabili e l\u2019efficienza energetica<\/title>\n<meta name=\"description\" content=\"Gianni Girotto, senatore del M5S, \u00e8 primo firmatario di una mozione per non chiedere al Governo di battersi affinch\u00e9 gas e nucleare non siano introdotti\" \/>\n<meta name=\"robots\" content=\"index, follow, max-snippet:-1, max-image-preview:large, max-video-preview:-1\" \/>\n<link rel=\"canonical\" href=\"https:\/\/www.pressenza.com\/it\/2022\/01\/gianni-girotto-no-a-nucleare-e-gas-nella-tassonomia-la-soluzione-sono-le-rinnovabili-e-lefficienza-energetica\/\" \/>\n<meta property=\"og:locale\" content=\"it_IT\" \/>\n<meta property=\"og:type\" content=\"article\" \/>\n<meta property=\"og:title\" content=\"Gianni Girotto: no a nucleare e gas nella tassonomia, la soluzione sono le rinnovabili e l\u2019efficienza energetica\" \/>\n<meta property=\"og:description\" content=\"Gianni Girotto, senatore del M5S, \u00e8 primo firmatario di una mozione per non chiedere al Governo di battersi affinch\u00e9 gas e nucleare non siano introdotti\" \/>\n<meta property=\"og:url\" content=\"https:\/\/www.pressenza.com\/it\/2022\/01\/gianni-girotto-no-a-nucleare-e-gas-nella-tassonomia-la-soluzione-sono-le-rinnovabili-e-lefficienza-energetica\/\" \/>\n<meta property=\"og:site_name\" content=\"Pressenza\" \/>\n<meta property=\"article:publisher\" content=\"https:\/\/www.facebook.com\/PressenzaItalia\" \/>\n<meta property=\"article:published_time\" content=\"2022-01-16T10:10:16+00:00\" \/>\n<meta property=\"article:modified_time\" content=\"2022-01-16T10:26:25+00:00\" \/>\n<meta property=\"og:image\" content=\"https:\/\/www.pressenza.com\/wp-content\/uploads\/2021\/04\/Central-nuclear-1.jpg\" \/>\n\t<meta property=\"og:image:width\" content=\"1024\" \/>\n\t<meta property=\"og:image:height\" content=\"585\" \/>\n\t<meta property=\"og:image:type\" content=\"image\/jpeg\" \/>\n<meta name=\"author\" content=\"Olivier Turquet\" \/>\n<meta name=\"twitter:card\" content=\"summary_large_image\" \/>\n<meta name=\"twitter:creator\" content=\"@PressenzaIPA\" \/>\n<meta name=\"twitter:site\" content=\"@PressenzaIPA\" \/>\n<meta name=\"twitter:label1\" content=\"Scritto da\" \/>\n\t<meta name=\"twitter:data1\" content=\"Olivier Turquet\" \/>\n\t<meta name=\"twitter:label2\" content=\"Tempo di lettura stimato\" \/>\n\t<meta name=\"twitter:data2\" content=\"4 minuti\" \/>\n<script type=\"application\/ld+json\" class=\"yoast-schema-graph\">{\"@context\":\"https:\/\/schema.org\",\"@graph\":[{\"@type\":\"Article\",\"@id\":\"https:\/\/www.pressenza.com\/it\/2022\/01\/gianni-girotto-no-a-nucleare-e-gas-nella-tassonomia-la-soluzione-sono-le-rinnovabili-e-lefficienza-energetica\/#article\",\"isPartOf\":{\"@id\":\"https:\/\/www.pressenza.com\/it\/2022\/01\/gianni-girotto-no-a-nucleare-e-gas-nella-tassonomia-la-soluzione-sono-le-rinnovabili-e-lefficienza-energetica\/\"},\"author\":{\"name\":\"Olivier Turquet\",\"@id\":\"https:\/\/www.pressenza.com\/it\/#\/schema\/person\/636f8feb51f63f34e7378d5fcdd1de53\"},\"headline\":\"Gianni Girotto: no a nucleare e gas nella tassonomia, la soluzione sono le rinnovabili e l\u2019efficienza energetica\",\"datePublished\":\"2022-01-16T10:10:16+00:00\",\"dateModified\":\"2022-01-16T10:26:25+00:00\",\"mainEntityOfPage\":{\"@id\":\"https:\/\/www.pressenza.com\/it\/2022\/01\/gianni-girotto-no-a-nucleare-e-gas-nella-tassonomia-la-soluzione-sono-le-rinnovabili-e-lefficienza-energetica\/\"},\"wordCount\":887,\"publisher\":{\"@id\":\"https:\/\/www.pressenza.com\/it\/#organization\"},\"image\":{\"@id\":\"https:\/\/www.pressenza.com\/it\/2022\/01\/gianni-girotto-no-a-nucleare-e-gas-nella-tassonomia-la-soluzione-sono-le-rinnovabili-e-lefficienza-energetica\/#primaryimage\"},\"thumbnailUrl\":\"https:\/\/www.pressenza.com\/wp-content\/uploads\/2021\/04\/Central-nuclear-1.jpg\",\"keywords\":[\"Energia nucleare\",\"energie rinnovabili\",\"Gas\",\"Gianni Girotto\",\"M5S\",\"tassonomia UE\"],\"articleSection\":[\"contenuti originali\",\"Ecologia ed Ambiente\",\"Europa\",\"Interviste\",\"Politica\"],\"inLanguage\":\"it-IT\"},{\"@type\":\"WebPage\",\"@id\":\"https:\/\/www.pressenza.com\/it\/2022\/01\/gianni-girotto-no-a-nucleare-e-gas-nella-tassonomia-la-soluzione-sono-le-rinnovabili-e-lefficienza-energetica\/\",\"url\":\"https:\/\/www.pressenza.com\/it\/2022\/01\/gianni-girotto-no-a-nucleare-e-gas-nella-tassonomia-la-soluzione-sono-le-rinnovabili-e-lefficienza-energetica\/\",\"name\":\"Gianni Girotto: no a nucleare e gas nella tassonomia, la soluzione sono le rinnovabili e l\u2019efficienza energetica\",\"isPartOf\":{\"@id\":\"https:\/\/www.pressenza.com\/it\/#website\"},\"primaryImageOfPage\":{\"@id\":\"https:\/\/www.pressenza.com\/it\/2022\/01\/gianni-girotto-no-a-nucleare-e-gas-nella-tassonomia-la-soluzione-sono-le-rinnovabili-e-lefficienza-energetica\/#primaryimage\"},\"image\":{\"@id\":\"https:\/\/www.pressenza.com\/it\/2022\/01\/gianni-girotto-no-a-nucleare-e-gas-nella-tassonomia-la-soluzione-sono-le-rinnovabili-e-lefficienza-energetica\/#primaryimage\"},\"thumbnailUrl\":\"https:\/\/www.pressenza.com\/wp-content\/uploads\/2021\/04\/Central-nuclear-1.jpg\",\"datePublished\":\"2022-01-16T10:10:16+00:00\",\"dateModified\":\"2022-01-16T10:26:25+00:00\",\"description\":\"Gianni Girotto, senatore del M5S, \u00e8 primo firmatario di una mozione per non chiedere al Governo di battersi affinch\u00e9 gas e nucleare non siano introdotti\",\"breadcrumb\":{\"@id\":\"https:\/\/www.pressenza.com\/it\/2022\/01\/gianni-girotto-no-a-nucleare-e-gas-nella-tassonomia-la-soluzione-sono-le-rinnovabili-e-lefficienza-energetica\/#breadcrumb\"},\"inLanguage\":\"it-IT\",\"potentialAction\":[{\"@type\":\"ReadAction\",\"target\":[\"https:\/\/www.pressenza.com\/it\/2022\/01\/gianni-girotto-no-a-nucleare-e-gas-nella-tassonomia-la-soluzione-sono-le-rinnovabili-e-lefficienza-energetica\/\"]}]},{\"@type\":\"ImageObject\",\"inLanguage\":\"it-IT\",\"@id\":\"https:\/\/www.pressenza.com\/it\/2022\/01\/gianni-girotto-no-a-nucleare-e-gas-nella-tassonomia-la-soluzione-sono-le-rinnovabili-e-lefficienza-energetica\/#primaryimage\",\"url\":\"https:\/\/www.pressenza.com\/wp-content\/uploads\/2021\/04\/Central-nuclear-1.jpg\",\"contentUrl\":\"https:\/\/www.pressenza.com\/wp-content\/uploads\/2021\/04\/Central-nuclear-1.jpg\",\"width\":1024,\"height\":585,\"caption\":\"La energ\u00eda nuclear no es segura, ni barata\"},{\"@type\":\"BreadcrumbList\",\"@id\":\"https:\/\/www.pressenza.com\/it\/2022\/01\/gianni-girotto-no-a-nucleare-e-gas-nella-tassonomia-la-soluzione-sono-le-rinnovabili-e-lefficienza-energetica\/#breadcrumb\",\"itemListElement\":[{\"@type\":\"ListItem\",\"position\":1,\"name\":\"Accueil\",\"item\":\"https:\/\/www.pressenza.com\/it\/\"},{\"@type\":\"ListItem\",\"position\":2,\"name\":\"Gianni Girotto: no a nucleare e gas nella tassonomia, la soluzione sono le rinnovabili e l\u2019efficienza energetica\"}]},{\"@type\":\"WebSite\",\"@id\":\"https:\/\/www.pressenza.com\/it\/#website\",\"url\":\"https:\/\/www.pressenza.com\/it\/\",\"name\":\"Pressenza\",\"description\":\"Agenzia di Stampa Internazionale\",\"publisher\":{\"@id\":\"https:\/\/www.pressenza.com\/it\/#organization\"},\"potentialAction\":[{\"@type\":\"SearchAction\",\"target\":{\"@type\":\"EntryPoint\",\"urlTemplate\":\"https:\/\/www.pressenza.com\/it\/?s={search_term_string}\"},\"query-input\":{\"@type\":\"PropertyValueSpecification\",\"valueRequired\":true,\"valueName\":\"search_term_string\"}}],\"inLanguage\":\"it-IT\"},{\"@type\":\"Organization\",\"@id\":\"https:\/\/www.pressenza.com\/it\/#organization\",\"name\":\"Pressenza\",\"url\":\"https:\/\/www.pressenza.com\/it\/\",\"logo\":{\"@type\":\"ImageObject\",\"inLanguage\":\"it-IT\",\"@id\":\"https:\/\/www.pressenza.com\/it\/#\/schema\/logo\/image\/\",\"url\":\"https:\/\/www.pressenza.com\/wp-content\/uploads\/2022\/10\/pressenza_logo_200x200.jpg\",\"contentUrl\":\"https:\/\/www.pressenza.com\/wp-content\/uploads\/2022\/10\/pressenza_logo_200x200.jpg\",\"width\":200,\"height\":200,\"caption\":\"Pressenza\"},\"image\":{\"@id\":\"https:\/\/www.pressenza.com\/it\/#\/schema\/logo\/image\/\"},\"sameAs\":[\"https:\/\/www.facebook.com\/PressenzaItalia\",\"https:\/\/x.com\/PressenzaIPA\"]},{\"@type\":\"Person\",\"@id\":\"https:\/\/www.pressenza.com\/it\/#\/schema\/person\/636f8feb51f63f34e7378d5fcdd1de53\",\"name\":\"Olivier Turquet\",\"description\":\"Takes care of writing to tell the reality for about 40 years. He has worked with paper publications, radio and electronic He founded the electronic news agency humanist Good News. He was press secretary to various events such as: the International Humanist, Florence Play, the World March for Peace and Nonviolence. Currently coordinates the Italian team of Pressenza. olivierturquet.wordpress.com\",\"sameAs\":[\"http:\/\/olivierturquet.wordpress.com\"],\"url\":\"https:\/\/www.pressenza.com\/it\/author\/olivier-turquet\/\"}]}<\/script>\n<!-- \/ Yoast SEO plugin. -->","yoast_head_json":{"title":"Gianni Girotto: no a nucleare e gas nella tassonomia, la soluzione sono le rinnovabili e l\u2019efficienza energetica","description":"Gianni Girotto, senatore del M5S, \u00e8 primo firmatario di una mozione per non chiedere al Governo di battersi affinch\u00e9 gas e nucleare non siano introdotti","robots":{"index":"index","follow":"follow","max-snippet":"max-snippet:-1","max-image-preview":"max-image-preview:large","max-video-preview":"max-video-preview:-1"},"canonical":"https:\/\/www.pressenza.com\/it\/2022\/01\/gianni-girotto-no-a-nucleare-e-gas-nella-tassonomia-la-soluzione-sono-le-rinnovabili-e-lefficienza-energetica\/","og_locale":"it_IT","og_type":"article","og_title":"Gianni Girotto: no a nucleare e gas nella tassonomia, la soluzione sono le rinnovabili e l\u2019efficienza energetica","og_description":"Gianni Girotto, senatore del M5S, \u00e8 primo firmatario di una mozione per non chiedere al Governo di battersi affinch\u00e9 gas e nucleare non siano introdotti","og_url":"https:\/\/www.pressenza.com\/it\/2022\/01\/gianni-girotto-no-a-nucleare-e-gas-nella-tassonomia-la-soluzione-sono-le-rinnovabili-e-lefficienza-energetica\/","og_site_name":"Pressenza","article_publisher":"https:\/\/www.facebook.com\/PressenzaItalia","article_published_time":"2022-01-16T10:10:16+00:00","article_modified_time":"2022-01-16T10:26:25+00:00","og_image":[{"width":1024,"height":585,"url":"https:\/\/www.pressenza.com\/wp-content\/uploads\/2021\/04\/Central-nuclear-1.jpg","type":"image\/jpeg"}],"author":"Olivier Turquet","twitter_card":"summary_large_image","twitter_creator":"@PressenzaIPA","twitter_site":"@PressenzaIPA","twitter_misc":{"Scritto da":"Olivier Turquet","Tempo di lettura stimato":"4 minuti"},"schema":{"@context":"https:\/\/schema.org","@graph":[{"@type":"Article","@id":"https:\/\/www.pressenza.com\/it\/2022\/01\/gianni-girotto-no-a-nucleare-e-gas-nella-tassonomia-la-soluzione-sono-le-rinnovabili-e-lefficienza-energetica\/#article","isPartOf":{"@id":"https:\/\/www.pressenza.com\/it\/2022\/01\/gianni-girotto-no-a-nucleare-e-gas-nella-tassonomia-la-soluzione-sono-le-rinnovabili-e-lefficienza-energetica\/"},"author":{"name":"Olivier Turquet","@id":"https:\/\/www.pressenza.com\/it\/#\/schema\/person\/636f8feb51f63f34e7378d5fcdd1de53"},"headline":"Gianni Girotto: no a nucleare e gas nella tassonomia, la soluzione sono le rinnovabili e l\u2019efficienza energetica","datePublished":"2022-01-16T10:10:16+00:00","dateModified":"2022-01-16T10:26:25+00:00","mainEntityOfPage":{"@id":"https:\/\/www.pressenza.com\/it\/2022\/01\/gianni-girotto-no-a-nucleare-e-gas-nella-tassonomia-la-soluzione-sono-le-rinnovabili-e-lefficienza-energetica\/"},"wordCount":887,"publisher":{"@id":"https:\/\/www.pressenza.com\/it\/#organization"},"image":{"@id":"https:\/\/www.pressenza.com\/it\/2022\/01\/gianni-girotto-no-a-nucleare-e-gas-nella-tassonomia-la-soluzione-sono-le-rinnovabili-e-lefficienza-energetica\/#primaryimage"},"thumbnailUrl":"https:\/\/www.pressenza.com\/wp-content\/uploads\/2021\/04\/Central-nuclear-1.jpg","keywords":["Energia nucleare","energie rinnovabili","Gas","Gianni Girotto","M5S","tassonomia UE"],"articleSection":["contenuti originali","Ecologia ed Ambiente","Europa","Interviste","Politica"],"inLanguage":"it-IT"},{"@type":"WebPage","@id":"https:\/\/www.pressenza.com\/it\/2022\/01\/gianni-girotto-no-a-nucleare-e-gas-nella-tassonomia-la-soluzione-sono-le-rinnovabili-e-lefficienza-energetica\/","url":"https:\/\/www.pressenza.com\/it\/2022\/01\/gianni-girotto-no-a-nucleare-e-gas-nella-tassonomia-la-soluzione-sono-le-rinnovabili-e-lefficienza-energetica\/","name":"Gianni Girotto: no a nucleare e gas nella tassonomia, la soluzione sono le rinnovabili e l\u2019efficienza energetica","isPartOf":{"@id":"https:\/\/www.pressenza.com\/it\/#website"},"primaryImageOfPage":{"@id":"https:\/\/www.pressenza.com\/it\/2022\/01\/gianni-girotto-no-a-nucleare-e-gas-nella-tassonomia-la-soluzione-sono-le-rinnovabili-e-lefficienza-energetica\/#primaryimage"},"image":{"@id":"https:\/\/www.pressenza.com\/it\/2022\/01\/gianni-girotto-no-a-nucleare-e-gas-nella-tassonomia-la-soluzione-sono-le-rinnovabili-e-lefficienza-energetica\/#primaryimage"},"thumbnailUrl":"https:\/\/www.pressenza.com\/wp-content\/uploads\/2021\/04\/Central-nuclear-1.jpg","datePublished":"2022-01-16T10:10:16+00:00","dateModified":"2022-01-16T10:26:25+00:00","description":"Gianni Girotto, senatore del M5S, \u00e8 primo firmatario di una mozione per non chiedere al Governo di battersi affinch\u00e9 gas e nucleare non siano introdotti","breadcrumb":{"@id":"https:\/\/www.pressenza.com\/it\/2022\/01\/gianni-girotto-no-a-nucleare-e-gas-nella-tassonomia-la-soluzione-sono-le-rinnovabili-e-lefficienza-energetica\/#breadcrumb"},"inLanguage":"it-IT","potentialAction":[{"@type":"ReadAction","target":["https:\/\/www.pressenza.com\/it\/2022\/01\/gianni-girotto-no-a-nucleare-e-gas-nella-tassonomia-la-soluzione-sono-le-rinnovabili-e-lefficienza-energetica\/"]}]},{"@type":"ImageObject","inLanguage":"it-IT","@id":"https:\/\/www.pressenza.com\/it\/2022\/01\/gianni-girotto-no-a-nucleare-e-gas-nella-tassonomia-la-soluzione-sono-le-rinnovabili-e-lefficienza-energetica\/#primaryimage","url":"https:\/\/www.pressenza.com\/wp-content\/uploads\/2021\/04\/Central-nuclear-1.jpg","contentUrl":"https:\/\/www.pressenza.com\/wp-content\/uploads\/2021\/04\/Central-nuclear-1.jpg","width":1024,"height":585,"caption":"La energ\u00eda nuclear no es segura, ni barata"},{"@type":"BreadcrumbList","@id":"https:\/\/www.pressenza.com\/it\/2022\/01\/gianni-girotto-no-a-nucleare-e-gas-nella-tassonomia-la-soluzione-sono-le-rinnovabili-e-lefficienza-energetica\/#breadcrumb","itemListElement":[{"@type":"ListItem","position":1,"name":"Accueil","item":"https:\/\/www.pressenza.com\/it\/"},{"@type":"ListItem","position":2,"name":"Gianni Girotto: no a nucleare e gas nella tassonomia, la soluzione sono le rinnovabili e l\u2019efficienza energetica"}]},{"@type":"WebSite","@id":"https:\/\/www.pressenza.com\/it\/#website","url":"https:\/\/www.pressenza.com\/it\/","name":"Pressenza","description":"Agenzia di Stampa Internazionale","publisher":{"@id":"https:\/\/www.pressenza.com\/it\/#organization"},"potentialAction":[{"@type":"SearchAction","target":{"@type":"EntryPoint","urlTemplate":"https:\/\/www.pressenza.com\/it\/?s={search_term_string}"},"query-input":{"@type":"PropertyValueSpecification","valueRequired":true,"valueName":"search_term_string"}}],"inLanguage":"it-IT"},{"@type":"Organization","@id":"https:\/\/www.pressenza.com\/it\/#organization","name":"Pressenza","url":"https:\/\/www.pressenza.com\/it\/","logo":{"@type":"ImageObject","inLanguage":"it-IT","@id":"https:\/\/www.pressenza.com\/it\/#\/schema\/logo\/image\/","url":"https:\/\/www.pressenza.com\/wp-content\/uploads\/2022\/10\/pressenza_logo_200x200.jpg","contentUrl":"https:\/\/www.pressenza.com\/wp-content\/uploads\/2022\/10\/pressenza_logo_200x200.jpg","width":200,"height":200,"caption":"Pressenza"},"image":{"@id":"https:\/\/www.pressenza.com\/it\/#\/schema\/logo\/image\/"},"sameAs":["https:\/\/www.facebook.com\/PressenzaItalia","https:\/\/x.com\/PressenzaIPA"]},{"@type":"Person","@id":"https:\/\/www.pressenza.com\/it\/#\/schema\/person\/636f8feb51f63f34e7378d5fcdd1de53","name":"Olivier Turquet","description":"Takes care of writing to tell the reality for about 40 years. He has worked with paper publications, radio and electronic He founded the electronic news agency humanist Good News. He was press secretary to various events such as: the International Humanist, Florence Play, the World March for Peace and Nonviolence. Currently coordinates the Italian team of Pressenza. olivierturquet.wordpress.com","sameAs":["http:\/\/olivierturquet.wordpress.com"],"url":"https:\/\/www.pressenza.com\/it\/author\/olivier-turquet\/"}]}},"place":"","original_article_url":"","_links":{"self":[{"href":"https:\/\/www.pressenza.com\/it\/wp-json\/wp\/v2\/posts\/1503781","targetHints":{"allow":["GET"]}}],"collection":[{"href":"https:\/\/www.pressenza.com\/it\/wp-json\/wp\/v2\/posts"}],"about":[{"href":"https:\/\/www.pressenza.com\/it\/wp-json\/wp\/v2\/types\/post"}],"author":[{"embeddable":true,"href":"https:\/\/www.pressenza.com\/it\/wp-json\/wp\/v2\/users\/10"}],"replies":[{"embeddable":true,"href":"https:\/\/www.pressenza.com\/it\/wp-json\/wp\/v2\/comments?post=1503781"}],"version-history":[{"count":0,"href":"https:\/\/www.pressenza.com\/it\/wp-json\/wp\/v2\/posts\/1503781\/revisions"}],"wp:featuredmedia":[{"embeddable":true,"href":"https:\/\/www.pressenza.com\/it\/wp-json\/wp\/v2\/media\/1335936"}],"wp:attachment":[{"href":"https:\/\/www.pressenza.com\/it\/wp-json\/wp\/v2\/media?parent=1503781"}],"wp:term":[{"taxonomy":"category","embeddable":true,"href":"https:\/\/www.pressenza.com\/it\/wp-json\/wp\/v2\/categories?post=1503781"},{"taxonomy":"post_tag","embeddable":true,"href":"https:\/\/www.pressenza.com\/it\/wp-json\/wp\/v2\/tags?post=1503781"}],"curies":[{"name":"wp","href":"https:\/\/api.w.org\/{rel}","templated":true}]}}