{"id":1502107,"date":"2022-01-12T15:17:09","date_gmt":"2022-01-12T15:17:09","guid":{"rendered":"https:\/\/www.pressenza.com\/?p=1502107"},"modified":"2022-01-12T20:03:32","modified_gmt":"2022-01-12T20:03:32","slug":"alla-camera-del-non-lavoro-presentazione-di-ultima-generazione-campagna-disruptive-per-le-strade-di-roma-per-chiedere-assemblee-di-cittadine-i","status":"publish","type":"post","link":"https:\/\/www.pressenza.com\/it\/2022\/01\/alla-camera-del-non-lavoro-presentazione-di-ultima-generazione-campagna-disruptive-per-le-strade-di-roma-per-chiedere-assemblee-di-cittadine-i\/","title":{"rendered":"Alla \u201cCamera del Non Lavoro\u201d presentazione di \u201cUltima Generazione\u201d, campagna disruptive per le strade di Roma per chiedere Assemblee di cittadine\/i"},"content":{"rendered":"<p><i>Dal 6 dicembre si stanno svolgendo azioni di disobbedienza civile nonviolenta con blocchi stradali a oltranza a Roma per pretendere maggiore partecipazione democratica sulla crisi eco-climatica. <\/i><i>La campagna continuer\u00e0 a febbraio e verr\u00e0 presentata domani 13 gennaio a Milano. <\/i><\/p>\n<p>Extinction Rebellion presenta a Milano \u201c<b><i>Ultima Generazione &#8211; Assemblee Cittadine ORA!<\/i><\/b>\u201d, campagna di disobbedienza civile nonviolenta radicale volta ad ottenere l\u2019indizione di un\u2019Assemblea dei Cittadini Nazionale sulla crisi climatica ed ecologica. La campagna verr\u00e0 presentata gioved\u00ec 13 gennaio alla \u201cCamera del Non Lavoro\u201d, via A. Volta 22, Milano alle 18:30.<\/p>\n<p><a href=\"https:\/\/www.facebook.com\/events\/1023936788338434?ref=newsfeed\">Qui<\/a> l&#8217;evento facebook<\/p>\n<p>Tra il 6 e il 18 dicembre hanno avuto luogo le prime azioni di disobbedienza civile della campagna, e sono state bloccate alcune delle principali strade di Roma fra cui il Grande Raccordo Anulare; il bilancio della prima parte della campagna \u00e8 impressionante: 10 persone in azione, 9 arterie bloccate, 65 arresti, 13 fogli di via, numerose multe tra i 1000 e i 4000 euro, e 200 articoli di giornale che hanno coperto la campagna, anche all\u2019estero. Le azioni si ripeteranno a febbraio e ad aprile.<\/p>\n<p>Con questa campagna cittadini e cittadine preoccupati\/e intendono dare dignit\u00e0 mediatica alla terza richiesta del movimento e chiedono:<\/p>\n<p>1) che il governo indica e sia guidato dalle decisioni di una \u201c<b>Assemblea di Cittadini\/e Nazionale<\/b>\u201d deliberativa sulla giustizia climatica ed ecologica entro la fine del 2022;<\/p>\n<p>2) un incontro pubblico con i seguenti rappresentanti del governo: Mario Draghi (Presidente del Consiglio), Roberto Cingolani (Ministro della Transizione Ecologica), Stefano Patuanelli (Ministro delle politiche agricole, alimentari e forestali), Giancarlo Giorgetti (Ministro dello Sviluppo Economico), Andrea Orlando (Ministro del lavoro e delle politiche sociali) e Maria Rosaria Carfagna (Ministra per il Sud e la Coesione territoriale). L\u2019incontro pone il tema \u201c<i>Siamo l\u2019Ultima Generazione di cittadini e cittadine?<\/i>\u201d per dibattere apertamente sul futuro dell\u2019Italia e sulla necessit\u00e0 della partecipazione diretta della cittadinanza per fermare l\u2019ecocidio in corso.<\/p>\n<p><a href=\"https:\/\/xritaly.it\/assemblee-cittadine\/\" target=\"_blank\" rel=\"noopener noreferrer\"><u>L\u2019Assemblea di Cittadini\/e<\/u><\/a> permette ai politici di affrontare l\u2019emergenza ecologica prima che sia troppo tardi, aiutando la classe politica a impegnarsi in un programma di azioni pi\u00f9 radicali, indispensabili. Votare non basta pi\u00f9. Extinction Rebellion ritiene che le cittadine e i cittadini italiani debbano avere la possibilit\u00e0 di determinare il modo in cui il proprio Paese risponder\u00e0 all\u2019emergenza climatica ed ecologica in corso.<\/p>\n<p>Extinction Rebellion ha aderito al comitato <a href=\"https:\/\/www.politicipercaso.it\/\" target=\"_blank\" rel=\"noopener noreferrer\"><u>Politici Per Caso<\/u><\/a>, ed \u00e8 promotore, insieme ad altri movimenti e associazioni, della campagna \u201cCittadin3 per il Clima\u201d per la raccolta delle 50.000 firme necessarie per presentare la proposta di legge di iniziativa popolare per le Assemblee di Cittadini\/e in Parlamento.<\/p>\n<p>La campagna \u201cUltima Generazione- Assemblee ora\u201d si inserisce in un <b>contesto internazionale <\/b>dove cittadini e cittadine in Germania, Australia, Gran Bretagna, Svizzera e altri Paesi, stanno incrementando l\u2019impatto della disobbedienza civile per forzare l&#8217;inadempienza dei governi di fronte alla pi\u00f9 grande crisi che l\u2019umanit\u00e0 sta affrontando e affronter\u00e0 nei prossimi anni.<br \/>\nOra o mai pi\u00f9, ribelliamoci a ecocidio e genocidio.<\/p>\n","protected":false},"excerpt":{"rendered":"<p>Dal 6 dicembre si stanno svolgendo azioni di disobbedienza civile nonviolenta con blocchi stradali a oltranza a Roma per pretendere maggiore partecipazione democratica sulla crisi eco-climatica. La campagna continuer\u00e0 a febbraio e verr\u00e0 presentata domani 13 gennaio a Milano. Extinction&hellip;<\/p>\n","protected":false},"author":1696,"featured_media":1502108,"comment_status":"closed","ping_status":"closed","sticky":false,"template":"","format":"standard","meta":{"footnotes":""},"categories":[150,59,47],"tags":[97369,57914,97370],"class_list":["post-1502107","post","type-post","status-publish","format-standard","has-post-thumbnail","hentry","category-comunicati-stampa","category-ambiente-ecologia","category-europa","tag-assemblee-dei-cittadini","tag-extinction-rebellion-it","tag-ultima-generazione"],"yoast_head":"<!-- This site is optimized with the Yoast SEO plugin v27.1.1 - https:\/\/yoast.com\/product\/yoast-seo-wordpress\/ -->\n<title>Alla \u201cCamera del Non Lavoro\u201d presentazione di \u201cUltima Generazione\u201d, campagna disruptive per le strade di Roma per chiedere Assemblee di cittadine\/i<\/title>\n<meta name=\"description\" content=\"La campagna di disobbedienza civile nonviolenta con blocchi stradali a oltranza a Roma per pretendere maggiore partecipazione democratica sulla crisi eco-climatica continuer\u00e0 a febbraio e verr\u00e0 presentata domani 13 gennaio a Milano\" \/>\n<meta name=\"robots\" content=\"index, follow, max-snippet:-1, max-image-preview:large, max-video-preview:-1\" \/>\n<link rel=\"canonical\" href=\"https:\/\/www.pressenza.com\/it\/2022\/01\/alla-camera-del-non-lavoro-presentazione-di-ultima-generazione-campagna-disruptive-per-le-strade-di-roma-per-chiedere-assemblee-di-cittadine-i\/\" \/>\n<meta property=\"og:locale\" content=\"it_IT\" \/>\n<meta property=\"og:type\" content=\"article\" \/>\n<meta property=\"og:title\" content=\"Alla \u201cCamera del Non Lavoro\u201d presentazione di \u201cUltima Generazione\u201d, campagna disruptive per le strade di Roma per chiedere Assemblee di cittadine\/i\" \/>\n<meta property=\"og:description\" content=\"La campagna di disobbedienza civile nonviolenta con blocchi stradali a oltranza a Roma per pretendere maggiore partecipazione democratica sulla crisi eco-climatica continuer\u00e0 a febbraio e verr\u00e0 presentata domani 13 gennaio a Milano\" \/>\n<meta property=\"og:url\" content=\"https:\/\/www.pressenza.com\/it\/2022\/01\/alla-camera-del-non-lavoro-presentazione-di-ultima-generazione-campagna-disruptive-per-le-strade-di-roma-per-chiedere-assemblee-di-cittadine-i\/\" \/>\n<meta property=\"og:site_name\" content=\"Pressenza\" \/>\n<meta property=\"article:publisher\" content=\"https:\/\/www.facebook.com\/PressenzaItalia\" \/>\n<meta property=\"article:published_time\" content=\"2022-01-12T15:17:09+00:00\" \/>\n<meta property=\"article:modified_time\" content=\"2022-01-12T20:03:32+00:00\" \/>\n<meta property=\"og:image\" content=\"https:\/\/www.pressenza.com\/wp-content\/uploads\/2022\/01\/Ultima-Generazione.jpg\" \/>\n\t<meta property=\"og:image:width\" content=\"820\" \/>\n\t<meta property=\"og:image:height\" content=\"514\" \/>\n\t<meta property=\"og:image:type\" content=\"image\/jpeg\" \/>\n<meta name=\"author\" content=\"Extinction Rebellion\" \/>\n<meta name=\"twitter:card\" content=\"summary_large_image\" \/>\n<meta name=\"twitter:creator\" content=\"@PressenzaIPA\" \/>\n<meta name=\"twitter:site\" content=\"@PressenzaIPA\" \/>\n<meta name=\"twitter:label1\" content=\"Scritto da\" \/>\n\t<meta name=\"twitter:data1\" content=\"Extinction Rebellion\" \/>\n\t<meta name=\"twitter:label2\" content=\"Tempo di lettura stimato\" \/>\n\t<meta name=\"twitter:data2\" content=\"2 minuti\" \/>\n<script type=\"application\/ld+json\" class=\"yoast-schema-graph\">{\"@context\":\"https:\/\/schema.org\",\"@graph\":[{\"@type\":\"Article\",\"@id\":\"https:\/\/www.pressenza.com\/it\/2022\/01\/alla-camera-del-non-lavoro-presentazione-di-ultima-generazione-campagna-disruptive-per-le-strade-di-roma-per-chiedere-assemblee-di-cittadine-i\/#article\",\"isPartOf\":{\"@id\":\"https:\/\/www.pressenza.com\/it\/2022\/01\/alla-camera-del-non-lavoro-presentazione-di-ultima-generazione-campagna-disruptive-per-le-strade-di-roma-per-chiedere-assemblee-di-cittadine-i\/\"},\"author\":{\"name\":\"Extinction Rebellion\",\"@id\":\"https:\/\/www.pressenza.com\/it\/#\/schema\/person\/469654e5f261458f78054b73ca6931aa\"},\"headline\":\"Alla \u201cCamera del Non Lavoro\u201d presentazione di \u201cUltima Generazione\u201d, campagna disruptive per le strade di Roma per chiedere Assemblee di cittadine\/i\",\"datePublished\":\"2022-01-12T15:17:09+00:00\",\"dateModified\":\"2022-01-12T20:03:32+00:00\",\"mainEntityOfPage\":{\"@id\":\"https:\/\/www.pressenza.com\/it\/2022\/01\/alla-camera-del-non-lavoro-presentazione-di-ultima-generazione-campagna-disruptive-per-le-strade-di-roma-per-chiedere-assemblee-di-cittadine-i\/\"},\"wordCount\":500,\"publisher\":{\"@id\":\"https:\/\/www.pressenza.com\/it\/#organization\"},\"image\":{\"@id\":\"https:\/\/www.pressenza.com\/it\/2022\/01\/alla-camera-del-non-lavoro-presentazione-di-ultima-generazione-campagna-disruptive-per-le-strade-di-roma-per-chiedere-assemblee-di-cittadine-i\/#primaryimage\"},\"thumbnailUrl\":\"https:\/\/www.pressenza.com\/wp-content\/uploads\/2022\/01\/Ultima-Generazione.jpg\",\"keywords\":[\"assemblee dei cittadini\",\"Extinction Rebellion\",\"Ultima Generazione\"],\"articleSection\":[\"Comunicati Stampa\",\"Ecologia ed Ambiente\",\"Europa\"],\"inLanguage\":\"it-IT\"},{\"@type\":\"WebPage\",\"@id\":\"https:\/\/www.pressenza.com\/it\/2022\/01\/alla-camera-del-non-lavoro-presentazione-di-ultima-generazione-campagna-disruptive-per-le-strade-di-roma-per-chiedere-assemblee-di-cittadine-i\/\",\"url\":\"https:\/\/www.pressenza.com\/it\/2022\/01\/alla-camera-del-non-lavoro-presentazione-di-ultima-generazione-campagna-disruptive-per-le-strade-di-roma-per-chiedere-assemblee-di-cittadine-i\/\",\"name\":\"Alla \u201cCamera del Non Lavoro\u201d presentazione di \u201cUltima Generazione\u201d, campagna disruptive per le strade di Roma per chiedere Assemblee di cittadine\/i\",\"isPartOf\":{\"@id\":\"https:\/\/www.pressenza.com\/it\/#website\"},\"primaryImageOfPage\":{\"@id\":\"https:\/\/www.pressenza.com\/it\/2022\/01\/alla-camera-del-non-lavoro-presentazione-di-ultima-generazione-campagna-disruptive-per-le-strade-di-roma-per-chiedere-assemblee-di-cittadine-i\/#primaryimage\"},\"image\":{\"@id\":\"https:\/\/www.pressenza.com\/it\/2022\/01\/alla-camera-del-non-lavoro-presentazione-di-ultima-generazione-campagna-disruptive-per-le-strade-di-roma-per-chiedere-assemblee-di-cittadine-i\/#primaryimage\"},\"thumbnailUrl\":\"https:\/\/www.pressenza.com\/wp-content\/uploads\/2022\/01\/Ultima-Generazione.jpg\",\"datePublished\":\"2022-01-12T15:17:09+00:00\",\"dateModified\":\"2022-01-12T20:03:32+00:00\",\"description\":\"La campagna di disobbedienza civile nonviolenta con blocchi stradali a oltranza a Roma per pretendere maggiore partecipazione democratica sulla crisi eco-climatica continuer\u00e0 a febbraio e verr\u00e0 presentata domani 13 gennaio a Milano\",\"breadcrumb\":{\"@id\":\"https:\/\/www.pressenza.com\/it\/2022\/01\/alla-camera-del-non-lavoro-presentazione-di-ultima-generazione-campagna-disruptive-per-le-strade-di-roma-per-chiedere-assemblee-di-cittadine-i\/#breadcrumb\"},\"inLanguage\":\"it-IT\",\"potentialAction\":[{\"@type\":\"ReadAction\",\"target\":[\"https:\/\/www.pressenza.com\/it\/2022\/01\/alla-camera-del-non-lavoro-presentazione-di-ultima-generazione-campagna-disruptive-per-le-strade-di-roma-per-chiedere-assemblee-di-cittadine-i\/\"]}]},{\"@type\":\"ImageObject\",\"inLanguage\":\"it-IT\",\"@id\":\"https:\/\/www.pressenza.com\/it\/2022\/01\/alla-camera-del-non-lavoro-presentazione-di-ultima-generazione-campagna-disruptive-per-le-strade-di-roma-per-chiedere-assemblee-di-cittadine-i\/#primaryimage\",\"url\":\"https:\/\/www.pressenza.com\/wp-content\/uploads\/2022\/01\/Ultima-Generazione.jpg\",\"contentUrl\":\"https:\/\/www.pressenza.com\/wp-content\/uploads\/2022\/01\/Ultima-Generazione.jpg\",\"width\":820,\"height\":514},{\"@type\":\"BreadcrumbList\",\"@id\":\"https:\/\/www.pressenza.com\/it\/2022\/01\/alla-camera-del-non-lavoro-presentazione-di-ultima-generazione-campagna-disruptive-per-le-strade-di-roma-per-chiedere-assemblee-di-cittadine-i\/#breadcrumb\",\"itemListElement\":[{\"@type\":\"ListItem\",\"position\":1,\"name\":\"Accueil\",\"item\":\"https:\/\/www.pressenza.com\/it\/\"},{\"@type\":\"ListItem\",\"position\":2,\"name\":\"Alla \u201cCamera del Non Lavoro\u201d presentazione di \u201cUltima Generazione\u201d, campagna disruptive per le strade di Roma per chiedere Assemblee di cittadine\/i\"}]},{\"@type\":\"WebSite\",\"@id\":\"https:\/\/www.pressenza.com\/it\/#website\",\"url\":\"https:\/\/www.pressenza.com\/it\/\",\"name\":\"Pressenza\",\"description\":\"Agenzia di Stampa Internazionale\",\"publisher\":{\"@id\":\"https:\/\/www.pressenza.com\/it\/#organization\"},\"potentialAction\":[{\"@type\":\"SearchAction\",\"target\":{\"@type\":\"EntryPoint\",\"urlTemplate\":\"https:\/\/www.pressenza.com\/it\/?s={search_term_string}\"},\"query-input\":{\"@type\":\"PropertyValueSpecification\",\"valueRequired\":true,\"valueName\":\"search_term_string\"}}],\"inLanguage\":\"it-IT\"},{\"@type\":\"Organization\",\"@id\":\"https:\/\/www.pressenza.com\/it\/#organization\",\"name\":\"Pressenza\",\"url\":\"https:\/\/www.pressenza.com\/it\/\",\"logo\":{\"@type\":\"ImageObject\",\"inLanguage\":\"it-IT\",\"@id\":\"https:\/\/www.pressenza.com\/it\/#\/schema\/logo\/image\/\",\"url\":\"https:\/\/www.pressenza.com\/wp-content\/uploads\/2022\/10\/pressenza_logo_200x200.jpg\",\"contentUrl\":\"https:\/\/www.pressenza.com\/wp-content\/uploads\/2022\/10\/pressenza_logo_200x200.jpg\",\"width\":200,\"height\":200,\"caption\":\"Pressenza\"},\"image\":{\"@id\":\"https:\/\/www.pressenza.com\/it\/#\/schema\/logo\/image\/\"},\"sameAs\":[\"https:\/\/www.facebook.com\/PressenzaItalia\",\"https:\/\/x.com\/PressenzaIPA\"]},{\"@type\":\"Person\",\"@id\":\"https:\/\/www.pressenza.com\/it\/#\/schema\/person\/469654e5f261458f78054b73ca6931aa\",\"name\":\"Extinction Rebellion\",\"description\":\"Extinction Rebellion (XR) \u00e8 un movimento internazionale \u201cdal basso\u201d, nonviolento, fondato in Inghilterra in risposta alla devastazione ambientale causata dalle attivit\u00e0 umane. La sua ragione d\u2019essere si basa sui risultati scientifici.\",\"sameAs\":[\"https:\/\/rebellion.earth\/\"],\"url\":\"https:\/\/www.pressenza.com\/it\/author\/extinction-rebellion\/\"}]}<\/script>\n<!-- \/ Yoast SEO plugin. -->","yoast_head_json":{"title":"Alla \u201cCamera del Non Lavoro\u201d presentazione di \u201cUltima Generazione\u201d, campagna disruptive per le strade di Roma per chiedere Assemblee di cittadine\/i","description":"La campagna di disobbedienza civile nonviolenta con blocchi stradali a oltranza a Roma per pretendere maggiore partecipazione democratica sulla crisi eco-climatica continuer\u00e0 a febbraio e verr\u00e0 presentata domani 13 gennaio a Milano","robots":{"index":"index","follow":"follow","max-snippet":"max-snippet:-1","max-image-preview":"max-image-preview:large","max-video-preview":"max-video-preview:-1"},"canonical":"https:\/\/www.pressenza.com\/it\/2022\/01\/alla-camera-del-non-lavoro-presentazione-di-ultima-generazione-campagna-disruptive-per-le-strade-di-roma-per-chiedere-assemblee-di-cittadine-i\/","og_locale":"it_IT","og_type":"article","og_title":"Alla \u201cCamera del Non Lavoro\u201d presentazione di \u201cUltima Generazione\u201d, campagna disruptive per le strade di Roma per chiedere Assemblee di cittadine\/i","og_description":"La campagna di disobbedienza civile nonviolenta con blocchi stradali a oltranza a Roma per pretendere maggiore partecipazione democratica sulla crisi eco-climatica continuer\u00e0 a febbraio e verr\u00e0 presentata domani 13 gennaio a Milano","og_url":"https:\/\/www.pressenza.com\/it\/2022\/01\/alla-camera-del-non-lavoro-presentazione-di-ultima-generazione-campagna-disruptive-per-le-strade-di-roma-per-chiedere-assemblee-di-cittadine-i\/","og_site_name":"Pressenza","article_publisher":"https:\/\/www.facebook.com\/PressenzaItalia","article_published_time":"2022-01-12T15:17:09+00:00","article_modified_time":"2022-01-12T20:03:32+00:00","og_image":[{"width":820,"height":514,"url":"https:\/\/www.pressenza.com\/wp-content\/uploads\/2022\/01\/Ultima-Generazione.jpg","type":"image\/jpeg"}],"author":"Extinction Rebellion","twitter_card":"summary_large_image","twitter_creator":"@PressenzaIPA","twitter_site":"@PressenzaIPA","twitter_misc":{"Scritto da":"Extinction Rebellion","Tempo di lettura stimato":"2 minuti"},"schema":{"@context":"https:\/\/schema.org","@graph":[{"@type":"Article","@id":"https:\/\/www.pressenza.com\/it\/2022\/01\/alla-camera-del-non-lavoro-presentazione-di-ultima-generazione-campagna-disruptive-per-le-strade-di-roma-per-chiedere-assemblee-di-cittadine-i\/#article","isPartOf":{"@id":"https:\/\/www.pressenza.com\/it\/2022\/01\/alla-camera-del-non-lavoro-presentazione-di-ultima-generazione-campagna-disruptive-per-le-strade-di-roma-per-chiedere-assemblee-di-cittadine-i\/"},"author":{"name":"Extinction Rebellion","@id":"https:\/\/www.pressenza.com\/it\/#\/schema\/person\/469654e5f261458f78054b73ca6931aa"},"headline":"Alla \u201cCamera del Non Lavoro\u201d presentazione di \u201cUltima Generazione\u201d, campagna disruptive per le strade di Roma per chiedere Assemblee di cittadine\/i","datePublished":"2022-01-12T15:17:09+00:00","dateModified":"2022-01-12T20:03:32+00:00","mainEntityOfPage":{"@id":"https:\/\/www.pressenza.com\/it\/2022\/01\/alla-camera-del-non-lavoro-presentazione-di-ultima-generazione-campagna-disruptive-per-le-strade-di-roma-per-chiedere-assemblee-di-cittadine-i\/"},"wordCount":500,"publisher":{"@id":"https:\/\/www.pressenza.com\/it\/#organization"},"image":{"@id":"https:\/\/www.pressenza.com\/it\/2022\/01\/alla-camera-del-non-lavoro-presentazione-di-ultima-generazione-campagna-disruptive-per-le-strade-di-roma-per-chiedere-assemblee-di-cittadine-i\/#primaryimage"},"thumbnailUrl":"https:\/\/www.pressenza.com\/wp-content\/uploads\/2022\/01\/Ultima-Generazione.jpg","keywords":["assemblee dei cittadini","Extinction Rebellion","Ultima Generazione"],"articleSection":["Comunicati Stampa","Ecologia ed Ambiente","Europa"],"inLanguage":"it-IT"},{"@type":"WebPage","@id":"https:\/\/www.pressenza.com\/it\/2022\/01\/alla-camera-del-non-lavoro-presentazione-di-ultima-generazione-campagna-disruptive-per-le-strade-di-roma-per-chiedere-assemblee-di-cittadine-i\/","url":"https:\/\/www.pressenza.com\/it\/2022\/01\/alla-camera-del-non-lavoro-presentazione-di-ultima-generazione-campagna-disruptive-per-le-strade-di-roma-per-chiedere-assemblee-di-cittadine-i\/","name":"Alla \u201cCamera del Non Lavoro\u201d presentazione di \u201cUltima Generazione\u201d, campagna disruptive per le strade di Roma per chiedere Assemblee di cittadine\/i","isPartOf":{"@id":"https:\/\/www.pressenza.com\/it\/#website"},"primaryImageOfPage":{"@id":"https:\/\/www.pressenza.com\/it\/2022\/01\/alla-camera-del-non-lavoro-presentazione-di-ultima-generazione-campagna-disruptive-per-le-strade-di-roma-per-chiedere-assemblee-di-cittadine-i\/#primaryimage"},"image":{"@id":"https:\/\/www.pressenza.com\/it\/2022\/01\/alla-camera-del-non-lavoro-presentazione-di-ultima-generazione-campagna-disruptive-per-le-strade-di-roma-per-chiedere-assemblee-di-cittadine-i\/#primaryimage"},"thumbnailUrl":"https:\/\/www.pressenza.com\/wp-content\/uploads\/2022\/01\/Ultima-Generazione.jpg","datePublished":"2022-01-12T15:17:09+00:00","dateModified":"2022-01-12T20:03:32+00:00","description":"La campagna di disobbedienza civile nonviolenta con blocchi stradali a oltranza a Roma per pretendere maggiore partecipazione democratica sulla crisi eco-climatica continuer\u00e0 a febbraio e verr\u00e0 presentata domani 13 gennaio a Milano","breadcrumb":{"@id":"https:\/\/www.pressenza.com\/it\/2022\/01\/alla-camera-del-non-lavoro-presentazione-di-ultima-generazione-campagna-disruptive-per-le-strade-di-roma-per-chiedere-assemblee-di-cittadine-i\/#breadcrumb"},"inLanguage":"it-IT","potentialAction":[{"@type":"ReadAction","target":["https:\/\/www.pressenza.com\/it\/2022\/01\/alla-camera-del-non-lavoro-presentazione-di-ultima-generazione-campagna-disruptive-per-le-strade-di-roma-per-chiedere-assemblee-di-cittadine-i\/"]}]},{"@type":"ImageObject","inLanguage":"it-IT","@id":"https:\/\/www.pressenza.com\/it\/2022\/01\/alla-camera-del-non-lavoro-presentazione-di-ultima-generazione-campagna-disruptive-per-le-strade-di-roma-per-chiedere-assemblee-di-cittadine-i\/#primaryimage","url":"https:\/\/www.pressenza.com\/wp-content\/uploads\/2022\/01\/Ultima-Generazione.jpg","contentUrl":"https:\/\/www.pressenza.com\/wp-content\/uploads\/2022\/01\/Ultima-Generazione.jpg","width":820,"height":514},{"@type":"BreadcrumbList","@id":"https:\/\/www.pressenza.com\/it\/2022\/01\/alla-camera-del-non-lavoro-presentazione-di-ultima-generazione-campagna-disruptive-per-le-strade-di-roma-per-chiedere-assemblee-di-cittadine-i\/#breadcrumb","itemListElement":[{"@type":"ListItem","position":1,"name":"Accueil","item":"https:\/\/www.pressenza.com\/it\/"},{"@type":"ListItem","position":2,"name":"Alla \u201cCamera del Non Lavoro\u201d presentazione di \u201cUltima Generazione\u201d, campagna disruptive per le strade di Roma per chiedere Assemblee di cittadine\/i"}]},{"@type":"WebSite","@id":"https:\/\/www.pressenza.com\/it\/#website","url":"https:\/\/www.pressenza.com\/it\/","name":"Pressenza","description":"Agenzia di Stampa Internazionale","publisher":{"@id":"https:\/\/www.pressenza.com\/it\/#organization"},"potentialAction":[{"@type":"SearchAction","target":{"@type":"EntryPoint","urlTemplate":"https:\/\/www.pressenza.com\/it\/?s={search_term_string}"},"query-input":{"@type":"PropertyValueSpecification","valueRequired":true,"valueName":"search_term_string"}}],"inLanguage":"it-IT"},{"@type":"Organization","@id":"https:\/\/www.pressenza.com\/it\/#organization","name":"Pressenza","url":"https:\/\/www.pressenza.com\/it\/","logo":{"@type":"ImageObject","inLanguage":"it-IT","@id":"https:\/\/www.pressenza.com\/it\/#\/schema\/logo\/image\/","url":"https:\/\/www.pressenza.com\/wp-content\/uploads\/2022\/10\/pressenza_logo_200x200.jpg","contentUrl":"https:\/\/www.pressenza.com\/wp-content\/uploads\/2022\/10\/pressenza_logo_200x200.jpg","width":200,"height":200,"caption":"Pressenza"},"image":{"@id":"https:\/\/www.pressenza.com\/it\/#\/schema\/logo\/image\/"},"sameAs":["https:\/\/www.facebook.com\/PressenzaItalia","https:\/\/x.com\/PressenzaIPA"]},{"@type":"Person","@id":"https:\/\/www.pressenza.com\/it\/#\/schema\/person\/469654e5f261458f78054b73ca6931aa","name":"Extinction Rebellion","description":"Extinction Rebellion (XR) \u00e8 un movimento internazionale \u201cdal basso\u201d, nonviolento, fondato in Inghilterra in risposta alla devastazione ambientale causata dalle attivit\u00e0 umane. La sua ragione d\u2019essere si basa sui risultati scientifici.","sameAs":["https:\/\/rebellion.earth\/"],"url":"https:\/\/www.pressenza.com\/it\/author\/extinction-rebellion\/"}]}},"place":"","original_article_url":"","_links":{"self":[{"href":"https:\/\/www.pressenza.com\/it\/wp-json\/wp\/v2\/posts\/1502107","targetHints":{"allow":["GET"]}}],"collection":[{"href":"https:\/\/www.pressenza.com\/it\/wp-json\/wp\/v2\/posts"}],"about":[{"href":"https:\/\/www.pressenza.com\/it\/wp-json\/wp\/v2\/types\/post"}],"author":[{"embeddable":true,"href":"https:\/\/www.pressenza.com\/it\/wp-json\/wp\/v2\/users\/1696"}],"replies":[{"embeddable":true,"href":"https:\/\/www.pressenza.com\/it\/wp-json\/wp\/v2\/comments?post=1502107"}],"version-history":[{"count":0,"href":"https:\/\/www.pressenza.com\/it\/wp-json\/wp\/v2\/posts\/1502107\/revisions"}],"wp:featuredmedia":[{"embeddable":true,"href":"https:\/\/www.pressenza.com\/it\/wp-json\/wp\/v2\/media\/1502108"}],"wp:attachment":[{"href":"https:\/\/www.pressenza.com\/it\/wp-json\/wp\/v2\/media?parent=1502107"}],"wp:term":[{"taxonomy":"category","embeddable":true,"href":"https:\/\/www.pressenza.com\/it\/wp-json\/wp\/v2\/categories?post=1502107"},{"taxonomy":"post_tag","embeddable":true,"href":"https:\/\/www.pressenza.com\/it\/wp-json\/wp\/v2\/tags?post=1502107"}],"curies":[{"name":"wp","href":"https:\/\/api.w.org\/{rel}","templated":true}]}}