{"id":1501275,"date":"2022-01-10T11:41:51","date_gmt":"2022-01-10T11:41:51","guid":{"rendered":"https:\/\/www.pressenza.com\/?p=1501275"},"modified":"2022-01-11T09:41:19","modified_gmt":"2022-01-11T09:41:19","slug":"76palermoi%c6%9e%e1%b8%bfovimento-bloc-news-della-contronarrazione-sociale","status":"publish","type":"post","link":"https:\/\/www.pressenza.com\/it\/2022\/01\/76palermoi%c6%9e%e1%b8%bfovimento-bloc-news-della-contronarrazione-sociale\/","title":{"rendered":"76#Palermo\u1eca\u019e\u1e3eovimento. Bloc-News della contronarrazione sociale"},"content":{"rendered":"<p><em>Rubrica settimanale su eventi e fatti in Sicilia -a cura RedPA-<\/em><\/p>\n<p>&nbsp;<\/p>\n<p><strong>No alla chiusura del reparto di ginecologia e ostetricia dell&#8217;ospedale Cervello e nuovi presidi sanitari e consultori! &#8211; comunicato\u00a0 <\/strong><strong><a href=\"https:\/\/www.facebook.com\/nonunadimenopalermo\/?__cft__%5b0%5d=AZXmhAZ69r17coneG00h5OlL8a1bpi7J-2YMdNVINfsSNTx_0k8xZ81BOAmsV-VNiJQprJf7xgXxfPiKoDt0_RyAKMqfq2mejErhhRqNIDorgS6hNuuJc-FaZ6Wsm7TozLmvPOh6M8BHcFD1_lfyLhSnnd0t3l-p2ET37NL4nyBIjg&amp;__tn__=kC%2CP-y-R\">Non una di meno &#8211; Palermo<\/a><\/strong><strong>\u00a0&#8211;<\/strong> \u00a0Stop alle nascite: la divisione di Ginecologia e Ostetricia dell&#8217; ospedale Cervello di Palermo (uno di quei pochi dove si pratica l&#8217;interruzione volontaria di gravidanza, guarda caso!) \u00e8 stato nuovamente riconverto in reparto Covid, come gi\u00e0 successo all&#8217;inizio del 2021!\u00a0 Lo ha disposto il direttore sanitario Aroldo Rizzo, su input dell\u2019assessorato regionale alla Salute, che si dimostra nuovamente sordo alle nostre esigenze, ai nostri diritti! Ancora una volta la nostra salute \u00e8 stata sacrificata sull&#8217; altare dell&#8217;emergenza pandemica. Sono passati due anni dall&#8217;inizio dell&#8217;emergenza Covid e nulla \u00e8 stato fatto su sanit\u00e0, scuola, trasporti pubblici (settori sui quali \u00e8 necessario investire per limitare i contagi e affrontare la pandemia). Tutto ci\u00f2 \u00e8 inaccettabile!<\/p>\n<p>Se da una parte limitano l&#8217;accesso all&#8217;IVG con un numero importante di medici obiettori dall&#8217;altra negano anche il diritto di partorire in un luogo adeguato e di prossimit\u00e0! I nostri corpi sono essenziali! Pretendiamo la riapertura del reparto di ginecologia e ostetricia dell&#8217;ospedale Cervello e nuovi presidi sanitari e consultori! [<a href=\"https:\/\/www.facebook.com\/ambulatorioborgovecchio\/\">comunicato NUdM<\/a>\u00b7<a href=\"https:\/\/www.facebook.com\/pages\/Palermo\/106439142725244?__cft__%5b0%5d=AZXmhAZ69r17coneG00h5OlL8a1bpi7J-2YMdNVINfsSNTx_0k8xZ81BOAmsV-VNiJQprJf7xgXxfPiKoDt0_RyAKMqfq2mejErhhRqNIDorgS6hNuuJc-FaZ6Wsm7TozLmvPOh6M8BHcFD1_lfyLhSnnd0t3l-p2ET37NL4nyBIjg&amp;__tn__=%2CP-y-R\">Palermo<\/a>]<\/p>\n<p>&nbsp;<\/p>\n<p><strong>\u201cNon ci lascerete senza lavoro! Resisteremo e continueremo a lottare perch\u00e9 il lavoro \u00e8 un nostro diritto!\u201d- Comunicato<\/strong> <strong>SLAI COBAS-SC Palermo\/Sicilia \u2013 <\/strong>A proposito della riapertura delle scuole e del ritorno alla didattica a distanza, tornano a farsi sentire gli Assistenti Igienico-Personale Specializzati, prendendo una netta posizione \u00a0contro il ritorno nelle scuole della DAD, la quale provocherebbe anche \u2013 ad avviso del sindacato \u2013\u00a0 \u00a0 una immediata \u00abperdita del lavoro a tante lavoratrici e lavoratori che operano nelle scuole\u00bb \u00a0e rischiano parimenti di rimanere fuori anche dalla copertura degli ammortizzatori sociali, \u00a0cos\u00ec come &#8211; a seguito dell\u2019esplosione pandemica &#8211; \u00e8 accaduto in Sicilia nel marzo 2020 \u00abai tanti Assistenti <em>igienico-personale specializzati<\/em> precari dei servizi di assistenza scolastica verso gli studenti disabili\u00bb. \u00a0La DAD &#8211; scrive la categoria dei lavoratori dell&#8217;OS &#8211;\u00a0 \u201c\u00e8 solo una bruttissima pezza\/tampone che non risolve per niente gli annosi problemi strutturali della scuola e\u00a0 tutte le falle della gestione pandemica causate da chi ci governa\u201d. Lo Slai-Cobas rileva i fallimenti provocati dalla DAD fin dalla prima ondata epidemiologica che hanno causato &#8211; in generale &#8211; un danno agli studenti, in particolare verso quegli alunni portatori di disabilit\u00e0 che hanno subito una forte compressione dei loro diritti e patito il peso della esclusione \u201cdalle relazioni scolastiche e sociali\u201d.<\/p>\n<p>&nbsp;<\/p>\n<p><strong>No all&#8217;alternanza Scuola-Lavoro nell&#8217;Esercito!<\/strong> <strong>Pochi giorni fa l&#8217;Ufficio scolastico regionale in Sicilia ha firmato un protocollo d&#8217;intesa triennale con l&#8217;esercito italiano che prevede lo svolgimento dell&#8217;alternanza scuola-lavoro nei reparti militari dell&#8217;esercito<\/strong> &#8211; <a href=\"https:\/\/www.facebook.com\/collettivored.militant\/posts\/3189732781310683?__cft__%5b0%5d=AZVVq11gNG4b75xdGxz-TI4s9andso6DbWcqszO60v1yCsjyxm0g2vhVjtTpKkqT-4x7kZr_vrlXedJZGqvj0ELGKFhbcQp3RLgDtyGL13J6FPUfQWsH66yJVpWfD4KmVOCrkbHkStREaaJpFZAPL50_&amp;__tn__=%2CO%2CP-R\">comunicato <\/a><strong><a href=\"https:\/\/www.facebook.com\/collettivored.militant\/?__cft__%5b0%5d=AZVVq11gNG4b75xdGxz-TI4s9andso6DbWcqszO60v1yCsjyxm0g2vhVjtTpKkqT-4x7kZr_vrlXedJZGqvj0ELGKFhbcQp3RLgDtyGL13J6FPUfQWsH66yJVpWfD4KmVOCrkbHkStREaaJpFZAPL50_&amp;__tn__=-UC%2CP-R\">Collettivo Red Militant<\/a> &#8211; <\/strong>Si tratta di una vera e propria campagna di arruolamento tra gli studenti, che verranno sottoposti ad una massiccio indottrinamento nazional-patriottardo, volto a trasformarli in pedine della campagna di potenziamento del ruolo imperialista dell&#8217;Italia (gi\u00e0 ampiamente rafforzato dall&#8217;incessante aumento delle spese militari). Esplicitamente i vertici militari interessati parlano di &#8220;diffusione dei valori etico-sociali, della storia e delle tradizioni militari&#8221;, con toni che ricordano la propaganda fascista. Dopo la presenza dei marines di Sigonella negli istituti catanesi (coperta dalla foglia di fico del volontariato), si mette in atto l&#8217;ennesimo tentativo di far penetrare la logica aggressiva e guerrafondaia tra gli studenti. L&#8217;alternanza scuola-lavoro diventa un momento per aggravare la dequalificazione dell&#8217;istruzione e fornire manodopera a costo zero per i servizi pi\u00f9 gravosi all&#8217;interno delle caserme.<\/p>\n<p><em>SOSTENIAMO LA MOBILITAZIONE DEI COLLETTIVI STUDENTESCHI E DEI SINDACATI COMBATTIVI (USB E COBAS SCUOLA) CHE SONO IN PRIMA FILA NELLA MOBILITAZIONE CONTRO LA DIFFUSIONE DELLA MILITARIZZAZIONE E DEL NAZIONALISMO GUERRAFONDAIO NEI NOSTRI ISTITUTI!<\/em><\/p>\n<p><strong>\u00a0<\/strong><\/p>\n<p><strong>\u00a0\u201cAmbulatorio Borgo Vecchio\u201d &#8211; Nel mondo sono morte 5milioni e mezzo di persone. E noi come nel gioco dell&#8217;oca ritorniamo (quasi) al punto di partenza \u2013 \u201c<\/strong>Lo diciamo da molto molto tempo. Al posto di farvi distrarre dal dualismo mediatico si\/no vax, su questi temi dovremmo essere tutti d&#8217;accordo. Serve vaccinare il mondo! E per farlo serve la sospensione sui brevetti dei vaccini!!! Ne usciamo solo tutti insieme\u201d. Cos\u00ec scrive l\u2019<a href=\"https:\/\/www.facebook.com\/ambulatorioborgovecchio\/?__cft__%5b0%5d=AZW-CBDqs6wFcMI0mTqbxCfDVF1P1jpsOn-eTtFmviR3YhuMGYCHznSwyynLc3FB6cHhiV9f8YvSVgbOvp4bJVtjUskjhOPkzUgobaMcwYB98cNu2cMWj0JQvkUpYHIfSKu1xXJGpZg7gpt0dN2afT_Q&amp;__tn__=-UC%2CP-R\">Ambulatorio di Quartiere BorgoVecchio<\/a> in una breve <a href=\"https:\/\/www.facebook.com\/ambulatorioborgovecchio\/posts\/1972609636239526?__cft__%5b0%5d=AZW-CBDqs6wFcMI0mTqbxCfDVF1P1jpsOn-eTtFmviR3YhuMGYCHznSwyynLc3FB6cHhiV9f8YvSVgbOvp4bJVtjUskjhOPkzUgobaMcwYB98cNu2cMWj0JQvkUpYHIfSKu1xXJGpZg7gpt0dN2afT_Q&amp;__tn__=%2CO%2CP-R\">nota, <\/a>a cui ha fatto seguito un\u2019ulteriore esplicitazione politica che riportiamo: \u00ab\u00a0Si \u00e8 capito, nel tempo (ma era prevedibile), che questi vaccini non fossero La Soluzione al problema, ma semplicemente un&#8217;importante arma per ridurre di molto la pericolosit\u00e0 del contagio. Un&#8217;arma che si sarebbe dovuto pensare come &#8220;strumento insieme ad altri&#8221;: tracciamenti, politiche di contenimento ma soprattutto il potenziamento dei servizi pubblici &#8211; sanit\u00e0, scuola, trasporti. Invece, nel nome del dio denaro, <em>non solo <\/em>non si vuole ammettere che le vaccinazioni sarebbero state pi\u00f9 efficaci se pensate in un progetto di fruibilit\u00e0 globale; <em>non solo<\/em> si \u00e8 scelto &#8220;politicamente&#8221;, piuttosto che &#8220;scientificamente&#8221;, quali fossero i vaccini migliori (Cuba &#8211; per esempio &#8211; ha l&#8217;unico vero vaccino pediatrico al mondo, ma gli Stati democratici non lo vogliono: poi per\u00f2 gli &#8220;anti-scienza&#8221; sono i novax); <em>non solo<\/em> ci si \u00e8 approfittati della pandemia per arricchire le tasche di pochi; <strong><em>ma \u2013 nel nome del dio denaro -si continua a nascondere tutto questo sotto il velo della guerra ideologica al novax<\/em><\/strong>. Mentre si abbandonano tutte le altre armi di contrasto al virus. Cosicch\u00e9 cittadini e sanitari vengono, di nuovo, lasciati allo sbando. A questo gioco bisogna sottrarsi\u00bb.<\/p>\n<p><em>P.s. avviso a chi governa (ed indirettamente agli operatori sanitari). Quando poi ci parlerete di quarta, quinta dose non vi stupite se per le persone avrete la stessa credibilit\u00e0 di uno youtuber qualsiasi. La colpa sar\u00e0 vostra. Ed agli operatori sanitari: prendetevela con chi sta gestendo cos\u00ec tutto questo.<\/em><\/p>\n<p>&nbsp;<\/p>\n<p><strong>Ecomuseo Urbano Mare Memoria Viva presenta il suo nuovo progetto: \u201cIl Trampolino. Interventi innovativi per tuffarsi nel futuro&#8221;<\/strong> \u2013 Oggi \u00a0alle ore 17:00 iniziativa culturale all\u2019Ecomuseo Urbano c\/o ex deposito locomotive di Sant&#8217;Erasmo sar\u00e0 presentato il progetto \u00a0&#8220;Il Trampolino&#8221; che permetter\u00e0 di realizzare nuovi spazi, attivit\u00e0 culturali e sociali nel territorio prossimo all\u2019Ecomuseo a Sant\u2019Erasmo &#8211; con e per giovani tra i 14 e i 35 anni. \u00abGli spazi dell\u2019ecomuseo e gli spazi pubblici limitrofi saranno abitati e ri-significati da diverse attivit\u00e0 di rigenerazione, mappatura, ricerca e gioco, co-progettate e realizzate da ragazzi e ragazze insieme ad architetti, artisti, narratori e creativi della citt\u00e0. L\u2019inizio del progetto e la presentazione pubblica delle attivit\u00e0 programmate sar\u00e0 anche un\u2019occasione di incontro e confronto tra chi in citt\u00e0 lavora sulle pratiche educative e culturali per e con giovani e adolescenti. \u201cTuffarsi nel futuro\u201d per noi significa creare occasioni di relazione per definire un progetto di vita desiderabile e attivarsi per realizzarlo. I due pilastri su cui poggia l\u2019approccio educativo dell\u2019Ecomuseo Mare Memoria Viva sono la consapevolezza urbana e il diritto all\u2019orizzonte: la possibilit\u00e0 di immaginare una vita diversa e la capacit\u00e0 di \u201cmuoversi\u201d per far si che il proprio progetto di vita diventi reale\u00bb.<br \/>\nPer info sul progetto e le attivit\u00e0 contattare: <a href=\"mailto:comunicazione@marememoriaviva.it\">comunicazione@marememoriaviva.it<\/a><\/p>\n<p><strong>\u00a0<\/strong><\/p>\n<p><strong>Presentazione Report &#8220;Dal Mare al Carcere&#8221; e del Boat Drivers&#8217; Support Group &#8211; La libert\u00e0 di movimento \u00e8 un diritto, non un reato \u2013 \u201c<\/strong>Nell\u2019ultimo decennio, l\u2019Italia ha fermato migliaia di persone solamente per aver guidato una barca che ha attraversato il Mar mediterraneo: i cosiddetti \u2018scafisti\u2019. Il nostro report racconta il loro percorso, dal mare al carcere, analizzando e quindi denunciando la criminalizzazione della migrazione\u201d<strong>. <\/strong>Promossa da Rete Antirazzista Catanese, ARCI Porco Rosso e Borderline Sicilia, venerd\u00ec 14 gennaio ore 18:30 a Catania (Via Vecchia Ognina, 56), sar\u00e0 presentato il Report &#8220;Dal Mare al Carcere: la criminalizzazione dei cosiddetti scafisti&#8221; e del nuovo boat drivers&#8217; support group. L\u2019incontro, moderato da Filippo Finocchiaro (ASGI), vedr\u00e0 la partecipazione dei seguenti relatori: Sara Traylor (Alarm Phone), Cheikh Sene, Maria Giulia Fava, Richard Braude (ARCI Porco Rosso) e Germana Graceffo (Borderline Sicilia). Inoltre\u00a0Claudia Gazzini (Senior Analyst per la Libia, International Crisis Group), interverr\u00e0 su \u201cPunto sulla strage di Ferragosto 2015\u201d. [\u00a0Il report \u00e8 scaricabile qui:\u00a0<a href=\"https:\/\/dalmarealcarcere.blog\/?fbclid=IwAR0nvzz0Jt1A_2cb2cghCL3fPpzoR6fyjKcaYGJL_hNp17KzBG1CNzQaVPE\">https:\/\/dalmarealcarcere.blog\/<\/a>].\u00a0 Per chi volesse partecipare online invii prima una email a <a href=\"mailto:catanianofrontex@gmail.com\">catanianofrontex@gmail.com<\/a> [<a href=\"https:\/\/www.facebook.com\/events\/450986823294728\/?ref=newsfeed\">info<\/a>]<\/p>\n<p>&nbsp;<\/p>\n<p><strong>Nazra Festival a Catania, uno sguardo sulla Palestina \u2013 <\/strong>Ancora una volta, come gi\u00e0 accade da alcune stagioni, Catania ha avuto la possibilit\u00e0 di ospitare una tappa della tourn\u00e9e italiana del Nazra Palestine Short Film Festival, grazie alla collaborazione tra il Cinestudio del cinema King e le Associazioni AssoPace Palestina, Libera, Pax Christi, UDI.\u00a0 Si tratta di un evento che, per diversi motivi, va assumendo ogni anno una rilevanza sempre pi\u00f9 marcata, malgrado le difficolt\u00e0 legate alla pandemia che hanno indotto a sostituire la tradizionale premiazione veneziana con un\u2019edizione online. Il Festival viene, infatti, a colmare, almeno in parte, la rarefazione sempre pi\u00f9 accentuata di informazioni sull\u2019occupazione israeliana della Palestina. Ma c\u2019\u00e8 anche da dire che il livello delle proposte cinematografiche \u00e8 cresciuto negli anni, fino al punto da rendere interessante l\u2019aspetto artistico dei film almeno quanto quello sociale e politico.\u00a0 Le difficolt\u00e0 organizzative locali e la durata non sempre brevissima dei corti hanno determinato una selezione ridotta a cinque titoli, tutti davvero belli, il cui denominatore comune pu\u00f2 forse essere riconosciuto nel tentativo (non sempre riuscito) di costruire occasioni di resistenza nonviolenta alle sopraffazioni del Paese occupante. [<strong><a href=\"https:\/\/www.argocatania.org\/2022\/01\/09\/nazra-festival-a-catania-uno-sguardo-sulla-palestina\/#more-72984\">Leggi il resto su<\/a> <\/strong><strong><a href=\"https:\/\/www.argocatania.org\/2022\/01\/09\/nazra-festival-a-catania-uno-sguardo-sulla-palestina\/?utm_source=mailpoet&amp;utm_medium=email&amp;utm_campaign=the-last-newsletter-total-posts-from-our-blog_36\">argocatania<\/a>]<\/strong><\/p>\n<p>&nbsp;<\/p>\n<p><strong>Libia, i 99 giorni di lotta dei dimenticati dal mondo: <em>i rifugiati protestano davanti agli uffici <\/em>dell\u2019Unhcr di Tripoli<\/strong> &#8211; \u00abLa comunit\u00e0 internazionale non vuole ascoltarci\u00bb, denunciano i rifugiati sopravvissuti ai rastrellamenti dello scorso ottobre e ai centri di prigionia. Le richieste di protezione avanzate in pi\u00f9 di tre mesi di lotta sono cadute nel vuoto. Dall\u2019inizio della protesta tre persone sono state uccise e una rapita. Nuovi arresti di migranti a Sabratha e Tripoli<strong>.<\/strong> La notizia <strong>\u2013 <\/strong>scrive Giansandro Merli<strong> \u2013 <\/strong>\u00e8 che non \u00e8 successo nulla. A Tripoli migliaia di rifugiati protestano da novantanove giorni chiedendo l\u2019evacuazione verso un qualsiasi paese dove non rischino la vita a ogni passo, ma nessuno ha dato loro risposte. Insieme a frustrazione e paura \u00e8 cresciuta la consapevolezza di essere stati dimenticati dal mondo. \u00abLa comunit\u00e0 internazionale &#8211; dice David Oliver Yambio &#8211; non vuole ascoltarci. Il nostro presidio \u00e8 ormai normalizzato per il pubblico globale. All\u2019inizio ci sono state alcune reazioni dai media. Poi pi\u00f9 niente. Sembra non importare a nessuno che queste persone rivendichino il diritto a vivere e non subire torture\u00bb.\u00a0 \u00a0 <em>[il Manifesto<\/em> <em><a href=\"https:\/\/ilmanifesto.it\/edizione\/il-manifesto-del-08-01-2022\/\">08.01.2022<\/a><\/em><em>]<\/em><\/p>\n<p><strong>\u00a0<\/strong><\/p>\n<p><strong>la rubrica\u00a0 \u00e8 soggetta ad aggiornamenti: per segnalazioni, contributi, comunicati stampa scrivere a\u00a0<\/strong><a href=\"mailto:pressenza.redazionepalermo@gmail.com\">pressenza.redazionepalermo@gmail.com<\/a><\/p>\n<p>&nbsp;<\/p>\n","protected":false},"excerpt":{"rendered":"<p>Rubrica settimanale su eventi e fatti in Sicilia -a cura RedPA- &nbsp; No alla chiusura del reparto di ginecologia e ostetricia dell&#8217;ospedale Cervello e nuovi presidi sanitari e consultori! &#8211; comunicato\u00a0 Non una di meno &#8211; Palermo\u00a0&#8211; \u00a0Stop alle nascite:&hellip;<\/p>\n","protected":false},"author":1860,"featured_media":1501716,"comment_status":"closed","ping_status":"closed","sticky":false,"template":"","format":"standard","meta":{"footnotes":""},"categories":[150,56,1258,54513,46975,54572,57,1259],"tags":[98298,98299,98296,89098,1227,98297,97188,98295],"class_list":["post-1501275","post","type-post","status-publish","format-standard","has-post-thumbnail","hentry","category-comunicati-stampa","category-cultura","category-educazione","category-genere-e-femminismi","category-giovani","category-migranti","category-affari-esteri","category-salute-argomento","tag-ambulatorio-borgo-vecchio","tag-ecomuseo-urbano","tag-nazra-festival","tag-nudm-palermo","tag-palestina-it","tag-report-dal-mare-al-carcere","tag-rifugiati-in-libia","tag-slaicobas-sc"],"yoast_head":"<!-- This site is optimized with the Yoast SEO plugin v27.1.1 - https:\/\/yoast.com\/product\/yoast-seo-wordpress\/ -->\n<title>76#Palermo\u1eca\u019e\u1e3eovimento. Bloc-News della contronarrazione sociale<\/title>\n<meta name=\"description\" content=\"Rubrica settimanale su eventi e fatti in Sicilia -a cura RedPA- &nbsp; No alla chiusura del reparto di ginecologia e ostetricia dell&#039;ospedale Cervello e\" \/>\n<meta name=\"robots\" content=\"index, follow, max-snippet:-1, max-image-preview:large, max-video-preview:-1\" \/>\n<link rel=\"canonical\" href=\"https:\/\/www.pressenza.com\/it\/2022\/01\/76palermoi%c6%9e%e1%b8%bfovimento-bloc-news-della-contronarrazione-sociale\/\" \/>\n<meta property=\"og:locale\" content=\"it_IT\" \/>\n<meta property=\"og:type\" content=\"article\" \/>\n<meta property=\"og:title\" content=\"76#Palermo\u1eca\u019e\u1e3eovimento. Bloc-News della contronarrazione sociale\" \/>\n<meta property=\"og:description\" content=\"Rubrica settimanale su eventi e fatti in Sicilia -a cura RedPA- &nbsp; No alla chiusura del reparto di ginecologia e ostetricia dell&#039;ospedale Cervello e\" \/>\n<meta property=\"og:url\" content=\"https:\/\/www.pressenza.com\/it\/2022\/01\/76palermoi%c6%9e%e1%b8%bfovimento-bloc-news-della-contronarrazione-sociale\/\" \/>\n<meta property=\"og:site_name\" content=\"Pressenza\" \/>\n<meta property=\"article:publisher\" content=\"https:\/\/www.facebook.com\/PressenzaItalia\" \/>\n<meta property=\"article:published_time\" content=\"2022-01-10T11:41:51+00:00\" \/>\n<meta property=\"article:modified_time\" content=\"2022-01-11T09:41:19+00:00\" \/>\n<meta property=\"og:image\" content=\"https:\/\/www.pressenza.com\/wp-content\/uploads\/2022\/01\/1280px-TabulaRogeriana_PRESSENZA.jpg\" \/>\n\t<meta property=\"og:image:width\" content=\"980\" \/>\n\t<meta property=\"og:image:height\" content=\"524\" \/>\n\t<meta property=\"og:image:type\" content=\"image\/jpeg\" \/>\n<meta name=\"author\" content=\"Redazione Palermo\" \/>\n<meta name=\"twitter:card\" content=\"summary_large_image\" \/>\n<meta name=\"twitter:creator\" content=\"@PressenzaIPA\" \/>\n<meta name=\"twitter:site\" content=\"@PressenzaIPA\" \/>\n<meta name=\"twitter:label1\" content=\"Scritto da\" \/>\n\t<meta name=\"twitter:data1\" content=\"Redazione Palermo\" \/>\n\t<meta name=\"twitter:label2\" content=\"Tempo di lettura stimato\" \/>\n\t<meta name=\"twitter:data2\" content=\"9 minuti\" \/>\n<script type=\"application\/ld+json\" class=\"yoast-schema-graph\">{\"@context\":\"https:\/\/schema.org\",\"@graph\":[{\"@type\":\"Article\",\"@id\":\"https:\/\/www.pressenza.com\/it\/2022\/01\/76palermoi%c6%9e%e1%b8%bfovimento-bloc-news-della-contronarrazione-sociale\/#article\",\"isPartOf\":{\"@id\":\"https:\/\/www.pressenza.com\/it\/2022\/01\/76palermoi%c6%9e%e1%b8%bfovimento-bloc-news-della-contronarrazione-sociale\/\"},\"author\":{\"name\":\"Redazione Palermo\",\"@id\":\"https:\/\/www.pressenza.com\/it\/#\/schema\/person\/dd233b73788fa2d4f797777f9b6c1100\"},\"headline\":\"76#Palermo\u1eca\u019e\u1e3eovimento. Bloc-News della contronarrazione sociale\",\"datePublished\":\"2022-01-10T11:41:51+00:00\",\"dateModified\":\"2022-01-11T09:41:19+00:00\",\"mainEntityOfPage\":{\"@id\":\"https:\/\/www.pressenza.com\/it\/2022\/01\/76palermoi%c6%9e%e1%b8%bfovimento-bloc-news-della-contronarrazione-sociale\/\"},\"wordCount\":1747,\"publisher\":{\"@id\":\"https:\/\/www.pressenza.com\/it\/#organization\"},\"image\":{\"@id\":\"https:\/\/www.pressenza.com\/it\/2022\/01\/76palermoi%c6%9e%e1%b8%bfovimento-bloc-news-della-contronarrazione-sociale\/#primaryimage\"},\"thumbnailUrl\":\"https:\/\/www.pressenza.com\/wp-content\/uploads\/2022\/01\/1280px-TabulaRogeriana_PRESSENZA.jpg\",\"keywords\":[\"Ambulatorio Borgo Vecchio\",\"Ecomuseo Urbano\",\"Nazra Festival\",\"NUdM Palermo\",\"Palestina\",\"Report \\\"Dal Mare al Carcere\\\"\",\"rifugiati in Libia\",\"SlaiCobas-sc\"],\"articleSection\":[\"Comunicati Stampa\",\"Cultura e Media\",\"Educazione\",\"Genere e femminismi\",\"Giovani\",\"Migranti\",\"Questioni internazionali\",\"Salute\"],\"inLanguage\":\"it-IT\"},{\"@type\":\"WebPage\",\"@id\":\"https:\/\/www.pressenza.com\/it\/2022\/01\/76palermoi%c6%9e%e1%b8%bfovimento-bloc-news-della-contronarrazione-sociale\/\",\"url\":\"https:\/\/www.pressenza.com\/it\/2022\/01\/76palermoi%c6%9e%e1%b8%bfovimento-bloc-news-della-contronarrazione-sociale\/\",\"name\":\"76#Palermo\u1eca\u019e\u1e3eovimento. Bloc-News della contronarrazione sociale\",\"isPartOf\":{\"@id\":\"https:\/\/www.pressenza.com\/it\/#website\"},\"primaryImageOfPage\":{\"@id\":\"https:\/\/www.pressenza.com\/it\/2022\/01\/76palermoi%c6%9e%e1%b8%bfovimento-bloc-news-della-contronarrazione-sociale\/#primaryimage\"},\"image\":{\"@id\":\"https:\/\/www.pressenza.com\/it\/2022\/01\/76palermoi%c6%9e%e1%b8%bfovimento-bloc-news-della-contronarrazione-sociale\/#primaryimage\"},\"thumbnailUrl\":\"https:\/\/www.pressenza.com\/wp-content\/uploads\/2022\/01\/1280px-TabulaRogeriana_PRESSENZA.jpg\",\"datePublished\":\"2022-01-10T11:41:51+00:00\",\"dateModified\":\"2022-01-11T09:41:19+00:00\",\"description\":\"Rubrica settimanale su eventi e fatti in Sicilia -a cura RedPA- &nbsp; No alla chiusura del reparto di ginecologia e ostetricia dell'ospedale Cervello e\",\"breadcrumb\":{\"@id\":\"https:\/\/www.pressenza.com\/it\/2022\/01\/76palermoi%c6%9e%e1%b8%bfovimento-bloc-news-della-contronarrazione-sociale\/#breadcrumb\"},\"inLanguage\":\"it-IT\",\"potentialAction\":[{\"@type\":\"ReadAction\",\"target\":[\"https:\/\/www.pressenza.com\/it\/2022\/01\/76palermoi%c6%9e%e1%b8%bfovimento-bloc-news-della-contronarrazione-sociale\/\"]}]},{\"@type\":\"ImageObject\",\"inLanguage\":\"it-IT\",\"@id\":\"https:\/\/www.pressenza.com\/it\/2022\/01\/76palermoi%c6%9e%e1%b8%bfovimento-bloc-news-della-contronarrazione-sociale\/#primaryimage\",\"url\":\"https:\/\/www.pressenza.com\/wp-content\/uploads\/2022\/01\/1280px-TabulaRogeriana_PRESSENZA.jpg\",\"contentUrl\":\"https:\/\/www.pressenza.com\/wp-content\/uploads\/2022\/01\/1280px-TabulaRogeriana_PRESSENZA.jpg\",\"width\":980,\"height\":524},{\"@type\":\"BreadcrumbList\",\"@id\":\"https:\/\/www.pressenza.com\/it\/2022\/01\/76palermoi%c6%9e%e1%b8%bfovimento-bloc-news-della-contronarrazione-sociale\/#breadcrumb\",\"itemListElement\":[{\"@type\":\"ListItem\",\"position\":1,\"name\":\"Accueil\",\"item\":\"https:\/\/www.pressenza.com\/it\/\"},{\"@type\":\"ListItem\",\"position\":2,\"name\":\"76#Palermo\u1eca\u019e\u1e3eovimento. Bloc-News della contronarrazione sociale\"}]},{\"@type\":\"WebSite\",\"@id\":\"https:\/\/www.pressenza.com\/it\/#website\",\"url\":\"https:\/\/www.pressenza.com\/it\/\",\"name\":\"Pressenza\",\"description\":\"Agenzia di Stampa Internazionale\",\"publisher\":{\"@id\":\"https:\/\/www.pressenza.com\/it\/#organization\"},\"potentialAction\":[{\"@type\":\"SearchAction\",\"target\":{\"@type\":\"EntryPoint\",\"urlTemplate\":\"https:\/\/www.pressenza.com\/it\/?s={search_term_string}\"},\"query-input\":{\"@type\":\"PropertyValueSpecification\",\"valueRequired\":true,\"valueName\":\"search_term_string\"}}],\"inLanguage\":\"it-IT\"},{\"@type\":\"Organization\",\"@id\":\"https:\/\/www.pressenza.com\/it\/#organization\",\"name\":\"Pressenza\",\"url\":\"https:\/\/www.pressenza.com\/it\/\",\"logo\":{\"@type\":\"ImageObject\",\"inLanguage\":\"it-IT\",\"@id\":\"https:\/\/www.pressenza.com\/it\/#\/schema\/logo\/image\/\",\"url\":\"https:\/\/www.pressenza.com\/wp-content\/uploads\/2022\/10\/pressenza_logo_200x200.jpg\",\"contentUrl\":\"https:\/\/www.pressenza.com\/wp-content\/uploads\/2022\/10\/pressenza_logo_200x200.jpg\",\"width\":200,\"height\":200,\"caption\":\"Pressenza\"},\"image\":{\"@id\":\"https:\/\/www.pressenza.com\/it\/#\/schema\/logo\/image\/\"},\"sameAs\":[\"https:\/\/www.facebook.com\/PressenzaItalia\",\"https:\/\/x.com\/PressenzaIPA\"]},{\"@type\":\"Person\",\"@id\":\"https:\/\/www.pressenza.com\/it\/#\/schema\/person\/dd233b73788fa2d4f797777f9b6c1100\",\"name\":\"Redazione Palermo\",\"description\":\"News from the Pressenza Bureau in Palermo, Italy\",\"url\":\"https:\/\/www.pressenza.com\/it\/author\/redazione-palermo\/\"}]}<\/script>\n<!-- \/ Yoast SEO plugin. -->","yoast_head_json":{"title":"76#Palermo\u1eca\u019e\u1e3eovimento. Bloc-News della contronarrazione sociale","description":"Rubrica settimanale su eventi e fatti in Sicilia -a cura RedPA- &nbsp; No alla chiusura del reparto di ginecologia e ostetricia dell'ospedale Cervello e","robots":{"index":"index","follow":"follow","max-snippet":"max-snippet:-1","max-image-preview":"max-image-preview:large","max-video-preview":"max-video-preview:-1"},"canonical":"https:\/\/www.pressenza.com\/it\/2022\/01\/76palermoi%c6%9e%e1%b8%bfovimento-bloc-news-della-contronarrazione-sociale\/","og_locale":"it_IT","og_type":"article","og_title":"76#Palermo\u1eca\u019e\u1e3eovimento. Bloc-News della contronarrazione sociale","og_description":"Rubrica settimanale su eventi e fatti in Sicilia -a cura RedPA- &nbsp; No alla chiusura del reparto di ginecologia e ostetricia dell'ospedale Cervello e","og_url":"https:\/\/www.pressenza.com\/it\/2022\/01\/76palermoi%c6%9e%e1%b8%bfovimento-bloc-news-della-contronarrazione-sociale\/","og_site_name":"Pressenza","article_publisher":"https:\/\/www.facebook.com\/PressenzaItalia","article_published_time":"2022-01-10T11:41:51+00:00","article_modified_time":"2022-01-11T09:41:19+00:00","og_image":[{"width":980,"height":524,"url":"https:\/\/www.pressenza.com\/wp-content\/uploads\/2022\/01\/1280px-TabulaRogeriana_PRESSENZA.jpg","type":"image\/jpeg"}],"author":"Redazione Palermo","twitter_card":"summary_large_image","twitter_creator":"@PressenzaIPA","twitter_site":"@PressenzaIPA","twitter_misc":{"Scritto da":"Redazione Palermo","Tempo di lettura stimato":"9 minuti"},"schema":{"@context":"https:\/\/schema.org","@graph":[{"@type":"Article","@id":"https:\/\/www.pressenza.com\/it\/2022\/01\/76palermoi%c6%9e%e1%b8%bfovimento-bloc-news-della-contronarrazione-sociale\/#article","isPartOf":{"@id":"https:\/\/www.pressenza.com\/it\/2022\/01\/76palermoi%c6%9e%e1%b8%bfovimento-bloc-news-della-contronarrazione-sociale\/"},"author":{"name":"Redazione Palermo","@id":"https:\/\/www.pressenza.com\/it\/#\/schema\/person\/dd233b73788fa2d4f797777f9b6c1100"},"headline":"76#Palermo\u1eca\u019e\u1e3eovimento. Bloc-News della contronarrazione sociale","datePublished":"2022-01-10T11:41:51+00:00","dateModified":"2022-01-11T09:41:19+00:00","mainEntityOfPage":{"@id":"https:\/\/www.pressenza.com\/it\/2022\/01\/76palermoi%c6%9e%e1%b8%bfovimento-bloc-news-della-contronarrazione-sociale\/"},"wordCount":1747,"publisher":{"@id":"https:\/\/www.pressenza.com\/it\/#organization"},"image":{"@id":"https:\/\/www.pressenza.com\/it\/2022\/01\/76palermoi%c6%9e%e1%b8%bfovimento-bloc-news-della-contronarrazione-sociale\/#primaryimage"},"thumbnailUrl":"https:\/\/www.pressenza.com\/wp-content\/uploads\/2022\/01\/1280px-TabulaRogeriana_PRESSENZA.jpg","keywords":["Ambulatorio Borgo Vecchio","Ecomuseo Urbano","Nazra Festival","NUdM Palermo","Palestina","Report \"Dal Mare al Carcere\"","rifugiati in Libia","SlaiCobas-sc"],"articleSection":["Comunicati Stampa","Cultura e Media","Educazione","Genere e femminismi","Giovani","Migranti","Questioni internazionali","Salute"],"inLanguage":"it-IT"},{"@type":"WebPage","@id":"https:\/\/www.pressenza.com\/it\/2022\/01\/76palermoi%c6%9e%e1%b8%bfovimento-bloc-news-della-contronarrazione-sociale\/","url":"https:\/\/www.pressenza.com\/it\/2022\/01\/76palermoi%c6%9e%e1%b8%bfovimento-bloc-news-della-contronarrazione-sociale\/","name":"76#Palermo\u1eca\u019e\u1e3eovimento. Bloc-News della contronarrazione sociale","isPartOf":{"@id":"https:\/\/www.pressenza.com\/it\/#website"},"primaryImageOfPage":{"@id":"https:\/\/www.pressenza.com\/it\/2022\/01\/76palermoi%c6%9e%e1%b8%bfovimento-bloc-news-della-contronarrazione-sociale\/#primaryimage"},"image":{"@id":"https:\/\/www.pressenza.com\/it\/2022\/01\/76palermoi%c6%9e%e1%b8%bfovimento-bloc-news-della-contronarrazione-sociale\/#primaryimage"},"thumbnailUrl":"https:\/\/www.pressenza.com\/wp-content\/uploads\/2022\/01\/1280px-TabulaRogeriana_PRESSENZA.jpg","datePublished":"2022-01-10T11:41:51+00:00","dateModified":"2022-01-11T09:41:19+00:00","description":"Rubrica settimanale su eventi e fatti in Sicilia -a cura RedPA- &nbsp; No alla chiusura del reparto di ginecologia e ostetricia dell'ospedale Cervello e","breadcrumb":{"@id":"https:\/\/www.pressenza.com\/it\/2022\/01\/76palermoi%c6%9e%e1%b8%bfovimento-bloc-news-della-contronarrazione-sociale\/#breadcrumb"},"inLanguage":"it-IT","potentialAction":[{"@type":"ReadAction","target":["https:\/\/www.pressenza.com\/it\/2022\/01\/76palermoi%c6%9e%e1%b8%bfovimento-bloc-news-della-contronarrazione-sociale\/"]}]},{"@type":"ImageObject","inLanguage":"it-IT","@id":"https:\/\/www.pressenza.com\/it\/2022\/01\/76palermoi%c6%9e%e1%b8%bfovimento-bloc-news-della-contronarrazione-sociale\/#primaryimage","url":"https:\/\/www.pressenza.com\/wp-content\/uploads\/2022\/01\/1280px-TabulaRogeriana_PRESSENZA.jpg","contentUrl":"https:\/\/www.pressenza.com\/wp-content\/uploads\/2022\/01\/1280px-TabulaRogeriana_PRESSENZA.jpg","width":980,"height":524},{"@type":"BreadcrumbList","@id":"https:\/\/www.pressenza.com\/it\/2022\/01\/76palermoi%c6%9e%e1%b8%bfovimento-bloc-news-della-contronarrazione-sociale\/#breadcrumb","itemListElement":[{"@type":"ListItem","position":1,"name":"Accueil","item":"https:\/\/www.pressenza.com\/it\/"},{"@type":"ListItem","position":2,"name":"76#Palermo\u1eca\u019e\u1e3eovimento. Bloc-News della contronarrazione sociale"}]},{"@type":"WebSite","@id":"https:\/\/www.pressenza.com\/it\/#website","url":"https:\/\/www.pressenza.com\/it\/","name":"Pressenza","description":"Agenzia di Stampa Internazionale","publisher":{"@id":"https:\/\/www.pressenza.com\/it\/#organization"},"potentialAction":[{"@type":"SearchAction","target":{"@type":"EntryPoint","urlTemplate":"https:\/\/www.pressenza.com\/it\/?s={search_term_string}"},"query-input":{"@type":"PropertyValueSpecification","valueRequired":true,"valueName":"search_term_string"}}],"inLanguage":"it-IT"},{"@type":"Organization","@id":"https:\/\/www.pressenza.com\/it\/#organization","name":"Pressenza","url":"https:\/\/www.pressenza.com\/it\/","logo":{"@type":"ImageObject","inLanguage":"it-IT","@id":"https:\/\/www.pressenza.com\/it\/#\/schema\/logo\/image\/","url":"https:\/\/www.pressenza.com\/wp-content\/uploads\/2022\/10\/pressenza_logo_200x200.jpg","contentUrl":"https:\/\/www.pressenza.com\/wp-content\/uploads\/2022\/10\/pressenza_logo_200x200.jpg","width":200,"height":200,"caption":"Pressenza"},"image":{"@id":"https:\/\/www.pressenza.com\/it\/#\/schema\/logo\/image\/"},"sameAs":["https:\/\/www.facebook.com\/PressenzaItalia","https:\/\/x.com\/PressenzaIPA"]},{"@type":"Person","@id":"https:\/\/www.pressenza.com\/it\/#\/schema\/person\/dd233b73788fa2d4f797777f9b6c1100","name":"Redazione Palermo","description":"News from the Pressenza Bureau in Palermo, Italy","url":"https:\/\/www.pressenza.com\/it\/author\/redazione-palermo\/"}]}},"place":"","original_article_url":"","_links":{"self":[{"href":"https:\/\/www.pressenza.com\/it\/wp-json\/wp\/v2\/posts\/1501275","targetHints":{"allow":["GET"]}}],"collection":[{"href":"https:\/\/www.pressenza.com\/it\/wp-json\/wp\/v2\/posts"}],"about":[{"href":"https:\/\/www.pressenza.com\/it\/wp-json\/wp\/v2\/types\/post"}],"author":[{"embeddable":true,"href":"https:\/\/www.pressenza.com\/it\/wp-json\/wp\/v2\/users\/1860"}],"replies":[{"embeddable":true,"href":"https:\/\/www.pressenza.com\/it\/wp-json\/wp\/v2\/comments?post=1501275"}],"version-history":[{"count":0,"href":"https:\/\/www.pressenza.com\/it\/wp-json\/wp\/v2\/posts\/1501275\/revisions"}],"wp:featuredmedia":[{"embeddable":true,"href":"https:\/\/www.pressenza.com\/it\/wp-json\/wp\/v2\/media\/1501716"}],"wp:attachment":[{"href":"https:\/\/www.pressenza.com\/it\/wp-json\/wp\/v2\/media?parent=1501275"}],"wp:term":[{"taxonomy":"category","embeddable":true,"href":"https:\/\/www.pressenza.com\/it\/wp-json\/wp\/v2\/categories?post=1501275"},{"taxonomy":"post_tag","embeddable":true,"href":"https:\/\/www.pressenza.com\/it\/wp-json\/wp\/v2\/tags?post=1501275"}],"curies":[{"name":"wp","href":"https:\/\/api.w.org\/{rel}","templated":true}]}}