{"id":1500204,"date":"2022-01-08T09:09:25","date_gmt":"2022-01-08T09:09:25","guid":{"rendered":"https:\/\/www.pressenza.com\/?p=1500204"},"modified":"2022-01-08T09:11:10","modified_gmt":"2022-01-08T09:11:10","slug":"vax-e-no-vax-imparare-ad-accettarsi","status":"publish","type":"post","link":"https:\/\/www.pressenza.com\/it\/2022\/01\/vax-e-no-vax-imparare-ad-accettarsi\/","title":{"rendered":"Vax e no vax, imparare ad accettarsi"},"content":{"rendered":"<p>Trovo completamente sviante la facile identificazione tra rifiuto del vaccino (o di questo vaccino) e l\u2019egoismo individualistico di stampo \u201cneoliberista\u201d. E\u2019 un bersaglio di comodo che non ci porta lontano, ma che porta lontano altri. Ieri Theresa May auspicava la creazione di un ambiente ostile agli immigrati per \u201crisolvere\u201d il problema dell\u2019immigrazione. Oggi l\u2019ambiente ostile lo promuove, con pubblica dichiarazione, Macron nei confronti dei <em>no vax,<\/em> per risolvere quello della pandemia. In Italia lo si sta facendo da tempo con successo \u2013 con o senza pubbliche dichiarazioni \u2013 nei confronti di entrambi, migranti e <em>no vax<\/em>. Quale sar\u00e0 il prossimo bersaglio? Vero \u00e8 che molti cosiddetti <em>no vax<\/em> fanno altrettanto, se non peggio, nei confronti di medici \u201cvaccinisti\u201d e di infermieri impegnati nel loro lavoro. Ma non sono investiti di poteri pubblici n\u00e9 del favore della quasi totalit\u00e0 dei media. Il che \u00e8 una differenza di cui tener conto\u2026 Il risultato \u00e8 una crescente incomunicabilit\u00e0 tra le due \u201cparti\u201d, che si guardano in cagnesco.<\/p>\n<p>Nell\u2019arcipelago <em>no vax<\/em> ci sono molte componenti. Innanzitutto, nazisti e cattolici \u201ctradizionalisti\u201d \u2013 quasi la stessa cosa \u2013 con finalit\u00e0 palesemente strumentali, che hanno gioco grazie al disinteresse e alla renitenza nell\u2019interpretare le motivazioni di quell\u2019arcipelago da parte di chi come noi avrebbe invece tutto l\u2019interesse per cercare di farlo. Poi c\u2019\u00e8 una vasta schiera di persone dalle convinzioni solide (gi\u00e0 emersa quattro anni fa, in occasione delle mobilitazioni contro i dieci vaccini obbligatori della Lorenzin) per le quali il rifiuto dei vaccini, di tutti i vaccini, come di molti farmaci di sintesi riconosciuti dalla medicina ufficiale, fa parte di un regime di vita fatto di sobriet\u00e0, di cibo biologico, di lotta contro l\u2019inquinamento dei campi e dell\u2019ambiente, di rispetto e di ascolto della natura e del vivente. Un regime che non \u00e8 mai il frutto di scelte e meno che mai di pratiche individuali, ma di forme di condivisione che le costituiscono in comunit\u00e0 basate su mutualismo e solidariet\u00e0: pratiche da cui abbiamo tutto da imparare. Far passare le loro scelte per individualismo ed egoismo neoliberista \u00e8 una manifestazione di insipienza.<\/p>\n<p>Poi c\u2019\u00e8 una platea molto ampia di persone non organizzate che ce l\u2019hanno con il governo e che hanno trovato nelle manifestazioni <em>no vax<\/em> \u2013 in mancanza di altri \u201cattrattori\u201d sociali credibili \u2013 il modo di sfogare la loro rabbia in modo disordinato e a volte grottesco. Non si spiega altrimenti la perseveranza con cui hanno continuato a ritornare in piazza. Tra loro troviamo \u201ccollettivi\u201d tutt\u2019altro che egoisti \u2013 per lo meno in senso individualistico, ancorch\u00e9 li si potrebbe, per me a torto, giudicare \u201ccorporativi\u201d \u2013 come i portuali di Trieste e quelli di Genova (che, ricordo, hanno organizzato diversi scioperi contro il transito di armi, per questo lodati anche dal Papa, ma da chi, altri?). Poi c\u2019\u00e8 una schiera di \u201csbandati dei social\u201d, pronti a bere e a divulgare le pi\u00f9 varie e spesso pi\u00f9 stupide (ma non sempre) teorie complottiste. Hanno facile accesso alle altre componenti dell\u2019arcipelago che \u00e8 tutt\u2019altro che impermeabile a molte delle loro teorie, ma che certo non si risolve in esse. \u00a0Ma \u00e8 un motivo per lasciar loro campo libero?<\/p>\n<p>Occorre tener conto, per\u00f2, che l\u2019universo <em>no vax<\/em>, presente in tutto l\u2019Occidente (del resto del mondo non so) \u00e8 molto pi\u00f9 vasto di quel 10-15% di italiani non vaccinati, perch\u00e9 comprende anche molti che si sono visti costretti a vaccinarsi, ma che nutrono nei confronti dei vaccini, delle misure governative e del governo lo stesso rigetto dei <em>no vax<\/em> praticanti. E qui, pi\u00f9 che i sondaggi contano i discorsi che si sentono in tram o al bar. E pi\u00f9 che i nazisti, di cui non bisogna mai dimenticare presenza e minacce, conta una sempre pi\u00f9 ampia sovrapposizione tra le aree, tacite o dichiarate, del non voto e quella del <em>no vax<\/em>. D\u2019altronde, come dar loro torto?<\/p>\n<p>Non \u00e8 difficile vedere nelle decisioni contradditorie e contraddette dei governi \u2013 e soprattutto dell\u2019ultimo, quello in carica \u2013 non il carattere sperimentale e necessariamente mai definitivo dei risultati della ricerca scientifica, bens\u00ec il semplice compromesso tra gli interessi personali, elettorali e lobbistici di uomini come Salvini, Brunetta o Renzi, ma anche Letta o Speranza (pi\u00f9 molti altri. Draghi, d\u2019altronde, non \u00e8 da meno e ci ha messo pochi mesi per omologarsi al gruppo).Perch\u00e9, di molti dei tanti medici-scienziati che fanno le star in TV viene spesso da pensare che siano loro e la loro \u201cscienza\u201d ad adeguarsi alle scelte dei politici piuttosto che il contrario.<\/p>\n<p>Errori ne sono stati fatti molti e molti erano inevitabili, ma alcune scelte non sono errori ma crimini o inganni: innanzitutto il rifiuto di liberalizzare i brevetti sui vaccini, a cui il governo italiano si \u00e8 allineato, nonostante la cosa sia consentita dal WCO. Era chiaro fin dall\u2019inizio, una volta messo a punto un vaccino, che per impedire la circolazione e la mutazione del virus era necessario vaccinare nel pi\u00f9 breve tempo possibile il numero pi\u00f9 alto possibile degli abitanti del globo. Uno sforzo e un costo eccessivo? Quanto sono costate \u2013 lo chiedo ai cultori e agli adoratori del PIL \u2013 le perdite di PIL di due anni rispetto al costo di un intervento a tappeto a livello mondiale (risparmiando, per carit\u00e0, tutti coloro che non vogliono vaccinarsi, ma consentendo a tutti gli altri di farlo)? Le varianti che oggi tornano ad aggredirci, riportandoci al punto di partenza, non sono che la conseguenza di questo mancato intervento. Ma quanti medici-scienziati ce lo ricordano nelle loro quotidiane comparse in TV e sui giornali?<\/p>\n<p>Poi l\u2019aver agitato il miraggio dell\u2019immunit\u00e0 di gregge a livello nazionale, bloccando qualche volo internazionale o imponendo qualche tampone ai confini: pura fuffa. Poi l\u2019aver fatto credere \u2013 con tanto di supporto scientifico \u2013 che una volta vaccinati non si era pi\u00f9 n\u00e9 contagiosi n\u00e9 contagiabili e aspettando mesi prima di lasciare intendere &#8211; senza mai dirlo apertamente &#8211; che il vaccino difendeva s\u00ec, per lo pi\u00f9, dalle forme pi\u00f9 gravi della malattia, ma non dal contagio. Cos\u00ec si \u00e8 messa \u201cin libera uscita\u201d un popolo di vettori del contagio ben pi\u00f9 influente di quella misera percentuale di non vaccinati che, se l\u2019immunit\u00e0 di gregge non fosse una chimera, non avrebbe alcuna possibilit\u00e0 di infettare il resto della popolazione. Poi, evitando accuratamente di finanziare tutte le misure che avrebbero potuto ridurre la circolazione del virus con un vero distanziamento: per esempio, requisire locali per farne aule scolastiche, in attesa di costruirne di nuove, e assumere all\u2019istante \u2013 non stanno forse governando in deficit? \u2013 un numero adeguato di insegnanti (che, a differenza dei medici, sarebbero gi\u00e0 disponibili). Moltiplicare i mezzi pubblici e le loro corse per portare gli studenti a scuola in sicurezza &#8211; non sono forse loro, la <em>Next Generation EU<\/em>, i destinatari di tutti quei fondi? \u2013 e anticipare cos\u00ec un futuro in cui il mezzo condiviso dovr\u00e0 avere il sopravvento \u2013 se la transizione ecologica ha un senso \u2013 su quello individuale.<\/p>\n<p>Invece hanno gettato miliardi e miliardi di euro in progetti di infrastrutture di trasporto senza senso sia ora che ancora di pi\u00f9 in futuro. Poi evitando di rafforzare la medicina territoriale (e la formazione dei medici): quella che, come dimostrato, intervenendo per tempo dopo i primi sintomi, pu\u00f2 evitare l\u2019ospedalizzazione e l\u2019inevitabile aggravamento dei contagiati. Lo si dice da due anni, ma non si \u00e8 fatto quasi niente. Niente \u00e8 stato fatto per portare alla pubblica discussione i casi di risoluzione positiva del contagio con interventi farmacologici tempestivi. Poi, poi, poi. La gente non \u00e8 scema, e queste decisioni, dettate da interessi consolidati, si sono riflesse sul credito dei medici-scienziati che le hanno avallate o non le hanno adeguatamente denunciate.<\/p>\n","protected":false},"excerpt":{"rendered":"<p>Trovo completamente sviante la facile identificazione tra rifiuto del vaccino (o di questo vaccino) e l\u2019egoismo individualistico di stampo \u201cneoliberista\u201d. E\u2019 un bersaglio di comodo che non ci porta lontano, ma che porta lontano altri. Ieri Theresa May auspicava la&hellip;<\/p>\n","protected":false},"author":1616,"featured_media":558920,"comment_status":"closed","ping_status":"closed","sticky":false,"template":"","format":"standard","meta":{"footnotes":""},"categories":[11388,47,55,1259],"tags":[9022,23845,93396,35094,9794],"class_list":["post-1500204","post","type-post","status-publish","format-standard","has-post-thumbnail","hentry","category-contenuti-originali","category-europa","category-politica","category-salute-argomento","tag-brevetti","tag-governi","tag-no-vax","tag-scienziati","tag-vaccini"],"yoast_head":"<!-- This site is optimized with the Yoast SEO plugin v27.1.1 - https:\/\/yoast.com\/product\/yoast-seo-wordpress\/ -->\n<title>Vax e no vax, imparare ad accettarsi<\/title>\n<meta name=\"description\" content=\"Trovo completamente sviante la facile identificazione tra rifiuto del vaccino (o di questo vaccino) e l\u2019egoismo individualistico di stampo \u201cneoliberista\u201d.\" \/>\n<meta name=\"robots\" content=\"index, follow, max-snippet:-1, max-image-preview:large, max-video-preview:-1\" \/>\n<link rel=\"canonical\" href=\"https:\/\/www.pressenza.com\/it\/2022\/01\/vax-e-no-vax-imparare-ad-accettarsi\/\" \/>\n<meta property=\"og:locale\" content=\"it_IT\" \/>\n<meta property=\"og:type\" content=\"article\" \/>\n<meta property=\"og:title\" content=\"Vax e no vax, imparare ad accettarsi\" \/>\n<meta property=\"og:description\" content=\"Trovo completamente sviante la facile identificazione tra rifiuto del vaccino (o di questo vaccino) e l\u2019egoismo individualistico di stampo \u201cneoliberista\u201d.\" \/>\n<meta property=\"og:url\" content=\"https:\/\/www.pressenza.com\/it\/2022\/01\/vax-e-no-vax-imparare-ad-accettarsi\/\" \/>\n<meta property=\"og:site_name\" content=\"Pressenza\" \/>\n<meta property=\"article:publisher\" content=\"https:\/\/www.facebook.com\/PressenzaItalia\" \/>\n<meta property=\"article:published_time\" content=\"2022-01-08T09:09:25+00:00\" \/>\n<meta property=\"article:modified_time\" content=\"2022-01-08T09:11:10+00:00\" \/>\n<meta property=\"og:image\" content=\"https:\/\/www.pressenza.com\/wp-content\/uploads\/2017\/11\/presidio-vaccini.jpg\" \/>\n\t<meta property=\"og:image:width\" content=\"1288\" \/>\n\t<meta property=\"og:image:height\" content=\"966\" \/>\n\t<meta property=\"og:image:type\" content=\"image\/jpeg\" \/>\n<meta name=\"author\" content=\"Guido Viale\" \/>\n<meta name=\"twitter:card\" content=\"summary_large_image\" \/>\n<meta name=\"twitter:creator\" content=\"@PressenzaIPA\" \/>\n<meta name=\"twitter:site\" content=\"@PressenzaIPA\" \/>\n<meta name=\"twitter:label1\" content=\"Scritto da\" \/>\n\t<meta name=\"twitter:data1\" content=\"Guido Viale\" \/>\n\t<meta name=\"twitter:label2\" content=\"Tempo di lettura stimato\" \/>\n\t<meta name=\"twitter:data2\" content=\"6 minuti\" \/>\n<script type=\"application\/ld+json\" class=\"yoast-schema-graph\">{\"@context\":\"https:\/\/schema.org\",\"@graph\":[{\"@type\":\"Article\",\"@id\":\"https:\/\/www.pressenza.com\/it\/2022\/01\/vax-e-no-vax-imparare-ad-accettarsi\/#article\",\"isPartOf\":{\"@id\":\"https:\/\/www.pressenza.com\/it\/2022\/01\/vax-e-no-vax-imparare-ad-accettarsi\/\"},\"author\":{\"name\":\"Guido Viale\",\"@id\":\"https:\/\/www.pressenza.com\/it\/#\/schema\/person\/7e30fb1d68799cd117e655ba05ad06ef\"},\"headline\":\"Vax e no vax, imparare ad accettarsi\",\"datePublished\":\"2022-01-08T09:09:25+00:00\",\"dateModified\":\"2022-01-08T09:11:10+00:00\",\"mainEntityOfPage\":{\"@id\":\"https:\/\/www.pressenza.com\/it\/2022\/01\/vax-e-no-vax-imparare-ad-accettarsi\/\"},\"wordCount\":1272,\"publisher\":{\"@id\":\"https:\/\/www.pressenza.com\/it\/#organization\"},\"image\":{\"@id\":\"https:\/\/www.pressenza.com\/it\/2022\/01\/vax-e-no-vax-imparare-ad-accettarsi\/#primaryimage\"},\"thumbnailUrl\":\"https:\/\/www.pressenza.com\/wp-content\/uploads\/2017\/11\/presidio-vaccini.jpg\",\"keywords\":[\"brevetti\",\"governi\",\"no-vax\",\"scienziati\",\"Vaccini\"],\"articleSection\":[\"contenuti originali\",\"Europa\",\"Politica\",\"Salute\"],\"inLanguage\":\"it-IT\"},{\"@type\":\"WebPage\",\"@id\":\"https:\/\/www.pressenza.com\/it\/2022\/01\/vax-e-no-vax-imparare-ad-accettarsi\/\",\"url\":\"https:\/\/www.pressenza.com\/it\/2022\/01\/vax-e-no-vax-imparare-ad-accettarsi\/\",\"name\":\"Vax e no vax, imparare ad accettarsi\",\"isPartOf\":{\"@id\":\"https:\/\/www.pressenza.com\/it\/#website\"},\"primaryImageOfPage\":{\"@id\":\"https:\/\/www.pressenza.com\/it\/2022\/01\/vax-e-no-vax-imparare-ad-accettarsi\/#primaryimage\"},\"image\":{\"@id\":\"https:\/\/www.pressenza.com\/it\/2022\/01\/vax-e-no-vax-imparare-ad-accettarsi\/#primaryimage\"},\"thumbnailUrl\":\"https:\/\/www.pressenza.com\/wp-content\/uploads\/2017\/11\/presidio-vaccini.jpg\",\"datePublished\":\"2022-01-08T09:09:25+00:00\",\"dateModified\":\"2022-01-08T09:11:10+00:00\",\"description\":\"Trovo completamente sviante la facile identificazione tra rifiuto del vaccino (o di questo vaccino) e l\u2019egoismo individualistico di stampo \u201cneoliberista\u201d.\",\"breadcrumb\":{\"@id\":\"https:\/\/www.pressenza.com\/it\/2022\/01\/vax-e-no-vax-imparare-ad-accettarsi\/#breadcrumb\"},\"inLanguage\":\"it-IT\",\"potentialAction\":[{\"@type\":\"ReadAction\",\"target\":[\"https:\/\/www.pressenza.com\/it\/2022\/01\/vax-e-no-vax-imparare-ad-accettarsi\/\"]}]},{\"@type\":\"ImageObject\",\"inLanguage\":\"it-IT\",\"@id\":\"https:\/\/www.pressenza.com\/it\/2022\/01\/vax-e-no-vax-imparare-ad-accettarsi\/#primaryimage\",\"url\":\"https:\/\/www.pressenza.com\/wp-content\/uploads\/2017\/11\/presidio-vaccini.jpg\",\"contentUrl\":\"https:\/\/www.pressenza.com\/wp-content\/uploads\/2017\/11\/presidio-vaccini.jpg\",\"width\":1288,\"height\":966},{\"@type\":\"BreadcrumbList\",\"@id\":\"https:\/\/www.pressenza.com\/it\/2022\/01\/vax-e-no-vax-imparare-ad-accettarsi\/#breadcrumb\",\"itemListElement\":[{\"@type\":\"ListItem\",\"position\":1,\"name\":\"Accueil\",\"item\":\"https:\/\/www.pressenza.com\/it\/\"},{\"@type\":\"ListItem\",\"position\":2,\"name\":\"Vax e no vax, imparare ad accettarsi\"}]},{\"@type\":\"WebSite\",\"@id\":\"https:\/\/www.pressenza.com\/it\/#website\",\"url\":\"https:\/\/www.pressenza.com\/it\/\",\"name\":\"Pressenza\",\"description\":\"Agenzia di Stampa Internazionale\",\"publisher\":{\"@id\":\"https:\/\/www.pressenza.com\/it\/#organization\"},\"potentialAction\":[{\"@type\":\"SearchAction\",\"target\":{\"@type\":\"EntryPoint\",\"urlTemplate\":\"https:\/\/www.pressenza.com\/it\/?s={search_term_string}\"},\"query-input\":{\"@type\":\"PropertyValueSpecification\",\"valueRequired\":true,\"valueName\":\"search_term_string\"}}],\"inLanguage\":\"it-IT\"},{\"@type\":\"Organization\",\"@id\":\"https:\/\/www.pressenza.com\/it\/#organization\",\"name\":\"Pressenza\",\"url\":\"https:\/\/www.pressenza.com\/it\/\",\"logo\":{\"@type\":\"ImageObject\",\"inLanguage\":\"it-IT\",\"@id\":\"https:\/\/www.pressenza.com\/it\/#\/schema\/logo\/image\/\",\"url\":\"https:\/\/www.pressenza.com\/wp-content\/uploads\/2022\/10\/pressenza_logo_200x200.jpg\",\"contentUrl\":\"https:\/\/www.pressenza.com\/wp-content\/uploads\/2022\/10\/pressenza_logo_200x200.jpg\",\"width\":200,\"height\":200,\"caption\":\"Pressenza\"},\"image\":{\"@id\":\"https:\/\/www.pressenza.com\/it\/#\/schema\/logo\/image\/\"},\"sameAs\":[\"https:\/\/www.facebook.com\/PressenzaItalia\",\"https:\/\/x.com\/PressenzaIPA\"]},{\"@type\":\"Person\",\"@id\":\"https:\/\/www.pressenza.com\/it\/#\/schema\/person\/7e30fb1d68799cd117e655ba05ad06ef\",\"name\":\"Guido Viale\",\"description\":\"Guido Viale was born in Tokyo in 1943 and lives in Milan. He participated in the student movement of 1968 in Turin and was a member of the Lotta Continua group until 1976. He graduated in philosophy at the University of Turin. He worked as a teacher, preceptor, translator, journalist, researcher and consultant. He has carried out studies and economic research with various companies and worked on cooperation projects in Asia, Africa, Middle East and Latin America. He has been a member of the technical and scientific committee of the Italian Agency for Environmental Protection. Among his publications: A Disposable World, Everybody in Taxi, At Home, Government of Garbage, Life and Death of the Car, Virtues that Change the World. With Editions NdA Press of Rimini he published: Evidence of a different world, Ecological conversion, Europe can be reinvented together with refugees and migrants. With Interno4 Editiors he published in 2017, Slessico Familiare, Words worn out - open perspectives, a repertoire for the times to come. In Interno4 Editions he also published in 2018 an updated edition of his important book on the 1968 protest movement.\",\"sameAs\":[\"https:\/\/www.guidoviale.it\/\"],\"url\":\"https:\/\/www.pressenza.com\/it\/author\/guido-viale\/\"}]}<\/script>\n<!-- \/ Yoast SEO plugin. -->","yoast_head_json":{"title":"Vax e no vax, imparare ad accettarsi","description":"Trovo completamente sviante la facile identificazione tra rifiuto del vaccino (o di questo vaccino) e l\u2019egoismo individualistico di stampo \u201cneoliberista\u201d.","robots":{"index":"index","follow":"follow","max-snippet":"max-snippet:-1","max-image-preview":"max-image-preview:large","max-video-preview":"max-video-preview:-1"},"canonical":"https:\/\/www.pressenza.com\/it\/2022\/01\/vax-e-no-vax-imparare-ad-accettarsi\/","og_locale":"it_IT","og_type":"article","og_title":"Vax e no vax, imparare ad accettarsi","og_description":"Trovo completamente sviante la facile identificazione tra rifiuto del vaccino (o di questo vaccino) e l\u2019egoismo individualistico di stampo \u201cneoliberista\u201d.","og_url":"https:\/\/www.pressenza.com\/it\/2022\/01\/vax-e-no-vax-imparare-ad-accettarsi\/","og_site_name":"Pressenza","article_publisher":"https:\/\/www.facebook.com\/PressenzaItalia","article_published_time":"2022-01-08T09:09:25+00:00","article_modified_time":"2022-01-08T09:11:10+00:00","og_image":[{"width":1288,"height":966,"url":"https:\/\/www.pressenza.com\/wp-content\/uploads\/2017\/11\/presidio-vaccini.jpg","type":"image\/jpeg"}],"author":"Guido Viale","twitter_card":"summary_large_image","twitter_creator":"@PressenzaIPA","twitter_site":"@PressenzaIPA","twitter_misc":{"Scritto da":"Guido Viale","Tempo di lettura stimato":"6 minuti"},"schema":{"@context":"https:\/\/schema.org","@graph":[{"@type":"Article","@id":"https:\/\/www.pressenza.com\/it\/2022\/01\/vax-e-no-vax-imparare-ad-accettarsi\/#article","isPartOf":{"@id":"https:\/\/www.pressenza.com\/it\/2022\/01\/vax-e-no-vax-imparare-ad-accettarsi\/"},"author":{"name":"Guido Viale","@id":"https:\/\/www.pressenza.com\/it\/#\/schema\/person\/7e30fb1d68799cd117e655ba05ad06ef"},"headline":"Vax e no vax, imparare ad accettarsi","datePublished":"2022-01-08T09:09:25+00:00","dateModified":"2022-01-08T09:11:10+00:00","mainEntityOfPage":{"@id":"https:\/\/www.pressenza.com\/it\/2022\/01\/vax-e-no-vax-imparare-ad-accettarsi\/"},"wordCount":1272,"publisher":{"@id":"https:\/\/www.pressenza.com\/it\/#organization"},"image":{"@id":"https:\/\/www.pressenza.com\/it\/2022\/01\/vax-e-no-vax-imparare-ad-accettarsi\/#primaryimage"},"thumbnailUrl":"https:\/\/www.pressenza.com\/wp-content\/uploads\/2017\/11\/presidio-vaccini.jpg","keywords":["brevetti","governi","no-vax","scienziati","Vaccini"],"articleSection":["contenuti originali","Europa","Politica","Salute"],"inLanguage":"it-IT"},{"@type":"WebPage","@id":"https:\/\/www.pressenza.com\/it\/2022\/01\/vax-e-no-vax-imparare-ad-accettarsi\/","url":"https:\/\/www.pressenza.com\/it\/2022\/01\/vax-e-no-vax-imparare-ad-accettarsi\/","name":"Vax e no vax, imparare ad accettarsi","isPartOf":{"@id":"https:\/\/www.pressenza.com\/it\/#website"},"primaryImageOfPage":{"@id":"https:\/\/www.pressenza.com\/it\/2022\/01\/vax-e-no-vax-imparare-ad-accettarsi\/#primaryimage"},"image":{"@id":"https:\/\/www.pressenza.com\/it\/2022\/01\/vax-e-no-vax-imparare-ad-accettarsi\/#primaryimage"},"thumbnailUrl":"https:\/\/www.pressenza.com\/wp-content\/uploads\/2017\/11\/presidio-vaccini.jpg","datePublished":"2022-01-08T09:09:25+00:00","dateModified":"2022-01-08T09:11:10+00:00","description":"Trovo completamente sviante la facile identificazione tra rifiuto del vaccino (o di questo vaccino) e l\u2019egoismo individualistico di stampo \u201cneoliberista\u201d.","breadcrumb":{"@id":"https:\/\/www.pressenza.com\/it\/2022\/01\/vax-e-no-vax-imparare-ad-accettarsi\/#breadcrumb"},"inLanguage":"it-IT","potentialAction":[{"@type":"ReadAction","target":["https:\/\/www.pressenza.com\/it\/2022\/01\/vax-e-no-vax-imparare-ad-accettarsi\/"]}]},{"@type":"ImageObject","inLanguage":"it-IT","@id":"https:\/\/www.pressenza.com\/it\/2022\/01\/vax-e-no-vax-imparare-ad-accettarsi\/#primaryimage","url":"https:\/\/www.pressenza.com\/wp-content\/uploads\/2017\/11\/presidio-vaccini.jpg","contentUrl":"https:\/\/www.pressenza.com\/wp-content\/uploads\/2017\/11\/presidio-vaccini.jpg","width":1288,"height":966},{"@type":"BreadcrumbList","@id":"https:\/\/www.pressenza.com\/it\/2022\/01\/vax-e-no-vax-imparare-ad-accettarsi\/#breadcrumb","itemListElement":[{"@type":"ListItem","position":1,"name":"Accueil","item":"https:\/\/www.pressenza.com\/it\/"},{"@type":"ListItem","position":2,"name":"Vax e no vax, imparare ad accettarsi"}]},{"@type":"WebSite","@id":"https:\/\/www.pressenza.com\/it\/#website","url":"https:\/\/www.pressenza.com\/it\/","name":"Pressenza","description":"Agenzia di Stampa Internazionale","publisher":{"@id":"https:\/\/www.pressenza.com\/it\/#organization"},"potentialAction":[{"@type":"SearchAction","target":{"@type":"EntryPoint","urlTemplate":"https:\/\/www.pressenza.com\/it\/?s={search_term_string}"},"query-input":{"@type":"PropertyValueSpecification","valueRequired":true,"valueName":"search_term_string"}}],"inLanguage":"it-IT"},{"@type":"Organization","@id":"https:\/\/www.pressenza.com\/it\/#organization","name":"Pressenza","url":"https:\/\/www.pressenza.com\/it\/","logo":{"@type":"ImageObject","inLanguage":"it-IT","@id":"https:\/\/www.pressenza.com\/it\/#\/schema\/logo\/image\/","url":"https:\/\/www.pressenza.com\/wp-content\/uploads\/2022\/10\/pressenza_logo_200x200.jpg","contentUrl":"https:\/\/www.pressenza.com\/wp-content\/uploads\/2022\/10\/pressenza_logo_200x200.jpg","width":200,"height":200,"caption":"Pressenza"},"image":{"@id":"https:\/\/www.pressenza.com\/it\/#\/schema\/logo\/image\/"},"sameAs":["https:\/\/www.facebook.com\/PressenzaItalia","https:\/\/x.com\/PressenzaIPA"]},{"@type":"Person","@id":"https:\/\/www.pressenza.com\/it\/#\/schema\/person\/7e30fb1d68799cd117e655ba05ad06ef","name":"Guido Viale","description":"Guido Viale was born in Tokyo in 1943 and lives in Milan. He participated in the student movement of 1968 in Turin and was a member of the Lotta Continua group until 1976. He graduated in philosophy at the University of Turin. He worked as a teacher, preceptor, translator, journalist, researcher and consultant. He has carried out studies and economic research with various companies and worked on cooperation projects in Asia, Africa, Middle East and Latin America. He has been a member of the technical and scientific committee of the Italian Agency for Environmental Protection. Among his publications: A Disposable World, Everybody in Taxi, At Home, Government of Garbage, Life and Death of the Car, Virtues that Change the World. With Editions NdA Press of Rimini he published: Evidence of a different world, Ecological conversion, Europe can be reinvented together with refugees and migrants. With Interno4 Editiors he published in 2017, Slessico Familiare, Words worn out - open perspectives, a repertoire for the times to come. In Interno4 Editions he also published in 2018 an updated edition of his important book on the 1968 protest movement.","sameAs":["https:\/\/www.guidoviale.it\/"],"url":"https:\/\/www.pressenza.com\/it\/author\/guido-viale\/"}]}},"place":"","original_article_url":"","_links":{"self":[{"href":"https:\/\/www.pressenza.com\/it\/wp-json\/wp\/v2\/posts\/1500204","targetHints":{"allow":["GET"]}}],"collection":[{"href":"https:\/\/www.pressenza.com\/it\/wp-json\/wp\/v2\/posts"}],"about":[{"href":"https:\/\/www.pressenza.com\/it\/wp-json\/wp\/v2\/types\/post"}],"author":[{"embeddable":true,"href":"https:\/\/www.pressenza.com\/it\/wp-json\/wp\/v2\/users\/1616"}],"replies":[{"embeddable":true,"href":"https:\/\/www.pressenza.com\/it\/wp-json\/wp\/v2\/comments?post=1500204"}],"version-history":[{"count":0,"href":"https:\/\/www.pressenza.com\/it\/wp-json\/wp\/v2\/posts\/1500204\/revisions"}],"wp:featuredmedia":[{"embeddable":true,"href":"https:\/\/www.pressenza.com\/it\/wp-json\/wp\/v2\/media\/558920"}],"wp:attachment":[{"href":"https:\/\/www.pressenza.com\/it\/wp-json\/wp\/v2\/media?parent=1500204"}],"wp:term":[{"taxonomy":"category","embeddable":true,"href":"https:\/\/www.pressenza.com\/it\/wp-json\/wp\/v2\/categories?post=1500204"},{"taxonomy":"post_tag","embeddable":true,"href":"https:\/\/www.pressenza.com\/it\/wp-json\/wp\/v2\/tags?post=1500204"}],"curies":[{"name":"wp","href":"https:\/\/api.w.org\/{rel}","templated":true}]}}