{"id":1499579,"date":"2022-01-06T15:29:38","date_gmt":"2022-01-06T15:29:38","guid":{"rendered":"https:\/\/www.pressenza.com\/?p=1499579"},"modified":"2022-01-06T15:41:02","modified_gmt":"2022-01-06T15:41:02","slug":"visita-in-giordania-del-ministro-della-difesa-israeliano","status":"publish","type":"post","link":"https:\/\/www.pressenza.com\/it\/2022\/01\/visita-in-giordania-del-ministro-della-difesa-israeliano\/","title":{"rendered":"Visita in Giordania del ministro della difesa israeliano"},"content":{"rendered":"<p>Il ministro della difesa israeliano Benny Gantz ha visitato Amman dove si \u00e8 incontrato con re Abdalla II.<\/p>\n<p>Nel comunicato giordano si sostiene che l\u2019incontro \u00e8 servito a ribadire la soluzione dei due Stati per due popoli (Palestina e Israele) e la necessit\u00e0 di garantire la stabilit\u00e0 e calma nella regione. In quello israeliano invece ci si limita alle relazioni bilaterali tra i due paesi.<\/p>\n<p>Le relazioni giordano-israeliane sono entrate in crisi durante il governo Netanyahu, ma con la nascita del governo Bennet sono migliorate. Anche le relazioni economiche e commerciali hanno assunto impegni strategici, con l\u2019accordo per lo scambio acqua-energia elettrica.<\/p>\n","protected":false},"excerpt":{"rendered":"<p>Il ministro della difesa israeliano Benny Gantz ha visitato Amman dove si \u00e8 incontrato con re Abdalla II. Nel comunicato giordano si sostiene che l\u2019incontro \u00e8 servito a ribadire la soluzione dei due Stati per due popoli (Palestina e Israele)&hellip;<\/p>\n","protected":false},"author":2080,"featured_media":1192993,"comment_status":"closed","ping_status":"closed","sticky":false,"template":"","format":"standard","meta":{"footnotes":""},"categories":[52,57],"tags":[98203,5165,98036,1226,778],"class_list":["post-1499579","post","type-post","status-publish","format-standard","has-post-thumbnail","hentry","category-medio-oriente","category-affari-esteri","tag-abdalla-ii","tag-amman","tag-benny-gantz-it","tag-giordania","tag-israele"],"yoast_head":"<!-- This site is optimized with the Yoast SEO plugin v27.1.1 - https:\/\/yoast.com\/product\/yoast-seo-wordpress\/ -->\n<title>Visita in Giordania del ministro della difesa israeliano<\/title>\n<meta name=\"description\" content=\"Il ministro della difesa israeliano Benny Gantz ha visitato Amman dove si \u00e8 incontrato con re Abdalla II. Nel comunicato giordano si sostiene che\" \/>\n<meta name=\"robots\" content=\"index, follow, max-snippet:-1, max-image-preview:large, max-video-preview:-1\" \/>\n<link rel=\"canonical\" href=\"https:\/\/www.pressenza.com\/it\/2022\/01\/visita-in-giordania-del-ministro-della-difesa-israeliano\/\" \/>\n<meta property=\"og:locale\" content=\"it_IT\" \/>\n<meta property=\"og:type\" content=\"article\" \/>\n<meta property=\"og:title\" content=\"Visita in Giordania del ministro della difesa israeliano\" \/>\n<meta property=\"og:description\" content=\"Il ministro della difesa israeliano Benny Gantz ha visitato Amman dove si \u00e8 incontrato con re Abdalla II. Nel comunicato giordano si sostiene che\" \/>\n<meta property=\"og:url\" content=\"https:\/\/www.pressenza.com\/it\/2022\/01\/visita-in-giordania-del-ministro-della-difesa-israeliano\/\" \/>\n<meta property=\"og:site_name\" content=\"Pressenza\" \/>\n<meta property=\"article:publisher\" content=\"https:\/\/www.facebook.com\/PressenzaItalia\" \/>\n<meta property=\"article:published_time\" content=\"2022-01-06T15:29:38+00:00\" \/>\n<meta property=\"article:modified_time\" content=\"2022-01-06T15:41:02+00:00\" \/>\n<meta property=\"og:image\" content=\"https:\/\/www.pressenza.com\/wp-content\/uploads\/2020\/09\/amman-4329305_1920.jpg\" \/>\n\t<meta property=\"og:image:width\" content=\"1920\" \/>\n\t<meta property=\"og:image:height\" content=\"1280\" \/>\n\t<meta property=\"og:image:type\" content=\"image\/jpeg\" \/>\n<meta name=\"author\" content=\"ANBAMED\" \/>\n<meta name=\"twitter:card\" content=\"summary_large_image\" \/>\n<meta name=\"twitter:creator\" content=\"@PressenzaIPA\" \/>\n<meta name=\"twitter:site\" content=\"@PressenzaIPA\" \/>\n<meta name=\"twitter:label1\" content=\"Scritto da\" \/>\n\t<meta name=\"twitter:data1\" content=\"ANBAMED\" \/>\n\t<meta name=\"twitter:label2\" content=\"Tempo di lettura stimato\" \/>\n\t<meta name=\"twitter:data2\" content=\"1 minuto\" \/>\n<script type=\"application\/ld+json\" class=\"yoast-schema-graph\">{\"@context\":\"https:\/\/schema.org\",\"@graph\":[{\"@type\":\"Article\",\"@id\":\"https:\/\/www.pressenza.com\/it\/2022\/01\/visita-in-giordania-del-ministro-della-difesa-israeliano\/#article\",\"isPartOf\":{\"@id\":\"https:\/\/www.pressenza.com\/it\/2022\/01\/visita-in-giordania-del-ministro-della-difesa-israeliano\/\"},\"author\":{\"name\":\"ANBAMED\",\"@id\":\"https:\/\/www.pressenza.com\/it\/#\/schema\/person\/9f05db79ca2872d8e94cb459a93831e4\"},\"headline\":\"Visita in Giordania del ministro della difesa israeliano\",\"datePublished\":\"2022-01-06T15:29:38+00:00\",\"dateModified\":\"2022-01-06T15:41:02+00:00\",\"mainEntityOfPage\":{\"@id\":\"https:\/\/www.pressenza.com\/it\/2022\/01\/visita-in-giordania-del-ministro-della-difesa-israeliano\/\"},\"wordCount\":110,\"publisher\":{\"@id\":\"https:\/\/www.pressenza.com\/it\/#organization\"},\"image\":{\"@id\":\"https:\/\/www.pressenza.com\/it\/2022\/01\/visita-in-giordania-del-ministro-della-difesa-israeliano\/#primaryimage\"},\"thumbnailUrl\":\"https:\/\/www.pressenza.com\/wp-content\/uploads\/2020\/09\/amman-4329305_1920.jpg\",\"keywords\":[\"Abdalla II\",\"Amman\",\"Benny Gantz\",\"Giordania\",\"Israele\"],\"articleSection\":[\"Medio Oriente\",\"Questioni internazionali\"],\"inLanguage\":\"it-IT\"},{\"@type\":\"WebPage\",\"@id\":\"https:\/\/www.pressenza.com\/it\/2022\/01\/visita-in-giordania-del-ministro-della-difesa-israeliano\/\",\"url\":\"https:\/\/www.pressenza.com\/it\/2022\/01\/visita-in-giordania-del-ministro-della-difesa-israeliano\/\",\"name\":\"Visita in Giordania del ministro della difesa israeliano\",\"isPartOf\":{\"@id\":\"https:\/\/www.pressenza.com\/it\/#website\"},\"primaryImageOfPage\":{\"@id\":\"https:\/\/www.pressenza.com\/it\/2022\/01\/visita-in-giordania-del-ministro-della-difesa-israeliano\/#primaryimage\"},\"image\":{\"@id\":\"https:\/\/www.pressenza.com\/it\/2022\/01\/visita-in-giordania-del-ministro-della-difesa-israeliano\/#primaryimage\"},\"thumbnailUrl\":\"https:\/\/www.pressenza.com\/wp-content\/uploads\/2020\/09\/amman-4329305_1920.jpg\",\"datePublished\":\"2022-01-06T15:29:38+00:00\",\"dateModified\":\"2022-01-06T15:41:02+00:00\",\"description\":\"Il ministro della difesa israeliano Benny Gantz ha visitato Amman dove si \u00e8 incontrato con re Abdalla II. Nel comunicato giordano si sostiene che\",\"breadcrumb\":{\"@id\":\"https:\/\/www.pressenza.com\/it\/2022\/01\/visita-in-giordania-del-ministro-della-difesa-israeliano\/#breadcrumb\"},\"inLanguage\":\"it-IT\",\"potentialAction\":[{\"@type\":\"ReadAction\",\"target\":[\"https:\/\/www.pressenza.com\/it\/2022\/01\/visita-in-giordania-del-ministro-della-difesa-israeliano\/\"]}]},{\"@type\":\"ImageObject\",\"inLanguage\":\"it-IT\",\"@id\":\"https:\/\/www.pressenza.com\/it\/2022\/01\/visita-in-giordania-del-ministro-della-difesa-israeliano\/#primaryimage\",\"url\":\"https:\/\/www.pressenza.com\/wp-content\/uploads\/2020\/09\/amman-4329305_1920.jpg\",\"contentUrl\":\"https:\/\/www.pressenza.com\/wp-content\/uploads\/2020\/09\/amman-4329305_1920.jpg\",\"width\":1920,\"height\":1280},{\"@type\":\"BreadcrumbList\",\"@id\":\"https:\/\/www.pressenza.com\/it\/2022\/01\/visita-in-giordania-del-ministro-della-difesa-israeliano\/#breadcrumb\",\"itemListElement\":[{\"@type\":\"ListItem\",\"position\":1,\"name\":\"Accueil\",\"item\":\"https:\/\/www.pressenza.com\/it\/\"},{\"@type\":\"ListItem\",\"position\":2,\"name\":\"Visita in Giordania del ministro della difesa israeliano\"}]},{\"@type\":\"WebSite\",\"@id\":\"https:\/\/www.pressenza.com\/it\/#website\",\"url\":\"https:\/\/www.pressenza.com\/it\/\",\"name\":\"Pressenza\",\"description\":\"Agenzia di Stampa Internazionale\",\"publisher\":{\"@id\":\"https:\/\/www.pressenza.com\/it\/#organization\"},\"potentialAction\":[{\"@type\":\"SearchAction\",\"target\":{\"@type\":\"EntryPoint\",\"urlTemplate\":\"https:\/\/www.pressenza.com\/it\/?s={search_term_string}\"},\"query-input\":{\"@type\":\"PropertyValueSpecification\",\"valueRequired\":true,\"valueName\":\"search_term_string\"}}],\"inLanguage\":\"it-IT\"},{\"@type\":\"Organization\",\"@id\":\"https:\/\/www.pressenza.com\/it\/#organization\",\"name\":\"Pressenza\",\"url\":\"https:\/\/www.pressenza.com\/it\/\",\"logo\":{\"@type\":\"ImageObject\",\"inLanguage\":\"it-IT\",\"@id\":\"https:\/\/www.pressenza.com\/it\/#\/schema\/logo\/image\/\",\"url\":\"https:\/\/www.pressenza.com\/wp-content\/uploads\/2022\/10\/pressenza_logo_200x200.jpg\",\"contentUrl\":\"https:\/\/www.pressenza.com\/wp-content\/uploads\/2022\/10\/pressenza_logo_200x200.jpg\",\"width\":200,\"height\":200,\"caption\":\"Pressenza\"},\"image\":{\"@id\":\"https:\/\/www.pressenza.com\/it\/#\/schema\/logo\/image\/\"},\"sameAs\":[\"https:\/\/www.facebook.com\/PressenzaItalia\",\"https:\/\/x.com\/PressenzaIPA\"]},{\"@type\":\"Person\",\"@id\":\"https:\/\/www.pressenza.com\/it\/#\/schema\/person\/9f05db79ca2872d8e94cb459a93831e4\",\"name\":\"ANBAMED\",\"description\":\"Notizie dal Sud Est del Mediterraneo\",\"sameAs\":[\"https:\/\/www.anbamed.it\/\"],\"url\":\"https:\/\/www.pressenza.com\/it\/author\/anbamed\/\"}]}<\/script>\n<!-- \/ Yoast SEO plugin. -->","yoast_head_json":{"title":"Visita in Giordania del ministro della difesa israeliano","description":"Il ministro della difesa israeliano Benny Gantz ha visitato Amman dove si \u00e8 incontrato con re Abdalla II. Nel comunicato giordano si sostiene che","robots":{"index":"index","follow":"follow","max-snippet":"max-snippet:-1","max-image-preview":"max-image-preview:large","max-video-preview":"max-video-preview:-1"},"canonical":"https:\/\/www.pressenza.com\/it\/2022\/01\/visita-in-giordania-del-ministro-della-difesa-israeliano\/","og_locale":"it_IT","og_type":"article","og_title":"Visita in Giordania del ministro della difesa israeliano","og_description":"Il ministro della difesa israeliano Benny Gantz ha visitato Amman dove si \u00e8 incontrato con re Abdalla II. Nel comunicato giordano si sostiene che","og_url":"https:\/\/www.pressenza.com\/it\/2022\/01\/visita-in-giordania-del-ministro-della-difesa-israeliano\/","og_site_name":"Pressenza","article_publisher":"https:\/\/www.facebook.com\/PressenzaItalia","article_published_time":"2022-01-06T15:29:38+00:00","article_modified_time":"2022-01-06T15:41:02+00:00","og_image":[{"width":1920,"height":1280,"url":"https:\/\/www.pressenza.com\/wp-content\/uploads\/2020\/09\/amman-4329305_1920.jpg","type":"image\/jpeg"}],"author":"ANBAMED","twitter_card":"summary_large_image","twitter_creator":"@PressenzaIPA","twitter_site":"@PressenzaIPA","twitter_misc":{"Scritto da":"ANBAMED","Tempo di lettura stimato":"1 minuto"},"schema":{"@context":"https:\/\/schema.org","@graph":[{"@type":"Article","@id":"https:\/\/www.pressenza.com\/it\/2022\/01\/visita-in-giordania-del-ministro-della-difesa-israeliano\/#article","isPartOf":{"@id":"https:\/\/www.pressenza.com\/it\/2022\/01\/visita-in-giordania-del-ministro-della-difesa-israeliano\/"},"author":{"name":"ANBAMED","@id":"https:\/\/www.pressenza.com\/it\/#\/schema\/person\/9f05db79ca2872d8e94cb459a93831e4"},"headline":"Visita in Giordania del ministro della difesa israeliano","datePublished":"2022-01-06T15:29:38+00:00","dateModified":"2022-01-06T15:41:02+00:00","mainEntityOfPage":{"@id":"https:\/\/www.pressenza.com\/it\/2022\/01\/visita-in-giordania-del-ministro-della-difesa-israeliano\/"},"wordCount":110,"publisher":{"@id":"https:\/\/www.pressenza.com\/it\/#organization"},"image":{"@id":"https:\/\/www.pressenza.com\/it\/2022\/01\/visita-in-giordania-del-ministro-della-difesa-israeliano\/#primaryimage"},"thumbnailUrl":"https:\/\/www.pressenza.com\/wp-content\/uploads\/2020\/09\/amman-4329305_1920.jpg","keywords":["Abdalla II","Amman","Benny Gantz","Giordania","Israele"],"articleSection":["Medio Oriente","Questioni internazionali"],"inLanguage":"it-IT"},{"@type":"WebPage","@id":"https:\/\/www.pressenza.com\/it\/2022\/01\/visita-in-giordania-del-ministro-della-difesa-israeliano\/","url":"https:\/\/www.pressenza.com\/it\/2022\/01\/visita-in-giordania-del-ministro-della-difesa-israeliano\/","name":"Visita in Giordania del ministro della difesa israeliano","isPartOf":{"@id":"https:\/\/www.pressenza.com\/it\/#website"},"primaryImageOfPage":{"@id":"https:\/\/www.pressenza.com\/it\/2022\/01\/visita-in-giordania-del-ministro-della-difesa-israeliano\/#primaryimage"},"image":{"@id":"https:\/\/www.pressenza.com\/it\/2022\/01\/visita-in-giordania-del-ministro-della-difesa-israeliano\/#primaryimage"},"thumbnailUrl":"https:\/\/www.pressenza.com\/wp-content\/uploads\/2020\/09\/amman-4329305_1920.jpg","datePublished":"2022-01-06T15:29:38+00:00","dateModified":"2022-01-06T15:41:02+00:00","description":"Il ministro della difesa israeliano Benny Gantz ha visitato Amman dove si \u00e8 incontrato con re Abdalla II. Nel comunicato giordano si sostiene che","breadcrumb":{"@id":"https:\/\/www.pressenza.com\/it\/2022\/01\/visita-in-giordania-del-ministro-della-difesa-israeliano\/#breadcrumb"},"inLanguage":"it-IT","potentialAction":[{"@type":"ReadAction","target":["https:\/\/www.pressenza.com\/it\/2022\/01\/visita-in-giordania-del-ministro-della-difesa-israeliano\/"]}]},{"@type":"ImageObject","inLanguage":"it-IT","@id":"https:\/\/www.pressenza.com\/it\/2022\/01\/visita-in-giordania-del-ministro-della-difesa-israeliano\/#primaryimage","url":"https:\/\/www.pressenza.com\/wp-content\/uploads\/2020\/09\/amman-4329305_1920.jpg","contentUrl":"https:\/\/www.pressenza.com\/wp-content\/uploads\/2020\/09\/amman-4329305_1920.jpg","width":1920,"height":1280},{"@type":"BreadcrumbList","@id":"https:\/\/www.pressenza.com\/it\/2022\/01\/visita-in-giordania-del-ministro-della-difesa-israeliano\/#breadcrumb","itemListElement":[{"@type":"ListItem","position":1,"name":"Accueil","item":"https:\/\/www.pressenza.com\/it\/"},{"@type":"ListItem","position":2,"name":"Visita in Giordania del ministro della difesa israeliano"}]},{"@type":"WebSite","@id":"https:\/\/www.pressenza.com\/it\/#website","url":"https:\/\/www.pressenza.com\/it\/","name":"Pressenza","description":"Agenzia di Stampa Internazionale","publisher":{"@id":"https:\/\/www.pressenza.com\/it\/#organization"},"potentialAction":[{"@type":"SearchAction","target":{"@type":"EntryPoint","urlTemplate":"https:\/\/www.pressenza.com\/it\/?s={search_term_string}"},"query-input":{"@type":"PropertyValueSpecification","valueRequired":true,"valueName":"search_term_string"}}],"inLanguage":"it-IT"},{"@type":"Organization","@id":"https:\/\/www.pressenza.com\/it\/#organization","name":"Pressenza","url":"https:\/\/www.pressenza.com\/it\/","logo":{"@type":"ImageObject","inLanguage":"it-IT","@id":"https:\/\/www.pressenza.com\/it\/#\/schema\/logo\/image\/","url":"https:\/\/www.pressenza.com\/wp-content\/uploads\/2022\/10\/pressenza_logo_200x200.jpg","contentUrl":"https:\/\/www.pressenza.com\/wp-content\/uploads\/2022\/10\/pressenza_logo_200x200.jpg","width":200,"height":200,"caption":"Pressenza"},"image":{"@id":"https:\/\/www.pressenza.com\/it\/#\/schema\/logo\/image\/"},"sameAs":["https:\/\/www.facebook.com\/PressenzaItalia","https:\/\/x.com\/PressenzaIPA"]},{"@type":"Person","@id":"https:\/\/www.pressenza.com\/it\/#\/schema\/person\/9f05db79ca2872d8e94cb459a93831e4","name":"ANBAMED","description":"Notizie dal Sud Est del Mediterraneo","sameAs":["https:\/\/www.anbamed.it\/"],"url":"https:\/\/www.pressenza.com\/it\/author\/anbamed\/"}]}},"place":"Amman","original_article_url":"","_links":{"self":[{"href":"https:\/\/www.pressenza.com\/it\/wp-json\/wp\/v2\/posts\/1499579","targetHints":{"allow":["GET"]}}],"collection":[{"href":"https:\/\/www.pressenza.com\/it\/wp-json\/wp\/v2\/posts"}],"about":[{"href":"https:\/\/www.pressenza.com\/it\/wp-json\/wp\/v2\/types\/post"}],"author":[{"embeddable":true,"href":"https:\/\/www.pressenza.com\/it\/wp-json\/wp\/v2\/users\/2080"}],"replies":[{"embeddable":true,"href":"https:\/\/www.pressenza.com\/it\/wp-json\/wp\/v2\/comments?post=1499579"}],"version-history":[{"count":0,"href":"https:\/\/www.pressenza.com\/it\/wp-json\/wp\/v2\/posts\/1499579\/revisions"}],"wp:featuredmedia":[{"embeddable":true,"href":"https:\/\/www.pressenza.com\/it\/wp-json\/wp\/v2\/media\/1192993"}],"wp:attachment":[{"href":"https:\/\/www.pressenza.com\/it\/wp-json\/wp\/v2\/media?parent=1499579"}],"wp:term":[{"taxonomy":"category","embeddable":true,"href":"https:\/\/www.pressenza.com\/it\/wp-json\/wp\/v2\/categories?post=1499579"},{"taxonomy":"post_tag","embeddable":true,"href":"https:\/\/www.pressenza.com\/it\/wp-json\/wp\/v2\/tags?post=1499579"}],"curies":[{"name":"wp","href":"https:\/\/api.w.org\/{rel}","templated":true}]}}