{"id":1498161,"date":"2022-01-03T19:51:37","date_gmt":"2022-01-03T19:51:37","guid":{"rendered":"https:\/\/www.pressenza.com\/?p=1498161"},"modified":"2022-01-04T14:22:00","modified_gmt":"2022-01-04T14:22:00","slug":"davide-tutino-il-professore-di-filosofia-in-sciopero-della-fame-siamo-40-mila-condannati-alla-fame","status":"publish","type":"post","link":"https:\/\/www.pressenza.com\/it\/2022\/01\/davide-tutino-il-professore-di-filosofia-in-sciopero-della-fame-siamo-40-mila-condannati-alla-fame\/","title":{"rendered":"Davide Tutino, il professore di filosofia in sciopero della fame: &#8220;Siamo 40 mila condannati alla fame&#8221;"},"content":{"rendered":"<p><em><span style=\"font-weight: 400;\">Professore di storia e filosofia di un Liceo di Roma e <\/span><span style=\"font-weight: 400;\">referente del sindacato Fisi per il Lazio, <\/span><span style=\"font-weight: 400;\">sospeso dall\u2019insegnamento dopo l\u2019introduzione dell\u2019obbligo vaccinale per il personale scolastico, <\/span><span style=\"font-weight: 400;\">Davide Tutino, ha iniziato il 31 dicembre il suo sciopero della fame.\u00a0<\/span><\/em><\/p>\n<p><b>Professore, perch\u00e9 questo sciopero della fame?<\/b><\/p>\n<p><span style=\"font-weight: 400;\">E\u2019 lo Stato che ci condanna alla fame, siamo in 40 mila, attualmente ad essere privati dell\u2019intero stipendio, E tra pochi giorni forse anche di pi\u00f9. Chi commette colpe gravi, di lesione agli altri, viene sospeso con met\u00e0 stipendio e mantiene assegno familiare per gli alimenti. A noi\u00a0 invece\u00a0 tolgono tutto, non ci restano neppure gli assegni familiari o indennit\u00e0 per alimenti. Ci vogliono prendere per fame. Lo sciopero della fame \u00e8 questo, mostrare che lo stato ci sta affamando. E\u2019 una risposta nonviolenta alla deriva di uno stato\u00a0 sempre pi\u00f9 totalitario, che si sta appropriando del corpo dei cittadini.\u00a0<\/span><\/p>\n<p><b>Prima di essere sospeso, tu facevi il tampone ogni due giorni, eppure vieni accusato di mettere a rischio la salute pubblica. Cosa rispondi?<\/b><\/p>\n<p><span style=\"font-weight: 400;\">Che appunto non esiste alcuna logica sanitaria in questo provvedimento. E\u2019 chiaro che si tratta di una misura punitiva riservata a dei dissidenti politici. Dobbiamo finalmente comprendere che ci\u00f2 che pi\u00f9 mette a rischio la salute di tutti noi, \u00e8 la distruzione dello stato di diritto. La storia ci racconta come nascono i totalitarismi: durante le emergenze, soprattutto se queste durano a lungo, le persone vengono private delle loro libert\u00e0 fondamentali, umiliate, ricattate, annichilite nella loro dignit\u00e0. La storia ci racconta che il virus dell&#8217;odio \u00e8 il pi\u00f9 grande pericolo per il benessere psicofisico di ogni comunit<\/span><span style=\"font-weight: 400;\">\u00e0.\u00a0\u00a0\u00a0<\/span><\/p>\n<p><b>Come hai spiegato ai ragazzi che l\u2019avrebbero sospeso?<\/b><\/p>\n<p><span style=\"font-weight: 400;\">Non mi sono mai considerato un professore ma uno studente anziano che continua a guidare gli studenti pi\u00f9 giovani, io non insegno ma imparo insieme ai ragazzi, che sono compagni di viaggio. Come negli anni abbiamo insieme appreso storia e filosofia, cos\u00ec ho discusso con loro questa mia scelta. Ho spiegato che avevo bisogno di disobbedire ad un ordine ingiusto, per poter continuare ad essere libero di pensare, libero di dubitare, libero di proseguire la mia ricerca scientifica. I ragazzi mi hanno risposto con una grande comprensione. Ma la risposta pi\u00f9 vera e profonda si vedr\u00e0 negli anni. Ognuno semina qualcosa nell\u2019animo altrui. Mi chiedo invece quali frutti nasceranno dai seminatori di odio.\u00a0\u00a0\u00a0<\/span><\/p>\n<p><b>Perch\u00e9 questo tracollo della sinistra, ossessionata dal mito della sicurezza e dell&#8217;obbedienza, un tempo parole chiave della destra?<\/b><\/p>\n<p><span style=\"font-weight: 400;\">Prima di essere \u201cdi sinistra o di destra\u201d occorre \u201cessere umani\u201d. Provare umanit\u00e0, compassione, comprensione. Mettere la dignit\u00e0 dell\u2019uomo e della donna al centro, prima di ogni ideologia. Senza questa comprensione il tracollo \u00e8 inevitabile. Le idee sono lo strumento, ma l\u2019obiettivo \u00e8 l\u2019essere umano. Purtroppo spesso nella storia per seguire l\u2019ideologia, si \u00e8 perso di vista l\u2019essere umano. Cos\u00ec \u00e8 successo anche questa volta, e cos\u00ec siamo caduti in una guerra contro una minoranza di cittadini inermi.\u00a0<\/span><\/p>\n<p><b>Hai ricevuto messaggi di solidariet\u00e0? Altri aderiranno al tuo sciopero?<\/b><\/p>\n<p><span style=\"font-weight: 400;\">Sto ricevendo tantissimi messaggi di sostegno da tutta Italia e anche da fuori Italia, tanti vogliono aderire allo sciopero. Ma non dobbiamo concentrarci in un solo modo di lotta, mi auguro sempre pi\u00f9 disobbedienza pacifica. E\u2019 l\u2019unico modo per resistere al potere senza scatenare una reazione violenta spropositata. Ricordiamoci sempre che lo Stato ha armi e potere, noi abbiamo solo il nostro corpo.<\/span><\/p>\n<p><b>Le regole sono contraddittorie, i decreti ogni due settimane creano un senso di incertezza e controllo continuo.<\/b><\/p>\n<p><span style=\"font-weight: 400;\">Credo che sia una scelta voluta. E\u2019 una sorta di tortura psicologica verso tutti i cittadini, anche verso chi obbedisce. Nessuno, neppure chi obbedisce,\u00a0 sa pi\u00f9 quanto durer\u00e0 la propria libert\u00e0 e i propri diritti. Per questo non devono esserci divisioni n\u00e9 odio n\u00e9 disprezzo tra vaccinati e non vaccinati, tutti dobbiamo lottare per ripristinare lo stato di diritto.\u00a0<\/span><\/p>\n<p><b>Aggiornamento<\/b><\/p>\n<p><span style=\"font-weight: 400;\">Subito dopo averci rilasciato l&#8217;intervista, il giorno 3 gennaio 2022 il prof. Tutino si \u00e8 presentato alle 13:50 presso il centro vaccinale di Grottaferrata.<\/span><\/p>\n<p><span style=\"font-weight: 400;\">Presso tale sede, infatti, era stato costretto dalla normativa a prenotare il proprio trattamento sanitario obbligatorio e si \u00e8 recato all&#8217;appuntamento accompagnato da uno dei legali dell&#8217;associazione Umanit\u00e0 e Ragione, l&#8217;avvocato Ida Nazzaro.<\/span><\/p>\n<p><span style=\"font-weight: 400;\">Una volta constatato lo stato di deperimento fisico del docente, il medico vaccinatore, non sussistendo alcuno studio comprovante l&#8217;innocuit\u00e0 del trattamento su una persona in sciopero della fame, ha ritenuto in scienza e coscienza di esentarlo dal trattamento.<\/span><\/p>\n<p><span style=\"font-weight: 400;\">&#8220;Questo provvedimento apre una piccola grande crepa nella norma sull&#8217;obbligo, ma soprattutto apre la strada ad una lotta nonviolenta di massa&#8221; dichiara Tutino.\u00a0<\/span><\/p>\n<p><span style=\"font-weight: 400;\">Tutino prosegue comunque il suo digiuno per chiedere due cose:<\/span><\/p>\n<p><span style=\"font-weight: 400;\">che il governo fermi la condanna alla fame di decine di migliaia di cittadini, privati del lavoro e del pane per ragioni politiche, non sanitarie;<\/span><\/p>\n<p><span style=\"font-weight: 400;\">che tutti i dispositivi di sicurezza imposti dal governo, tamponi compresi, siano gratuiti per i lavoratori, nel rispetto della normativa vigente, DLgs 81\/08.<\/span><\/p>\n","protected":false},"excerpt":{"rendered":"<p>Professore di storia e filosofia di un Liceo di Roma e referente del sindacato Fisi per il Lazio, sospeso dall\u2019insegnamento dopo l\u2019introduzione dell\u2019obbligo vaccinale per il personale scolastico, Davide Tutino, ha iniziato il 31 dicembre il suo sciopero della fame.\u00a0&hellip;<\/p>\n","protected":false},"author":2063,"featured_media":1498162,"comment_status":"closed","ping_status":"closed","sticky":false,"template":"","format":"standard","meta":{"footnotes":""},"categories":[11388,60,47,157],"tags":[98131,40326,4491],"class_list":["post-1498161","post","type-post","status-publish","format-standard","has-post-thumbnail","hentry","category-contenuti-originali","category-diritti-umani","category-europa","category-interviste","tag-davide-tutino","tag-obbligo-vaccinale","tag-sciopero-della-fame"],"yoast_head":"<!-- This site is optimized with the Yoast SEO plugin v27.1.1 - https:\/\/yoast.com\/product\/yoast-seo-wordpress\/ -->\n<title>Davide Tutino, il professore di filosofia in sciopero della fame: &quot;Siamo 40 mila condannati alla fame&quot;<\/title>\n<meta name=\"description\" content=\"Professore di storia e filosofia di un Liceo di Roma e referente del sindacato Fisi per il Lazio, sospeso dall\u2019insegnamento dopo l\u2019introduzione\" \/>\n<meta name=\"robots\" content=\"index, follow, max-snippet:-1, max-image-preview:large, max-video-preview:-1\" \/>\n<link rel=\"canonical\" href=\"https:\/\/www.pressenza.com\/it\/2022\/01\/davide-tutino-il-professore-di-filosofia-in-sciopero-della-fame-siamo-40-mila-condannati-alla-fame\/\" \/>\n<meta property=\"og:locale\" content=\"it_IT\" \/>\n<meta property=\"og:type\" content=\"article\" \/>\n<meta property=\"og:title\" content=\"Davide Tutino, il professore di filosofia in sciopero della fame: &quot;Siamo 40 mila condannati alla fame&quot;\" \/>\n<meta property=\"og:description\" content=\"Professore di storia e filosofia di un Liceo di Roma e referente del sindacato Fisi per il Lazio, sospeso dall\u2019insegnamento dopo l\u2019introduzione\" \/>\n<meta property=\"og:url\" content=\"https:\/\/www.pressenza.com\/it\/2022\/01\/davide-tutino-il-professore-di-filosofia-in-sciopero-della-fame-siamo-40-mila-condannati-alla-fame\/\" \/>\n<meta property=\"og:site_name\" content=\"Pressenza\" \/>\n<meta property=\"article:publisher\" content=\"https:\/\/www.facebook.com\/PressenzaItalia\" \/>\n<meta property=\"article:published_time\" content=\"2022-01-03T19:51:37+00:00\" \/>\n<meta property=\"article:modified_time\" content=\"2022-01-04T14:22:00+00:00\" \/>\n<meta property=\"og:image\" content=\"https:\/\/www.pressenza.com\/wp-content\/uploads\/2022\/01\/davide-tutino.jpg\" \/>\n\t<meta property=\"og:image:width\" content=\"850\" \/>\n\t<meta property=\"og:image:height\" content=\"632\" \/>\n\t<meta property=\"og:image:type\" content=\"image\/jpeg\" \/>\n<meta name=\"author\" content=\"Linda Maggiori\" \/>\n<meta name=\"twitter:card\" content=\"summary_large_image\" \/>\n<meta name=\"twitter:creator\" content=\"@PressenzaIPA\" \/>\n<meta name=\"twitter:site\" content=\"@PressenzaIPA\" \/>\n<meta name=\"twitter:label1\" content=\"Scritto da\" \/>\n\t<meta name=\"twitter:data1\" content=\"Linda Maggiori\" \/>\n\t<meta name=\"twitter:label2\" content=\"Tempo di lettura stimato\" \/>\n\t<meta name=\"twitter:data2\" content=\"4 minuti\" \/>\n<script type=\"application\/ld+json\" class=\"yoast-schema-graph\">{\"@context\":\"https:\/\/schema.org\",\"@graph\":[{\"@type\":\"Article\",\"@id\":\"https:\/\/www.pressenza.com\/it\/2022\/01\/davide-tutino-il-professore-di-filosofia-in-sciopero-della-fame-siamo-40-mila-condannati-alla-fame\/#article\",\"isPartOf\":{\"@id\":\"https:\/\/www.pressenza.com\/it\/2022\/01\/davide-tutino-il-professore-di-filosofia-in-sciopero-della-fame-siamo-40-mila-condannati-alla-fame\/\"},\"author\":{\"name\":\"Linda Maggiori\",\"@id\":\"https:\/\/www.pressenza.com\/it\/#\/schema\/person\/a1e211621fbb260f6ee4ab772b010f01\"},\"headline\":\"Davide Tutino, il professore di filosofia in sciopero della fame: &#8220;Siamo 40 mila condannati alla fame&#8221;\",\"datePublished\":\"2022-01-03T19:51:37+00:00\",\"dateModified\":\"2022-01-04T14:22:00+00:00\",\"mainEntityOfPage\":{\"@id\":\"https:\/\/www.pressenza.com\/it\/2022\/01\/davide-tutino-il-professore-di-filosofia-in-sciopero-della-fame-siamo-40-mila-condannati-alla-fame\/\"},\"wordCount\":829,\"publisher\":{\"@id\":\"https:\/\/www.pressenza.com\/it\/#organization\"},\"image\":{\"@id\":\"https:\/\/www.pressenza.com\/it\/2022\/01\/davide-tutino-il-professore-di-filosofia-in-sciopero-della-fame-siamo-40-mila-condannati-alla-fame\/#primaryimage\"},\"thumbnailUrl\":\"https:\/\/www.pressenza.com\/wp-content\/uploads\/2022\/01\/davide-tutino.jpg\",\"keywords\":[\"Davide Tutino\",\"obbligo vaccinale\",\"sciopero della fame\"],\"articleSection\":[\"contenuti originali\",\"Diritti Umani\",\"Europa\",\"Interviste\"],\"inLanguage\":\"it-IT\"},{\"@type\":\"WebPage\",\"@id\":\"https:\/\/www.pressenza.com\/it\/2022\/01\/davide-tutino-il-professore-di-filosofia-in-sciopero-della-fame-siamo-40-mila-condannati-alla-fame\/\",\"url\":\"https:\/\/www.pressenza.com\/it\/2022\/01\/davide-tutino-il-professore-di-filosofia-in-sciopero-della-fame-siamo-40-mila-condannati-alla-fame\/\",\"name\":\"Davide Tutino, il professore di filosofia in sciopero della fame: \\\"Siamo 40 mila condannati alla fame\\\"\",\"isPartOf\":{\"@id\":\"https:\/\/www.pressenza.com\/it\/#website\"},\"primaryImageOfPage\":{\"@id\":\"https:\/\/www.pressenza.com\/it\/2022\/01\/davide-tutino-il-professore-di-filosofia-in-sciopero-della-fame-siamo-40-mila-condannati-alla-fame\/#primaryimage\"},\"image\":{\"@id\":\"https:\/\/www.pressenza.com\/it\/2022\/01\/davide-tutino-il-professore-di-filosofia-in-sciopero-della-fame-siamo-40-mila-condannati-alla-fame\/#primaryimage\"},\"thumbnailUrl\":\"https:\/\/www.pressenza.com\/wp-content\/uploads\/2022\/01\/davide-tutino.jpg\",\"datePublished\":\"2022-01-03T19:51:37+00:00\",\"dateModified\":\"2022-01-04T14:22:00+00:00\",\"description\":\"Professore di storia e filosofia di un Liceo di Roma e referente del sindacato Fisi per il Lazio, sospeso dall\u2019insegnamento dopo l\u2019introduzione\",\"breadcrumb\":{\"@id\":\"https:\/\/www.pressenza.com\/it\/2022\/01\/davide-tutino-il-professore-di-filosofia-in-sciopero-della-fame-siamo-40-mila-condannati-alla-fame\/#breadcrumb\"},\"inLanguage\":\"it-IT\",\"potentialAction\":[{\"@type\":\"ReadAction\",\"target\":[\"https:\/\/www.pressenza.com\/it\/2022\/01\/davide-tutino-il-professore-di-filosofia-in-sciopero-della-fame-siamo-40-mila-condannati-alla-fame\/\"]}]},{\"@type\":\"ImageObject\",\"inLanguage\":\"it-IT\",\"@id\":\"https:\/\/www.pressenza.com\/it\/2022\/01\/davide-tutino-il-professore-di-filosofia-in-sciopero-della-fame-siamo-40-mila-condannati-alla-fame\/#primaryimage\",\"url\":\"https:\/\/www.pressenza.com\/wp-content\/uploads\/2022\/01\/davide-tutino.jpg\",\"contentUrl\":\"https:\/\/www.pressenza.com\/wp-content\/uploads\/2022\/01\/davide-tutino.jpg\",\"width\":850,\"height\":632},{\"@type\":\"BreadcrumbList\",\"@id\":\"https:\/\/www.pressenza.com\/it\/2022\/01\/davide-tutino-il-professore-di-filosofia-in-sciopero-della-fame-siamo-40-mila-condannati-alla-fame\/#breadcrumb\",\"itemListElement\":[{\"@type\":\"ListItem\",\"position\":1,\"name\":\"Accueil\",\"item\":\"https:\/\/www.pressenza.com\/it\/\"},{\"@type\":\"ListItem\",\"position\":2,\"name\":\"Davide Tutino, il professore di filosofia in sciopero della fame: &#8220;Siamo 40 mila condannati alla fame&#8221;\"}]},{\"@type\":\"WebSite\",\"@id\":\"https:\/\/www.pressenza.com\/it\/#website\",\"url\":\"https:\/\/www.pressenza.com\/it\/\",\"name\":\"Pressenza\",\"description\":\"Agenzia di Stampa Internazionale\",\"publisher\":{\"@id\":\"https:\/\/www.pressenza.com\/it\/#organization\"},\"potentialAction\":[{\"@type\":\"SearchAction\",\"target\":{\"@type\":\"EntryPoint\",\"urlTemplate\":\"https:\/\/www.pressenza.com\/it\/?s={search_term_string}\"},\"query-input\":{\"@type\":\"PropertyValueSpecification\",\"valueRequired\":true,\"valueName\":\"search_term_string\"}}],\"inLanguage\":\"it-IT\"},{\"@type\":\"Organization\",\"@id\":\"https:\/\/www.pressenza.com\/it\/#organization\",\"name\":\"Pressenza\",\"url\":\"https:\/\/www.pressenza.com\/it\/\",\"logo\":{\"@type\":\"ImageObject\",\"inLanguage\":\"it-IT\",\"@id\":\"https:\/\/www.pressenza.com\/it\/#\/schema\/logo\/image\/\",\"url\":\"https:\/\/www.pressenza.com\/wp-content\/uploads\/2022\/10\/pressenza_logo_200x200.jpg\",\"contentUrl\":\"https:\/\/www.pressenza.com\/wp-content\/uploads\/2022\/10\/pressenza_logo_200x200.jpg\",\"width\":200,\"height\":200,\"caption\":\"Pressenza\"},\"image\":{\"@id\":\"https:\/\/www.pressenza.com\/it\/#\/schema\/logo\/image\/\"},\"sameAs\":[\"https:\/\/www.facebook.com\/PressenzaItalia\",\"https:\/\/x.com\/PressenzaIPA\"]},{\"@type\":\"Person\",\"@id\":\"https:\/\/www.pressenza.com\/it\/#\/schema\/person\/a1e211621fbb260f6ee4ab772b010f01\",\"name\":\"Linda Maggiori\",\"description\":\"Sono nata a Recanati nel 1981, fin da piccola ho sempre adorato scrivere e lottare contro le ingiustizie. Laureata in Scienze dell\u2019Educazione e Servizio sociale ho fatto varie esperienze come educatrice. Ho scritto vari libri per adulti e bambini sull'ambiente, sono blogger per il Fatto Quotidiano, collaboro come giornalista con Terra Nuova, il Manifesto, e con la testata di comunicazione ambientale Envi.info. Vivo a Faenza (Ra), con mio marito e i nostri quatto figli, dove da 10 anni sperimentiamo e testimoniamo uno stile di vita sostenibile: senz\u2019auto, a rifiuti (quasi) zero, con solo energia rinnovabile.\",\"url\":\"https:\/\/www.pressenza.com\/it\/author\/linda-maggiori\/\"}]}<\/script>\n<!-- \/ Yoast SEO plugin. -->","yoast_head_json":{"title":"Davide Tutino, il professore di filosofia in sciopero della fame: \"Siamo 40 mila condannati alla fame\"","description":"Professore di storia e filosofia di un Liceo di Roma e referente del sindacato Fisi per il Lazio, sospeso dall\u2019insegnamento dopo l\u2019introduzione","robots":{"index":"index","follow":"follow","max-snippet":"max-snippet:-1","max-image-preview":"max-image-preview:large","max-video-preview":"max-video-preview:-1"},"canonical":"https:\/\/www.pressenza.com\/it\/2022\/01\/davide-tutino-il-professore-di-filosofia-in-sciopero-della-fame-siamo-40-mila-condannati-alla-fame\/","og_locale":"it_IT","og_type":"article","og_title":"Davide Tutino, il professore di filosofia in sciopero della fame: \"Siamo 40 mila condannati alla fame\"","og_description":"Professore di storia e filosofia di un Liceo di Roma e referente del sindacato Fisi per il Lazio, sospeso dall\u2019insegnamento dopo l\u2019introduzione","og_url":"https:\/\/www.pressenza.com\/it\/2022\/01\/davide-tutino-il-professore-di-filosofia-in-sciopero-della-fame-siamo-40-mila-condannati-alla-fame\/","og_site_name":"Pressenza","article_publisher":"https:\/\/www.facebook.com\/PressenzaItalia","article_published_time":"2022-01-03T19:51:37+00:00","article_modified_time":"2022-01-04T14:22:00+00:00","og_image":[{"width":850,"height":632,"url":"https:\/\/www.pressenza.com\/wp-content\/uploads\/2022\/01\/davide-tutino.jpg","type":"image\/jpeg"}],"author":"Linda Maggiori","twitter_card":"summary_large_image","twitter_creator":"@PressenzaIPA","twitter_site":"@PressenzaIPA","twitter_misc":{"Scritto da":"Linda Maggiori","Tempo di lettura stimato":"4 minuti"},"schema":{"@context":"https:\/\/schema.org","@graph":[{"@type":"Article","@id":"https:\/\/www.pressenza.com\/it\/2022\/01\/davide-tutino-il-professore-di-filosofia-in-sciopero-della-fame-siamo-40-mila-condannati-alla-fame\/#article","isPartOf":{"@id":"https:\/\/www.pressenza.com\/it\/2022\/01\/davide-tutino-il-professore-di-filosofia-in-sciopero-della-fame-siamo-40-mila-condannati-alla-fame\/"},"author":{"name":"Linda Maggiori","@id":"https:\/\/www.pressenza.com\/it\/#\/schema\/person\/a1e211621fbb260f6ee4ab772b010f01"},"headline":"Davide Tutino, il professore di filosofia in sciopero della fame: &#8220;Siamo 40 mila condannati alla fame&#8221;","datePublished":"2022-01-03T19:51:37+00:00","dateModified":"2022-01-04T14:22:00+00:00","mainEntityOfPage":{"@id":"https:\/\/www.pressenza.com\/it\/2022\/01\/davide-tutino-il-professore-di-filosofia-in-sciopero-della-fame-siamo-40-mila-condannati-alla-fame\/"},"wordCount":829,"publisher":{"@id":"https:\/\/www.pressenza.com\/it\/#organization"},"image":{"@id":"https:\/\/www.pressenza.com\/it\/2022\/01\/davide-tutino-il-professore-di-filosofia-in-sciopero-della-fame-siamo-40-mila-condannati-alla-fame\/#primaryimage"},"thumbnailUrl":"https:\/\/www.pressenza.com\/wp-content\/uploads\/2022\/01\/davide-tutino.jpg","keywords":["Davide Tutino","obbligo vaccinale","sciopero della fame"],"articleSection":["contenuti originali","Diritti Umani","Europa","Interviste"],"inLanguage":"it-IT"},{"@type":"WebPage","@id":"https:\/\/www.pressenza.com\/it\/2022\/01\/davide-tutino-il-professore-di-filosofia-in-sciopero-della-fame-siamo-40-mila-condannati-alla-fame\/","url":"https:\/\/www.pressenza.com\/it\/2022\/01\/davide-tutino-il-professore-di-filosofia-in-sciopero-della-fame-siamo-40-mila-condannati-alla-fame\/","name":"Davide Tutino, il professore di filosofia in sciopero della fame: \"Siamo 40 mila condannati alla fame\"","isPartOf":{"@id":"https:\/\/www.pressenza.com\/it\/#website"},"primaryImageOfPage":{"@id":"https:\/\/www.pressenza.com\/it\/2022\/01\/davide-tutino-il-professore-di-filosofia-in-sciopero-della-fame-siamo-40-mila-condannati-alla-fame\/#primaryimage"},"image":{"@id":"https:\/\/www.pressenza.com\/it\/2022\/01\/davide-tutino-il-professore-di-filosofia-in-sciopero-della-fame-siamo-40-mila-condannati-alla-fame\/#primaryimage"},"thumbnailUrl":"https:\/\/www.pressenza.com\/wp-content\/uploads\/2022\/01\/davide-tutino.jpg","datePublished":"2022-01-03T19:51:37+00:00","dateModified":"2022-01-04T14:22:00+00:00","description":"Professore di storia e filosofia di un Liceo di Roma e referente del sindacato Fisi per il Lazio, sospeso dall\u2019insegnamento dopo l\u2019introduzione","breadcrumb":{"@id":"https:\/\/www.pressenza.com\/it\/2022\/01\/davide-tutino-il-professore-di-filosofia-in-sciopero-della-fame-siamo-40-mila-condannati-alla-fame\/#breadcrumb"},"inLanguage":"it-IT","potentialAction":[{"@type":"ReadAction","target":["https:\/\/www.pressenza.com\/it\/2022\/01\/davide-tutino-il-professore-di-filosofia-in-sciopero-della-fame-siamo-40-mila-condannati-alla-fame\/"]}]},{"@type":"ImageObject","inLanguage":"it-IT","@id":"https:\/\/www.pressenza.com\/it\/2022\/01\/davide-tutino-il-professore-di-filosofia-in-sciopero-della-fame-siamo-40-mila-condannati-alla-fame\/#primaryimage","url":"https:\/\/www.pressenza.com\/wp-content\/uploads\/2022\/01\/davide-tutino.jpg","contentUrl":"https:\/\/www.pressenza.com\/wp-content\/uploads\/2022\/01\/davide-tutino.jpg","width":850,"height":632},{"@type":"BreadcrumbList","@id":"https:\/\/www.pressenza.com\/it\/2022\/01\/davide-tutino-il-professore-di-filosofia-in-sciopero-della-fame-siamo-40-mila-condannati-alla-fame\/#breadcrumb","itemListElement":[{"@type":"ListItem","position":1,"name":"Accueil","item":"https:\/\/www.pressenza.com\/it\/"},{"@type":"ListItem","position":2,"name":"Davide Tutino, il professore di filosofia in sciopero della fame: &#8220;Siamo 40 mila condannati alla fame&#8221;"}]},{"@type":"WebSite","@id":"https:\/\/www.pressenza.com\/it\/#website","url":"https:\/\/www.pressenza.com\/it\/","name":"Pressenza","description":"Agenzia di Stampa Internazionale","publisher":{"@id":"https:\/\/www.pressenza.com\/it\/#organization"},"potentialAction":[{"@type":"SearchAction","target":{"@type":"EntryPoint","urlTemplate":"https:\/\/www.pressenza.com\/it\/?s={search_term_string}"},"query-input":{"@type":"PropertyValueSpecification","valueRequired":true,"valueName":"search_term_string"}}],"inLanguage":"it-IT"},{"@type":"Organization","@id":"https:\/\/www.pressenza.com\/it\/#organization","name":"Pressenza","url":"https:\/\/www.pressenza.com\/it\/","logo":{"@type":"ImageObject","inLanguage":"it-IT","@id":"https:\/\/www.pressenza.com\/it\/#\/schema\/logo\/image\/","url":"https:\/\/www.pressenza.com\/wp-content\/uploads\/2022\/10\/pressenza_logo_200x200.jpg","contentUrl":"https:\/\/www.pressenza.com\/wp-content\/uploads\/2022\/10\/pressenza_logo_200x200.jpg","width":200,"height":200,"caption":"Pressenza"},"image":{"@id":"https:\/\/www.pressenza.com\/it\/#\/schema\/logo\/image\/"},"sameAs":["https:\/\/www.facebook.com\/PressenzaItalia","https:\/\/x.com\/PressenzaIPA"]},{"@type":"Person","@id":"https:\/\/www.pressenza.com\/it\/#\/schema\/person\/a1e211621fbb260f6ee4ab772b010f01","name":"Linda Maggiori","description":"Sono nata a Recanati nel 1981, fin da piccola ho sempre adorato scrivere e lottare contro le ingiustizie. Laureata in Scienze dell\u2019Educazione e Servizio sociale ho fatto varie esperienze come educatrice. Ho scritto vari libri per adulti e bambini sull'ambiente, sono blogger per il Fatto Quotidiano, collaboro come giornalista con Terra Nuova, il Manifesto, e con la testata di comunicazione ambientale Envi.info. Vivo a Faenza (Ra), con mio marito e i nostri quatto figli, dove da 10 anni sperimentiamo e testimoniamo uno stile di vita sostenibile: senz\u2019auto, a rifiuti (quasi) zero, con solo energia rinnovabile.","url":"https:\/\/www.pressenza.com\/it\/author\/linda-maggiori\/"}]}},"place":"","original_article_url":"","_links":{"self":[{"href":"https:\/\/www.pressenza.com\/it\/wp-json\/wp\/v2\/posts\/1498161","targetHints":{"allow":["GET"]}}],"collection":[{"href":"https:\/\/www.pressenza.com\/it\/wp-json\/wp\/v2\/posts"}],"about":[{"href":"https:\/\/www.pressenza.com\/it\/wp-json\/wp\/v2\/types\/post"}],"author":[{"embeddable":true,"href":"https:\/\/www.pressenza.com\/it\/wp-json\/wp\/v2\/users\/2063"}],"replies":[{"embeddable":true,"href":"https:\/\/www.pressenza.com\/it\/wp-json\/wp\/v2\/comments?post=1498161"}],"version-history":[{"count":0,"href":"https:\/\/www.pressenza.com\/it\/wp-json\/wp\/v2\/posts\/1498161\/revisions"}],"wp:featuredmedia":[{"embeddable":true,"href":"https:\/\/www.pressenza.com\/it\/wp-json\/wp\/v2\/media\/1498162"}],"wp:attachment":[{"href":"https:\/\/www.pressenza.com\/it\/wp-json\/wp\/v2\/media?parent=1498161"}],"wp:term":[{"taxonomy":"category","embeddable":true,"href":"https:\/\/www.pressenza.com\/it\/wp-json\/wp\/v2\/categories?post=1498161"},{"taxonomy":"post_tag","embeddable":true,"href":"https:\/\/www.pressenza.com\/it\/wp-json\/wp\/v2\/tags?post=1498161"}],"curies":[{"name":"wp","href":"https:\/\/api.w.org\/{rel}","templated":true}]}}