{"id":1496163,"date":"2021-12-29T08:38:55","date_gmt":"2021-12-29T08:38:55","guid":{"rendered":"https:\/\/www.pressenza.com\/?p=1496163"},"modified":"2021-12-29T10:06:20","modified_gmt":"2021-12-29T10:06:20","slug":"antonio-raddi-morto-in-carcere-conferenza-stampa-a-torino","status":"publish","type":"post","link":"https:\/\/www.pressenza.com\/it\/2021\/12\/antonio-raddi-morto-in-carcere-conferenza-stampa-a-torino\/","title":{"rendered":"Antonio Raddi, morto in carcere: conferenza stampa a Torino"},"content":{"rendered":"<h2>Domani alle 11:00, al Centro Sereno Regis in via Garibaldi 13 a Torino, la Famiglia Raddi racconta alla stampa il calvario di Antonio, morto nel carcere delle Vallette<\/h2>\n<p>Il 30 dicembre di due anni fa moriva Antonio Raddi, un ragazzo di 28 anni, dopo aver perso in carcere, di fatto senza nessun aiuto, 25 chili, un terzo del suo peso. Due anni durante i quali abbiamo chiesto giustizia, per Antonio e perch\u00e9 questo non debba pi\u00f9 succedere; perch\u00e9 nessuno debba pi\u00f9 morire disperato e abbandonato in una cella.<\/p>\n<p>Dopo due anni la Procura di Torino ha chiesto di archiviare il caso, senza colpevoli.<\/p>\n<p>Noi siamo convinti che nessuno possa accettare che si possa morire cos\u00ec; abbiamo creduto e vogliamo credere nella giustizia.<\/p>\n<p>Il 30 dicembre, nell&#8217;anniversario della sua morte, incontreremo, insieme alla Garante dei diritti delle persone private della libert\u00e0 della Citt\u00e0 di Torino e ai nostri legali, i giornalisti. Per non dimenticare, per raccontare il calvario di Antonio ma soprattutto per chiedere giustizia&#8221;<\/p>\n<p>In ottemperanza alle disposizioni per il contenimento della pandemia per l&#8217;accesso alla sala \u00e8 richiesta esibizione di green pass rafforzato.<\/p>\n<p>La partecipazione pu\u00f2 essere confermata inviando una email a : <u>enzoferrara@serenoregis.org<\/u><\/p>\n<p>La conferenza stampa verr\u00e0 trasmessa in diretta streaming sul canale YouTube del Centro Studi Sereno Regis<\/p>\n","protected":false},"excerpt":{"rendered":"<p>Domani alle 11:00, al Centro Sereno Regis in via Garibaldi 13 a Torino, la Famiglia Raddi racconta alla stampa il calvario di Antonio, morto nel carcere delle Vallette Il 30 dicembre di due anni fa moriva Antonio Raddi, un ragazzo&hellip;<\/p>\n","protected":false},"author":1640,"featured_media":1496167,"comment_status":"closed","ping_status":"closed","sticky":false,"template":"","format":"standard","meta":{"footnotes":""},"categories":[150,60,47],"tags":[97997],"class_list":["post-1496163","post","type-post","status-publish","format-standard","has-post-thumbnail","hentry","category-comunicati-stampa","category-diritti-umani","category-europa","tag-antonio-raddi"],"yoast_head":"<!-- This site is optimized with the Yoast SEO plugin v27.1.1 - https:\/\/yoast.com\/product\/yoast-seo-wordpress\/ -->\n<title>Antonio Raddi, morto in carcere: conferenza stampa a Torino<\/title>\n<meta name=\"description\" content=\"Domani, al Centro Sereno Regis in via Garibaldi 13 a Torino, la Famiglia Raddi racconta alla stampa il calvario di Antonio, morto nel carcere delle Vallette\" \/>\n<meta name=\"robots\" content=\"index, follow, max-snippet:-1, max-image-preview:large, max-video-preview:-1\" \/>\n<link rel=\"canonical\" href=\"https:\/\/www.pressenza.com\/it\/2021\/12\/antonio-raddi-morto-in-carcere-conferenza-stampa-a-torino\/\" \/>\n<meta property=\"og:locale\" content=\"it_IT\" \/>\n<meta property=\"og:type\" content=\"article\" \/>\n<meta property=\"og:title\" content=\"Antonio Raddi, morto in carcere: conferenza stampa a Torino\" \/>\n<meta property=\"og:description\" content=\"Domani, al Centro Sereno Regis in via Garibaldi 13 a Torino, la Famiglia Raddi racconta alla stampa il calvario di Antonio, morto nel carcere delle Vallette\" \/>\n<meta property=\"og:url\" content=\"https:\/\/www.pressenza.com\/it\/2021\/12\/antonio-raddi-morto-in-carcere-conferenza-stampa-a-torino\/\" \/>\n<meta property=\"og:site_name\" content=\"Pressenza\" \/>\n<meta property=\"article:publisher\" content=\"https:\/\/www.facebook.com\/PressenzaItalia\" \/>\n<meta property=\"article:published_time\" content=\"2021-12-29T08:38:55+00:00\" \/>\n<meta property=\"article:modified_time\" content=\"2021-12-29T10:06:20+00:00\" \/>\n<meta property=\"og:image\" content=\"https:\/\/www.pressenza.com\/wp-content\/uploads\/2021\/12\/Antonio-Raddi.jpg\" \/>\n\t<meta property=\"og:image:width\" content=\"850\" \/>\n\t<meta property=\"og:image:height\" content=\"567\" \/>\n\t<meta property=\"og:image:type\" content=\"image\/jpeg\" \/>\n<meta name=\"author\" content=\"Redazione Torino\" \/>\n<meta name=\"twitter:card\" content=\"summary_large_image\" \/>\n<meta name=\"twitter:creator\" content=\"@PressenzaIPA\" \/>\n<meta name=\"twitter:site\" content=\"@PressenzaIPA\" \/>\n<meta name=\"twitter:label1\" content=\"Scritto da\" \/>\n\t<meta name=\"twitter:data1\" content=\"Redazione Torino\" \/>\n\t<meta name=\"twitter:label2\" content=\"Tempo di lettura stimato\" \/>\n\t<meta name=\"twitter:data2\" content=\"1 minuto\" \/>\n<script type=\"application\/ld+json\" class=\"yoast-schema-graph\">{\"@context\":\"https:\/\/schema.org\",\"@graph\":[{\"@type\":\"Article\",\"@id\":\"https:\/\/www.pressenza.com\/it\/2021\/12\/antonio-raddi-morto-in-carcere-conferenza-stampa-a-torino\/#article\",\"isPartOf\":{\"@id\":\"https:\/\/www.pressenza.com\/it\/2021\/12\/antonio-raddi-morto-in-carcere-conferenza-stampa-a-torino\/\"},\"author\":{\"name\":\"Redazione Torino\",\"@id\":\"https:\/\/www.pressenza.com\/it\/#\/schema\/person\/da0d4ca096515102c096dbbc39d69593\"},\"headline\":\"Antonio Raddi, morto in carcere: conferenza stampa a Torino\",\"datePublished\":\"2021-12-29T08:38:55+00:00\",\"dateModified\":\"2021-12-29T10:06:20+00:00\",\"mainEntityOfPage\":{\"@id\":\"https:\/\/www.pressenza.com\/it\/2021\/12\/antonio-raddi-morto-in-carcere-conferenza-stampa-a-torino\/\"},\"wordCount\":216,\"publisher\":{\"@id\":\"https:\/\/www.pressenza.com\/it\/#organization\"},\"image\":{\"@id\":\"https:\/\/www.pressenza.com\/it\/2021\/12\/antonio-raddi-morto-in-carcere-conferenza-stampa-a-torino\/#primaryimage\"},\"thumbnailUrl\":\"https:\/\/www.pressenza.com\/wp-content\/uploads\/2021\/12\/Antonio-Raddi.jpg\",\"keywords\":[\"Antonio Raddi\"],\"articleSection\":[\"Comunicati Stampa\",\"Diritti Umani\",\"Europa\"],\"inLanguage\":\"it-IT\"},{\"@type\":\"WebPage\",\"@id\":\"https:\/\/www.pressenza.com\/it\/2021\/12\/antonio-raddi-morto-in-carcere-conferenza-stampa-a-torino\/\",\"url\":\"https:\/\/www.pressenza.com\/it\/2021\/12\/antonio-raddi-morto-in-carcere-conferenza-stampa-a-torino\/\",\"name\":\"Antonio Raddi, morto in carcere: conferenza stampa a Torino\",\"isPartOf\":{\"@id\":\"https:\/\/www.pressenza.com\/it\/#website\"},\"primaryImageOfPage\":{\"@id\":\"https:\/\/www.pressenza.com\/it\/2021\/12\/antonio-raddi-morto-in-carcere-conferenza-stampa-a-torino\/#primaryimage\"},\"image\":{\"@id\":\"https:\/\/www.pressenza.com\/it\/2021\/12\/antonio-raddi-morto-in-carcere-conferenza-stampa-a-torino\/#primaryimage\"},\"thumbnailUrl\":\"https:\/\/www.pressenza.com\/wp-content\/uploads\/2021\/12\/Antonio-Raddi.jpg\",\"datePublished\":\"2021-12-29T08:38:55+00:00\",\"dateModified\":\"2021-12-29T10:06:20+00:00\",\"description\":\"Domani, al Centro Sereno Regis in via Garibaldi 13 a Torino, la Famiglia Raddi racconta alla stampa il calvario di Antonio, morto nel carcere delle Vallette\",\"breadcrumb\":{\"@id\":\"https:\/\/www.pressenza.com\/it\/2021\/12\/antonio-raddi-morto-in-carcere-conferenza-stampa-a-torino\/#breadcrumb\"},\"inLanguage\":\"it-IT\",\"potentialAction\":[{\"@type\":\"ReadAction\",\"target\":[\"https:\/\/www.pressenza.com\/it\/2021\/12\/antonio-raddi-morto-in-carcere-conferenza-stampa-a-torino\/\"]}]},{\"@type\":\"ImageObject\",\"inLanguage\":\"it-IT\",\"@id\":\"https:\/\/www.pressenza.com\/it\/2021\/12\/antonio-raddi-morto-in-carcere-conferenza-stampa-a-torino\/#primaryimage\",\"url\":\"https:\/\/www.pressenza.com\/wp-content\/uploads\/2021\/12\/Antonio-Raddi.jpg\",\"contentUrl\":\"https:\/\/www.pressenza.com\/wp-content\/uploads\/2021\/12\/Antonio-Raddi.jpg\",\"width\":850,\"height\":567},{\"@type\":\"BreadcrumbList\",\"@id\":\"https:\/\/www.pressenza.com\/it\/2021\/12\/antonio-raddi-morto-in-carcere-conferenza-stampa-a-torino\/#breadcrumb\",\"itemListElement\":[{\"@type\":\"ListItem\",\"position\":1,\"name\":\"Accueil\",\"item\":\"https:\/\/www.pressenza.com\/it\/\"},{\"@type\":\"ListItem\",\"position\":2,\"name\":\"Antonio Raddi, morto in carcere: conferenza stampa a Torino\"}]},{\"@type\":\"WebSite\",\"@id\":\"https:\/\/www.pressenza.com\/it\/#website\",\"url\":\"https:\/\/www.pressenza.com\/it\/\",\"name\":\"Pressenza\",\"description\":\"Agenzia di Stampa Internazionale\",\"publisher\":{\"@id\":\"https:\/\/www.pressenza.com\/it\/#organization\"},\"potentialAction\":[{\"@type\":\"SearchAction\",\"target\":{\"@type\":\"EntryPoint\",\"urlTemplate\":\"https:\/\/www.pressenza.com\/it\/?s={search_term_string}\"},\"query-input\":{\"@type\":\"PropertyValueSpecification\",\"valueRequired\":true,\"valueName\":\"search_term_string\"}}],\"inLanguage\":\"it-IT\"},{\"@type\":\"Organization\",\"@id\":\"https:\/\/www.pressenza.com\/it\/#organization\",\"name\":\"Pressenza\",\"url\":\"https:\/\/www.pressenza.com\/it\/\",\"logo\":{\"@type\":\"ImageObject\",\"inLanguage\":\"it-IT\",\"@id\":\"https:\/\/www.pressenza.com\/it\/#\/schema\/logo\/image\/\",\"url\":\"https:\/\/www.pressenza.com\/wp-content\/uploads\/2022\/10\/pressenza_logo_200x200.jpg\",\"contentUrl\":\"https:\/\/www.pressenza.com\/wp-content\/uploads\/2022\/10\/pressenza_logo_200x200.jpg\",\"width\":200,\"height\":200,\"caption\":\"Pressenza\"},\"image\":{\"@id\":\"https:\/\/www.pressenza.com\/it\/#\/schema\/logo\/image\/\"},\"sameAs\":[\"https:\/\/www.facebook.com\/PressenzaItalia\",\"https:\/\/x.com\/PressenzaIPA\"]},{\"@type\":\"Person\",\"@id\":\"https:\/\/www.pressenza.com\/it\/#\/schema\/person\/da0d4ca096515102c096dbbc39d69593\",\"name\":\"Redazione Torino\",\"description\":\"News from the Pressenza Bureau in Turin, Italy redazione.torino@pressenza.com\",\"url\":\"https:\/\/www.pressenza.com\/it\/author\/redazione-torino\/\"}]}<\/script>\n<!-- \/ Yoast SEO plugin. -->","yoast_head_json":{"title":"Antonio Raddi, morto in carcere: conferenza stampa a Torino","description":"Domani, al Centro Sereno Regis in via Garibaldi 13 a Torino, la Famiglia Raddi racconta alla stampa il calvario di Antonio, morto nel carcere delle Vallette","robots":{"index":"index","follow":"follow","max-snippet":"max-snippet:-1","max-image-preview":"max-image-preview:large","max-video-preview":"max-video-preview:-1"},"canonical":"https:\/\/www.pressenza.com\/it\/2021\/12\/antonio-raddi-morto-in-carcere-conferenza-stampa-a-torino\/","og_locale":"it_IT","og_type":"article","og_title":"Antonio Raddi, morto in carcere: conferenza stampa a Torino","og_description":"Domani, al Centro Sereno Regis in via Garibaldi 13 a Torino, la Famiglia Raddi racconta alla stampa il calvario di Antonio, morto nel carcere delle Vallette","og_url":"https:\/\/www.pressenza.com\/it\/2021\/12\/antonio-raddi-morto-in-carcere-conferenza-stampa-a-torino\/","og_site_name":"Pressenza","article_publisher":"https:\/\/www.facebook.com\/PressenzaItalia","article_published_time":"2021-12-29T08:38:55+00:00","article_modified_time":"2021-12-29T10:06:20+00:00","og_image":[{"width":850,"height":567,"url":"https:\/\/www.pressenza.com\/wp-content\/uploads\/2021\/12\/Antonio-Raddi.jpg","type":"image\/jpeg"}],"author":"Redazione Torino","twitter_card":"summary_large_image","twitter_creator":"@PressenzaIPA","twitter_site":"@PressenzaIPA","twitter_misc":{"Scritto da":"Redazione Torino","Tempo di lettura stimato":"1 minuto"},"schema":{"@context":"https:\/\/schema.org","@graph":[{"@type":"Article","@id":"https:\/\/www.pressenza.com\/it\/2021\/12\/antonio-raddi-morto-in-carcere-conferenza-stampa-a-torino\/#article","isPartOf":{"@id":"https:\/\/www.pressenza.com\/it\/2021\/12\/antonio-raddi-morto-in-carcere-conferenza-stampa-a-torino\/"},"author":{"name":"Redazione Torino","@id":"https:\/\/www.pressenza.com\/it\/#\/schema\/person\/da0d4ca096515102c096dbbc39d69593"},"headline":"Antonio Raddi, morto in carcere: conferenza stampa a Torino","datePublished":"2021-12-29T08:38:55+00:00","dateModified":"2021-12-29T10:06:20+00:00","mainEntityOfPage":{"@id":"https:\/\/www.pressenza.com\/it\/2021\/12\/antonio-raddi-morto-in-carcere-conferenza-stampa-a-torino\/"},"wordCount":216,"publisher":{"@id":"https:\/\/www.pressenza.com\/it\/#organization"},"image":{"@id":"https:\/\/www.pressenza.com\/it\/2021\/12\/antonio-raddi-morto-in-carcere-conferenza-stampa-a-torino\/#primaryimage"},"thumbnailUrl":"https:\/\/www.pressenza.com\/wp-content\/uploads\/2021\/12\/Antonio-Raddi.jpg","keywords":["Antonio Raddi"],"articleSection":["Comunicati Stampa","Diritti Umani","Europa"],"inLanguage":"it-IT"},{"@type":"WebPage","@id":"https:\/\/www.pressenza.com\/it\/2021\/12\/antonio-raddi-morto-in-carcere-conferenza-stampa-a-torino\/","url":"https:\/\/www.pressenza.com\/it\/2021\/12\/antonio-raddi-morto-in-carcere-conferenza-stampa-a-torino\/","name":"Antonio Raddi, morto in carcere: conferenza stampa a Torino","isPartOf":{"@id":"https:\/\/www.pressenza.com\/it\/#website"},"primaryImageOfPage":{"@id":"https:\/\/www.pressenza.com\/it\/2021\/12\/antonio-raddi-morto-in-carcere-conferenza-stampa-a-torino\/#primaryimage"},"image":{"@id":"https:\/\/www.pressenza.com\/it\/2021\/12\/antonio-raddi-morto-in-carcere-conferenza-stampa-a-torino\/#primaryimage"},"thumbnailUrl":"https:\/\/www.pressenza.com\/wp-content\/uploads\/2021\/12\/Antonio-Raddi.jpg","datePublished":"2021-12-29T08:38:55+00:00","dateModified":"2021-12-29T10:06:20+00:00","description":"Domani, al Centro Sereno Regis in via Garibaldi 13 a Torino, la Famiglia Raddi racconta alla stampa il calvario di Antonio, morto nel carcere delle Vallette","breadcrumb":{"@id":"https:\/\/www.pressenza.com\/it\/2021\/12\/antonio-raddi-morto-in-carcere-conferenza-stampa-a-torino\/#breadcrumb"},"inLanguage":"it-IT","potentialAction":[{"@type":"ReadAction","target":["https:\/\/www.pressenza.com\/it\/2021\/12\/antonio-raddi-morto-in-carcere-conferenza-stampa-a-torino\/"]}]},{"@type":"ImageObject","inLanguage":"it-IT","@id":"https:\/\/www.pressenza.com\/it\/2021\/12\/antonio-raddi-morto-in-carcere-conferenza-stampa-a-torino\/#primaryimage","url":"https:\/\/www.pressenza.com\/wp-content\/uploads\/2021\/12\/Antonio-Raddi.jpg","contentUrl":"https:\/\/www.pressenza.com\/wp-content\/uploads\/2021\/12\/Antonio-Raddi.jpg","width":850,"height":567},{"@type":"BreadcrumbList","@id":"https:\/\/www.pressenza.com\/it\/2021\/12\/antonio-raddi-morto-in-carcere-conferenza-stampa-a-torino\/#breadcrumb","itemListElement":[{"@type":"ListItem","position":1,"name":"Accueil","item":"https:\/\/www.pressenza.com\/it\/"},{"@type":"ListItem","position":2,"name":"Antonio Raddi, morto in carcere: conferenza stampa a Torino"}]},{"@type":"WebSite","@id":"https:\/\/www.pressenza.com\/it\/#website","url":"https:\/\/www.pressenza.com\/it\/","name":"Pressenza","description":"Agenzia di Stampa Internazionale","publisher":{"@id":"https:\/\/www.pressenza.com\/it\/#organization"},"potentialAction":[{"@type":"SearchAction","target":{"@type":"EntryPoint","urlTemplate":"https:\/\/www.pressenza.com\/it\/?s={search_term_string}"},"query-input":{"@type":"PropertyValueSpecification","valueRequired":true,"valueName":"search_term_string"}}],"inLanguage":"it-IT"},{"@type":"Organization","@id":"https:\/\/www.pressenza.com\/it\/#organization","name":"Pressenza","url":"https:\/\/www.pressenza.com\/it\/","logo":{"@type":"ImageObject","inLanguage":"it-IT","@id":"https:\/\/www.pressenza.com\/it\/#\/schema\/logo\/image\/","url":"https:\/\/www.pressenza.com\/wp-content\/uploads\/2022\/10\/pressenza_logo_200x200.jpg","contentUrl":"https:\/\/www.pressenza.com\/wp-content\/uploads\/2022\/10\/pressenza_logo_200x200.jpg","width":200,"height":200,"caption":"Pressenza"},"image":{"@id":"https:\/\/www.pressenza.com\/it\/#\/schema\/logo\/image\/"},"sameAs":["https:\/\/www.facebook.com\/PressenzaItalia","https:\/\/x.com\/PressenzaIPA"]},{"@type":"Person","@id":"https:\/\/www.pressenza.com\/it\/#\/schema\/person\/da0d4ca096515102c096dbbc39d69593","name":"Redazione Torino","description":"News from the Pressenza Bureau in Turin, Italy redazione.torino@pressenza.com","url":"https:\/\/www.pressenza.com\/it\/author\/redazione-torino\/"}]}},"place":"","original_article_url":"","_links":{"self":[{"href":"https:\/\/www.pressenza.com\/it\/wp-json\/wp\/v2\/posts\/1496163","targetHints":{"allow":["GET"]}}],"collection":[{"href":"https:\/\/www.pressenza.com\/it\/wp-json\/wp\/v2\/posts"}],"about":[{"href":"https:\/\/www.pressenza.com\/it\/wp-json\/wp\/v2\/types\/post"}],"author":[{"embeddable":true,"href":"https:\/\/www.pressenza.com\/it\/wp-json\/wp\/v2\/users\/1640"}],"replies":[{"embeddable":true,"href":"https:\/\/www.pressenza.com\/it\/wp-json\/wp\/v2\/comments?post=1496163"}],"version-history":[{"count":0,"href":"https:\/\/www.pressenza.com\/it\/wp-json\/wp\/v2\/posts\/1496163\/revisions"}],"wp:featuredmedia":[{"embeddable":true,"href":"https:\/\/www.pressenza.com\/it\/wp-json\/wp\/v2\/media\/1496167"}],"wp:attachment":[{"href":"https:\/\/www.pressenza.com\/it\/wp-json\/wp\/v2\/media?parent=1496163"}],"wp:term":[{"taxonomy":"category","embeddable":true,"href":"https:\/\/www.pressenza.com\/it\/wp-json\/wp\/v2\/categories?post=1496163"},{"taxonomy":"post_tag","embeddable":true,"href":"https:\/\/www.pressenza.com\/it\/wp-json\/wp\/v2\/tags?post=1496163"}],"curies":[{"name":"wp","href":"https:\/\/api.w.org\/{rel}","templated":true}]}}