{"id":1488711,"date":"2021-12-14T17:26:22","date_gmt":"2021-12-14T17:26:22","guid":{"rendered":"https:\/\/www.pressenza.com\/?p=1488711"},"modified":"2021-12-14T17:26:22","modified_gmt":"2021-12-14T17:26:22","slug":"perso-un-minore-nei-boschi-della-polonia-la-denuncia-della-volontaria-che-assiste-i-migranti","status":"publish","type":"post","link":"https:\/\/www.pressenza.com\/it\/2021\/12\/perso-un-minore-nei-boschi-della-polonia-la-denuncia-della-volontaria-che-assiste-i-migranti\/","title":{"rendered":"\u201cPerso un minore nei boschi della Polonia\u201d: la denuncia della volontaria che assiste i migranti"},"content":{"rendered":"<p>Da mesi dalla Bielorussia centinaia di profughi cercano di ottenere l&#8217;asilo politico in uno dei Paesi dell&#8217;Unione Europea confinanti.<\/p>\n<p>\u201c<strong style=\"font-style: inherit;\">Da ore abbiamo perso i contatti con un profugo iracheno di 15 anni che all\u2019alba \u00e8 riuscito a entrare in Polonia<\/strong>\u00a0attraverso la frontiera con la Bielorussia. Siamo molto preoccupati, perch\u00e9 ci ha detto che nel viaggio gli hanno rubato i vestiti pesanti e ora si troverebbe in mezzo alla neve in compagnia di un adulto che, a detta del padre, non sembrerebbe una persona affidabile\u201d. Questa la denuncia giunta all\u2019agenzia Dire da Maria, nome di fantasia di una delle tante volontarie che prestano assistenza ai migranti.<\/p>\n<p><strong>Da mesi dalla Bielorussia centinaia di profughi<\/strong>\u00a0\u2013 tra cui africani e mediorientali \u2013\u00a0<strong style=\"font-style: inherit;\">cercano di ottenere l\u2019asilo politico in uno dei Paesi dell\u2019Unione Europea confinanti, ossia Polonia, Lettonia e Lituania.<\/strong>\u00a0Ritenendo l\u2019arrivo dei migranti \u201cuna minaccia alla sicurezza nazionale\u201d, da settembre il governo polacco ha schierato al confine migliaia di militari e ha negato l\u2019accesso ai giornalisti e agli operatori delle organizzazioni umanitarie, comprese le agenzie delle Nazioni Unite che si occupano di migranti e richiedenti asilo.<\/p>\n<p>In queste condizioni, come avverte Maria, \u201clavorare diventa complicatissimo. Senza i media e gli osservatori indipendenti, anche noi abbiamo difficolt\u00e0 a verificare l\u2019autenticit\u00e0 delle segnalazioni che riceviamo e a seguire le richieste d\u2019aiuto. Ieri per esempio- continua la donna- abbiamo mandato nei boschi una squadra di volontari a cercare un uomo, ma quando sono arrivati non lo hanno trovato nel luogo che ci aveva indicato\u201d.<\/p>\n<p><strong>Anche per il ragazzino iracheno \u00e8 stata mobilitata una squadra di ricerca<\/strong>: \u201cTanti di noi da settimane sono in contatto sia con i genitori rimasti in Iraq che con questo adolescente, quindi sappiamo che la storia \u00e8 vera. Ad ogni modo si tratta di un minore solo non accompagnato e dovrebbero mobilitarsi le guardie di frontiera a trovarlo, per assegnarlo poi ai servizi sociali polacchi, ma non osiamo avvisarli\u201d. La volontaria denuncia che se il quindicenne venisse trovato dai militari prima che dai volontari, \u201cverrebbe riportato al confine bielorusso prima di poter fare richiesta d\u2019asilo, e l\u00ec rischierebbe la vita\u201d.<\/p>\n<p>Tale accusa giunge da tempo anche da\u00a0<strong style=\"font-style: inherit;\">Grupa Granica, un\u2019organizzazione che riunisce 14 organizzazioni per migranti polacche.<\/strong>\u00a0La scorsa settimana in una conferenza stampa online \u00e8 tornata a denunciare i respingimenti forzati dei migranti verso la Bielorussia da parte dei militari polacchi. \u201cAnche noi volontari siamo vittima di violenze da parte delle guardie di frontiera\u201d ha raccontato\u00a0<strong style=\"font-style: inherit;\">Kasia Wappa<\/strong>, una delle attiviste di Grupa Granica, mentre il collega Witold Klaus ha avvertito: \u201cI militari bielorussi sono pi\u00f9 aggressivi, i migranti ci raccontano che vengono manganellati se non accettano di varcare il confine con la Polonia e gli altri paesi dell\u2019Ue\u201d.<\/p>\n<p>Denunce che coinciderebbero con quanto dice Maria alla Dire: \u201cNoi volontari a volte subiamo attacchi dalla\u00a0<strong style=\"font-style: inherit;\">Wojska Obrony Terytorialnej (Wot), un corpo militare di difesa territoriale\u201d.<\/strong>\u00a0La donna a proposito dell\u2019adolescente dice ancora: \u201cDue giorni fa ci ha detto che i militari bielorussi lo avrebbero portato al confine polacco e malmenato, minacciandolo di morte se fosse tornato indietro. Gli hanno anche rubato i vestiti. Noi avevamo gi\u00e0 pagato una notte nel pi\u00f9 vicino albergo in Bielorussia affinch\u00e9 potesse dormire al caldo e mangiare, dato che da giorni vagava nella foresta bielorussa tra la neve, con temperature che ormai sono scese sotto lo zero. La famiglia intanto- prosegue Maria- ci aveva detto di aver contattato varie Ambasciate dei Paesi Ue a Minsk per chiedere la protezione umanitaria per il figlio, senza successo. Ma tutto questo non \u00e8 servito a niente: sono arrivati prima i militari bielorussi, che lo hanno portato al confine polacco\u201d.<strong style=\"font-style: inherit;\">\u00a0<\/strong><\/p>\n<p><strong>Il padre del ragazzo a Maria ha spiegato di essere stato costretto a mandare il figlio in Europa, dopo che in Iraq un altro suo figlio sarebbe stato ucciso a causa delle violenze dei gruppi armati locali.<\/strong>\u00a0Per confermare la sua storia, l\u2019uomo ha inviato ai volontari un video che mostra il corpo del giovane e che anche Maria ha visionato. \u201cSono storie terribili\u201d dice, poi torna alla vicenda del 15enne: \u201cStamani, una volta entrato in Polonia, al telefono ci ha detto che era esausto. \u00c8 stata l\u2019ultima volta che lo abbiamo sentito e ci ha detto di essere stato aiutato da un altro migrante pi\u00f9 grande. Secondo il padre per\u00f2, che ci ha contattato subito dopo, non \u00e8 chiaro chi sia questa persona e hanno paura che il figlio sia in pericolo. E a tutti noi risulta molto strano che il suo cellulare sia gi\u00e0 spento\u201d.<\/p>\n<p>Alla Dire\u00a0<strong style=\"font-style: inherit;\">Marysia Zlonkiewicz\u00a0<\/strong>di Grupa Granica ha spiegato che gli attivisti hanno ricevuto alcuni racconti di minori e donne finiti nel giro della prostituzione o vittime di abusi, ma si tratta di voci che spesso si rincorrono sui social network, e in assenza di media e osservatori sul posto \u201cnon possiamo verificarle e confermale\u201d.\u00a0<strong style=\"font-style: inherit;\">Gazeta Wyborcza,<\/strong>\u00a0uno dei principali quotidiani polacchi, riporta l\u2019intervista a Arsalan Azzadin, medico di origine curdo-irachena da quarant\u2019anni residente in Polonia che ora presta assistenza ai migranti portati nell\u2019ospedale di Bielsk Podlaski, cittadina a una cinquantina di chilometri dal confine. \u201cPer mia fortuna o sfortuna\u201d, spiega il medico, \u201cconosco il curdo quindi posso parlare con molti dei profughi che ricoveriamo, che mi raccontano storie che altrimenti nessuno ascolter\u00e0 mai\u201d.<\/p>\n<p>Tra le varie denunce raccolte, il medico riporta anche di notizie di cadaveri avvistati nei boschi, morti per la fame, il freddo o nel tentativo di guadare i fiumi o le paludi. Alcuni di questi mostrerebbero anche evidenti segni di morsi degli animali selvatici che popolano queste foreste, come le volpi o i lupi. \u201cAlcuni sono fatti a pezzi\u201d si legge su Gazeta Wyborcza.<\/p>\n<p>Storie che sono circolate sui gruppi dei volontari anche la scorsa settimana per richiamare l\u2019attenzione sul caso di\u00a0<strong style=\"font-style: inherit;\">Eileen, bambina irachena di 4 anni che stando a Grupa Granica, si sarebbe smarrita nei boschi polacchi il 6 dicembre<\/strong>. A denunciarne la scomparsa sarebbero stati i genitori, spiegando di aver perso la piccola dopo che il loro gruppo \u00e8 stato violentemente respinto verso la Bielorussia dai militari polacchi. L\u2019emittente Tvn24 riferisce che i volontari sono andati nel bosco a cercarla e di aver allertato sia le Guardie di frontiera di Bialystok che la Croce rossa locale. La polizia, come riporta Oko Press, ha inviato un drone a perlustrare la zona e ha fatto sapere di aver individuato due gruppi di migranti tra cui si trovavano dei minori, ma non \u00e8 chiaro se tra loro ci fosse anche Eileen.<\/p>\n<p><strong>\u00a0<\/strong><\/p>\n","protected":false},"excerpt":{"rendered":"<p>Da mesi dalla Bielorussia centinaia di profughi cercano di ottenere l&#8217;asilo politico in uno dei Paesi dell&#8217;Unione Europea confinanti. \u201cDa ore abbiamo perso i contatti con un profugo iracheno di 15 anni che all\u2019alba \u00e8 riuscito a entrare in Polonia\u00a0attraverso&hellip;<\/p>\n","protected":false},"author":1478,"featured_media":1488712,"comment_status":"closed","ping_status":"closed","sticky":false,"template":"","format":"standard","meta":{"footnotes":""},"categories":[47,54572],"tags":[4634,5049,3580,5859,1685],"class_list":["post-1488711","post","type-post","status-publish","format-standard","has-post-thumbnail","hentry","category-europa","category-migranti","tag-bielorussia","tag-polonia-it","tag-profughi","tag-respingimenti","tag-volontari"],"yoast_head":"<!-- This site is optimized with the Yoast SEO plugin v27.1.1 - https:\/\/yoast.com\/product\/yoast-seo-wordpress\/ -->\n<title>\u201cPerso un minore nei boschi della Polonia\u201d: la denuncia della volontaria che assiste i migranti<\/title>\n<meta name=\"description\" content=\"Da mesi dalla Bielorussia centinaia di profughi cercano di ottenere l&#039;asilo politico in uno dei Paesi dell&#039;Unione Europea confinanti. \u201cDa ore abbiamo\" \/>\n<meta name=\"robots\" content=\"index, follow, max-snippet:-1, max-image-preview:large, max-video-preview:-1\" \/>\n<link rel=\"canonical\" href=\"https:\/\/www.pressenza.com\/it\/2021\/12\/perso-un-minore-nei-boschi-della-polonia-la-denuncia-della-volontaria-che-assiste-i-migranti\/\" \/>\n<meta property=\"og:locale\" content=\"it_IT\" \/>\n<meta property=\"og:type\" content=\"article\" \/>\n<meta property=\"og:title\" content=\"\u201cPerso un minore nei boschi della Polonia\u201d: la denuncia della volontaria che assiste i migranti\" \/>\n<meta property=\"og:description\" content=\"Da mesi dalla Bielorussia centinaia di profughi cercano di ottenere l&#039;asilo politico in uno dei Paesi dell&#039;Unione Europea confinanti. \u201cDa ore abbiamo\" \/>\n<meta property=\"og:url\" content=\"https:\/\/www.pressenza.com\/it\/2021\/12\/perso-un-minore-nei-boschi-della-polonia-la-denuncia-della-volontaria-che-assiste-i-migranti\/\" \/>\n<meta property=\"og:site_name\" content=\"Pressenza\" \/>\n<meta property=\"article:publisher\" content=\"https:\/\/www.facebook.com\/PressenzaItalia\" \/>\n<meta property=\"article:published_time\" content=\"2021-12-14T17:26:22+00:00\" \/>\n<meta property=\"og:image\" content=\"https:\/\/www.pressenza.com\/wp-content\/uploads\/2021\/12\/Polonia-Bierolorussia-agenzia-Dire.jpeg\" \/>\n\t<meta property=\"og:image:width\" content=\"1200\" \/>\n\t<meta property=\"og:image:height\" content=\"675\" \/>\n\t<meta property=\"og:image:type\" content=\"image\/jpeg\" \/>\n<meta name=\"author\" content=\"Agenzia DIRE\" \/>\n<meta name=\"twitter:card\" content=\"summary_large_image\" \/>\n<meta name=\"twitter:creator\" content=\"@PressenzaIPA\" \/>\n<meta name=\"twitter:site\" content=\"@PressenzaIPA\" \/>\n<meta name=\"twitter:label1\" content=\"Scritto da\" \/>\n\t<meta name=\"twitter:data1\" content=\"Agenzia DIRE\" \/>\n\t<meta name=\"twitter:label2\" content=\"Tempo di lettura stimato\" \/>\n\t<meta name=\"twitter:data2\" content=\"5 minuti\" \/>\n<script type=\"application\/ld+json\" class=\"yoast-schema-graph\">{\"@context\":\"https:\/\/schema.org\",\"@graph\":[{\"@type\":\"Article\",\"@id\":\"https:\/\/www.pressenza.com\/it\/2021\/12\/perso-un-minore-nei-boschi-della-polonia-la-denuncia-della-volontaria-che-assiste-i-migranti\/#article\",\"isPartOf\":{\"@id\":\"https:\/\/www.pressenza.com\/it\/2021\/12\/perso-un-minore-nei-boschi-della-polonia-la-denuncia-della-volontaria-che-assiste-i-migranti\/\"},\"author\":{\"name\":\"Agenzia DIRE\",\"@id\":\"https:\/\/www.pressenza.com\/it\/#\/schema\/person\/bb13dad7d75de3f57ef0c4246101316b\"},\"headline\":\"\u201cPerso un minore nei boschi della Polonia\u201d: la denuncia della volontaria che assiste i migranti\",\"datePublished\":\"2021-12-14T17:26:22+00:00\",\"mainEntityOfPage\":{\"@id\":\"https:\/\/www.pressenza.com\/it\/2021\/12\/perso-un-minore-nei-boschi-della-polonia-la-denuncia-della-volontaria-che-assiste-i-migranti\/\"},\"wordCount\":1094,\"publisher\":{\"@id\":\"https:\/\/www.pressenza.com\/it\/#organization\"},\"image\":{\"@id\":\"https:\/\/www.pressenza.com\/it\/2021\/12\/perso-un-minore-nei-boschi-della-polonia-la-denuncia-della-volontaria-che-assiste-i-migranti\/#primaryimage\"},\"thumbnailUrl\":\"https:\/\/www.pressenza.com\/wp-content\/uploads\/2021\/12\/Polonia-Bierolorussia-agenzia-Dire.jpeg\",\"keywords\":[\"Bielorussia\",\"Polonia\",\"profughi\",\"respingimenti\",\"volontari\"],\"articleSection\":[\"Europa\",\"Migranti\"],\"inLanguage\":\"it-IT\"},{\"@type\":\"WebPage\",\"@id\":\"https:\/\/www.pressenza.com\/it\/2021\/12\/perso-un-minore-nei-boschi-della-polonia-la-denuncia-della-volontaria-che-assiste-i-migranti\/\",\"url\":\"https:\/\/www.pressenza.com\/it\/2021\/12\/perso-un-minore-nei-boschi-della-polonia-la-denuncia-della-volontaria-che-assiste-i-migranti\/\",\"name\":\"\u201cPerso un minore nei boschi della Polonia\u201d: la denuncia della volontaria che assiste i migranti\",\"isPartOf\":{\"@id\":\"https:\/\/www.pressenza.com\/it\/#website\"},\"primaryImageOfPage\":{\"@id\":\"https:\/\/www.pressenza.com\/it\/2021\/12\/perso-un-minore-nei-boschi-della-polonia-la-denuncia-della-volontaria-che-assiste-i-migranti\/#primaryimage\"},\"image\":{\"@id\":\"https:\/\/www.pressenza.com\/it\/2021\/12\/perso-un-minore-nei-boschi-della-polonia-la-denuncia-della-volontaria-che-assiste-i-migranti\/#primaryimage\"},\"thumbnailUrl\":\"https:\/\/www.pressenza.com\/wp-content\/uploads\/2021\/12\/Polonia-Bierolorussia-agenzia-Dire.jpeg\",\"datePublished\":\"2021-12-14T17:26:22+00:00\",\"description\":\"Da mesi dalla Bielorussia centinaia di profughi cercano di ottenere l'asilo politico in uno dei Paesi dell'Unione Europea confinanti. \u201cDa ore abbiamo\",\"breadcrumb\":{\"@id\":\"https:\/\/www.pressenza.com\/it\/2021\/12\/perso-un-minore-nei-boschi-della-polonia-la-denuncia-della-volontaria-che-assiste-i-migranti\/#breadcrumb\"},\"inLanguage\":\"it-IT\",\"potentialAction\":[{\"@type\":\"ReadAction\",\"target\":[\"https:\/\/www.pressenza.com\/it\/2021\/12\/perso-un-minore-nei-boschi-della-polonia-la-denuncia-della-volontaria-che-assiste-i-migranti\/\"]}]},{\"@type\":\"ImageObject\",\"inLanguage\":\"it-IT\",\"@id\":\"https:\/\/www.pressenza.com\/it\/2021\/12\/perso-un-minore-nei-boschi-della-polonia-la-denuncia-della-volontaria-che-assiste-i-migranti\/#primaryimage\",\"url\":\"https:\/\/www.pressenza.com\/wp-content\/uploads\/2021\/12\/Polonia-Bierolorussia-agenzia-Dire.jpeg\",\"contentUrl\":\"https:\/\/www.pressenza.com\/wp-content\/uploads\/2021\/12\/Polonia-Bierolorussia-agenzia-Dire.jpeg\",\"width\":1200,\"height\":675},{\"@type\":\"BreadcrumbList\",\"@id\":\"https:\/\/www.pressenza.com\/it\/2021\/12\/perso-un-minore-nei-boschi-della-polonia-la-denuncia-della-volontaria-che-assiste-i-migranti\/#breadcrumb\",\"itemListElement\":[{\"@type\":\"ListItem\",\"position\":1,\"name\":\"Accueil\",\"item\":\"https:\/\/www.pressenza.com\/it\/\"},{\"@type\":\"ListItem\",\"position\":2,\"name\":\"\u201cPerso un minore nei boschi della Polonia\u201d: la denuncia della volontaria che assiste i migranti\"}]},{\"@type\":\"WebSite\",\"@id\":\"https:\/\/www.pressenza.com\/it\/#website\",\"url\":\"https:\/\/www.pressenza.com\/it\/\",\"name\":\"Pressenza\",\"description\":\"Agenzia di Stampa Internazionale\",\"publisher\":{\"@id\":\"https:\/\/www.pressenza.com\/it\/#organization\"},\"potentialAction\":[{\"@type\":\"SearchAction\",\"target\":{\"@type\":\"EntryPoint\",\"urlTemplate\":\"https:\/\/www.pressenza.com\/it\/?s={search_term_string}\"},\"query-input\":{\"@type\":\"PropertyValueSpecification\",\"valueRequired\":true,\"valueName\":\"search_term_string\"}}],\"inLanguage\":\"it-IT\"},{\"@type\":\"Organization\",\"@id\":\"https:\/\/www.pressenza.com\/it\/#organization\",\"name\":\"Pressenza\",\"url\":\"https:\/\/www.pressenza.com\/it\/\",\"logo\":{\"@type\":\"ImageObject\",\"inLanguage\":\"it-IT\",\"@id\":\"https:\/\/www.pressenza.com\/it\/#\/schema\/logo\/image\/\",\"url\":\"https:\/\/www.pressenza.com\/wp-content\/uploads\/2022\/10\/pressenza_logo_200x200.jpg\",\"contentUrl\":\"https:\/\/www.pressenza.com\/wp-content\/uploads\/2022\/10\/pressenza_logo_200x200.jpg\",\"width\":200,\"height\":200,\"caption\":\"Pressenza\"},\"image\":{\"@id\":\"https:\/\/www.pressenza.com\/it\/#\/schema\/logo\/image\/\"},\"sameAs\":[\"https:\/\/www.facebook.com\/PressenzaItalia\",\"https:\/\/x.com\/PressenzaIPA\"]},{\"@type\":\"Person\",\"@id\":\"https:\/\/www.pressenza.com\/it\/#\/schema\/person\/bb13dad7d75de3f57ef0c4246101316b\",\"name\":\"Agenzia DIRE\",\"description\":\"La DIRE \u00e8 una delle principali agenzie di stampa nazionali, trasmette sui propri notiziari multimediali tutte le notizie dell'ultimo minuto, approfondimenti, interviste, newsletter tematiche. Specializzata in politiche parlamentari e di governo, oltre che esteri, sanit\u00e0, ambiente, welfare, politiche regionali e locali, giovani. Su Dire.it pubblica, ogni giorno, tutte le principali notizie. E' presente su tutto il territorio nazionale con sei sedi, cinquanta giornalisti e corrispondenti da tutte le regioni.\",\"sameAs\":[\"http:\/\/www.dire.it\/\"],\"url\":\"https:\/\/www.pressenza.com\/it\/author\/agenzia-dire\/\"}]}<\/script>\n<!-- \/ Yoast SEO plugin. -->","yoast_head_json":{"title":"\u201cPerso un minore nei boschi della Polonia\u201d: la denuncia della volontaria che assiste i migranti","description":"Da mesi dalla Bielorussia centinaia di profughi cercano di ottenere l'asilo politico in uno dei Paesi dell'Unione Europea confinanti. \u201cDa ore abbiamo","robots":{"index":"index","follow":"follow","max-snippet":"max-snippet:-1","max-image-preview":"max-image-preview:large","max-video-preview":"max-video-preview:-1"},"canonical":"https:\/\/www.pressenza.com\/it\/2021\/12\/perso-un-minore-nei-boschi-della-polonia-la-denuncia-della-volontaria-che-assiste-i-migranti\/","og_locale":"it_IT","og_type":"article","og_title":"\u201cPerso un minore nei boschi della Polonia\u201d: la denuncia della volontaria che assiste i migranti","og_description":"Da mesi dalla Bielorussia centinaia di profughi cercano di ottenere l'asilo politico in uno dei Paesi dell'Unione Europea confinanti. \u201cDa ore abbiamo","og_url":"https:\/\/www.pressenza.com\/it\/2021\/12\/perso-un-minore-nei-boschi-della-polonia-la-denuncia-della-volontaria-che-assiste-i-migranti\/","og_site_name":"Pressenza","article_publisher":"https:\/\/www.facebook.com\/PressenzaItalia","article_published_time":"2021-12-14T17:26:22+00:00","og_image":[{"width":1200,"height":675,"url":"https:\/\/www.pressenza.com\/wp-content\/uploads\/2021\/12\/Polonia-Bierolorussia-agenzia-Dire.jpeg","type":"image\/jpeg"}],"author":"Agenzia DIRE","twitter_card":"summary_large_image","twitter_creator":"@PressenzaIPA","twitter_site":"@PressenzaIPA","twitter_misc":{"Scritto da":"Agenzia DIRE","Tempo di lettura stimato":"5 minuti"},"schema":{"@context":"https:\/\/schema.org","@graph":[{"@type":"Article","@id":"https:\/\/www.pressenza.com\/it\/2021\/12\/perso-un-minore-nei-boschi-della-polonia-la-denuncia-della-volontaria-che-assiste-i-migranti\/#article","isPartOf":{"@id":"https:\/\/www.pressenza.com\/it\/2021\/12\/perso-un-minore-nei-boschi-della-polonia-la-denuncia-della-volontaria-che-assiste-i-migranti\/"},"author":{"name":"Agenzia DIRE","@id":"https:\/\/www.pressenza.com\/it\/#\/schema\/person\/bb13dad7d75de3f57ef0c4246101316b"},"headline":"\u201cPerso un minore nei boschi della Polonia\u201d: la denuncia della volontaria che assiste i migranti","datePublished":"2021-12-14T17:26:22+00:00","mainEntityOfPage":{"@id":"https:\/\/www.pressenza.com\/it\/2021\/12\/perso-un-minore-nei-boschi-della-polonia-la-denuncia-della-volontaria-che-assiste-i-migranti\/"},"wordCount":1094,"publisher":{"@id":"https:\/\/www.pressenza.com\/it\/#organization"},"image":{"@id":"https:\/\/www.pressenza.com\/it\/2021\/12\/perso-un-minore-nei-boschi-della-polonia-la-denuncia-della-volontaria-che-assiste-i-migranti\/#primaryimage"},"thumbnailUrl":"https:\/\/www.pressenza.com\/wp-content\/uploads\/2021\/12\/Polonia-Bierolorussia-agenzia-Dire.jpeg","keywords":["Bielorussia","Polonia","profughi","respingimenti","volontari"],"articleSection":["Europa","Migranti"],"inLanguage":"it-IT"},{"@type":"WebPage","@id":"https:\/\/www.pressenza.com\/it\/2021\/12\/perso-un-minore-nei-boschi-della-polonia-la-denuncia-della-volontaria-che-assiste-i-migranti\/","url":"https:\/\/www.pressenza.com\/it\/2021\/12\/perso-un-minore-nei-boschi-della-polonia-la-denuncia-della-volontaria-che-assiste-i-migranti\/","name":"\u201cPerso un minore nei boschi della Polonia\u201d: la denuncia della volontaria che assiste i migranti","isPartOf":{"@id":"https:\/\/www.pressenza.com\/it\/#website"},"primaryImageOfPage":{"@id":"https:\/\/www.pressenza.com\/it\/2021\/12\/perso-un-minore-nei-boschi-della-polonia-la-denuncia-della-volontaria-che-assiste-i-migranti\/#primaryimage"},"image":{"@id":"https:\/\/www.pressenza.com\/it\/2021\/12\/perso-un-minore-nei-boschi-della-polonia-la-denuncia-della-volontaria-che-assiste-i-migranti\/#primaryimage"},"thumbnailUrl":"https:\/\/www.pressenza.com\/wp-content\/uploads\/2021\/12\/Polonia-Bierolorussia-agenzia-Dire.jpeg","datePublished":"2021-12-14T17:26:22+00:00","description":"Da mesi dalla Bielorussia centinaia di profughi cercano di ottenere l'asilo politico in uno dei Paesi dell'Unione Europea confinanti. \u201cDa ore abbiamo","breadcrumb":{"@id":"https:\/\/www.pressenza.com\/it\/2021\/12\/perso-un-minore-nei-boschi-della-polonia-la-denuncia-della-volontaria-che-assiste-i-migranti\/#breadcrumb"},"inLanguage":"it-IT","potentialAction":[{"@type":"ReadAction","target":["https:\/\/www.pressenza.com\/it\/2021\/12\/perso-un-minore-nei-boschi-della-polonia-la-denuncia-della-volontaria-che-assiste-i-migranti\/"]}]},{"@type":"ImageObject","inLanguage":"it-IT","@id":"https:\/\/www.pressenza.com\/it\/2021\/12\/perso-un-minore-nei-boschi-della-polonia-la-denuncia-della-volontaria-che-assiste-i-migranti\/#primaryimage","url":"https:\/\/www.pressenza.com\/wp-content\/uploads\/2021\/12\/Polonia-Bierolorussia-agenzia-Dire.jpeg","contentUrl":"https:\/\/www.pressenza.com\/wp-content\/uploads\/2021\/12\/Polonia-Bierolorussia-agenzia-Dire.jpeg","width":1200,"height":675},{"@type":"BreadcrumbList","@id":"https:\/\/www.pressenza.com\/it\/2021\/12\/perso-un-minore-nei-boschi-della-polonia-la-denuncia-della-volontaria-che-assiste-i-migranti\/#breadcrumb","itemListElement":[{"@type":"ListItem","position":1,"name":"Accueil","item":"https:\/\/www.pressenza.com\/it\/"},{"@type":"ListItem","position":2,"name":"\u201cPerso un minore nei boschi della Polonia\u201d: la denuncia della volontaria che assiste i migranti"}]},{"@type":"WebSite","@id":"https:\/\/www.pressenza.com\/it\/#website","url":"https:\/\/www.pressenza.com\/it\/","name":"Pressenza","description":"Agenzia di Stampa Internazionale","publisher":{"@id":"https:\/\/www.pressenza.com\/it\/#organization"},"potentialAction":[{"@type":"SearchAction","target":{"@type":"EntryPoint","urlTemplate":"https:\/\/www.pressenza.com\/it\/?s={search_term_string}"},"query-input":{"@type":"PropertyValueSpecification","valueRequired":true,"valueName":"search_term_string"}}],"inLanguage":"it-IT"},{"@type":"Organization","@id":"https:\/\/www.pressenza.com\/it\/#organization","name":"Pressenza","url":"https:\/\/www.pressenza.com\/it\/","logo":{"@type":"ImageObject","inLanguage":"it-IT","@id":"https:\/\/www.pressenza.com\/it\/#\/schema\/logo\/image\/","url":"https:\/\/www.pressenza.com\/wp-content\/uploads\/2022\/10\/pressenza_logo_200x200.jpg","contentUrl":"https:\/\/www.pressenza.com\/wp-content\/uploads\/2022\/10\/pressenza_logo_200x200.jpg","width":200,"height":200,"caption":"Pressenza"},"image":{"@id":"https:\/\/www.pressenza.com\/it\/#\/schema\/logo\/image\/"},"sameAs":["https:\/\/www.facebook.com\/PressenzaItalia","https:\/\/x.com\/PressenzaIPA"]},{"@type":"Person","@id":"https:\/\/www.pressenza.com\/it\/#\/schema\/person\/bb13dad7d75de3f57ef0c4246101316b","name":"Agenzia DIRE","description":"La DIRE \u00e8 una delle principali agenzie di stampa nazionali, trasmette sui propri notiziari multimediali tutte le notizie dell'ultimo minuto, approfondimenti, interviste, newsletter tematiche. Specializzata in politiche parlamentari e di governo, oltre che esteri, sanit\u00e0, ambiente, welfare, politiche regionali e locali, giovani. Su Dire.it pubblica, ogni giorno, tutte le principali notizie. E' presente su tutto il territorio nazionale con sei sedi, cinquanta giornalisti e corrispondenti da tutte le regioni.","sameAs":["http:\/\/www.dire.it\/"],"url":"https:\/\/www.pressenza.com\/it\/author\/agenzia-dire\/"}]}},"place":"Alessandra Fabbretti","original_article_url":"https:\/\/www.dire.it\/13-12-2021\/692617-perso-un-minore-nei-boschi-della-polonia-la-denuncia-della-volontaria-che-assiste-i-migranti\/","_links":{"self":[{"href":"https:\/\/www.pressenza.com\/it\/wp-json\/wp\/v2\/posts\/1488711","targetHints":{"allow":["GET"]}}],"collection":[{"href":"https:\/\/www.pressenza.com\/it\/wp-json\/wp\/v2\/posts"}],"about":[{"href":"https:\/\/www.pressenza.com\/it\/wp-json\/wp\/v2\/types\/post"}],"author":[{"embeddable":true,"href":"https:\/\/www.pressenza.com\/it\/wp-json\/wp\/v2\/users\/1478"}],"replies":[{"embeddable":true,"href":"https:\/\/www.pressenza.com\/it\/wp-json\/wp\/v2\/comments?post=1488711"}],"version-history":[{"count":0,"href":"https:\/\/www.pressenza.com\/it\/wp-json\/wp\/v2\/posts\/1488711\/revisions"}],"wp:featuredmedia":[{"embeddable":true,"href":"https:\/\/www.pressenza.com\/it\/wp-json\/wp\/v2\/media\/1488712"}],"wp:attachment":[{"href":"https:\/\/www.pressenza.com\/it\/wp-json\/wp\/v2\/media?parent=1488711"}],"wp:term":[{"taxonomy":"category","embeddable":true,"href":"https:\/\/www.pressenza.com\/it\/wp-json\/wp\/v2\/categories?post=1488711"},{"taxonomy":"post_tag","embeddable":true,"href":"https:\/\/www.pressenza.com\/it\/wp-json\/wp\/v2\/tags?post=1488711"}],"curies":[{"name":"wp","href":"https:\/\/api.w.org\/{rel}","templated":true}]}}