{"id":148870,"date":"2014-11-15T10:31:04","date_gmt":"2014-11-15T10:31:04","guid":{"rendered":"http:\/\/www.pressenza.com\/?p=148870"},"modified":"2014-11-15T10:31:04","modified_gmt":"2014-11-15T10:31:04","slug":"chi-si-ricorda-della-libia","status":"publish","type":"post","link":"https:\/\/www.pressenza.com\/it\/2014\/11\/chi-si-ricorda-della-libia\/","title":{"rendered":"Chi si ricorda della Libia?"},"content":{"rendered":"<div class=\"itemIntroText\">\n<p style=\"text-align: justify;\">Era il <strong>2011<\/strong>. Berlusconi era preoccupato, ma non telefon\u00f2 a Gheddafi, perch\u00e9 &#8220;non voleva disturbare nessuno&#8221;. Le opposizioni di allora erano\u00a0invece <strong>scandalizzate per il silenzio del governo sulle vicende libiche<\/strong>. Veltroni riteneva inaccettabile il silenzio sugli ormai &#8220;quasi cento morti&#8221;. In Parlamento c&#8217;erano ancora Fini e Di Pietro. Anche i loro partiti, insieme all&#8217;UDC, chiedevano una netta presa di posizione contro il dittatore di Tripoli. Camusso e Rossanda sostennero questa linea di indignazione.<\/p>\n<p style=\"text-align: justify;\">Le Primavere Arabe facevano sognare il pubblico televisivo occidentale, cavalcando l&#8217;attivismo militante praticato su Facebook e Twitter. In fondo Gheddafi in Italia era visto da tutti come &#8220;amico di Berlusconi&#8221;, cos\u00ec la realt\u00e0 della Libia poco contava. Il dittatore doveva morire e la democrazia trionfare.<\/p>\n<\/div>\n<div class=\"itemFullText\">\n<p style=\"text-align: justify;\">Sono passati ormai alcuni anni dai bombardamenti fortemente richiesti dalla Francia e sostenuti dal premio Nobel della pace Obama. <strong>Nel paese infuria una guerra civile di cui si parla raramente, ma che ha convinto tutti i paesi occidentali a chiudere le loro ambasciate. Solo quella italiana \u00e8 rimasta aperta<\/strong>, nonostante l&#8217;allora Ministro degli Esteri Mogherini si vantasse di aver convinto i britannici a non lasciarci isolati.<\/p>\n<p style=\"text-align: justify;\">Il sistema mediatico era pronto ad ignorare che la nuova costituzione libica si fondasse sul Corano e peggiorasse considerevolmente le condizioni di vita delle donne. Per\u00f2 una guerra civile la si ignora con maggiori difficolt\u00e0. Soprattutto se sei l&#8217;Italia, un paese che, attraverso il tema dell&#8217;immigrazione, si ricorda costantemente che esistono altre sponde del Mediterraneo.<\/p>\n<p style=\"text-align: justify;\">Finisce quindi che <em>il Sole 24 Ore<\/em> rappresenti uno dei giornali pi\u00f9 interessati a denunciare il caos di quella zona geografica, contestando con frequenza le politiche nell&#8217;area di Stati Uniti e Unione Europea. La notizia riportata in questi giorni \u00e8 che le elezioni libiche del 25 giugno sono state annullate dalla Corte Suprema di quel paese, mettendo in ulteriore difficolt\u00e0 il governo (in esilio) riconosciuto dalla comunit\u00e0 internazionale.<\/p>\n<p style=\"text-align: justify;\">Non \u00e8 che la Confidustria trovi simpatico il mondo arabo e per questo dia spazio a quello che avviene in Medio Oriente. Si tratta di <strong>una banale considerazione sugli interessi economici dell&#8217;Italia, che confliggono con quelli francesi<\/strong>.<\/p>\n<p style=\"text-align: justify;\">\u00abLa guerra civile libica mette con le spalle al muro la comunit\u00e0 internazionale e l&#8217;Italia che deve decidere tra la legittimit\u00e0 del governo di Tobruk, in esilio in Cirenaica, e la protezione dei suoi interessi economici ed energetici, situati con i terminali dell&#8217;Eni e il gasdotto in Tripolitania. [&#8230;] Questo \u00e8 un momento favorevole per cogliere alcune opportunit\u00e0 &#8211; ristabilire l&#8217;influenza italiana in almeno una parte della Libia &#8211; ma \u00e8 pure una situazione carica di rischi. Qualunque presa di posizione che appoggi Tobruk danneggia la nostra presenza in Tripolitania. Se per\u00f2 ci sbilanciamo troppo su Tripoli rischiamo di perdere la copertura internazionale\u00bb. (Alberto Negri, Il Sole 24 Ore, 7 novembre 2014)<\/p>\n<p style=\"text-align: justify;\">Mentre l&#8217;Isis ha ricordato all&#8217;occidente la missione compiuta in Iraq, in Libia \u00e8 sorto un altro Califfato. Non ci sono solo due fazioni in campo, ma numerose milizie che continuano a dividersi le armi di cui si sono appropriate dopo il caos che ha seguito la caduta di Gheddafi.<\/p>\n<p style=\"text-align: justify;\">L&#8217;Italia per proprio tornaconto dovrebbe ritrovarsi sul fronte dei pacifisti che si oppongono agli interventi militari Nato. Neanche il movimento pacifista riesce per\u00f2 a prendere forza da questa situazione. Anzi, ricordiamo che Marinella Correggia, che in passato ci ha concesso la collaborazione anche con il nostro quotidiano, \u00e8 stata accusata di essere &#8220;punta di lancia del governo di Assad&#8221; perch\u00e9 continuamente attiva sul fronte della pace. Sono poche le voci come quelle di <a href=\"http:\/\/www.sibialiria.org\" target=\"_blank\">Sibiliria.org<\/a>, prevale una sorta di distaccata indignazione per il pericolo nero dei califfati.<\/p>\n<p style=\"text-align: justify;\">Non conta il numero dei morti che le guerre portano in paesi non lontani da noi. Contano le emozioni che ci trasmettono i telegiornali e le fotografie sui social network. <strong>Se serve a contestare Berlusconi o cavalcare elettoralmente la questione dell&#8217;immigrazione, allora la politica italiana parla di Libia. Se questo viene meno, resta tutto in mano a Confindustria e all&#8217;imbarazzante politica estera degli ultimi governi<\/strong>.<\/p>\n<p style=\"text-align: justify;\"><strong>Di <span class=\"itemAuthor\"> Dmitrij Palagi<\/span> per Il Becco<\/strong><\/p>\n<\/div>\n","protected":false},"excerpt":{"rendered":"<p>Era il 2011. Berlusconi era preoccupato, ma non telefon\u00f2 a Gheddafi, perch\u00e9 &#8220;non voleva disturbare nessuno&#8221;. Le opposizioni di allora erano\u00a0invece scandalizzate per il silenzio del governo sulle vicende libiche. Veltroni riteneva inaccettabile il silenzio sugli ormai &#8220;quasi cento morti&#8221;.&hellip;<\/p>\n","protected":false},"author":594,"featured_media":148871,"comment_status":"closed","ping_status":"open","sticky":false,"template":"","format":"standard","meta":{"footnotes":""},"categories":[45,47,162,57],"tags":[13363,1087,460,294],"class_list":["post-148870","post","type-post","status-publish","format-standard","has-post-thumbnail","hentry","category-africa-it","category-europa","category-opinioni","category-affari-esteri","tag-guerra-civile-libica","tag-libia","tag-nonviolenza","tag-pace"],"yoast_head":"<!-- This site is optimized with the Yoast SEO plugin v27.1.1 - https:\/\/yoast.com\/product\/yoast-seo-wordpress\/ -->\n<title>Chi si ricorda della Libia?<\/title>\n<meta name=\"description\" content=\"In Libia \u00e8 sorto un Califfato dell&#039;Isis e le numerose milizie sul campo continuano a dividersi le armi di cui si sono appropriati dopo la caduta di Gheddafi\" \/>\n<meta name=\"robots\" content=\"index, follow, max-snippet:-1, max-image-preview:large, max-video-preview:-1\" \/>\n<link rel=\"canonical\" href=\"https:\/\/www.pressenza.com\/it\/2014\/11\/chi-si-ricorda-della-libia\/\" \/>\n<meta property=\"og:locale\" content=\"it_IT\" \/>\n<meta property=\"og:type\" content=\"article\" \/>\n<meta property=\"og:title\" content=\"Chi si ricorda della Libia?\" \/>\n<meta property=\"og:description\" content=\"In Libia \u00e8 sorto un Califfato dell&#039;Isis e le numerose milizie sul campo continuano a dividersi le armi di cui si sono appropriati dopo la caduta di Gheddafi\" \/>\n<meta property=\"og:url\" content=\"https:\/\/www.pressenza.com\/it\/2014\/11\/chi-si-ricorda-della-libia\/\" \/>\n<meta property=\"og:site_name\" content=\"Pressenza\" \/>\n<meta property=\"article:publisher\" content=\"https:\/\/www.facebook.com\/PressenzaItalia\" \/>\n<meta property=\"article:author\" content=\"https:\/\/www.facebook.com\/PressenzaItalia\" \/>\n<meta property=\"article:published_time\" content=\"2014-11-15T10:31:04+00:00\" \/>\n<meta property=\"og:image\" content=\"https:\/\/www.pressenza.com\/wp-content\/uploads\/2014\/11\/4a731cb975d8a85e08e102d6760e988b-L.jpg\" \/>\n\t<meta property=\"og:image:width\" content=\"600\" \/>\n\t<meta property=\"og:image:height\" content=\"434\" \/>\n\t<meta property=\"og:image:type\" content=\"image\/jpeg\" \/>\n<meta name=\"author\" content=\"Redazione Italia\" \/>\n<meta name=\"twitter:card\" content=\"summary_large_image\" \/>\n<meta name=\"twitter:creator\" content=\"@pressenza_it\" \/>\n<meta name=\"twitter:site\" content=\"@PressenzaIPA\" \/>\n<meta name=\"twitter:label1\" content=\"Scritto da\" \/>\n\t<meta name=\"twitter:data1\" content=\"Redazione Italia\" \/>\n\t<meta name=\"twitter:label2\" content=\"Tempo di lettura stimato\" \/>\n\t<meta name=\"twitter:data2\" content=\"3 minuti\" \/>\n<script type=\"application\/ld+json\" class=\"yoast-schema-graph\">{\"@context\":\"https:\/\/schema.org\",\"@graph\":[{\"@type\":\"Article\",\"@id\":\"https:\/\/www.pressenza.com\/it\/2014\/11\/chi-si-ricorda-della-libia\/#article\",\"isPartOf\":{\"@id\":\"https:\/\/www.pressenza.com\/it\/2014\/11\/chi-si-ricorda-della-libia\/\"},\"author\":{\"name\":\"Redazione Italia\",\"@id\":\"https:\/\/www.pressenza.com\/it\/#\/schema\/person\/d983e81827ae24f2c7b1a2123d197f8d\"},\"headline\":\"Chi si ricorda della Libia?\",\"datePublished\":\"2014-11-15T10:31:04+00:00\",\"mainEntityOfPage\":{\"@id\":\"https:\/\/www.pressenza.com\/it\/2014\/11\/chi-si-ricorda-della-libia\/\"},\"wordCount\":671,\"publisher\":{\"@id\":\"https:\/\/www.pressenza.com\/it\/#organization\"},\"image\":{\"@id\":\"https:\/\/www.pressenza.com\/it\/2014\/11\/chi-si-ricorda-della-libia\/#primaryimage\"},\"thumbnailUrl\":\"https:\/\/www.pressenza.com\/wp-content\/uploads\/2014\/11\/4a731cb975d8a85e08e102d6760e988b-L.jpg\",\"keywords\":[\"guerra civile libica\",\"Libia\",\"nonviolenza\",\"Pace\"],\"articleSection\":[\"Africa\",\"Europa\",\"Opinioni\",\"Questioni internazionali\"],\"inLanguage\":\"it-IT\"},{\"@type\":\"WebPage\",\"@id\":\"https:\/\/www.pressenza.com\/it\/2014\/11\/chi-si-ricorda-della-libia\/\",\"url\":\"https:\/\/www.pressenza.com\/it\/2014\/11\/chi-si-ricorda-della-libia\/\",\"name\":\"Chi si ricorda della Libia?\",\"isPartOf\":{\"@id\":\"https:\/\/www.pressenza.com\/it\/#website\"},\"primaryImageOfPage\":{\"@id\":\"https:\/\/www.pressenza.com\/it\/2014\/11\/chi-si-ricorda-della-libia\/#primaryimage\"},\"image\":{\"@id\":\"https:\/\/www.pressenza.com\/it\/2014\/11\/chi-si-ricorda-della-libia\/#primaryimage\"},\"thumbnailUrl\":\"https:\/\/www.pressenza.com\/wp-content\/uploads\/2014\/11\/4a731cb975d8a85e08e102d6760e988b-L.jpg\",\"datePublished\":\"2014-11-15T10:31:04+00:00\",\"description\":\"In Libia \u00e8 sorto un Califfato dell'Isis e le numerose milizie sul campo continuano a dividersi le armi di cui si sono appropriati dopo la caduta di Gheddafi\",\"breadcrumb\":{\"@id\":\"https:\/\/www.pressenza.com\/it\/2014\/11\/chi-si-ricorda-della-libia\/#breadcrumb\"},\"inLanguage\":\"it-IT\",\"potentialAction\":[{\"@type\":\"ReadAction\",\"target\":[\"https:\/\/www.pressenza.com\/it\/2014\/11\/chi-si-ricorda-della-libia\/\"]}]},{\"@type\":\"ImageObject\",\"inLanguage\":\"it-IT\",\"@id\":\"https:\/\/www.pressenza.com\/it\/2014\/11\/chi-si-ricorda-della-libia\/#primaryimage\",\"url\":\"https:\/\/www.pressenza.com\/wp-content\/uploads\/2014\/11\/4a731cb975d8a85e08e102d6760e988b-L.jpg\",\"contentUrl\":\"https:\/\/www.pressenza.com\/wp-content\/uploads\/2014\/11\/4a731cb975d8a85e08e102d6760e988b-L.jpg\",\"width\":600,\"height\":434},{\"@type\":\"BreadcrumbList\",\"@id\":\"https:\/\/www.pressenza.com\/it\/2014\/11\/chi-si-ricorda-della-libia\/#breadcrumb\",\"itemListElement\":[{\"@type\":\"ListItem\",\"position\":1,\"name\":\"Accueil\",\"item\":\"https:\/\/www.pressenza.com\/it\/\"},{\"@type\":\"ListItem\",\"position\":2,\"name\":\"Chi si ricorda della Libia?\"}]},{\"@type\":\"WebSite\",\"@id\":\"https:\/\/www.pressenza.com\/it\/#website\",\"url\":\"https:\/\/www.pressenza.com\/it\/\",\"name\":\"Pressenza\",\"description\":\"Agenzia di Stampa Internazionale\",\"publisher\":{\"@id\":\"https:\/\/www.pressenza.com\/it\/#organization\"},\"potentialAction\":[{\"@type\":\"SearchAction\",\"target\":{\"@type\":\"EntryPoint\",\"urlTemplate\":\"https:\/\/www.pressenza.com\/it\/?s={search_term_string}\"},\"query-input\":{\"@type\":\"PropertyValueSpecification\",\"valueRequired\":true,\"valueName\":\"search_term_string\"}}],\"inLanguage\":\"it-IT\"},{\"@type\":\"Organization\",\"@id\":\"https:\/\/www.pressenza.com\/it\/#organization\",\"name\":\"Pressenza\",\"url\":\"https:\/\/www.pressenza.com\/it\/\",\"logo\":{\"@type\":\"ImageObject\",\"inLanguage\":\"it-IT\",\"@id\":\"https:\/\/www.pressenza.com\/it\/#\/schema\/logo\/image\/\",\"url\":\"https:\/\/www.pressenza.com\/wp-content\/uploads\/2022\/10\/pressenza_logo_200x200.jpg\",\"contentUrl\":\"https:\/\/www.pressenza.com\/wp-content\/uploads\/2022\/10\/pressenza_logo_200x200.jpg\",\"width\":200,\"height\":200,\"caption\":\"Pressenza\"},\"image\":{\"@id\":\"https:\/\/www.pressenza.com\/it\/#\/schema\/logo\/image\/\"},\"sameAs\":[\"https:\/\/www.facebook.com\/PressenzaItalia\",\"https:\/\/x.com\/PressenzaIPA\"]},{\"@type\":\"Person\",\"@id\":\"https:\/\/www.pressenza.com\/it\/#\/schema\/person\/d983e81827ae24f2c7b1a2123d197f8d\",\"name\":\"Redazione Italia\",\"description\":\"News from the Pressenza Bureau in Italy\",\"sameAs\":[\"https:\/\/www.pressenza.com\/it\/author\/redazione-italia\/\",\"https:\/\/www.facebook.com\/PressenzaItalia\",\"https:\/\/www.instagram.com\/pressenza_italia\/\",\"https:\/\/x.com\/pressenza_it\",\"https:\/\/www.youtube.com\/channel\/UCSalEIWjE1RSxkwjfftFuqg\"],\"url\":\"https:\/\/www.pressenza.com\/it\/author\/redazione-italia\/\"}]}<\/script>\n<!-- \/ Yoast SEO plugin. -->","yoast_head_json":{"title":"Chi si ricorda della Libia?","description":"In Libia \u00e8 sorto un Califfato dell'Isis e le numerose milizie sul campo continuano a dividersi le armi di cui si sono appropriati dopo la caduta di Gheddafi","robots":{"index":"index","follow":"follow","max-snippet":"max-snippet:-1","max-image-preview":"max-image-preview:large","max-video-preview":"max-video-preview:-1"},"canonical":"https:\/\/www.pressenza.com\/it\/2014\/11\/chi-si-ricorda-della-libia\/","og_locale":"it_IT","og_type":"article","og_title":"Chi si ricorda della Libia?","og_description":"In Libia \u00e8 sorto un Califfato dell'Isis e le numerose milizie sul campo continuano a dividersi le armi di cui si sono appropriati dopo la caduta di Gheddafi","og_url":"https:\/\/www.pressenza.com\/it\/2014\/11\/chi-si-ricorda-della-libia\/","og_site_name":"Pressenza","article_publisher":"https:\/\/www.facebook.com\/PressenzaItalia","article_author":"https:\/\/www.facebook.com\/PressenzaItalia","article_published_time":"2014-11-15T10:31:04+00:00","og_image":[{"width":600,"height":434,"url":"https:\/\/www.pressenza.com\/wp-content\/uploads\/2014\/11\/4a731cb975d8a85e08e102d6760e988b-L.jpg","type":"image\/jpeg"}],"author":"Redazione Italia","twitter_card":"summary_large_image","twitter_creator":"@pressenza_it","twitter_site":"@PressenzaIPA","twitter_misc":{"Scritto da":"Redazione Italia","Tempo di lettura stimato":"3 minuti"},"schema":{"@context":"https:\/\/schema.org","@graph":[{"@type":"Article","@id":"https:\/\/www.pressenza.com\/it\/2014\/11\/chi-si-ricorda-della-libia\/#article","isPartOf":{"@id":"https:\/\/www.pressenza.com\/it\/2014\/11\/chi-si-ricorda-della-libia\/"},"author":{"name":"Redazione Italia","@id":"https:\/\/www.pressenza.com\/it\/#\/schema\/person\/d983e81827ae24f2c7b1a2123d197f8d"},"headline":"Chi si ricorda della Libia?","datePublished":"2014-11-15T10:31:04+00:00","mainEntityOfPage":{"@id":"https:\/\/www.pressenza.com\/it\/2014\/11\/chi-si-ricorda-della-libia\/"},"wordCount":671,"publisher":{"@id":"https:\/\/www.pressenza.com\/it\/#organization"},"image":{"@id":"https:\/\/www.pressenza.com\/it\/2014\/11\/chi-si-ricorda-della-libia\/#primaryimage"},"thumbnailUrl":"https:\/\/www.pressenza.com\/wp-content\/uploads\/2014\/11\/4a731cb975d8a85e08e102d6760e988b-L.jpg","keywords":["guerra civile libica","Libia","nonviolenza","Pace"],"articleSection":["Africa","Europa","Opinioni","Questioni internazionali"],"inLanguage":"it-IT"},{"@type":"WebPage","@id":"https:\/\/www.pressenza.com\/it\/2014\/11\/chi-si-ricorda-della-libia\/","url":"https:\/\/www.pressenza.com\/it\/2014\/11\/chi-si-ricorda-della-libia\/","name":"Chi si ricorda della Libia?","isPartOf":{"@id":"https:\/\/www.pressenza.com\/it\/#website"},"primaryImageOfPage":{"@id":"https:\/\/www.pressenza.com\/it\/2014\/11\/chi-si-ricorda-della-libia\/#primaryimage"},"image":{"@id":"https:\/\/www.pressenza.com\/it\/2014\/11\/chi-si-ricorda-della-libia\/#primaryimage"},"thumbnailUrl":"https:\/\/www.pressenza.com\/wp-content\/uploads\/2014\/11\/4a731cb975d8a85e08e102d6760e988b-L.jpg","datePublished":"2014-11-15T10:31:04+00:00","description":"In Libia \u00e8 sorto un Califfato dell'Isis e le numerose milizie sul campo continuano a dividersi le armi di cui si sono appropriati dopo la caduta di Gheddafi","breadcrumb":{"@id":"https:\/\/www.pressenza.com\/it\/2014\/11\/chi-si-ricorda-della-libia\/#breadcrumb"},"inLanguage":"it-IT","potentialAction":[{"@type":"ReadAction","target":["https:\/\/www.pressenza.com\/it\/2014\/11\/chi-si-ricorda-della-libia\/"]}]},{"@type":"ImageObject","inLanguage":"it-IT","@id":"https:\/\/www.pressenza.com\/it\/2014\/11\/chi-si-ricorda-della-libia\/#primaryimage","url":"https:\/\/www.pressenza.com\/wp-content\/uploads\/2014\/11\/4a731cb975d8a85e08e102d6760e988b-L.jpg","contentUrl":"https:\/\/www.pressenza.com\/wp-content\/uploads\/2014\/11\/4a731cb975d8a85e08e102d6760e988b-L.jpg","width":600,"height":434},{"@type":"BreadcrumbList","@id":"https:\/\/www.pressenza.com\/it\/2014\/11\/chi-si-ricorda-della-libia\/#breadcrumb","itemListElement":[{"@type":"ListItem","position":1,"name":"Accueil","item":"https:\/\/www.pressenza.com\/it\/"},{"@type":"ListItem","position":2,"name":"Chi si ricorda della Libia?"}]},{"@type":"WebSite","@id":"https:\/\/www.pressenza.com\/it\/#website","url":"https:\/\/www.pressenza.com\/it\/","name":"Pressenza","description":"Agenzia di Stampa Internazionale","publisher":{"@id":"https:\/\/www.pressenza.com\/it\/#organization"},"potentialAction":[{"@type":"SearchAction","target":{"@type":"EntryPoint","urlTemplate":"https:\/\/www.pressenza.com\/it\/?s={search_term_string}"},"query-input":{"@type":"PropertyValueSpecification","valueRequired":true,"valueName":"search_term_string"}}],"inLanguage":"it-IT"},{"@type":"Organization","@id":"https:\/\/www.pressenza.com\/it\/#organization","name":"Pressenza","url":"https:\/\/www.pressenza.com\/it\/","logo":{"@type":"ImageObject","inLanguage":"it-IT","@id":"https:\/\/www.pressenza.com\/it\/#\/schema\/logo\/image\/","url":"https:\/\/www.pressenza.com\/wp-content\/uploads\/2022\/10\/pressenza_logo_200x200.jpg","contentUrl":"https:\/\/www.pressenza.com\/wp-content\/uploads\/2022\/10\/pressenza_logo_200x200.jpg","width":200,"height":200,"caption":"Pressenza"},"image":{"@id":"https:\/\/www.pressenza.com\/it\/#\/schema\/logo\/image\/"},"sameAs":["https:\/\/www.facebook.com\/PressenzaItalia","https:\/\/x.com\/PressenzaIPA"]},{"@type":"Person","@id":"https:\/\/www.pressenza.com\/it\/#\/schema\/person\/d983e81827ae24f2c7b1a2123d197f8d","name":"Redazione Italia","description":"News from the Pressenza Bureau in Italy","sameAs":["https:\/\/www.pressenza.com\/it\/author\/redazione-italia\/","https:\/\/www.facebook.com\/PressenzaItalia","https:\/\/www.instagram.com\/pressenza_italia\/","https:\/\/x.com\/pressenza_it","https:\/\/www.youtube.com\/channel\/UCSalEIWjE1RSxkwjfftFuqg"],"url":"https:\/\/www.pressenza.com\/it\/author\/redazione-italia\/"}]}},"place":"Libia","original_article_url":"http:\/\/www.ilbecco.it\/internazionale-2\/medio-oriente\/item\/1790-chi-si-ricorda-della-libia.html","_links":{"self":[{"href":"https:\/\/www.pressenza.com\/it\/wp-json\/wp\/v2\/posts\/148870","targetHints":{"allow":["GET"]}}],"collection":[{"href":"https:\/\/www.pressenza.com\/it\/wp-json\/wp\/v2\/posts"}],"about":[{"href":"https:\/\/www.pressenza.com\/it\/wp-json\/wp\/v2\/types\/post"}],"author":[{"embeddable":true,"href":"https:\/\/www.pressenza.com\/it\/wp-json\/wp\/v2\/users\/594"}],"replies":[{"embeddable":true,"href":"https:\/\/www.pressenza.com\/it\/wp-json\/wp\/v2\/comments?post=148870"}],"version-history":[{"count":0,"href":"https:\/\/www.pressenza.com\/it\/wp-json\/wp\/v2\/posts\/148870\/revisions"}],"wp:featuredmedia":[{"embeddable":true,"href":"https:\/\/www.pressenza.com\/it\/wp-json\/wp\/v2\/media\/148871"}],"wp:attachment":[{"href":"https:\/\/www.pressenza.com\/it\/wp-json\/wp\/v2\/media?parent=148870"}],"wp:term":[{"taxonomy":"category","embeddable":true,"href":"https:\/\/www.pressenza.com\/it\/wp-json\/wp\/v2\/categories?post=148870"},{"taxonomy":"post_tag","embeddable":true,"href":"https:\/\/www.pressenza.com\/it\/wp-json\/wp\/v2\/tags?post=148870"}],"curies":[{"name":"wp","href":"https:\/\/api.w.org\/{rel}","templated":true}]}}