{"id":148655,"date":"2014-11-13T12:08:38","date_gmt":"2014-11-13T12:08:38","guid":{"rendered":"http:\/\/www.pressenza.com\/?p=148655"},"modified":"2014-11-13T12:08:38","modified_gmt":"2014-11-13T12:08:38","slug":"lagricoltura-rigenerativa-medicina-terra","status":"publish","type":"post","link":"https:\/\/www.pressenza.com\/it\/2014\/11\/lagricoltura-rigenerativa-medicina-terra\/","title":{"rendered":"L\u2019agricoltura rigenerativa medicina della terra"},"content":{"rendered":"<p style=\"text-align: justify;\"><em>I combustibili fossili si stanno esaurendo e le emissioni inquinanti condannano uomini e ambiente; impensabile continuare a sostenere l\u2019attuale domanda di energia, qualsiasi riconversione si adotti. Occorre invece approdare a un paradigma totalmente diverso di filosofia e intenzioni umane, partendo dal rapporto con la terra. E\u2019 la riflessione di Chris Rhodes, direttore del Fresh-lands Environmental Actions, membro della Royal Society of Chemistry e portavoce del movimento delle Transition Town inglesi.<\/em><\/p>\n<p style=\"text-align: justify;\">La soluzione? Probabilmente \u00e8 un insieme di soluzioni individuali e ci\u00f2 significa adottare un paradigma totalmente diverso di filosofia e intenzioni umane. La domanda pi\u00f9 pressante \u00e8 quella che riguarda la capacit\u00e0 di nutrire la popolazione mondiale e la necessit\u00e0 di risolvere i problemi di citt\u00e0 o aree che dipendono completamente dall\u2019esterno per cibo ed elettricit\u00e0. Allora occorre fare in modo che sussistano sistemi circoscritti all\u2019interno dei quali gli elementi individuali della vita si nutrano a vicenda, in una mutualit\u00e0 che porta beneficio e non danno. E\u2019 questo il pensiero di <a href=\"http:\/\/ergobalance.blogspot.co.uk\/2014\/11\/regenerative-agriculture-transition.htmlhttp:\/\/ergobalance.blogspot.co.uk\/2014\/11\/regenerative-agriculture-transition.html\">Chris Rhodes<\/a>, che arriva dritto all\u2019agricoltura cosiddetta rigenerativa e alla permacultura. \u201cIn questi metodi \u2013 spiega \u2013 la maggior parte dell\u2019energia \u00e8 prodotta in maniera naturale dalla flora e dalla fauna che vivono su e di quei terreni, poich\u00e9 l\u2019alimento per il suolo viene fornito dalle piante e, in una meravigliosa simbiosi, i batteri di un suolo che vive forniscono nutrimento alle piante\u201d.<\/p>\n<p style=\"text-align: justify;\">Com\u2019\u00e8 possibile dunque una transizione il pi\u00f9 possibile indolore da un\u2019agricoltura industriale a una rigenerativa e agrocoecologica? \u201cPer cominciare \u2013 spiega Rhodes \u2013 occorre decolonizzare e ristrutturare l\u2019agricoltura industriale di oggi spostandosi verso sistemi alimentari tradizionali e locali e ci\u00f2 richiede un cambiamento del modo di pensare che ostacola e limita la cooperazione e l\u2019abbondanza\u201d. Occorre andare verso raggruppamenti localizzati di piccole comunit\u00e0, fattorie locali e infrastrutture ferroviarie che le connettano permettendo i movimenti essenziali di beni e persone. E Rhodes salva la comunicazione elettronica e via internet se serve per connettere le piccole comunit\u00e0 tra loro, le nazioni e i continenti, per scambiare idee e conoscenza.<\/p>\n<p style=\"text-align: justify;\">Gi\u00e0 gli studi degli anni \u201970 mostravano come per produrre 1 caloria di cibo occorressero 10 calorie di energia, prospettiva insostenibile. Ci\u00f2 che \u00e8 stato fatto finora ha portato a cambiamenti climatici che sempre pi\u00f9 hanno ripercussioni negative sull\u2019agricoltura stessa e la strada, secondo Rhodes, \u00e8 quella appunto di preservare ed espandere i sistemi produttivi tradizionali di alimenti e fibre, riadattando culture e conoscenze perdute, che l\u2019industrializzazione ha soppiantato. E\u2019 la strada maestra per un futuro sostenibile che consenta la sopravvivenza del genere umano e Rhodes non manca di sottolineare come il termine \u201cvillaggio globale\u201d sia infingardo, sottintendendo un \u201csupermarket globale\u201d dove le multinazionali piantano le tende. Rhodes sottolinea poi come i sistemi rigenerativi possano includere anche le citt\u00e0, \u201cla cui progettazione va analizzata in termini di meccanismi naturali\u201d che si stabiliscono tra di esse. \u201cMolti non realizzano quanto urgente sia la necessit\u00e0 di un nuovo sviluppo rurale per l\u2019Occidente industrializzato. Nei princ\u00ecpi di \u201ceconomia buddhista\u201d di E.F. Schumacher, descritti nel libro &#8220;Small is Beautiful &#8211; A Study of Economics as if People mattered&#8221;, si sottolinea la necessit\u00e0 di deindustrializzazione, per la quale prendere spunto da societ\u00e0 semplici che consumano molto meno di noi\u201d. Quindi anzich\u00e9 un villaggio globale, un globo di villaggi che potr\u00e0 veramente essere la terra dei nostri figli.<\/p>\n<p style=\"text-align: justify;\">Per saperne di pi\u00f9 in Italia (l&#8217;elenco non vuole essere esaustivo ma solo esemplificativo):<\/p>\n<p><a href=\"http:\/\/www.terraorganica.it\/cat-formazione\/coltivazione-rigenerativa\/\">Terra Organica<\/a><\/p>\n<p><a href=\"http:\/\/www.agricolturaorganica.org\/\">Deafal<\/a><\/p>\n<div><a href=\"http:\/\/www.ecoabitare.org\/argomento\/agricoltura-organica-rigenerativa\/\">Ecoabitare<\/a><\/div>\n","protected":false},"excerpt":{"rendered":"<p>I combustibili fossili si stanno esaurendo e le emissioni inquinanti condannano uomini e ambiente; impensabile continuare a sostenere l\u2019attuale domanda di energia, qualsiasi riconversione si adotti. Occorre invece approdare a un paradigma totalmente diverso di filosofia e intenzioni umane, partendo&hellip;<\/p>\n","protected":false},"author":665,"featured_media":148662,"comment_status":"closed","ping_status":"open","sticky":false,"template":"","format":"standard","meta":{"footnotes":""},"categories":[59,47,162],"tags":[6192,5815,5816],"class_list":["post-148655","post","type-post","status-publish","format-standard","has-post-thumbnail","hentry","category-ambiente-ecologia","category-europa","category-opinioni","tag-agricoltura-biologica","tag-permacoltura","tag-transition"],"yoast_head":"<!-- This site is optimized with the Yoast SEO plugin v27.1.1 - https:\/\/yoast.com\/product\/yoast-seo-wordpress\/ -->\n<title>L\u2019agricoltura rigenerativa medicina della terra<\/title>\n<meta name=\"description\" content=\"I combustibili fossili si stanno esaurendo e le emissioni inquinanti condannano uomini e ambiente; impensabile continuare a sostenere l\u2019attuale domanda di\" \/>\n<meta name=\"robots\" content=\"index, follow, max-snippet:-1, max-image-preview:large, max-video-preview:-1\" \/>\n<link rel=\"canonical\" href=\"https:\/\/www.pressenza.com\/it\/2014\/11\/lagricoltura-rigenerativa-medicina-terra\/\" \/>\n<meta property=\"og:locale\" content=\"it_IT\" \/>\n<meta property=\"og:type\" content=\"article\" \/>\n<meta property=\"og:title\" content=\"L\u2019agricoltura rigenerativa medicina della terra\" \/>\n<meta property=\"og:description\" content=\"I combustibili fossili si stanno esaurendo e le emissioni inquinanti condannano uomini e ambiente; impensabile continuare a sostenere l\u2019attuale domanda di\" \/>\n<meta property=\"og:url\" content=\"https:\/\/www.pressenza.com\/it\/2014\/11\/lagricoltura-rigenerativa-medicina-terra\/\" \/>\n<meta property=\"og:site_name\" content=\"Pressenza\" \/>\n<meta property=\"article:publisher\" content=\"https:\/\/www.facebook.com\/PressenzaItalia\" \/>\n<meta property=\"article:author\" content=\"https:\/\/www.facebook.com\/ilcambiamento.it\" \/>\n<meta property=\"article:published_time\" content=\"2014-11-13T12:08:38+00:00\" \/>\n<meta property=\"og:image\" content=\"https:\/\/www.pressenza.com\/wp-content\/uploads\/2014\/11\/Snail-black-on-grass2.jpg\" \/>\n\t<meta property=\"og:image:width\" content=\"1868\" \/>\n\t<meta property=\"og:image:height\" content=\"1401\" \/>\n\t<meta property=\"og:image:type\" content=\"image\/jpeg\" \/>\n<meta name=\"author\" content=\"Il Cambiamento\" \/>\n<meta name=\"twitter:card\" content=\"summary_large_image\" \/>\n<meta name=\"twitter:creator\" content=\"@Il_Cambiamento\" \/>\n<meta name=\"twitter:site\" content=\"@PressenzaIPA\" \/>\n<meta name=\"twitter:label1\" content=\"Scritto da\" \/>\n\t<meta name=\"twitter:data1\" content=\"Il Cambiamento\" \/>\n\t<meta name=\"twitter:label2\" content=\"Tempo di lettura stimato\" \/>\n\t<meta name=\"twitter:data2\" content=\"3 minuti\" \/>\n<script type=\"application\/ld+json\" class=\"yoast-schema-graph\">{\"@context\":\"https:\/\/schema.org\",\"@graph\":[{\"@type\":\"Article\",\"@id\":\"https:\/\/www.pressenza.com\/it\/2014\/11\/lagricoltura-rigenerativa-medicina-terra\/#article\",\"isPartOf\":{\"@id\":\"https:\/\/www.pressenza.com\/it\/2014\/11\/lagricoltura-rigenerativa-medicina-terra\/\"},\"author\":{\"name\":\"Il Cambiamento\",\"@id\":\"https:\/\/www.pressenza.com\/it\/#\/schema\/person\/39392bb9ae1201c4b749453969a04008\"},\"headline\":\"L\u2019agricoltura rigenerativa medicina della terra\",\"datePublished\":\"2014-11-13T12:08:38+00:00\",\"mainEntityOfPage\":{\"@id\":\"https:\/\/www.pressenza.com\/it\/2014\/11\/lagricoltura-rigenerativa-medicina-terra\/\"},\"wordCount\":570,\"publisher\":{\"@id\":\"https:\/\/www.pressenza.com\/it\/#organization\"},\"image\":{\"@id\":\"https:\/\/www.pressenza.com\/it\/2014\/11\/lagricoltura-rigenerativa-medicina-terra\/#primaryimage\"},\"thumbnailUrl\":\"https:\/\/www.pressenza.com\/wp-content\/uploads\/2014\/11\/Snail-black-on-grass2.jpg\",\"keywords\":[\"agricoltura biologica\",\"permacoltura\",\"transition\"],\"articleSection\":[\"Ecologia ed Ambiente\",\"Europa\",\"Opinioni\"],\"inLanguage\":\"it-IT\"},{\"@type\":\"WebPage\",\"@id\":\"https:\/\/www.pressenza.com\/it\/2014\/11\/lagricoltura-rigenerativa-medicina-terra\/\",\"url\":\"https:\/\/www.pressenza.com\/it\/2014\/11\/lagricoltura-rigenerativa-medicina-terra\/\",\"name\":\"L\u2019agricoltura rigenerativa medicina della terra\",\"isPartOf\":{\"@id\":\"https:\/\/www.pressenza.com\/it\/#website\"},\"primaryImageOfPage\":{\"@id\":\"https:\/\/www.pressenza.com\/it\/2014\/11\/lagricoltura-rigenerativa-medicina-terra\/#primaryimage\"},\"image\":{\"@id\":\"https:\/\/www.pressenza.com\/it\/2014\/11\/lagricoltura-rigenerativa-medicina-terra\/#primaryimage\"},\"thumbnailUrl\":\"https:\/\/www.pressenza.com\/wp-content\/uploads\/2014\/11\/Snail-black-on-grass2.jpg\",\"datePublished\":\"2014-11-13T12:08:38+00:00\",\"description\":\"I combustibili fossili si stanno esaurendo e le emissioni inquinanti condannano uomini e ambiente; impensabile continuare a sostenere l\u2019attuale domanda di\",\"breadcrumb\":{\"@id\":\"https:\/\/www.pressenza.com\/it\/2014\/11\/lagricoltura-rigenerativa-medicina-terra\/#breadcrumb\"},\"inLanguage\":\"it-IT\",\"potentialAction\":[{\"@type\":\"ReadAction\",\"target\":[\"https:\/\/www.pressenza.com\/it\/2014\/11\/lagricoltura-rigenerativa-medicina-terra\/\"]}]},{\"@type\":\"ImageObject\",\"inLanguage\":\"it-IT\",\"@id\":\"https:\/\/www.pressenza.com\/it\/2014\/11\/lagricoltura-rigenerativa-medicina-terra\/#primaryimage\",\"url\":\"https:\/\/www.pressenza.com\/wp-content\/uploads\/2014\/11\/Snail-black-on-grass2.jpg\",\"contentUrl\":\"https:\/\/www.pressenza.com\/wp-content\/uploads\/2014\/11\/Snail-black-on-grass2.jpg\",\"width\":1868,\"height\":1401},{\"@type\":\"BreadcrumbList\",\"@id\":\"https:\/\/www.pressenza.com\/it\/2014\/11\/lagricoltura-rigenerativa-medicina-terra\/#breadcrumb\",\"itemListElement\":[{\"@type\":\"ListItem\",\"position\":1,\"name\":\"Accueil\",\"item\":\"https:\/\/www.pressenza.com\/it\/\"},{\"@type\":\"ListItem\",\"position\":2,\"name\":\"L\u2019agricoltura rigenerativa medicina della terra\"}]},{\"@type\":\"WebSite\",\"@id\":\"https:\/\/www.pressenza.com\/it\/#website\",\"url\":\"https:\/\/www.pressenza.com\/it\/\",\"name\":\"Pressenza\",\"description\":\"Agenzia di Stampa Internazionale\",\"publisher\":{\"@id\":\"https:\/\/www.pressenza.com\/it\/#organization\"},\"potentialAction\":[{\"@type\":\"SearchAction\",\"target\":{\"@type\":\"EntryPoint\",\"urlTemplate\":\"https:\/\/www.pressenza.com\/it\/?s={search_term_string}\"},\"query-input\":{\"@type\":\"PropertyValueSpecification\",\"valueRequired\":true,\"valueName\":\"search_term_string\"}}],\"inLanguage\":\"it-IT\"},{\"@type\":\"Organization\",\"@id\":\"https:\/\/www.pressenza.com\/it\/#organization\",\"name\":\"Pressenza\",\"url\":\"https:\/\/www.pressenza.com\/it\/\",\"logo\":{\"@type\":\"ImageObject\",\"inLanguage\":\"it-IT\",\"@id\":\"https:\/\/www.pressenza.com\/it\/#\/schema\/logo\/image\/\",\"url\":\"https:\/\/www.pressenza.com\/wp-content\/uploads\/2022\/10\/pressenza_logo_200x200.jpg\",\"contentUrl\":\"https:\/\/www.pressenza.com\/wp-content\/uploads\/2022\/10\/pressenza_logo_200x200.jpg\",\"width\":200,\"height\":200,\"caption\":\"Pressenza\"},\"image\":{\"@id\":\"https:\/\/www.pressenza.com\/it\/#\/schema\/logo\/image\/\"},\"sameAs\":[\"https:\/\/www.facebook.com\/PressenzaItalia\",\"https:\/\/x.com\/PressenzaIPA\"]},{\"@type\":\"Person\",\"@id\":\"https:\/\/www.pressenza.com\/it\/#\/schema\/person\/39392bb9ae1201c4b749453969a04008\",\"name\":\"Il Cambiamento\",\"description\":\"www.ilcambiamento.it\",\"sameAs\":[\"https:\/\/www.facebook.com\/ilcambiamento.it\",\"https:\/\/x.com\/Il_Cambiamento\"],\"url\":\"https:\/\/www.pressenza.com\/it\/author\/il-cambiamento\/\"}]}<\/script>\n<!-- \/ Yoast SEO plugin. -->","yoast_head_json":{"title":"L\u2019agricoltura rigenerativa medicina della terra","description":"I combustibili fossili si stanno esaurendo e le emissioni inquinanti condannano uomini e ambiente; impensabile continuare a sostenere l\u2019attuale domanda di","robots":{"index":"index","follow":"follow","max-snippet":"max-snippet:-1","max-image-preview":"max-image-preview:large","max-video-preview":"max-video-preview:-1"},"canonical":"https:\/\/www.pressenza.com\/it\/2014\/11\/lagricoltura-rigenerativa-medicina-terra\/","og_locale":"it_IT","og_type":"article","og_title":"L\u2019agricoltura rigenerativa medicina della terra","og_description":"I combustibili fossili si stanno esaurendo e le emissioni inquinanti condannano uomini e ambiente; impensabile continuare a sostenere l\u2019attuale domanda di","og_url":"https:\/\/www.pressenza.com\/it\/2014\/11\/lagricoltura-rigenerativa-medicina-terra\/","og_site_name":"Pressenza","article_publisher":"https:\/\/www.facebook.com\/PressenzaItalia","article_author":"https:\/\/www.facebook.com\/ilcambiamento.it","article_published_time":"2014-11-13T12:08:38+00:00","og_image":[{"width":1868,"height":1401,"url":"https:\/\/www.pressenza.com\/wp-content\/uploads\/2014\/11\/Snail-black-on-grass2.jpg","type":"image\/jpeg"}],"author":"Il Cambiamento","twitter_card":"summary_large_image","twitter_creator":"@Il_Cambiamento","twitter_site":"@PressenzaIPA","twitter_misc":{"Scritto da":"Il Cambiamento","Tempo di lettura stimato":"3 minuti"},"schema":{"@context":"https:\/\/schema.org","@graph":[{"@type":"Article","@id":"https:\/\/www.pressenza.com\/it\/2014\/11\/lagricoltura-rigenerativa-medicina-terra\/#article","isPartOf":{"@id":"https:\/\/www.pressenza.com\/it\/2014\/11\/lagricoltura-rigenerativa-medicina-terra\/"},"author":{"name":"Il Cambiamento","@id":"https:\/\/www.pressenza.com\/it\/#\/schema\/person\/39392bb9ae1201c4b749453969a04008"},"headline":"L\u2019agricoltura rigenerativa medicina della terra","datePublished":"2014-11-13T12:08:38+00:00","mainEntityOfPage":{"@id":"https:\/\/www.pressenza.com\/it\/2014\/11\/lagricoltura-rigenerativa-medicina-terra\/"},"wordCount":570,"publisher":{"@id":"https:\/\/www.pressenza.com\/it\/#organization"},"image":{"@id":"https:\/\/www.pressenza.com\/it\/2014\/11\/lagricoltura-rigenerativa-medicina-terra\/#primaryimage"},"thumbnailUrl":"https:\/\/www.pressenza.com\/wp-content\/uploads\/2014\/11\/Snail-black-on-grass2.jpg","keywords":["agricoltura biologica","permacoltura","transition"],"articleSection":["Ecologia ed Ambiente","Europa","Opinioni"],"inLanguage":"it-IT"},{"@type":"WebPage","@id":"https:\/\/www.pressenza.com\/it\/2014\/11\/lagricoltura-rigenerativa-medicina-terra\/","url":"https:\/\/www.pressenza.com\/it\/2014\/11\/lagricoltura-rigenerativa-medicina-terra\/","name":"L\u2019agricoltura rigenerativa medicina della terra","isPartOf":{"@id":"https:\/\/www.pressenza.com\/it\/#website"},"primaryImageOfPage":{"@id":"https:\/\/www.pressenza.com\/it\/2014\/11\/lagricoltura-rigenerativa-medicina-terra\/#primaryimage"},"image":{"@id":"https:\/\/www.pressenza.com\/it\/2014\/11\/lagricoltura-rigenerativa-medicina-terra\/#primaryimage"},"thumbnailUrl":"https:\/\/www.pressenza.com\/wp-content\/uploads\/2014\/11\/Snail-black-on-grass2.jpg","datePublished":"2014-11-13T12:08:38+00:00","description":"I combustibili fossili si stanno esaurendo e le emissioni inquinanti condannano uomini e ambiente; impensabile continuare a sostenere l\u2019attuale domanda di","breadcrumb":{"@id":"https:\/\/www.pressenza.com\/it\/2014\/11\/lagricoltura-rigenerativa-medicina-terra\/#breadcrumb"},"inLanguage":"it-IT","potentialAction":[{"@type":"ReadAction","target":["https:\/\/www.pressenza.com\/it\/2014\/11\/lagricoltura-rigenerativa-medicina-terra\/"]}]},{"@type":"ImageObject","inLanguage":"it-IT","@id":"https:\/\/www.pressenza.com\/it\/2014\/11\/lagricoltura-rigenerativa-medicina-terra\/#primaryimage","url":"https:\/\/www.pressenza.com\/wp-content\/uploads\/2014\/11\/Snail-black-on-grass2.jpg","contentUrl":"https:\/\/www.pressenza.com\/wp-content\/uploads\/2014\/11\/Snail-black-on-grass2.jpg","width":1868,"height":1401},{"@type":"BreadcrumbList","@id":"https:\/\/www.pressenza.com\/it\/2014\/11\/lagricoltura-rigenerativa-medicina-terra\/#breadcrumb","itemListElement":[{"@type":"ListItem","position":1,"name":"Accueil","item":"https:\/\/www.pressenza.com\/it\/"},{"@type":"ListItem","position":2,"name":"L\u2019agricoltura rigenerativa medicina della terra"}]},{"@type":"WebSite","@id":"https:\/\/www.pressenza.com\/it\/#website","url":"https:\/\/www.pressenza.com\/it\/","name":"Pressenza","description":"Agenzia di Stampa Internazionale","publisher":{"@id":"https:\/\/www.pressenza.com\/it\/#organization"},"potentialAction":[{"@type":"SearchAction","target":{"@type":"EntryPoint","urlTemplate":"https:\/\/www.pressenza.com\/it\/?s={search_term_string}"},"query-input":{"@type":"PropertyValueSpecification","valueRequired":true,"valueName":"search_term_string"}}],"inLanguage":"it-IT"},{"@type":"Organization","@id":"https:\/\/www.pressenza.com\/it\/#organization","name":"Pressenza","url":"https:\/\/www.pressenza.com\/it\/","logo":{"@type":"ImageObject","inLanguage":"it-IT","@id":"https:\/\/www.pressenza.com\/it\/#\/schema\/logo\/image\/","url":"https:\/\/www.pressenza.com\/wp-content\/uploads\/2022\/10\/pressenza_logo_200x200.jpg","contentUrl":"https:\/\/www.pressenza.com\/wp-content\/uploads\/2022\/10\/pressenza_logo_200x200.jpg","width":200,"height":200,"caption":"Pressenza"},"image":{"@id":"https:\/\/www.pressenza.com\/it\/#\/schema\/logo\/image\/"},"sameAs":["https:\/\/www.facebook.com\/PressenzaItalia","https:\/\/x.com\/PressenzaIPA"]},{"@type":"Person","@id":"https:\/\/www.pressenza.com\/it\/#\/schema\/person\/39392bb9ae1201c4b749453969a04008","name":"Il Cambiamento","description":"www.ilcambiamento.it","sameAs":["https:\/\/www.facebook.com\/ilcambiamento.it","https:\/\/x.com\/Il_Cambiamento"],"url":"https:\/\/www.pressenza.com\/it\/author\/il-cambiamento\/"}]}},"place":"","original_article_url":"http:\/\/www.ilcambiamento.it\/agricoltura_biologica\/agricoltura_rigenerativa.html","_links":{"self":[{"href":"https:\/\/www.pressenza.com\/it\/wp-json\/wp\/v2\/posts\/148655","targetHints":{"allow":["GET"]}}],"collection":[{"href":"https:\/\/www.pressenza.com\/it\/wp-json\/wp\/v2\/posts"}],"about":[{"href":"https:\/\/www.pressenza.com\/it\/wp-json\/wp\/v2\/types\/post"}],"author":[{"embeddable":true,"href":"https:\/\/www.pressenza.com\/it\/wp-json\/wp\/v2\/users\/665"}],"replies":[{"embeddable":true,"href":"https:\/\/www.pressenza.com\/it\/wp-json\/wp\/v2\/comments?post=148655"}],"version-history":[{"count":0,"href":"https:\/\/www.pressenza.com\/it\/wp-json\/wp\/v2\/posts\/148655\/revisions"}],"wp:featuredmedia":[{"embeddable":true,"href":"https:\/\/www.pressenza.com\/it\/wp-json\/wp\/v2\/media\/148662"}],"wp:attachment":[{"href":"https:\/\/www.pressenza.com\/it\/wp-json\/wp\/v2\/media?parent=148655"}],"wp:term":[{"taxonomy":"category","embeddable":true,"href":"https:\/\/www.pressenza.com\/it\/wp-json\/wp\/v2\/categories?post=148655"},{"taxonomy":"post_tag","embeddable":true,"href":"https:\/\/www.pressenza.com\/it\/wp-json\/wp\/v2\/tags?post=148655"}],"curies":[{"name":"wp","href":"https:\/\/api.w.org\/{rel}","templated":true}]}}