{"id":1485576,"date":"2021-12-09T21:04:17","date_gmt":"2021-12-09T21:04:17","guid":{"rendered":"https:\/\/www.pressenza.com\/?p=1485576"},"modified":"2021-12-09T21:04:17","modified_gmt":"2021-12-09T21:04:17","slug":"rapporto-sui-conflitti-dimenticati","status":"publish","type":"post","link":"https:\/\/www.pressenza.com\/it\/2021\/12\/rapporto-sui-conflitti-dimenticati\/","title":{"rendered":"Rapporto Caritas Italiana sui conflitti dimenticati"},"content":{"rendered":"<p>Caritas Italiana ha presentato oggi il settimo rapporto sui conflitti dimenticati.<br \/>\nNel 2020 erano 21 le guerre ad alta intensit\u00e0 nel mondo, sei in pi\u00f9 rispetto all&#8217;anno precedente, quando erano 15. Tra le pi\u00f9 gravi lo Yemen, la Siria, il Sud Sudan.<br \/>\nCon il conflitto nella regione etiopica del Tigray salgono a 22 nel 2021.<br \/>\nComprendendo tutte le crisi e escalation violente si calcolano 359 conflitti nel 2020, uno in pi\u00f9 rispetto al 2019.<br \/>\nNonostante il crescente protagonismo di attori non-statali (milizie, paramilitari, bande armate, compagnie militari private ecc.), la maggior parte della violenza globale (52%) resta ascrivibile a forze statali.<br \/>\nNel 2020 i conflitti violenti sono aumentati del 12%, e negli ultimi 10 anni \u00e8 aumentato il numero rifugiati che scappano dalle guerre.<br \/>\nVi sono nazioni che si reggono su diseguaglianze instabili, fra queste la crisi ucraina, del Venezuela e del Sud Sudan, \u201csituazioni che possono sfociare in vere e proprie guerre\u201d.<br \/>\nLe guerre civili sono raddoppiate negli ultimi 20 anni. Molti indicatori mettono in relazione diseguaglianze, cambiamento climatico, povert\u00e0 e circolazione delle armi. Povert\u00e0 e guerra sono intimamente connessi, i Paesi pi\u00f9 poveri del mondo sono in guerra o ne sono usciti da pochissimo.<br \/>\nInfine Caritas ha presentato la ricerca sulla consapevolezza sociale rispetto ai conflitti: \u201cIn Italia c\u2019\u00e8 una comunicazione scarsa e di bassa qualit\u00e0 rispetto le guerre e in generale agli eventi che avvengono nel mondo, questo genera profonda ignoranza, circa 60% popolazione italiana ignora le guerre in corso o indica come tali situazioni che sono sui libri di storia. Dobbiamo tenere presente che pi\u00f9 si conosce e pi\u00f9 si ama e aumenta di conseguenza la solidariet\u00e0 dal basso e la spinta verso la politica tesa alla tutela dei diritti umani&#8221;. <\/p>\n","protected":false},"excerpt":{"rendered":"<p>Caritas Italiana ha presentato oggi il settimo rapporto sui conflitti dimenticati. Nel 2020 erano 21 le guerre ad alta intensit\u00e0 nel mondo, sei in pi\u00f9 rispetto all&#8217;anno precedente, quando erano 15. Tra le pi\u00f9 gravi lo Yemen, la Siria, il&hellip;<\/p>\n","protected":false},"author":594,"featured_media":1473007,"comment_status":"closed","ping_status":"closed","sticky":false,"template":"","format":"standard","meta":{"footnotes":""},"categories":[150,1263],"tags":[97503,57025],"class_list":["post-1485576","post","type-post","status-publish","format-standard","has-post-thumbnail","hentry","category-comunicati-stampa","category-pace-disarmo","tag-conflitti-dimenticati","tag-guerre-it"],"yoast_head":"<!-- This site is optimized with the Yoast SEO plugin v27.1.1 - https:\/\/yoast.com\/product\/yoast-seo-wordpress\/ -->\n<title>Rapporto Caritas Italiana sui conflitti dimenticati<\/title>\n<meta name=\"description\" content=\"Caritas Italiana ha presentato oggi il settimo rapporto sui conflitti dimenticati. Nel 2020 erano 21 le guerre ad alta intensit\u00e0 nel mondo, sei in pi\u00f9\" \/>\n<meta name=\"robots\" content=\"index, follow, max-snippet:-1, max-image-preview:large, max-video-preview:-1\" \/>\n<link rel=\"canonical\" href=\"https:\/\/www.pressenza.com\/it\/2021\/12\/rapporto-sui-conflitti-dimenticati\/\" \/>\n<meta property=\"og:locale\" content=\"it_IT\" \/>\n<meta property=\"og:type\" content=\"article\" \/>\n<meta property=\"og:title\" content=\"Rapporto Caritas Italiana sui conflitti dimenticati\" \/>\n<meta property=\"og:description\" content=\"Caritas Italiana ha presentato oggi il settimo rapporto sui conflitti dimenticati. Nel 2020 erano 21 le guerre ad alta intensit\u00e0 nel mondo, sei in pi\u00f9\" \/>\n<meta property=\"og:url\" content=\"https:\/\/www.pressenza.com\/it\/2021\/12\/rapporto-sui-conflitti-dimenticati\/\" \/>\n<meta property=\"og:site_name\" content=\"Pressenza\" \/>\n<meta property=\"article:publisher\" content=\"https:\/\/www.facebook.com\/PressenzaItalia\" \/>\n<meta property=\"article:author\" content=\"https:\/\/www.facebook.com\/PressenzaItalia\" \/>\n<meta property=\"article:published_time\" content=\"2021-12-09T21:04:17+00:00\" \/>\n<meta property=\"og:image\" content=\"https:\/\/www.pressenza.com\/wp-content\/uploads\/2021\/11\/aspettare-09est1-sotto-ok-piccola-sotto-presidente-pigliaru-risponde-sullampliamento-della-rwm-imposizione-di-un-embargo-sulle-armi_mazzeo.jpg\" \/>\n\t<meta property=\"og:image:width\" content=\"545\" \/>\n\t<meta property=\"og:image:height\" content=\"280\" \/>\n\t<meta property=\"og:image:type\" content=\"image\/jpeg\" \/>\n<meta name=\"author\" content=\"Redazione Italia\" \/>\n<meta name=\"twitter:card\" content=\"summary_large_image\" \/>\n<meta name=\"twitter:creator\" content=\"@pressenza_it\" \/>\n<meta name=\"twitter:site\" content=\"@PressenzaIPA\" \/>\n<meta name=\"twitter:label1\" content=\"Scritto da\" \/>\n\t<meta name=\"twitter:data1\" content=\"Redazione Italia\" \/>\n\t<meta name=\"twitter:label2\" content=\"Tempo di lettura stimato\" \/>\n\t<meta name=\"twitter:data2\" content=\"1 minuto\" \/>\n<script type=\"application\/ld+json\" class=\"yoast-schema-graph\">{\"@context\":\"https:\/\/schema.org\",\"@graph\":[{\"@type\":\"Article\",\"@id\":\"https:\/\/www.pressenza.com\/it\/2021\/12\/rapporto-sui-conflitti-dimenticati\/#article\",\"isPartOf\":{\"@id\":\"https:\/\/www.pressenza.com\/it\/2021\/12\/rapporto-sui-conflitti-dimenticati\/\"},\"author\":{\"name\":\"Redazione Italia\",\"@id\":\"https:\/\/www.pressenza.com\/it\/#\/schema\/person\/d983e81827ae24f2c7b1a2123d197f8d\"},\"headline\":\"Rapporto Caritas Italiana sui conflitti dimenticati\",\"datePublished\":\"2021-12-09T21:04:17+00:00\",\"mainEntityOfPage\":{\"@id\":\"https:\/\/www.pressenza.com\/it\/2021\/12\/rapporto-sui-conflitti-dimenticati\/\"},\"wordCount\":277,\"publisher\":{\"@id\":\"https:\/\/www.pressenza.com\/it\/#organization\"},\"image\":{\"@id\":\"https:\/\/www.pressenza.com\/it\/2021\/12\/rapporto-sui-conflitti-dimenticati\/#primaryimage\"},\"thumbnailUrl\":\"https:\/\/www.pressenza.com\/wp-content\/uploads\/2021\/11\/aspettare-09est1-sotto-ok-piccola-sotto-presidente-pigliaru-risponde-sullampliamento-della-rwm-imposizione-di-un-embargo-sulle-armi_mazzeo.jpg\",\"keywords\":[\"conflitti dimenticati\",\"guerre\"],\"articleSection\":[\"Comunicati Stampa\",\"Pace e Disarmo\"],\"inLanguage\":\"it-IT\"},{\"@type\":\"WebPage\",\"@id\":\"https:\/\/www.pressenza.com\/it\/2021\/12\/rapporto-sui-conflitti-dimenticati\/\",\"url\":\"https:\/\/www.pressenza.com\/it\/2021\/12\/rapporto-sui-conflitti-dimenticati\/\",\"name\":\"Rapporto Caritas Italiana sui conflitti dimenticati\",\"isPartOf\":{\"@id\":\"https:\/\/www.pressenza.com\/it\/#website\"},\"primaryImageOfPage\":{\"@id\":\"https:\/\/www.pressenza.com\/it\/2021\/12\/rapporto-sui-conflitti-dimenticati\/#primaryimage\"},\"image\":{\"@id\":\"https:\/\/www.pressenza.com\/it\/2021\/12\/rapporto-sui-conflitti-dimenticati\/#primaryimage\"},\"thumbnailUrl\":\"https:\/\/www.pressenza.com\/wp-content\/uploads\/2021\/11\/aspettare-09est1-sotto-ok-piccola-sotto-presidente-pigliaru-risponde-sullampliamento-della-rwm-imposizione-di-un-embargo-sulle-armi_mazzeo.jpg\",\"datePublished\":\"2021-12-09T21:04:17+00:00\",\"description\":\"Caritas Italiana ha presentato oggi il settimo rapporto sui conflitti dimenticati. Nel 2020 erano 21 le guerre ad alta intensit\u00e0 nel mondo, sei in pi\u00f9\",\"breadcrumb\":{\"@id\":\"https:\/\/www.pressenza.com\/it\/2021\/12\/rapporto-sui-conflitti-dimenticati\/#breadcrumb\"},\"inLanguage\":\"it-IT\",\"potentialAction\":[{\"@type\":\"ReadAction\",\"target\":[\"https:\/\/www.pressenza.com\/it\/2021\/12\/rapporto-sui-conflitti-dimenticati\/\"]}]},{\"@type\":\"ImageObject\",\"inLanguage\":\"it-IT\",\"@id\":\"https:\/\/www.pressenza.com\/it\/2021\/12\/rapporto-sui-conflitti-dimenticati\/#primaryimage\",\"url\":\"https:\/\/www.pressenza.com\/wp-content\/uploads\/2021\/11\/aspettare-09est1-sotto-ok-piccola-sotto-presidente-pigliaru-risponde-sullampliamento-della-rwm-imposizione-di-un-embargo-sulle-armi_mazzeo.jpg\",\"contentUrl\":\"https:\/\/www.pressenza.com\/wp-content\/uploads\/2021\/11\/aspettare-09est1-sotto-ok-piccola-sotto-presidente-pigliaru-risponde-sullampliamento-della-rwm-imposizione-di-un-embargo-sulle-armi_mazzeo.jpg\",\"width\":545,\"height\":280,\"caption\":\"rvm\"},{\"@type\":\"BreadcrumbList\",\"@id\":\"https:\/\/www.pressenza.com\/it\/2021\/12\/rapporto-sui-conflitti-dimenticati\/#breadcrumb\",\"itemListElement\":[{\"@type\":\"ListItem\",\"position\":1,\"name\":\"Accueil\",\"item\":\"https:\/\/www.pressenza.com\/it\/\"},{\"@type\":\"ListItem\",\"position\":2,\"name\":\"Rapporto Caritas Italiana sui conflitti dimenticati\"}]},{\"@type\":\"WebSite\",\"@id\":\"https:\/\/www.pressenza.com\/it\/#website\",\"url\":\"https:\/\/www.pressenza.com\/it\/\",\"name\":\"Pressenza\",\"description\":\"Agenzia di Stampa Internazionale\",\"publisher\":{\"@id\":\"https:\/\/www.pressenza.com\/it\/#organization\"},\"potentialAction\":[{\"@type\":\"SearchAction\",\"target\":{\"@type\":\"EntryPoint\",\"urlTemplate\":\"https:\/\/www.pressenza.com\/it\/?s={search_term_string}\"},\"query-input\":{\"@type\":\"PropertyValueSpecification\",\"valueRequired\":true,\"valueName\":\"search_term_string\"}}],\"inLanguage\":\"it-IT\"},{\"@type\":\"Organization\",\"@id\":\"https:\/\/www.pressenza.com\/it\/#organization\",\"name\":\"Pressenza\",\"url\":\"https:\/\/www.pressenza.com\/it\/\",\"logo\":{\"@type\":\"ImageObject\",\"inLanguage\":\"it-IT\",\"@id\":\"https:\/\/www.pressenza.com\/it\/#\/schema\/logo\/image\/\",\"url\":\"https:\/\/www.pressenza.com\/wp-content\/uploads\/2022\/10\/pressenza_logo_200x200.jpg\",\"contentUrl\":\"https:\/\/www.pressenza.com\/wp-content\/uploads\/2022\/10\/pressenza_logo_200x200.jpg\",\"width\":200,\"height\":200,\"caption\":\"Pressenza\"},\"image\":{\"@id\":\"https:\/\/www.pressenza.com\/it\/#\/schema\/logo\/image\/\"},\"sameAs\":[\"https:\/\/www.facebook.com\/PressenzaItalia\",\"https:\/\/x.com\/PressenzaIPA\"]},{\"@type\":\"Person\",\"@id\":\"https:\/\/www.pressenza.com\/it\/#\/schema\/person\/d983e81827ae24f2c7b1a2123d197f8d\",\"name\":\"Redazione Italia\",\"description\":\"News from the Pressenza Bureau in Italy\",\"sameAs\":[\"https:\/\/www.pressenza.com\/it\/author\/redazione-italia\/\",\"https:\/\/www.facebook.com\/PressenzaItalia\",\"https:\/\/www.instagram.com\/pressenza_italia\/\",\"https:\/\/x.com\/pressenza_it\",\"https:\/\/www.youtube.com\/channel\/UCSalEIWjE1RSxkwjfftFuqg\"],\"url\":\"https:\/\/www.pressenza.com\/it\/author\/redazione-italia\/\"}]}<\/script>\n<!-- \/ Yoast SEO plugin. -->","yoast_head_json":{"title":"Rapporto Caritas Italiana sui conflitti dimenticati","description":"Caritas Italiana ha presentato oggi il settimo rapporto sui conflitti dimenticati. Nel 2020 erano 21 le guerre ad alta intensit\u00e0 nel mondo, sei in pi\u00f9","robots":{"index":"index","follow":"follow","max-snippet":"max-snippet:-1","max-image-preview":"max-image-preview:large","max-video-preview":"max-video-preview:-1"},"canonical":"https:\/\/www.pressenza.com\/it\/2021\/12\/rapporto-sui-conflitti-dimenticati\/","og_locale":"it_IT","og_type":"article","og_title":"Rapporto Caritas Italiana sui conflitti dimenticati","og_description":"Caritas Italiana ha presentato oggi il settimo rapporto sui conflitti dimenticati. Nel 2020 erano 21 le guerre ad alta intensit\u00e0 nel mondo, sei in pi\u00f9","og_url":"https:\/\/www.pressenza.com\/it\/2021\/12\/rapporto-sui-conflitti-dimenticati\/","og_site_name":"Pressenza","article_publisher":"https:\/\/www.facebook.com\/PressenzaItalia","article_author":"https:\/\/www.facebook.com\/PressenzaItalia","article_published_time":"2021-12-09T21:04:17+00:00","og_image":[{"width":545,"height":280,"url":"https:\/\/www.pressenza.com\/wp-content\/uploads\/2021\/11\/aspettare-09est1-sotto-ok-piccola-sotto-presidente-pigliaru-risponde-sullampliamento-della-rwm-imposizione-di-un-embargo-sulle-armi_mazzeo.jpg","type":"image\/jpeg"}],"author":"Redazione Italia","twitter_card":"summary_large_image","twitter_creator":"@pressenza_it","twitter_site":"@PressenzaIPA","twitter_misc":{"Scritto da":"Redazione Italia","Tempo di lettura stimato":"1 minuto"},"schema":{"@context":"https:\/\/schema.org","@graph":[{"@type":"Article","@id":"https:\/\/www.pressenza.com\/it\/2021\/12\/rapporto-sui-conflitti-dimenticati\/#article","isPartOf":{"@id":"https:\/\/www.pressenza.com\/it\/2021\/12\/rapporto-sui-conflitti-dimenticati\/"},"author":{"name":"Redazione Italia","@id":"https:\/\/www.pressenza.com\/it\/#\/schema\/person\/d983e81827ae24f2c7b1a2123d197f8d"},"headline":"Rapporto Caritas Italiana sui conflitti dimenticati","datePublished":"2021-12-09T21:04:17+00:00","mainEntityOfPage":{"@id":"https:\/\/www.pressenza.com\/it\/2021\/12\/rapporto-sui-conflitti-dimenticati\/"},"wordCount":277,"publisher":{"@id":"https:\/\/www.pressenza.com\/it\/#organization"},"image":{"@id":"https:\/\/www.pressenza.com\/it\/2021\/12\/rapporto-sui-conflitti-dimenticati\/#primaryimage"},"thumbnailUrl":"https:\/\/www.pressenza.com\/wp-content\/uploads\/2021\/11\/aspettare-09est1-sotto-ok-piccola-sotto-presidente-pigliaru-risponde-sullampliamento-della-rwm-imposizione-di-un-embargo-sulle-armi_mazzeo.jpg","keywords":["conflitti dimenticati","guerre"],"articleSection":["Comunicati Stampa","Pace e Disarmo"],"inLanguage":"it-IT"},{"@type":"WebPage","@id":"https:\/\/www.pressenza.com\/it\/2021\/12\/rapporto-sui-conflitti-dimenticati\/","url":"https:\/\/www.pressenza.com\/it\/2021\/12\/rapporto-sui-conflitti-dimenticati\/","name":"Rapporto Caritas Italiana sui conflitti dimenticati","isPartOf":{"@id":"https:\/\/www.pressenza.com\/it\/#website"},"primaryImageOfPage":{"@id":"https:\/\/www.pressenza.com\/it\/2021\/12\/rapporto-sui-conflitti-dimenticati\/#primaryimage"},"image":{"@id":"https:\/\/www.pressenza.com\/it\/2021\/12\/rapporto-sui-conflitti-dimenticati\/#primaryimage"},"thumbnailUrl":"https:\/\/www.pressenza.com\/wp-content\/uploads\/2021\/11\/aspettare-09est1-sotto-ok-piccola-sotto-presidente-pigliaru-risponde-sullampliamento-della-rwm-imposizione-di-un-embargo-sulle-armi_mazzeo.jpg","datePublished":"2021-12-09T21:04:17+00:00","description":"Caritas Italiana ha presentato oggi il settimo rapporto sui conflitti dimenticati. Nel 2020 erano 21 le guerre ad alta intensit\u00e0 nel mondo, sei in pi\u00f9","breadcrumb":{"@id":"https:\/\/www.pressenza.com\/it\/2021\/12\/rapporto-sui-conflitti-dimenticati\/#breadcrumb"},"inLanguage":"it-IT","potentialAction":[{"@type":"ReadAction","target":["https:\/\/www.pressenza.com\/it\/2021\/12\/rapporto-sui-conflitti-dimenticati\/"]}]},{"@type":"ImageObject","inLanguage":"it-IT","@id":"https:\/\/www.pressenza.com\/it\/2021\/12\/rapporto-sui-conflitti-dimenticati\/#primaryimage","url":"https:\/\/www.pressenza.com\/wp-content\/uploads\/2021\/11\/aspettare-09est1-sotto-ok-piccola-sotto-presidente-pigliaru-risponde-sullampliamento-della-rwm-imposizione-di-un-embargo-sulle-armi_mazzeo.jpg","contentUrl":"https:\/\/www.pressenza.com\/wp-content\/uploads\/2021\/11\/aspettare-09est1-sotto-ok-piccola-sotto-presidente-pigliaru-risponde-sullampliamento-della-rwm-imposizione-di-un-embargo-sulle-armi_mazzeo.jpg","width":545,"height":280,"caption":"rvm"},{"@type":"BreadcrumbList","@id":"https:\/\/www.pressenza.com\/it\/2021\/12\/rapporto-sui-conflitti-dimenticati\/#breadcrumb","itemListElement":[{"@type":"ListItem","position":1,"name":"Accueil","item":"https:\/\/www.pressenza.com\/it\/"},{"@type":"ListItem","position":2,"name":"Rapporto Caritas Italiana sui conflitti dimenticati"}]},{"@type":"WebSite","@id":"https:\/\/www.pressenza.com\/it\/#website","url":"https:\/\/www.pressenza.com\/it\/","name":"Pressenza","description":"Agenzia di Stampa Internazionale","publisher":{"@id":"https:\/\/www.pressenza.com\/it\/#organization"},"potentialAction":[{"@type":"SearchAction","target":{"@type":"EntryPoint","urlTemplate":"https:\/\/www.pressenza.com\/it\/?s={search_term_string}"},"query-input":{"@type":"PropertyValueSpecification","valueRequired":true,"valueName":"search_term_string"}}],"inLanguage":"it-IT"},{"@type":"Organization","@id":"https:\/\/www.pressenza.com\/it\/#organization","name":"Pressenza","url":"https:\/\/www.pressenza.com\/it\/","logo":{"@type":"ImageObject","inLanguage":"it-IT","@id":"https:\/\/www.pressenza.com\/it\/#\/schema\/logo\/image\/","url":"https:\/\/www.pressenza.com\/wp-content\/uploads\/2022\/10\/pressenza_logo_200x200.jpg","contentUrl":"https:\/\/www.pressenza.com\/wp-content\/uploads\/2022\/10\/pressenza_logo_200x200.jpg","width":200,"height":200,"caption":"Pressenza"},"image":{"@id":"https:\/\/www.pressenza.com\/it\/#\/schema\/logo\/image\/"},"sameAs":["https:\/\/www.facebook.com\/PressenzaItalia","https:\/\/x.com\/PressenzaIPA"]},{"@type":"Person","@id":"https:\/\/www.pressenza.com\/it\/#\/schema\/person\/d983e81827ae24f2c7b1a2123d197f8d","name":"Redazione Italia","description":"News from the Pressenza Bureau in Italy","sameAs":["https:\/\/www.pressenza.com\/it\/author\/redazione-italia\/","https:\/\/www.facebook.com\/PressenzaItalia","https:\/\/www.instagram.com\/pressenza_italia\/","https:\/\/x.com\/pressenza_it","https:\/\/www.youtube.com\/channel\/UCSalEIWjE1RSxkwjfftFuqg"],"url":"https:\/\/www.pressenza.com\/it\/author\/redazione-italia\/"}]}},"place":"","original_article_url":"","_links":{"self":[{"href":"https:\/\/www.pressenza.com\/it\/wp-json\/wp\/v2\/posts\/1485576","targetHints":{"allow":["GET"]}}],"collection":[{"href":"https:\/\/www.pressenza.com\/it\/wp-json\/wp\/v2\/posts"}],"about":[{"href":"https:\/\/www.pressenza.com\/it\/wp-json\/wp\/v2\/types\/post"}],"author":[{"embeddable":true,"href":"https:\/\/www.pressenza.com\/it\/wp-json\/wp\/v2\/users\/594"}],"replies":[{"embeddable":true,"href":"https:\/\/www.pressenza.com\/it\/wp-json\/wp\/v2\/comments?post=1485576"}],"version-history":[{"count":0,"href":"https:\/\/www.pressenza.com\/it\/wp-json\/wp\/v2\/posts\/1485576\/revisions"}],"wp:featuredmedia":[{"embeddable":true,"href":"https:\/\/www.pressenza.com\/it\/wp-json\/wp\/v2\/media\/1473007"}],"wp:attachment":[{"href":"https:\/\/www.pressenza.com\/it\/wp-json\/wp\/v2\/media?parent=1485576"}],"wp:term":[{"taxonomy":"category","embeddable":true,"href":"https:\/\/www.pressenza.com\/it\/wp-json\/wp\/v2\/categories?post=1485576"},{"taxonomy":"post_tag","embeddable":true,"href":"https:\/\/www.pressenza.com\/it\/wp-json\/wp\/v2\/tags?post=1485576"}],"curies":[{"name":"wp","href":"https:\/\/api.w.org\/{rel}","templated":true}]}}