{"id":1482886,"date":"2021-12-04T17:57:20","date_gmt":"2021-12-04T17:57:20","guid":{"rendered":"https:\/\/www.pressenza.com\/?p=1482886"},"modified":"2021-12-04T18:01:04","modified_gmt":"2021-12-04T18:01:04","slug":"patrick-zaki-50-piazze-attenderanno-lesito-delludienza-del-7-dicembre","status":"publish","type":"post","link":"https:\/\/www.pressenza.com\/it\/2021\/12\/patrick-zaki-50-piazze-attenderanno-lesito-delludienza-del-7-dicembre\/","title":{"rendered":"Patrick Zaki: 50 piazze attenderanno l\u2019esito dell\u2019udienza del 7 dicembre"},"content":{"rendered":"<p>In occasione dell\u2019udienza di\u00a0<a href=\"https:\/\/www.amnesty.it\/appelli\/liberta-per-patrick\/\">Patrick Zaki<\/a>\u00a0che si terr\u00e0\u00a0<strong>il 7 dicembre<\/strong>, le attiviste e gli attivisti di Amnesty International, nei giorni precedenti e in quello del processo,\u00a0<strong>manifesteranno in circa 50 citt\u00e0 italiane<\/strong>, accompagnati da numerosi gruppi della societ\u00e0 civile, rappresentanti di enti locali, giornaliste e giornalisti Rai e parlamentari auspicando un esito positivo.<\/p>\n<p>Lo studente dell\u2019universit\u00e0 di Bologna, che quel giorno sar\u00e0<strong>\u00a0giunto al 668\u00b0 giorno di prigionia<\/strong>, \u00e8 sotto processo presso un tribunale d\u2019emergenza per l\u2019accusa di \u201cdiffusione di notizie false\u201d, derivante unicamente dall\u2019esercizio della sua libert\u00e0 di espressione e di ricerca.<\/p>\n<p><em>\u201cQuella del 7 dicembre potrebbe essere l\u2019udienza decisiva per Patrick, giacch\u00e9 altri processi come il suo sono arrivati o stanno volgendo alla fine\u201d<\/em>,\u00a0<strong>ha dichiarato Riccardo Noury, portavoce di Amnesty International Italia.<\/strong> <em>\u201cLa speranza \u00e8 che un giudice riconosca, dopo quasi due anni, l\u2019infondatezza dell\u2019accusa di diffusione di notizie false. Il timore \u00e8 che la magistratura egiziana non rinneghi s\u00e9 stessa ed emetta una condanna: se ci\u00f2 accadesse, sarebbe uno sviluppo terribile, anche perch\u00e9 nei confronti delle sentenze dei tribunali d\u2019emergenza non \u00e8 previsto appello\u201d\u00a0<\/em>ha proseguito Noury.<\/p>\n<p>Le mobilitazioni sono gi\u00e0 iniziate il 2 dicembre. L\u2019elenco delle piazze, in continuo aggiornamento, \u00e8 disponibile sulla seguente <a href=\"https:\/\/www.google.com\/maps\/d\/u\/0\/viewer?mid=1KCRI6zxltNjh6qkg2v_Y_NQMeV-toJs5&amp;hl=it&amp;ll=41.66191481614798%2C12.750214299999978&amp;z=5\">mappa interattiva<\/a>.<\/p>\n<p>Si segnalano in particolare gli appuntamenti del\u00a0<strong>6 dicembre a Bologna<\/strong>\u00a0(17,30, Giardini Margherita) e del\u00a0<strong>7 dicembre a Roma<\/strong>\u00a0(17.30, piazza Bocca della Verit\u00e0).<\/p>\n<p>Alla mobilitazione hanno aderito\u00a0<em>A buon diritto, Associazione Diffondiamo Idee di Valore, FNSI, UsigRai, StationToStation.\u00a0<\/em><\/p>\n<p><strong>\u00a0<\/strong><\/p>\n","protected":false},"excerpt":{"rendered":"<p>In occasione dell\u2019udienza di\u00a0Patrick Zaki\u00a0che si terr\u00e0\u00a0il 7 dicembre, le attiviste e gli attivisti di Amnesty International, nei giorni precedenti e in quello del processo,\u00a0manifesteranno in circa 50 citt\u00e0 italiane, accompagnati da numerosi gruppi della societ\u00e0 civile, rappresentanti di enti&hellip;<\/p>\n","protected":false},"author":432,"featured_media":1281086,"comment_status":"closed","ping_status":"closed","sticky":false,"template":"","format":"standard","meta":{"footnotes":""},"categories":[45,150,60,47],"tags":[2827,4339,1628,71018,97322],"class_list":["post-1482886","post","type-post","status-publish","format-standard","has-post-thumbnail","hentry","category-africa-it","category-comunicati-stampa","category-diritti-umani","category-europa","tag-egitto","tag-eventi","tag-manifestazioni","tag-patrick-zaki","tag-udienza-7-dicembre"],"yoast_head":"<!-- This site is optimized with the Yoast SEO plugin v27.1.1 - https:\/\/yoast.com\/product\/yoast-seo-wordpress\/ -->\n<title>Patrick Zaki: 50 piazze attenderanno l\u2019esito dell\u2019udienza del 7 dicembre<\/title>\n<meta name=\"description\" content=\"In occasione dell\u2019udienza di\u00a0Patrick Zaki\u00a0che si terr\u00e0\u00a0il 7 dicembre, le attiviste e gli attivisti di Amnesty International, nei giorni precedenti e in\" \/>\n<meta name=\"robots\" content=\"index, follow, max-snippet:-1, max-image-preview:large, max-video-preview:-1\" \/>\n<link rel=\"canonical\" href=\"https:\/\/www.pressenza.com\/it\/2021\/12\/patrick-zaki-50-piazze-attenderanno-lesito-delludienza-del-7-dicembre\/\" \/>\n<meta property=\"og:locale\" content=\"it_IT\" \/>\n<meta property=\"og:type\" content=\"article\" \/>\n<meta property=\"og:title\" content=\"Patrick Zaki: 50 piazze attenderanno l\u2019esito dell\u2019udienza del 7 dicembre\" \/>\n<meta property=\"og:description\" content=\"In occasione dell\u2019udienza di\u00a0Patrick Zaki\u00a0che si terr\u00e0\u00a0il 7 dicembre, le attiviste e gli attivisti di Amnesty International, nei giorni precedenti e in\" \/>\n<meta property=\"og:url\" content=\"https:\/\/www.pressenza.com\/it\/2021\/12\/patrick-zaki-50-piazze-attenderanno-lesito-delludienza-del-7-dicembre\/\" \/>\n<meta property=\"og:site_name\" content=\"Pressenza\" \/>\n<meta property=\"article:publisher\" content=\"https:\/\/www.facebook.com\/PressenzaItalia\" \/>\n<meta property=\"article:author\" content=\"https:\/\/www.facebook.com\/amnestyglobal\" \/>\n<meta property=\"article:published_time\" content=\"2021-12-04T17:57:20+00:00\" \/>\n<meta property=\"article:modified_time\" content=\"2021-12-04T18:01:04+00:00\" \/>\n<meta property=\"og:image\" content=\"https:\/\/www.pressenza.com\/wp-content\/uploads\/2021\/01\/Patrick-Zaki-disegno-rit.jpg\" \/>\n\t<meta property=\"og:image:width\" content=\"958\" \/>\n\t<meta property=\"og:image:height\" content=\"561\" \/>\n\t<meta property=\"og:image:type\" content=\"image\/jpeg\" \/>\n<meta name=\"author\" content=\"Amnesty International\" \/>\n<meta name=\"twitter:card\" content=\"summary_large_image\" \/>\n<meta name=\"twitter:creator\" content=\"@amnesty\" \/>\n<meta name=\"twitter:site\" content=\"@PressenzaIPA\" \/>\n<meta name=\"twitter:label1\" content=\"Scritto da\" \/>\n\t<meta name=\"twitter:data1\" content=\"Amnesty International\" \/>\n\t<meta name=\"twitter:label2\" content=\"Tempo di lettura stimato\" \/>\n\t<meta name=\"twitter:data2\" content=\"1 minuto\" \/>\n<script type=\"application\/ld+json\" class=\"yoast-schema-graph\">{\"@context\":\"https:\/\/schema.org\",\"@graph\":[{\"@type\":\"Article\",\"@id\":\"https:\/\/www.pressenza.com\/it\/2021\/12\/patrick-zaki-50-piazze-attenderanno-lesito-delludienza-del-7-dicembre\/#article\",\"isPartOf\":{\"@id\":\"https:\/\/www.pressenza.com\/it\/2021\/12\/patrick-zaki-50-piazze-attenderanno-lesito-delludienza-del-7-dicembre\/\"},\"author\":{\"name\":\"Amnesty International\",\"@id\":\"https:\/\/www.pressenza.com\/it\/#\/schema\/person\/9b981b05c7ecf09292e6acb3223b2d9d\"},\"headline\":\"Patrick Zaki: 50 piazze attenderanno l\u2019esito dell\u2019udienza del 7 dicembre\",\"datePublished\":\"2021-12-04T17:57:20+00:00\",\"dateModified\":\"2021-12-04T18:01:04+00:00\",\"mainEntityOfPage\":{\"@id\":\"https:\/\/www.pressenza.com\/it\/2021\/12\/patrick-zaki-50-piazze-attenderanno-lesito-delludienza-del-7-dicembre\/\"},\"wordCount\":249,\"publisher\":{\"@id\":\"https:\/\/www.pressenza.com\/it\/#organization\"},\"image\":{\"@id\":\"https:\/\/www.pressenza.com\/it\/2021\/12\/patrick-zaki-50-piazze-attenderanno-lesito-delludienza-del-7-dicembre\/#primaryimage\"},\"thumbnailUrl\":\"https:\/\/www.pressenza.com\/wp-content\/uploads\/2021\/01\/Patrick-Zaki-disegno-rit.jpg\",\"keywords\":[\"Egitto\",\"eventi\",\"manifestazioni\",\"Patrick Zaki\",\"udienza 7 dicembre\"],\"articleSection\":[\"Africa\",\"Comunicati Stampa\",\"Diritti Umani\",\"Europa\"],\"inLanguage\":\"it-IT\"},{\"@type\":\"WebPage\",\"@id\":\"https:\/\/www.pressenza.com\/it\/2021\/12\/patrick-zaki-50-piazze-attenderanno-lesito-delludienza-del-7-dicembre\/\",\"url\":\"https:\/\/www.pressenza.com\/it\/2021\/12\/patrick-zaki-50-piazze-attenderanno-lesito-delludienza-del-7-dicembre\/\",\"name\":\"Patrick Zaki: 50 piazze attenderanno l\u2019esito dell\u2019udienza del 7 dicembre\",\"isPartOf\":{\"@id\":\"https:\/\/www.pressenza.com\/it\/#website\"},\"primaryImageOfPage\":{\"@id\":\"https:\/\/www.pressenza.com\/it\/2021\/12\/patrick-zaki-50-piazze-attenderanno-lesito-delludienza-del-7-dicembre\/#primaryimage\"},\"image\":{\"@id\":\"https:\/\/www.pressenza.com\/it\/2021\/12\/patrick-zaki-50-piazze-attenderanno-lesito-delludienza-del-7-dicembre\/#primaryimage\"},\"thumbnailUrl\":\"https:\/\/www.pressenza.com\/wp-content\/uploads\/2021\/01\/Patrick-Zaki-disegno-rit.jpg\",\"datePublished\":\"2021-12-04T17:57:20+00:00\",\"dateModified\":\"2021-12-04T18:01:04+00:00\",\"description\":\"In occasione dell\u2019udienza di\u00a0Patrick Zaki\u00a0che si terr\u00e0\u00a0il 7 dicembre, le attiviste e gli attivisti di Amnesty International, nei giorni precedenti e in\",\"breadcrumb\":{\"@id\":\"https:\/\/www.pressenza.com\/it\/2021\/12\/patrick-zaki-50-piazze-attenderanno-lesito-delludienza-del-7-dicembre\/#breadcrumb\"},\"inLanguage\":\"it-IT\",\"potentialAction\":[{\"@type\":\"ReadAction\",\"target\":[\"https:\/\/www.pressenza.com\/it\/2021\/12\/patrick-zaki-50-piazze-attenderanno-lesito-delludienza-del-7-dicembre\/\"]}]},{\"@type\":\"ImageObject\",\"inLanguage\":\"it-IT\",\"@id\":\"https:\/\/www.pressenza.com\/it\/2021\/12\/patrick-zaki-50-piazze-attenderanno-lesito-delludienza-del-7-dicembre\/#primaryimage\",\"url\":\"https:\/\/www.pressenza.com\/wp-content\/uploads\/2021\/01\/Patrick-Zaki-disegno-rit.jpg\",\"contentUrl\":\"https:\/\/www.pressenza.com\/wp-content\/uploads\/2021\/01\/Patrick-Zaki-disegno-rit.jpg\",\"width\":958,\"height\":561},{\"@type\":\"BreadcrumbList\",\"@id\":\"https:\/\/www.pressenza.com\/it\/2021\/12\/patrick-zaki-50-piazze-attenderanno-lesito-delludienza-del-7-dicembre\/#breadcrumb\",\"itemListElement\":[{\"@type\":\"ListItem\",\"position\":1,\"name\":\"Accueil\",\"item\":\"https:\/\/www.pressenza.com\/it\/\"},{\"@type\":\"ListItem\",\"position\":2,\"name\":\"Patrick Zaki: 50 piazze attenderanno l\u2019esito dell\u2019udienza del 7 dicembre\"}]},{\"@type\":\"WebSite\",\"@id\":\"https:\/\/www.pressenza.com\/it\/#website\",\"url\":\"https:\/\/www.pressenza.com\/it\/\",\"name\":\"Pressenza\",\"description\":\"Agenzia di Stampa Internazionale\",\"publisher\":{\"@id\":\"https:\/\/www.pressenza.com\/it\/#organization\"},\"potentialAction\":[{\"@type\":\"SearchAction\",\"target\":{\"@type\":\"EntryPoint\",\"urlTemplate\":\"https:\/\/www.pressenza.com\/it\/?s={search_term_string}\"},\"query-input\":{\"@type\":\"PropertyValueSpecification\",\"valueRequired\":true,\"valueName\":\"search_term_string\"}}],\"inLanguage\":\"it-IT\"},{\"@type\":\"Organization\",\"@id\":\"https:\/\/www.pressenza.com\/it\/#organization\",\"name\":\"Pressenza\",\"url\":\"https:\/\/www.pressenza.com\/it\/\",\"logo\":{\"@type\":\"ImageObject\",\"inLanguage\":\"it-IT\",\"@id\":\"https:\/\/www.pressenza.com\/it\/#\/schema\/logo\/image\/\",\"url\":\"https:\/\/www.pressenza.com\/wp-content\/uploads\/2022\/10\/pressenza_logo_200x200.jpg\",\"contentUrl\":\"https:\/\/www.pressenza.com\/wp-content\/uploads\/2022\/10\/pressenza_logo_200x200.jpg\",\"width\":200,\"height\":200,\"caption\":\"Pressenza\"},\"image\":{\"@id\":\"https:\/\/www.pressenza.com\/it\/#\/schema\/logo\/image\/\"},\"sameAs\":[\"https:\/\/www.facebook.com\/PressenzaItalia\",\"https:\/\/x.com\/PressenzaIPA\"]},{\"@type\":\"Person\",\"@id\":\"https:\/\/www.pressenza.com\/it\/#\/schema\/person\/9b981b05c7ecf09292e6acb3223b2d9d\",\"name\":\"Amnesty International\",\"description\":\"Amnesty International is a global movement of more than 3 million supporters, members and activists in over 150 countries and territories who campaign to end grave abuses of human rights. Our vision is for every person to enjoy all the rights enshrined in the Universal Declaration of Human Rights and other international human rights standards. www.amnesty.org\",\"sameAs\":[\"http:\/\/www.amnesty.it\",\"https:\/\/www.facebook.com\/amnestyglobal\",\"https:\/\/x.com\/amnesty\"],\"url\":\"https:\/\/www.pressenza.com\/it\/author\/amnesty-international\/\"}]}<\/script>\n<!-- \/ Yoast SEO plugin. -->","yoast_head_json":{"title":"Patrick Zaki: 50 piazze attenderanno l\u2019esito dell\u2019udienza del 7 dicembre","description":"In occasione dell\u2019udienza di\u00a0Patrick Zaki\u00a0che si terr\u00e0\u00a0il 7 dicembre, le attiviste e gli attivisti di Amnesty International, nei giorni precedenti e in","robots":{"index":"index","follow":"follow","max-snippet":"max-snippet:-1","max-image-preview":"max-image-preview:large","max-video-preview":"max-video-preview:-1"},"canonical":"https:\/\/www.pressenza.com\/it\/2021\/12\/patrick-zaki-50-piazze-attenderanno-lesito-delludienza-del-7-dicembre\/","og_locale":"it_IT","og_type":"article","og_title":"Patrick Zaki: 50 piazze attenderanno l\u2019esito dell\u2019udienza del 7 dicembre","og_description":"In occasione dell\u2019udienza di\u00a0Patrick Zaki\u00a0che si terr\u00e0\u00a0il 7 dicembre, le attiviste e gli attivisti di Amnesty International, nei giorni precedenti e in","og_url":"https:\/\/www.pressenza.com\/it\/2021\/12\/patrick-zaki-50-piazze-attenderanno-lesito-delludienza-del-7-dicembre\/","og_site_name":"Pressenza","article_publisher":"https:\/\/www.facebook.com\/PressenzaItalia","article_author":"https:\/\/www.facebook.com\/amnestyglobal","article_published_time":"2021-12-04T17:57:20+00:00","article_modified_time":"2021-12-04T18:01:04+00:00","og_image":[{"width":958,"height":561,"url":"https:\/\/www.pressenza.com\/wp-content\/uploads\/2021\/01\/Patrick-Zaki-disegno-rit.jpg","type":"image\/jpeg"}],"author":"Amnesty International","twitter_card":"summary_large_image","twitter_creator":"@amnesty","twitter_site":"@PressenzaIPA","twitter_misc":{"Scritto da":"Amnesty International","Tempo di lettura stimato":"1 minuto"},"schema":{"@context":"https:\/\/schema.org","@graph":[{"@type":"Article","@id":"https:\/\/www.pressenza.com\/it\/2021\/12\/patrick-zaki-50-piazze-attenderanno-lesito-delludienza-del-7-dicembre\/#article","isPartOf":{"@id":"https:\/\/www.pressenza.com\/it\/2021\/12\/patrick-zaki-50-piazze-attenderanno-lesito-delludienza-del-7-dicembre\/"},"author":{"name":"Amnesty International","@id":"https:\/\/www.pressenza.com\/it\/#\/schema\/person\/9b981b05c7ecf09292e6acb3223b2d9d"},"headline":"Patrick Zaki: 50 piazze attenderanno l\u2019esito dell\u2019udienza del 7 dicembre","datePublished":"2021-12-04T17:57:20+00:00","dateModified":"2021-12-04T18:01:04+00:00","mainEntityOfPage":{"@id":"https:\/\/www.pressenza.com\/it\/2021\/12\/patrick-zaki-50-piazze-attenderanno-lesito-delludienza-del-7-dicembre\/"},"wordCount":249,"publisher":{"@id":"https:\/\/www.pressenza.com\/it\/#organization"},"image":{"@id":"https:\/\/www.pressenza.com\/it\/2021\/12\/patrick-zaki-50-piazze-attenderanno-lesito-delludienza-del-7-dicembre\/#primaryimage"},"thumbnailUrl":"https:\/\/www.pressenza.com\/wp-content\/uploads\/2021\/01\/Patrick-Zaki-disegno-rit.jpg","keywords":["Egitto","eventi","manifestazioni","Patrick Zaki","udienza 7 dicembre"],"articleSection":["Africa","Comunicati Stampa","Diritti Umani","Europa"],"inLanguage":"it-IT"},{"@type":"WebPage","@id":"https:\/\/www.pressenza.com\/it\/2021\/12\/patrick-zaki-50-piazze-attenderanno-lesito-delludienza-del-7-dicembre\/","url":"https:\/\/www.pressenza.com\/it\/2021\/12\/patrick-zaki-50-piazze-attenderanno-lesito-delludienza-del-7-dicembre\/","name":"Patrick Zaki: 50 piazze attenderanno l\u2019esito dell\u2019udienza del 7 dicembre","isPartOf":{"@id":"https:\/\/www.pressenza.com\/it\/#website"},"primaryImageOfPage":{"@id":"https:\/\/www.pressenza.com\/it\/2021\/12\/patrick-zaki-50-piazze-attenderanno-lesito-delludienza-del-7-dicembre\/#primaryimage"},"image":{"@id":"https:\/\/www.pressenza.com\/it\/2021\/12\/patrick-zaki-50-piazze-attenderanno-lesito-delludienza-del-7-dicembre\/#primaryimage"},"thumbnailUrl":"https:\/\/www.pressenza.com\/wp-content\/uploads\/2021\/01\/Patrick-Zaki-disegno-rit.jpg","datePublished":"2021-12-04T17:57:20+00:00","dateModified":"2021-12-04T18:01:04+00:00","description":"In occasione dell\u2019udienza di\u00a0Patrick Zaki\u00a0che si terr\u00e0\u00a0il 7 dicembre, le attiviste e gli attivisti di Amnesty International, nei giorni precedenti e in","breadcrumb":{"@id":"https:\/\/www.pressenza.com\/it\/2021\/12\/patrick-zaki-50-piazze-attenderanno-lesito-delludienza-del-7-dicembre\/#breadcrumb"},"inLanguage":"it-IT","potentialAction":[{"@type":"ReadAction","target":["https:\/\/www.pressenza.com\/it\/2021\/12\/patrick-zaki-50-piazze-attenderanno-lesito-delludienza-del-7-dicembre\/"]}]},{"@type":"ImageObject","inLanguage":"it-IT","@id":"https:\/\/www.pressenza.com\/it\/2021\/12\/patrick-zaki-50-piazze-attenderanno-lesito-delludienza-del-7-dicembre\/#primaryimage","url":"https:\/\/www.pressenza.com\/wp-content\/uploads\/2021\/01\/Patrick-Zaki-disegno-rit.jpg","contentUrl":"https:\/\/www.pressenza.com\/wp-content\/uploads\/2021\/01\/Patrick-Zaki-disegno-rit.jpg","width":958,"height":561},{"@type":"BreadcrumbList","@id":"https:\/\/www.pressenza.com\/it\/2021\/12\/patrick-zaki-50-piazze-attenderanno-lesito-delludienza-del-7-dicembre\/#breadcrumb","itemListElement":[{"@type":"ListItem","position":1,"name":"Accueil","item":"https:\/\/www.pressenza.com\/it\/"},{"@type":"ListItem","position":2,"name":"Patrick Zaki: 50 piazze attenderanno l\u2019esito dell\u2019udienza del 7 dicembre"}]},{"@type":"WebSite","@id":"https:\/\/www.pressenza.com\/it\/#website","url":"https:\/\/www.pressenza.com\/it\/","name":"Pressenza","description":"Agenzia di Stampa Internazionale","publisher":{"@id":"https:\/\/www.pressenza.com\/it\/#organization"},"potentialAction":[{"@type":"SearchAction","target":{"@type":"EntryPoint","urlTemplate":"https:\/\/www.pressenza.com\/it\/?s={search_term_string}"},"query-input":{"@type":"PropertyValueSpecification","valueRequired":true,"valueName":"search_term_string"}}],"inLanguage":"it-IT"},{"@type":"Organization","@id":"https:\/\/www.pressenza.com\/it\/#organization","name":"Pressenza","url":"https:\/\/www.pressenza.com\/it\/","logo":{"@type":"ImageObject","inLanguage":"it-IT","@id":"https:\/\/www.pressenza.com\/it\/#\/schema\/logo\/image\/","url":"https:\/\/www.pressenza.com\/wp-content\/uploads\/2022\/10\/pressenza_logo_200x200.jpg","contentUrl":"https:\/\/www.pressenza.com\/wp-content\/uploads\/2022\/10\/pressenza_logo_200x200.jpg","width":200,"height":200,"caption":"Pressenza"},"image":{"@id":"https:\/\/www.pressenza.com\/it\/#\/schema\/logo\/image\/"},"sameAs":["https:\/\/www.facebook.com\/PressenzaItalia","https:\/\/x.com\/PressenzaIPA"]},{"@type":"Person","@id":"https:\/\/www.pressenza.com\/it\/#\/schema\/person\/9b981b05c7ecf09292e6acb3223b2d9d","name":"Amnesty International","description":"Amnesty International is a global movement of more than 3 million supporters, members and activists in over 150 countries and territories who campaign to end grave abuses of human rights. Our vision is for every person to enjoy all the rights enshrined in the Universal Declaration of Human Rights and other international human rights standards. www.amnesty.org","sameAs":["http:\/\/www.amnesty.it","https:\/\/www.facebook.com\/amnestyglobal","https:\/\/x.com\/amnesty"],"url":"https:\/\/www.pressenza.com\/it\/author\/amnesty-international\/"}]}},"place":"","original_article_url":"","_links":{"self":[{"href":"https:\/\/www.pressenza.com\/it\/wp-json\/wp\/v2\/posts\/1482886","targetHints":{"allow":["GET"]}}],"collection":[{"href":"https:\/\/www.pressenza.com\/it\/wp-json\/wp\/v2\/posts"}],"about":[{"href":"https:\/\/www.pressenza.com\/it\/wp-json\/wp\/v2\/types\/post"}],"author":[{"embeddable":true,"href":"https:\/\/www.pressenza.com\/it\/wp-json\/wp\/v2\/users\/432"}],"replies":[{"embeddable":true,"href":"https:\/\/www.pressenza.com\/it\/wp-json\/wp\/v2\/comments?post=1482886"}],"version-history":[{"count":0,"href":"https:\/\/www.pressenza.com\/it\/wp-json\/wp\/v2\/posts\/1482886\/revisions"}],"wp:featuredmedia":[{"embeddable":true,"href":"https:\/\/www.pressenza.com\/it\/wp-json\/wp\/v2\/media\/1281086"}],"wp:attachment":[{"href":"https:\/\/www.pressenza.com\/it\/wp-json\/wp\/v2\/media?parent=1482886"}],"wp:term":[{"taxonomy":"category","embeddable":true,"href":"https:\/\/www.pressenza.com\/it\/wp-json\/wp\/v2\/categories?post=1482886"},{"taxonomy":"post_tag","embeddable":true,"href":"https:\/\/www.pressenza.com\/it\/wp-json\/wp\/v2\/tags?post=1482886"}],"curies":[{"name":"wp","href":"https:\/\/api.w.org\/{rel}","templated":true}]}}