{"id":1482764,"date":"2021-12-04T08:43:38","date_gmt":"2021-12-04T08:43:38","guid":{"rendered":"https:\/\/www.pressenza.com\/?p=1482764"},"modified":"2021-12-04T08:46:23","modified_gmt":"2021-12-04T08:46:23","slug":"arrestato-turi-vaccaro","status":"publish","type":"post","link":"https:\/\/www.pressenza.com\/it\/2021\/12\/arrestato-turi-vaccaro\/","title":{"rendered":"Arrestato Turi Vaccaro"},"content":{"rendered":"<p>Nel pomeriggio di gioved\u00ec 2 dicembre Turi Vaccaro \u00e8 stato arrestato dalla polizia ferroviaria di Firenze. Dicono che deve scontare un residuo di pena di 5 mesi, pi\u00f9 altri due mesi di arresto. Turi \u00e8 stato trasferito presso il carcere di Sollicciano.<\/p>\n<p>Nei confronti di Turi, pacifista integrale e conseguente, \u00e8 in atto un vero e proprio accanimento; la persecuzione nei suoi confronti \u00e8 in atto in ogni parte d\u2019Italia. Oltre tutto Turi \u00e8 malato ed \u00e8 reduce da un ricovero ospedaliero in Sicilia, da cui \u00e8 uscito molto provato.<\/p>\n<p>Il Movimento NO MUOS esprime tutta la massima solidariet\u00e0 al compagno e invita i movimenti e gli attivisti contro la guerra e contro le sopraffazioni del capitale a chiedere e lottare per la sua liberazione immediata.<\/p>\n<p>Contro la repressione la solidariet\u00e0 \u00e8 un&#8217;arma.<\/p>\n<p>Turi libero, Emilio libero, tutti e tutte liberi!<\/p>\n<p>Movimento NO MUOS<\/p>\n","protected":false},"excerpt":{"rendered":"<p>Nel pomeriggio di gioved\u00ec 2 dicembre Turi Vaccaro \u00e8 stato arrestato dalla polizia ferroviaria di Firenze. Dicono che deve scontare un residuo di pena di 5 mesi, pi\u00f9 altri due mesi di arresto. Turi \u00e8 stato trasferito presso il carcere&hellip;<\/p>\n","protected":false},"author":594,"featured_media":1482766,"comment_status":"closed","ping_status":"closed","sticky":false,"template":"","format":"standard","meta":{"footnotes":""},"categories":[47,1263],"tags":[8380,2997,1634,14621],"class_list":["post-1482764","post","type-post","status-publish","format-standard","has-post-thumbnail","hentry","category-europa","category-pace-disarmo","tag-arresto","tag-no-muos","tag-solidarieta","tag-turi-vaccaro"],"yoast_head":"<!-- This site is optimized with the Yoast SEO plugin v27.1.1 - https:\/\/yoast.com\/product\/yoast-seo-wordpress\/ -->\n<title>Arrestato Turi Vaccaro<\/title>\n<meta name=\"description\" content=\"Nel pomeriggio di gioved\u00ec 2 dicembre Turi Vaccaro \u00e8 stato arrestato dalla polizia ferroviaria di Firenze. Dicono che deve scontare un residuo di pena di 5\" \/>\n<meta name=\"robots\" content=\"index, follow, max-snippet:-1, max-image-preview:large, max-video-preview:-1\" \/>\n<link rel=\"canonical\" href=\"https:\/\/www.pressenza.com\/it\/2021\/12\/arrestato-turi-vaccaro\/\" \/>\n<meta property=\"og:locale\" content=\"it_IT\" \/>\n<meta property=\"og:type\" content=\"article\" \/>\n<meta property=\"og:title\" content=\"Arrestato Turi Vaccaro\" \/>\n<meta property=\"og:description\" content=\"Nel pomeriggio di gioved\u00ec 2 dicembre Turi Vaccaro \u00e8 stato arrestato dalla polizia ferroviaria di Firenze. Dicono che deve scontare un residuo di pena di 5\" \/>\n<meta property=\"og:url\" content=\"https:\/\/www.pressenza.com\/it\/2021\/12\/arrestato-turi-vaccaro\/\" \/>\n<meta property=\"og:site_name\" content=\"Pressenza\" \/>\n<meta property=\"article:publisher\" content=\"https:\/\/www.facebook.com\/PressenzaItalia\" \/>\n<meta property=\"article:author\" content=\"https:\/\/www.facebook.com\/PressenzaItalia\" \/>\n<meta property=\"article:published_time\" content=\"2021-12-04T08:43:38+00:00\" \/>\n<meta property=\"article:modified_time\" content=\"2021-12-04T08:46:23+00:00\" \/>\n<meta property=\"og:image\" content=\"https:\/\/www.pressenza.com\/wp-content\/uploads\/2021\/12\/Turi-libero.jpg\" \/>\n\t<meta property=\"og:image:width\" content=\"633\" \/>\n\t<meta property=\"og:image:height\" content=\"558\" \/>\n\t<meta property=\"og:image:type\" content=\"image\/jpeg\" \/>\n<meta name=\"author\" content=\"Redazione Italia\" \/>\n<meta name=\"twitter:card\" content=\"summary_large_image\" \/>\n<meta name=\"twitter:creator\" content=\"@pressenza_it\" \/>\n<meta name=\"twitter:site\" content=\"@PressenzaIPA\" \/>\n<meta name=\"twitter:label1\" content=\"Scritto da\" \/>\n\t<meta name=\"twitter:data1\" content=\"Redazione Italia\" \/>\n\t<meta name=\"twitter:label2\" content=\"Tempo di lettura stimato\" \/>\n\t<meta name=\"twitter:data2\" content=\"1 minuto\" \/>\n<script type=\"application\/ld+json\" class=\"yoast-schema-graph\">{\"@context\":\"https:\/\/schema.org\",\"@graph\":[{\"@type\":\"Article\",\"@id\":\"https:\/\/www.pressenza.com\/it\/2021\/12\/arrestato-turi-vaccaro\/#article\",\"isPartOf\":{\"@id\":\"https:\/\/www.pressenza.com\/it\/2021\/12\/arrestato-turi-vaccaro\/\"},\"author\":{\"name\":\"Redazione Italia\",\"@id\":\"https:\/\/www.pressenza.com\/it\/#\/schema\/person\/d983e81827ae24f2c7b1a2123d197f8d\"},\"headline\":\"Arrestato Turi Vaccaro\",\"datePublished\":\"2021-12-04T08:43:38+00:00\",\"dateModified\":\"2021-12-04T08:46:23+00:00\",\"mainEntityOfPage\":{\"@id\":\"https:\/\/www.pressenza.com\/it\/2021\/12\/arrestato-turi-vaccaro\/\"},\"wordCount\":139,\"publisher\":{\"@id\":\"https:\/\/www.pressenza.com\/it\/#organization\"},\"image\":{\"@id\":\"https:\/\/www.pressenza.com\/it\/2021\/12\/arrestato-turi-vaccaro\/#primaryimage\"},\"thumbnailUrl\":\"https:\/\/www.pressenza.com\/wp-content\/uploads\/2021\/12\/Turi-libero.jpg\",\"keywords\":[\"arresto\",\"No Muos\",\"solidariet\u00e0\",\"Turi Vaccaro\"],\"articleSection\":[\"Europa\",\"Pace e Disarmo\"],\"inLanguage\":\"it-IT\"},{\"@type\":\"WebPage\",\"@id\":\"https:\/\/www.pressenza.com\/it\/2021\/12\/arrestato-turi-vaccaro\/\",\"url\":\"https:\/\/www.pressenza.com\/it\/2021\/12\/arrestato-turi-vaccaro\/\",\"name\":\"Arrestato Turi Vaccaro\",\"isPartOf\":{\"@id\":\"https:\/\/www.pressenza.com\/it\/#website\"},\"primaryImageOfPage\":{\"@id\":\"https:\/\/www.pressenza.com\/it\/2021\/12\/arrestato-turi-vaccaro\/#primaryimage\"},\"image\":{\"@id\":\"https:\/\/www.pressenza.com\/it\/2021\/12\/arrestato-turi-vaccaro\/#primaryimage\"},\"thumbnailUrl\":\"https:\/\/www.pressenza.com\/wp-content\/uploads\/2021\/12\/Turi-libero.jpg\",\"datePublished\":\"2021-12-04T08:43:38+00:00\",\"dateModified\":\"2021-12-04T08:46:23+00:00\",\"description\":\"Nel pomeriggio di gioved\u00ec 2 dicembre Turi Vaccaro \u00e8 stato arrestato dalla polizia ferroviaria di Firenze. Dicono che deve scontare un residuo di pena di 5\",\"breadcrumb\":{\"@id\":\"https:\/\/www.pressenza.com\/it\/2021\/12\/arrestato-turi-vaccaro\/#breadcrumb\"},\"inLanguage\":\"it-IT\",\"potentialAction\":[{\"@type\":\"ReadAction\",\"target\":[\"https:\/\/www.pressenza.com\/it\/2021\/12\/arrestato-turi-vaccaro\/\"]}]},{\"@type\":\"ImageObject\",\"inLanguage\":\"it-IT\",\"@id\":\"https:\/\/www.pressenza.com\/it\/2021\/12\/arrestato-turi-vaccaro\/#primaryimage\",\"url\":\"https:\/\/www.pressenza.com\/wp-content\/uploads\/2021\/12\/Turi-libero.jpg\",\"contentUrl\":\"https:\/\/www.pressenza.com\/wp-content\/uploads\/2021\/12\/Turi-libero.jpg\",\"width\":633,\"height\":558},{\"@type\":\"BreadcrumbList\",\"@id\":\"https:\/\/www.pressenza.com\/it\/2021\/12\/arrestato-turi-vaccaro\/#breadcrumb\",\"itemListElement\":[{\"@type\":\"ListItem\",\"position\":1,\"name\":\"Accueil\",\"item\":\"https:\/\/www.pressenza.com\/it\/\"},{\"@type\":\"ListItem\",\"position\":2,\"name\":\"Arrestato Turi Vaccaro\"}]},{\"@type\":\"WebSite\",\"@id\":\"https:\/\/www.pressenza.com\/it\/#website\",\"url\":\"https:\/\/www.pressenza.com\/it\/\",\"name\":\"Pressenza\",\"description\":\"Agenzia di Stampa Internazionale\",\"publisher\":{\"@id\":\"https:\/\/www.pressenza.com\/it\/#organization\"},\"potentialAction\":[{\"@type\":\"SearchAction\",\"target\":{\"@type\":\"EntryPoint\",\"urlTemplate\":\"https:\/\/www.pressenza.com\/it\/?s={search_term_string}\"},\"query-input\":{\"@type\":\"PropertyValueSpecification\",\"valueRequired\":true,\"valueName\":\"search_term_string\"}}],\"inLanguage\":\"it-IT\"},{\"@type\":\"Organization\",\"@id\":\"https:\/\/www.pressenza.com\/it\/#organization\",\"name\":\"Pressenza\",\"url\":\"https:\/\/www.pressenza.com\/it\/\",\"logo\":{\"@type\":\"ImageObject\",\"inLanguage\":\"it-IT\",\"@id\":\"https:\/\/www.pressenza.com\/it\/#\/schema\/logo\/image\/\",\"url\":\"https:\/\/www.pressenza.com\/wp-content\/uploads\/2022\/10\/pressenza_logo_200x200.jpg\",\"contentUrl\":\"https:\/\/www.pressenza.com\/wp-content\/uploads\/2022\/10\/pressenza_logo_200x200.jpg\",\"width\":200,\"height\":200,\"caption\":\"Pressenza\"},\"image\":{\"@id\":\"https:\/\/www.pressenza.com\/it\/#\/schema\/logo\/image\/\"},\"sameAs\":[\"https:\/\/www.facebook.com\/PressenzaItalia\",\"https:\/\/x.com\/PressenzaIPA\"]},{\"@type\":\"Person\",\"@id\":\"https:\/\/www.pressenza.com\/it\/#\/schema\/person\/d983e81827ae24f2c7b1a2123d197f8d\",\"name\":\"Redazione Italia\",\"description\":\"News from the Pressenza Bureau in Italy\",\"sameAs\":[\"https:\/\/www.pressenza.com\/it\/author\/redazione-italia\/\",\"https:\/\/www.facebook.com\/PressenzaItalia\",\"https:\/\/www.instagram.com\/pressenza_italia\/\",\"https:\/\/x.com\/pressenza_it\",\"https:\/\/www.youtube.com\/channel\/UCSalEIWjE1RSxkwjfftFuqg\"],\"url\":\"https:\/\/www.pressenza.com\/it\/author\/redazione-italia\/\"}]}<\/script>\n<!-- \/ Yoast SEO plugin. -->","yoast_head_json":{"title":"Arrestato Turi Vaccaro","description":"Nel pomeriggio di gioved\u00ec 2 dicembre Turi Vaccaro \u00e8 stato arrestato dalla polizia ferroviaria di Firenze. Dicono che deve scontare un residuo di pena di 5","robots":{"index":"index","follow":"follow","max-snippet":"max-snippet:-1","max-image-preview":"max-image-preview:large","max-video-preview":"max-video-preview:-1"},"canonical":"https:\/\/www.pressenza.com\/it\/2021\/12\/arrestato-turi-vaccaro\/","og_locale":"it_IT","og_type":"article","og_title":"Arrestato Turi Vaccaro","og_description":"Nel pomeriggio di gioved\u00ec 2 dicembre Turi Vaccaro \u00e8 stato arrestato dalla polizia ferroviaria di Firenze. Dicono che deve scontare un residuo di pena di 5","og_url":"https:\/\/www.pressenza.com\/it\/2021\/12\/arrestato-turi-vaccaro\/","og_site_name":"Pressenza","article_publisher":"https:\/\/www.facebook.com\/PressenzaItalia","article_author":"https:\/\/www.facebook.com\/PressenzaItalia","article_published_time":"2021-12-04T08:43:38+00:00","article_modified_time":"2021-12-04T08:46:23+00:00","og_image":[{"width":633,"height":558,"url":"https:\/\/www.pressenza.com\/wp-content\/uploads\/2021\/12\/Turi-libero.jpg","type":"image\/jpeg"}],"author":"Redazione Italia","twitter_card":"summary_large_image","twitter_creator":"@pressenza_it","twitter_site":"@PressenzaIPA","twitter_misc":{"Scritto da":"Redazione Italia","Tempo di lettura stimato":"1 minuto"},"schema":{"@context":"https:\/\/schema.org","@graph":[{"@type":"Article","@id":"https:\/\/www.pressenza.com\/it\/2021\/12\/arrestato-turi-vaccaro\/#article","isPartOf":{"@id":"https:\/\/www.pressenza.com\/it\/2021\/12\/arrestato-turi-vaccaro\/"},"author":{"name":"Redazione Italia","@id":"https:\/\/www.pressenza.com\/it\/#\/schema\/person\/d983e81827ae24f2c7b1a2123d197f8d"},"headline":"Arrestato Turi Vaccaro","datePublished":"2021-12-04T08:43:38+00:00","dateModified":"2021-12-04T08:46:23+00:00","mainEntityOfPage":{"@id":"https:\/\/www.pressenza.com\/it\/2021\/12\/arrestato-turi-vaccaro\/"},"wordCount":139,"publisher":{"@id":"https:\/\/www.pressenza.com\/it\/#organization"},"image":{"@id":"https:\/\/www.pressenza.com\/it\/2021\/12\/arrestato-turi-vaccaro\/#primaryimage"},"thumbnailUrl":"https:\/\/www.pressenza.com\/wp-content\/uploads\/2021\/12\/Turi-libero.jpg","keywords":["arresto","No Muos","solidariet\u00e0","Turi Vaccaro"],"articleSection":["Europa","Pace e Disarmo"],"inLanguage":"it-IT"},{"@type":"WebPage","@id":"https:\/\/www.pressenza.com\/it\/2021\/12\/arrestato-turi-vaccaro\/","url":"https:\/\/www.pressenza.com\/it\/2021\/12\/arrestato-turi-vaccaro\/","name":"Arrestato Turi Vaccaro","isPartOf":{"@id":"https:\/\/www.pressenza.com\/it\/#website"},"primaryImageOfPage":{"@id":"https:\/\/www.pressenza.com\/it\/2021\/12\/arrestato-turi-vaccaro\/#primaryimage"},"image":{"@id":"https:\/\/www.pressenza.com\/it\/2021\/12\/arrestato-turi-vaccaro\/#primaryimage"},"thumbnailUrl":"https:\/\/www.pressenza.com\/wp-content\/uploads\/2021\/12\/Turi-libero.jpg","datePublished":"2021-12-04T08:43:38+00:00","dateModified":"2021-12-04T08:46:23+00:00","description":"Nel pomeriggio di gioved\u00ec 2 dicembre Turi Vaccaro \u00e8 stato arrestato dalla polizia ferroviaria di Firenze. Dicono che deve scontare un residuo di pena di 5","breadcrumb":{"@id":"https:\/\/www.pressenza.com\/it\/2021\/12\/arrestato-turi-vaccaro\/#breadcrumb"},"inLanguage":"it-IT","potentialAction":[{"@type":"ReadAction","target":["https:\/\/www.pressenza.com\/it\/2021\/12\/arrestato-turi-vaccaro\/"]}]},{"@type":"ImageObject","inLanguage":"it-IT","@id":"https:\/\/www.pressenza.com\/it\/2021\/12\/arrestato-turi-vaccaro\/#primaryimage","url":"https:\/\/www.pressenza.com\/wp-content\/uploads\/2021\/12\/Turi-libero.jpg","contentUrl":"https:\/\/www.pressenza.com\/wp-content\/uploads\/2021\/12\/Turi-libero.jpg","width":633,"height":558},{"@type":"BreadcrumbList","@id":"https:\/\/www.pressenza.com\/it\/2021\/12\/arrestato-turi-vaccaro\/#breadcrumb","itemListElement":[{"@type":"ListItem","position":1,"name":"Accueil","item":"https:\/\/www.pressenza.com\/it\/"},{"@type":"ListItem","position":2,"name":"Arrestato Turi Vaccaro"}]},{"@type":"WebSite","@id":"https:\/\/www.pressenza.com\/it\/#website","url":"https:\/\/www.pressenza.com\/it\/","name":"Pressenza","description":"Agenzia di Stampa Internazionale","publisher":{"@id":"https:\/\/www.pressenza.com\/it\/#organization"},"potentialAction":[{"@type":"SearchAction","target":{"@type":"EntryPoint","urlTemplate":"https:\/\/www.pressenza.com\/it\/?s={search_term_string}"},"query-input":{"@type":"PropertyValueSpecification","valueRequired":true,"valueName":"search_term_string"}}],"inLanguage":"it-IT"},{"@type":"Organization","@id":"https:\/\/www.pressenza.com\/it\/#organization","name":"Pressenza","url":"https:\/\/www.pressenza.com\/it\/","logo":{"@type":"ImageObject","inLanguage":"it-IT","@id":"https:\/\/www.pressenza.com\/it\/#\/schema\/logo\/image\/","url":"https:\/\/www.pressenza.com\/wp-content\/uploads\/2022\/10\/pressenza_logo_200x200.jpg","contentUrl":"https:\/\/www.pressenza.com\/wp-content\/uploads\/2022\/10\/pressenza_logo_200x200.jpg","width":200,"height":200,"caption":"Pressenza"},"image":{"@id":"https:\/\/www.pressenza.com\/it\/#\/schema\/logo\/image\/"},"sameAs":["https:\/\/www.facebook.com\/PressenzaItalia","https:\/\/x.com\/PressenzaIPA"]},{"@type":"Person","@id":"https:\/\/www.pressenza.com\/it\/#\/schema\/person\/d983e81827ae24f2c7b1a2123d197f8d","name":"Redazione Italia","description":"News from the Pressenza Bureau in Italy","sameAs":["https:\/\/www.pressenza.com\/it\/author\/redazione-italia\/","https:\/\/www.facebook.com\/PressenzaItalia","https:\/\/www.instagram.com\/pressenza_italia\/","https:\/\/x.com\/pressenza_it","https:\/\/www.youtube.com\/channel\/UCSalEIWjE1RSxkwjfftFuqg"],"url":"https:\/\/www.pressenza.com\/it\/author\/redazione-italia\/"}]}},"place":"","original_article_url":"","_links":{"self":[{"href":"https:\/\/www.pressenza.com\/it\/wp-json\/wp\/v2\/posts\/1482764","targetHints":{"allow":["GET"]}}],"collection":[{"href":"https:\/\/www.pressenza.com\/it\/wp-json\/wp\/v2\/posts"}],"about":[{"href":"https:\/\/www.pressenza.com\/it\/wp-json\/wp\/v2\/types\/post"}],"author":[{"embeddable":true,"href":"https:\/\/www.pressenza.com\/it\/wp-json\/wp\/v2\/users\/594"}],"replies":[{"embeddable":true,"href":"https:\/\/www.pressenza.com\/it\/wp-json\/wp\/v2\/comments?post=1482764"}],"version-history":[{"count":0,"href":"https:\/\/www.pressenza.com\/it\/wp-json\/wp\/v2\/posts\/1482764\/revisions"}],"wp:featuredmedia":[{"embeddable":true,"href":"https:\/\/www.pressenza.com\/it\/wp-json\/wp\/v2\/media\/1482766"}],"wp:attachment":[{"href":"https:\/\/www.pressenza.com\/it\/wp-json\/wp\/v2\/media?parent=1482764"}],"wp:term":[{"taxonomy":"category","embeddable":true,"href":"https:\/\/www.pressenza.com\/it\/wp-json\/wp\/v2\/categories?post=1482764"},{"taxonomy":"post_tag","embeddable":true,"href":"https:\/\/www.pressenza.com\/it\/wp-json\/wp\/v2\/tags?post=1482764"}],"curies":[{"name":"wp","href":"https:\/\/api.w.org\/{rel}","templated":true}]}}