{"id":1481598,"date":"2021-12-01T21:44:52","date_gmt":"2021-12-01T21:44:52","guid":{"rendered":"https:\/\/www.pressenza.com\/?p=1481598"},"modified":"2021-12-03T16:16:21","modified_gmt":"2021-12-03T16:16:21","slug":"la-mostra-dei-mostri-in-egitto","status":"publish","type":"post","link":"https:\/\/www.pressenza.com\/it\/2021\/12\/la-mostra-dei-mostri-in-egitto\/","title":{"rendered":"La mostra dei mostri in Egitto"},"content":{"rendered":"<p>Vi ricordate l\u2019omicidio di Giulio Regeni e la carcerazione immotivata dal 7 febbraio 2020 dello studente dell\u2019universit\u00e0 di Bologna Patrick Zaki in Egitto? Voi s\u00ec, l\u2019industria della morte italiana invece no e non si fa scrupolo di essere presente a Egypt Defence Expo, l\u2019esposizione internazionale delle industrie di guerra, che si chiude oggi al Cairo con il patrocinio del presidente Abdel Fattah Al-Sisi, del Ministero della difesa e del Comando Supremo delle forze armate egiziane. L\u2019industria bellica italiana \u00e8 presente in grande spolvero a uno degli appuntamenti pi\u00f9 importanti per i 400 espositori provenienti da 42 paesi, enorme vetrina delle ultime tecnologie in materia di difesa e armamenti, accanto alla presenza di delegazioni ufficiali di dignitari di 45 paesi, molte delegazioni militari e pi\u00f9 di 30.000 visitatori. Il 29 novembre l\u2019inaugurazione a questa seconda edizione, con la benedizione di al-Sisi.<\/p>\n<p>La propaganda del regime egiziano fa sapere che la mostra lancia le nuove armi egiziane con la partecipazione del Ministero della Difesa, del Ministero della produzione militare, dell\u2019Organizzazione araba per l\u2019industrializzazione, della Arab International Optronics Company, dell\u2019Arsenale navale egiziano, della Marine Industries and Services Organization, della Organizzazione dei progetti di servizio nazionale e complesso industriale di ingegneria dei veicoli. Il ministro della Difesa egiziano Mohamed Zaki ha affermato che \u201cLa pace ha bisogno di potenziali e capacit\u00e0 per essere protetta e mantenuta\u201d. E\u2019 un vecchio ritornello: incrementare l\u2019industria della morte per portare la pace. In effetti quando saremo tutti morti \u00e8 probabile che prevarr\u00e0 la pace. Nel frattempo, Italia in testa, continuiamo ad armare dittature e regimi tirannici che non si fanno scrupolo di usare le armi per terrorizzare e sterminare popolazioni civili e oppositori politici.<\/p>\n<p>Su <em>Africa Express<\/em> il puntuale Antonio Mazzeo ricapitola la presenza italiana alla mostra dei mostri. A partire da Fincantieri, che ha proprio l\u2019Egitto tra i suoi \u201cmigliori\u201d clienti, a cui ha piazzato due fregate multimissione FREMM (classe Bergamini), ammodernate ed equipaggiate nel cantiere navale di Muggiano-La Spezia, per un incasso di 2 miliardi di euro. Ma l\u2019esposizione sar\u00e0 un\u2019occasione per i nostri piazzisti di concludere la trattativa in corso per fornire agli egiziani altre quattro fregate multi missione e una ventina di pattugliatori d\u2019altura. C\u2019\u00e8 poi naturalmente la Leonardo, ex Finmeccanica, che dal 2017 ha esportato al Cairo 32 elicotteri AgustaWestland, 24 di tipo AW149 multiruolo e 8 AW189, per un valore complessivo di 871,7 milioni di euro. Anche per Leonardo l\u2019esposizione \u00e8 un\u2019occasione per concludere una trattativa, precisamente quella che riguarda la fornitura di 24 cacciabombardieri Eurofighter \u201cTyphoon\u201d.<\/p>\n<p>C\u2019\u00e8 poi MBDA, il maggiore consorzio industriale missilistico europeo controllato per il 25% da Leonardo, che ha venduto all\u2019Egitto cinquanta missili da crociera a lungo raggio \u201cSCALP\u201d per armare i cacciabombardieri Rafale ed Eurofighter \u201cTyphoon\u201d e i sistemi missilistici superficie-aria VL-MICA SAM ad uso navale. Non poteva mancare Elettronica spa, specializzata in sistemi di difesa e attacco elettronici, cyber security, tecnologie elettro-ottiche e a infrarossi, apparecchiature di sorveglianza e intelligence, con applicazioni in ambito navale a terrestre. Il \u201cgioiellino\u201d che Elettronica presenta in Egitto \u00e8 il sistema anti-drone ARIAN, progettato per le operazioni di supporto elettromagnetico, e i sistemi Stand-Off Jammer e Stand-In Jammer. C\u2019\u00e8 poi Intermarine, che ha sede a La Spezia, controllata tramite Immsi dalla famiglia Colaninno. Intermarine progetta, costruisce ed equipaggia cacciamine, imbarcazioni d\u2019assalto, pattugliatori veloci, navi logistiche e da trasporto.<\/p>\n<p>E\u2019 presente la Iveco Defence Vehicles, sede a Bolzano, produttrice di carri armati, veicoli blindati, motori, componentistica per automezzi da difesa, automezzi per le forze di sicurezza e la protezione civile. C\u2019\u00e8 la Polomarconi, sede a Verona e produzione a Bergamo, specializzata nella progettazione e produzione di antenne mono e multi band, sistemi elettronici avanzati, software, apparecchiature per il controllo del traffico aereo, specializzata quindi nelle comunicazioni navali per applicazioni militari. A chiudere c\u2019\u00e8 la Cristanini di Verona, specializzata in prodotti di chimica-biologica-radiologica-nucleare, in collaborazione con alcuni istituti universitari, tra cui il Dipartimento di Ingegneria Chimica dell\u2019Universit\u00e0 di Padova.<\/p>\n<p>Il nostro governo continua a intrattenere relazioni idilliache con un regime che cinque giorni fa ha condannato a morte 22 jihadisti e applicato condanne all\u2019ergastolo per altri 118 imputati. Dal colpo di Stato di Al Sisi di luglio 2013, l\u2019Unione Europea e i suoi singoli Stati hanno chiuso entrambi gli occhi sulla continua violazione dei diritti umani in Egitto.\u00a0 Anzi, da quel momento Il Cairo \u00e8 diventato un mercato di competizione importante e redditizio nella gara a chi gli vendeva pi\u00f9 armi. Eppure Al Sisi \u00e8 ritenuto dall\u2019Italia un elemento stabilizzatore nell\u2019area. Una stabilit\u00e0 alimentata dalla nostra industria militare in barba a qualsiasi considerazione sui diritti civili e democratici, un\u2019ipocrisia che per le fabbriche di morte italiana significa introiti illimitati a discapito della vita umana.<\/p>\n","protected":false},"excerpt":{"rendered":"<p>Vi ricordate l\u2019omicidio di Giulio Regeni e la carcerazione immotivata dal 7 febbraio 2020 dello studente dell\u2019universit\u00e0 di Bologna Patrick Zaki in Egitto? Voi s\u00ec, l\u2019industria della morte italiana invece no e non si fa scrupolo di essere presente a&hellip;<\/p>\n","protected":false},"author":1335,"featured_media":1481602,"comment_status":"closed","ping_status":"closed","sticky":false,"template":"","format":"standard","meta":{"footnotes":""},"categories":[45,47,1263],"tags":[6381,36102,2827,97292],"class_list":["post-1481598","post","type-post","status-publish","format-standard","has-post-thumbnail","hentry","category-africa-it","category-europa","category-pace-disarmo","tag-al-sisi","tag-armi-italiane","tag-egitto","tag-mostra-delle-industrie-di-guerra"],"yoast_head":"<!-- This site is optimized with the Yoast SEO plugin v27.1.1 - https:\/\/yoast.com\/product\/yoast-seo-wordpress\/ -->\n<title>La mostra dei mostri in Egitto<\/title>\n<meta name=\"description\" content=\"Vi ricordate l\u2019omicidio di Giulio Regeni e la carcerazione immotivata dal 7 febbraio 2020 dello studente dell\u2019universit\u00e0 di Bologna Patrick Zaki in\" \/>\n<meta name=\"robots\" content=\"index, follow, max-snippet:-1, max-image-preview:large, max-video-preview:-1\" \/>\n<link rel=\"canonical\" href=\"https:\/\/www.pressenza.com\/it\/2021\/12\/la-mostra-dei-mostri-in-egitto\/\" \/>\n<meta property=\"og:locale\" content=\"it_IT\" \/>\n<meta property=\"og:type\" content=\"article\" \/>\n<meta property=\"og:title\" content=\"La mostra dei mostri in Egitto\" \/>\n<meta property=\"og:description\" content=\"Vi ricordate l\u2019omicidio di Giulio Regeni e la carcerazione immotivata dal 7 febbraio 2020 dello studente dell\u2019universit\u00e0 di Bologna Patrick Zaki in\" \/>\n<meta property=\"og:url\" content=\"https:\/\/www.pressenza.com\/it\/2021\/12\/la-mostra-dei-mostri-in-egitto\/\" \/>\n<meta property=\"og:site_name\" content=\"Pressenza\" \/>\n<meta property=\"article:publisher\" content=\"https:\/\/www.facebook.com\/PressenzaItalia\" \/>\n<meta property=\"article:published_time\" content=\"2021-12-01T21:44:52+00:00\" \/>\n<meta property=\"article:modified_time\" content=\"2021-12-03T16:16:21+00:00\" \/>\n<meta property=\"og:image\" content=\"https:\/\/www.pressenza.com\/wp-content\/uploads\/2021\/12\/Cimitero-militare.jpeg\" \/>\n\t<meta property=\"og:image:width\" content=\"820\" \/>\n\t<meta property=\"og:image:height\" content=\"540\" \/>\n\t<meta property=\"og:image:type\" content=\"image\/jpeg\" \/>\n<meta name=\"author\" content=\"La Bottega del Barbieri\" \/>\n<meta name=\"twitter:card\" content=\"summary_large_image\" \/>\n<meta name=\"twitter:creator\" content=\"@PressenzaIPA\" \/>\n<meta name=\"twitter:site\" content=\"@PressenzaIPA\" \/>\n<meta name=\"twitter:label1\" content=\"Scritto da\" \/>\n\t<meta name=\"twitter:data1\" content=\"La Bottega del Barbieri\" \/>\n\t<meta name=\"twitter:label2\" content=\"Tempo di lettura stimato\" \/>\n\t<meta name=\"twitter:data2\" content=\"4 minuti\" \/>\n<script type=\"application\/ld+json\" class=\"yoast-schema-graph\">{\"@context\":\"https:\/\/schema.org\",\"@graph\":[{\"@type\":\"Article\",\"@id\":\"https:\/\/www.pressenza.com\/it\/2021\/12\/la-mostra-dei-mostri-in-egitto\/#article\",\"isPartOf\":{\"@id\":\"https:\/\/www.pressenza.com\/it\/2021\/12\/la-mostra-dei-mostri-in-egitto\/\"},\"author\":{\"name\":\"La Bottega del Barbieri\",\"@id\":\"https:\/\/www.pressenza.com\/it\/#\/schema\/person\/e576885f1ff4ec20998ad9987486da44\"},\"headline\":\"La mostra dei mostri in Egitto\",\"datePublished\":\"2021-12-01T21:44:52+00:00\",\"dateModified\":\"2021-12-03T16:16:21+00:00\",\"mainEntityOfPage\":{\"@id\":\"https:\/\/www.pressenza.com\/it\/2021\/12\/la-mostra-dei-mostri-in-egitto\/\"},\"wordCount\":779,\"publisher\":{\"@id\":\"https:\/\/www.pressenza.com\/it\/#organization\"},\"image\":{\"@id\":\"https:\/\/www.pressenza.com\/it\/2021\/12\/la-mostra-dei-mostri-in-egitto\/#primaryimage\"},\"thumbnailUrl\":\"https:\/\/www.pressenza.com\/wp-content\/uploads\/2021\/12\/Cimitero-militare.jpeg\",\"keywords\":[\"Al-Sisi\",\"armi italiane\",\"Egitto\",\"mostra delle industrie di guerra\"],\"articleSection\":[\"Africa\",\"Europa\",\"Pace e Disarmo\"],\"inLanguage\":\"it-IT\"},{\"@type\":\"WebPage\",\"@id\":\"https:\/\/www.pressenza.com\/it\/2021\/12\/la-mostra-dei-mostri-in-egitto\/\",\"url\":\"https:\/\/www.pressenza.com\/it\/2021\/12\/la-mostra-dei-mostri-in-egitto\/\",\"name\":\"La mostra dei mostri in Egitto\",\"isPartOf\":{\"@id\":\"https:\/\/www.pressenza.com\/it\/#website\"},\"primaryImageOfPage\":{\"@id\":\"https:\/\/www.pressenza.com\/it\/2021\/12\/la-mostra-dei-mostri-in-egitto\/#primaryimage\"},\"image\":{\"@id\":\"https:\/\/www.pressenza.com\/it\/2021\/12\/la-mostra-dei-mostri-in-egitto\/#primaryimage\"},\"thumbnailUrl\":\"https:\/\/www.pressenza.com\/wp-content\/uploads\/2021\/12\/Cimitero-militare.jpeg\",\"datePublished\":\"2021-12-01T21:44:52+00:00\",\"dateModified\":\"2021-12-03T16:16:21+00:00\",\"description\":\"Vi ricordate l\u2019omicidio di Giulio Regeni e la carcerazione immotivata dal 7 febbraio 2020 dello studente dell\u2019universit\u00e0 di Bologna Patrick Zaki in\",\"breadcrumb\":{\"@id\":\"https:\/\/www.pressenza.com\/it\/2021\/12\/la-mostra-dei-mostri-in-egitto\/#breadcrumb\"},\"inLanguage\":\"it-IT\",\"potentialAction\":[{\"@type\":\"ReadAction\",\"target\":[\"https:\/\/www.pressenza.com\/it\/2021\/12\/la-mostra-dei-mostri-in-egitto\/\"]}]},{\"@type\":\"ImageObject\",\"inLanguage\":\"it-IT\",\"@id\":\"https:\/\/www.pressenza.com\/it\/2021\/12\/la-mostra-dei-mostri-in-egitto\/#primaryimage\",\"url\":\"https:\/\/www.pressenza.com\/wp-content\/uploads\/2021\/12\/Cimitero-militare.jpeg\",\"contentUrl\":\"https:\/\/www.pressenza.com\/wp-content\/uploads\/2021\/12\/Cimitero-militare.jpeg\",\"width\":820,\"height\":540},{\"@type\":\"BreadcrumbList\",\"@id\":\"https:\/\/www.pressenza.com\/it\/2021\/12\/la-mostra-dei-mostri-in-egitto\/#breadcrumb\",\"itemListElement\":[{\"@type\":\"ListItem\",\"position\":1,\"name\":\"Accueil\",\"item\":\"https:\/\/www.pressenza.com\/it\/\"},{\"@type\":\"ListItem\",\"position\":2,\"name\":\"La mostra dei mostri in Egitto\"}]},{\"@type\":\"WebSite\",\"@id\":\"https:\/\/www.pressenza.com\/it\/#website\",\"url\":\"https:\/\/www.pressenza.com\/it\/\",\"name\":\"Pressenza\",\"description\":\"Agenzia di Stampa Internazionale\",\"publisher\":{\"@id\":\"https:\/\/www.pressenza.com\/it\/#organization\"},\"potentialAction\":[{\"@type\":\"SearchAction\",\"target\":{\"@type\":\"EntryPoint\",\"urlTemplate\":\"https:\/\/www.pressenza.com\/it\/?s={search_term_string}\"},\"query-input\":{\"@type\":\"PropertyValueSpecification\",\"valueRequired\":true,\"valueName\":\"search_term_string\"}}],\"inLanguage\":\"it-IT\"},{\"@type\":\"Organization\",\"@id\":\"https:\/\/www.pressenza.com\/it\/#organization\",\"name\":\"Pressenza\",\"url\":\"https:\/\/www.pressenza.com\/it\/\",\"logo\":{\"@type\":\"ImageObject\",\"inLanguage\":\"it-IT\",\"@id\":\"https:\/\/www.pressenza.com\/it\/#\/schema\/logo\/image\/\",\"url\":\"https:\/\/www.pressenza.com\/wp-content\/uploads\/2022\/10\/pressenza_logo_200x200.jpg\",\"contentUrl\":\"https:\/\/www.pressenza.com\/wp-content\/uploads\/2022\/10\/pressenza_logo_200x200.jpg\",\"width\":200,\"height\":200,\"caption\":\"Pressenza\"},\"image\":{\"@id\":\"https:\/\/www.pressenza.com\/it\/#\/schema\/logo\/image\/\"},\"sameAs\":[\"https:\/\/www.facebook.com\/PressenzaItalia\",\"https:\/\/x.com\/PressenzaIPA\"]},{\"@type\":\"Person\",\"@id\":\"https:\/\/www.pressenza.com\/it\/#\/schema\/person\/e576885f1ff4ec20998ad9987486da44\",\"name\":\"La Bottega del Barbieri\",\"description\":\"Il Blog di Daniele Barbieri &amp; altr* www.labottegadelbarbieri.org\",\"sameAs\":[\"http:\/\/www.labottegadelbarbieri.org\"],\"url\":\"https:\/\/www.pressenza.com\/it\/author\/la-bottega-del-barbieri\/\"}]}<\/script>\n<!-- \/ Yoast SEO plugin. -->","yoast_head_json":{"title":"La mostra dei mostri in Egitto","description":"Vi ricordate l\u2019omicidio di Giulio Regeni e la carcerazione immotivata dal 7 febbraio 2020 dello studente dell\u2019universit\u00e0 di Bologna Patrick Zaki in","robots":{"index":"index","follow":"follow","max-snippet":"max-snippet:-1","max-image-preview":"max-image-preview:large","max-video-preview":"max-video-preview:-1"},"canonical":"https:\/\/www.pressenza.com\/it\/2021\/12\/la-mostra-dei-mostri-in-egitto\/","og_locale":"it_IT","og_type":"article","og_title":"La mostra dei mostri in Egitto","og_description":"Vi ricordate l\u2019omicidio di Giulio Regeni e la carcerazione immotivata dal 7 febbraio 2020 dello studente dell\u2019universit\u00e0 di Bologna Patrick Zaki in","og_url":"https:\/\/www.pressenza.com\/it\/2021\/12\/la-mostra-dei-mostri-in-egitto\/","og_site_name":"Pressenza","article_publisher":"https:\/\/www.facebook.com\/PressenzaItalia","article_published_time":"2021-12-01T21:44:52+00:00","article_modified_time":"2021-12-03T16:16:21+00:00","og_image":[{"width":820,"height":540,"url":"https:\/\/www.pressenza.com\/wp-content\/uploads\/2021\/12\/Cimitero-militare.jpeg","type":"image\/jpeg"}],"author":"La Bottega del Barbieri","twitter_card":"summary_large_image","twitter_creator":"@PressenzaIPA","twitter_site":"@PressenzaIPA","twitter_misc":{"Scritto da":"La Bottega del Barbieri","Tempo di lettura stimato":"4 minuti"},"schema":{"@context":"https:\/\/schema.org","@graph":[{"@type":"Article","@id":"https:\/\/www.pressenza.com\/it\/2021\/12\/la-mostra-dei-mostri-in-egitto\/#article","isPartOf":{"@id":"https:\/\/www.pressenza.com\/it\/2021\/12\/la-mostra-dei-mostri-in-egitto\/"},"author":{"name":"La Bottega del Barbieri","@id":"https:\/\/www.pressenza.com\/it\/#\/schema\/person\/e576885f1ff4ec20998ad9987486da44"},"headline":"La mostra dei mostri in Egitto","datePublished":"2021-12-01T21:44:52+00:00","dateModified":"2021-12-03T16:16:21+00:00","mainEntityOfPage":{"@id":"https:\/\/www.pressenza.com\/it\/2021\/12\/la-mostra-dei-mostri-in-egitto\/"},"wordCount":779,"publisher":{"@id":"https:\/\/www.pressenza.com\/it\/#organization"},"image":{"@id":"https:\/\/www.pressenza.com\/it\/2021\/12\/la-mostra-dei-mostri-in-egitto\/#primaryimage"},"thumbnailUrl":"https:\/\/www.pressenza.com\/wp-content\/uploads\/2021\/12\/Cimitero-militare.jpeg","keywords":["Al-Sisi","armi italiane","Egitto","mostra delle industrie di guerra"],"articleSection":["Africa","Europa","Pace e Disarmo"],"inLanguage":"it-IT"},{"@type":"WebPage","@id":"https:\/\/www.pressenza.com\/it\/2021\/12\/la-mostra-dei-mostri-in-egitto\/","url":"https:\/\/www.pressenza.com\/it\/2021\/12\/la-mostra-dei-mostri-in-egitto\/","name":"La mostra dei mostri in Egitto","isPartOf":{"@id":"https:\/\/www.pressenza.com\/it\/#website"},"primaryImageOfPage":{"@id":"https:\/\/www.pressenza.com\/it\/2021\/12\/la-mostra-dei-mostri-in-egitto\/#primaryimage"},"image":{"@id":"https:\/\/www.pressenza.com\/it\/2021\/12\/la-mostra-dei-mostri-in-egitto\/#primaryimage"},"thumbnailUrl":"https:\/\/www.pressenza.com\/wp-content\/uploads\/2021\/12\/Cimitero-militare.jpeg","datePublished":"2021-12-01T21:44:52+00:00","dateModified":"2021-12-03T16:16:21+00:00","description":"Vi ricordate l\u2019omicidio di Giulio Regeni e la carcerazione immotivata dal 7 febbraio 2020 dello studente dell\u2019universit\u00e0 di Bologna Patrick Zaki in","breadcrumb":{"@id":"https:\/\/www.pressenza.com\/it\/2021\/12\/la-mostra-dei-mostri-in-egitto\/#breadcrumb"},"inLanguage":"it-IT","potentialAction":[{"@type":"ReadAction","target":["https:\/\/www.pressenza.com\/it\/2021\/12\/la-mostra-dei-mostri-in-egitto\/"]}]},{"@type":"ImageObject","inLanguage":"it-IT","@id":"https:\/\/www.pressenza.com\/it\/2021\/12\/la-mostra-dei-mostri-in-egitto\/#primaryimage","url":"https:\/\/www.pressenza.com\/wp-content\/uploads\/2021\/12\/Cimitero-militare.jpeg","contentUrl":"https:\/\/www.pressenza.com\/wp-content\/uploads\/2021\/12\/Cimitero-militare.jpeg","width":820,"height":540},{"@type":"BreadcrumbList","@id":"https:\/\/www.pressenza.com\/it\/2021\/12\/la-mostra-dei-mostri-in-egitto\/#breadcrumb","itemListElement":[{"@type":"ListItem","position":1,"name":"Accueil","item":"https:\/\/www.pressenza.com\/it\/"},{"@type":"ListItem","position":2,"name":"La mostra dei mostri in Egitto"}]},{"@type":"WebSite","@id":"https:\/\/www.pressenza.com\/it\/#website","url":"https:\/\/www.pressenza.com\/it\/","name":"Pressenza","description":"Agenzia di Stampa Internazionale","publisher":{"@id":"https:\/\/www.pressenza.com\/it\/#organization"},"potentialAction":[{"@type":"SearchAction","target":{"@type":"EntryPoint","urlTemplate":"https:\/\/www.pressenza.com\/it\/?s={search_term_string}"},"query-input":{"@type":"PropertyValueSpecification","valueRequired":true,"valueName":"search_term_string"}}],"inLanguage":"it-IT"},{"@type":"Organization","@id":"https:\/\/www.pressenza.com\/it\/#organization","name":"Pressenza","url":"https:\/\/www.pressenza.com\/it\/","logo":{"@type":"ImageObject","inLanguage":"it-IT","@id":"https:\/\/www.pressenza.com\/it\/#\/schema\/logo\/image\/","url":"https:\/\/www.pressenza.com\/wp-content\/uploads\/2022\/10\/pressenza_logo_200x200.jpg","contentUrl":"https:\/\/www.pressenza.com\/wp-content\/uploads\/2022\/10\/pressenza_logo_200x200.jpg","width":200,"height":200,"caption":"Pressenza"},"image":{"@id":"https:\/\/www.pressenza.com\/it\/#\/schema\/logo\/image\/"},"sameAs":["https:\/\/www.facebook.com\/PressenzaItalia","https:\/\/x.com\/PressenzaIPA"]},{"@type":"Person","@id":"https:\/\/www.pressenza.com\/it\/#\/schema\/person\/e576885f1ff4ec20998ad9987486da44","name":"La Bottega del Barbieri","description":"Il Blog di Daniele Barbieri &amp; altr* www.labottegadelbarbieri.org","sameAs":["http:\/\/www.labottegadelbarbieri.org"],"url":"https:\/\/www.pressenza.com\/it\/author\/la-bottega-del-barbieri\/"}]}},"place":"Gianluca Cicinelli","original_article_url":"https:\/\/www.labottegadelbarbieri.org\/la-mostra-dei-mostri-in-egitto\/","_links":{"self":[{"href":"https:\/\/www.pressenza.com\/it\/wp-json\/wp\/v2\/posts\/1481598","targetHints":{"allow":["GET"]}}],"collection":[{"href":"https:\/\/www.pressenza.com\/it\/wp-json\/wp\/v2\/posts"}],"about":[{"href":"https:\/\/www.pressenza.com\/it\/wp-json\/wp\/v2\/types\/post"}],"author":[{"embeddable":true,"href":"https:\/\/www.pressenza.com\/it\/wp-json\/wp\/v2\/users\/1335"}],"replies":[{"embeddable":true,"href":"https:\/\/www.pressenza.com\/it\/wp-json\/wp\/v2\/comments?post=1481598"}],"version-history":[{"count":0,"href":"https:\/\/www.pressenza.com\/it\/wp-json\/wp\/v2\/posts\/1481598\/revisions"}],"wp:featuredmedia":[{"embeddable":true,"href":"https:\/\/www.pressenza.com\/it\/wp-json\/wp\/v2\/media\/1481602"}],"wp:attachment":[{"href":"https:\/\/www.pressenza.com\/it\/wp-json\/wp\/v2\/media?parent=1481598"}],"wp:term":[{"taxonomy":"category","embeddable":true,"href":"https:\/\/www.pressenza.com\/it\/wp-json\/wp\/v2\/categories?post=1481598"},{"taxonomy":"post_tag","embeddable":true,"href":"https:\/\/www.pressenza.com\/it\/wp-json\/wp\/v2\/tags?post=1481598"}],"curies":[{"name":"wp","href":"https:\/\/api.w.org\/{rel}","templated":true}]}}