{"id":1480655,"date":"2021-11-30T16:32:18","date_gmt":"2021-11-30T16:32:18","guid":{"rendered":"https:\/\/www.pressenza.com\/?p=1480655"},"modified":"2021-11-30T16:36:49","modified_gmt":"2021-11-30T16:36:49","slug":"lancio-della-tenda-antinucleare-di-mobilitazione-per-la-tassonomia-ue","status":"publish","type":"post","link":"https:\/\/www.pressenza.com\/it\/2021\/11\/lancio-della-tenda-antinucleare-di-mobilitazione-per-la-tassonomia-ue\/","title":{"rendered":"Lancio della Tenda Antinucleare di mobilitazione per la tassonomia UE"},"content":{"rendered":"<div dir=\"auto\">\n<div>\n<div class=\"gmail_quote\">\n<div dir=\"ltr\">\n<div dir=\"ltr\">\n<div>Alle 14:30 del primo dicembre, allo SCUP di Roma, conferenza stampa.<\/div>\n<div><\/div>\n<div>Ci mobilitiamo dal 1 al 7 dicembre, alla vigilia della decisione prevista sulla tassonomia UE, in una settimana antinucleare che include anche un un gazebo davanti al MITE (Ministero della transizione ecologica) di Roma.<\/div>\n<div><\/div>\n<div>La settimana antinucleare \u00e8 indetta per opporci al primo passo per il ritorno del nucleare in Italia: la tassonomia UE, nella sua articolazione tecnica relativa all&#8217;aspetto climatico, inserisce l&#8217;atomo, ma anche il gas e il sequestro di carbonio, tra i percorsi &#8220;transizionali&#8221; per la decarbonizzazione.<\/div>\n<div>In ogni caso, oltre la visuale ristrettamente nazionale, \u00e8 l&#8217;Europa intera, contro il nucleare civile e militare, che deve adottare una linea seria per contribuire a salvare l&#8217;umanit\u00e0 e il clima, senza buttare ulteriore inquinamento sul fuoco del Pianeta che brucia&#8230;<\/div>\n<div>Il governo italiano deve rispettare il mandato popolare di rigetto di ogni rischio nucleare ricevuto dai referendum (del 1987 e del 2011) e i manifestanti della Tenda si propongono come strumenti dell&#8217;attuazione di questi pronunciamenti della democrazia diretta: non deve essere avallato un mistificatorio timbro di sostenibilit\u00e0 a fonti e tecnologie antiecologiche, permettendo che enormi flussi finanziari si indirizzino verso di esse con garanzia e sovvenzioni pubbliche, cio\u00e8 con i nostri soldi di contribuenti.<\/div>\n<div>La Tenda delle cittadine e dei cittadini sar\u00e0 una struttura fisica i giorni 2-4-5-6 dicembre ma la concepiamo essenzialmente come una cornice per un festival delle idee e delle proposte trasmissibili attraverso i social.<\/div>\n<div>Ogni giorno proponiamo un tema da sviluppare, e tra i relatori possiamo annoverare Alex Zanotelli, Mario Agostinelli, Massimo Scalia, Vittorio Bardi, Antonio De Lellis, Luigi Mosca, e altri autorevoli attivisti e esperti.<\/div>\n<div>Per il 1 dicembre la nostra proposta \u00e8 di sviluppare il tema dei rapporti tra nucleare civile e nucleare militare.<\/div>\n<div>Un dialogo dei promotori della iniziativa della Tenda (\u00a0<a href=\"https:\/\/www.petizioni.com\/rispettarereferendum\" target=\"_blank\" rel=\"noopener noreferrer\" data-saferedirecturl=\"https:\/\/www.google.com\/url?q=https:\/\/www.petizioni.com\/rispettarereferendum&amp;source=gmail&amp;ust=1638371291098000&amp;usg=AOvVaw2PRlexXB6FRpWGMfE4GYIx\">https:\/\/www.petizioni.com\/<wbr \/>rispettarereferendum<\/a>\u00a0&#8211; link da cliccare anche per maggiori info) con la nuova generazione di attivisti ecopacifisti si terr\u00e0 il 1 dicembre, dalle ore 18:00 alle ore 20:00.<\/div>\n<div>Protagonista dell&#8217;incontro: Moni Ovadia, in video conferenza che affianca gli organizzatori in presenza Disarmisti esigenti (Alfonso Navarra), WILPF Italia (Patrizia Sterpetti) e Coordinamento antinucleare europeo (Ennio Cabiddu).<\/div>\n<div>La location dell&#8217;evento \u00e8 in un centro sociale occupato di Roma, lo SCUP di via Stazione Tuscolana 84 (scelto tra quelli sotto la spada di Damocle di uno sfratto imminente). Avremo tra i relatori, via telefono, lo scienziato Luigi Mosca da Parigi e Elio Pagani di Abbasso la guerra. Antonia Sani, di WILPF Italia, relaziona sul trattato di proibizione delle armi nucleari da far ratificare anche dall&#8217;Italia, nonostante l&#8217;opposizione della NATO.<\/div>\n<div><\/div>\n<div>Info: Alfonso Navarra (portavoce dei Disarmisti esigenti) &#8211; cellulare 340-0736871<\/div>\n<div>\u00a0 \u00a0 \u00a0 Patrizia Sterpetti (presidente WILPF Italia) &#8211; cellulare 320-7825395<\/div>\n<div>\u00a0 \u00a0 \u00a0 \u00a0 Ennio Cabiddu (Coordinamento antinucleare europeo) &#8211; cellulare 366-6535384<\/div>\n<\/div>\n<\/div>\n<\/div>\n<\/div>\n<\/div>\n<p>&nbsp;<\/p>\n<p><span style=\"color: #888888;\">&#8211;<\/span><\/p>\n","protected":false},"excerpt":{"rendered":"<p>Alle 14:30 del primo dicembre, allo SCUP di Roma, conferenza stampa. Ci mobilitiamo dal 1 al 7 dicembre, alla vigilia della decisione prevista sulla tassonomia UE, in una settimana antinucleare che include anche un un gazebo davanti al MITE (Ministero&hellip;<\/p>\n","protected":false},"author":1452,"featured_media":1470389,"comment_status":"closed","ping_status":"closed","sticky":false,"template":"","format":"standard","meta":{"footnotes":""},"categories":[150,59,47],"tags":[30903,331,96792],"class_list":["post-1480655","post","type-post","status-publish","format-standard","has-post-thumbnail","hentry","category-comunicati-stampa","category-ambiente-ecologia","category-europa","tag-disarmisti-esigenti","tag-nucleare","tag-tassonomia-ue"],"yoast_head":"<!-- This site is optimized with the Yoast SEO plugin v27.1.1 - https:\/\/yoast.com\/product\/yoast-seo-wordpress\/ -->\n<title>Lancio della Tenda Antinucleare di mobilitazione per la tassonomia UE<\/title>\n<meta name=\"description\" content=\"Alle 14:30 del primo dicembre, allo SCUP di Roma, conferenza stampa. Ci mobilitiamo dal 1 al 7 dicembre, alla vigilia della decisione prevista sulla\" \/>\n<meta name=\"robots\" content=\"index, follow, max-snippet:-1, max-image-preview:large, max-video-preview:-1\" \/>\n<link rel=\"canonical\" href=\"https:\/\/www.pressenza.com\/it\/2021\/11\/lancio-della-tenda-antinucleare-di-mobilitazione-per-la-tassonomia-ue\/\" \/>\n<meta property=\"og:locale\" content=\"it_IT\" \/>\n<meta property=\"og:type\" content=\"article\" \/>\n<meta property=\"og:title\" content=\"Lancio della Tenda Antinucleare di mobilitazione per la tassonomia UE\" \/>\n<meta property=\"og:description\" content=\"Alle 14:30 del primo dicembre, allo SCUP di Roma, conferenza stampa. Ci mobilitiamo dal 1 al 7 dicembre, alla vigilia della decisione prevista sulla\" \/>\n<meta property=\"og:url\" content=\"https:\/\/www.pressenza.com\/it\/2021\/11\/lancio-della-tenda-antinucleare-di-mobilitazione-per-la-tassonomia-ue\/\" \/>\n<meta property=\"og:site_name\" content=\"Pressenza\" \/>\n<meta property=\"article:publisher\" content=\"https:\/\/www.facebook.com\/PressenzaItalia\" \/>\n<meta property=\"article:published_time\" content=\"2021-11-30T16:32:18+00:00\" \/>\n<meta property=\"article:modified_time\" content=\"2021-11-30T16:36:49+00:00\" \/>\n<meta property=\"og:image\" content=\"https:\/\/www.pressenza.com\/wp-content\/uploads\/2021\/11\/darsena-12-nov-2021-3-disarmisti-esigenti.jpg\" \/>\n\t<meta property=\"og:image:width\" content=\"900\" \/>\n\t<meta property=\"og:image:height\" content=\"675\" \/>\n\t<meta property=\"og:image:type\" content=\"image\/jpeg\" \/>\n<meta name=\"author\" content=\"Disarmisti Esigenti\" \/>\n<meta name=\"twitter:card\" content=\"summary_large_image\" \/>\n<meta name=\"twitter:creator\" content=\"@PressenzaIPA\" \/>\n<meta name=\"twitter:site\" content=\"@PressenzaIPA\" \/>\n<meta name=\"twitter:label1\" content=\"Scritto da\" \/>\n\t<meta name=\"twitter:data1\" content=\"Disarmisti Esigenti\" \/>\n\t<meta name=\"twitter:label2\" content=\"Tempo di lettura stimato\" \/>\n\t<meta name=\"twitter:data2\" content=\"2 minuti\" \/>\n<script type=\"application\/ld+json\" class=\"yoast-schema-graph\">{\"@context\":\"https:\/\/schema.org\",\"@graph\":[{\"@type\":\"Article\",\"@id\":\"https:\/\/www.pressenza.com\/it\/2021\/11\/lancio-della-tenda-antinucleare-di-mobilitazione-per-la-tassonomia-ue\/#article\",\"isPartOf\":{\"@id\":\"https:\/\/www.pressenza.com\/it\/2021\/11\/lancio-della-tenda-antinucleare-di-mobilitazione-per-la-tassonomia-ue\/\"},\"author\":{\"name\":\"Disarmisti Esigenti\",\"@id\":\"https:\/\/www.pressenza.com\/it\/#\/schema\/person\/35a0043ce67eb5a09d8642f19c8b517c\"},\"headline\":\"Lancio della Tenda Antinucleare di mobilitazione per la tassonomia UE\",\"datePublished\":\"2021-11-30T16:32:18+00:00\",\"dateModified\":\"2021-11-30T16:36:49+00:00\",\"mainEntityOfPage\":{\"@id\":\"https:\/\/www.pressenza.com\/it\/2021\/11\/lancio-della-tenda-antinucleare-di-mobilitazione-per-la-tassonomia-ue\/\"},\"wordCount\":462,\"publisher\":{\"@id\":\"https:\/\/www.pressenza.com\/it\/#organization\"},\"image\":{\"@id\":\"https:\/\/www.pressenza.com\/it\/2021\/11\/lancio-della-tenda-antinucleare-di-mobilitazione-per-la-tassonomia-ue\/#primaryimage\"},\"thumbnailUrl\":\"https:\/\/www.pressenza.com\/wp-content\/uploads\/2021\/11\/darsena-12-nov-2021-3-disarmisti-esigenti.jpg\",\"keywords\":[\"Disarmisti esigenti\",\"nucleare\",\"tassonomia UE\"],\"articleSection\":[\"Comunicati Stampa\",\"Ecologia ed Ambiente\",\"Europa\"],\"inLanguage\":\"it-IT\"},{\"@type\":\"WebPage\",\"@id\":\"https:\/\/www.pressenza.com\/it\/2021\/11\/lancio-della-tenda-antinucleare-di-mobilitazione-per-la-tassonomia-ue\/\",\"url\":\"https:\/\/www.pressenza.com\/it\/2021\/11\/lancio-della-tenda-antinucleare-di-mobilitazione-per-la-tassonomia-ue\/\",\"name\":\"Lancio della Tenda Antinucleare di mobilitazione per la tassonomia UE\",\"isPartOf\":{\"@id\":\"https:\/\/www.pressenza.com\/it\/#website\"},\"primaryImageOfPage\":{\"@id\":\"https:\/\/www.pressenza.com\/it\/2021\/11\/lancio-della-tenda-antinucleare-di-mobilitazione-per-la-tassonomia-ue\/#primaryimage\"},\"image\":{\"@id\":\"https:\/\/www.pressenza.com\/it\/2021\/11\/lancio-della-tenda-antinucleare-di-mobilitazione-per-la-tassonomia-ue\/#primaryimage\"},\"thumbnailUrl\":\"https:\/\/www.pressenza.com\/wp-content\/uploads\/2021\/11\/darsena-12-nov-2021-3-disarmisti-esigenti.jpg\",\"datePublished\":\"2021-11-30T16:32:18+00:00\",\"dateModified\":\"2021-11-30T16:36:49+00:00\",\"description\":\"Alle 14:30 del primo dicembre, allo SCUP di Roma, conferenza stampa. Ci mobilitiamo dal 1 al 7 dicembre, alla vigilia della decisione prevista sulla\",\"breadcrumb\":{\"@id\":\"https:\/\/www.pressenza.com\/it\/2021\/11\/lancio-della-tenda-antinucleare-di-mobilitazione-per-la-tassonomia-ue\/#breadcrumb\"},\"inLanguage\":\"it-IT\",\"potentialAction\":[{\"@type\":\"ReadAction\",\"target\":[\"https:\/\/www.pressenza.com\/it\/2021\/11\/lancio-della-tenda-antinucleare-di-mobilitazione-per-la-tassonomia-ue\/\"]}]},{\"@type\":\"ImageObject\",\"inLanguage\":\"it-IT\",\"@id\":\"https:\/\/www.pressenza.com\/it\/2021\/11\/lancio-della-tenda-antinucleare-di-mobilitazione-per-la-tassonomia-ue\/#primaryimage\",\"url\":\"https:\/\/www.pressenza.com\/wp-content\/uploads\/2021\/11\/darsena-12-nov-2021-3-disarmisti-esigenti.jpg\",\"contentUrl\":\"https:\/\/www.pressenza.com\/wp-content\/uploads\/2021\/11\/darsena-12-nov-2021-3-disarmisti-esigenti.jpg\",\"width\":900,\"height\":675},{\"@type\":\"BreadcrumbList\",\"@id\":\"https:\/\/www.pressenza.com\/it\/2021\/11\/lancio-della-tenda-antinucleare-di-mobilitazione-per-la-tassonomia-ue\/#breadcrumb\",\"itemListElement\":[{\"@type\":\"ListItem\",\"position\":1,\"name\":\"Accueil\",\"item\":\"https:\/\/www.pressenza.com\/it\/\"},{\"@type\":\"ListItem\",\"position\":2,\"name\":\"Lancio della Tenda Antinucleare di mobilitazione per la tassonomia UE\"}]},{\"@type\":\"WebSite\",\"@id\":\"https:\/\/www.pressenza.com\/it\/#website\",\"url\":\"https:\/\/www.pressenza.com\/it\/\",\"name\":\"Pressenza\",\"description\":\"Agenzia di Stampa Internazionale\",\"publisher\":{\"@id\":\"https:\/\/www.pressenza.com\/it\/#organization\"},\"potentialAction\":[{\"@type\":\"SearchAction\",\"target\":{\"@type\":\"EntryPoint\",\"urlTemplate\":\"https:\/\/www.pressenza.com\/it\/?s={search_term_string}\"},\"query-input\":{\"@type\":\"PropertyValueSpecification\",\"valueRequired\":true,\"valueName\":\"search_term_string\"}}],\"inLanguage\":\"it-IT\"},{\"@type\":\"Organization\",\"@id\":\"https:\/\/www.pressenza.com\/it\/#organization\",\"name\":\"Pressenza\",\"url\":\"https:\/\/www.pressenza.com\/it\/\",\"logo\":{\"@type\":\"ImageObject\",\"inLanguage\":\"it-IT\",\"@id\":\"https:\/\/www.pressenza.com\/it\/#\/schema\/logo\/image\/\",\"url\":\"https:\/\/www.pressenza.com\/wp-content\/uploads\/2022\/10\/pressenza_logo_200x200.jpg\",\"contentUrl\":\"https:\/\/www.pressenza.com\/wp-content\/uploads\/2022\/10\/pressenza_logo_200x200.jpg\",\"width\":200,\"height\":200,\"caption\":\"Pressenza\"},\"image\":{\"@id\":\"https:\/\/www.pressenza.com\/it\/#\/schema\/logo\/image\/\"},\"sameAs\":[\"https:\/\/www.facebook.com\/PressenzaItalia\",\"https:\/\/x.com\/PressenzaIPA\"]},{\"@type\":\"Person\",\"@id\":\"https:\/\/www.pressenza.com\/it\/#\/schema\/person\/35a0043ce67eb5a09d8642f19c8b517c\",\"name\":\"Disarmisti Esigenti\",\"description\":\"Coalizione sociale di organizzazioni, nonch\u00e9 di attiviste e attivisti e personalit\u00e0 nonviolente, stimolate dall'appello di St\u00e9phane Hessel ed Albert Jacquard ad \u201cesigere un disarmo nucleare totale\u201d; un accordo operativo che si costituisce come strumento culturale e politico per radicare anche in Italia la Campagna internazionale per l'abolizione delle armi nucleari. http:\/\/www.disarmistiesigenti.org\/\",\"sameAs\":[\"http:\/\/www.disarmistiesigenti.org\/\"],\"url\":\"https:\/\/www.pressenza.com\/it\/author\/disarmisti-esigenti\/\"}]}<\/script>\n<!-- \/ Yoast SEO plugin. -->","yoast_head_json":{"title":"Lancio della Tenda Antinucleare di mobilitazione per la tassonomia UE","description":"Alle 14:30 del primo dicembre, allo SCUP di Roma, conferenza stampa. Ci mobilitiamo dal 1 al 7 dicembre, alla vigilia della decisione prevista sulla","robots":{"index":"index","follow":"follow","max-snippet":"max-snippet:-1","max-image-preview":"max-image-preview:large","max-video-preview":"max-video-preview:-1"},"canonical":"https:\/\/www.pressenza.com\/it\/2021\/11\/lancio-della-tenda-antinucleare-di-mobilitazione-per-la-tassonomia-ue\/","og_locale":"it_IT","og_type":"article","og_title":"Lancio della Tenda Antinucleare di mobilitazione per la tassonomia UE","og_description":"Alle 14:30 del primo dicembre, allo SCUP di Roma, conferenza stampa. Ci mobilitiamo dal 1 al 7 dicembre, alla vigilia della decisione prevista sulla","og_url":"https:\/\/www.pressenza.com\/it\/2021\/11\/lancio-della-tenda-antinucleare-di-mobilitazione-per-la-tassonomia-ue\/","og_site_name":"Pressenza","article_publisher":"https:\/\/www.facebook.com\/PressenzaItalia","article_published_time":"2021-11-30T16:32:18+00:00","article_modified_time":"2021-11-30T16:36:49+00:00","og_image":[{"width":900,"height":675,"url":"https:\/\/www.pressenza.com\/wp-content\/uploads\/2021\/11\/darsena-12-nov-2021-3-disarmisti-esigenti.jpg","type":"image\/jpeg"}],"author":"Disarmisti Esigenti","twitter_card":"summary_large_image","twitter_creator":"@PressenzaIPA","twitter_site":"@PressenzaIPA","twitter_misc":{"Scritto da":"Disarmisti Esigenti","Tempo di lettura stimato":"2 minuti"},"schema":{"@context":"https:\/\/schema.org","@graph":[{"@type":"Article","@id":"https:\/\/www.pressenza.com\/it\/2021\/11\/lancio-della-tenda-antinucleare-di-mobilitazione-per-la-tassonomia-ue\/#article","isPartOf":{"@id":"https:\/\/www.pressenza.com\/it\/2021\/11\/lancio-della-tenda-antinucleare-di-mobilitazione-per-la-tassonomia-ue\/"},"author":{"name":"Disarmisti Esigenti","@id":"https:\/\/www.pressenza.com\/it\/#\/schema\/person\/35a0043ce67eb5a09d8642f19c8b517c"},"headline":"Lancio della Tenda Antinucleare di mobilitazione per la tassonomia UE","datePublished":"2021-11-30T16:32:18+00:00","dateModified":"2021-11-30T16:36:49+00:00","mainEntityOfPage":{"@id":"https:\/\/www.pressenza.com\/it\/2021\/11\/lancio-della-tenda-antinucleare-di-mobilitazione-per-la-tassonomia-ue\/"},"wordCount":462,"publisher":{"@id":"https:\/\/www.pressenza.com\/it\/#organization"},"image":{"@id":"https:\/\/www.pressenza.com\/it\/2021\/11\/lancio-della-tenda-antinucleare-di-mobilitazione-per-la-tassonomia-ue\/#primaryimage"},"thumbnailUrl":"https:\/\/www.pressenza.com\/wp-content\/uploads\/2021\/11\/darsena-12-nov-2021-3-disarmisti-esigenti.jpg","keywords":["Disarmisti esigenti","nucleare","tassonomia UE"],"articleSection":["Comunicati Stampa","Ecologia ed Ambiente","Europa"],"inLanguage":"it-IT"},{"@type":"WebPage","@id":"https:\/\/www.pressenza.com\/it\/2021\/11\/lancio-della-tenda-antinucleare-di-mobilitazione-per-la-tassonomia-ue\/","url":"https:\/\/www.pressenza.com\/it\/2021\/11\/lancio-della-tenda-antinucleare-di-mobilitazione-per-la-tassonomia-ue\/","name":"Lancio della Tenda Antinucleare di mobilitazione per la tassonomia UE","isPartOf":{"@id":"https:\/\/www.pressenza.com\/it\/#website"},"primaryImageOfPage":{"@id":"https:\/\/www.pressenza.com\/it\/2021\/11\/lancio-della-tenda-antinucleare-di-mobilitazione-per-la-tassonomia-ue\/#primaryimage"},"image":{"@id":"https:\/\/www.pressenza.com\/it\/2021\/11\/lancio-della-tenda-antinucleare-di-mobilitazione-per-la-tassonomia-ue\/#primaryimage"},"thumbnailUrl":"https:\/\/www.pressenza.com\/wp-content\/uploads\/2021\/11\/darsena-12-nov-2021-3-disarmisti-esigenti.jpg","datePublished":"2021-11-30T16:32:18+00:00","dateModified":"2021-11-30T16:36:49+00:00","description":"Alle 14:30 del primo dicembre, allo SCUP di Roma, conferenza stampa. Ci mobilitiamo dal 1 al 7 dicembre, alla vigilia della decisione prevista sulla","breadcrumb":{"@id":"https:\/\/www.pressenza.com\/it\/2021\/11\/lancio-della-tenda-antinucleare-di-mobilitazione-per-la-tassonomia-ue\/#breadcrumb"},"inLanguage":"it-IT","potentialAction":[{"@type":"ReadAction","target":["https:\/\/www.pressenza.com\/it\/2021\/11\/lancio-della-tenda-antinucleare-di-mobilitazione-per-la-tassonomia-ue\/"]}]},{"@type":"ImageObject","inLanguage":"it-IT","@id":"https:\/\/www.pressenza.com\/it\/2021\/11\/lancio-della-tenda-antinucleare-di-mobilitazione-per-la-tassonomia-ue\/#primaryimage","url":"https:\/\/www.pressenza.com\/wp-content\/uploads\/2021\/11\/darsena-12-nov-2021-3-disarmisti-esigenti.jpg","contentUrl":"https:\/\/www.pressenza.com\/wp-content\/uploads\/2021\/11\/darsena-12-nov-2021-3-disarmisti-esigenti.jpg","width":900,"height":675},{"@type":"BreadcrumbList","@id":"https:\/\/www.pressenza.com\/it\/2021\/11\/lancio-della-tenda-antinucleare-di-mobilitazione-per-la-tassonomia-ue\/#breadcrumb","itemListElement":[{"@type":"ListItem","position":1,"name":"Accueil","item":"https:\/\/www.pressenza.com\/it\/"},{"@type":"ListItem","position":2,"name":"Lancio della Tenda Antinucleare di mobilitazione per la tassonomia UE"}]},{"@type":"WebSite","@id":"https:\/\/www.pressenza.com\/it\/#website","url":"https:\/\/www.pressenza.com\/it\/","name":"Pressenza","description":"Agenzia di Stampa Internazionale","publisher":{"@id":"https:\/\/www.pressenza.com\/it\/#organization"},"potentialAction":[{"@type":"SearchAction","target":{"@type":"EntryPoint","urlTemplate":"https:\/\/www.pressenza.com\/it\/?s={search_term_string}"},"query-input":{"@type":"PropertyValueSpecification","valueRequired":true,"valueName":"search_term_string"}}],"inLanguage":"it-IT"},{"@type":"Organization","@id":"https:\/\/www.pressenza.com\/it\/#organization","name":"Pressenza","url":"https:\/\/www.pressenza.com\/it\/","logo":{"@type":"ImageObject","inLanguage":"it-IT","@id":"https:\/\/www.pressenza.com\/it\/#\/schema\/logo\/image\/","url":"https:\/\/www.pressenza.com\/wp-content\/uploads\/2022\/10\/pressenza_logo_200x200.jpg","contentUrl":"https:\/\/www.pressenza.com\/wp-content\/uploads\/2022\/10\/pressenza_logo_200x200.jpg","width":200,"height":200,"caption":"Pressenza"},"image":{"@id":"https:\/\/www.pressenza.com\/it\/#\/schema\/logo\/image\/"},"sameAs":["https:\/\/www.facebook.com\/PressenzaItalia","https:\/\/x.com\/PressenzaIPA"]},{"@type":"Person","@id":"https:\/\/www.pressenza.com\/it\/#\/schema\/person\/35a0043ce67eb5a09d8642f19c8b517c","name":"Disarmisti Esigenti","description":"Coalizione sociale di organizzazioni, nonch\u00e9 di attiviste e attivisti e personalit\u00e0 nonviolente, stimolate dall'appello di St\u00e9phane Hessel ed Albert Jacquard ad \u201cesigere un disarmo nucleare totale\u201d; un accordo operativo che si costituisce come strumento culturale e politico per radicare anche in Italia la Campagna internazionale per l'abolizione delle armi nucleari. http:\/\/www.disarmistiesigenti.org\/","sameAs":["http:\/\/www.disarmistiesigenti.org\/"],"url":"https:\/\/www.pressenza.com\/it\/author\/disarmisti-esigenti\/"}]}},"place":"Roma","original_article_url":"","_links":{"self":[{"href":"https:\/\/www.pressenza.com\/it\/wp-json\/wp\/v2\/posts\/1480655","targetHints":{"allow":["GET"]}}],"collection":[{"href":"https:\/\/www.pressenza.com\/it\/wp-json\/wp\/v2\/posts"}],"about":[{"href":"https:\/\/www.pressenza.com\/it\/wp-json\/wp\/v2\/types\/post"}],"author":[{"embeddable":true,"href":"https:\/\/www.pressenza.com\/it\/wp-json\/wp\/v2\/users\/1452"}],"replies":[{"embeddable":true,"href":"https:\/\/www.pressenza.com\/it\/wp-json\/wp\/v2\/comments?post=1480655"}],"version-history":[{"count":0,"href":"https:\/\/www.pressenza.com\/it\/wp-json\/wp\/v2\/posts\/1480655\/revisions"}],"wp:featuredmedia":[{"embeddable":true,"href":"https:\/\/www.pressenza.com\/it\/wp-json\/wp\/v2\/media\/1470389"}],"wp:attachment":[{"href":"https:\/\/www.pressenza.com\/it\/wp-json\/wp\/v2\/media?parent=1480655"}],"wp:term":[{"taxonomy":"category","embeddable":true,"href":"https:\/\/www.pressenza.com\/it\/wp-json\/wp\/v2\/categories?post=1480655"},{"taxonomy":"post_tag","embeddable":true,"href":"https:\/\/www.pressenza.com\/it\/wp-json\/wp\/v2\/tags?post=1480655"}],"curies":[{"name":"wp","href":"https:\/\/api.w.org\/{rel}","templated":true}]}}