{"id":1479468,"date":"2021-11-28T19:44:03","date_gmt":"2021-11-28T19:44:03","guid":{"rendered":"https:\/\/www.pressenza.com\/?p=1479468"},"modified":"2021-11-28T19:48:23","modified_gmt":"2021-11-28T19:48:23","slug":"milano-presidio-al-pio-albergo-trivulzio-per-il-diritto-universale-alla-salute","status":"publish","type":"post","link":"https:\/\/www.pressenza.com\/it\/2021\/11\/milano-presidio-al-pio-albergo-trivulzio-per-il-diritto-universale-alla-salute\/","title":{"rendered":"Milano, presidio al Pio Albergo Trivulzio per il diritto universale alla salute"},"content":{"rendered":"<p>Sabato 27 novembre 2021 dalle 14,30 alle 16,30 si \u00e8 svolto davanti al Pio Albergo Trivulzio a Milano, il presidio organizzato dall\u2019Associazione Anchise (Comitato nazionale famiglie RSA RSD sanit\u00e0) e dal CDSA (Coordinamento nazionale per il diritto alla sanit\u00e0 degli anziani malati e non autosufficienti), a cui hanno aderito diverse realt\u00e0 associative, sindacali, comitati Parenti Ospiti prevalentemente lombarde, ma anche di altre regioni.<\/p>\n<p>La prima richiesta \u00e8 quella di ottenere \u201cverit\u00e0 e giustizia\u201d e quindi la NON archiviazione delle denunce dei parenti che hanno perso familiari ospiti nelle RSA durante l\u2019emergenza Covid-19. Le cause e responsabilit\u00e0 di quelle tragiche morti devono essere chiarite. La vicenda non deve rimanere nell\u2019ombra e nel mistero.<\/p>\n<p>Le RSA non vanno chiamate \u201cCase di Riposo\u201d, ma devono essere strutture sanitarie pubbliche, dove il paziente riceve tutte le cure necessarie, ma anche un\u2019assistenza pi\u00f9 umana che possa garantire agli anziani una vita dignitosa come persone e non come oggetti.<\/p>\n<p>Diritti e doveri degli operatori delle Rsa devono essere regolati dagli standard dei dipendenti della sanit\u00e0 pubblica e non con la normativa dei contratti delle Cooperative che mirano al profitto.<\/p>\n<p>Si richiede personale medico e infermieristico stabile e in misura adeguata a carichi di lavoro \u201cumani\u201d per il rispetto delle esigenze degli ospiti.<\/p>\n<p>Il governo deve stanziare \u201cinvestimenti pubblici straordinari\u201d a favore del diritto universale alla salute.<\/p>\n<p>Le leggi esistono, vanno solo applicate e migliorate. I lavoratori delle strutture e le persone ospiti devono conoscere i propri diritti.<\/p>\n<p>E\u2019 una battaglia regionale, ma che si estender\u00e0 a livello nazionale per scongiurare \u201cil funerale\u201d della sanit\u00e0 pubblica in senso ampio.<\/p>\n<div class=\"post-gallery\">\n\t\t\t<figure class=\"post-gallery-item\">\n\t\t\t\t<img decoding=\"async\" src=\"https:\/\/www.pressenza.com\/wp-content\/uploads\/2021\/11\/giustizia-x-i-morti-820x615.jpg\" loading=\"lazy\">\n\t\t\t\t<figcaption>\n\t\t\t\t\t\n\t\t\t\t<\/figcaption>\n\t\t\t<\/figure>\n\t\t\t<figure class=\"post-gallery-item\">\n\t\t\t\t<img decoding=\"async\" src=\"https:\/\/www.pressenza.com\/wp-content\/uploads\/2021\/11\/per-ricordare-820x596.jpg\" loading=\"lazy\">\n\t\t\t\t<figcaption>\n\t\t\t\t\t\n\t\t\t\t<\/figcaption>\n\t\t\t<\/figure>\n\t\t\t<figure class=\"post-gallery-item\">\n\t\t\t\t<img decoding=\"async\" src=\"https:\/\/www.pressenza.com\/wp-content\/uploads\/2021\/11\/RSA-820x615.jpg\" loading=\"lazy\">\n\t\t\t\t<figcaption>\n\t\t\t\t\t\n\t\t\t\t<\/figcaption>\n\t\t\t<\/figure>\n\t\t\t<figure class=\"post-gallery-item\">\n\t\t\t\t<img decoding=\"async\" src=\"https:\/\/www.pressenza.com\/wp-content\/uploads\/2021\/11\/striscioni-Trivulzio-820x615.jpg\" loading=\"lazy\">\n\t\t\t\t<figcaption>\n\t\t\t\t\t\n\t\t\t\t<\/figcaption>\n\t\t\t<\/figure>\n\t\t\t<figure class=\"post-gallery-item\">\n\t\t\t\t<img decoding=\"async\" src=\"https:\/\/www.pressenza.com\/wp-content\/uploads\/2021\/11\/verita-e-giustizia-820x615.jpg\" loading=\"lazy\">\n\t\t\t\t<figcaption>\n\t\t\t\t\t\n\t\t\t\t<\/figcaption>\n\t\t\t<\/figure><\/div>\n","protected":false},"excerpt":{"rendered":"<p>Sabato 27 novembre 2021 dalle 14,30 alle 16,30 si \u00e8 svolto davanti al Pio Albergo Trivulzio a Milano, il presidio organizzato dall\u2019Associazione Anchise (Comitato nazionale famiglie RSA RSD sanit\u00e0) e dal CDSA (Coordinamento nazionale per il diritto alla sanit\u00e0 degli&hellip;<\/p>\n","protected":false},"author":1722,"featured_media":1479469,"comment_status":"closed","ping_status":"closed","sticky":false,"template":"","format":"standard","meta":{"footnotes":""},"categories":[11388,47,5677,1259],"tags":[4339,97170,78647,9216,74565,52427],"class_list":["post-1479468","post","type-post","status-publish","format-standard","has-post-thumbnail","hentry","category-contenuti-originali","category-europa","category-fotoreportages","category-salute-argomento","tag-eventi","tag-morti-per-covid","tag-pio-albergo-trivulzio","tag-presidio","tag-rsa","tag-sanita-pubblica"],"yoast_head":"<!-- This site is optimized with the Yoast SEO plugin v27.1.1 - https:\/\/yoast.com\/product\/yoast-seo-wordpress\/ -->\n<title>Milano, presidio al Pio Albergo Trivulzio per il diritto universale alla salute<\/title>\n<meta name=\"description\" content=\"Sabato 27 novembre 2021 dalle 14,30 alle 16,30 si \u00e8 svolto davanti al Pio Albergo Trivulzio a Milano, il presidio organizzato dall\u2019Associazione Anchise\" \/>\n<meta name=\"robots\" content=\"index, follow, max-snippet:-1, max-image-preview:large, max-video-preview:-1\" \/>\n<link rel=\"canonical\" href=\"https:\/\/www.pressenza.com\/it\/2021\/11\/milano-presidio-al-pio-albergo-trivulzio-per-il-diritto-universale-alla-salute\/\" \/>\n<meta property=\"og:locale\" content=\"it_IT\" \/>\n<meta property=\"og:type\" content=\"article\" \/>\n<meta property=\"og:title\" content=\"Milano, presidio al Pio Albergo Trivulzio per il diritto universale alla salute\" \/>\n<meta property=\"og:description\" content=\"Sabato 27 novembre 2021 dalle 14,30 alle 16,30 si \u00e8 svolto davanti al Pio Albergo Trivulzio a Milano, il presidio organizzato dall\u2019Associazione Anchise\" \/>\n<meta property=\"og:url\" content=\"https:\/\/www.pressenza.com\/it\/2021\/11\/milano-presidio-al-pio-albergo-trivulzio-per-il-diritto-universale-alla-salute\/\" \/>\n<meta property=\"og:site_name\" content=\"Pressenza\" \/>\n<meta property=\"article:publisher\" content=\"https:\/\/www.facebook.com\/PressenzaItalia\" \/>\n<meta property=\"article:published_time\" content=\"2021-11-28T19:44:03+00:00\" \/>\n<meta property=\"article:modified_time\" content=\"2021-11-28T19:48:23+00:00\" \/>\n<meta property=\"og:image\" content=\"https:\/\/www.pressenza.com\/wp-content\/uploads\/2021\/11\/01-Anchise.jpg\" \/>\n\t<meta property=\"og:image:width\" content=\"1024\" \/>\n\t<meta property=\"og:image:height\" content=\"768\" \/>\n\t<meta property=\"og:image:type\" content=\"image\/jpeg\" \/>\n<meta name=\"author\" content=\"Redazione Milano\" \/>\n<meta name=\"twitter:card\" content=\"summary_large_image\" \/>\n<meta name=\"twitter:creator\" content=\"@PressenzaIPA\" \/>\n<meta name=\"twitter:site\" content=\"@PressenzaIPA\" \/>\n<meta name=\"twitter:label1\" content=\"Scritto da\" \/>\n\t<meta name=\"twitter:data1\" content=\"Redazione Milano\" \/>\n\t<meta name=\"twitter:label2\" content=\"Tempo di lettura stimato\" \/>\n\t<meta name=\"twitter:data2\" content=\"1 minuto\" \/>\n<script type=\"application\/ld+json\" class=\"yoast-schema-graph\">{\"@context\":\"https:\/\/schema.org\",\"@graph\":[{\"@type\":\"Article\",\"@id\":\"https:\/\/www.pressenza.com\/it\/2021\/11\/milano-presidio-al-pio-albergo-trivulzio-per-il-diritto-universale-alla-salute\/#article\",\"isPartOf\":{\"@id\":\"https:\/\/www.pressenza.com\/it\/2021\/11\/milano-presidio-al-pio-albergo-trivulzio-per-il-diritto-universale-alla-salute\/\"},\"author\":{\"name\":\"Redazione Milano\",\"@id\":\"https:\/\/www.pressenza.com\/it\/#\/schema\/person\/746fc8cdd6c8e3d918fb5714b3583e41\"},\"headline\":\"Milano, presidio al Pio Albergo Trivulzio per il diritto universale alla salute\",\"datePublished\":\"2021-11-28T19:44:03+00:00\",\"dateModified\":\"2021-11-28T19:48:23+00:00\",\"mainEntityOfPage\":{\"@id\":\"https:\/\/www.pressenza.com\/it\/2021\/11\/milano-presidio-al-pio-albergo-trivulzio-per-il-diritto-universale-alla-salute\/\"},\"wordCount\":274,\"publisher\":{\"@id\":\"https:\/\/www.pressenza.com\/it\/#organization\"},\"image\":{\"@id\":\"https:\/\/www.pressenza.com\/it\/2021\/11\/milano-presidio-al-pio-albergo-trivulzio-per-il-diritto-universale-alla-salute\/#primaryimage\"},\"thumbnailUrl\":\"https:\/\/www.pressenza.com\/wp-content\/uploads\/2021\/11\/01-Anchise.jpg\",\"keywords\":[\"eventi\",\"morti per covid\",\"Pio Albergo Trivulzio\",\"presidio\",\"RSA\",\"sanit\u00e0 pubblica\"],\"articleSection\":[\"contenuti originali\",\"Europa\",\"Fotoreportages\",\"Salute\"],\"inLanguage\":\"it-IT\"},{\"@type\":\"WebPage\",\"@id\":\"https:\/\/www.pressenza.com\/it\/2021\/11\/milano-presidio-al-pio-albergo-trivulzio-per-il-diritto-universale-alla-salute\/\",\"url\":\"https:\/\/www.pressenza.com\/it\/2021\/11\/milano-presidio-al-pio-albergo-trivulzio-per-il-diritto-universale-alla-salute\/\",\"name\":\"Milano, presidio al Pio Albergo Trivulzio per il diritto universale alla salute\",\"isPartOf\":{\"@id\":\"https:\/\/www.pressenza.com\/it\/#website\"},\"primaryImageOfPage\":{\"@id\":\"https:\/\/www.pressenza.com\/it\/2021\/11\/milano-presidio-al-pio-albergo-trivulzio-per-il-diritto-universale-alla-salute\/#primaryimage\"},\"image\":{\"@id\":\"https:\/\/www.pressenza.com\/it\/2021\/11\/milano-presidio-al-pio-albergo-trivulzio-per-il-diritto-universale-alla-salute\/#primaryimage\"},\"thumbnailUrl\":\"https:\/\/www.pressenza.com\/wp-content\/uploads\/2021\/11\/01-Anchise.jpg\",\"datePublished\":\"2021-11-28T19:44:03+00:00\",\"dateModified\":\"2021-11-28T19:48:23+00:00\",\"description\":\"Sabato 27 novembre 2021 dalle 14,30 alle 16,30 si \u00e8 svolto davanti al Pio Albergo Trivulzio a Milano, il presidio organizzato dall\u2019Associazione Anchise\",\"breadcrumb\":{\"@id\":\"https:\/\/www.pressenza.com\/it\/2021\/11\/milano-presidio-al-pio-albergo-trivulzio-per-il-diritto-universale-alla-salute\/#breadcrumb\"},\"inLanguage\":\"it-IT\",\"potentialAction\":[{\"@type\":\"ReadAction\",\"target\":[\"https:\/\/www.pressenza.com\/it\/2021\/11\/milano-presidio-al-pio-albergo-trivulzio-per-il-diritto-universale-alla-salute\/\"]}]},{\"@type\":\"ImageObject\",\"inLanguage\":\"it-IT\",\"@id\":\"https:\/\/www.pressenza.com\/it\/2021\/11\/milano-presidio-al-pio-albergo-trivulzio-per-il-diritto-universale-alla-salute\/#primaryimage\",\"url\":\"https:\/\/www.pressenza.com\/wp-content\/uploads\/2021\/11\/01-Anchise.jpg\",\"contentUrl\":\"https:\/\/www.pressenza.com\/wp-content\/uploads\/2021\/11\/01-Anchise.jpg\",\"width\":1024,\"height\":768},{\"@type\":\"BreadcrumbList\",\"@id\":\"https:\/\/www.pressenza.com\/it\/2021\/11\/milano-presidio-al-pio-albergo-trivulzio-per-il-diritto-universale-alla-salute\/#breadcrumb\",\"itemListElement\":[{\"@type\":\"ListItem\",\"position\":1,\"name\":\"Accueil\",\"item\":\"https:\/\/www.pressenza.com\/it\/\"},{\"@type\":\"ListItem\",\"position\":2,\"name\":\"Milano, presidio al Pio Albergo Trivulzio per il diritto universale alla salute\"}]},{\"@type\":\"WebSite\",\"@id\":\"https:\/\/www.pressenza.com\/it\/#website\",\"url\":\"https:\/\/www.pressenza.com\/it\/\",\"name\":\"Pressenza\",\"description\":\"Agenzia di Stampa Internazionale\",\"publisher\":{\"@id\":\"https:\/\/www.pressenza.com\/it\/#organization\"},\"potentialAction\":[{\"@type\":\"SearchAction\",\"target\":{\"@type\":\"EntryPoint\",\"urlTemplate\":\"https:\/\/www.pressenza.com\/it\/?s={search_term_string}\"},\"query-input\":{\"@type\":\"PropertyValueSpecification\",\"valueRequired\":true,\"valueName\":\"search_term_string\"}}],\"inLanguage\":\"it-IT\"},{\"@type\":\"Organization\",\"@id\":\"https:\/\/www.pressenza.com\/it\/#organization\",\"name\":\"Pressenza\",\"url\":\"https:\/\/www.pressenza.com\/it\/\",\"logo\":{\"@type\":\"ImageObject\",\"inLanguage\":\"it-IT\",\"@id\":\"https:\/\/www.pressenza.com\/it\/#\/schema\/logo\/image\/\",\"url\":\"https:\/\/www.pressenza.com\/wp-content\/uploads\/2022\/10\/pressenza_logo_200x200.jpg\",\"contentUrl\":\"https:\/\/www.pressenza.com\/wp-content\/uploads\/2022\/10\/pressenza_logo_200x200.jpg\",\"width\":200,\"height\":200,\"caption\":\"Pressenza\"},\"image\":{\"@id\":\"https:\/\/www.pressenza.com\/it\/#\/schema\/logo\/image\/\"},\"sameAs\":[\"https:\/\/www.facebook.com\/PressenzaItalia\",\"https:\/\/x.com\/PressenzaIPA\"]},{\"@type\":\"Person\",\"@id\":\"https:\/\/www.pressenza.com\/it\/#\/schema\/person\/746fc8cdd6c8e3d918fb5714b3583e41\",\"name\":\"Redazione Milano\",\"description\":\"News from the Pressenza Bureau in Milan, Italy\",\"url\":\"https:\/\/www.pressenza.com\/it\/author\/redazione-milano\/\"}]}<\/script>\n<!-- \/ Yoast SEO plugin. -->","yoast_head_json":{"title":"Milano, presidio al Pio Albergo Trivulzio per il diritto universale alla salute","description":"Sabato 27 novembre 2021 dalle 14,30 alle 16,30 si \u00e8 svolto davanti al Pio Albergo Trivulzio a Milano, il presidio organizzato dall\u2019Associazione Anchise","robots":{"index":"index","follow":"follow","max-snippet":"max-snippet:-1","max-image-preview":"max-image-preview:large","max-video-preview":"max-video-preview:-1"},"canonical":"https:\/\/www.pressenza.com\/it\/2021\/11\/milano-presidio-al-pio-albergo-trivulzio-per-il-diritto-universale-alla-salute\/","og_locale":"it_IT","og_type":"article","og_title":"Milano, presidio al Pio Albergo Trivulzio per il diritto universale alla salute","og_description":"Sabato 27 novembre 2021 dalle 14,30 alle 16,30 si \u00e8 svolto davanti al Pio Albergo Trivulzio a Milano, il presidio organizzato dall\u2019Associazione Anchise","og_url":"https:\/\/www.pressenza.com\/it\/2021\/11\/milano-presidio-al-pio-albergo-trivulzio-per-il-diritto-universale-alla-salute\/","og_site_name":"Pressenza","article_publisher":"https:\/\/www.facebook.com\/PressenzaItalia","article_published_time":"2021-11-28T19:44:03+00:00","article_modified_time":"2021-11-28T19:48:23+00:00","og_image":[{"width":1024,"height":768,"url":"https:\/\/www.pressenza.com\/wp-content\/uploads\/2021\/11\/01-Anchise.jpg","type":"image\/jpeg"}],"author":"Redazione Milano","twitter_card":"summary_large_image","twitter_creator":"@PressenzaIPA","twitter_site":"@PressenzaIPA","twitter_misc":{"Scritto da":"Redazione Milano","Tempo di lettura stimato":"1 minuto"},"schema":{"@context":"https:\/\/schema.org","@graph":[{"@type":"Article","@id":"https:\/\/www.pressenza.com\/it\/2021\/11\/milano-presidio-al-pio-albergo-trivulzio-per-il-diritto-universale-alla-salute\/#article","isPartOf":{"@id":"https:\/\/www.pressenza.com\/it\/2021\/11\/milano-presidio-al-pio-albergo-trivulzio-per-il-diritto-universale-alla-salute\/"},"author":{"name":"Redazione Milano","@id":"https:\/\/www.pressenza.com\/it\/#\/schema\/person\/746fc8cdd6c8e3d918fb5714b3583e41"},"headline":"Milano, presidio al Pio Albergo Trivulzio per il diritto universale alla salute","datePublished":"2021-11-28T19:44:03+00:00","dateModified":"2021-11-28T19:48:23+00:00","mainEntityOfPage":{"@id":"https:\/\/www.pressenza.com\/it\/2021\/11\/milano-presidio-al-pio-albergo-trivulzio-per-il-diritto-universale-alla-salute\/"},"wordCount":274,"publisher":{"@id":"https:\/\/www.pressenza.com\/it\/#organization"},"image":{"@id":"https:\/\/www.pressenza.com\/it\/2021\/11\/milano-presidio-al-pio-albergo-trivulzio-per-il-diritto-universale-alla-salute\/#primaryimage"},"thumbnailUrl":"https:\/\/www.pressenza.com\/wp-content\/uploads\/2021\/11\/01-Anchise.jpg","keywords":["eventi","morti per covid","Pio Albergo Trivulzio","presidio","RSA","sanit\u00e0 pubblica"],"articleSection":["contenuti originali","Europa","Fotoreportages","Salute"],"inLanguage":"it-IT"},{"@type":"WebPage","@id":"https:\/\/www.pressenza.com\/it\/2021\/11\/milano-presidio-al-pio-albergo-trivulzio-per-il-diritto-universale-alla-salute\/","url":"https:\/\/www.pressenza.com\/it\/2021\/11\/milano-presidio-al-pio-albergo-trivulzio-per-il-diritto-universale-alla-salute\/","name":"Milano, presidio al Pio Albergo Trivulzio per il diritto universale alla salute","isPartOf":{"@id":"https:\/\/www.pressenza.com\/it\/#website"},"primaryImageOfPage":{"@id":"https:\/\/www.pressenza.com\/it\/2021\/11\/milano-presidio-al-pio-albergo-trivulzio-per-il-diritto-universale-alla-salute\/#primaryimage"},"image":{"@id":"https:\/\/www.pressenza.com\/it\/2021\/11\/milano-presidio-al-pio-albergo-trivulzio-per-il-diritto-universale-alla-salute\/#primaryimage"},"thumbnailUrl":"https:\/\/www.pressenza.com\/wp-content\/uploads\/2021\/11\/01-Anchise.jpg","datePublished":"2021-11-28T19:44:03+00:00","dateModified":"2021-11-28T19:48:23+00:00","description":"Sabato 27 novembre 2021 dalle 14,30 alle 16,30 si \u00e8 svolto davanti al Pio Albergo Trivulzio a Milano, il presidio organizzato dall\u2019Associazione Anchise","breadcrumb":{"@id":"https:\/\/www.pressenza.com\/it\/2021\/11\/milano-presidio-al-pio-albergo-trivulzio-per-il-diritto-universale-alla-salute\/#breadcrumb"},"inLanguage":"it-IT","potentialAction":[{"@type":"ReadAction","target":["https:\/\/www.pressenza.com\/it\/2021\/11\/milano-presidio-al-pio-albergo-trivulzio-per-il-diritto-universale-alla-salute\/"]}]},{"@type":"ImageObject","inLanguage":"it-IT","@id":"https:\/\/www.pressenza.com\/it\/2021\/11\/milano-presidio-al-pio-albergo-trivulzio-per-il-diritto-universale-alla-salute\/#primaryimage","url":"https:\/\/www.pressenza.com\/wp-content\/uploads\/2021\/11\/01-Anchise.jpg","contentUrl":"https:\/\/www.pressenza.com\/wp-content\/uploads\/2021\/11\/01-Anchise.jpg","width":1024,"height":768},{"@type":"BreadcrumbList","@id":"https:\/\/www.pressenza.com\/it\/2021\/11\/milano-presidio-al-pio-albergo-trivulzio-per-il-diritto-universale-alla-salute\/#breadcrumb","itemListElement":[{"@type":"ListItem","position":1,"name":"Accueil","item":"https:\/\/www.pressenza.com\/it\/"},{"@type":"ListItem","position":2,"name":"Milano, presidio al Pio Albergo Trivulzio per il diritto universale alla salute"}]},{"@type":"WebSite","@id":"https:\/\/www.pressenza.com\/it\/#website","url":"https:\/\/www.pressenza.com\/it\/","name":"Pressenza","description":"Agenzia di Stampa Internazionale","publisher":{"@id":"https:\/\/www.pressenza.com\/it\/#organization"},"potentialAction":[{"@type":"SearchAction","target":{"@type":"EntryPoint","urlTemplate":"https:\/\/www.pressenza.com\/it\/?s={search_term_string}"},"query-input":{"@type":"PropertyValueSpecification","valueRequired":true,"valueName":"search_term_string"}}],"inLanguage":"it-IT"},{"@type":"Organization","@id":"https:\/\/www.pressenza.com\/it\/#organization","name":"Pressenza","url":"https:\/\/www.pressenza.com\/it\/","logo":{"@type":"ImageObject","inLanguage":"it-IT","@id":"https:\/\/www.pressenza.com\/it\/#\/schema\/logo\/image\/","url":"https:\/\/www.pressenza.com\/wp-content\/uploads\/2022\/10\/pressenza_logo_200x200.jpg","contentUrl":"https:\/\/www.pressenza.com\/wp-content\/uploads\/2022\/10\/pressenza_logo_200x200.jpg","width":200,"height":200,"caption":"Pressenza"},"image":{"@id":"https:\/\/www.pressenza.com\/it\/#\/schema\/logo\/image\/"},"sameAs":["https:\/\/www.facebook.com\/PressenzaItalia","https:\/\/x.com\/PressenzaIPA"]},{"@type":"Person","@id":"https:\/\/www.pressenza.com\/it\/#\/schema\/person\/746fc8cdd6c8e3d918fb5714b3583e41","name":"Redazione Milano","description":"News from the Pressenza Bureau in Milan, Italy","url":"https:\/\/www.pressenza.com\/it\/author\/redazione-milano\/"}]}},"place":"Rosetta Penna","original_article_url":"","_links":{"self":[{"href":"https:\/\/www.pressenza.com\/it\/wp-json\/wp\/v2\/posts\/1479468","targetHints":{"allow":["GET"]}}],"collection":[{"href":"https:\/\/www.pressenza.com\/it\/wp-json\/wp\/v2\/posts"}],"about":[{"href":"https:\/\/www.pressenza.com\/it\/wp-json\/wp\/v2\/types\/post"}],"author":[{"embeddable":true,"href":"https:\/\/www.pressenza.com\/it\/wp-json\/wp\/v2\/users\/1722"}],"replies":[{"embeddable":true,"href":"https:\/\/www.pressenza.com\/it\/wp-json\/wp\/v2\/comments?post=1479468"}],"version-history":[{"count":0,"href":"https:\/\/www.pressenza.com\/it\/wp-json\/wp\/v2\/posts\/1479468\/revisions"}],"wp:featuredmedia":[{"embeddable":true,"href":"https:\/\/www.pressenza.com\/it\/wp-json\/wp\/v2\/media\/1479469"}],"wp:attachment":[{"href":"https:\/\/www.pressenza.com\/it\/wp-json\/wp\/v2\/media?parent=1479468"}],"wp:term":[{"taxonomy":"category","embeddable":true,"href":"https:\/\/www.pressenza.com\/it\/wp-json\/wp\/v2\/categories?post=1479468"},{"taxonomy":"post_tag","embeddable":true,"href":"https:\/\/www.pressenza.com\/it\/wp-json\/wp\/v2\/tags?post=1479468"}],"curies":[{"name":"wp","href":"https:\/\/api.w.org\/{rel}","templated":true}]}}