{"id":1477444,"date":"2021-11-25T18:00:10","date_gmt":"2021-11-25T18:00:10","guid":{"rendered":"https:\/\/www.pressenza.com\/?p=1477444"},"modified":"2021-11-25T18:00:10","modified_gmt":"2021-11-25T18:00:10","slug":"quali-no-vax","status":"publish","type":"post","link":"https:\/\/www.pressenza.com\/it\/2021\/11\/quali-no-vax\/","title":{"rendered":"Quali no vax?"},"content":{"rendered":"<p>Si moltiplicano in molti paesi le manifestazioni, anche violente, contro le misure di contenimento del covid19: mascherina, distanziamento, <em>lockdown<\/em>, obbligo vaccinale o <em>Green pass<\/em> (che di fatto \u00e8 la stessa cosa). Non se ne pu\u00f2 ignorare il significato politico (se lo hanno) o culturale e antropologico, che c\u2019\u00e8 e meno che mai trattarle con sufficienza.<\/p>\n<p>Sono in tanti; poche altre manifestazioni arrivano a quei numeri. Non ci sono solo in Italia: debolezza e inconsistenza della politica, se hanno a che fare con esse, sono generalizzate. Prevalgono impronte sovraniste e anti-immigrati e rilevanti presenze di nazisti. Sono <em>no-vax<\/em> anche loro? Non \u00e8 detto, ma hanno campo libero in piazze dove nessun\u2019altra forza organizzata si impegna a promuovere un orientamento diverso. Come negli stadi. Ma molti cartelli e slogan non rivendicano solo una generica libert\u00e0 (che pu\u00f2 avere le pi\u00f9 diverse declinazioni). Vertono sulla difesa dei diritti dei lavoratori, soprattutto quello di lavorare e di scioperare, sulla volont\u00e0 di non dividersi tra vaccinati e non, sulla lotta ai poteri forti. D\u2019altronde i portuali di Genova, in prima linea contro il traffico di armi, hanno solidarizzato con quelli di Trieste.<\/p>\n<p>C\u2019\u00e8 una grande confusione in quelle posizioni, brodo di coltura ideale per <em>fake news<\/em> e complottismo paranoico. Cos\u00ec, in una manifestazione tedesca di \u201cno-vax\u201d si protestava contro l\u2019\u201dinvasione\u201d di immigrati contagiosi perch\u00e9 non vaccinati\u2026 In altre si vedono cartelli di protesta contro il <em>Green pa<\/em>SS con le <em>s<\/em> delle SS, o manifestanti con le divise degli ebrei nei campi o la stella di David sul petto (per loro il <em>Green pass<\/em> \u00e8 \u201cnazismo\u201d) accanto a cartelli che denunciano il complotto ebraico, resuscitando i <em>Savi di Sion<\/em>. Verosimilmente non sanno niente n\u00e9 degli uni n\u00e9 degli altri (e questo lo dobbiamo alla scuola e ai media). Cos\u00ec una parte consistente di una manifestazione romana si \u00e8 fatta trascinare da una squadra di nazisti all\u2019assalto della CGIL quasi fosse un ufficio governativo, senza verosimilmente comprendere o condividere il significato di quella devastazione.<\/p>\n<p>Contribuiscono alla confusione la continua esibizione di virologi che si contraddicono tra loro e con se stessi, le oscillazioni del governo, i voltafaccia di molti partiti e altrettanti \u201cgovernatori\u201d di Regioni, il grave silenzio su dati che potrebbero attenuare molte ostentate certezze. E anche il fatto che a invocare il vaccino per tutti sia quella stessa Confindustria che per mesi ha obbligato gli operai ad andare al lavoro senza alcun presidio. L\u2019importante &#8211; lo si \u00e8 capito &#8211; \u00e8 la ripresa, il PIL, la crescita, non la salute di chi lavora.<\/p>\n<p>Quelle mobilitazioni riflettono un crollo verticale della fiducia nelle istituzioni, nei governi, nei partiti; la percezione di essere in mano a una generazione di politici irresponsabili, catturati dagli interessi di <em>Big Pharma, <\/em>tanto da non avere il coraggio di imporre la moratoria sui brevetti e un argine ai relativi guadagni miliardari, con connivenze nascoste dai neretti su contratti impresentabili. Ma, soprattutto, con l\u2019imposizione di una \u201ccura\u201d uguale per tutti, senza attenzione alla persona (se non quando sta tirando le cuoia) e alla prevenzione, puntando sulle cause. E\u2019 mancato, sulla pandemia, sulle misure di contrasto e soprattutto sulla riorganizzazione della sanit\u00e0 in funzione della prevenzione, come d\u2019altronde manca sulla crisi climatica e sulla cosiddetta transizione ecologica, un dibattito pubblico all\u2019altezza dei cambiamenti radicali che vengono imposti alle nostre vite, ma anche al sistema produttivo. Di qui la convinzione che per l\u2019establishment mondiale il futuro della sanit\u00e0 sia un sistema ipertecnologico a cui i \u201cpoveri della Terra\u201d, qui come nel Sud del mondo, dovranno sottomettersi senza discutere o essere esclusi; nella convinzione che qualcuno possa restare sano in un mondo malato.<\/p>\n<p>Una percezione facile da strumentalizzare ha suscitato la ribellione di una platea ben pi\u00f9 vasta dei pochi che si oppongono ai vaccini &#8211; o a questi vaccini &#8211; per fede, convinzione o affiliazione a comunit\u00e0 che temono l\u2019azzeramento dei risultati ottenuti con anni di cure alternative. Ed \u00e8 questa percezione che fa provare a molti partecipanti a queste manifestazioni \u201cla gioia della ribellione\u201d, l\u2019orgoglio di una denuncia a cui tutte le forze politiche, istituzionali e culturali evitano di dare voce. Quell\u2019orgoglio che si esprime nel <em>refrain <\/em>cantato nei cortei: \u201cLa gente come noi non molla mai\u201d, che non ha niente a che fare con il truce \u201cBoia chi molla\u201d dei caporioni fascisti della rivolta di Reggio di 50 anni fa, n\u00e9 con il glorioso \u201cNon mollare\u201d dei fratelli Rosselli, di cui ben pochi dei manifestanti sanno qualcosa. Quelle manifestazione, proprio per la loro atroce confusione, sono la vera \u201crappresentanza\u201d \u2013 o rappresentazione &#8211; di quella met\u00e0 di italiani che non votano pi\u00f9, che a torto vengono spesso presentati come orfani di una fantomatica sinistra che non sa pi\u00f9 mobilitarli (ma che una volta ricostituita potr\u00e0 sempre recuperarli\u2026). Ma non \u00e8 cos\u00ec. Perch\u00e9 vanno invece accostati uno a uno, una a una, con un atteggiamento di ascolto umile e privo di troppe certezze.<\/p>\n","protected":false},"excerpt":{"rendered":"<p>Si moltiplicano in molti paesi le manifestazioni, anche violente, contro le misure di contenimento del covid19: mascherina, distanziamento, lockdown, obbligo vaccinale o Green pass (che di fatto \u00e8 la stessa cosa). Non se ne pu\u00f2 ignorare il significato politico (se&hellip;<\/p>\n","protected":false},"author":1616,"featured_media":1457768,"comment_status":"closed","ping_status":"closed","sticky":false,"template":"","format":"standard","meta":{"footnotes":""},"categories":[11388,55,1259],"tags":[93427,1628,40273],"class_list":["post-1477444","post","type-post","status-publish","format-standard","has-post-thumbnail","hentry","category-contenuti-originali","category-politica","category-salute-argomento","tag-green-pass","tag-manifestazioni","tag-vaccino"],"yoast_head":"<!-- This site is optimized with the Yoast SEO plugin v27.1.1 - https:\/\/yoast.com\/product\/yoast-seo-wordpress\/ -->\n<title>Quali no vax?<\/title>\n<meta name=\"description\" content=\"Si moltiplicano in molti paesi le manifestazioni, anche violente, contro le misure di contenimento del covid19: mascherina, distanziamento, lockdown,\" \/>\n<meta name=\"robots\" content=\"index, follow, max-snippet:-1, max-image-preview:large, max-video-preview:-1\" \/>\n<link rel=\"canonical\" href=\"https:\/\/www.pressenza.com\/it\/2021\/11\/quali-no-vax\/\" \/>\n<meta property=\"og:locale\" content=\"it_IT\" \/>\n<meta property=\"og:type\" content=\"article\" \/>\n<meta property=\"og:title\" content=\"Quali no vax?\" \/>\n<meta property=\"og:description\" content=\"Si moltiplicano in molti paesi le manifestazioni, anche violente, contro le misure di contenimento del covid19: mascherina, distanziamento, lockdown,\" \/>\n<meta property=\"og:url\" content=\"https:\/\/www.pressenza.com\/it\/2021\/11\/quali-no-vax\/\" \/>\n<meta property=\"og:site_name\" content=\"Pressenza\" \/>\n<meta property=\"article:publisher\" content=\"https:\/\/www.facebook.com\/PressenzaItalia\" \/>\n<meta property=\"article:published_time\" content=\"2021-11-25T18:00:10+00:00\" \/>\n<meta property=\"og:image\" content=\"https:\/\/www.pressenza.com\/wp-content\/uploads\/2021\/10\/No-Green-Pass-protesta-Bologna.jpg\" \/>\n\t<meta property=\"og:image:width\" content=\"1280\" \/>\n\t<meta property=\"og:image:height\" content=\"709\" \/>\n\t<meta property=\"og:image:type\" content=\"image\/jpeg\" \/>\n<meta name=\"author\" content=\"Guido Viale\" \/>\n<meta name=\"twitter:card\" content=\"summary_large_image\" \/>\n<meta name=\"twitter:creator\" content=\"@PressenzaIPA\" \/>\n<meta name=\"twitter:site\" content=\"@PressenzaIPA\" \/>\n<meta name=\"twitter:label1\" content=\"Scritto da\" \/>\n\t<meta name=\"twitter:data1\" content=\"Guido Viale\" \/>\n\t<meta name=\"twitter:label2\" content=\"Tempo di lettura stimato\" \/>\n\t<meta name=\"twitter:data2\" content=\"4 minuti\" \/>\n<script type=\"application\/ld+json\" class=\"yoast-schema-graph\">{\"@context\":\"https:\/\/schema.org\",\"@graph\":[{\"@type\":\"Article\",\"@id\":\"https:\/\/www.pressenza.com\/it\/2021\/11\/quali-no-vax\/#article\",\"isPartOf\":{\"@id\":\"https:\/\/www.pressenza.com\/it\/2021\/11\/quali-no-vax\/\"},\"author\":{\"name\":\"Guido Viale\",\"@id\":\"https:\/\/www.pressenza.com\/it\/#\/schema\/person\/7e30fb1d68799cd117e655ba05ad06ef\"},\"headline\":\"Quali no vax?\",\"datePublished\":\"2021-11-25T18:00:10+00:00\",\"mainEntityOfPage\":{\"@id\":\"https:\/\/www.pressenza.com\/it\/2021\/11\/quali-no-vax\/\"},\"wordCount\":814,\"publisher\":{\"@id\":\"https:\/\/www.pressenza.com\/it\/#organization\"},\"image\":{\"@id\":\"https:\/\/www.pressenza.com\/it\/2021\/11\/quali-no-vax\/#primaryimage\"},\"thumbnailUrl\":\"https:\/\/www.pressenza.com\/wp-content\/uploads\/2021\/10\/No-Green-Pass-protesta-Bologna.jpg\",\"keywords\":[\"green pass\",\"manifestazioni\",\"vaccino\"],\"articleSection\":[\"contenuti originali\",\"Politica\",\"Salute\"],\"inLanguage\":\"it-IT\"},{\"@type\":\"WebPage\",\"@id\":\"https:\/\/www.pressenza.com\/it\/2021\/11\/quali-no-vax\/\",\"url\":\"https:\/\/www.pressenza.com\/it\/2021\/11\/quali-no-vax\/\",\"name\":\"Quali no vax?\",\"isPartOf\":{\"@id\":\"https:\/\/www.pressenza.com\/it\/#website\"},\"primaryImageOfPage\":{\"@id\":\"https:\/\/www.pressenza.com\/it\/2021\/11\/quali-no-vax\/#primaryimage\"},\"image\":{\"@id\":\"https:\/\/www.pressenza.com\/it\/2021\/11\/quali-no-vax\/#primaryimage\"},\"thumbnailUrl\":\"https:\/\/www.pressenza.com\/wp-content\/uploads\/2021\/10\/No-Green-Pass-protesta-Bologna.jpg\",\"datePublished\":\"2021-11-25T18:00:10+00:00\",\"description\":\"Si moltiplicano in molti paesi le manifestazioni, anche violente, contro le misure di contenimento del covid19: mascherina, distanziamento, lockdown,\",\"breadcrumb\":{\"@id\":\"https:\/\/www.pressenza.com\/it\/2021\/11\/quali-no-vax\/#breadcrumb\"},\"inLanguage\":\"it-IT\",\"potentialAction\":[{\"@type\":\"ReadAction\",\"target\":[\"https:\/\/www.pressenza.com\/it\/2021\/11\/quali-no-vax\/\"]}]},{\"@type\":\"ImageObject\",\"inLanguage\":\"it-IT\",\"@id\":\"https:\/\/www.pressenza.com\/it\/2021\/11\/quali-no-vax\/#primaryimage\",\"url\":\"https:\/\/www.pressenza.com\/wp-content\/uploads\/2021\/10\/No-Green-Pass-protesta-Bologna.jpg\",\"contentUrl\":\"https:\/\/www.pressenza.com\/wp-content\/uploads\/2021\/10\/No-Green-Pass-protesta-Bologna.jpg\",\"width\":1280,\"height\":709},{\"@type\":\"BreadcrumbList\",\"@id\":\"https:\/\/www.pressenza.com\/it\/2021\/11\/quali-no-vax\/#breadcrumb\",\"itemListElement\":[{\"@type\":\"ListItem\",\"position\":1,\"name\":\"Accueil\",\"item\":\"https:\/\/www.pressenza.com\/it\/\"},{\"@type\":\"ListItem\",\"position\":2,\"name\":\"Quali no vax?\"}]},{\"@type\":\"WebSite\",\"@id\":\"https:\/\/www.pressenza.com\/it\/#website\",\"url\":\"https:\/\/www.pressenza.com\/it\/\",\"name\":\"Pressenza\",\"description\":\"Agenzia di Stampa Internazionale\",\"publisher\":{\"@id\":\"https:\/\/www.pressenza.com\/it\/#organization\"},\"potentialAction\":[{\"@type\":\"SearchAction\",\"target\":{\"@type\":\"EntryPoint\",\"urlTemplate\":\"https:\/\/www.pressenza.com\/it\/?s={search_term_string}\"},\"query-input\":{\"@type\":\"PropertyValueSpecification\",\"valueRequired\":true,\"valueName\":\"search_term_string\"}}],\"inLanguage\":\"it-IT\"},{\"@type\":\"Organization\",\"@id\":\"https:\/\/www.pressenza.com\/it\/#organization\",\"name\":\"Pressenza\",\"url\":\"https:\/\/www.pressenza.com\/it\/\",\"logo\":{\"@type\":\"ImageObject\",\"inLanguage\":\"it-IT\",\"@id\":\"https:\/\/www.pressenza.com\/it\/#\/schema\/logo\/image\/\",\"url\":\"https:\/\/www.pressenza.com\/wp-content\/uploads\/2022\/10\/pressenza_logo_200x200.jpg\",\"contentUrl\":\"https:\/\/www.pressenza.com\/wp-content\/uploads\/2022\/10\/pressenza_logo_200x200.jpg\",\"width\":200,\"height\":200,\"caption\":\"Pressenza\"},\"image\":{\"@id\":\"https:\/\/www.pressenza.com\/it\/#\/schema\/logo\/image\/\"},\"sameAs\":[\"https:\/\/www.facebook.com\/PressenzaItalia\",\"https:\/\/x.com\/PressenzaIPA\"]},{\"@type\":\"Person\",\"@id\":\"https:\/\/www.pressenza.com\/it\/#\/schema\/person\/7e30fb1d68799cd117e655ba05ad06ef\",\"name\":\"Guido Viale\",\"description\":\"Guido Viale was born in Tokyo in 1943 and lives in Milan. He participated in the student movement of 1968 in Turin and was a member of the Lotta Continua group until 1976. He graduated in philosophy at the University of Turin. He worked as a teacher, preceptor, translator, journalist, researcher and consultant. He has carried out studies and economic research with various companies and worked on cooperation projects in Asia, Africa, Middle East and Latin America. He has been a member of the technical and scientific committee of the Italian Agency for Environmental Protection. Among his publications: A Disposable World, Everybody in Taxi, At Home, Government of Garbage, Life and Death of the Car, Virtues that Change the World. With Editions NdA Press of Rimini he published: Evidence of a different world, Ecological conversion, Europe can be reinvented together with refugees and migrants. With Interno4 Editiors he published in 2017, Slessico Familiare, Words worn out - open perspectives, a repertoire for the times to come. In Interno4 Editions he also published in 2018 an updated edition of his important book on the 1968 protest movement.\",\"sameAs\":[\"https:\/\/www.guidoviale.it\/\"],\"url\":\"https:\/\/www.pressenza.com\/it\/author\/guido-viale\/\"}]}<\/script>\n<!-- \/ Yoast SEO plugin. -->","yoast_head_json":{"title":"Quali no vax?","description":"Si moltiplicano in molti paesi le manifestazioni, anche violente, contro le misure di contenimento del covid19: mascherina, distanziamento, lockdown,","robots":{"index":"index","follow":"follow","max-snippet":"max-snippet:-1","max-image-preview":"max-image-preview:large","max-video-preview":"max-video-preview:-1"},"canonical":"https:\/\/www.pressenza.com\/it\/2021\/11\/quali-no-vax\/","og_locale":"it_IT","og_type":"article","og_title":"Quali no vax?","og_description":"Si moltiplicano in molti paesi le manifestazioni, anche violente, contro le misure di contenimento del covid19: mascherina, distanziamento, lockdown,","og_url":"https:\/\/www.pressenza.com\/it\/2021\/11\/quali-no-vax\/","og_site_name":"Pressenza","article_publisher":"https:\/\/www.facebook.com\/PressenzaItalia","article_published_time":"2021-11-25T18:00:10+00:00","og_image":[{"width":1280,"height":709,"url":"https:\/\/www.pressenza.com\/wp-content\/uploads\/2021\/10\/No-Green-Pass-protesta-Bologna.jpg","type":"image\/jpeg"}],"author":"Guido Viale","twitter_card":"summary_large_image","twitter_creator":"@PressenzaIPA","twitter_site":"@PressenzaIPA","twitter_misc":{"Scritto da":"Guido Viale","Tempo di lettura stimato":"4 minuti"},"schema":{"@context":"https:\/\/schema.org","@graph":[{"@type":"Article","@id":"https:\/\/www.pressenza.com\/it\/2021\/11\/quali-no-vax\/#article","isPartOf":{"@id":"https:\/\/www.pressenza.com\/it\/2021\/11\/quali-no-vax\/"},"author":{"name":"Guido Viale","@id":"https:\/\/www.pressenza.com\/it\/#\/schema\/person\/7e30fb1d68799cd117e655ba05ad06ef"},"headline":"Quali no vax?","datePublished":"2021-11-25T18:00:10+00:00","mainEntityOfPage":{"@id":"https:\/\/www.pressenza.com\/it\/2021\/11\/quali-no-vax\/"},"wordCount":814,"publisher":{"@id":"https:\/\/www.pressenza.com\/it\/#organization"},"image":{"@id":"https:\/\/www.pressenza.com\/it\/2021\/11\/quali-no-vax\/#primaryimage"},"thumbnailUrl":"https:\/\/www.pressenza.com\/wp-content\/uploads\/2021\/10\/No-Green-Pass-protesta-Bologna.jpg","keywords":["green pass","manifestazioni","vaccino"],"articleSection":["contenuti originali","Politica","Salute"],"inLanguage":"it-IT"},{"@type":"WebPage","@id":"https:\/\/www.pressenza.com\/it\/2021\/11\/quali-no-vax\/","url":"https:\/\/www.pressenza.com\/it\/2021\/11\/quali-no-vax\/","name":"Quali no vax?","isPartOf":{"@id":"https:\/\/www.pressenza.com\/it\/#website"},"primaryImageOfPage":{"@id":"https:\/\/www.pressenza.com\/it\/2021\/11\/quali-no-vax\/#primaryimage"},"image":{"@id":"https:\/\/www.pressenza.com\/it\/2021\/11\/quali-no-vax\/#primaryimage"},"thumbnailUrl":"https:\/\/www.pressenza.com\/wp-content\/uploads\/2021\/10\/No-Green-Pass-protesta-Bologna.jpg","datePublished":"2021-11-25T18:00:10+00:00","description":"Si moltiplicano in molti paesi le manifestazioni, anche violente, contro le misure di contenimento del covid19: mascherina, distanziamento, lockdown,","breadcrumb":{"@id":"https:\/\/www.pressenza.com\/it\/2021\/11\/quali-no-vax\/#breadcrumb"},"inLanguage":"it-IT","potentialAction":[{"@type":"ReadAction","target":["https:\/\/www.pressenza.com\/it\/2021\/11\/quali-no-vax\/"]}]},{"@type":"ImageObject","inLanguage":"it-IT","@id":"https:\/\/www.pressenza.com\/it\/2021\/11\/quali-no-vax\/#primaryimage","url":"https:\/\/www.pressenza.com\/wp-content\/uploads\/2021\/10\/No-Green-Pass-protesta-Bologna.jpg","contentUrl":"https:\/\/www.pressenza.com\/wp-content\/uploads\/2021\/10\/No-Green-Pass-protesta-Bologna.jpg","width":1280,"height":709},{"@type":"BreadcrumbList","@id":"https:\/\/www.pressenza.com\/it\/2021\/11\/quali-no-vax\/#breadcrumb","itemListElement":[{"@type":"ListItem","position":1,"name":"Accueil","item":"https:\/\/www.pressenza.com\/it\/"},{"@type":"ListItem","position":2,"name":"Quali no vax?"}]},{"@type":"WebSite","@id":"https:\/\/www.pressenza.com\/it\/#website","url":"https:\/\/www.pressenza.com\/it\/","name":"Pressenza","description":"Agenzia di Stampa Internazionale","publisher":{"@id":"https:\/\/www.pressenza.com\/it\/#organization"},"potentialAction":[{"@type":"SearchAction","target":{"@type":"EntryPoint","urlTemplate":"https:\/\/www.pressenza.com\/it\/?s={search_term_string}"},"query-input":{"@type":"PropertyValueSpecification","valueRequired":true,"valueName":"search_term_string"}}],"inLanguage":"it-IT"},{"@type":"Organization","@id":"https:\/\/www.pressenza.com\/it\/#organization","name":"Pressenza","url":"https:\/\/www.pressenza.com\/it\/","logo":{"@type":"ImageObject","inLanguage":"it-IT","@id":"https:\/\/www.pressenza.com\/it\/#\/schema\/logo\/image\/","url":"https:\/\/www.pressenza.com\/wp-content\/uploads\/2022\/10\/pressenza_logo_200x200.jpg","contentUrl":"https:\/\/www.pressenza.com\/wp-content\/uploads\/2022\/10\/pressenza_logo_200x200.jpg","width":200,"height":200,"caption":"Pressenza"},"image":{"@id":"https:\/\/www.pressenza.com\/it\/#\/schema\/logo\/image\/"},"sameAs":["https:\/\/www.facebook.com\/PressenzaItalia","https:\/\/x.com\/PressenzaIPA"]},{"@type":"Person","@id":"https:\/\/www.pressenza.com\/it\/#\/schema\/person\/7e30fb1d68799cd117e655ba05ad06ef","name":"Guido Viale","description":"Guido Viale was born in Tokyo in 1943 and lives in Milan. He participated in the student movement of 1968 in Turin and was a member of the Lotta Continua group until 1976. He graduated in philosophy at the University of Turin. He worked as a teacher, preceptor, translator, journalist, researcher and consultant. He has carried out studies and economic research with various companies and worked on cooperation projects in Asia, Africa, Middle East and Latin America. He has been a member of the technical and scientific committee of the Italian Agency for Environmental Protection. Among his publications: A Disposable World, Everybody in Taxi, At Home, Government of Garbage, Life and Death of the Car, Virtues that Change the World. With Editions NdA Press of Rimini he published: Evidence of a different world, Ecological conversion, Europe can be reinvented together with refugees and migrants. With Interno4 Editiors he published in 2017, Slessico Familiare, Words worn out - open perspectives, a repertoire for the times to come. In Interno4 Editions he also published in 2018 an updated edition of his important book on the 1968 protest movement.","sameAs":["https:\/\/www.guidoviale.it\/"],"url":"https:\/\/www.pressenza.com\/it\/author\/guido-viale\/"}]}},"place":"","original_article_url":"","_links":{"self":[{"href":"https:\/\/www.pressenza.com\/it\/wp-json\/wp\/v2\/posts\/1477444","targetHints":{"allow":["GET"]}}],"collection":[{"href":"https:\/\/www.pressenza.com\/it\/wp-json\/wp\/v2\/posts"}],"about":[{"href":"https:\/\/www.pressenza.com\/it\/wp-json\/wp\/v2\/types\/post"}],"author":[{"embeddable":true,"href":"https:\/\/www.pressenza.com\/it\/wp-json\/wp\/v2\/users\/1616"}],"replies":[{"embeddable":true,"href":"https:\/\/www.pressenza.com\/it\/wp-json\/wp\/v2\/comments?post=1477444"}],"version-history":[{"count":0,"href":"https:\/\/www.pressenza.com\/it\/wp-json\/wp\/v2\/posts\/1477444\/revisions"}],"wp:featuredmedia":[{"embeddable":true,"href":"https:\/\/www.pressenza.com\/it\/wp-json\/wp\/v2\/media\/1457768"}],"wp:attachment":[{"href":"https:\/\/www.pressenza.com\/it\/wp-json\/wp\/v2\/media?parent=1477444"}],"wp:term":[{"taxonomy":"category","embeddable":true,"href":"https:\/\/www.pressenza.com\/it\/wp-json\/wp\/v2\/categories?post=1477444"},{"taxonomy":"post_tag","embeddable":true,"href":"https:\/\/www.pressenza.com\/it\/wp-json\/wp\/v2\/tags?post=1477444"}],"curies":[{"name":"wp","href":"https:\/\/api.w.org\/{rel}","templated":true}]}}