{"id":1473064,"date":"2021-11-18T16:46:56","date_gmt":"2021-11-18T16:46:56","guid":{"rendered":"https:\/\/www.pressenza.com\/?p=1473064"},"modified":"2021-11-18T16:46:56","modified_gmt":"2021-11-18T16:46:56","slug":"vaccini-10-000-volti-illuminati-da-candele-per-10-000-morti-di-covid-al-giorno","status":"publish","type":"post","link":"https:\/\/www.pressenza.com\/it\/2021\/11\/vaccini-10-000-volti-illuminati-da-candele-per-10-000-morti-di-covid-al-giorno\/","title":{"rendered":"Vaccini, 10.000 volti illuminati da candele per 10.000 morti di Covid al giorno"},"content":{"rendered":"<p>Mobilitazione europea della Campagna rigth2cure-No profit on pandemic per sospensione brevetti dei vaccini in vista dell&#8217;interministeriale WTO 30 novembre-3 dicembre. Manifestazioni a Ginevra, Bruxelles e Parigi. La terza dose non fermer\u00e0 la pandemia se oltre il 60% dell&#8217;umanit\u00e0 non \u00e8 vaccinata!<\/p>\n<p><strong>10.000 volti illuminati da 10.000 candele, tanti quanti sono i morti di Covid in media al giorno nel mondo,\u00a0<\/strong>questa l&#8217;iniziativa lanciata dalla Campagna Europea\u00a0<strong>Right2cure-No profit on pandemic\u00a0<\/strong>per \u201cconvincere\u201d il<strong>\u00a0WTO,\u00a0<\/strong>che si riunisce a<strong>\u00a0<\/strong>Ginevra da\u00a0<strong>30 novembre al 3 dicembre,<\/strong>\u00a0a decidere la sospensione temporanea dei brevetti dei vaccini per salvare l&#8217;umanit\u00e0! Tutti possono postare la propria foto, illuminata da una candela, sui propri social\u00a0<strong>con l&#8217;<\/strong><strong>hashtag\u00a0#Lights4Lives\u00a0e\u00a0#noprofitonpandemic e inviarla a<\/strong>\u00a0<a href=\"mailto:lights4lives@gmail.com\">lights4lives@gmail.com<\/a>\u00a0e su\u00a0<a href=\"mailto:dirittoallacura@gmail.com\">dirittoallacura@gmail.com<\/a><u>\u00a0<\/u>per comporre un grande mosaico che viagger\u00e0 sul web dal 23 novembre in poi, mentre continua la raccolta di un milione di firme su\u00a0<a href=\"https:\/\/eur03.safelinks.protection.outlook.com\/?url=https%3A%2F%2Fnoprofitonpandemic.eu%2Fit&amp;data=04%7C01%7Cmichele.bertelli%40emergency.it%7C6c8457baecb14f5cd6ba08d9aa7f831f%7C7319a4403460456d939be88f4c61509c%7C0%7C0%7C637728288273077305%7CUnknown%7CTWFpbGZsb3d8eyJWIjoiMC4wLjAwMDAiLCJQIjoiV2luMzIiLCJBTiI6Ik1haWwiLCJXVCI6Mn0%3D%7C3000&amp;sdata=7vbsL6X2Z07H2oEMOkLDmONbJvMWaYgplcTe5B9icXM%3D&amp;reserved=0\" data-saferedirecturl=\"https:\/\/www.google.com\/url?q=https:\/\/eur03.safelinks.protection.outlook.com\/?url%3Dhttps%253A%252F%252Fnoprofitonpandemic.eu%252Fit%26data%3D04%257C01%257Cmichele.bertelli%2540emergency.it%257C6c8457baecb14f5cd6ba08d9aa7f831f%257C7319a4403460456d939be88f4c61509c%257C0%257C0%257C637728288273077305%257CUnknown%257CTWFpbGZsb3d8eyJWIjoiMC4wLjAwMDAiLCJQIjoiV2luMzIiLCJBTiI6Ik1haWwiLCJXVCI6Mn0%253D%257C3000%26sdata%3D7vbsL6X2Z07H2oEMOkLDmONbJvMWaYgplcTe5B9icXM%253D%26reserved%3D0&amp;source=gmail&amp;ust=1637330459044000&amp;usg=AOvVaw2e9SenduCAJ0Ek_wpJxARJ\">https:\/\/noprofitonpandemic.eu\/it<\/a><u>.<strong>\u00a0<\/strong><\/u><\/p>\n<p>A questa si affianca una campagna rivolta a tutte le scuole e le Universit\u00e0, in cui si invitano i docenti a spiegare le ragioni profondamente umanitarie della la richiesta di moratoria dei brevetti: <a href=\"https:\/\/www.medicinademocratica.org\/wp\/?p=12495\">https:\/\/www.medicinademocratica.org\/wp\/?p=12495<\/a><\/p>\n<p>\u201cQuesta \u00e8 davvero l&#8217;ultima occasione per fare l&#8217;unica scelta che consentirebbe una produzione mondiale di vaccini a costi accessibili anche ai Paesi pi\u00f9 poveri &#8211; ha detto\u00a0<strong>Vittorio Agnoletto,\u00a0<\/strong>medico e coordinatore\u00a0<strong>del Comitato italiano della campagna europea Diritto alla Cura- Right2cure-No profit on pandemic. <\/strong>Per questo abbiamo attivato per quei giorni una mobilitazione straordinaria a livello europeo, con manifestazioni a\u00a0<strong>Ginevra, Bruxelles e Parigi:<\/strong>\u00a0bisogna interrompere il\u00a0<strong><em>corto circuito<\/em><\/strong>\u00a0provocato dall&#8217;assurdo sbilanciamento nella distribuzione dei vaccini a livello globale, per cui non ci salveremo con terze e quarte dosi in Europa e nei Paesi ricchi se non vacciniamo il resto del mondo!\u201d<\/p>\n<p>\u201cOgni giorno si somministrano<strong>\u00a06 volte<\/strong>\u00a0pi\u00f9 dosi booster a livello globale rispetto alle dosi primarie nei Paesi a basso reddito. Questo \u00e8 uno scandalo che va fermato\u201d, \u00e8 questa la denuncia fortissima di<strong>\u00a0Tedros Adhanom\u00a0Ghebreyesus<\/strong>, direttore generale dell&#8217;<strong>OMS<\/strong>, di cui non \u00e8 possibile non tener conto.<\/p>\n<p>Oltre il\u00a0<strong>60%<\/strong>\u00a0di persone nei Paesi poveri non \u00e8 stato vaccinato \u00e8 il virus circola\u00a0<em>indisturbato<\/em>, con la possibilit\u00e0 di nuove varianti e di un<em>\u00a0rientro\u00a0<\/em>in Europa in modalit\u00e0 ancora pi\u00f9 aggressive, come dimostra l&#8217;aggravamento della situazione in Germania e in Russia.\u00a0Ma, come ha recentemente documentato la\u00a0<strong>People\u2019s Vaccine Alliance,\u00a0<\/strong>dominano su tutto gli interessi miliardari di<strong>\u00a0BigPharma<\/strong>\u00a0con ricavi da capogiro: si parla di\u00a0<strong>1.000 dollari<\/strong>\u00a0al secondo,<strong>\u00a034 miliardi<\/strong>\u00a0di dollari alla fine del 2021 per\u00a0<strong>Pfizer, BionTech e Moderna.\u00a0<\/strong>E<strong>\u00a0<\/strong>proprio in questi giorni\u00a0<strong>AstraZeneca\u00a0<\/strong>ha annunciato che, ritenendo concluso il periodo pandemico ed essendo, a loro parere, entrati nella fase endemica, non si sentono pi\u00f9 vincolati a contenere i prezzi, che gi\u00e0 dai prossimi mesi aumenteranno considerevolmente. E&#8217; possibile che il nostro governo e la\u00a0<strong>UE<\/strong>, pur di non chiedere la moratoria vogliano correre il rischio di una catastrofe economica per dover acquistare continuamente nuove dosi di vaccini aggiornati contro le nuove varianti che arriveranno?<\/p>\n<p>La richiesta di moratoria, partita un anno fa da<strong>\u00a0India e Sud Africa,<\/strong>\u00a0sottoscritta da oltre<strong>\u00a0100\u00a0<\/strong>Paesi, da centinaia di personalit\u00e0 e\u00a0<strong>Premi Nobel<\/strong>, \u00e8 stata fatta propria anche\u00a0da <strong>Papa Francesco,<\/strong>\u00a0finora inascoltato, ed \u00e8 sostenuta dallo stesso Presidente americano<strong>\u00a0Joe Biden<\/strong>, che nei giorni scorsi ha convocato i ministri degli esteri dei Paesi ricchi. In Europa \u201csi sono smarcati\u201d dalle posizioni ufficiali della Commissione\u00a0<strong>Spagna e Belgio. \u201c<\/strong>Per l&#8217;ostinata resistenza della UE alla moratoria- ha sottolineato Agnoletto- stiamo rischiando\u00a0di tornare tutti in lockdown. Chi governa, anche qualora sia indifferente alle sorti dell\u2019umanit\u00e0, dovrebbe occuparsi almeno di difendere la salute dei propri concittadini\u201d.<\/p>\n<p>&nbsp;<\/p>\n","protected":false},"excerpt":{"rendered":"<p>Mobilitazione europea della Campagna rigth2cure-No profit on pandemic per sospensione brevetti dei vaccini in vista dell&#8217;interministeriale WTO 30 novembre-3 dicembre. Manifestazioni a Ginevra, Bruxelles e Parigi. La terza dose non fermer\u00e0 la pandemia se oltre il 60% dell&#8217;umanit\u00e0 non \u00e8&hellip;<\/p>\n","protected":false},"author":598,"featured_media":1285917,"comment_status":"closed","ping_status":"closed","sticky":false,"template":"","format":"standard","meta":{"footnotes":""},"categories":[150,38,1259],"tags":[64702,9022,85538,71879,90154,27683,9794],"class_list":["post-1473064","post","type-post","status-publish","format-standard","has-post-thumbnail","hentry","category-comunicati-stampa","category-internazionale","category-salute-argomento","tag-big-pharma-it","tag-brevetti","tag-campagna-diritto-alla-cura","tag-paesi-poveri","tag-paesi-ricchi","tag-sospensione","tag-vaccini"],"yoast_head":"<!-- This site is optimized with the Yoast SEO plugin v27.1.1 - https:\/\/yoast.com\/product\/yoast-seo-wordpress\/ -->\n<title>Vaccini, 10.000 volti illuminati da candele per 10.000 morti di Covid al giorno<\/title>\n<meta name=\"description\" content=\"Mobilitazione europea della Campagna rigth2cure-No profit on pandemic per sospensione brevetti dei vaccini in vista dell&#039;interministeriale WTO 30\" \/>\n<meta name=\"robots\" content=\"index, follow, max-snippet:-1, max-image-preview:large, max-video-preview:-1\" \/>\n<link rel=\"canonical\" href=\"https:\/\/www.pressenza.com\/it\/2021\/11\/vaccini-10-000-volti-illuminati-da-candele-per-10-000-morti-di-covid-al-giorno\/\" \/>\n<meta property=\"og:locale\" content=\"it_IT\" \/>\n<meta property=\"og:type\" content=\"article\" \/>\n<meta property=\"og:title\" content=\"Vaccini, 10.000 volti illuminati da candele per 10.000 morti di Covid al giorno\" \/>\n<meta property=\"og:description\" content=\"Mobilitazione europea della Campagna rigth2cure-No profit on pandemic per sospensione brevetti dei vaccini in vista dell&#039;interministeriale WTO 30\" \/>\n<meta property=\"og:url\" content=\"https:\/\/www.pressenza.com\/it\/2021\/11\/vaccini-10-000-volti-illuminati-da-candele-per-10-000-morti-di-covid-al-giorno\/\" \/>\n<meta property=\"og:site_name\" content=\"Pressenza\" \/>\n<meta property=\"article:publisher\" content=\"https:\/\/www.facebook.com\/PressenzaItalia\" \/>\n<meta property=\"article:published_time\" content=\"2021-11-18T16:46:56+00:00\" \/>\n<meta property=\"og:image\" content=\"https:\/\/www.pressenza.com\/wp-content\/uploads\/2021\/01\/no-profit-on-pandemic-cartello.jpg\" \/>\n\t<meta property=\"og:image:width\" content=\"1280\" \/>\n\t<meta property=\"og:image:height\" content=\"720\" \/>\n\t<meta property=\"og:image:type\" content=\"image\/jpeg\" \/>\n<meta name=\"author\" content=\"Emergency\" \/>\n<meta name=\"twitter:card\" content=\"summary_large_image\" \/>\n<meta name=\"twitter:creator\" content=\"@PressenzaIPA\" \/>\n<meta name=\"twitter:site\" content=\"@PressenzaIPA\" \/>\n<meta name=\"twitter:label1\" content=\"Scritto da\" \/>\n\t<meta name=\"twitter:data1\" content=\"Emergency\" \/>\n\t<meta name=\"twitter:label2\" content=\"Tempo di lettura stimato\" \/>\n\t<meta name=\"twitter:data2\" content=\"3 minuti\" \/>\n<script type=\"application\/ld+json\" class=\"yoast-schema-graph\">{\"@context\":\"https:\/\/schema.org\",\"@graph\":[{\"@type\":\"Article\",\"@id\":\"https:\/\/www.pressenza.com\/it\/2021\/11\/vaccini-10-000-volti-illuminati-da-candele-per-10-000-morti-di-covid-al-giorno\/#article\",\"isPartOf\":{\"@id\":\"https:\/\/www.pressenza.com\/it\/2021\/11\/vaccini-10-000-volti-illuminati-da-candele-per-10-000-morti-di-covid-al-giorno\/\"},\"author\":{\"name\":\"Emergency\",\"@id\":\"https:\/\/www.pressenza.com\/it\/#\/schema\/person\/f8fdc61e3c9c244cd96a553e620bdfcf\"},\"headline\":\"Vaccini, 10.000 volti illuminati da candele per 10.000 morti di Covid al giorno\",\"datePublished\":\"2021-11-18T16:46:56+00:00\",\"mainEntityOfPage\":{\"@id\":\"https:\/\/www.pressenza.com\/it\/2021\/11\/vaccini-10-000-volti-illuminati-da-candele-per-10-000-morti-di-covid-al-giorno\/\"},\"wordCount\":620,\"publisher\":{\"@id\":\"https:\/\/www.pressenza.com\/it\/#organization\"},\"image\":{\"@id\":\"https:\/\/www.pressenza.com\/it\/2021\/11\/vaccini-10-000-volti-illuminati-da-candele-per-10-000-morti-di-covid-al-giorno\/#primaryimage\"},\"thumbnailUrl\":\"https:\/\/www.pressenza.com\/wp-content\/uploads\/2021\/01\/no-profit-on-pandemic-cartello.jpg\",\"keywords\":[\"Big-pharma\",\"brevetti\",\"Campagna Diritto alla cura\",\"paesi poveri\",\"paesi ricchi\",\"sospensione\",\"Vaccini\"],\"articleSection\":[\"Comunicati Stampa\",\"Internazionale\",\"Salute\"],\"inLanguage\":\"it-IT\"},{\"@type\":\"WebPage\",\"@id\":\"https:\/\/www.pressenza.com\/it\/2021\/11\/vaccini-10-000-volti-illuminati-da-candele-per-10-000-morti-di-covid-al-giorno\/\",\"url\":\"https:\/\/www.pressenza.com\/it\/2021\/11\/vaccini-10-000-volti-illuminati-da-candele-per-10-000-morti-di-covid-al-giorno\/\",\"name\":\"Vaccini, 10.000 volti illuminati da candele per 10.000 morti di Covid al giorno\",\"isPartOf\":{\"@id\":\"https:\/\/www.pressenza.com\/it\/#website\"},\"primaryImageOfPage\":{\"@id\":\"https:\/\/www.pressenza.com\/it\/2021\/11\/vaccini-10-000-volti-illuminati-da-candele-per-10-000-morti-di-covid-al-giorno\/#primaryimage\"},\"image\":{\"@id\":\"https:\/\/www.pressenza.com\/it\/2021\/11\/vaccini-10-000-volti-illuminati-da-candele-per-10-000-morti-di-covid-al-giorno\/#primaryimage\"},\"thumbnailUrl\":\"https:\/\/www.pressenza.com\/wp-content\/uploads\/2021\/01\/no-profit-on-pandemic-cartello.jpg\",\"datePublished\":\"2021-11-18T16:46:56+00:00\",\"description\":\"Mobilitazione europea della Campagna rigth2cure-No profit on pandemic per sospensione brevetti dei vaccini in vista dell'interministeriale WTO 30\",\"breadcrumb\":{\"@id\":\"https:\/\/www.pressenza.com\/it\/2021\/11\/vaccini-10-000-volti-illuminati-da-candele-per-10-000-morti-di-covid-al-giorno\/#breadcrumb\"},\"inLanguage\":\"it-IT\",\"potentialAction\":[{\"@type\":\"ReadAction\",\"target\":[\"https:\/\/www.pressenza.com\/it\/2021\/11\/vaccini-10-000-volti-illuminati-da-candele-per-10-000-morti-di-covid-al-giorno\/\"]}]},{\"@type\":\"ImageObject\",\"inLanguage\":\"it-IT\",\"@id\":\"https:\/\/www.pressenza.com\/it\/2021\/11\/vaccini-10-000-volti-illuminati-da-candele-per-10-000-morti-di-covid-al-giorno\/#primaryimage\",\"url\":\"https:\/\/www.pressenza.com\/wp-content\/uploads\/2021\/01\/no-profit-on-pandemic-cartello.jpg\",\"contentUrl\":\"https:\/\/www.pressenza.com\/wp-content\/uploads\/2021\/01\/no-profit-on-pandemic-cartello.jpg\",\"width\":1280,\"height\":720},{\"@type\":\"BreadcrumbList\",\"@id\":\"https:\/\/www.pressenza.com\/it\/2021\/11\/vaccini-10-000-volti-illuminati-da-candele-per-10-000-morti-di-covid-al-giorno\/#breadcrumb\",\"itemListElement\":[{\"@type\":\"ListItem\",\"position\":1,\"name\":\"Accueil\",\"item\":\"https:\/\/www.pressenza.com\/it\/\"},{\"@type\":\"ListItem\",\"position\":2,\"name\":\"Vaccini, 10.000 volti illuminati da candele per 10.000 morti di Covid al giorno\"}]},{\"@type\":\"WebSite\",\"@id\":\"https:\/\/www.pressenza.com\/it\/#website\",\"url\":\"https:\/\/www.pressenza.com\/it\/\",\"name\":\"Pressenza\",\"description\":\"Agenzia di Stampa Internazionale\",\"publisher\":{\"@id\":\"https:\/\/www.pressenza.com\/it\/#organization\"},\"potentialAction\":[{\"@type\":\"SearchAction\",\"target\":{\"@type\":\"EntryPoint\",\"urlTemplate\":\"https:\/\/www.pressenza.com\/it\/?s={search_term_string}\"},\"query-input\":{\"@type\":\"PropertyValueSpecification\",\"valueRequired\":true,\"valueName\":\"search_term_string\"}}],\"inLanguage\":\"it-IT\"},{\"@type\":\"Organization\",\"@id\":\"https:\/\/www.pressenza.com\/it\/#organization\",\"name\":\"Pressenza\",\"url\":\"https:\/\/www.pressenza.com\/it\/\",\"logo\":{\"@type\":\"ImageObject\",\"inLanguage\":\"it-IT\",\"@id\":\"https:\/\/www.pressenza.com\/it\/#\/schema\/logo\/image\/\",\"url\":\"https:\/\/www.pressenza.com\/wp-content\/uploads\/2022\/10\/pressenza_logo_200x200.jpg\",\"contentUrl\":\"https:\/\/www.pressenza.com\/wp-content\/uploads\/2022\/10\/pressenza_logo_200x200.jpg\",\"width\":200,\"height\":200,\"caption\":\"Pressenza\"},\"image\":{\"@id\":\"https:\/\/www.pressenza.com\/it\/#\/schema\/logo\/image\/\"},\"sameAs\":[\"https:\/\/www.facebook.com\/PressenzaItalia\",\"https:\/\/x.com\/PressenzaIPA\"]},{\"@type\":\"Person\",\"@id\":\"https:\/\/www.pressenza.com\/it\/#\/schema\/person\/f8fdc61e3c9c244cd96a553e620bdfcf\",\"name\":\"Emergency\",\"description\":\"www.emergency.it\",\"url\":\"https:\/\/www.pressenza.com\/it\/author\/emergency\/\"}]}<\/script>\n<!-- \/ Yoast SEO plugin. -->","yoast_head_json":{"title":"Vaccini, 10.000 volti illuminati da candele per 10.000 morti di Covid al giorno","description":"Mobilitazione europea della Campagna rigth2cure-No profit on pandemic per sospensione brevetti dei vaccini in vista dell'interministeriale WTO 30","robots":{"index":"index","follow":"follow","max-snippet":"max-snippet:-1","max-image-preview":"max-image-preview:large","max-video-preview":"max-video-preview:-1"},"canonical":"https:\/\/www.pressenza.com\/it\/2021\/11\/vaccini-10-000-volti-illuminati-da-candele-per-10-000-morti-di-covid-al-giorno\/","og_locale":"it_IT","og_type":"article","og_title":"Vaccini, 10.000 volti illuminati da candele per 10.000 morti di Covid al giorno","og_description":"Mobilitazione europea della Campagna rigth2cure-No profit on pandemic per sospensione brevetti dei vaccini in vista dell'interministeriale WTO 30","og_url":"https:\/\/www.pressenza.com\/it\/2021\/11\/vaccini-10-000-volti-illuminati-da-candele-per-10-000-morti-di-covid-al-giorno\/","og_site_name":"Pressenza","article_publisher":"https:\/\/www.facebook.com\/PressenzaItalia","article_published_time":"2021-11-18T16:46:56+00:00","og_image":[{"width":1280,"height":720,"url":"https:\/\/www.pressenza.com\/wp-content\/uploads\/2021\/01\/no-profit-on-pandemic-cartello.jpg","type":"image\/jpeg"}],"author":"Emergency","twitter_card":"summary_large_image","twitter_creator":"@PressenzaIPA","twitter_site":"@PressenzaIPA","twitter_misc":{"Scritto da":"Emergency","Tempo di lettura stimato":"3 minuti"},"schema":{"@context":"https:\/\/schema.org","@graph":[{"@type":"Article","@id":"https:\/\/www.pressenza.com\/it\/2021\/11\/vaccini-10-000-volti-illuminati-da-candele-per-10-000-morti-di-covid-al-giorno\/#article","isPartOf":{"@id":"https:\/\/www.pressenza.com\/it\/2021\/11\/vaccini-10-000-volti-illuminati-da-candele-per-10-000-morti-di-covid-al-giorno\/"},"author":{"name":"Emergency","@id":"https:\/\/www.pressenza.com\/it\/#\/schema\/person\/f8fdc61e3c9c244cd96a553e620bdfcf"},"headline":"Vaccini, 10.000 volti illuminati da candele per 10.000 morti di Covid al giorno","datePublished":"2021-11-18T16:46:56+00:00","mainEntityOfPage":{"@id":"https:\/\/www.pressenza.com\/it\/2021\/11\/vaccini-10-000-volti-illuminati-da-candele-per-10-000-morti-di-covid-al-giorno\/"},"wordCount":620,"publisher":{"@id":"https:\/\/www.pressenza.com\/it\/#organization"},"image":{"@id":"https:\/\/www.pressenza.com\/it\/2021\/11\/vaccini-10-000-volti-illuminati-da-candele-per-10-000-morti-di-covid-al-giorno\/#primaryimage"},"thumbnailUrl":"https:\/\/www.pressenza.com\/wp-content\/uploads\/2021\/01\/no-profit-on-pandemic-cartello.jpg","keywords":["Big-pharma","brevetti","Campagna Diritto alla cura","paesi poveri","paesi ricchi","sospensione","Vaccini"],"articleSection":["Comunicati Stampa","Internazionale","Salute"],"inLanguage":"it-IT"},{"@type":"WebPage","@id":"https:\/\/www.pressenza.com\/it\/2021\/11\/vaccini-10-000-volti-illuminati-da-candele-per-10-000-morti-di-covid-al-giorno\/","url":"https:\/\/www.pressenza.com\/it\/2021\/11\/vaccini-10-000-volti-illuminati-da-candele-per-10-000-morti-di-covid-al-giorno\/","name":"Vaccini, 10.000 volti illuminati da candele per 10.000 morti di Covid al giorno","isPartOf":{"@id":"https:\/\/www.pressenza.com\/it\/#website"},"primaryImageOfPage":{"@id":"https:\/\/www.pressenza.com\/it\/2021\/11\/vaccini-10-000-volti-illuminati-da-candele-per-10-000-morti-di-covid-al-giorno\/#primaryimage"},"image":{"@id":"https:\/\/www.pressenza.com\/it\/2021\/11\/vaccini-10-000-volti-illuminati-da-candele-per-10-000-morti-di-covid-al-giorno\/#primaryimage"},"thumbnailUrl":"https:\/\/www.pressenza.com\/wp-content\/uploads\/2021\/01\/no-profit-on-pandemic-cartello.jpg","datePublished":"2021-11-18T16:46:56+00:00","description":"Mobilitazione europea della Campagna rigth2cure-No profit on pandemic per sospensione brevetti dei vaccini in vista dell'interministeriale WTO 30","breadcrumb":{"@id":"https:\/\/www.pressenza.com\/it\/2021\/11\/vaccini-10-000-volti-illuminati-da-candele-per-10-000-morti-di-covid-al-giorno\/#breadcrumb"},"inLanguage":"it-IT","potentialAction":[{"@type":"ReadAction","target":["https:\/\/www.pressenza.com\/it\/2021\/11\/vaccini-10-000-volti-illuminati-da-candele-per-10-000-morti-di-covid-al-giorno\/"]}]},{"@type":"ImageObject","inLanguage":"it-IT","@id":"https:\/\/www.pressenza.com\/it\/2021\/11\/vaccini-10-000-volti-illuminati-da-candele-per-10-000-morti-di-covid-al-giorno\/#primaryimage","url":"https:\/\/www.pressenza.com\/wp-content\/uploads\/2021\/01\/no-profit-on-pandemic-cartello.jpg","contentUrl":"https:\/\/www.pressenza.com\/wp-content\/uploads\/2021\/01\/no-profit-on-pandemic-cartello.jpg","width":1280,"height":720},{"@type":"BreadcrumbList","@id":"https:\/\/www.pressenza.com\/it\/2021\/11\/vaccini-10-000-volti-illuminati-da-candele-per-10-000-morti-di-covid-al-giorno\/#breadcrumb","itemListElement":[{"@type":"ListItem","position":1,"name":"Accueil","item":"https:\/\/www.pressenza.com\/it\/"},{"@type":"ListItem","position":2,"name":"Vaccini, 10.000 volti illuminati da candele per 10.000 morti di Covid al giorno"}]},{"@type":"WebSite","@id":"https:\/\/www.pressenza.com\/it\/#website","url":"https:\/\/www.pressenza.com\/it\/","name":"Pressenza","description":"Agenzia di Stampa Internazionale","publisher":{"@id":"https:\/\/www.pressenza.com\/it\/#organization"},"potentialAction":[{"@type":"SearchAction","target":{"@type":"EntryPoint","urlTemplate":"https:\/\/www.pressenza.com\/it\/?s={search_term_string}"},"query-input":{"@type":"PropertyValueSpecification","valueRequired":true,"valueName":"search_term_string"}}],"inLanguage":"it-IT"},{"@type":"Organization","@id":"https:\/\/www.pressenza.com\/it\/#organization","name":"Pressenza","url":"https:\/\/www.pressenza.com\/it\/","logo":{"@type":"ImageObject","inLanguage":"it-IT","@id":"https:\/\/www.pressenza.com\/it\/#\/schema\/logo\/image\/","url":"https:\/\/www.pressenza.com\/wp-content\/uploads\/2022\/10\/pressenza_logo_200x200.jpg","contentUrl":"https:\/\/www.pressenza.com\/wp-content\/uploads\/2022\/10\/pressenza_logo_200x200.jpg","width":200,"height":200,"caption":"Pressenza"},"image":{"@id":"https:\/\/www.pressenza.com\/it\/#\/schema\/logo\/image\/"},"sameAs":["https:\/\/www.facebook.com\/PressenzaItalia","https:\/\/x.com\/PressenzaIPA"]},{"@type":"Person","@id":"https:\/\/www.pressenza.com\/it\/#\/schema\/person\/f8fdc61e3c9c244cd96a553e620bdfcf","name":"Emergency","description":"www.emergency.it","url":"https:\/\/www.pressenza.com\/it\/author\/emergency\/"}]}},"place":"","original_article_url":"","_links":{"self":[{"href":"https:\/\/www.pressenza.com\/it\/wp-json\/wp\/v2\/posts\/1473064","targetHints":{"allow":["GET"]}}],"collection":[{"href":"https:\/\/www.pressenza.com\/it\/wp-json\/wp\/v2\/posts"}],"about":[{"href":"https:\/\/www.pressenza.com\/it\/wp-json\/wp\/v2\/types\/post"}],"author":[{"embeddable":true,"href":"https:\/\/www.pressenza.com\/it\/wp-json\/wp\/v2\/users\/598"}],"replies":[{"embeddable":true,"href":"https:\/\/www.pressenza.com\/it\/wp-json\/wp\/v2\/comments?post=1473064"}],"version-history":[{"count":0,"href":"https:\/\/www.pressenza.com\/it\/wp-json\/wp\/v2\/posts\/1473064\/revisions"}],"wp:featuredmedia":[{"embeddable":true,"href":"https:\/\/www.pressenza.com\/it\/wp-json\/wp\/v2\/media\/1285917"}],"wp:attachment":[{"href":"https:\/\/www.pressenza.com\/it\/wp-json\/wp\/v2\/media?parent=1473064"}],"wp:term":[{"taxonomy":"category","embeddable":true,"href":"https:\/\/www.pressenza.com\/it\/wp-json\/wp\/v2\/categories?post=1473064"},{"taxonomy":"post_tag","embeddable":true,"href":"https:\/\/www.pressenza.com\/it\/wp-json\/wp\/v2\/tags?post=1473064"}],"curies":[{"name":"wp","href":"https:\/\/api.w.org\/{rel}","templated":true}]}}