{"id":1468518,"date":"2021-11-12T13:21:19","date_gmt":"2021-11-12T13:21:19","guid":{"rendered":"https:\/\/www.pressenza.com\/?p=1468518"},"modified":"2021-11-12T13:21:19","modified_gmt":"2021-11-12T13:21:19","slug":"afghanistan-studentesse-di-nuovo-in-classe-ad-herat","status":"publish","type":"post","link":"https:\/\/www.pressenza.com\/it\/2021\/11\/afghanistan-studentesse-di-nuovo-in-classe-ad-herat\/","title":{"rendered":"Afghanistan, studentesse di nuovo in classe ad Herat"},"content":{"rendered":"<div id=\"outerContainer\">\n<div id=\"sidebarContainer\">\n<div id=\"toolbarSidebar\">\n<div id=\"toolbarSidebarLeft\">Dalla presa al potere dei talebani avvenuta lo scorso 15 agosto, la comunit\u00e0 internazionale ha fatto pressioni affinch\u00e9 venissero garantiti i diritti fondamentali alle donne.<\/div>\n<\/div>\n<\/div>\n<\/div>\n<p>Non \u00e8 la prima volta, infatti, che i talebani limitano in modo significativo la libert\u00e0 femminile, con misure restrittive ascrivibili al loro primo regime nel Paese, dal \u201996 al 2001.<\/p>\n<p>Di l\u00ec, in seguito alla caduta del regime, le donne afghane avevano ripreso a frequentare la scuola e i luoghi di lavoro, fino a quando le loro vite sono state nuovamente stravolte dall\u2019arrivo degli integralisti islamici.<\/p>\n<p>L\u2019istruzione, si sa, \u00e8 l\u2019arma pi\u00f9 potente e non stupisce che i talebani abbiano imposto tali divieti.<\/p>\n<p>Sebbene finora si siano verificate gravi violazioni in merito agli accordi internazionali, e non ci siano stati comunicati ufficiali da parte dei talebani, qualcosa si sta muovendo: nella regione occidentale, ad Herat, la terza citt\u00e0 pi\u00f9 grande dell&#8217;Afghanistan, molte scuole hanno riaperto.<\/p>\n<p>Lo riferisce TOLOnews, il principale canale di notizie afgano, su twitter, postando la foto di una classe femminile e citando informazioni rilasciate da un&#8217;associazione locale di docenti. Il Consiglio degli insegnanti di Herat, infatti, in coordinamento con il Dipartimento dell\u2019Istruzione, ha stabilito il provvedimento che interessa oltre 5000 giovani, dal settimo al dodicesimo anno di corso. Inoltre, secondo le stime dell\u2019associazione locale, la decisione intende permettere il rientro in classe di 300mila ragazze, tenendo conto che una cospicua parte della popolazione scolastica \u2013 registrata dalle autorit\u00e0 \u2013 \u00e8 composta proprio da loro.<\/p>\n<p>L\u2019intento, dunque, \u00e8 quello che il provvedimento venga esteso alle studentesse del Paese, come richiesto dalle Organizzazioni internazionali governative e non, e dia nuova linfa alle aspirazioni infrante di tantissime ragazze.<\/p>\n<p>Non \u00e8 dato sapere quanto realmente abbia influito l\u2019appello accorato di una studentessa che, a seguito di un breve intervento tenutosi lo scorso 21 ottobre durante una cerimonia a Herat, in occasione dell\u2019anniversario della nascita del Profeta Maometto, ha stupito e commosso il pubblico. Anzich\u00e9 leggere una poesia, come da programma, la 15enne <strong><span style=\"color: #800000;\">Sotooda Forotan<\/span> <\/strong>ha dichiarato: \u00abOggi, come rappresentante delle ragazze, voglio lanciare un messaggio che proviene dai nostri cuori.<\/p>\n<p>Sappiamo tutte che Herat \u00e8 citt\u00e0 della conoscenza&#8230; perch\u00e9 allora le scuole devono restare chiuse per le studentesse?\u00bb, lanciando un chiaro monito ai talebani. L\u2019appello \u00e8 diventato ben presto virale tra gli utenti afghani dei social media, tornando ad alimentare la battaglia contro il bando dei mullah all&#8217;educazione femminile, consentita a livello nazionale finora soltanto nelle scuole primarie.<\/p>\n<p>Tuttavia, nel resto dell&#8217;Afghanistan, al di l\u00e0 delle politiche oscurantiste dei talebani che non intendono comunque autorizzare classi miste n\u00e9 a scuola n\u00e9 all\u2019universit\u00e0, ad impedire il rientro in classe delle studentesse pi\u00f9 adulte potrebbe essere la drammatica situazione finanziaria in cui versa il Paese, a seguito del blocco dei sussidi internazionali: dalla salita al potere dei talebani, ad agosto, molti insegnanti denunciano di non aver ancora ricevuto nessuno stipendio.<\/p>\n","protected":false},"excerpt":{"rendered":"<p>Dalla presa al potere dei talebani avvenuta lo scorso 15 agosto, la comunit\u00e0 internazionale ha fatto pressioni affinch\u00e9 venissero garantiti i diritti fondamentali alle donne. Non \u00e8 la prima volta, infatti, che i talebani limitano in modo significativo la libert\u00e0&hellip;<\/p>\n","protected":false},"author":1884,"featured_media":1468520,"comment_status":"closed","ping_status":"closed","sticky":false,"template":"","format":"standard","meta":{"footnotes":""},"categories":[46,11388,60],"tags":[459,96696,96697,5954],"class_list":["post-1468518","post","type-post","status-publish","format-standard","has-post-thumbnail","hentry","category-asia-it","category-contenuti-originali","category-diritti-umani","tag-afghanistan-it","tag-herat","tag-sotooda-forotan","tag-talebani"],"yoast_head":"<!-- This site is optimized with the Yoast SEO plugin v27.1.1 - https:\/\/yoast.com\/product\/yoast-seo-wordpress\/ -->\n<title>Afghanistan, studentesse di nuovo in classe ad Herat<\/title>\n<meta name=\"description\" content=\"Dalla presa al potere dei talebani avvenuta lo scorso 15 agosto, la comunit\u00e0 internazionale ha fatto pressioni affinch\u00e9 venissero garantiti i diritti\" \/>\n<meta name=\"robots\" content=\"index, follow, max-snippet:-1, max-image-preview:large, max-video-preview:-1\" \/>\n<link rel=\"canonical\" href=\"https:\/\/www.pressenza.com\/it\/2021\/11\/afghanistan-studentesse-di-nuovo-in-classe-ad-herat\/\" \/>\n<meta property=\"og:locale\" content=\"it_IT\" \/>\n<meta property=\"og:type\" content=\"article\" \/>\n<meta property=\"og:title\" content=\"Afghanistan, studentesse di nuovo in classe ad Herat\" \/>\n<meta property=\"og:description\" content=\"Dalla presa al potere dei talebani avvenuta lo scorso 15 agosto, la comunit\u00e0 internazionale ha fatto pressioni affinch\u00e9 venissero garantiti i diritti\" \/>\n<meta property=\"og:url\" content=\"https:\/\/www.pressenza.com\/it\/2021\/11\/afghanistan-studentesse-di-nuovo-in-classe-ad-herat\/\" \/>\n<meta property=\"og:site_name\" content=\"Pressenza\" \/>\n<meta property=\"article:publisher\" content=\"https:\/\/www.facebook.com\/PressenzaItalia\" \/>\n<meta property=\"article:published_time\" content=\"2021-11-12T13:21:19+00:00\" \/>\n<meta property=\"og:image\" content=\"https:\/\/www.pressenza.com\/wp-content\/uploads\/2021\/11\/Herat-girls.jpg\" \/>\n\t<meta property=\"og:image:width\" content=\"1024\" \/>\n\t<meta property=\"og:image:height\" content=\"683\" \/>\n\t<meta property=\"og:image:type\" content=\"image\/jpeg\" \/>\n<meta name=\"author\" content=\"Gabriella Scafuri\" \/>\n<meta name=\"twitter:card\" content=\"summary_large_image\" \/>\n<meta name=\"twitter:creator\" content=\"@PressenzaIPA\" \/>\n<meta name=\"twitter:site\" content=\"@PressenzaIPA\" \/>\n<meta name=\"twitter:label1\" content=\"Scritto da\" \/>\n\t<meta name=\"twitter:data1\" content=\"Gabriella Scafuri\" \/>\n\t<meta name=\"twitter:label2\" content=\"Tempo di lettura stimato\" \/>\n\t<meta name=\"twitter:data2\" content=\"2 minuti\" \/>\n<script type=\"application\/ld+json\" class=\"yoast-schema-graph\">{\"@context\":\"https:\/\/schema.org\",\"@graph\":[{\"@type\":\"Article\",\"@id\":\"https:\/\/www.pressenza.com\/it\/2021\/11\/afghanistan-studentesse-di-nuovo-in-classe-ad-herat\/#article\",\"isPartOf\":{\"@id\":\"https:\/\/www.pressenza.com\/it\/2021\/11\/afghanistan-studentesse-di-nuovo-in-classe-ad-herat\/\"},\"author\":{\"name\":\"Gabriella Scafuri\",\"@id\":\"https:\/\/www.pressenza.com\/it\/#\/schema\/person\/5b764d3bae307e6e33f74b538b9bf7f1\"},\"headline\":\"Afghanistan, studentesse di nuovo in classe ad Herat\",\"datePublished\":\"2021-11-12T13:21:19+00:00\",\"mainEntityOfPage\":{\"@id\":\"https:\/\/www.pressenza.com\/it\/2021\/11\/afghanistan-studentesse-di-nuovo-in-classe-ad-herat\/\"},\"wordCount\":480,\"publisher\":{\"@id\":\"https:\/\/www.pressenza.com\/it\/#organization\"},\"image\":{\"@id\":\"https:\/\/www.pressenza.com\/it\/2021\/11\/afghanistan-studentesse-di-nuovo-in-classe-ad-herat\/#primaryimage\"},\"thumbnailUrl\":\"https:\/\/www.pressenza.com\/wp-content\/uploads\/2021\/11\/Herat-girls.jpg\",\"keywords\":[\"Afghanistan\",\"Herat\",\"Sotooda Forotan\",\"Talebani\"],\"articleSection\":[\"Asia\",\"contenuti originali\",\"Diritti Umani\"],\"inLanguage\":\"it-IT\"},{\"@type\":\"WebPage\",\"@id\":\"https:\/\/www.pressenza.com\/it\/2021\/11\/afghanistan-studentesse-di-nuovo-in-classe-ad-herat\/\",\"url\":\"https:\/\/www.pressenza.com\/it\/2021\/11\/afghanistan-studentesse-di-nuovo-in-classe-ad-herat\/\",\"name\":\"Afghanistan, studentesse di nuovo in classe ad Herat\",\"isPartOf\":{\"@id\":\"https:\/\/www.pressenza.com\/it\/#website\"},\"primaryImageOfPage\":{\"@id\":\"https:\/\/www.pressenza.com\/it\/2021\/11\/afghanistan-studentesse-di-nuovo-in-classe-ad-herat\/#primaryimage\"},\"image\":{\"@id\":\"https:\/\/www.pressenza.com\/it\/2021\/11\/afghanistan-studentesse-di-nuovo-in-classe-ad-herat\/#primaryimage\"},\"thumbnailUrl\":\"https:\/\/www.pressenza.com\/wp-content\/uploads\/2021\/11\/Herat-girls.jpg\",\"datePublished\":\"2021-11-12T13:21:19+00:00\",\"description\":\"Dalla presa al potere dei talebani avvenuta lo scorso 15 agosto, la comunit\u00e0 internazionale ha fatto pressioni affinch\u00e9 venissero garantiti i diritti\",\"breadcrumb\":{\"@id\":\"https:\/\/www.pressenza.com\/it\/2021\/11\/afghanistan-studentesse-di-nuovo-in-classe-ad-herat\/#breadcrumb\"},\"inLanguage\":\"it-IT\",\"potentialAction\":[{\"@type\":\"ReadAction\",\"target\":[\"https:\/\/www.pressenza.com\/it\/2021\/11\/afghanistan-studentesse-di-nuovo-in-classe-ad-herat\/\"]}]},{\"@type\":\"ImageObject\",\"inLanguage\":\"it-IT\",\"@id\":\"https:\/\/www.pressenza.com\/it\/2021\/11\/afghanistan-studentesse-di-nuovo-in-classe-ad-herat\/#primaryimage\",\"url\":\"https:\/\/www.pressenza.com\/wp-content\/uploads\/2021\/11\/Herat-girls.jpg\",\"contentUrl\":\"https:\/\/www.pressenza.com\/wp-content\/uploads\/2021\/11\/Herat-girls.jpg\",\"width\":1024,\"height\":683},{\"@type\":\"BreadcrumbList\",\"@id\":\"https:\/\/www.pressenza.com\/it\/2021\/11\/afghanistan-studentesse-di-nuovo-in-classe-ad-herat\/#breadcrumb\",\"itemListElement\":[{\"@type\":\"ListItem\",\"position\":1,\"name\":\"Accueil\",\"item\":\"https:\/\/www.pressenza.com\/it\/\"},{\"@type\":\"ListItem\",\"position\":2,\"name\":\"Afghanistan, studentesse di nuovo in classe ad Herat\"}]},{\"@type\":\"WebSite\",\"@id\":\"https:\/\/www.pressenza.com\/it\/#website\",\"url\":\"https:\/\/www.pressenza.com\/it\/\",\"name\":\"Pressenza\",\"description\":\"Agenzia di Stampa Internazionale\",\"publisher\":{\"@id\":\"https:\/\/www.pressenza.com\/it\/#organization\"},\"potentialAction\":[{\"@type\":\"SearchAction\",\"target\":{\"@type\":\"EntryPoint\",\"urlTemplate\":\"https:\/\/www.pressenza.com\/it\/?s={search_term_string}\"},\"query-input\":{\"@type\":\"PropertyValueSpecification\",\"valueRequired\":true,\"valueName\":\"search_term_string\"}}],\"inLanguage\":\"it-IT\"},{\"@type\":\"Organization\",\"@id\":\"https:\/\/www.pressenza.com\/it\/#organization\",\"name\":\"Pressenza\",\"url\":\"https:\/\/www.pressenza.com\/it\/\",\"logo\":{\"@type\":\"ImageObject\",\"inLanguage\":\"it-IT\",\"@id\":\"https:\/\/www.pressenza.com\/it\/#\/schema\/logo\/image\/\",\"url\":\"https:\/\/www.pressenza.com\/wp-content\/uploads\/2022\/10\/pressenza_logo_200x200.jpg\",\"contentUrl\":\"https:\/\/www.pressenza.com\/wp-content\/uploads\/2022\/10\/pressenza_logo_200x200.jpg\",\"width\":200,\"height\":200,\"caption\":\"Pressenza\"},\"image\":{\"@id\":\"https:\/\/www.pressenza.com\/it\/#\/schema\/logo\/image\/\"},\"sameAs\":[\"https:\/\/www.facebook.com\/PressenzaItalia\",\"https:\/\/x.com\/PressenzaIPA\"]},{\"@type\":\"Person\",\"@id\":\"https:\/\/www.pressenza.com\/it\/#\/schema\/person\/5b764d3bae307e6e33f74b538b9bf7f1\",\"name\":\"Gabriella Scafuri\",\"description\":\"Classe 1987, romana di nascita e partenopea d\u2019origine. Insegnante d'italiano L2 e comunicatrice free lance. Dopo gli studi classici si laurea in Lettere, curriculum in Letteratura italiana e comunicazione dei mass-media e, in seguito, in Italianistica. Di l\u00ec a poco scopre il mondo dell\u2019intercultura e del Terzo Settore. Crede nella cittadinanza attiva e in tutte quelle iniziative culturali di promozione sociale, nel rispetto della persona e dei suoi diritti. Partecipa con entusiasmo a progetti di inclusione dei migranti, insegnando loro la lingua italiana (che sogna un giorno di poter divulgare presso Istituzioni culturali all\u2019estero). Ha collaborato con varie testate, scrivendo di arte, musica e letteratura. Ama viaggiare, esplorare la Pachamama, la poesia e la Musica.\",\"url\":\"https:\/\/www.pressenza.com\/it\/author\/gabriella-scafuri\/\"}]}<\/script>\n<!-- \/ Yoast SEO plugin. -->","yoast_head_json":{"title":"Afghanistan, studentesse di nuovo in classe ad Herat","description":"Dalla presa al potere dei talebani avvenuta lo scorso 15 agosto, la comunit\u00e0 internazionale ha fatto pressioni affinch\u00e9 venissero garantiti i diritti","robots":{"index":"index","follow":"follow","max-snippet":"max-snippet:-1","max-image-preview":"max-image-preview:large","max-video-preview":"max-video-preview:-1"},"canonical":"https:\/\/www.pressenza.com\/it\/2021\/11\/afghanistan-studentesse-di-nuovo-in-classe-ad-herat\/","og_locale":"it_IT","og_type":"article","og_title":"Afghanistan, studentesse di nuovo in classe ad Herat","og_description":"Dalla presa al potere dei talebani avvenuta lo scorso 15 agosto, la comunit\u00e0 internazionale ha fatto pressioni affinch\u00e9 venissero garantiti i diritti","og_url":"https:\/\/www.pressenza.com\/it\/2021\/11\/afghanistan-studentesse-di-nuovo-in-classe-ad-herat\/","og_site_name":"Pressenza","article_publisher":"https:\/\/www.facebook.com\/PressenzaItalia","article_published_time":"2021-11-12T13:21:19+00:00","og_image":[{"width":1024,"height":683,"url":"https:\/\/www.pressenza.com\/wp-content\/uploads\/2021\/11\/Herat-girls.jpg","type":"image\/jpeg"}],"author":"Gabriella Scafuri","twitter_card":"summary_large_image","twitter_creator":"@PressenzaIPA","twitter_site":"@PressenzaIPA","twitter_misc":{"Scritto da":"Gabriella Scafuri","Tempo di lettura stimato":"2 minuti"},"schema":{"@context":"https:\/\/schema.org","@graph":[{"@type":"Article","@id":"https:\/\/www.pressenza.com\/it\/2021\/11\/afghanistan-studentesse-di-nuovo-in-classe-ad-herat\/#article","isPartOf":{"@id":"https:\/\/www.pressenza.com\/it\/2021\/11\/afghanistan-studentesse-di-nuovo-in-classe-ad-herat\/"},"author":{"name":"Gabriella Scafuri","@id":"https:\/\/www.pressenza.com\/it\/#\/schema\/person\/5b764d3bae307e6e33f74b538b9bf7f1"},"headline":"Afghanistan, studentesse di nuovo in classe ad Herat","datePublished":"2021-11-12T13:21:19+00:00","mainEntityOfPage":{"@id":"https:\/\/www.pressenza.com\/it\/2021\/11\/afghanistan-studentesse-di-nuovo-in-classe-ad-herat\/"},"wordCount":480,"publisher":{"@id":"https:\/\/www.pressenza.com\/it\/#organization"},"image":{"@id":"https:\/\/www.pressenza.com\/it\/2021\/11\/afghanistan-studentesse-di-nuovo-in-classe-ad-herat\/#primaryimage"},"thumbnailUrl":"https:\/\/www.pressenza.com\/wp-content\/uploads\/2021\/11\/Herat-girls.jpg","keywords":["Afghanistan","Herat","Sotooda Forotan","Talebani"],"articleSection":["Asia","contenuti originali","Diritti Umani"],"inLanguage":"it-IT"},{"@type":"WebPage","@id":"https:\/\/www.pressenza.com\/it\/2021\/11\/afghanistan-studentesse-di-nuovo-in-classe-ad-herat\/","url":"https:\/\/www.pressenza.com\/it\/2021\/11\/afghanistan-studentesse-di-nuovo-in-classe-ad-herat\/","name":"Afghanistan, studentesse di nuovo in classe ad Herat","isPartOf":{"@id":"https:\/\/www.pressenza.com\/it\/#website"},"primaryImageOfPage":{"@id":"https:\/\/www.pressenza.com\/it\/2021\/11\/afghanistan-studentesse-di-nuovo-in-classe-ad-herat\/#primaryimage"},"image":{"@id":"https:\/\/www.pressenza.com\/it\/2021\/11\/afghanistan-studentesse-di-nuovo-in-classe-ad-herat\/#primaryimage"},"thumbnailUrl":"https:\/\/www.pressenza.com\/wp-content\/uploads\/2021\/11\/Herat-girls.jpg","datePublished":"2021-11-12T13:21:19+00:00","description":"Dalla presa al potere dei talebani avvenuta lo scorso 15 agosto, la comunit\u00e0 internazionale ha fatto pressioni affinch\u00e9 venissero garantiti i diritti","breadcrumb":{"@id":"https:\/\/www.pressenza.com\/it\/2021\/11\/afghanistan-studentesse-di-nuovo-in-classe-ad-herat\/#breadcrumb"},"inLanguage":"it-IT","potentialAction":[{"@type":"ReadAction","target":["https:\/\/www.pressenza.com\/it\/2021\/11\/afghanistan-studentesse-di-nuovo-in-classe-ad-herat\/"]}]},{"@type":"ImageObject","inLanguage":"it-IT","@id":"https:\/\/www.pressenza.com\/it\/2021\/11\/afghanistan-studentesse-di-nuovo-in-classe-ad-herat\/#primaryimage","url":"https:\/\/www.pressenza.com\/wp-content\/uploads\/2021\/11\/Herat-girls.jpg","contentUrl":"https:\/\/www.pressenza.com\/wp-content\/uploads\/2021\/11\/Herat-girls.jpg","width":1024,"height":683},{"@type":"BreadcrumbList","@id":"https:\/\/www.pressenza.com\/it\/2021\/11\/afghanistan-studentesse-di-nuovo-in-classe-ad-herat\/#breadcrumb","itemListElement":[{"@type":"ListItem","position":1,"name":"Accueil","item":"https:\/\/www.pressenza.com\/it\/"},{"@type":"ListItem","position":2,"name":"Afghanistan, studentesse di nuovo in classe ad Herat"}]},{"@type":"WebSite","@id":"https:\/\/www.pressenza.com\/it\/#website","url":"https:\/\/www.pressenza.com\/it\/","name":"Pressenza","description":"Agenzia di Stampa Internazionale","publisher":{"@id":"https:\/\/www.pressenza.com\/it\/#organization"},"potentialAction":[{"@type":"SearchAction","target":{"@type":"EntryPoint","urlTemplate":"https:\/\/www.pressenza.com\/it\/?s={search_term_string}"},"query-input":{"@type":"PropertyValueSpecification","valueRequired":true,"valueName":"search_term_string"}}],"inLanguage":"it-IT"},{"@type":"Organization","@id":"https:\/\/www.pressenza.com\/it\/#organization","name":"Pressenza","url":"https:\/\/www.pressenza.com\/it\/","logo":{"@type":"ImageObject","inLanguage":"it-IT","@id":"https:\/\/www.pressenza.com\/it\/#\/schema\/logo\/image\/","url":"https:\/\/www.pressenza.com\/wp-content\/uploads\/2022\/10\/pressenza_logo_200x200.jpg","contentUrl":"https:\/\/www.pressenza.com\/wp-content\/uploads\/2022\/10\/pressenza_logo_200x200.jpg","width":200,"height":200,"caption":"Pressenza"},"image":{"@id":"https:\/\/www.pressenza.com\/it\/#\/schema\/logo\/image\/"},"sameAs":["https:\/\/www.facebook.com\/PressenzaItalia","https:\/\/x.com\/PressenzaIPA"]},{"@type":"Person","@id":"https:\/\/www.pressenza.com\/it\/#\/schema\/person\/5b764d3bae307e6e33f74b538b9bf7f1","name":"Gabriella Scafuri","description":"Classe 1987, romana di nascita e partenopea d\u2019origine. Insegnante d'italiano L2 e comunicatrice free lance. Dopo gli studi classici si laurea in Lettere, curriculum in Letteratura italiana e comunicazione dei mass-media e, in seguito, in Italianistica. Di l\u00ec a poco scopre il mondo dell\u2019intercultura e del Terzo Settore. Crede nella cittadinanza attiva e in tutte quelle iniziative culturali di promozione sociale, nel rispetto della persona e dei suoi diritti. Partecipa con entusiasmo a progetti di inclusione dei migranti, insegnando loro la lingua italiana (che sogna un giorno di poter divulgare presso Istituzioni culturali all\u2019estero). Ha collaborato con varie testate, scrivendo di arte, musica e letteratura. Ama viaggiare, esplorare la Pachamama, la poesia e la Musica.","url":"https:\/\/www.pressenza.com\/it\/author\/gabriella-scafuri\/"}]}},"place":"","original_article_url":"","_links":{"self":[{"href":"https:\/\/www.pressenza.com\/it\/wp-json\/wp\/v2\/posts\/1468518","targetHints":{"allow":["GET"]}}],"collection":[{"href":"https:\/\/www.pressenza.com\/it\/wp-json\/wp\/v2\/posts"}],"about":[{"href":"https:\/\/www.pressenza.com\/it\/wp-json\/wp\/v2\/types\/post"}],"author":[{"embeddable":true,"href":"https:\/\/www.pressenza.com\/it\/wp-json\/wp\/v2\/users\/1884"}],"replies":[{"embeddable":true,"href":"https:\/\/www.pressenza.com\/it\/wp-json\/wp\/v2\/comments?post=1468518"}],"version-history":[{"count":0,"href":"https:\/\/www.pressenza.com\/it\/wp-json\/wp\/v2\/posts\/1468518\/revisions"}],"wp:featuredmedia":[{"embeddable":true,"href":"https:\/\/www.pressenza.com\/it\/wp-json\/wp\/v2\/media\/1468520"}],"wp:attachment":[{"href":"https:\/\/www.pressenza.com\/it\/wp-json\/wp\/v2\/media?parent=1468518"}],"wp:term":[{"taxonomy":"category","embeddable":true,"href":"https:\/\/www.pressenza.com\/it\/wp-json\/wp\/v2\/categories?post=1468518"},{"taxonomy":"post_tag","embeddable":true,"href":"https:\/\/www.pressenza.com\/it\/wp-json\/wp\/v2\/tags?post=1468518"}],"curies":[{"name":"wp","href":"https:\/\/api.w.org\/{rel}","templated":true}]}}