{"id":146510,"date":"2014-11-06T15:55:15","date_gmt":"2014-11-06T15:55:15","guid":{"rendered":"http:\/\/www.pressenza.com\/?p=146510"},"modified":"2014-12-14T22:20:31","modified_gmt":"2014-12-14T22:20:31","slug":"palestina-solidarieta-per-gli-hares-boys","status":"publish","type":"post","link":"https:\/\/www.pressenza.com\/it\/2014\/11\/palestina-solidarieta-per-gli-hares-boys\/","title":{"rendered":"Palestina: solidariet\u00e0 per gli Hares Boys"},"content":{"rendered":"<div class=\"wp-caption alignnone\"><img loading=\"lazy\" decoding=\"async\" src=\"https:\/\/www.pressenza.com\/wp-content\/uploads\/2014\/11\/haresboys.jpg\" alt=\"\" width=\"960\" height=\"384\" \/><p class=\"wp-caption-text\">Photo credit Haresboys.wordpress.com<\/p><\/div>\n<p style=\"text-align: justify;\">Verso le 18:30 di giovedi 14 marzo 2013, una macchina si schiant\u00f2 contro il retro di un camion su una strada del governatorato di Salfit nella Palestina occupata, la strada 5. Il conducente e le sue 3 figlie rimasero feriti, una di loro gravemente. Il conducente, Adva Biton, stava tornando alla colonia illegale di Yakir quando si \u00e8 verificato l&#8217;incidente. In seguito ha sostenuto che l&#8217;incidente \u00e8 stato causato dal lancio di pietre di giovani palestinesi alla sua auto. Subito dopo il fatto, il conducente del camion ha testimoniato di essersi fermato a causa di una gomma a terra, ma ha poi cambiato la sua versione dicendo di aver visto delle pietre per strada. Non ci sono stati testimoni dell&#8217;incidente d&#8217;auto e nessuno ha visto bambini o giovani che lanciavano pietre quel giorno.<\/p>\n<p style=\"text-align: justify;\">Tuttavia a partire dal 15 marzo 2013, i soldati israeliani hanno iniziato a prendere d&#8217;assalto e a fare irruzione di notte nelle case dei villaggi vicini a quella strada arrestando giovani ragazzi palestinesi. &#8220;D\u00ec addio a tua madre perch\u00e9 potresti non vederla mai pi\u00f9&#8221;, dicevano gli agenti dei servizi segreti Shabak ai ragazzi arrestati.<\/p>\n<p style=\"text-align: justify;\">In totale 19 ragazzi adolescenti dei villaggi di Hares and Kifl Hares sono stati arrestati in relazione a quell&#8217;incidente d&#8217;auto. Nessuno di loro aveva precedenti di lancio di pietre. Dopo lunghi interrogatori la maggior parte di quei ragazzi fu rilasciato, tranne cinque di loro che rimangono ancora imprigionati nella prigione israeliana di Megiddo. Questi sono gli Hares Boys: Mohammed Kleib, Mohammed Suleiman, Ali Shamlawi, Ammar Souf e Tamer Souf.<\/p>\n<p style=\"text-align: justify;\">I ragazzi arrestati sono stati sottoposti ad una serie di abusi e maltrattamenti e a delle vere e proprie torture. Dopo la detenzione, sono stati tenuti in isolamento per circa due settimane. Uno dei ragazzi che \u00e8 poi stato rilasciato ha descritto la sua cella come un buco senza finestre di un metro di larghezza e due metri di lunghezza. Non c&#8217;era un materasso o una coperta per dormire, i servizi igienici erano sporchi, le luci erano tenute accese in modo continuativo per fare in modo che il ragazzo perdesse la cognizione del tempo, il cibo lo faceva star male. Al ragazzo \u00e8 stato anche negato un avvocato ed \u00e8 stato interrogato con violenza tre volte in tre giorni, e alla fine rilasciato dopo essere stato dichiarato non colpevole al processo.<\/p>\n<p>Anche gli altri ragazzi hanno denunciato ai loro avvocati trattamenti simili ed hanno &#8220;confessato&#8221; di aver lanciato pietre dopo essere aver ricevuto ripetuti abusi in prigione e durante gli interrogatori.<\/p>\n<p style=\"text-align: justify;\">I cinque ragazzi di Hares sono accusati ognuno con 20 capi d&#8217;imputazione per tentato omicidio, approssimativamente uno per ogni presunta pietra lanciata alle auto di passaggio. L&#8217;accusa dell&#8217;esercito israeliano insiste sul fatto che i ragazzi consapevolmente &#8220;intendevano uccidere&#8221;. I ragazzi rischiano la pena massima per tentato omicidio: da 20 anni all&#8217;ergastolo.<\/p>\n<p>La tesi dell&#8217;accusa si basa sulle confessioni dei ragazzi, che sono state ottenute sotto tortura, e sui presunti 61 testimoni, alcuni dei quali sostengono che le loro auto sono state danneggiate da pietre in quello stesso giorno su quella stessa strada. Questi ultimi sono usciti fuori solo dopo che l&#8217;incidente d&#8217;auto ha avuto una notevole copertura mediatica come &#8220;atto terroristico&#8221;. Gli altri testimoni sono la polizia israeliana e i servizi segreti Shabak, che non erano ancora presenti sul luogo in quel momento. Non \u00e8 chiaro se i 61 testimoni sono stati adeguatamente messi in discussione e le loro richieste verificate con ad esempio i dati di un ricovero ospedaliero, o anche se il presunto danno ai loro veicoli \u00e8 stato fotografato o documentato. Tali informazioni non sono ancora disponibili per gli avvocati dei ragazzi.<\/p>\n<p style=\"text-align: justify;\">Se questi ragazzi verranno condannati, questo caso costituirebbe un precedente giuridico che consentirebbe all&#8217;esercito israeliano di condannare ogni bambino o ragazzo palestinese per tentato omicidio nei casi di lancio di pietre. I ragazzi imputati hanno ora 16-17 anni di et\u00e0, ma se l&#8217;esercito israeliano otterr\u00e0 la loro condanna, potranno tornare a casa e alle loro famiglie solo all&#8217;et\u00e0 di 41, nella migliore delle ipotesi.<\/p>\n<p style=\"text-align: justify;\">La societ\u00e0 civile internazionale in soliariet\u00e0 con il popolo palestinese si sta muovendo su diversi fronti per denunciare questa situazione. In particolare, gli avvocati internazionali per i diritti umani consigliano la presenza di osservatori esterni, in particolare diplomatici, alle prossime udienze di questi ragazzi per fare in modo che la situazione migliori. Tutti possono aiutare scrivendo alla propria ambasciata a Tel Aviv per chiedere un rappresentante alle udienze dei ragazzi.<\/p>\n<p style=\"text-align: justify;\">Cinque giovani vite rovinate senza prova della loro colpevolezza \u00e8 un&#8217;insulto ai nostri principi comuni di giustizia come esseri umani, nonch\u00e9 un insulto alla nonviolenza e alla nondiscriminazione.<\/p>\n<p style=\"text-align: justify;\">Per maggiori informazioni sul caso degli Hares Boys visitate <a href=\"http:\/\/haresboys.wordpress.com\/\" target=\"_blank\">questa pagina<\/a>.<\/p>\n<p style=\"text-align: justify;\">Le prossime udienze dei ragazzi di fronte al tribunale militare di Salem saranno:<\/p>\n<p style=\"text-align: justify;\">Ali Shamlawi \u2013 <strong>6 Novembre<\/strong><br \/>\nAmmar Souf \u2013 <strong>14 Novembre<\/strong><br \/>\nMohammed Suleiman \u2013 <strong>16 Novembre<\/strong><br \/>\nMohammed Kleib &amp; Tamer Souf \u2013 <strong>27 Novembre<\/strong><\/p>\n<p style=\"text-align: justify;\">Di seguito diffondiamo un esempio, in italiano, di lettera che pu\u00f2 essere inviata per e-mail all&#8217;ambasciata italiana a Tel Aviv: stampa.telaviv@esteri.it<\/p>\n<p style=\"text-align: justify;\"><em>Signor Francesco Maria Tal\u00f2<\/em><br \/>\n<em> Ambasciata d&#8217;Italia a Tel Aviv<\/em><br \/>\n<em> Le scrivo per chiedere la sua presenza alle prossime udienze di cinque scolari palestinesi nel tribunale militare di Salem. I ragazzi sono: Mohammed Kleib, Mohammed Suleiman, Ali Shamlawi, Ammar Souf, Tamer Souf.<\/em><br \/>\n<em> Nel marzo del 2013, cinque ragazzi adolescenti del villaggio Hares (distretto di Salfit, Palestina occupata) sono stati arrestati e accusati di 20 capi di imputazione per tentato omicidio per presunto lancio di pietre contro la macchina di un colono israeliano. Accuse non motivate, in presenza di una schiacciante mancanza di prove.<\/em><br \/>\n<em> Da allora i ragazzi sono stati imprigionati, prima nel centro interrogatori di Al-Jalame e successivamente nella prigione di Megiddo, entrambe all&#8217;interno dei territori di Israele: come noto, il trasferimento di persone arrestate \/ detenute \/ imprigionate dai territori occupati al territorio dell&#8217;occupante viola il diritto internazionale, in particolare la Quarta Convenzione di Ginevra.<\/em><br \/>\n<em> Ogni ragazzo ha riferito di essere stato torturato, tenuto in isolamento fino a due settimane, picchiato da soldati e dal personale della prigione. Ai ragazzi sono state concesse solo visite molto limitate sia con le famiglie che con gli avvocati. Ogni udienza cui sono stati esposti \u00e8 stata chiusa agli osservatori esterni, e la prima \u00e8 avvenuta solo dopo un anno mezzo dal loro incarceramento.<\/em><br \/>\n<em> Una prova teribile per questi ragazzi e per le loro famiglie.<\/em><br \/>\n<em> Le chiedo di partecipare alla prossima udienza in tribunale, poich\u00e9 la sua presenza in qualit\u00e0 di osservatore internazionale far\u00e0 in modo che questi ragazzi ricevano un processo equo nei limiti consentiti da un aberrante sistema giudiziario militare.<\/em><br \/>\n<em> Mi auguro che voglia rassicurarmi garantendomi la Sua risposta positiva.<\/em><br \/>\n<em> Se avesse bisogno di maggiori informazioni sull&#8217;udienza, La prego di inviare un&#8217;e-mail al team della campagna Hares Boys: haresboys@<a href=\"http:\/\/l.facebook.com\/l.php?u=http%3A%2F%2Fgmail.com%2F&amp;h=dAQFiZpT2&amp;enc=AZOIVMKgj8Rss3ScGgkDXBpuVi7PzWpj0Oa5bA0N2Mug6GXbzp5vP0E8Pzmw-fwRtSXPP3cacGFVbeLMpePLzgiTeXYEg4yfvmgOyz1CfHaX1TeRbcx1h26cRNnpkmHY32m4DL_bErWK9w-gxv_eAXUv9sPik-k9aCSp2zEisQZIqA&amp;s=1\" target=\"_blank\" rel=\"nofollow\">gmail.com.<\/a> In alternativa, si prega di dare un&#8217;occhiata al resoconto dettagliato del loro caso a questo sito on-line: <a href=\"http:\/\/l.facebook.com\/l.php?u=http%3A%2F%2Fharesboys.wordpress.com%2F&amp;h=rAQGxKoU0&amp;enc=AZPXeNfElrNG_pco3-UD0BWq-c3UEXDkYS-NYEx_YLLbFr691Sw7eOStnFK-RT_nVVhcdmk-a9TQeApkh8R8i-IkJLsgfTj0VQmByRkfB8C2ZJCwrZa0IVDkubUoVaJQHuhaquI_J_OyDlddsaeCSYtgmjj_eEM-LByVD8lnRw9c3w&amp;s=1\" target=\"_blank\" rel=\"nofollow\">http:\/\/haresboys.wordpress.com\/<\/a><\/em><br \/>\n<em> Cordiali saluti,<\/em><br \/>\n<em> nome, cognome, cap, citt\u00e0, stato<\/em><\/p>\n","protected":false},"excerpt":{"rendered":"<p>Verso le 18:30 di giovedi 14 marzo 2013, una macchina si schiant\u00f2 contro il retro di un camion su una strada del governatorato di Salfit nella Palestina occupata, la strada 5. Il conducente e le sue 3 figlie rimasero feriti,&hellip;<\/p>\n","protected":false},"author":594,"featured_media":0,"comment_status":"closed","ping_status":"open","sticky":false,"template":"","format":"standard","meta":{"footnotes":""},"categories":[150,11388,38,52,1261],"tags":[13294,13295,460,294,1227,4464],"class_list":["post-146510","post","type-post","status-publish","format-standard","hentry","category-comunicati-stampa","category-contenuti-originali","category-internazionale","category-medio-oriente","category-diversita","tag-carceri-israeliane","tag-hares-boys","tag-nonviolenza","tag-pace","tag-palestina-it","tag-prigionieri-palestinesi"],"yoast_head":"<!-- This site is optimized with the Yoast SEO plugin v27.1.1 - https:\/\/yoast.com\/product\/yoast-seo-wordpress\/ -->\n<title>Palestina: solidariet\u00e0 per gli Hares Boys<\/title>\n<meta name=\"description\" content=\"Verso le 18:30 di giovedi 14 marzo 2013, una macchina si schiant\u00f2 contro il retro di un camion su una strada del governatorato di Salfit nella Palestina\" \/>\n<meta name=\"robots\" content=\"index, follow, max-snippet:-1, max-image-preview:large, max-video-preview:-1\" \/>\n<link rel=\"canonical\" href=\"https:\/\/www.pressenza.com\/it\/2014\/11\/palestina-solidarieta-per-gli-hares-boys\/\" \/>\n<meta property=\"og:locale\" content=\"it_IT\" \/>\n<meta property=\"og:type\" content=\"article\" \/>\n<meta property=\"og:title\" content=\"Palestina: solidariet\u00e0 per gli Hares Boys\" \/>\n<meta property=\"og:description\" content=\"Verso le 18:30 di giovedi 14 marzo 2013, una macchina si schiant\u00f2 contro il retro di un camion su una strada del governatorato di Salfit nella Palestina\" \/>\n<meta property=\"og:url\" content=\"https:\/\/www.pressenza.com\/it\/2014\/11\/palestina-solidarieta-per-gli-hares-boys\/\" \/>\n<meta property=\"og:site_name\" content=\"Pressenza\" \/>\n<meta property=\"article:publisher\" content=\"https:\/\/www.facebook.com\/PressenzaItalia\" \/>\n<meta property=\"article:author\" content=\"https:\/\/www.facebook.com\/PressenzaItalia\" \/>\n<meta property=\"article:published_time\" content=\"2014-11-06T15:55:15+00:00\" \/>\n<meta property=\"article:modified_time\" content=\"2014-12-14T22:20:31+00:00\" \/>\n<meta property=\"og:image\" content=\"https:\/\/www.pressenza.com\/wp-content\/uploads\/2014\/11\/haresboys.jpg\" \/>\n<meta name=\"author\" content=\"Redazione Italia\" \/>\n<meta name=\"twitter:card\" content=\"summary_large_image\" \/>\n<meta name=\"twitter:creator\" content=\"@pressenza_it\" \/>\n<meta name=\"twitter:site\" content=\"@PressenzaIPA\" \/>\n<meta name=\"twitter:label1\" content=\"Scritto da\" \/>\n\t<meta name=\"twitter:data1\" content=\"Redazione Italia\" \/>\n\t<meta name=\"twitter:label2\" content=\"Tempo di lettura stimato\" \/>\n\t<meta name=\"twitter:data2\" content=\"6 minuti\" \/>\n<script type=\"application\/ld+json\" class=\"yoast-schema-graph\">{\"@context\":\"https:\/\/schema.org\",\"@graph\":[{\"@type\":\"Article\",\"@id\":\"https:\/\/www.pressenza.com\/it\/2014\/11\/palestina-solidarieta-per-gli-hares-boys\/#article\",\"isPartOf\":{\"@id\":\"https:\/\/www.pressenza.com\/it\/2014\/11\/palestina-solidarieta-per-gli-hares-boys\/\"},\"author\":{\"name\":\"Redazione Italia\",\"@id\":\"https:\/\/www.pressenza.com\/it\/#\/schema\/person\/d983e81827ae24f2c7b1a2123d197f8d\"},\"headline\":\"Palestina: solidariet\u00e0 per gli Hares Boys\",\"datePublished\":\"2014-11-06T15:55:15+00:00\",\"dateModified\":\"2014-12-14T22:20:31+00:00\",\"mainEntityOfPage\":{\"@id\":\"https:\/\/www.pressenza.com\/it\/2014\/11\/palestina-solidarieta-per-gli-hares-boys\/\"},\"wordCount\":1160,\"publisher\":{\"@id\":\"https:\/\/www.pressenza.com\/it\/#organization\"},\"image\":{\"@id\":\"https:\/\/www.pressenza.com\/it\/2014\/11\/palestina-solidarieta-per-gli-hares-boys\/#primaryimage\"},\"thumbnailUrl\":\"https:\/\/www.pressenza.com\/wp-content\/uploads\/2014\/11\/haresboys.jpg\",\"keywords\":[\"carceri israeliane\",\"Hares Boys\",\"nonviolenza\",\"Pace\",\"Palestina\",\"prigionieri palestinesi\"],\"articleSection\":[\"Comunicati Stampa\",\"contenuti originali\",\"Internazionale\",\"Medio Oriente\",\"Non discriminazione\"],\"inLanguage\":\"it-IT\"},{\"@type\":\"WebPage\",\"@id\":\"https:\/\/www.pressenza.com\/it\/2014\/11\/palestina-solidarieta-per-gli-hares-boys\/\",\"url\":\"https:\/\/www.pressenza.com\/it\/2014\/11\/palestina-solidarieta-per-gli-hares-boys\/\",\"name\":\"Palestina: solidariet\u00e0 per gli Hares Boys\",\"isPartOf\":{\"@id\":\"https:\/\/www.pressenza.com\/it\/#website\"},\"primaryImageOfPage\":{\"@id\":\"https:\/\/www.pressenza.com\/it\/2014\/11\/palestina-solidarieta-per-gli-hares-boys\/#primaryimage\"},\"image\":{\"@id\":\"https:\/\/www.pressenza.com\/it\/2014\/11\/palestina-solidarieta-per-gli-hares-boys\/#primaryimage\"},\"thumbnailUrl\":\"https:\/\/www.pressenza.com\/wp-content\/uploads\/2014\/11\/haresboys.jpg\",\"datePublished\":\"2014-11-06T15:55:15+00:00\",\"dateModified\":\"2014-12-14T22:20:31+00:00\",\"description\":\"Verso le 18:30 di giovedi 14 marzo 2013, una macchina si schiant\u00f2 contro il retro di un camion su una strada del governatorato di Salfit nella Palestina\",\"breadcrumb\":{\"@id\":\"https:\/\/www.pressenza.com\/it\/2014\/11\/palestina-solidarieta-per-gli-hares-boys\/#breadcrumb\"},\"inLanguage\":\"it-IT\",\"potentialAction\":[{\"@type\":\"ReadAction\",\"target\":[\"https:\/\/www.pressenza.com\/it\/2014\/11\/palestina-solidarieta-per-gli-hares-boys\/\"]}]},{\"@type\":\"ImageObject\",\"inLanguage\":\"it-IT\",\"@id\":\"https:\/\/www.pressenza.com\/it\/2014\/11\/palestina-solidarieta-per-gli-hares-boys\/#primaryimage\",\"url\":\"https:\/\/www.pressenza.com\/wp-content\/uploads\/2014\/11\/haresboys.jpg\",\"contentUrl\":\"https:\/\/www.pressenza.com\/wp-content\/uploads\/2014\/11\/haresboys.jpg\"},{\"@type\":\"BreadcrumbList\",\"@id\":\"https:\/\/www.pressenza.com\/it\/2014\/11\/palestina-solidarieta-per-gli-hares-boys\/#breadcrumb\",\"itemListElement\":[{\"@type\":\"ListItem\",\"position\":1,\"name\":\"Accueil\",\"item\":\"https:\/\/www.pressenza.com\/it\/\"},{\"@type\":\"ListItem\",\"position\":2,\"name\":\"Palestina: solidariet\u00e0 per gli Hares Boys\"}]},{\"@type\":\"WebSite\",\"@id\":\"https:\/\/www.pressenza.com\/it\/#website\",\"url\":\"https:\/\/www.pressenza.com\/it\/\",\"name\":\"Pressenza\",\"description\":\"Agenzia di Stampa Internazionale\",\"publisher\":{\"@id\":\"https:\/\/www.pressenza.com\/it\/#organization\"},\"potentialAction\":[{\"@type\":\"SearchAction\",\"target\":{\"@type\":\"EntryPoint\",\"urlTemplate\":\"https:\/\/www.pressenza.com\/it\/?s={search_term_string}\"},\"query-input\":{\"@type\":\"PropertyValueSpecification\",\"valueRequired\":true,\"valueName\":\"search_term_string\"}}],\"inLanguage\":\"it-IT\"},{\"@type\":\"Organization\",\"@id\":\"https:\/\/www.pressenza.com\/it\/#organization\",\"name\":\"Pressenza\",\"url\":\"https:\/\/www.pressenza.com\/it\/\",\"logo\":{\"@type\":\"ImageObject\",\"inLanguage\":\"it-IT\",\"@id\":\"https:\/\/www.pressenza.com\/it\/#\/schema\/logo\/image\/\",\"url\":\"https:\/\/www.pressenza.com\/wp-content\/uploads\/2022\/10\/pressenza_logo_200x200.jpg\",\"contentUrl\":\"https:\/\/www.pressenza.com\/wp-content\/uploads\/2022\/10\/pressenza_logo_200x200.jpg\",\"width\":200,\"height\":200,\"caption\":\"Pressenza\"},\"image\":{\"@id\":\"https:\/\/www.pressenza.com\/it\/#\/schema\/logo\/image\/\"},\"sameAs\":[\"https:\/\/www.facebook.com\/PressenzaItalia\",\"https:\/\/x.com\/PressenzaIPA\"]},{\"@type\":\"Person\",\"@id\":\"https:\/\/www.pressenza.com\/it\/#\/schema\/person\/d983e81827ae24f2c7b1a2123d197f8d\",\"name\":\"Redazione Italia\",\"description\":\"News from the Pressenza Bureau in Italy\",\"sameAs\":[\"https:\/\/www.pressenza.com\/it\/author\/redazione-italia\/\",\"https:\/\/www.facebook.com\/PressenzaItalia\",\"https:\/\/www.instagram.com\/pressenza_italia\/\",\"https:\/\/x.com\/pressenza_it\",\"https:\/\/www.youtube.com\/channel\/UCSalEIWjE1RSxkwjfftFuqg\"],\"url\":\"https:\/\/www.pressenza.com\/it\/author\/redazione-italia\/\"}]}<\/script>\n<!-- \/ Yoast SEO plugin. -->","yoast_head_json":{"title":"Palestina: solidariet\u00e0 per gli Hares Boys","description":"Verso le 18:30 di giovedi 14 marzo 2013, una macchina si schiant\u00f2 contro il retro di un camion su una strada del governatorato di Salfit nella Palestina","robots":{"index":"index","follow":"follow","max-snippet":"max-snippet:-1","max-image-preview":"max-image-preview:large","max-video-preview":"max-video-preview:-1"},"canonical":"https:\/\/www.pressenza.com\/it\/2014\/11\/palestina-solidarieta-per-gli-hares-boys\/","og_locale":"it_IT","og_type":"article","og_title":"Palestina: solidariet\u00e0 per gli Hares Boys","og_description":"Verso le 18:30 di giovedi 14 marzo 2013, una macchina si schiant\u00f2 contro il retro di un camion su una strada del governatorato di Salfit nella Palestina","og_url":"https:\/\/www.pressenza.com\/it\/2014\/11\/palestina-solidarieta-per-gli-hares-boys\/","og_site_name":"Pressenza","article_publisher":"https:\/\/www.facebook.com\/PressenzaItalia","article_author":"https:\/\/www.facebook.com\/PressenzaItalia","article_published_time":"2014-11-06T15:55:15+00:00","article_modified_time":"2014-12-14T22:20:31+00:00","og_image":[{"url":"https:\/\/www.pressenza.com\/wp-content\/uploads\/2014\/11\/haresboys.jpg","type":"","width":"","height":""}],"author":"Redazione Italia","twitter_card":"summary_large_image","twitter_creator":"@pressenza_it","twitter_site":"@PressenzaIPA","twitter_misc":{"Scritto da":"Redazione Italia","Tempo di lettura stimato":"6 minuti"},"schema":{"@context":"https:\/\/schema.org","@graph":[{"@type":"Article","@id":"https:\/\/www.pressenza.com\/it\/2014\/11\/palestina-solidarieta-per-gli-hares-boys\/#article","isPartOf":{"@id":"https:\/\/www.pressenza.com\/it\/2014\/11\/palestina-solidarieta-per-gli-hares-boys\/"},"author":{"name":"Redazione Italia","@id":"https:\/\/www.pressenza.com\/it\/#\/schema\/person\/d983e81827ae24f2c7b1a2123d197f8d"},"headline":"Palestina: solidariet\u00e0 per gli Hares Boys","datePublished":"2014-11-06T15:55:15+00:00","dateModified":"2014-12-14T22:20:31+00:00","mainEntityOfPage":{"@id":"https:\/\/www.pressenza.com\/it\/2014\/11\/palestina-solidarieta-per-gli-hares-boys\/"},"wordCount":1160,"publisher":{"@id":"https:\/\/www.pressenza.com\/it\/#organization"},"image":{"@id":"https:\/\/www.pressenza.com\/it\/2014\/11\/palestina-solidarieta-per-gli-hares-boys\/#primaryimage"},"thumbnailUrl":"https:\/\/www.pressenza.com\/wp-content\/uploads\/2014\/11\/haresboys.jpg","keywords":["carceri israeliane","Hares Boys","nonviolenza","Pace","Palestina","prigionieri palestinesi"],"articleSection":["Comunicati Stampa","contenuti originali","Internazionale","Medio Oriente","Non discriminazione"],"inLanguage":"it-IT"},{"@type":"WebPage","@id":"https:\/\/www.pressenza.com\/it\/2014\/11\/palestina-solidarieta-per-gli-hares-boys\/","url":"https:\/\/www.pressenza.com\/it\/2014\/11\/palestina-solidarieta-per-gli-hares-boys\/","name":"Palestina: solidariet\u00e0 per gli Hares Boys","isPartOf":{"@id":"https:\/\/www.pressenza.com\/it\/#website"},"primaryImageOfPage":{"@id":"https:\/\/www.pressenza.com\/it\/2014\/11\/palestina-solidarieta-per-gli-hares-boys\/#primaryimage"},"image":{"@id":"https:\/\/www.pressenza.com\/it\/2014\/11\/palestina-solidarieta-per-gli-hares-boys\/#primaryimage"},"thumbnailUrl":"https:\/\/www.pressenza.com\/wp-content\/uploads\/2014\/11\/haresboys.jpg","datePublished":"2014-11-06T15:55:15+00:00","dateModified":"2014-12-14T22:20:31+00:00","description":"Verso le 18:30 di giovedi 14 marzo 2013, una macchina si schiant\u00f2 contro il retro di un camion su una strada del governatorato di Salfit nella Palestina","breadcrumb":{"@id":"https:\/\/www.pressenza.com\/it\/2014\/11\/palestina-solidarieta-per-gli-hares-boys\/#breadcrumb"},"inLanguage":"it-IT","potentialAction":[{"@type":"ReadAction","target":["https:\/\/www.pressenza.com\/it\/2014\/11\/palestina-solidarieta-per-gli-hares-boys\/"]}]},{"@type":"ImageObject","inLanguage":"it-IT","@id":"https:\/\/www.pressenza.com\/it\/2014\/11\/palestina-solidarieta-per-gli-hares-boys\/#primaryimage","url":"https:\/\/www.pressenza.com\/wp-content\/uploads\/2014\/11\/haresboys.jpg","contentUrl":"https:\/\/www.pressenza.com\/wp-content\/uploads\/2014\/11\/haresboys.jpg"},{"@type":"BreadcrumbList","@id":"https:\/\/www.pressenza.com\/it\/2014\/11\/palestina-solidarieta-per-gli-hares-boys\/#breadcrumb","itemListElement":[{"@type":"ListItem","position":1,"name":"Accueil","item":"https:\/\/www.pressenza.com\/it\/"},{"@type":"ListItem","position":2,"name":"Palestina: solidariet\u00e0 per gli Hares Boys"}]},{"@type":"WebSite","@id":"https:\/\/www.pressenza.com\/it\/#website","url":"https:\/\/www.pressenza.com\/it\/","name":"Pressenza","description":"Agenzia di Stampa Internazionale","publisher":{"@id":"https:\/\/www.pressenza.com\/it\/#organization"},"potentialAction":[{"@type":"SearchAction","target":{"@type":"EntryPoint","urlTemplate":"https:\/\/www.pressenza.com\/it\/?s={search_term_string}"},"query-input":{"@type":"PropertyValueSpecification","valueRequired":true,"valueName":"search_term_string"}}],"inLanguage":"it-IT"},{"@type":"Organization","@id":"https:\/\/www.pressenza.com\/it\/#organization","name":"Pressenza","url":"https:\/\/www.pressenza.com\/it\/","logo":{"@type":"ImageObject","inLanguage":"it-IT","@id":"https:\/\/www.pressenza.com\/it\/#\/schema\/logo\/image\/","url":"https:\/\/www.pressenza.com\/wp-content\/uploads\/2022\/10\/pressenza_logo_200x200.jpg","contentUrl":"https:\/\/www.pressenza.com\/wp-content\/uploads\/2022\/10\/pressenza_logo_200x200.jpg","width":200,"height":200,"caption":"Pressenza"},"image":{"@id":"https:\/\/www.pressenza.com\/it\/#\/schema\/logo\/image\/"},"sameAs":["https:\/\/www.facebook.com\/PressenzaItalia","https:\/\/x.com\/PressenzaIPA"]},{"@type":"Person","@id":"https:\/\/www.pressenza.com\/it\/#\/schema\/person\/d983e81827ae24f2c7b1a2123d197f8d","name":"Redazione Italia","description":"News from the Pressenza Bureau in Italy","sameAs":["https:\/\/www.pressenza.com\/it\/author\/redazione-italia\/","https:\/\/www.facebook.com\/PressenzaItalia","https:\/\/www.instagram.com\/pressenza_italia\/","https:\/\/x.com\/pressenza_it","https:\/\/www.youtube.com\/channel\/UCSalEIWjE1RSxkwjfftFuqg"],"url":"https:\/\/www.pressenza.com\/it\/author\/redazione-italia\/"}]}},"place":"","original_article_url":"","_links":{"self":[{"href":"https:\/\/www.pressenza.com\/it\/wp-json\/wp\/v2\/posts\/146510","targetHints":{"allow":["GET"]}}],"collection":[{"href":"https:\/\/www.pressenza.com\/it\/wp-json\/wp\/v2\/posts"}],"about":[{"href":"https:\/\/www.pressenza.com\/it\/wp-json\/wp\/v2\/types\/post"}],"author":[{"embeddable":true,"href":"https:\/\/www.pressenza.com\/it\/wp-json\/wp\/v2\/users\/594"}],"replies":[{"embeddable":true,"href":"https:\/\/www.pressenza.com\/it\/wp-json\/wp\/v2\/comments?post=146510"}],"version-history":[{"count":0,"href":"https:\/\/www.pressenza.com\/it\/wp-json\/wp\/v2\/posts\/146510\/revisions"}],"wp:attachment":[{"href":"https:\/\/www.pressenza.com\/it\/wp-json\/wp\/v2\/media?parent=146510"}],"wp:term":[{"taxonomy":"category","embeddable":true,"href":"https:\/\/www.pressenza.com\/it\/wp-json\/wp\/v2\/categories?post=146510"},{"taxonomy":"post_tag","embeddable":true,"href":"https:\/\/www.pressenza.com\/it\/wp-json\/wp\/v2\/tags?post=146510"}],"curies":[{"name":"wp","href":"https:\/\/api.w.org\/{rel}","templated":true}]}}