{"id":1462719,"date":"2021-11-02T16:08:03","date_gmt":"2021-11-02T16:08:03","guid":{"rendered":"https:\/\/www.pressenza.com\/?p=1462719"},"modified":"2021-11-02T16:08:03","modified_gmt":"2021-11-02T16:08:03","slug":"g20-a-roma-ancora-una-volta-i-governi-hanno-fallito","status":"publish","type":"post","link":"https:\/\/www.pressenza.com\/it\/2021\/11\/g20-a-roma-ancora-una-volta-i-governi-hanno-fallito\/","title":{"rendered":"G20 a Roma: ancora una volta, i governi hanno fallito"},"content":{"rendered":"<p><em>Piazza Venezia inaccessibile ad auto e pedoni. Centro di Roma blindato, i vicoli transennati e presidiati da pattuglie di esercito, polizia, carabinieri. Gli ultimi giorni di ottobre la routine cittadina di turisti e romani \u00e8 stata completamente stravolta per consentire ai 20 grandi del pianeta di muoversi dentro la capitale italiana: dal lancio benaugurale della monetina nella Fontana di Trevi fino al festeggiamento della nuova promessa di limitare l\u2019aumento della temperatura globale entro 1.5 gradi, a conclusione di due giorni di summit.<\/em><\/p>\n<p>Nel frattempo, una ribellione nonviolenta ha invaso Roma.<\/p>\n<p>Venerd\u00ec\u00a0<strong>29 ottobre<\/strong>, sui Muraglioni del Tevere un gruppo di attivisti ha proiettato<strong>\u00a0<\/strong>immagini suggestive per raccontare ai cittadini che il gas fossile non \u00e8 la fonte di energia pulita che tutti i governi stanno raccontando.<\/p>\n<p>La mattina seguente, il\u00a0<strong>30 ottobre<\/strong>\u00a0&#8211; il giorno inizio del G20 &#8211; un centinaio di cittadini\/e del Climate Camp ha bloccato il traffico su Via Cristoforo Colombo di fronte al Ministero della Transizione Ecologica. Dopo due ore di blocco le forze dell\u2019ordine hanno sgomberato il presidio scortando poi le persone fin dentro il Climate Camp e identificando chiunque uscisse dal campeggio.<em>\u00a0<\/em>La giornata \u00e8 continuata al pomeriggio con la partecipazione al corteo cittadino, che ha visto la presenza di cinquemila persone.<\/p>\n<p>La mattina del\u00a0<strong>31 ottobre<\/strong>\u00a0alcune attiviste di Extinction Rebellion si sono incatenate alle grate del Foro di Traiano, l\u00ec dove per tutto il giorno hanno transitato centinaia di auto blu. Dopo circa mezz\u2019ora, altri\/e attivisti\/e hanno bloccato il traffico chiudendo l\u2019incrocio di Via Nazionale, nei pressi del Quirinale. In una citt\u00e0 con intere aree trasformate in zona rossa, dove i palazzi del potere legislativo ed esecutivo erano totalmente inaccessibili, gli attivisti\/e \u00e8 voluto portare il messaggio (&#8220;<em>Crisi climatica ed ecologica: i governi hanno fallito<\/em>&#8220;) direttamente al Presidente della Repubblica, che rappresenta ogni cittadino italiano.<\/p>\n<p><strong>L\u2019esito del G20<\/strong><\/p>\n<p>Nel stesse ore, arrivava la dichiarazione finale del G20 sulla crisi climatica: \u201cCi impegneremo a raggiungere la neutralit\u00e0 delle emissioni\u00a0<em>attorno<\/em>\u00a0a fine secolo (..) per limitare l\u2019innalzamento della temperatura a 1-5\u00b0[<u><a href=\"https:\/\/www.rainews.it\/dl\/rainews\/articoli\/punti-principali-documenti-g20-roma-dichiarazione-finale-leader-86fb79cb-3140-4b8b-85b9-d653e9d13fdc.html\">1<\/a><\/u>]\u201d. La dichiarazione non aggiunge nulla di nuovo rispetto agli impegni che i governi del mondo hanno preso ormai sei anni fa, a Parigi. A sei anni di distanza, nessun governo del G20 \u00e8 in linea con quegli accordi e le emissioni climalteranti hanno continuato drasticamente ad aumentare. Inoltre, gli accordi dichiarati domenica pomeriggio ignorano completamente ci\u00f2 che era gi\u00e0 emerso a settembre dal primo capitolo del VI report dell\u2019IPCC: l\u2019impossibilit\u00e0 di rimanere sotto l\u20191.5\u00b0 di aumento della temperatura.<em><br \/>\n<\/em><\/p>\n<p>Il rapporto definisce infatti come<em>\u00a0\u201cinequivocabile l\u2019influenza umana sul riscaldamento in atto in atmosfera, oceani e terre emerse\u201d\u00a0<\/em>e afferma che<em>\u00a0\u201cil cambiamento climatico indotto dall\u2019uomo sta gi\u00e0 influenzando i fenomeni meteorologici e gli eventi climatici estremi come ondate di calore, piogge torrenziali, siccit\u00e0 e cicloni tropicali<\/em>\u201d. Gli scenari futuri che il rapporto prevede sono pi\u00f9 drammatici di quanto esposto nel precedente rapporto ed in particolare viene posta maggiore enfasi sul riscaldamento gi\u00e0 incorporato nel sistema climatico poich\u00e9<em>\u00a0\u201cle temperature superficiali globali continueranno ad aumentare almeno fino a met\u00e0 secolo qualunque sia lo scenario [di emissioni] considerato\u201d\u00a0<\/em>[<u><a href=\"https:\/\/ipccitalia.cmcc.it\/messaggi-chiave-ar6-wg1\/\">2<\/a><\/u>].<\/p>\n<p>Il G20 si conclude con nessun impegno concreto, nessun piano dettagliato o una reale presa di coscienza sull\u2019inevitabilit\u00e0 della crisi ecologica e climatica creata dal\u00a0<em>business as usual<\/em>. Al contrario, il G20 si \u00e8 focalizzato sulla ripresa in seguito alla pandemia di Covid-19, la crescita, la prosperit\u00e0. Non ci sono accordi sul\u00a0<em>phase out<\/em>\u00a0dal fossile, sugli impatti negativi sul clima della finanza, o su come raggiungere la neutralit\u00e0 delle emissioni, che si parla di raggiungere \u201c<em>attorno al 2050\u201d.\u00a0<\/em>Obiettivo che sar\u00e0 perseguito &#8220;<em>tenendo conto delle diverse strade e dei diversi approcci<\/em>&#8220;: ancora una volta, quindi,\u00a0senza definire impegni vincolanti. Unico impegno concreto \u00e8 quello di non finanziare pi\u00f9, a partire dal prossimo anno, centrali a carbone in altri paesi. Nulla si dice, per\u00f2, sulle centrali nel proprio paese e su petrolio e gas fossile.<\/p>\n<p>Ma la Ribellione continua e non si ferma.<\/p>\n<p>Extinction Rebellion continuer\u00e0 portare nuove forme di disobbedienza civile nonviolenta nei paesi di tutto il mondo, affinch\u00e9 venga detta la verit\u00e0 sulla crisi climatica in corso e si agisca rapidamente per mitigarne gli impatti. A\u00a0Glasgow nelle prossime due settimane e nelle strade di ogni citt\u00e0 nei mesi che seguiranno, finch\u00e9 ogni singolo governo non riconosca come priorit\u00e0 l\u2019emergenza planetaria che l\u2019umanit\u00e0 sta affrontando.<\/p>\n<p>Ancora una volta, i\u00a0governi hanno fallito e ci stanno ingannando, alimentando una distanza dalla cittadinanza e negando ogni forma di partecipazione democratica alle prese di decisioni politiche.<\/p>\n<p><strong>Riferimenti<\/strong><\/p>\n<p>[1]\u00a0<u><a href=\"https:\/\/www.rainews.it\/dl\/rainews\/articoli\/punti-principali-documenti-g20-roma-dichiarazione-finale-leader-86fb79cb-3140-4b8b-85b9-d653e9d13fdc.html\">https:\/\/www.rainews.it\/dl\/rainews\/articoli\/punti-principali-documenti-g20-roma-dichiarazione-finale-leader-86fb79cb-3140-4b8b-85b9-d653e9d13fdc.html<\/a><\/u><\/p>\n<p>[2]\u00a0<u><a href=\"https:\/\/ipccitalia.cmcc.it\/messaggi-chiave-ar6-wg1\/\">https:\/\/ipccitalia.cmcc.it\/messaggi-chiave-ar6-wg1\/<\/a><\/u><\/p>\n<p>&nbsp;<\/p>\n","protected":false},"excerpt":{"rendered":"<p>Piazza Venezia inaccessibile ad auto e pedoni. Centro di Roma blindato, i vicoli transennati e presidiati da pattuglie di esercito, polizia, carabinieri. Gli ultimi giorni di ottobre la routine cittadina di turisti e romani \u00e8 stata completamente stravolta per consentire&hellip;<\/p>\n","protected":false},"author":1696,"featured_media":1462721,"comment_status":"closed","ping_status":"closed","sticky":false,"template":"","format":"standard","meta":{"footnotes":""},"categories":[150,59,38,1262],"tags":[22513,70903,57023,6630,23845,96365],"class_list":["post-1462719","post","type-post","status-publish","format-standard","has-post-thumbnail","hentry","category-comunicati-stampa","category-ambiente-ecologia","category-internazionale","category-nonviolenza-argomento","tag-accordi-di-parigi","tag-cop26-it","tag-crisi-climatica","tag-g20-it","tag-governi","tag-ribellione-nonviolenta"],"yoast_head":"<!-- This site is optimized with the Yoast SEO plugin v27.1.1 - https:\/\/yoast.com\/product\/yoast-seo-wordpress\/ -->\n<title>G20 a Roma: ancora una volta, i governi hanno fallito<\/title>\n<meta name=\"description\" content=\"Piazza Venezia inaccessibile ad auto e pedoni. Centro di Roma blindato, i vicoli transennati e presidiati da pattuglie di esercito, polizia, carabinieri.\" \/>\n<meta name=\"robots\" content=\"index, follow, max-snippet:-1, max-image-preview:large, max-video-preview:-1\" \/>\n<link rel=\"canonical\" href=\"https:\/\/www.pressenza.com\/it\/2021\/11\/g20-a-roma-ancora-una-volta-i-governi-hanno-fallito\/\" \/>\n<meta property=\"og:locale\" content=\"it_IT\" \/>\n<meta property=\"og:type\" content=\"article\" \/>\n<meta property=\"og:title\" content=\"G20 a Roma: ancora una volta, i governi hanno fallito\" \/>\n<meta property=\"og:description\" content=\"Piazza Venezia inaccessibile ad auto e pedoni. Centro di Roma blindato, i vicoli transennati e presidiati da pattuglie di esercito, polizia, carabinieri.\" \/>\n<meta property=\"og:url\" content=\"https:\/\/www.pressenza.com\/it\/2021\/11\/g20-a-roma-ancora-una-volta-i-governi-hanno-fallito\/\" \/>\n<meta property=\"og:site_name\" content=\"Pressenza\" \/>\n<meta property=\"article:publisher\" content=\"https:\/\/www.facebook.com\/PressenzaItalia\" \/>\n<meta property=\"article:published_time\" content=\"2021-11-02T16:08:03+00:00\" \/>\n<meta property=\"og:image\" content=\"https:\/\/www.pressenza.com\/wp-content\/uploads\/2021\/11\/photo_2021-10-31_Lorenzo-Barutta-1.jpg\" \/>\n\t<meta property=\"og:image:width\" content=\"1280\" \/>\n\t<meta property=\"og:image:height\" content=\"855\" \/>\n\t<meta property=\"og:image:type\" content=\"image\/jpeg\" \/>\n<meta name=\"author\" content=\"Extinction Rebellion\" \/>\n<meta name=\"twitter:card\" content=\"summary_large_image\" \/>\n<meta name=\"twitter:creator\" content=\"@PressenzaIPA\" \/>\n<meta name=\"twitter:site\" content=\"@PressenzaIPA\" \/>\n<meta name=\"twitter:label1\" content=\"Scritto da\" \/>\n\t<meta name=\"twitter:data1\" content=\"Extinction Rebellion\" \/>\n\t<meta name=\"twitter:label2\" content=\"Tempo di lettura stimato\" \/>\n\t<meta name=\"twitter:data2\" content=\"4 minuti\" \/>\n<script type=\"application\/ld+json\" class=\"yoast-schema-graph\">{\"@context\":\"https:\/\/schema.org\",\"@graph\":[{\"@type\":\"Article\",\"@id\":\"https:\/\/www.pressenza.com\/it\/2021\/11\/g20-a-roma-ancora-una-volta-i-governi-hanno-fallito\/#article\",\"isPartOf\":{\"@id\":\"https:\/\/www.pressenza.com\/it\/2021\/11\/g20-a-roma-ancora-una-volta-i-governi-hanno-fallito\/\"},\"author\":{\"name\":\"Extinction Rebellion\",\"@id\":\"https:\/\/www.pressenza.com\/it\/#\/schema\/person\/469654e5f261458f78054b73ca6931aa\"},\"headline\":\"G20 a Roma: ancora una volta, i governi hanno fallito\",\"datePublished\":\"2021-11-02T16:08:03+00:00\",\"mainEntityOfPage\":{\"@id\":\"https:\/\/www.pressenza.com\/it\/2021\/11\/g20-a-roma-ancora-una-volta-i-governi-hanno-fallito\/\"},\"wordCount\":789,\"publisher\":{\"@id\":\"https:\/\/www.pressenza.com\/it\/#organization\"},\"image\":{\"@id\":\"https:\/\/www.pressenza.com\/it\/2021\/11\/g20-a-roma-ancora-una-volta-i-governi-hanno-fallito\/#primaryimage\"},\"thumbnailUrl\":\"https:\/\/www.pressenza.com\/wp-content\/uploads\/2021\/11\/photo_2021-10-31_Lorenzo-Barutta-1.jpg\",\"keywords\":[\"Accordi di Parigi\",\"COP26\",\"crisi climatica\",\"G20\",\"governi\",\"ribellione nonviolenta\"],\"articleSection\":[\"Comunicati Stampa\",\"Ecologia ed Ambiente\",\"Internazionale\",\"Nonviolenza\"],\"inLanguage\":\"it-IT\"},{\"@type\":\"WebPage\",\"@id\":\"https:\/\/www.pressenza.com\/it\/2021\/11\/g20-a-roma-ancora-una-volta-i-governi-hanno-fallito\/\",\"url\":\"https:\/\/www.pressenza.com\/it\/2021\/11\/g20-a-roma-ancora-una-volta-i-governi-hanno-fallito\/\",\"name\":\"G20 a Roma: ancora una volta, i governi hanno fallito\",\"isPartOf\":{\"@id\":\"https:\/\/www.pressenza.com\/it\/#website\"},\"primaryImageOfPage\":{\"@id\":\"https:\/\/www.pressenza.com\/it\/2021\/11\/g20-a-roma-ancora-una-volta-i-governi-hanno-fallito\/#primaryimage\"},\"image\":{\"@id\":\"https:\/\/www.pressenza.com\/it\/2021\/11\/g20-a-roma-ancora-una-volta-i-governi-hanno-fallito\/#primaryimage\"},\"thumbnailUrl\":\"https:\/\/www.pressenza.com\/wp-content\/uploads\/2021\/11\/photo_2021-10-31_Lorenzo-Barutta-1.jpg\",\"datePublished\":\"2021-11-02T16:08:03+00:00\",\"description\":\"Piazza Venezia inaccessibile ad auto e pedoni. Centro di Roma blindato, i vicoli transennati e presidiati da pattuglie di esercito, polizia, carabinieri.\",\"breadcrumb\":{\"@id\":\"https:\/\/www.pressenza.com\/it\/2021\/11\/g20-a-roma-ancora-una-volta-i-governi-hanno-fallito\/#breadcrumb\"},\"inLanguage\":\"it-IT\",\"potentialAction\":[{\"@type\":\"ReadAction\",\"target\":[\"https:\/\/www.pressenza.com\/it\/2021\/11\/g20-a-roma-ancora-una-volta-i-governi-hanno-fallito\/\"]}]},{\"@type\":\"ImageObject\",\"inLanguage\":\"it-IT\",\"@id\":\"https:\/\/www.pressenza.com\/it\/2021\/11\/g20-a-roma-ancora-una-volta-i-governi-hanno-fallito\/#primaryimage\",\"url\":\"https:\/\/www.pressenza.com\/wp-content\/uploads\/2021\/11\/photo_2021-10-31_Lorenzo-Barutta-1.jpg\",\"contentUrl\":\"https:\/\/www.pressenza.com\/wp-content\/uploads\/2021\/11\/photo_2021-10-31_Lorenzo-Barutta-1.jpg\",\"width\":1280,\"height\":855},{\"@type\":\"BreadcrumbList\",\"@id\":\"https:\/\/www.pressenza.com\/it\/2021\/11\/g20-a-roma-ancora-una-volta-i-governi-hanno-fallito\/#breadcrumb\",\"itemListElement\":[{\"@type\":\"ListItem\",\"position\":1,\"name\":\"Accueil\",\"item\":\"https:\/\/www.pressenza.com\/it\/\"},{\"@type\":\"ListItem\",\"position\":2,\"name\":\"G20 a Roma: ancora una volta, i governi hanno fallito\"}]},{\"@type\":\"WebSite\",\"@id\":\"https:\/\/www.pressenza.com\/it\/#website\",\"url\":\"https:\/\/www.pressenza.com\/it\/\",\"name\":\"Pressenza\",\"description\":\"Agenzia di Stampa Internazionale\",\"publisher\":{\"@id\":\"https:\/\/www.pressenza.com\/it\/#organization\"},\"potentialAction\":[{\"@type\":\"SearchAction\",\"target\":{\"@type\":\"EntryPoint\",\"urlTemplate\":\"https:\/\/www.pressenza.com\/it\/?s={search_term_string}\"},\"query-input\":{\"@type\":\"PropertyValueSpecification\",\"valueRequired\":true,\"valueName\":\"search_term_string\"}}],\"inLanguage\":\"it-IT\"},{\"@type\":\"Organization\",\"@id\":\"https:\/\/www.pressenza.com\/it\/#organization\",\"name\":\"Pressenza\",\"url\":\"https:\/\/www.pressenza.com\/it\/\",\"logo\":{\"@type\":\"ImageObject\",\"inLanguage\":\"it-IT\",\"@id\":\"https:\/\/www.pressenza.com\/it\/#\/schema\/logo\/image\/\",\"url\":\"https:\/\/www.pressenza.com\/wp-content\/uploads\/2022\/10\/pressenza_logo_200x200.jpg\",\"contentUrl\":\"https:\/\/www.pressenza.com\/wp-content\/uploads\/2022\/10\/pressenza_logo_200x200.jpg\",\"width\":200,\"height\":200,\"caption\":\"Pressenza\"},\"image\":{\"@id\":\"https:\/\/www.pressenza.com\/it\/#\/schema\/logo\/image\/\"},\"sameAs\":[\"https:\/\/www.facebook.com\/PressenzaItalia\",\"https:\/\/x.com\/PressenzaIPA\"]},{\"@type\":\"Person\",\"@id\":\"https:\/\/www.pressenza.com\/it\/#\/schema\/person\/469654e5f261458f78054b73ca6931aa\",\"name\":\"Extinction Rebellion\",\"description\":\"Extinction Rebellion (XR) \u00e8 un movimento internazionale \u201cdal basso\u201d, nonviolento, fondato in Inghilterra in risposta alla devastazione ambientale causata dalle attivit\u00e0 umane. La sua ragione d\u2019essere si basa sui risultati scientifici.\",\"sameAs\":[\"https:\/\/rebellion.earth\/\"],\"url\":\"https:\/\/www.pressenza.com\/it\/author\/extinction-rebellion\/\"}]}<\/script>\n<!-- \/ Yoast SEO plugin. -->","yoast_head_json":{"title":"G20 a Roma: ancora una volta, i governi hanno fallito","description":"Piazza Venezia inaccessibile ad auto e pedoni. Centro di Roma blindato, i vicoli transennati e presidiati da pattuglie di esercito, polizia, carabinieri.","robots":{"index":"index","follow":"follow","max-snippet":"max-snippet:-1","max-image-preview":"max-image-preview:large","max-video-preview":"max-video-preview:-1"},"canonical":"https:\/\/www.pressenza.com\/it\/2021\/11\/g20-a-roma-ancora-una-volta-i-governi-hanno-fallito\/","og_locale":"it_IT","og_type":"article","og_title":"G20 a Roma: ancora una volta, i governi hanno fallito","og_description":"Piazza Venezia inaccessibile ad auto e pedoni. Centro di Roma blindato, i vicoli transennati e presidiati da pattuglie di esercito, polizia, carabinieri.","og_url":"https:\/\/www.pressenza.com\/it\/2021\/11\/g20-a-roma-ancora-una-volta-i-governi-hanno-fallito\/","og_site_name":"Pressenza","article_publisher":"https:\/\/www.facebook.com\/PressenzaItalia","article_published_time":"2021-11-02T16:08:03+00:00","og_image":[{"width":1280,"height":855,"url":"https:\/\/www.pressenza.com\/wp-content\/uploads\/2021\/11\/photo_2021-10-31_Lorenzo-Barutta-1.jpg","type":"image\/jpeg"}],"author":"Extinction Rebellion","twitter_card":"summary_large_image","twitter_creator":"@PressenzaIPA","twitter_site":"@PressenzaIPA","twitter_misc":{"Scritto da":"Extinction Rebellion","Tempo di lettura stimato":"4 minuti"},"schema":{"@context":"https:\/\/schema.org","@graph":[{"@type":"Article","@id":"https:\/\/www.pressenza.com\/it\/2021\/11\/g20-a-roma-ancora-una-volta-i-governi-hanno-fallito\/#article","isPartOf":{"@id":"https:\/\/www.pressenza.com\/it\/2021\/11\/g20-a-roma-ancora-una-volta-i-governi-hanno-fallito\/"},"author":{"name":"Extinction Rebellion","@id":"https:\/\/www.pressenza.com\/it\/#\/schema\/person\/469654e5f261458f78054b73ca6931aa"},"headline":"G20 a Roma: ancora una volta, i governi hanno fallito","datePublished":"2021-11-02T16:08:03+00:00","mainEntityOfPage":{"@id":"https:\/\/www.pressenza.com\/it\/2021\/11\/g20-a-roma-ancora-una-volta-i-governi-hanno-fallito\/"},"wordCount":789,"publisher":{"@id":"https:\/\/www.pressenza.com\/it\/#organization"},"image":{"@id":"https:\/\/www.pressenza.com\/it\/2021\/11\/g20-a-roma-ancora-una-volta-i-governi-hanno-fallito\/#primaryimage"},"thumbnailUrl":"https:\/\/www.pressenza.com\/wp-content\/uploads\/2021\/11\/photo_2021-10-31_Lorenzo-Barutta-1.jpg","keywords":["Accordi di Parigi","COP26","crisi climatica","G20","governi","ribellione nonviolenta"],"articleSection":["Comunicati Stampa","Ecologia ed Ambiente","Internazionale","Nonviolenza"],"inLanguage":"it-IT"},{"@type":"WebPage","@id":"https:\/\/www.pressenza.com\/it\/2021\/11\/g20-a-roma-ancora-una-volta-i-governi-hanno-fallito\/","url":"https:\/\/www.pressenza.com\/it\/2021\/11\/g20-a-roma-ancora-una-volta-i-governi-hanno-fallito\/","name":"G20 a Roma: ancora una volta, i governi hanno fallito","isPartOf":{"@id":"https:\/\/www.pressenza.com\/it\/#website"},"primaryImageOfPage":{"@id":"https:\/\/www.pressenza.com\/it\/2021\/11\/g20-a-roma-ancora-una-volta-i-governi-hanno-fallito\/#primaryimage"},"image":{"@id":"https:\/\/www.pressenza.com\/it\/2021\/11\/g20-a-roma-ancora-una-volta-i-governi-hanno-fallito\/#primaryimage"},"thumbnailUrl":"https:\/\/www.pressenza.com\/wp-content\/uploads\/2021\/11\/photo_2021-10-31_Lorenzo-Barutta-1.jpg","datePublished":"2021-11-02T16:08:03+00:00","description":"Piazza Venezia inaccessibile ad auto e pedoni. Centro di Roma blindato, i vicoli transennati e presidiati da pattuglie di esercito, polizia, carabinieri.","breadcrumb":{"@id":"https:\/\/www.pressenza.com\/it\/2021\/11\/g20-a-roma-ancora-una-volta-i-governi-hanno-fallito\/#breadcrumb"},"inLanguage":"it-IT","potentialAction":[{"@type":"ReadAction","target":["https:\/\/www.pressenza.com\/it\/2021\/11\/g20-a-roma-ancora-una-volta-i-governi-hanno-fallito\/"]}]},{"@type":"ImageObject","inLanguage":"it-IT","@id":"https:\/\/www.pressenza.com\/it\/2021\/11\/g20-a-roma-ancora-una-volta-i-governi-hanno-fallito\/#primaryimage","url":"https:\/\/www.pressenza.com\/wp-content\/uploads\/2021\/11\/photo_2021-10-31_Lorenzo-Barutta-1.jpg","contentUrl":"https:\/\/www.pressenza.com\/wp-content\/uploads\/2021\/11\/photo_2021-10-31_Lorenzo-Barutta-1.jpg","width":1280,"height":855},{"@type":"BreadcrumbList","@id":"https:\/\/www.pressenza.com\/it\/2021\/11\/g20-a-roma-ancora-una-volta-i-governi-hanno-fallito\/#breadcrumb","itemListElement":[{"@type":"ListItem","position":1,"name":"Accueil","item":"https:\/\/www.pressenza.com\/it\/"},{"@type":"ListItem","position":2,"name":"G20 a Roma: ancora una volta, i governi hanno fallito"}]},{"@type":"WebSite","@id":"https:\/\/www.pressenza.com\/it\/#website","url":"https:\/\/www.pressenza.com\/it\/","name":"Pressenza","description":"Agenzia di Stampa Internazionale","publisher":{"@id":"https:\/\/www.pressenza.com\/it\/#organization"},"potentialAction":[{"@type":"SearchAction","target":{"@type":"EntryPoint","urlTemplate":"https:\/\/www.pressenza.com\/it\/?s={search_term_string}"},"query-input":{"@type":"PropertyValueSpecification","valueRequired":true,"valueName":"search_term_string"}}],"inLanguage":"it-IT"},{"@type":"Organization","@id":"https:\/\/www.pressenza.com\/it\/#organization","name":"Pressenza","url":"https:\/\/www.pressenza.com\/it\/","logo":{"@type":"ImageObject","inLanguage":"it-IT","@id":"https:\/\/www.pressenza.com\/it\/#\/schema\/logo\/image\/","url":"https:\/\/www.pressenza.com\/wp-content\/uploads\/2022\/10\/pressenza_logo_200x200.jpg","contentUrl":"https:\/\/www.pressenza.com\/wp-content\/uploads\/2022\/10\/pressenza_logo_200x200.jpg","width":200,"height":200,"caption":"Pressenza"},"image":{"@id":"https:\/\/www.pressenza.com\/it\/#\/schema\/logo\/image\/"},"sameAs":["https:\/\/www.facebook.com\/PressenzaItalia","https:\/\/x.com\/PressenzaIPA"]},{"@type":"Person","@id":"https:\/\/www.pressenza.com\/it\/#\/schema\/person\/469654e5f261458f78054b73ca6931aa","name":"Extinction Rebellion","description":"Extinction Rebellion (XR) \u00e8 un movimento internazionale \u201cdal basso\u201d, nonviolento, fondato in Inghilterra in risposta alla devastazione ambientale causata dalle attivit\u00e0 umane. La sua ragione d\u2019essere si basa sui risultati scientifici.","sameAs":["https:\/\/rebellion.earth\/"],"url":"https:\/\/www.pressenza.com\/it\/author\/extinction-rebellion\/"}]}},"place":"","original_article_url":"","_links":{"self":[{"href":"https:\/\/www.pressenza.com\/it\/wp-json\/wp\/v2\/posts\/1462719","targetHints":{"allow":["GET"]}}],"collection":[{"href":"https:\/\/www.pressenza.com\/it\/wp-json\/wp\/v2\/posts"}],"about":[{"href":"https:\/\/www.pressenza.com\/it\/wp-json\/wp\/v2\/types\/post"}],"author":[{"embeddable":true,"href":"https:\/\/www.pressenza.com\/it\/wp-json\/wp\/v2\/users\/1696"}],"replies":[{"embeddable":true,"href":"https:\/\/www.pressenza.com\/it\/wp-json\/wp\/v2\/comments?post=1462719"}],"version-history":[{"count":0,"href":"https:\/\/www.pressenza.com\/it\/wp-json\/wp\/v2\/posts\/1462719\/revisions"}],"wp:featuredmedia":[{"embeddable":true,"href":"https:\/\/www.pressenza.com\/it\/wp-json\/wp\/v2\/media\/1462721"}],"wp:attachment":[{"href":"https:\/\/www.pressenza.com\/it\/wp-json\/wp\/v2\/media?parent=1462719"}],"wp:term":[{"taxonomy":"category","embeddable":true,"href":"https:\/\/www.pressenza.com\/it\/wp-json\/wp\/v2\/categories?post=1462719"},{"taxonomy":"post_tag","embeddable":true,"href":"https:\/\/www.pressenza.com\/it\/wp-json\/wp\/v2\/tags?post=1462719"}],"curies":[{"name":"wp","href":"https:\/\/api.w.org\/{rel}","templated":true}]}}