{"id":1458260,"date":"2021-10-25T09:52:20","date_gmt":"2021-10-25T08:52:20","guid":{"rendered":"https:\/\/www.pressenza.com\/?p=1458260"},"modified":"2021-10-25T09:52:20","modified_gmt":"2021-10-25T08:52:20","slug":"zehra-dogan-a-torino-arte-e-liberta-resistenza-creativita-e-prigionia-di-unattivista-curda","status":"publish","type":"post","link":"https:\/\/www.pressenza.com\/it\/2021\/10\/zehra-dogan-a-torino-arte-e-liberta-resistenza-creativita-e-prigionia-di-unattivista-curda\/","title":{"rendered":"Zehra Do\u011fan a Torino: Arte e libert\u00e0. Resistenza, creativit\u00e0 e prigionia di un\u2019attivista curda."},"content":{"rendered":"<p><span style=\"font-weight: 400;\">Nell\u2019ambito della programmazione culturale 2021 del Polo del \u2018900, nello specifico di <\/span><i><span style=\"font-weight: 400;\">Dove portano i Venti. Crisi, transizioni, opportunit\u00e0 del nuovo decennio<\/span><\/i><span style=\"font-weight: 400;\">, Il Museo Diffuso della Resistenza, della Deportazione, della Guerra, dei Diritti e della Libert\u00e0, insieme alla Fondazione Vera Nocentini e l\u2019Istituto di studi storici Gaetano Salvemini, con il supporto di Casa Gramsci e\u00a0 della Fondazione Istituto Piemontese Antonio Gramsci Torino propongono un dialogo con l\u2019artista e attivista curda Zehra Do\u011fan, a partire dalla sua esperienza di giornalista e attivista e della prigionia nelle carceri turche, nelle quali ha cominciato a usare l\u2019arte come mezzo espressivo per conquistare diritti e libert\u00e0 per individui e minoranze oppresse.<\/span><\/p>\n<p><span style=\"font-weight: 400;\">L\u2019iniziativa si colloca all\u2019interno del progetto integrato \u201cPolo internazionale. Avere vent\u2019anni in\u2026 Siria e Libano, Balcani, Egitto e Turchia\u201d.\u00a0<\/span><\/p>\n<p><b>Zehra Do\u011fan<\/b><span style=\"font-weight: 400;\">\u00a0\u00e8 una pittrice e giornalista curda. Nel 2017 \u00e8 stata trattenuta\u00a0<\/span><b>in carcere per 33 mesi con l\u2019accusa di \u201cpropaganda per conto di organizzazioni terroristiche\u201d<\/b><span style=\"font-weight: 400;\">.\u00a0<\/span><\/p>\n<p><span style=\"font-weight: 400;\">Classe 1989, cresciuta nella citt\u00e0 di Mardin, al confine con la Siria, Zehra Do\u011fan si \u00e8 laureata all\u2019Universit\u00e0 di Dicle diventando poi insegnante di disegno. Oltre a dipingere, ha lavorato anche come giornalista, \u00abperch\u00e9 era inevitabile denunciare ci\u00f2 che accadeva\u00bb nella sua citt\u00e0. Ha lavorato per la prima agenzia di notizie del mondo fondata e gestita interamente dalle donne, la\u00a0<\/span><i><span style=\"font-weight: 400;\">Jinha<\/span><\/i><span style=\"font-weight: 400;\">, un\u2019esperienza giornalistica senza precedenti che l\u2019ha portata a svolgere il ruolo di caporedattrice.\u00a0<\/span><i><span style=\"font-weight: 400;\">Jinha<\/span><\/i><span style=\"font-weight: 400;\">\u00a0\u00e8 nata nel 2012 ed\u00a0<\/span><b>\u00e8 stata chiusa nel 2016, con il decreto legge numero 657, emesso dal Presidente della Repubblica durante lo stato di emergenza<\/b><span style=\"font-weight: 400;\">. La motivazione della chiusura era stata la stessa poi rivolta a Do\u011fan: apologia del terrorismo.<\/span><\/p>\n<p><span style=\"font-weight: 400;\">Nel 2016 in Turchia l\u2019artista e giornalista curda Zehra Do\u011fan fu arrestata dopo aver pubblicato su internet alcuni post in cui denunciava le violenze del regime turco contro il popolo curdo. In particolare, un suo disegno di Nusaybin\u00a0\u00a0(una citt\u00e0 turca a maggioranza curda) in macerie e con le bandiere turche che sventolavano sui palazzi divenne virale e fu soprannominato \u201cGuernica curda\u201d, con riferimento al famoso quadro di Picasso che ritrae gli orrori della guerra civile spagnola. Per quell\u2019opera, Do\u011fan fu condannata a quasi tre anni di carcere, che scont\u00f2 continuando a dipingere con i materiali che aveva a disposizione in cella. In quegli anni ricevette solidariet\u00e0 da organizzazioni internazionali come Amnesty International, e l\u2019artista britannico Banksy e dell\u2019artista cinese AI Weiwei.<\/span><span style=\"font-weight: 400;\">\u00a0<\/span><\/p>\n<p><span style=\"font-weight: 400;\">Zehra Do\u011fan ha sempre provato a denunciare le violazioni dei diritti umani nel sud est della Turchia facendo particolare attenzione alla vita delle donne curde schiacciate tra la violenza dello Stato e la cultura patriarcale. Anche durante la sua detenzione ha fatto la stessa cosa.<\/span><\/p>\n<p><span style=\"font-weight: 400;\">\u00abNel primo carcere, a Mardin, mi avevano permesso di dipingere; invece nel secondo centro di detenzione, a Diyarbakir, niente.\u00a0<\/span><b>Io, in ogni caso, ho dipinto; sulle magliette, sui giornali oppure sulla carta igienica. Ho utilizzato i residui del cibo, i miei capelli ma anche il mio sangue mestruale.<\/b><span style=\"font-weight: 400;\">\u00a0Questa, per me, \u00e8 una forma di resistenza contro questa cultura maschilista che maledice la donna da circa cinquemila anni. Penso di aver creato un buco nel muro della censura e della violenza che ha paura anche della pittura. Inoltre, le mie compagne di cella mi hanno aiutata a procurarmi i materiali, a nascondere i dipinti e a farli uscire fuori dal carcere, cosa che era vietata. Quindi si pu\u00f2 parlare di una resistenza femminile collettiva che abbiamo organizzato dentro la prigione\u00bb.<\/span><\/p>\n<p><b>Do\u011fan ricorda<\/b><span style=\"font-weight: 400;\"> quel periodo produttivo in carcere anche sottolineando di aver sperimentato diverse nuove tecniche di pittura, quindi si tratta anche, in un certo modo, di una crescita artistica. Anche a livello quantitativo \u00e8 stato un periodo molto fruttifero: Do\u011fan dice di aver concluso pi\u00f9 di trecento lavori ed \u00e8 riuscita a farli uscire tutti fuori dalle mura del carcere. I suoi lavori, portati fuori dai centri di detenzione, hanno avuto un grande successo. Il famoso artista britannico\u00a0<\/span><b>Banksy, nel mese di marzo 2018, ha realizzato a New York, sullo storico muro consacrato alla <\/b><b><i>street art<\/i><\/b><b> della citt\u00e0, un murale che rappresenta Do\u011fan dietro le sbarre<\/b><span style=\"font-weight: 400;\">. Sopra la sua opera ha proiettato sul muro bianco il quadro dipinto dalla collega curda e che le \u00e8 costato la prigionia. \u00abQuesto ovviamente ha fatto s\u00ec che il mondo conoscesse quello che \u00e8 successo a Nusaybin. Ma non solo questo gesto: in generale, tutto il sostegno che ho ricevuto, proveniente da diverse parti del mondo, mi ha aiutato molto durante la mia detenzione. Credo che il carcere sia una dura prova per un essere umano. Il detenuto si mette in discussione per diversi aspetti, quindi ricevere la solidariet\u00e0 di coloro che sono fuori \u00e8 una forte conferma che la detenzione sia ingiusta e che sia invece il detenuto a essere sulla strada giusta\u00bb. Do\u011fan specifica che ha ricevuto migliaia di lettere da tutti gli angoli del globo e questo ha rafforzato la sua fiducia in s\u00e9 stessa.<\/span><\/p>\n<p><span style=\"font-weight: 400;\">\u201cIl Museo Diffuso della Resistenza \u00e8 onorato e felice di promuovere, all\u2019interno di un progetto integrato del Polo del \u2018900, un incontro con l\u2019artista, giornalista e attivista curda Zehra Do\u011fan, che usa i linguaggi dell\u2019arte e del contemporaneo per portare avanti una lotta di liberazione e conquista dei diritti umani in difesa di singoli e minoranze oppresse. Abbiamo deciso di ospitare questo dialogo aperto alla cittadinanza, in linea con la missione del Museo che \u00e8 anche Museo dei Diritti e della libert\u00e0, non solo per valorizzare l\u2019esperienza dell\u2019attivista politica e della giornalista perseguitata e imprigionata per le proprie idee, ma anche per riflettere sulla condizione dei giovani intellettuali e artisti cui sono negate libert\u00e0 e parola in tutto il mondo e specialmente in Medio Oriente, a partire dall\u2019esperienza esemplare di Zehra Do\u011fan , riuscita negli anni a veicolare con alto livello estetico messaggi di libert\u00e0 che vengo rafforzati dai linguaggi del contemporaneo\u201d <\/span><b>Roberto Mastroianni<\/b><span style=\"font-weight: 400;\">, Presidente del Museo Diffuso della Resistenza, della Deportazione, della Guerra, dei Diritti e della Libert\u00e0 di Torino.\u00a0<\/span><\/p>\n<p><span style=\"font-weight: 400;\">L\u2019 evento si tiene al Polo del \u2018900, gioved\u00ec 28 ottobre alle ore 18, su prenotazione (Via del Carmine, 14) e in diretta streaming sui canali FB e YouTube del Polo del \u2018900 e degli istituti coinvolti (Museo diffuso della Resistenza; Istituto di studi storici Gaetano Salvemini e Fondazione Nocentini).<\/span><\/p>\n<p>&nbsp;<\/p>\n<p><b>Programma<\/b><\/p>\n<p><i><span style=\"font-weight: 400;\">Saluti istituzionali<\/span><\/i><\/p>\n<p><span style=\"font-weight: 400;\">Alessandro Bollo (Direttore Polo del \u2018900)<br \/>\n<\/span><span>Roberto Mastroianni (Presidente Museo Diffuso della Resistenza, della Deportazione, della Guerra, <\/span><span>dei Diritti e della Libert\u00e0)<br \/>\n<\/span><span style=\"font-weight: 400;\">Marcella Filippa (Direttrice\u00a0Fondazione Vera Nocentini)<\/span><\/p>\n<p><i><span style=\"font-weight: 400;\">Intervengono<\/span><\/i><span style=\"font-weight: 400;\"><br \/>\n<\/span><span style=\"font-weight: 400;\">Zehra Do\u011fan (Artista, attivista e giornalista)<\/span><span style=\"font-weight: 400;\"><br \/>\n<\/span><span style=\"font-weight: 400;\">Murat Cinar (Giornalista)<\/span><span style=\"font-weight: 400;\"><br \/>\n<\/span><span style=\"font-weight: 400;\">Lisa Parola (Curatrice d\u2019arte indipendente)<\/span><span style=\"font-weight: 400;\"><br \/>\n<\/span><span style=\"font-weight: 400;\">Cristina Voto (Ricercatrice, dipartimento di Filosofia &#8211; Universit\u00e0 di Torino)<\/span><span style=\"font-weight: 400;\"><br \/>\n<\/span><span style=\"font-weight: 400;\">Giuseppe Acconcia (Giornalista e ricercatore, specializzato in Medio Oriente &#8211; Universit\u00e0 di Padova)<\/span><\/p>\n<p><span style=\"font-weight: 400;\"><br \/>\n<\/span><i><span style=\"font-weight: 400;\">Traduce<\/span><\/i><span style=\"font-weight: 400;\"><br \/>\n<\/span><span style=\"font-weight: 400;\">Alessandro Nobili<\/span><\/p>\n<p>L&#8217;evento Facebook: <a href=\"https:\/\/www.facebook.com\/events\/604092027299506\">https:\/\/www.facebook.com\/events\/604092027299506<\/a><br \/>\n<a href=\"https:\/\/polodel900.secure.force.com\/eventi?IdEvt=a0C6N0000010y64&amp;fbclid=IwAR32tfo6IRJYsz_LXn-KzB62YMlc67evIbEVYmejLwOJs6xINJxVuRhZZJk\">Link di prenotazione in presenza<\/a><\/p>\n<p><b>Informazioni:<br \/>\n<\/b><span>011 01120780 | <\/span><a href=\"mailto:info@museodiffusotorino.it\"><span>info@museodiffusotorino.it <\/span><\/a><\/p>\n<p>Ufficio stampa Polo del \u2018900 | <a href=\"mailto:sonia.vacca@polodel900.it\"><span>sonia.vacca@polodel900.it<\/span><\/a><\/p>\n","protected":false},"excerpt":{"rendered":"<p>Nell\u2019ambito della programmazione culturale 2021 del Polo del \u2018900, nello specifico di Dove portano i Venti. Crisi, transizioni, opportunit\u00e0 del nuovo decennio, Il Museo Diffuso della Resistenza, della Deportazione, della Guerra, dei Diritti e della Libert\u00e0, insieme alla Fondazione Vera&hellip;<\/p>\n","protected":false},"author":1640,"featured_media":1458261,"comment_status":"closed","ping_status":"closed","sticky":false,"template":"","format":"standard","meta":{"footnotes":""},"categories":[150,56,60,47,52,1263,55,57],"tags":[5357,1737,6642,96099,1104,23108,96092,22156,62845,96100,96098,1767,367,96103,5197,5795,96093,96101,1578,4545,8563,96094,96096,96091,96097,1119,4000,96095,23438,3226,1100,96102],"class_list":["post-1458260","post","type-post","status-publish","format-standard","has-post-thumbnail","hentry","category-comunicati-stampa","category-cultura","category-diritti-umani","category-europa","category-medio-oriente","category-pace-disarmo","category-politica","category-affari-esteri","tag-ankara-it","tag-arte-it","tag-carcere","tag-casa-gramsci","tag-censura-it","tag-coprifuoco","tag-cultura-curda","tag-diyarbakir","tag-esilio","tag-fondazione-istituto-piemontese-antonio-gramsci-torino","tag-fondazione-vera-nocentini","tag-giornalismo","tag-giornalisti","tag-guernica-it","tag-istanbul","tag-kurdistan","tag-lingua-curda","tag-mardin","tag-medio-oriente-it","tag-mostra","tag-museo","tag-museo-della-resistenza","tag-nusaybin","tag-pittrice","tag-polo-del-900","tag-repressione","tag-resistenza","tag-roberto-matroianni","tag-stato-demergenza","tag-torino","tag-turchia","tag-zehra-dogan-it"],"yoast_head":"<!-- This site is optimized with the Yoast SEO plugin v27.1.1 - https:\/\/yoast.com\/product\/yoast-seo-wordpress\/ -->\n<title>Zehra Do\u011fan a Torino: Arte e libert\u00e0. Resistenza, creativit\u00e0 e prigionia di un\u2019attivista curda.<\/title>\n<meta name=\"description\" content=\"Nell\u2019ambito della programmazione culturale 2021 del Polo del \u2018900, nello specifico di Dove portano i Venti. Crisi, transizioni, opportunit\u00e0 del nuovo\" \/>\n<meta name=\"robots\" content=\"index, follow, max-snippet:-1, max-image-preview:large, max-video-preview:-1\" \/>\n<link rel=\"canonical\" href=\"https:\/\/www.pressenza.com\/it\/2021\/10\/zehra-dogan-a-torino-arte-e-liberta-resistenza-creativita-e-prigionia-di-unattivista-curda\/\" \/>\n<meta property=\"og:locale\" content=\"it_IT\" \/>\n<meta property=\"og:type\" content=\"article\" \/>\n<meta property=\"og:title\" content=\"Zehra Do\u011fan a Torino: Arte e libert\u00e0. Resistenza, creativit\u00e0 e prigionia di un\u2019attivista curda.\" \/>\n<meta property=\"og:description\" content=\"Nell\u2019ambito della programmazione culturale 2021 del Polo del \u2018900, nello specifico di Dove portano i Venti. Crisi, transizioni, opportunit\u00e0 del nuovo\" \/>\n<meta property=\"og:url\" content=\"https:\/\/www.pressenza.com\/it\/2021\/10\/zehra-dogan-a-torino-arte-e-liberta-resistenza-creativita-e-prigionia-di-unattivista-curda\/\" \/>\n<meta property=\"og:site_name\" content=\"Pressenza\" \/>\n<meta property=\"article:publisher\" content=\"https:\/\/www.facebook.com\/PressenzaItalia\" \/>\n<meta property=\"article:published_time\" content=\"2021-10-25T08:52:20+00:00\" \/>\n<meta property=\"og:image\" content=\"https:\/\/www.pressenza.com\/wp-content\/uploads\/2021\/10\/zehra-dogan.jpeg\" \/>\n\t<meta property=\"og:image:width\" content=\"1920\" \/>\n\t<meta property=\"og:image:height\" content=\"1080\" \/>\n\t<meta property=\"og:image:type\" content=\"image\/jpeg\" \/>\n<meta name=\"author\" content=\"Redazione Torino\" \/>\n<meta name=\"twitter:card\" content=\"summary_large_image\" \/>\n<meta name=\"twitter:creator\" content=\"@PressenzaIPA\" \/>\n<meta name=\"twitter:site\" content=\"@PressenzaIPA\" \/>\n<meta name=\"twitter:label1\" content=\"Scritto da\" \/>\n\t<meta name=\"twitter:data1\" content=\"Redazione Torino\" \/>\n\t<meta name=\"twitter:label2\" content=\"Tempo di lettura stimato\" \/>\n\t<meta name=\"twitter:data2\" content=\"6 minuti\" \/>\n<script type=\"application\/ld+json\" class=\"yoast-schema-graph\">{\"@context\":\"https:\/\/schema.org\",\"@graph\":[{\"@type\":\"Article\",\"@id\":\"https:\/\/www.pressenza.com\/it\/2021\/10\/zehra-dogan-a-torino-arte-e-liberta-resistenza-creativita-e-prigionia-di-unattivista-curda\/#article\",\"isPartOf\":{\"@id\":\"https:\/\/www.pressenza.com\/it\/2021\/10\/zehra-dogan-a-torino-arte-e-liberta-resistenza-creativita-e-prigionia-di-unattivista-curda\/\"},\"author\":{\"name\":\"Redazione Torino\",\"@id\":\"https:\/\/www.pressenza.com\/it\/#\/schema\/person\/da0d4ca096515102c096dbbc39d69593\"},\"headline\":\"Zehra Do\u011fan a Torino: Arte e libert\u00e0. Resistenza, creativit\u00e0 e prigionia di un\u2019attivista curda.\",\"datePublished\":\"2021-10-25T08:52:20+00:00\",\"mainEntityOfPage\":{\"@id\":\"https:\/\/www.pressenza.com\/it\/2021\/10\/zehra-dogan-a-torino-arte-e-liberta-resistenza-creativita-e-prigionia-di-unattivista-curda\/\"},\"wordCount\":1150,\"publisher\":{\"@id\":\"https:\/\/www.pressenza.com\/it\/#organization\"},\"image\":{\"@id\":\"https:\/\/www.pressenza.com\/it\/2021\/10\/zehra-dogan-a-torino-arte-e-liberta-resistenza-creativita-e-prigionia-di-unattivista-curda\/#primaryimage\"},\"thumbnailUrl\":\"https:\/\/www.pressenza.com\/wp-content\/uploads\/2021\/10\/zehra-dogan.jpeg\",\"keywords\":[\"Ankara\",\"arte\",\"carcere\",\"casa gramsci\",\"censura\",\"coprifuoco\",\"cultura curda\",\"Diyarbakir\",\"esilio\",\"fondazione istituto piemontese antonio gramsci torino\",\"fondazione vera nocentini\",\"giornalismo\",\"giornalisti\",\"Guernica\",\"Istanbul\",\"Kurdistan\",\"lingua curda\",\"mardin\",\"Medio Oriente\",\"mostra\",\"museo\",\"museo della resistenza\",\"nusaybin\",\"pittrice\",\"polo del 900\",\"repressione\",\"Resistenza\",\"roberto matroianni\",\"stato d'emergenza\",\"Torino\",\"Turchia\",\"Zehra Do\u011fan\"],\"articleSection\":[\"Comunicati Stampa\",\"Cultura e Media\",\"Diritti Umani\",\"Europa\",\"Medio Oriente\",\"Pace e Disarmo\",\"Politica\",\"Questioni internazionali\"],\"inLanguage\":\"it-IT\"},{\"@type\":\"WebPage\",\"@id\":\"https:\/\/www.pressenza.com\/it\/2021\/10\/zehra-dogan-a-torino-arte-e-liberta-resistenza-creativita-e-prigionia-di-unattivista-curda\/\",\"url\":\"https:\/\/www.pressenza.com\/it\/2021\/10\/zehra-dogan-a-torino-arte-e-liberta-resistenza-creativita-e-prigionia-di-unattivista-curda\/\",\"name\":\"Zehra Do\u011fan a Torino: Arte e libert\u00e0. Resistenza, creativit\u00e0 e prigionia di un\u2019attivista curda.\",\"isPartOf\":{\"@id\":\"https:\/\/www.pressenza.com\/it\/#website\"},\"primaryImageOfPage\":{\"@id\":\"https:\/\/www.pressenza.com\/it\/2021\/10\/zehra-dogan-a-torino-arte-e-liberta-resistenza-creativita-e-prigionia-di-unattivista-curda\/#primaryimage\"},\"image\":{\"@id\":\"https:\/\/www.pressenza.com\/it\/2021\/10\/zehra-dogan-a-torino-arte-e-liberta-resistenza-creativita-e-prigionia-di-unattivista-curda\/#primaryimage\"},\"thumbnailUrl\":\"https:\/\/www.pressenza.com\/wp-content\/uploads\/2021\/10\/zehra-dogan.jpeg\",\"datePublished\":\"2021-10-25T08:52:20+00:00\",\"description\":\"Nell\u2019ambito della programmazione culturale 2021 del Polo del \u2018900, nello specifico di Dove portano i Venti. Crisi, transizioni, opportunit\u00e0 del nuovo\",\"breadcrumb\":{\"@id\":\"https:\/\/www.pressenza.com\/it\/2021\/10\/zehra-dogan-a-torino-arte-e-liberta-resistenza-creativita-e-prigionia-di-unattivista-curda\/#breadcrumb\"},\"inLanguage\":\"it-IT\",\"potentialAction\":[{\"@type\":\"ReadAction\",\"target\":[\"https:\/\/www.pressenza.com\/it\/2021\/10\/zehra-dogan-a-torino-arte-e-liberta-resistenza-creativita-e-prigionia-di-unattivista-curda\/\"]}]},{\"@type\":\"ImageObject\",\"inLanguage\":\"it-IT\",\"@id\":\"https:\/\/www.pressenza.com\/it\/2021\/10\/zehra-dogan-a-torino-arte-e-liberta-resistenza-creativita-e-prigionia-di-unattivista-curda\/#primaryimage\",\"url\":\"https:\/\/www.pressenza.com\/wp-content\/uploads\/2021\/10\/zehra-dogan.jpeg\",\"contentUrl\":\"https:\/\/www.pressenza.com\/wp-content\/uploads\/2021\/10\/zehra-dogan.jpeg\",\"width\":1920,\"height\":1080},{\"@type\":\"BreadcrumbList\",\"@id\":\"https:\/\/www.pressenza.com\/it\/2021\/10\/zehra-dogan-a-torino-arte-e-liberta-resistenza-creativita-e-prigionia-di-unattivista-curda\/#breadcrumb\",\"itemListElement\":[{\"@type\":\"ListItem\",\"position\":1,\"name\":\"Accueil\",\"item\":\"https:\/\/www.pressenza.com\/it\/\"},{\"@type\":\"ListItem\",\"position\":2,\"name\":\"Zehra Do\u011fan a Torino: Arte e libert\u00e0. Resistenza, creativit\u00e0 e prigionia di un\u2019attivista curda.\"}]},{\"@type\":\"WebSite\",\"@id\":\"https:\/\/www.pressenza.com\/it\/#website\",\"url\":\"https:\/\/www.pressenza.com\/it\/\",\"name\":\"Pressenza\",\"description\":\"Agenzia di Stampa Internazionale\",\"publisher\":{\"@id\":\"https:\/\/www.pressenza.com\/it\/#organization\"},\"potentialAction\":[{\"@type\":\"SearchAction\",\"target\":{\"@type\":\"EntryPoint\",\"urlTemplate\":\"https:\/\/www.pressenza.com\/it\/?s={search_term_string}\"},\"query-input\":{\"@type\":\"PropertyValueSpecification\",\"valueRequired\":true,\"valueName\":\"search_term_string\"}}],\"inLanguage\":\"it-IT\"},{\"@type\":\"Organization\",\"@id\":\"https:\/\/www.pressenza.com\/it\/#organization\",\"name\":\"Pressenza\",\"url\":\"https:\/\/www.pressenza.com\/it\/\",\"logo\":{\"@type\":\"ImageObject\",\"inLanguage\":\"it-IT\",\"@id\":\"https:\/\/www.pressenza.com\/it\/#\/schema\/logo\/image\/\",\"url\":\"https:\/\/www.pressenza.com\/wp-content\/uploads\/2022\/10\/pressenza_logo_200x200.jpg\",\"contentUrl\":\"https:\/\/www.pressenza.com\/wp-content\/uploads\/2022\/10\/pressenza_logo_200x200.jpg\",\"width\":200,\"height\":200,\"caption\":\"Pressenza\"},\"image\":{\"@id\":\"https:\/\/www.pressenza.com\/it\/#\/schema\/logo\/image\/\"},\"sameAs\":[\"https:\/\/www.facebook.com\/PressenzaItalia\",\"https:\/\/x.com\/PressenzaIPA\"]},{\"@type\":\"Person\",\"@id\":\"https:\/\/www.pressenza.com\/it\/#\/schema\/person\/da0d4ca096515102c096dbbc39d69593\",\"name\":\"Redazione Torino\",\"description\":\"News from the Pressenza Bureau in Turin, Italy redazione.torino@pressenza.com\",\"url\":\"https:\/\/www.pressenza.com\/it\/author\/redazione-torino\/\"}]}<\/script>\n<!-- \/ Yoast SEO plugin. -->","yoast_head_json":{"title":"Zehra Do\u011fan a Torino: Arte e libert\u00e0. Resistenza, creativit\u00e0 e prigionia di un\u2019attivista curda.","description":"Nell\u2019ambito della programmazione culturale 2021 del Polo del \u2018900, nello specifico di Dove portano i Venti. Crisi, transizioni, opportunit\u00e0 del nuovo","robots":{"index":"index","follow":"follow","max-snippet":"max-snippet:-1","max-image-preview":"max-image-preview:large","max-video-preview":"max-video-preview:-1"},"canonical":"https:\/\/www.pressenza.com\/it\/2021\/10\/zehra-dogan-a-torino-arte-e-liberta-resistenza-creativita-e-prigionia-di-unattivista-curda\/","og_locale":"it_IT","og_type":"article","og_title":"Zehra Do\u011fan a Torino: Arte e libert\u00e0. Resistenza, creativit\u00e0 e prigionia di un\u2019attivista curda.","og_description":"Nell\u2019ambito della programmazione culturale 2021 del Polo del \u2018900, nello specifico di Dove portano i Venti. Crisi, transizioni, opportunit\u00e0 del nuovo","og_url":"https:\/\/www.pressenza.com\/it\/2021\/10\/zehra-dogan-a-torino-arte-e-liberta-resistenza-creativita-e-prigionia-di-unattivista-curda\/","og_site_name":"Pressenza","article_publisher":"https:\/\/www.facebook.com\/PressenzaItalia","article_published_time":"2021-10-25T08:52:20+00:00","og_image":[{"width":1920,"height":1080,"url":"https:\/\/www.pressenza.com\/wp-content\/uploads\/2021\/10\/zehra-dogan.jpeg","type":"image\/jpeg"}],"author":"Redazione Torino","twitter_card":"summary_large_image","twitter_creator":"@PressenzaIPA","twitter_site":"@PressenzaIPA","twitter_misc":{"Scritto da":"Redazione Torino","Tempo di lettura stimato":"6 minuti"},"schema":{"@context":"https:\/\/schema.org","@graph":[{"@type":"Article","@id":"https:\/\/www.pressenza.com\/it\/2021\/10\/zehra-dogan-a-torino-arte-e-liberta-resistenza-creativita-e-prigionia-di-unattivista-curda\/#article","isPartOf":{"@id":"https:\/\/www.pressenza.com\/it\/2021\/10\/zehra-dogan-a-torino-arte-e-liberta-resistenza-creativita-e-prigionia-di-unattivista-curda\/"},"author":{"name":"Redazione Torino","@id":"https:\/\/www.pressenza.com\/it\/#\/schema\/person\/da0d4ca096515102c096dbbc39d69593"},"headline":"Zehra Do\u011fan a Torino: Arte e libert\u00e0. Resistenza, creativit\u00e0 e prigionia di un\u2019attivista curda.","datePublished":"2021-10-25T08:52:20+00:00","mainEntityOfPage":{"@id":"https:\/\/www.pressenza.com\/it\/2021\/10\/zehra-dogan-a-torino-arte-e-liberta-resistenza-creativita-e-prigionia-di-unattivista-curda\/"},"wordCount":1150,"publisher":{"@id":"https:\/\/www.pressenza.com\/it\/#organization"},"image":{"@id":"https:\/\/www.pressenza.com\/it\/2021\/10\/zehra-dogan-a-torino-arte-e-liberta-resistenza-creativita-e-prigionia-di-unattivista-curda\/#primaryimage"},"thumbnailUrl":"https:\/\/www.pressenza.com\/wp-content\/uploads\/2021\/10\/zehra-dogan.jpeg","keywords":["Ankara","arte","carcere","casa gramsci","censura","coprifuoco","cultura curda","Diyarbakir","esilio","fondazione istituto piemontese antonio gramsci torino","fondazione vera nocentini","giornalismo","giornalisti","Guernica","Istanbul","Kurdistan","lingua curda","mardin","Medio Oriente","mostra","museo","museo della resistenza","nusaybin","pittrice","polo del 900","repressione","Resistenza","roberto matroianni","stato d'emergenza","Torino","Turchia","Zehra Do\u011fan"],"articleSection":["Comunicati Stampa","Cultura e Media","Diritti Umani","Europa","Medio Oriente","Pace e Disarmo","Politica","Questioni internazionali"],"inLanguage":"it-IT"},{"@type":"WebPage","@id":"https:\/\/www.pressenza.com\/it\/2021\/10\/zehra-dogan-a-torino-arte-e-liberta-resistenza-creativita-e-prigionia-di-unattivista-curda\/","url":"https:\/\/www.pressenza.com\/it\/2021\/10\/zehra-dogan-a-torino-arte-e-liberta-resistenza-creativita-e-prigionia-di-unattivista-curda\/","name":"Zehra Do\u011fan a Torino: Arte e libert\u00e0. Resistenza, creativit\u00e0 e prigionia di un\u2019attivista curda.","isPartOf":{"@id":"https:\/\/www.pressenza.com\/it\/#website"},"primaryImageOfPage":{"@id":"https:\/\/www.pressenza.com\/it\/2021\/10\/zehra-dogan-a-torino-arte-e-liberta-resistenza-creativita-e-prigionia-di-unattivista-curda\/#primaryimage"},"image":{"@id":"https:\/\/www.pressenza.com\/it\/2021\/10\/zehra-dogan-a-torino-arte-e-liberta-resistenza-creativita-e-prigionia-di-unattivista-curda\/#primaryimage"},"thumbnailUrl":"https:\/\/www.pressenza.com\/wp-content\/uploads\/2021\/10\/zehra-dogan.jpeg","datePublished":"2021-10-25T08:52:20+00:00","description":"Nell\u2019ambito della programmazione culturale 2021 del Polo del \u2018900, nello specifico di Dove portano i Venti. Crisi, transizioni, opportunit\u00e0 del nuovo","breadcrumb":{"@id":"https:\/\/www.pressenza.com\/it\/2021\/10\/zehra-dogan-a-torino-arte-e-liberta-resistenza-creativita-e-prigionia-di-unattivista-curda\/#breadcrumb"},"inLanguage":"it-IT","potentialAction":[{"@type":"ReadAction","target":["https:\/\/www.pressenza.com\/it\/2021\/10\/zehra-dogan-a-torino-arte-e-liberta-resistenza-creativita-e-prigionia-di-unattivista-curda\/"]}]},{"@type":"ImageObject","inLanguage":"it-IT","@id":"https:\/\/www.pressenza.com\/it\/2021\/10\/zehra-dogan-a-torino-arte-e-liberta-resistenza-creativita-e-prigionia-di-unattivista-curda\/#primaryimage","url":"https:\/\/www.pressenza.com\/wp-content\/uploads\/2021\/10\/zehra-dogan.jpeg","contentUrl":"https:\/\/www.pressenza.com\/wp-content\/uploads\/2021\/10\/zehra-dogan.jpeg","width":1920,"height":1080},{"@type":"BreadcrumbList","@id":"https:\/\/www.pressenza.com\/it\/2021\/10\/zehra-dogan-a-torino-arte-e-liberta-resistenza-creativita-e-prigionia-di-unattivista-curda\/#breadcrumb","itemListElement":[{"@type":"ListItem","position":1,"name":"Accueil","item":"https:\/\/www.pressenza.com\/it\/"},{"@type":"ListItem","position":2,"name":"Zehra Do\u011fan a Torino: Arte e libert\u00e0. Resistenza, creativit\u00e0 e prigionia di un\u2019attivista curda."}]},{"@type":"WebSite","@id":"https:\/\/www.pressenza.com\/it\/#website","url":"https:\/\/www.pressenza.com\/it\/","name":"Pressenza","description":"Agenzia di Stampa Internazionale","publisher":{"@id":"https:\/\/www.pressenza.com\/it\/#organization"},"potentialAction":[{"@type":"SearchAction","target":{"@type":"EntryPoint","urlTemplate":"https:\/\/www.pressenza.com\/it\/?s={search_term_string}"},"query-input":{"@type":"PropertyValueSpecification","valueRequired":true,"valueName":"search_term_string"}}],"inLanguage":"it-IT"},{"@type":"Organization","@id":"https:\/\/www.pressenza.com\/it\/#organization","name":"Pressenza","url":"https:\/\/www.pressenza.com\/it\/","logo":{"@type":"ImageObject","inLanguage":"it-IT","@id":"https:\/\/www.pressenza.com\/it\/#\/schema\/logo\/image\/","url":"https:\/\/www.pressenza.com\/wp-content\/uploads\/2022\/10\/pressenza_logo_200x200.jpg","contentUrl":"https:\/\/www.pressenza.com\/wp-content\/uploads\/2022\/10\/pressenza_logo_200x200.jpg","width":200,"height":200,"caption":"Pressenza"},"image":{"@id":"https:\/\/www.pressenza.com\/it\/#\/schema\/logo\/image\/"},"sameAs":["https:\/\/www.facebook.com\/PressenzaItalia","https:\/\/x.com\/PressenzaIPA"]},{"@type":"Person","@id":"https:\/\/www.pressenza.com\/it\/#\/schema\/person\/da0d4ca096515102c096dbbc39d69593","name":"Redazione Torino","description":"News from the Pressenza Bureau in Turin, Italy redazione.torino@pressenza.com","url":"https:\/\/www.pressenza.com\/it\/author\/redazione-torino\/"}]}},"place":"","original_article_url":"","_links":{"self":[{"href":"https:\/\/www.pressenza.com\/it\/wp-json\/wp\/v2\/posts\/1458260","targetHints":{"allow":["GET"]}}],"collection":[{"href":"https:\/\/www.pressenza.com\/it\/wp-json\/wp\/v2\/posts"}],"about":[{"href":"https:\/\/www.pressenza.com\/it\/wp-json\/wp\/v2\/types\/post"}],"author":[{"embeddable":true,"href":"https:\/\/www.pressenza.com\/it\/wp-json\/wp\/v2\/users\/1640"}],"replies":[{"embeddable":true,"href":"https:\/\/www.pressenza.com\/it\/wp-json\/wp\/v2\/comments?post=1458260"}],"version-history":[{"count":0,"href":"https:\/\/www.pressenza.com\/it\/wp-json\/wp\/v2\/posts\/1458260\/revisions"}],"wp:featuredmedia":[{"embeddable":true,"href":"https:\/\/www.pressenza.com\/it\/wp-json\/wp\/v2\/media\/1458261"}],"wp:attachment":[{"href":"https:\/\/www.pressenza.com\/it\/wp-json\/wp\/v2\/media?parent=1458260"}],"wp:term":[{"taxonomy":"category","embeddable":true,"href":"https:\/\/www.pressenza.com\/it\/wp-json\/wp\/v2\/categories?post=1458260"},{"taxonomy":"post_tag","embeddable":true,"href":"https:\/\/www.pressenza.com\/it\/wp-json\/wp\/v2\/tags?post=1458260"}],"curies":[{"name":"wp","href":"https:\/\/api.w.org\/{rel}","templated":true}]}}