{"id":1456414,"date":"2021-10-23T17:35:40","date_gmt":"2021-10-23T16:35:40","guid":{"rendered":"https:\/\/www.pressenza.com\/?p=1456414"},"modified":"2021-10-23T22:40:13","modified_gmt":"2021-10-23T21:40:13","slug":"molte-rifugiate-afghane-hanno-gettato-via-il-velo-in-un-gesto-liberatorio","status":"publish","type":"post","link":"https:\/\/www.pressenza.com\/it\/2021\/10\/molte-rifugiate-afghane-hanno-gettato-via-il-velo-in-un-gesto-liberatorio\/","title":{"rendered":"Molte rifugiate afghane hanno gettato via il velo in un gesto liberatorio"},"content":{"rendered":"<p><span style=\"font-weight: 400;\">\u201cContrariamente alle nostre peggiori aspettative, a due mesi dalla presa di Kabul, l&#8217;attenzione dell&#8217;opinione pubblica \u00e8 ancora alta. La solidariet\u00e0 verso gli afghani in generale, e in particolare per le donne afghane, \u00e8 stata un fenomeno unico nel suo genere, infatti, continuano ad arrivare richieste di aggiornamenti dai media italiani\u201d.<\/span><\/p>\n<p><span style=\"font-weight: 400;\">A parlare \u00e8 Flavia Mariani la responsabile comunicazione dell\u2019associazione Nove Onlus che assieme al COI, al Ministero degli Interni, alla giornalista esperta di Afghanistan Barbara Schiavulli, al Trust \u201cNel nome della donna\u201d, e ad altre associazioni, dal 16 agosto, giorno dopo della caduta di Kabul in mano ai talebani, tanto si \u00e8 adoperata per fare evacuare e porre in salvo donne, bambini e tutti i loro collaboratori e collaboratrici che dal 2012 erano impegnati nei tanti progetti che Nove Onlus ha implementato in Afghanistan, in particolare a Kabul.\u00a0<\/span><\/p>\n<p><span style=\"font-weight: 400;\">\u201cC&#8217;\u00e8 stata una grande reazione collettiva, dalle persone alle istituzioni alle aziende, che si sono messi a disposizione, ancora oggi ci chiedono come poter aiutare. E soprattutto c&#8217;\u00e8 questa doppia attenzione: che cosa sta succedendo alle persone che sono arrivate in Italia, come accogliere quelle che arriveranno? E dall\u2019altra parte, l\u2019attenzione a come si sta sviluppando la situazione in Afghanistan.\u00a0Direi che la solidariet\u00e0 e l\u2019indignazione sono riuscite ad attivare le energie positive. Anche le associazioni che di solito in Italia lavorano singolarmente in questa occasione hanno fatto rete. Le Ong <\/span><span style=\"font-weight: 400;\">sono in attesa di risposte dal\u00a0 governo<\/span><span style=\"font-weight: 400;\"> e stanno cercando di <\/span><span style=\"font-weight: 400;\">ottimizzare <\/span><span style=\"font-weight: 400;\">l\u2019accoglienza e implementare i servizi.\u00a0\u00a0A livello di societ\u00e0 civile iniziamo a capire che\u00a0s\u00ec \u00e8 vero abbiamo pi\u00f9 strumenti e pi\u00f9 mezzi ma i diritti\u00a0sono sempre a repentaglio: oggi \u00e8 successo a loro e domani pu\u00f2 succedere a noi.\u00a0 \u00c8 una ferita collettiva.\u00a0 Alla fine, ti rendi conto che la maggioranza della popolazione mondiale non \u00e8 sufficientemente tutelata e nemmeno riconosciuta\u00a0come categoria da proteggere.\u00a0 Non dev\u2019essere necessaria una guerra per ottenere di essere protette.<\/span><\/p>\n<p><i><span style=\"font-weight: 400;\">Mi fai pensare ad un film che ho visto recentemente &#8220;Saint Jude&#8221; (2019), racconta la storia vera di Judith Wood, avvocatessa in California, che difendeva il caso di una donna afgana fuggita perch\u00e9 perseguitata dai talebani per il fatto di voler studiare.\u00a0 La sua richiesta di asilo negli Stati Uniti veniva rifiutata- sulla base che non aveva dovuto fuggire da una guerra ne era una perseguitata politica- ma l&#8217;avvocata non si diede per vinta, riusc\u00ec ad arrivare alla Corte d&#8217;Appello e ottenere di cambiare la legge sull\u2019immigrazione che da quella sentenza riconosceva le donne come una categoria perseguitata da proteggere.<\/span><\/i><\/p>\n<p><i><\/i><span style=\"font-weight: 400;\">La nefasta coincidenza di un\u2019impennata\u00a0nei femminicidi ha contribuito a creare una sinergia tra le due situazioni: l&#8217;attenzione verso le donne afghane che si ritrovano a perdere i loro diritti e le donne italiane che si ritrovano a fare rete per\u00a0chiedere maggiore protezione contro la violenza. Ci rendiamo conto che c&#8217;\u00e8 bisogno di porre rimedio agli squilibri che esistono all&#8217;interno delle nostre societ\u00e0; vedi le proteste dei <\/span><i><span style=\"font-weight: 400;\">Black Lives Matter<\/span><\/i><span style=\"font-weight: 400;\">,\u00a0l&#8217;escalation nel razzismo, tematiche che non vedono ancora un vero affrancamento a livello mondiale.\u00a0 Certo la situazione in Afghanistan \u00e8 molto pi\u00f9 estrema,\u00a0e rimane la necessit\u00e0 di porre rimedio agli squilibri.<\/span><\/p>\n<p><i><span style=\"font-weight: 400;\">Come Nove Onlus siete impegnate su pi\u00f9 fronti, in Italia sul fronte dell&#8217;accoglienza delle persone che sono\u00a0 arrivate -e accoglienza vuol dire mille cose- e poi\u00a0 il fronte delle negoziazioni con il Ministero per far uscire chi \u00e8 rimasto e anche affrontare l&#8217;emergenza fame che c&#8217;\u00e8 adesso in Afghanistan.<\/span><\/i><i><span style=\"font-weight: 400;\"><br \/>\n<\/span><\/i><span style=\"font-weight: 400;\"><br \/>\n<\/span><span style=\"font-weight: 400;\">Con il governo stiamo lavorando su tutta una serie di problemi che vanno dalle liste delle persone da far uscire dal paese a come creare dei corridoi umanitari <\/span><span style=\"font-weight: 400;\">sicuri\u00a0 <\/span><span style=\"font-weight: 400;\">per il cibo e per l&#8217;assistenza sanitaria, il paese \u00e8 alla fame e a novembre<\/span><span style=\"font-weight: 400;\"> si stima che <\/span><span style=\"font-weight: 400;\">il 97% della popolazione sar\u00e0 <\/span><span style=\"font-weight: 400;\">sotto la soglia della povert\u00e0, le banche e fondi sono bloccati,<\/span><span style=\"font-weight: 400;\"> non ci sono fonti di approvvigionamento e l&#8217;inverno \u00e8 alle porte. Abitualmente l&#8217;inverno in Afghanistan \u00e8 una emergenza, bisogna procurare la legna da ardere altrimenti le famiglie <\/span><span style=\"font-weight: 400;\">rischiano l\u2019assideramento.<\/span><span style=\"font-weight: 400;\"> A questo proposito stiamo attrezzando una unit\u00e0 mobile, in collaborazione con una Ong che lavora in Afghanistan dal 1968, per arrivare nei quartieri pi\u00f9 poveri di Kabul <\/span><span style=\"font-weight: 400;\">fornendo assistenza sanitaria di base, e siamo pronti ad intervenire con approvvigionamenti di alimenti e di legna,\u00a0 come abbiamo gi\u00e0 fatto lo scorso anno. Ogni associazione negli anni ha creato la sua <\/span><i><span style=\"font-weight: 400;\">expertise<\/span><\/i><span style=\"font-weight: 400;\">, le sue reti, ha il suo <\/span><i><span style=\"font-weight: 400;\">know-how<\/span><\/i><span style=\"font-weight: 400;\"> \u00e8 bene che ognuna continui a fare al meglio quello che sa fare e invece creare delle sinergie tra le varie Ong.<\/span><\/p>\n<p><span style=\"font-weight: 400;\">Sul fronte dell\u2019accoglienza, abbiamo effettuato una profilazione del nostro gruppo di donne dislocate su tutta l\u2019Italia, per individuare le loro potenzialit\u00e0 e occuparci dei loro problemi. C&#8217;\u00e8 chi ha appena partorito, chi ha bambini con handicap pi\u00f9 o meno gravi,\u00a0chi si trova in una situazione di isolamento. All\u2019interno del gruppo ci sono situazioni di estrema vulnerabilit\u00e0, donne che hanno sub\u00ecto violenza, donne sole, separate dai mariti.\u00a0<\/span><\/p>\n<p><span style=\"font-weight: 400;\">\u00a0Stiamo avviando la seconda fase dell&#8217;accoglienza che vede in primo luogo l&#8217;organizzazione di corsi di italiano supplementari, perch\u00e9 la lingua \u00e8 lo strumento che permette l\u2019inserimento, allieva\u00a0l\u2019isolamento.\u00a0Stiamo creando una rete di alleanze solidali con altre<\/span> <span style=\"font-weight: 400;\">associazioni e istituzioni per\u00a0 implementare l\u2019assistenza linguistica e psicologica e attivare corsi di formazione.\u00a0 Ci sono gi\u00e0 delle aziende che stanno interessandosi per poter <\/span><span style=\"font-weight: 400;\">offrire un inserimento nei loro organici.\u00a0 Quello che \u00e8 importante, \u00e8 continuare a mantenere una narrativa su queste persone, raccontando le loro storie, dando loro spazio e visibilit\u00e0.<\/span><\/p>\n<p><span style=\"font-weight: 400;\">Queste donne si sentono grate di essere salve, stanno affrontando le difficolt\u00e0 del cambiamento in tutti i suoi aspetti, alimentare, culturale, linguistico, anche per quelle di loro che parlano inglese non \u00e8 scontato trovare italiani che lo parlino. Per molte di loro sentirsi salve ha significato buttare via l\u2019hijab, c&#8217;\u00e8 chi l&#8217;ha conservato perch\u00e9 non \u00e8 sicura di quello che il futuro le potr\u00e0 riservare. Se hanno ancora la famiglia in Afghanistan, non <\/span><span style=\"font-weight: 400;\">sanno <\/span><span style=\"font-weight: 400;\">come affrontare la lontananza. Per tutte loro questa \u00e8 una fonte di dolore inconsolabile. Anche chi \u00e8 riuscita ad uscire con il marito e i figli, ha lasciato indietro i genitori anziani, le sorelle, i fratelli. Per non parlare poi dei sogni infranti, una vita che avevano progettato, il dolore per averla persa. Per\u00f2 sono donne con delle grandi risorse dal punto di vista umano, hanno un senso della solidariet\u00e0, della riconoscenza, della gratitudine quasi impensabili per noi.<\/span><\/p>\n","protected":false},"excerpt":{"rendered":"<p>\u201cContrariamente alle nostre peggiori aspettative, a due mesi dalla presa di Kabul, l&#8217;attenzione dell&#8217;opinione pubblica \u00e8 ancora alta. La solidariet\u00e0 verso gli afghani in generale, e in particolare per le donne afghane, \u00e8 stata un fenomeno unico nel suo genere,&hellip;<\/p>\n","protected":false},"author":1795,"featured_media":1417213,"comment_status":"closed","ping_status":"closed","sticky":false,"template":"","format":"standard","meta":{"footnotes":""},"categories":[46,11388,47,54513,157],"tags":[459,568,68707],"class_list":["post-1456414","post","type-post","status-publish","format-standard","has-post-thumbnail","hentry","category-asia-it","category-contenuti-originali","category-europa","category-genere-e-femminismi","category-interviste","tag-afghanistan-it","tag-donne","tag-nove-onlus"],"yoast_head":"<!-- This site is optimized with the Yoast SEO plugin v27.1.1 - https:\/\/yoast.com\/product\/yoast-seo-wordpress\/ -->\n<title>Molte rifugiate afghane hanno gettato via il velo in un gesto liberatorio<\/title>\n<meta name=\"description\" content=\"\u201cContrariamente alle nostre peggiori aspettative, a due mesi dalla presa di Kabul, l&#039;attenzione dell&#039;opinione pubblica \u00e8 ancora alta. La solidariet\u00e0 verso\" \/>\n<meta name=\"robots\" content=\"index, follow, max-snippet:-1, max-image-preview:large, max-video-preview:-1\" \/>\n<link rel=\"canonical\" href=\"https:\/\/www.pressenza.com\/it\/2021\/10\/molte-rifugiate-afghane-hanno-gettato-via-il-velo-in-un-gesto-liberatorio\/\" \/>\n<meta property=\"og:locale\" content=\"it_IT\" \/>\n<meta property=\"og:type\" content=\"article\" \/>\n<meta property=\"og:title\" content=\"Molte rifugiate afghane hanno gettato via il velo in un gesto liberatorio\" \/>\n<meta property=\"og:description\" content=\"\u201cContrariamente alle nostre peggiori aspettative, a due mesi dalla presa di Kabul, l&#039;attenzione dell&#039;opinione pubblica \u00e8 ancora alta. La solidariet\u00e0 verso\" \/>\n<meta property=\"og:url\" content=\"https:\/\/www.pressenza.com\/it\/2021\/10\/molte-rifugiate-afghane-hanno-gettato-via-il-velo-in-un-gesto-liberatorio\/\" \/>\n<meta property=\"og:site_name\" content=\"Pressenza\" \/>\n<meta property=\"article:publisher\" content=\"https:\/\/www.facebook.com\/PressenzaItalia\" \/>\n<meta property=\"article:published_time\" content=\"2021-10-23T16:35:40+00:00\" \/>\n<meta property=\"article:modified_time\" content=\"2021-10-23T21:40:13+00:00\" \/>\n<meta property=\"og:image\" content=\"https:\/\/www.pressenza.com\/wp-content\/uploads\/2021\/08\/Roma-afghanistan-Catallo07.jpg\" \/>\n\t<meta property=\"og:image:width\" content=\"800\" \/>\n\t<meta property=\"og:image:height\" content=\"536\" \/>\n\t<meta property=\"og:image:type\" content=\"image\/jpeg\" \/>\n<meta name=\"author\" content=\"Fiorella Carollo\" \/>\n<meta name=\"twitter:card\" content=\"summary_large_image\" \/>\n<meta name=\"twitter:creator\" content=\"@PressenzaIPA\" \/>\n<meta name=\"twitter:site\" content=\"@PressenzaIPA\" \/>\n<meta name=\"twitter:label1\" content=\"Scritto da\" \/>\n\t<meta name=\"twitter:data1\" content=\"Fiorella Carollo\" \/>\n\t<meta name=\"twitter:label2\" content=\"Tempo di lettura stimato\" \/>\n\t<meta name=\"twitter:data2\" content=\"5 minuti\" \/>\n<script type=\"application\/ld+json\" class=\"yoast-schema-graph\">{\"@context\":\"https:\/\/schema.org\",\"@graph\":[{\"@type\":\"Article\",\"@id\":\"https:\/\/www.pressenza.com\/it\/2021\/10\/molte-rifugiate-afghane-hanno-gettato-via-il-velo-in-un-gesto-liberatorio\/#article\",\"isPartOf\":{\"@id\":\"https:\/\/www.pressenza.com\/it\/2021\/10\/molte-rifugiate-afghane-hanno-gettato-via-il-velo-in-un-gesto-liberatorio\/\"},\"author\":{\"name\":\"Fiorella Carollo\",\"@id\":\"https:\/\/www.pressenza.com\/it\/#\/schema\/person\/84ebf19dce4d902a223619c900b9d714\"},\"headline\":\"Molte rifugiate afghane hanno gettato via il velo in un gesto liberatorio\",\"datePublished\":\"2021-10-23T16:35:40+00:00\",\"dateModified\":\"2021-10-23T21:40:13+00:00\",\"mainEntityOfPage\":{\"@id\":\"https:\/\/www.pressenza.com\/it\/2021\/10\/molte-rifugiate-afghane-hanno-gettato-via-il-velo-in-un-gesto-liberatorio\/\"},\"wordCount\":1077,\"publisher\":{\"@id\":\"https:\/\/www.pressenza.com\/it\/#organization\"},\"image\":{\"@id\":\"https:\/\/www.pressenza.com\/it\/2021\/10\/molte-rifugiate-afghane-hanno-gettato-via-il-velo-in-un-gesto-liberatorio\/#primaryimage\"},\"thumbnailUrl\":\"https:\/\/www.pressenza.com\/wp-content\/uploads\/2021\/08\/Roma-afghanistan-Catallo07.jpg\",\"keywords\":[\"Afghanistan\",\"donne\",\"Nove Onlus\"],\"articleSection\":[\"Asia\",\"contenuti originali\",\"Europa\",\"Genere e femminismi\",\"Interviste\"],\"inLanguage\":\"it-IT\"},{\"@type\":\"WebPage\",\"@id\":\"https:\/\/www.pressenza.com\/it\/2021\/10\/molte-rifugiate-afghane-hanno-gettato-via-il-velo-in-un-gesto-liberatorio\/\",\"url\":\"https:\/\/www.pressenza.com\/it\/2021\/10\/molte-rifugiate-afghane-hanno-gettato-via-il-velo-in-un-gesto-liberatorio\/\",\"name\":\"Molte rifugiate afghane hanno gettato via il velo in un gesto liberatorio\",\"isPartOf\":{\"@id\":\"https:\/\/www.pressenza.com\/it\/#website\"},\"primaryImageOfPage\":{\"@id\":\"https:\/\/www.pressenza.com\/it\/2021\/10\/molte-rifugiate-afghane-hanno-gettato-via-il-velo-in-un-gesto-liberatorio\/#primaryimage\"},\"image\":{\"@id\":\"https:\/\/www.pressenza.com\/it\/2021\/10\/molte-rifugiate-afghane-hanno-gettato-via-il-velo-in-un-gesto-liberatorio\/#primaryimage\"},\"thumbnailUrl\":\"https:\/\/www.pressenza.com\/wp-content\/uploads\/2021\/08\/Roma-afghanistan-Catallo07.jpg\",\"datePublished\":\"2021-10-23T16:35:40+00:00\",\"dateModified\":\"2021-10-23T21:40:13+00:00\",\"description\":\"\u201cContrariamente alle nostre peggiori aspettative, a due mesi dalla presa di Kabul, l'attenzione dell'opinione pubblica \u00e8 ancora alta. La solidariet\u00e0 verso\",\"breadcrumb\":{\"@id\":\"https:\/\/www.pressenza.com\/it\/2021\/10\/molte-rifugiate-afghane-hanno-gettato-via-il-velo-in-un-gesto-liberatorio\/#breadcrumb\"},\"inLanguage\":\"it-IT\",\"potentialAction\":[{\"@type\":\"ReadAction\",\"target\":[\"https:\/\/www.pressenza.com\/it\/2021\/10\/molte-rifugiate-afghane-hanno-gettato-via-il-velo-in-un-gesto-liberatorio\/\"]}]},{\"@type\":\"ImageObject\",\"inLanguage\":\"it-IT\",\"@id\":\"https:\/\/www.pressenza.com\/it\/2021\/10\/molte-rifugiate-afghane-hanno-gettato-via-il-velo-in-un-gesto-liberatorio\/#primaryimage\",\"url\":\"https:\/\/www.pressenza.com\/wp-content\/uploads\/2021\/08\/Roma-afghanistan-Catallo07.jpg\",\"contentUrl\":\"https:\/\/www.pressenza.com\/wp-content\/uploads\/2021\/08\/Roma-afghanistan-Catallo07.jpg\",\"width\":800,\"height\":536},{\"@type\":\"BreadcrumbList\",\"@id\":\"https:\/\/www.pressenza.com\/it\/2021\/10\/molte-rifugiate-afghane-hanno-gettato-via-il-velo-in-un-gesto-liberatorio\/#breadcrumb\",\"itemListElement\":[{\"@type\":\"ListItem\",\"position\":1,\"name\":\"Accueil\",\"item\":\"https:\/\/www.pressenza.com\/it\/\"},{\"@type\":\"ListItem\",\"position\":2,\"name\":\"Molte rifugiate afghane hanno gettato via il velo in un gesto liberatorio\"}]},{\"@type\":\"WebSite\",\"@id\":\"https:\/\/www.pressenza.com\/it\/#website\",\"url\":\"https:\/\/www.pressenza.com\/it\/\",\"name\":\"Pressenza\",\"description\":\"Agenzia di Stampa Internazionale\",\"publisher\":{\"@id\":\"https:\/\/www.pressenza.com\/it\/#organization\"},\"potentialAction\":[{\"@type\":\"SearchAction\",\"target\":{\"@type\":\"EntryPoint\",\"urlTemplate\":\"https:\/\/www.pressenza.com\/it\/?s={search_term_string}\"},\"query-input\":{\"@type\":\"PropertyValueSpecification\",\"valueRequired\":true,\"valueName\":\"search_term_string\"}}],\"inLanguage\":\"it-IT\"},{\"@type\":\"Organization\",\"@id\":\"https:\/\/www.pressenza.com\/it\/#organization\",\"name\":\"Pressenza\",\"url\":\"https:\/\/www.pressenza.com\/it\/\",\"logo\":{\"@type\":\"ImageObject\",\"inLanguage\":\"it-IT\",\"@id\":\"https:\/\/www.pressenza.com\/it\/#\/schema\/logo\/image\/\",\"url\":\"https:\/\/www.pressenza.com\/wp-content\/uploads\/2022\/10\/pressenza_logo_200x200.jpg\",\"contentUrl\":\"https:\/\/www.pressenza.com\/wp-content\/uploads\/2022\/10\/pressenza_logo_200x200.jpg\",\"width\":200,\"height\":200,\"caption\":\"Pressenza\"},\"image\":{\"@id\":\"https:\/\/www.pressenza.com\/it\/#\/schema\/logo\/image\/\"},\"sameAs\":[\"https:\/\/www.facebook.com\/PressenzaItalia\",\"https:\/\/x.com\/PressenzaIPA\"]},{\"@type\":\"Person\",\"@id\":\"https:\/\/www.pressenza.com\/it\/#\/schema\/person\/84ebf19dce4d902a223619c900b9d714\",\"name\":\"Fiorella Carollo\",\"description\":\"Orientalista, nello specifico nipponista, con una formazione in antropologia, studiosa del pensiero femminista e di cinema delle donne. Ha vissuto a Venezia, Londra, Tokyo, Melbourne, Bali e Roma. Nel 2009 pubblica con il contributo del comune di Venezia la raccolta di recensioni \u201cNuove eroine al cinema. Venti anni di cinema declinato al femminile\u201d. Nel biennio 2014-15 due campagne di crowdfunding finanziano il progetto \u201cI Reportage di Donna Reporter: diamo voce e visibilit\u00e0 alle donne che in Asia stanno cambiando il mondo\u201d. Questi reportage, le interviste e gli articoli scritti per The Bali Times hanno fornito il materiale per un libro di prossima pubblicazione. Il 2019 ha visto l\u2019emergere prepotente della questione climatica a cui dedica il libro \u201cExtinction Rebellion e la rivoluzione climatica\u201d 2020 Multimage. Nel marzo del 2022 grazie ad una campagna di crowdfunding \u00e8 stato pubblicato il libro \u201cDonne tra protesta e attivismo. Ambiente, economia, societ\u00e0\u201d sempre per la casa editrice Multimage di Firenze.\",\"url\":\"https:\/\/www.pressenza.com\/it\/author\/fiorella-carollo\/\"}]}<\/script>\n<!-- \/ Yoast SEO plugin. -->","yoast_head_json":{"title":"Molte rifugiate afghane hanno gettato via il velo in un gesto liberatorio","description":"\u201cContrariamente alle nostre peggiori aspettative, a due mesi dalla presa di Kabul, l'attenzione dell'opinione pubblica \u00e8 ancora alta. La solidariet\u00e0 verso","robots":{"index":"index","follow":"follow","max-snippet":"max-snippet:-1","max-image-preview":"max-image-preview:large","max-video-preview":"max-video-preview:-1"},"canonical":"https:\/\/www.pressenza.com\/it\/2021\/10\/molte-rifugiate-afghane-hanno-gettato-via-il-velo-in-un-gesto-liberatorio\/","og_locale":"it_IT","og_type":"article","og_title":"Molte rifugiate afghane hanno gettato via il velo in un gesto liberatorio","og_description":"\u201cContrariamente alle nostre peggiori aspettative, a due mesi dalla presa di Kabul, l'attenzione dell'opinione pubblica \u00e8 ancora alta. La solidariet\u00e0 verso","og_url":"https:\/\/www.pressenza.com\/it\/2021\/10\/molte-rifugiate-afghane-hanno-gettato-via-il-velo-in-un-gesto-liberatorio\/","og_site_name":"Pressenza","article_publisher":"https:\/\/www.facebook.com\/PressenzaItalia","article_published_time":"2021-10-23T16:35:40+00:00","article_modified_time":"2021-10-23T21:40:13+00:00","og_image":[{"width":800,"height":536,"url":"https:\/\/www.pressenza.com\/wp-content\/uploads\/2021\/08\/Roma-afghanistan-Catallo07.jpg","type":"image\/jpeg"}],"author":"Fiorella Carollo","twitter_card":"summary_large_image","twitter_creator":"@PressenzaIPA","twitter_site":"@PressenzaIPA","twitter_misc":{"Scritto da":"Fiorella Carollo","Tempo di lettura stimato":"5 minuti"},"schema":{"@context":"https:\/\/schema.org","@graph":[{"@type":"Article","@id":"https:\/\/www.pressenza.com\/it\/2021\/10\/molte-rifugiate-afghane-hanno-gettato-via-il-velo-in-un-gesto-liberatorio\/#article","isPartOf":{"@id":"https:\/\/www.pressenza.com\/it\/2021\/10\/molte-rifugiate-afghane-hanno-gettato-via-il-velo-in-un-gesto-liberatorio\/"},"author":{"name":"Fiorella Carollo","@id":"https:\/\/www.pressenza.com\/it\/#\/schema\/person\/84ebf19dce4d902a223619c900b9d714"},"headline":"Molte rifugiate afghane hanno gettato via il velo in un gesto liberatorio","datePublished":"2021-10-23T16:35:40+00:00","dateModified":"2021-10-23T21:40:13+00:00","mainEntityOfPage":{"@id":"https:\/\/www.pressenza.com\/it\/2021\/10\/molte-rifugiate-afghane-hanno-gettato-via-il-velo-in-un-gesto-liberatorio\/"},"wordCount":1077,"publisher":{"@id":"https:\/\/www.pressenza.com\/it\/#organization"},"image":{"@id":"https:\/\/www.pressenza.com\/it\/2021\/10\/molte-rifugiate-afghane-hanno-gettato-via-il-velo-in-un-gesto-liberatorio\/#primaryimage"},"thumbnailUrl":"https:\/\/www.pressenza.com\/wp-content\/uploads\/2021\/08\/Roma-afghanistan-Catallo07.jpg","keywords":["Afghanistan","donne","Nove Onlus"],"articleSection":["Asia","contenuti originali","Europa","Genere e femminismi","Interviste"],"inLanguage":"it-IT"},{"@type":"WebPage","@id":"https:\/\/www.pressenza.com\/it\/2021\/10\/molte-rifugiate-afghane-hanno-gettato-via-il-velo-in-un-gesto-liberatorio\/","url":"https:\/\/www.pressenza.com\/it\/2021\/10\/molte-rifugiate-afghane-hanno-gettato-via-il-velo-in-un-gesto-liberatorio\/","name":"Molte rifugiate afghane hanno gettato via il velo in un gesto liberatorio","isPartOf":{"@id":"https:\/\/www.pressenza.com\/it\/#website"},"primaryImageOfPage":{"@id":"https:\/\/www.pressenza.com\/it\/2021\/10\/molte-rifugiate-afghane-hanno-gettato-via-il-velo-in-un-gesto-liberatorio\/#primaryimage"},"image":{"@id":"https:\/\/www.pressenza.com\/it\/2021\/10\/molte-rifugiate-afghane-hanno-gettato-via-il-velo-in-un-gesto-liberatorio\/#primaryimage"},"thumbnailUrl":"https:\/\/www.pressenza.com\/wp-content\/uploads\/2021\/08\/Roma-afghanistan-Catallo07.jpg","datePublished":"2021-10-23T16:35:40+00:00","dateModified":"2021-10-23T21:40:13+00:00","description":"\u201cContrariamente alle nostre peggiori aspettative, a due mesi dalla presa di Kabul, l'attenzione dell'opinione pubblica \u00e8 ancora alta. La solidariet\u00e0 verso","breadcrumb":{"@id":"https:\/\/www.pressenza.com\/it\/2021\/10\/molte-rifugiate-afghane-hanno-gettato-via-il-velo-in-un-gesto-liberatorio\/#breadcrumb"},"inLanguage":"it-IT","potentialAction":[{"@type":"ReadAction","target":["https:\/\/www.pressenza.com\/it\/2021\/10\/molte-rifugiate-afghane-hanno-gettato-via-il-velo-in-un-gesto-liberatorio\/"]}]},{"@type":"ImageObject","inLanguage":"it-IT","@id":"https:\/\/www.pressenza.com\/it\/2021\/10\/molte-rifugiate-afghane-hanno-gettato-via-il-velo-in-un-gesto-liberatorio\/#primaryimage","url":"https:\/\/www.pressenza.com\/wp-content\/uploads\/2021\/08\/Roma-afghanistan-Catallo07.jpg","contentUrl":"https:\/\/www.pressenza.com\/wp-content\/uploads\/2021\/08\/Roma-afghanistan-Catallo07.jpg","width":800,"height":536},{"@type":"BreadcrumbList","@id":"https:\/\/www.pressenza.com\/it\/2021\/10\/molte-rifugiate-afghane-hanno-gettato-via-il-velo-in-un-gesto-liberatorio\/#breadcrumb","itemListElement":[{"@type":"ListItem","position":1,"name":"Accueil","item":"https:\/\/www.pressenza.com\/it\/"},{"@type":"ListItem","position":2,"name":"Molte rifugiate afghane hanno gettato via il velo in un gesto liberatorio"}]},{"@type":"WebSite","@id":"https:\/\/www.pressenza.com\/it\/#website","url":"https:\/\/www.pressenza.com\/it\/","name":"Pressenza","description":"Agenzia di Stampa Internazionale","publisher":{"@id":"https:\/\/www.pressenza.com\/it\/#organization"},"potentialAction":[{"@type":"SearchAction","target":{"@type":"EntryPoint","urlTemplate":"https:\/\/www.pressenza.com\/it\/?s={search_term_string}"},"query-input":{"@type":"PropertyValueSpecification","valueRequired":true,"valueName":"search_term_string"}}],"inLanguage":"it-IT"},{"@type":"Organization","@id":"https:\/\/www.pressenza.com\/it\/#organization","name":"Pressenza","url":"https:\/\/www.pressenza.com\/it\/","logo":{"@type":"ImageObject","inLanguage":"it-IT","@id":"https:\/\/www.pressenza.com\/it\/#\/schema\/logo\/image\/","url":"https:\/\/www.pressenza.com\/wp-content\/uploads\/2022\/10\/pressenza_logo_200x200.jpg","contentUrl":"https:\/\/www.pressenza.com\/wp-content\/uploads\/2022\/10\/pressenza_logo_200x200.jpg","width":200,"height":200,"caption":"Pressenza"},"image":{"@id":"https:\/\/www.pressenza.com\/it\/#\/schema\/logo\/image\/"},"sameAs":["https:\/\/www.facebook.com\/PressenzaItalia","https:\/\/x.com\/PressenzaIPA"]},{"@type":"Person","@id":"https:\/\/www.pressenza.com\/it\/#\/schema\/person\/84ebf19dce4d902a223619c900b9d714","name":"Fiorella Carollo","description":"Orientalista, nello specifico nipponista, con una formazione in antropologia, studiosa del pensiero femminista e di cinema delle donne. Ha vissuto a Venezia, Londra, Tokyo, Melbourne, Bali e Roma. Nel 2009 pubblica con il contributo del comune di Venezia la raccolta di recensioni \u201cNuove eroine al cinema. Venti anni di cinema declinato al femminile\u201d. Nel biennio 2014-15 due campagne di crowdfunding finanziano il progetto \u201cI Reportage di Donna Reporter: diamo voce e visibilit\u00e0 alle donne che in Asia stanno cambiando il mondo\u201d. Questi reportage, le interviste e gli articoli scritti per The Bali Times hanno fornito il materiale per un libro di prossima pubblicazione. Il 2019 ha visto l\u2019emergere prepotente della questione climatica a cui dedica il libro \u201cExtinction Rebellion e la rivoluzione climatica\u201d 2020 Multimage. Nel marzo del 2022 grazie ad una campagna di crowdfunding \u00e8 stato pubblicato il libro \u201cDonne tra protesta e attivismo. Ambiente, economia, societ\u00e0\u201d sempre per la casa editrice Multimage di Firenze.","url":"https:\/\/www.pressenza.com\/it\/author\/fiorella-carollo\/"}]}},"place":"","original_article_url":"","_links":{"self":[{"href":"https:\/\/www.pressenza.com\/it\/wp-json\/wp\/v2\/posts\/1456414","targetHints":{"allow":["GET"]}}],"collection":[{"href":"https:\/\/www.pressenza.com\/it\/wp-json\/wp\/v2\/posts"}],"about":[{"href":"https:\/\/www.pressenza.com\/it\/wp-json\/wp\/v2\/types\/post"}],"author":[{"embeddable":true,"href":"https:\/\/www.pressenza.com\/it\/wp-json\/wp\/v2\/users\/1795"}],"replies":[{"embeddable":true,"href":"https:\/\/www.pressenza.com\/it\/wp-json\/wp\/v2\/comments?post=1456414"}],"version-history":[{"count":0,"href":"https:\/\/www.pressenza.com\/it\/wp-json\/wp\/v2\/posts\/1456414\/revisions"}],"wp:featuredmedia":[{"embeddable":true,"href":"https:\/\/www.pressenza.com\/it\/wp-json\/wp\/v2\/media\/1417213"}],"wp:attachment":[{"href":"https:\/\/www.pressenza.com\/it\/wp-json\/wp\/v2\/media?parent=1456414"}],"wp:term":[{"taxonomy":"category","embeddable":true,"href":"https:\/\/www.pressenza.com\/it\/wp-json\/wp\/v2\/categories?post=1456414"},{"taxonomy":"post_tag","embeddable":true,"href":"https:\/\/www.pressenza.com\/it\/wp-json\/wp\/v2\/tags?post=1456414"}],"curies":[{"name":"wp","href":"https:\/\/api.w.org\/{rel}","templated":true}]}}