{"id":1451222,"date":"2021-10-14T14:38:28","date_gmt":"2021-10-14T13:38:28","guid":{"rendered":"https:\/\/www.pressenza.com\/?p=1451222"},"modified":"2021-10-14T14:53:39","modified_gmt":"2021-10-14T13:53:39","slug":"raoni-metuktire-se-lula-prendera-il-potere-io-saro-con-lui","status":"publish","type":"post","link":"https:\/\/www.pressenza.com\/it\/2021\/10\/raoni-metuktire-se-lula-prendera-il-potere-io-saro-con-lui\/","title":{"rendered":"Raoni Metuktire: &#8220;Se Lula prender\u00e0 il potere, io sar\u00f2 con lui&#8221;\u00a0"},"content":{"rendered":"<div id=\":295\" class=\"ii gt\">\n<div id=\":294\" class=\"a3s aiL \">\n<div dir=\"ltr\">\n<div dir=\"auto\">Il capo Raoni Metuktire, il principale leader indigeno del Brasile, ha dichiarato che sosterr\u00e0 Luiz In\u00e1cio Lula da Silva alle elezioni dell&#8217;ottobre 2022 e oggi ha esortato tutti a sostenere l&#8217;ex presidente.<\/div>\n<div dir=\"auto\"><\/div>\n<div dir=\"auto\">&#8220;Se Lula prender\u00e0 il potere, io sar\u00f2 con lui e ricominceremo a lavorare insieme. Perch\u00e9 tutti possano avere pace&#8221; &#8211; cos\u00ec ha affermato,\u00a0in un&#8217;intervista all&#8217;organizzazione non governativa R\u00e9porter Brasil,\u00a0il capo indigeno dell&#8217;etnia\u00a0Kayap\u00f3 e icona della lotta ambientalista per la difesa dell&#8217;Amazzonia.<\/div>\n<div dir=\"auto\"><\/div>\n<div dir=\"auto\">Nato nel cuore dello stato del Mato Grosso, Raoni \u00e8 cresciuto seguendo lo stile di vita nomadico della sua trib\u00f9 e all&#8217;et\u00e0 di circa vent\u2019anni sono iniziati i primi contatti della sua etnia con il mondo esterno.\u00a0\u00c8 stato fondamentale per la demarcazione delle terre indigene, per la difesa dei diritti indigeni nell&#8217;Assemblea costituente e per la conservazione della foresta amazzonica. A farlo conoscere al mondo \u00e8 stato il regista Jean Pierre Dutilleux\u00a0che nel 1977 present\u00f2 il documentario &#8220;Raoni&#8221;\u00a0al Festival di Cannes,\u00a0nominato per l\u2019Oscar come miglior documentario nel 1979, raccontando la sua vita, la difesa dei diritti umani dei popoli indigeni e la lotta del suo popolo in difesa\u00a0degli ecosistemi e dell&#8217;Amazzonia.<\/div>\n<div dir=\"auto\"><\/div>\n<div dir=\"auto\">Da l\u00ec in poi Raoni ha utilizzato la sua fama per ampliare il suo messaggio: la deforestazione non minaccia solo i Kayap\u00f3, i popoli indigeni sudamericani e l&#8217;Amazzonia, ma tutta l\u2019umanit\u00e0.<\/div>\n<div dir=\"auto\"><\/div>\n<div dir=\"auto\">Raoni ha dovuto affrontare molte sfide nella sua vita. Oltre alla nascita della Rainforest Foundation in difesa dell&#8217;ambiente, con l&#8217;aiuto di Dutilleux e Sting, un importante traguardo arriv\u00f2 nel 1993 con la creazione di una delle aree di foresta pluviale protette pi\u00f9 vaste al mondo nel territorio dei Kayap\u00f3.<\/div>\n<div dir=\"auto\">Nonostante il successo di Raoni nel diffondere consapevolezza sul ruolo fondamentale degli indigeni come &#8220;guardiani della foresta&#8221;, negli anni Ottanta si trov\u00f2 a lottare contro il progetto delle dighe di Belo Monte. I Kayap\u00f3 e le trib\u00f9 alleate riuscirono a bloccare il maxi-impianto idroelettrico sul fiume Xingu e fu proprio l\u2019incontro degli indigeni ad Altamira a convincere potenziali finanziatori come la Banca Mondiale a ritirarsi dal progetto.<\/div>\n<div dir=\"auto\">Negli anni Duemila, per\u00f2, i piani per le dighe iniziarono a concretizzarsi e nel 2008 si tenne il secondo incontro dei popoli indigeni dello Xingu ad Altamira contro le dighe di Belo Monte. Nel 2015 le dighe entrarono in funzione, alterando definitivamente il corso del fiume.<\/div>\n<div dir=\"auto\"><\/div>\n<div dir=\"auto\">&#8220;Belo Monte \u00e8 un disastro, sta causando la morte dei pesci e della fauna acquatica. Questo ci ha toccato profondamente: i Kayap\u00f3 e le comunit\u00e0 indigene continueranno a lottare contro questi progetti&#8221; &#8211;\u00a0 dichiar\u00f2 Raoni Metuktire a Bonn durante la Cop23 nel 2017.<\/div>\n<div dir=\"auto\"><\/div>\n<div dir=\"auto\">Nel 2019 la Fondazione Darcy Ribeiro, un&#8217;organizzazione di antropologi brasiliani, ha presentato la nomina di Raoni per il Premio Nobel per la Pace 2020.<\/div>\n<div dir=\"auto\">Durante la pandemia, il leader nativo, ha visto la morte della moglie ed \u00e8 stato lui stesso affetto da Covid-19, dal quale \u00e8 uscito pur presentando ancora dolore al corpo e mancanza di respiro. Ha vissuto in prima persona le politiche neoliberiste di Bolsonaro sulla salute, sull&#8217;ambiente e le sue politiche sui diritti umani, fino ad essere definito dallo stesso Bolsonaro come &#8220;pezzo di manovra dei governi stranieri&#8221;. Nonostante ci\u00f2 rimane ambizioso e pieno di piani per il futuro a tal punto da intraprendere un&#8217;altra battaglia all&#8217;orizzonte: quella per impedire il decollo del progetto Ferrogr\u00e3o, la ferrovia che prevede un terminal merci a Matup\u00e1 (MT), che trasporter\u00e0 i semi di soia mettendo in pericolo il Parco Indigeno Xingu e la Terra Indigena Raoni, il Capoto Jarina.<\/div>\n<div dir=\"auto\"><\/div>\n<div>E&#8217; proprio riguardo a questo che Raoni, durante l&#8217;intervista, ha dichiarato che alle elezioni 2022 &#8220;dobbiamo tutti sostenere Lula in modo che assuma questa posizione e che tutti possano stare tranquilli &#8211; aggiungendo &#8211; se Lula subentra, io sar\u00f2 l\u00ec con lui. Ricominceremo a lavorare insieme cos\u00ec le cose andranno bene e tutti avranno pace&#8221;. Il fondatore del Partito dei Lavoratori infatti appare come il favorito in tutti i sondaggi di opinione.<\/div>\n<div dir=\"auto\"><\/div>\n<div dir=\"auto\">&#8220;Bolsonaro sta sbagliando e non mi piace. Vuole l&#8217;estinzione dei popoli indigeni e pensa anche a distruggere voi bianchi&#8221; &#8211; ha commentato il capo indigeno.<\/div>\n<div dir=\"auto\">Quando il giornalista gli ha chiesto che cosa si aspetter\u00e0 da un futuro governo Lula, Raoni ha risposto: &#8220;Bolsonaro aveva detto che avrebbe distrutto tutto. Lo diceva sempre. Ho ascoltato e non mi \u00e8 piaciuto. La gente deve rimuovere presto Bolsonaro in modo che qualcun altro possa prendere il suo posto. E quella persona (Lula) deve essere l\u00ec per difendere i diritti di tutti e anche per difendere i nostri territori indigeni&#8221;.<\/div>\n<div><\/div>\n<div dir=\"auto\">\n<div>Lula \u00e8 colui che nel 2010 ha firmato uno dei contratti che avrebbe permesso l\u2019avanzamento dei lavori della mega-diga sul fiume Xingu, la stessa contro cui il popolo Kayap\u00f3 e il leader indigeno si sono sempre battuti con tutte le loro forze.<\/div>\n<\/div>\n<div dir=\"auto\"><\/div>\n<div dir=\"auto\">\n<p><a href=\"https:\/\/reporterbrasil.org.br\/2021\/10\/raoni-anuncia-apoio-a-lula-bolsonaro-quer-a-extincao-dos-indigenas\/\" target=\"_blank\" rel=\"noopener\" data-saferedirecturl=\"https:\/\/www.google.com\/url?q=https:\/\/reporterbrasil.org.br\/2021\/10\/raoni-anuncia-apoio-a-lula-bolsonaro-quer-a-extincao-dos-indigenas\/&amp;source=gmail&amp;ust=1634287262700000&amp;usg=AFQjCNEA0dWQ4LCuz_pZr1UihXwTDeALdA\">https:\/\/reporterbrasil.org.br\/<wbr \/>2021\/10\/raoni-anuncia-apoio-a-<wbr \/>lula-bolsonaro-quer-a-<wbr \/>extincao-dos-indigenas\/<\/a><\/p>\n<div class=\"adL\"><\/div>\n<\/div>\n<\/div>\n<\/div>\n<\/div>\n","protected":false},"excerpt":{"rendered":"<p>Il capo Raoni Metuktire, il principale leader indigeno del Brasile, ha dichiarato che sosterr\u00e0 Luiz In\u00e1cio Lula da Silva alle elezioni dell&#8217;ottobre 2022 e oggi ha esortato tutti a sostenere l&#8217;ex presidente. &#8220;Se Lula prender\u00e0 il potere, io sar\u00f2 con&hellip;<\/p>\n","protected":false},"author":1887,"featured_media":1451227,"comment_status":"closed","ping_status":"closed","sticky":false,"template":"","format":"standard","meta":{"footnotes":""},"categories":[11388,55,61,48],"tags":[3993,43266,64527],"class_list":["post-1451222","post","type-post","status-publish","format-standard","has-post-thumbnail","hentry","category-contenuti-originali","category-politica","category-popoli-aborigeni","category-sud-america","tag-brasile","tag-luis-inacio-lula-da-silva","tag-raoni-metuktire"],"yoast_head":"<!-- This site is optimized with the Yoast SEO plugin v27.1.1 - https:\/\/yoast.com\/product\/yoast-seo-wordpress\/ -->\n<title>Raoni Metuktire: &quot;Se Lula prender\u00e0 il potere, io sar\u00f2 con lui&quot;\u00a0<\/title>\n<meta name=\"description\" content=\"Il capo Raoni Metuktire, il principale leader indigeno del Brasile, ha dichiarato che sosterr\u00e0 Luiz In\u00e1cio Lula da Silva alle elezioni dell&#039;ottobre 2022 e\" \/>\n<meta name=\"robots\" content=\"index, follow, max-snippet:-1, max-image-preview:large, max-video-preview:-1\" \/>\n<link rel=\"canonical\" href=\"https:\/\/www.pressenza.com\/it\/2021\/10\/raoni-metuktire-se-lula-prendera-il-potere-io-saro-con-lui\/\" \/>\n<meta property=\"og:locale\" content=\"it_IT\" \/>\n<meta property=\"og:type\" content=\"article\" \/>\n<meta property=\"og:title\" content=\"Raoni Metuktire: &quot;Se Lula prender\u00e0 il potere, io sar\u00f2 con lui&quot;\u00a0\" \/>\n<meta property=\"og:description\" content=\"Il capo Raoni Metuktire, il principale leader indigeno del Brasile, ha dichiarato che sosterr\u00e0 Luiz In\u00e1cio Lula da Silva alle elezioni dell&#039;ottobre 2022 e\" \/>\n<meta property=\"og:url\" content=\"https:\/\/www.pressenza.com\/it\/2021\/10\/raoni-metuktire-se-lula-prendera-il-potere-io-saro-con-lui\/\" \/>\n<meta property=\"og:site_name\" content=\"Pressenza\" \/>\n<meta property=\"article:publisher\" content=\"https:\/\/www.facebook.com\/PressenzaItalia\" \/>\n<meta property=\"article:published_time\" content=\"2021-10-14T13:38:28+00:00\" \/>\n<meta property=\"article:modified_time\" content=\"2021-10-14T13:53:39+00:00\" \/>\n<meta property=\"og:image\" content=\"https:\/\/www.pressenza.com\/wp-content\/uploads\/2021\/10\/Raoni-Metuktire-y-Lula-prensa-latina.jpg\" \/>\n\t<meta property=\"og:image:width\" content=\"850\" \/>\n\t<meta property=\"og:image:height\" content=\"566\" \/>\n\t<meta property=\"og:image:type\" content=\"image\/jpeg\" \/>\n<meta name=\"author\" content=\"Lorenzo Poli\" \/>\n<meta name=\"twitter:card\" content=\"summary_large_image\" \/>\n<meta name=\"twitter:creator\" content=\"@PressenzaIPA\" \/>\n<meta name=\"twitter:site\" content=\"@PressenzaIPA\" \/>\n<meta name=\"twitter:label1\" content=\"Scritto da\" \/>\n\t<meta name=\"twitter:data1\" content=\"Lorenzo Poli\" \/>\n\t<meta name=\"twitter:label2\" content=\"Tempo di lettura stimato\" \/>\n\t<meta name=\"twitter:data2\" content=\"4 minuti\" \/>\n<script type=\"application\/ld+json\" class=\"yoast-schema-graph\">{\"@context\":\"https:\/\/schema.org\",\"@graph\":[{\"@type\":\"Article\",\"@id\":\"https:\/\/www.pressenza.com\/it\/2021\/10\/raoni-metuktire-se-lula-prendera-il-potere-io-saro-con-lui\/#article\",\"isPartOf\":{\"@id\":\"https:\/\/www.pressenza.com\/it\/2021\/10\/raoni-metuktire-se-lula-prendera-il-potere-io-saro-con-lui\/\"},\"author\":{\"name\":\"Lorenzo Poli\",\"@id\":\"https:\/\/www.pressenza.com\/it\/#\/schema\/person\/83cab62d5aaad28d2ef7c9b71a62926b\"},\"headline\":\"Raoni Metuktire: &#8220;Se Lula prender\u00e0 il potere, io sar\u00f2 con lui&#8221;\u00a0\",\"datePublished\":\"2021-10-14T13:38:28+00:00\",\"dateModified\":\"2021-10-14T13:53:39+00:00\",\"mainEntityOfPage\":{\"@id\":\"https:\/\/www.pressenza.com\/it\/2021\/10\/raoni-metuktire-se-lula-prendera-il-potere-io-saro-con-lui\/\"},\"wordCount\":812,\"publisher\":{\"@id\":\"https:\/\/www.pressenza.com\/it\/#organization\"},\"image\":{\"@id\":\"https:\/\/www.pressenza.com\/it\/2021\/10\/raoni-metuktire-se-lula-prendera-il-potere-io-saro-con-lui\/#primaryimage\"},\"thumbnailUrl\":\"https:\/\/www.pressenza.com\/wp-content\/uploads\/2021\/10\/Raoni-Metuktire-y-Lula-prensa-latina.jpg\",\"keywords\":[\"Brasile\",\"Luis In\u00e1cio Lula da Silva\",\"Raoni Metuktire\"],\"articleSection\":[\"contenuti originali\",\"Politica\",\"Popoli originari\",\"Sud America\"],\"inLanguage\":\"it-IT\"},{\"@type\":\"WebPage\",\"@id\":\"https:\/\/www.pressenza.com\/it\/2021\/10\/raoni-metuktire-se-lula-prendera-il-potere-io-saro-con-lui\/\",\"url\":\"https:\/\/www.pressenza.com\/it\/2021\/10\/raoni-metuktire-se-lula-prendera-il-potere-io-saro-con-lui\/\",\"name\":\"Raoni Metuktire: \\\"Se Lula prender\u00e0 il potere, io sar\u00f2 con lui\\\"\u00a0\",\"isPartOf\":{\"@id\":\"https:\/\/www.pressenza.com\/it\/#website\"},\"primaryImageOfPage\":{\"@id\":\"https:\/\/www.pressenza.com\/it\/2021\/10\/raoni-metuktire-se-lula-prendera-il-potere-io-saro-con-lui\/#primaryimage\"},\"image\":{\"@id\":\"https:\/\/www.pressenza.com\/it\/2021\/10\/raoni-metuktire-se-lula-prendera-il-potere-io-saro-con-lui\/#primaryimage\"},\"thumbnailUrl\":\"https:\/\/www.pressenza.com\/wp-content\/uploads\/2021\/10\/Raoni-Metuktire-y-Lula-prensa-latina.jpg\",\"datePublished\":\"2021-10-14T13:38:28+00:00\",\"dateModified\":\"2021-10-14T13:53:39+00:00\",\"description\":\"Il capo Raoni Metuktire, il principale leader indigeno del Brasile, ha dichiarato che sosterr\u00e0 Luiz In\u00e1cio Lula da Silva alle elezioni dell'ottobre 2022 e\",\"breadcrumb\":{\"@id\":\"https:\/\/www.pressenza.com\/it\/2021\/10\/raoni-metuktire-se-lula-prendera-il-potere-io-saro-con-lui\/#breadcrumb\"},\"inLanguage\":\"it-IT\",\"potentialAction\":[{\"@type\":\"ReadAction\",\"target\":[\"https:\/\/www.pressenza.com\/it\/2021\/10\/raoni-metuktire-se-lula-prendera-il-potere-io-saro-con-lui\/\"]}]},{\"@type\":\"ImageObject\",\"inLanguage\":\"it-IT\",\"@id\":\"https:\/\/www.pressenza.com\/it\/2021\/10\/raoni-metuktire-se-lula-prendera-il-potere-io-saro-con-lui\/#primaryimage\",\"url\":\"https:\/\/www.pressenza.com\/wp-content\/uploads\/2021\/10\/Raoni-Metuktire-y-Lula-prensa-latina.jpg\",\"contentUrl\":\"https:\/\/www.pressenza.com\/wp-content\/uploads\/2021\/10\/Raoni-Metuktire-y-Lula-prensa-latina.jpg\",\"width\":850,\"height\":566},{\"@type\":\"BreadcrumbList\",\"@id\":\"https:\/\/www.pressenza.com\/it\/2021\/10\/raoni-metuktire-se-lula-prendera-il-potere-io-saro-con-lui\/#breadcrumb\",\"itemListElement\":[{\"@type\":\"ListItem\",\"position\":1,\"name\":\"Accueil\",\"item\":\"https:\/\/www.pressenza.com\/it\/\"},{\"@type\":\"ListItem\",\"position\":2,\"name\":\"Raoni Metuktire: &#8220;Se Lula prender\u00e0 il potere, io sar\u00f2 con lui&#8221;\u00a0\"}]},{\"@type\":\"WebSite\",\"@id\":\"https:\/\/www.pressenza.com\/it\/#website\",\"url\":\"https:\/\/www.pressenza.com\/it\/\",\"name\":\"Pressenza\",\"description\":\"Agenzia di Stampa Internazionale\",\"publisher\":{\"@id\":\"https:\/\/www.pressenza.com\/it\/#organization\"},\"potentialAction\":[{\"@type\":\"SearchAction\",\"target\":{\"@type\":\"EntryPoint\",\"urlTemplate\":\"https:\/\/www.pressenza.com\/it\/?s={search_term_string}\"},\"query-input\":{\"@type\":\"PropertyValueSpecification\",\"valueRequired\":true,\"valueName\":\"search_term_string\"}}],\"inLanguage\":\"it-IT\"},{\"@type\":\"Organization\",\"@id\":\"https:\/\/www.pressenza.com\/it\/#organization\",\"name\":\"Pressenza\",\"url\":\"https:\/\/www.pressenza.com\/it\/\",\"logo\":{\"@type\":\"ImageObject\",\"inLanguage\":\"it-IT\",\"@id\":\"https:\/\/www.pressenza.com\/it\/#\/schema\/logo\/image\/\",\"url\":\"https:\/\/www.pressenza.com\/wp-content\/uploads\/2022\/10\/pressenza_logo_200x200.jpg\",\"contentUrl\":\"https:\/\/www.pressenza.com\/wp-content\/uploads\/2022\/10\/pressenza_logo_200x200.jpg\",\"width\":200,\"height\":200,\"caption\":\"Pressenza\"},\"image\":{\"@id\":\"https:\/\/www.pressenza.com\/it\/#\/schema\/logo\/image\/\"},\"sameAs\":[\"https:\/\/www.facebook.com\/PressenzaItalia\",\"https:\/\/x.com\/PressenzaIPA\"]},{\"@type\":\"Person\",\"@id\":\"https:\/\/www.pressenza.com\/it\/#\/schema\/person\/83cab62d5aaad28d2ef7c9b71a62926b\",\"name\":\"Lorenzo Poli\",\"url\":\"https:\/\/www.pressenza.com\/it\/author\/lorenzo-poli\/\"}]}<\/script>\n<!-- \/ Yoast SEO plugin. -->","yoast_head_json":{"title":"Raoni Metuktire: \"Se Lula prender\u00e0 il potere, io sar\u00f2 con lui\"\u00a0","description":"Il capo Raoni Metuktire, il principale leader indigeno del Brasile, ha dichiarato che sosterr\u00e0 Luiz In\u00e1cio Lula da Silva alle elezioni dell'ottobre 2022 e","robots":{"index":"index","follow":"follow","max-snippet":"max-snippet:-1","max-image-preview":"max-image-preview:large","max-video-preview":"max-video-preview:-1"},"canonical":"https:\/\/www.pressenza.com\/it\/2021\/10\/raoni-metuktire-se-lula-prendera-il-potere-io-saro-con-lui\/","og_locale":"it_IT","og_type":"article","og_title":"Raoni Metuktire: \"Se Lula prender\u00e0 il potere, io sar\u00f2 con lui\"\u00a0","og_description":"Il capo Raoni Metuktire, il principale leader indigeno del Brasile, ha dichiarato che sosterr\u00e0 Luiz In\u00e1cio Lula da Silva alle elezioni dell'ottobre 2022 e","og_url":"https:\/\/www.pressenza.com\/it\/2021\/10\/raoni-metuktire-se-lula-prendera-il-potere-io-saro-con-lui\/","og_site_name":"Pressenza","article_publisher":"https:\/\/www.facebook.com\/PressenzaItalia","article_published_time":"2021-10-14T13:38:28+00:00","article_modified_time":"2021-10-14T13:53:39+00:00","og_image":[{"width":850,"height":566,"url":"https:\/\/www.pressenza.com\/wp-content\/uploads\/2021\/10\/Raoni-Metuktire-y-Lula-prensa-latina.jpg","type":"image\/jpeg"}],"author":"Lorenzo Poli","twitter_card":"summary_large_image","twitter_creator":"@PressenzaIPA","twitter_site":"@PressenzaIPA","twitter_misc":{"Scritto da":"Lorenzo Poli","Tempo di lettura stimato":"4 minuti"},"schema":{"@context":"https:\/\/schema.org","@graph":[{"@type":"Article","@id":"https:\/\/www.pressenza.com\/it\/2021\/10\/raoni-metuktire-se-lula-prendera-il-potere-io-saro-con-lui\/#article","isPartOf":{"@id":"https:\/\/www.pressenza.com\/it\/2021\/10\/raoni-metuktire-se-lula-prendera-il-potere-io-saro-con-lui\/"},"author":{"name":"Lorenzo Poli","@id":"https:\/\/www.pressenza.com\/it\/#\/schema\/person\/83cab62d5aaad28d2ef7c9b71a62926b"},"headline":"Raoni Metuktire: &#8220;Se Lula prender\u00e0 il potere, io sar\u00f2 con lui&#8221;\u00a0","datePublished":"2021-10-14T13:38:28+00:00","dateModified":"2021-10-14T13:53:39+00:00","mainEntityOfPage":{"@id":"https:\/\/www.pressenza.com\/it\/2021\/10\/raoni-metuktire-se-lula-prendera-il-potere-io-saro-con-lui\/"},"wordCount":812,"publisher":{"@id":"https:\/\/www.pressenza.com\/it\/#organization"},"image":{"@id":"https:\/\/www.pressenza.com\/it\/2021\/10\/raoni-metuktire-se-lula-prendera-il-potere-io-saro-con-lui\/#primaryimage"},"thumbnailUrl":"https:\/\/www.pressenza.com\/wp-content\/uploads\/2021\/10\/Raoni-Metuktire-y-Lula-prensa-latina.jpg","keywords":["Brasile","Luis In\u00e1cio Lula da Silva","Raoni Metuktire"],"articleSection":["contenuti originali","Politica","Popoli originari","Sud America"],"inLanguage":"it-IT"},{"@type":"WebPage","@id":"https:\/\/www.pressenza.com\/it\/2021\/10\/raoni-metuktire-se-lula-prendera-il-potere-io-saro-con-lui\/","url":"https:\/\/www.pressenza.com\/it\/2021\/10\/raoni-metuktire-se-lula-prendera-il-potere-io-saro-con-lui\/","name":"Raoni Metuktire: \"Se Lula prender\u00e0 il potere, io sar\u00f2 con lui\"\u00a0","isPartOf":{"@id":"https:\/\/www.pressenza.com\/it\/#website"},"primaryImageOfPage":{"@id":"https:\/\/www.pressenza.com\/it\/2021\/10\/raoni-metuktire-se-lula-prendera-il-potere-io-saro-con-lui\/#primaryimage"},"image":{"@id":"https:\/\/www.pressenza.com\/it\/2021\/10\/raoni-metuktire-se-lula-prendera-il-potere-io-saro-con-lui\/#primaryimage"},"thumbnailUrl":"https:\/\/www.pressenza.com\/wp-content\/uploads\/2021\/10\/Raoni-Metuktire-y-Lula-prensa-latina.jpg","datePublished":"2021-10-14T13:38:28+00:00","dateModified":"2021-10-14T13:53:39+00:00","description":"Il capo Raoni Metuktire, il principale leader indigeno del Brasile, ha dichiarato che sosterr\u00e0 Luiz In\u00e1cio Lula da Silva alle elezioni dell'ottobre 2022 e","breadcrumb":{"@id":"https:\/\/www.pressenza.com\/it\/2021\/10\/raoni-metuktire-se-lula-prendera-il-potere-io-saro-con-lui\/#breadcrumb"},"inLanguage":"it-IT","potentialAction":[{"@type":"ReadAction","target":["https:\/\/www.pressenza.com\/it\/2021\/10\/raoni-metuktire-se-lula-prendera-il-potere-io-saro-con-lui\/"]}]},{"@type":"ImageObject","inLanguage":"it-IT","@id":"https:\/\/www.pressenza.com\/it\/2021\/10\/raoni-metuktire-se-lula-prendera-il-potere-io-saro-con-lui\/#primaryimage","url":"https:\/\/www.pressenza.com\/wp-content\/uploads\/2021\/10\/Raoni-Metuktire-y-Lula-prensa-latina.jpg","contentUrl":"https:\/\/www.pressenza.com\/wp-content\/uploads\/2021\/10\/Raoni-Metuktire-y-Lula-prensa-latina.jpg","width":850,"height":566},{"@type":"BreadcrumbList","@id":"https:\/\/www.pressenza.com\/it\/2021\/10\/raoni-metuktire-se-lula-prendera-il-potere-io-saro-con-lui\/#breadcrumb","itemListElement":[{"@type":"ListItem","position":1,"name":"Accueil","item":"https:\/\/www.pressenza.com\/it\/"},{"@type":"ListItem","position":2,"name":"Raoni Metuktire: &#8220;Se Lula prender\u00e0 il potere, io sar\u00f2 con lui&#8221;\u00a0"}]},{"@type":"WebSite","@id":"https:\/\/www.pressenza.com\/it\/#website","url":"https:\/\/www.pressenza.com\/it\/","name":"Pressenza","description":"Agenzia di Stampa Internazionale","publisher":{"@id":"https:\/\/www.pressenza.com\/it\/#organization"},"potentialAction":[{"@type":"SearchAction","target":{"@type":"EntryPoint","urlTemplate":"https:\/\/www.pressenza.com\/it\/?s={search_term_string}"},"query-input":{"@type":"PropertyValueSpecification","valueRequired":true,"valueName":"search_term_string"}}],"inLanguage":"it-IT"},{"@type":"Organization","@id":"https:\/\/www.pressenza.com\/it\/#organization","name":"Pressenza","url":"https:\/\/www.pressenza.com\/it\/","logo":{"@type":"ImageObject","inLanguage":"it-IT","@id":"https:\/\/www.pressenza.com\/it\/#\/schema\/logo\/image\/","url":"https:\/\/www.pressenza.com\/wp-content\/uploads\/2022\/10\/pressenza_logo_200x200.jpg","contentUrl":"https:\/\/www.pressenza.com\/wp-content\/uploads\/2022\/10\/pressenza_logo_200x200.jpg","width":200,"height":200,"caption":"Pressenza"},"image":{"@id":"https:\/\/www.pressenza.com\/it\/#\/schema\/logo\/image\/"},"sameAs":["https:\/\/www.facebook.com\/PressenzaItalia","https:\/\/x.com\/PressenzaIPA"]},{"@type":"Person","@id":"https:\/\/www.pressenza.com\/it\/#\/schema\/person\/83cab62d5aaad28d2ef7c9b71a62926b","name":"Lorenzo Poli","url":"https:\/\/www.pressenza.com\/it\/author\/lorenzo-poli\/"}]}},"place":"","original_article_url":"","_links":{"self":[{"href":"https:\/\/www.pressenza.com\/it\/wp-json\/wp\/v2\/posts\/1451222","targetHints":{"allow":["GET"]}}],"collection":[{"href":"https:\/\/www.pressenza.com\/it\/wp-json\/wp\/v2\/posts"}],"about":[{"href":"https:\/\/www.pressenza.com\/it\/wp-json\/wp\/v2\/types\/post"}],"author":[{"embeddable":true,"href":"https:\/\/www.pressenza.com\/it\/wp-json\/wp\/v2\/users\/1887"}],"replies":[{"embeddable":true,"href":"https:\/\/www.pressenza.com\/it\/wp-json\/wp\/v2\/comments?post=1451222"}],"version-history":[{"count":0,"href":"https:\/\/www.pressenza.com\/it\/wp-json\/wp\/v2\/posts\/1451222\/revisions"}],"wp:featuredmedia":[{"embeddable":true,"href":"https:\/\/www.pressenza.com\/it\/wp-json\/wp\/v2\/media\/1451227"}],"wp:attachment":[{"href":"https:\/\/www.pressenza.com\/it\/wp-json\/wp\/v2\/media?parent=1451222"}],"wp:term":[{"taxonomy":"category","embeddable":true,"href":"https:\/\/www.pressenza.com\/it\/wp-json\/wp\/v2\/categories?post=1451222"},{"taxonomy":"post_tag","embeddable":true,"href":"https:\/\/www.pressenza.com\/it\/wp-json\/wp\/v2\/tags?post=1451222"}],"curies":[{"name":"wp","href":"https:\/\/api.w.org\/{rel}","templated":true}]}}