{"id":1451198,"date":"2021-10-14T14:22:26","date_gmt":"2021-10-14T13:22:26","guid":{"rendered":"https:\/\/www.pressenza.com\/?p=1451198"},"modified":"2021-10-14T14:29:26","modified_gmt":"2021-10-14T13:29:26","slug":"archivio-disarmo-consegnati-a-roma-i-riconoscimenti-per-la-xxxvii-edizione-del-premio-colombe-doro-per-la-pace","status":"publish","type":"post","link":"https:\/\/www.pressenza.com\/it\/2021\/10\/archivio-disarmo-consegnati-a-roma-i-riconoscimenti-per-la-xxxvii-edizione-del-premio-colombe-doro-per-la-pace\/","title":{"rendered":"Archivio Disarmo, consegnati a Roma i riconoscimenti per la XXXVII edizione del Premio Colombe d&#8217;oro per la Pace"},"content":{"rendered":"<p>Consegnati a Roma presso la Sala Benedetto XIII (Comunit\u00e0 di Sant\u2019Egidio) i riconoscimenti per la XXXVII edizione del Premio Colombe d&#8217;oro per la Pace, organizzato da Archivio Disarmo con il sostegno delle Cooperative aderenti a Legacoop.<\/p>\n<p>La Giuria \u2013 formata da Fabrizio Battistelli, Dora Iacobelli, Riccardo Iacona, Dacia Maraini, Andrea Riccardi e Tana de Zulueta \u2013 ha deciso di seguire un filo rosso ben preciso per il premio di quest\u2019anno: i conflitti che aggrediscono il Sud del mondo, in particolare quel Medio Oriente allargato afflitto da violenza politica, assenza di democrazia e violazioni dei diritti umani.<\/p>\n<p>A fare gli onori di casa \u00e8 stato Fabrizio Battistelli (Presidente di Archivio Disarmo): \u00abCon questo premio, arrivato alla sua 37\u00aa edizione, raccontiamo ogni anno storie importanti. Quest\u2019anno, insieme a quelle di straordinarie giornaliste e giornalisti italiani, raccontiamo anche quelle di due giovani che arrivano dal Medio Oriente: una ragazza fuggita dalla Siria \u2013 scampando all\u2019oppressione dei matrimoni combinati \u2013 e un giovane afghano che ha viaggiato quattro anni per raggiungere l\u2019Europa e ora vive e scrive in Italia\u00bb.<\/p>\n<p>I riconoscimenti sono andati a Giulia Bosetti, inviata e co-autrice di numerose inchieste della trasmissione televisiva Rai &#8220;Presadiretta&#8221;, e curatrice nel 2021 dell&#8217;inchiesta sul business delle esportazioni italiane di armi.<br \/>\n\u00abSono onorata di ricevere questo premio \u2013 ha dichiarato Bosetti \u2013 soprattutto per il messaggio che porta con s\u00e9. E\u2019 un premio che voglio condividere con tutte le persone che lavorano con me ed in particolare con Marianna De Marzi, Pablo Castellani, Raffaele Manco e Alessandro Marcelli. L\u2019Italia, bench\u00e9 si dica contro la<br \/>\nguerra, non smette di produrre e vendere armi anche a nazioni in guerra o con regimi autoritari. E\u2019 importante far luce su questi temi ed \u00e8 proprio quello che cerco di portare avanti con il mio lavoro\u00bb.<\/p>\n<p>Lorenzo Bagnoli e Giulio Rubino, membri del Consiglio direttivo di IRPI, hanno ritirato il premio per Investigative Reporting Project Italy, il primo centro di giornalismo investigativo non profit italiano che realizza inchieste indipendenti in una prospettiva transnazionale su mafie, corruzione, ambiente e diritti umani. Hanno detto Bagnoli e Rubino: \u00abQuesto premio ci d\u00e0 una grandissima soddisfazione, perch\u00e9 significa che il nostro lavoro sta facendo passare dei messaggi. Da quando siamo nati i temi fondamentali trattati sono stati le mafie italiane ed i loro malaffari, per poi passare ad inchieste internazionali. Ma ogni reportage non \u00e8 fine a se stesso, serve da base per quello successivo. Solo cos\u00ec si pu\u00f2 dare serialit\u00e0 alla ricerca e ottenere la consapevolezza dei lettori. Sapere che Archivio Disarmo \u00e8 tra loro, \u00e8 sicuramente motivo di orgoglio\u00bb.<\/p>\n<p>Insignita anche Francesca Mannocchi, giornalista e documentarista che collabora da anni con testate nazionali ed estere occupandosi di migrazioni e di conflitti mediante reportage e video dalle aree di crisi. \u00abIl nostro \u00e8 anche un lavoro fatto di grandi errori. Uno \u2013 chiarisce Mannocchi \u2013 \u00e8 quello di pensare che siadi fficile raccontare la guerra, non \u00e8 cos\u00ec: \u00e8, purtroppo, eccessivamente \u201csemplice\u201d. L\u2019errore sta anche nel pensare che, finita la guerra, non succeda pi\u00f9 nulla. E\u2019 l\u00ec che noi cronisti e giornalisti non dobbiamo staccare lo sguardo per capire cosa sta per succedere. E\u2019 nei vuoti che ci sono quando le guerre finiscono, che bisogna capire i nostri errori. Se ho questo premio davanti a me ora, \u00e8 perch\u00e9 ho finalmente capito di non aver capito, spesso\u00bb.<\/p>\n<p>Colomba d\u2019oro internazionale per Amani El Nasif, ragazza di Bassano del Grappa di origine siriana. Dopo che all&#8217;et\u00e0 di 16 anni \u00e8 stata segregata per tredici mesi perch\u00e9 promessa sposa a un cugino, ora scrive e testimonia del problema dei matrimoni forzati. \u00abIl mio scopo principale \u00e8 quello di aiutare pi\u00f9 ragazze possibili a dire \u201cno\u201d ad una vita che non vogliono. Se fosse possibile aiutare anche solo una ragazza, il mio percorso non sar\u00e0 stato vano. Quando incontro gli adolescenti nelle scuole, cerco di rieducare tutti alla sensibilit\u00e0. Quando ormai la notizia di una ragazza segregata in casa non va pi\u00f9 in onda, significa che tutti noi stiamo girando la testa dall\u2019altra parte. Questo non deve pi\u00f9 accadere perch\u00e9 ogni battaglia, pu\u00f2 essere anche la nostra\u00bb ha dichiarato El Nasif.<\/p>\n<p>L\u2019altro premio internazionale \u00e8 stato assegnato a Alidad Shiri, giovane afghano che, dopo un&#8217;interminabile fuga durata quattro anni, \u00e8 finalmente riuscito ad arrivare in Italia, dove ora vive, studia e scrive. Shiri ha dichiarato: \u00abSono molto emozionato di ricevere questo premio, perch\u00e9 mi sto facendo portavoce dei miei connazionali, delle donne, dei giovani e di tutti coloro che in queste ore stanno fronteggiando il<br \/>\nfondamentalismo in Afghanistan, a rischio della propria vita. Sono felice di ricevere questo premio, perch\u00e9 mi dar\u00e0 ancora pi\u00f9 forza per raccontare le storie dei miei connazionali\u00bb.<\/p>\n<p>La Colomba d\u2019oro per la Pace, opera dello \u201cscultore dei Papi\u201d Pericle Fazzini, viene assegnata ogni anno a personalit\u00e0 del mondo dell&#8217;informazione che si sono distinte nel far conoscere casi virtuosi di gestione nonviolenta dei conflitti e di tutela dei diritti umani e che, nella societ\u00e0 civile, si sono fatte portatrici di ideali di empatia, solidariet\u00e0 e dialogo fra le persone.<\/p>\n","protected":false},"excerpt":{"rendered":"<p>Consegnati a Roma presso la Sala Benedetto XIII (Comunit\u00e0 di Sant\u2019Egidio) i riconoscimenti per la XXXVII edizione del Premio Colombe d&#8217;oro per la Pace, organizzato da Archivio Disarmo con il sostegno delle Cooperative aderenti a Legacoop. La Giuria \u2013 formata&hellip;<\/p>\n","protected":false},"author":1981,"featured_media":1451200,"comment_status":"closed","ping_status":"closed","sticky":false,"template":"","format":"standard","meta":{"footnotes":""},"categories":[150,1262,1263],"tags":[32998,81831],"class_list":["post-1451198","post","type-post","status-publish","format-standard","has-post-thumbnail","hentry","category-comunicati-stampa","category-nonviolenza-argomento","category-pace-disarmo","tag-archivio-disarmo","tag-colomba-doro-per-la-pace"],"yoast_head":"<!-- This site is optimized with the Yoast SEO plugin v27.1.1 - https:\/\/yoast.com\/product\/yoast-seo-wordpress\/ -->\n<title>Archivio Disarmo, consegnati a Roma i riconoscimenti per la XXXVII edizione del Premio Colombe d&#039;oro per la Pace<\/title>\n<meta name=\"description\" content=\"Consegnati a Roma presso la Sala Benedetto XIII (Comunit\u00e0 di Sant\u2019Egidio) i riconoscimenti per la XXXVII edizione del Premio Colombe d&#039;oro per la Pace,\" \/>\n<meta name=\"robots\" content=\"index, follow, max-snippet:-1, max-image-preview:large, max-video-preview:-1\" \/>\n<link rel=\"canonical\" href=\"https:\/\/www.pressenza.com\/it\/2021\/10\/archivio-disarmo-consegnati-a-roma-i-riconoscimenti-per-la-xxxvii-edizione-del-premio-colombe-doro-per-la-pace\/\" \/>\n<meta property=\"og:locale\" content=\"it_IT\" \/>\n<meta property=\"og:type\" content=\"article\" \/>\n<meta property=\"og:title\" content=\"Archivio Disarmo, consegnati a Roma i riconoscimenti per la XXXVII edizione del Premio Colombe d&#039;oro per la Pace\" \/>\n<meta property=\"og:description\" content=\"Consegnati a Roma presso la Sala Benedetto XIII (Comunit\u00e0 di Sant\u2019Egidio) i riconoscimenti per la XXXVII edizione del Premio Colombe d&#039;oro per la Pace,\" \/>\n<meta property=\"og:url\" content=\"https:\/\/www.pressenza.com\/it\/2021\/10\/archivio-disarmo-consegnati-a-roma-i-riconoscimenti-per-la-xxxvii-edizione-del-premio-colombe-doro-per-la-pace\/\" \/>\n<meta property=\"og:site_name\" content=\"Pressenza\" \/>\n<meta property=\"article:publisher\" content=\"https:\/\/www.facebook.com\/PressenzaItalia\" \/>\n<meta property=\"article:published_time\" content=\"2021-10-14T13:22:26+00:00\" \/>\n<meta property=\"article:modified_time\" content=\"2021-10-14T13:29:26+00:00\" \/>\n<meta property=\"og:image\" content=\"https:\/\/www.pressenza.com\/wp-content\/uploads\/2021\/10\/colombe-doro-per-la-pace-2021.jpg\" \/>\n\t<meta property=\"og:image:width\" content=\"850\" \/>\n\t<meta property=\"og:image:height\" content=\"567\" \/>\n\t<meta property=\"og:image:type\" content=\"image\/jpeg\" \/>\n<meta name=\"author\" content=\"Archivio Disarmo\" \/>\n<meta name=\"twitter:card\" content=\"summary_large_image\" \/>\n<meta name=\"twitter:creator\" content=\"@PressenzaIPA\" \/>\n<meta name=\"twitter:site\" content=\"@PressenzaIPA\" \/>\n<meta name=\"twitter:label1\" content=\"Scritto da\" \/>\n\t<meta name=\"twitter:data1\" content=\"Archivio Disarmo\" \/>\n\t<meta name=\"twitter:label2\" content=\"Tempo di lettura stimato\" \/>\n\t<meta name=\"twitter:data2\" content=\"4 minuti\" \/>\n<script type=\"application\/ld+json\" class=\"yoast-schema-graph\">{\"@context\":\"https:\/\/schema.org\",\"@graph\":[{\"@type\":\"Article\",\"@id\":\"https:\/\/www.pressenza.com\/it\/2021\/10\/archivio-disarmo-consegnati-a-roma-i-riconoscimenti-per-la-xxxvii-edizione-del-premio-colombe-doro-per-la-pace\/#article\",\"isPartOf\":{\"@id\":\"https:\/\/www.pressenza.com\/it\/2021\/10\/archivio-disarmo-consegnati-a-roma-i-riconoscimenti-per-la-xxxvii-edizione-del-premio-colombe-doro-per-la-pace\/\"},\"author\":{\"name\":\"Archivio Disarmo\",\"@id\":\"https:\/\/www.pressenza.com\/it\/#\/schema\/person\/bb270ae2452e820e091cad51d646bb7a\"},\"headline\":\"Archivio Disarmo, consegnati a Roma i riconoscimenti per la XXXVII edizione del Premio Colombe d&#8217;oro per la Pace\",\"datePublished\":\"2021-10-14T13:22:26+00:00\",\"dateModified\":\"2021-10-14T13:29:26+00:00\",\"mainEntityOfPage\":{\"@id\":\"https:\/\/www.pressenza.com\/it\/2021\/10\/archivio-disarmo-consegnati-a-roma-i-riconoscimenti-per-la-xxxvii-edizione-del-premio-colombe-doro-per-la-pace\/\"},\"wordCount\":846,\"publisher\":{\"@id\":\"https:\/\/www.pressenza.com\/it\/#organization\"},\"image\":{\"@id\":\"https:\/\/www.pressenza.com\/it\/2021\/10\/archivio-disarmo-consegnati-a-roma-i-riconoscimenti-per-la-xxxvii-edizione-del-premio-colombe-doro-per-la-pace\/#primaryimage\"},\"thumbnailUrl\":\"https:\/\/www.pressenza.com\/wp-content\/uploads\/2021\/10\/colombe-doro-per-la-pace-2021.jpg\",\"keywords\":[\"Archivio Disarmo\",\"Colomba d\u2019oro per la pace\"],\"articleSection\":[\"Comunicati Stampa\",\"Nonviolenza\",\"Pace e Disarmo\"],\"inLanguage\":\"it-IT\"},{\"@type\":\"WebPage\",\"@id\":\"https:\/\/www.pressenza.com\/it\/2021\/10\/archivio-disarmo-consegnati-a-roma-i-riconoscimenti-per-la-xxxvii-edizione-del-premio-colombe-doro-per-la-pace\/\",\"url\":\"https:\/\/www.pressenza.com\/it\/2021\/10\/archivio-disarmo-consegnati-a-roma-i-riconoscimenti-per-la-xxxvii-edizione-del-premio-colombe-doro-per-la-pace\/\",\"name\":\"Archivio Disarmo, consegnati a Roma i riconoscimenti per la XXXVII edizione del Premio Colombe d'oro per la Pace\",\"isPartOf\":{\"@id\":\"https:\/\/www.pressenza.com\/it\/#website\"},\"primaryImageOfPage\":{\"@id\":\"https:\/\/www.pressenza.com\/it\/2021\/10\/archivio-disarmo-consegnati-a-roma-i-riconoscimenti-per-la-xxxvii-edizione-del-premio-colombe-doro-per-la-pace\/#primaryimage\"},\"image\":{\"@id\":\"https:\/\/www.pressenza.com\/it\/2021\/10\/archivio-disarmo-consegnati-a-roma-i-riconoscimenti-per-la-xxxvii-edizione-del-premio-colombe-doro-per-la-pace\/#primaryimage\"},\"thumbnailUrl\":\"https:\/\/www.pressenza.com\/wp-content\/uploads\/2021\/10\/colombe-doro-per-la-pace-2021.jpg\",\"datePublished\":\"2021-10-14T13:22:26+00:00\",\"dateModified\":\"2021-10-14T13:29:26+00:00\",\"description\":\"Consegnati a Roma presso la Sala Benedetto XIII (Comunit\u00e0 di Sant\u2019Egidio) i riconoscimenti per la XXXVII edizione del Premio Colombe d'oro per la Pace,\",\"breadcrumb\":{\"@id\":\"https:\/\/www.pressenza.com\/it\/2021\/10\/archivio-disarmo-consegnati-a-roma-i-riconoscimenti-per-la-xxxvii-edizione-del-premio-colombe-doro-per-la-pace\/#breadcrumb\"},\"inLanguage\":\"it-IT\",\"potentialAction\":[{\"@type\":\"ReadAction\",\"target\":[\"https:\/\/www.pressenza.com\/it\/2021\/10\/archivio-disarmo-consegnati-a-roma-i-riconoscimenti-per-la-xxxvii-edizione-del-premio-colombe-doro-per-la-pace\/\"]}]},{\"@type\":\"ImageObject\",\"inLanguage\":\"it-IT\",\"@id\":\"https:\/\/www.pressenza.com\/it\/2021\/10\/archivio-disarmo-consegnati-a-roma-i-riconoscimenti-per-la-xxxvii-edizione-del-premio-colombe-doro-per-la-pace\/#primaryimage\",\"url\":\"https:\/\/www.pressenza.com\/wp-content\/uploads\/2021\/10\/colombe-doro-per-la-pace-2021.jpg\",\"contentUrl\":\"https:\/\/www.pressenza.com\/wp-content\/uploads\/2021\/10\/colombe-doro-per-la-pace-2021.jpg\",\"width\":850,\"height\":567},{\"@type\":\"BreadcrumbList\",\"@id\":\"https:\/\/www.pressenza.com\/it\/2021\/10\/archivio-disarmo-consegnati-a-roma-i-riconoscimenti-per-la-xxxvii-edizione-del-premio-colombe-doro-per-la-pace\/#breadcrumb\",\"itemListElement\":[{\"@type\":\"ListItem\",\"position\":1,\"name\":\"Accueil\",\"item\":\"https:\/\/www.pressenza.com\/it\/\"},{\"@type\":\"ListItem\",\"position\":2,\"name\":\"Archivio Disarmo, consegnati a Roma i riconoscimenti per la XXXVII edizione del Premio Colombe d&#8217;oro per la Pace\"}]},{\"@type\":\"WebSite\",\"@id\":\"https:\/\/www.pressenza.com\/it\/#website\",\"url\":\"https:\/\/www.pressenza.com\/it\/\",\"name\":\"Pressenza\",\"description\":\"Agenzia di Stampa Internazionale\",\"publisher\":{\"@id\":\"https:\/\/www.pressenza.com\/it\/#organization\"},\"potentialAction\":[{\"@type\":\"SearchAction\",\"target\":{\"@type\":\"EntryPoint\",\"urlTemplate\":\"https:\/\/www.pressenza.com\/it\/?s={search_term_string}\"},\"query-input\":{\"@type\":\"PropertyValueSpecification\",\"valueRequired\":true,\"valueName\":\"search_term_string\"}}],\"inLanguage\":\"it-IT\"},{\"@type\":\"Organization\",\"@id\":\"https:\/\/www.pressenza.com\/it\/#organization\",\"name\":\"Pressenza\",\"url\":\"https:\/\/www.pressenza.com\/it\/\",\"logo\":{\"@type\":\"ImageObject\",\"inLanguage\":\"it-IT\",\"@id\":\"https:\/\/www.pressenza.com\/it\/#\/schema\/logo\/image\/\",\"url\":\"https:\/\/www.pressenza.com\/wp-content\/uploads\/2022\/10\/pressenza_logo_200x200.jpg\",\"contentUrl\":\"https:\/\/www.pressenza.com\/wp-content\/uploads\/2022\/10\/pressenza_logo_200x200.jpg\",\"width\":200,\"height\":200,\"caption\":\"Pressenza\"},\"image\":{\"@id\":\"https:\/\/www.pressenza.com\/it\/#\/schema\/logo\/image\/\"},\"sameAs\":[\"https:\/\/www.facebook.com\/PressenzaItalia\",\"https:\/\/x.com\/PressenzaIPA\"]},{\"@type\":\"Person\",\"@id\":\"https:\/\/www.pressenza.com\/it\/#\/schema\/person\/bb270ae2452e820e091cad51d646bb7a\",\"name\":\"Archivio Disarmo\",\"description\":\"Archivio Disarmo (Roma) \u00e8 un Istituto di ricerca fondato nel 1982 che studia i problemi della pace, del controllo degli armamenti, della sicurezza internazionale e della gestione nonviolenta dei conflitti. E\u2019 giuridicamente riconosciuto dal Ministero degli Affari Esteri e dalle Nazioni Unite - Settore pubblica informazione ed Ecosoc. Svolge attivit\u00e0 di ricerca, documentazione e formazione, in particolare per stage universitari. Iscritto al registro delle Associazioni di promozione sociale della Regione Lazio, \u00e8 riconosciuto come Istituto Culturale della Regione Lazio e come Ente di formazione per il personale scolastico dal MIUR. E\u2019 accreditato presso l'Ufficio Nazionale per il Servizio Civile per la prestazione del servizio civile volontario.\",\"sameAs\":[\"https:\/\/www.iriad.it\"],\"url\":\"https:\/\/www.pressenza.com\/it\/author\/iriad\/\"}]}<\/script>\n<!-- \/ Yoast SEO plugin. -->","yoast_head_json":{"title":"Archivio Disarmo, consegnati a Roma i riconoscimenti per la XXXVII edizione del Premio Colombe d'oro per la Pace","description":"Consegnati a Roma presso la Sala Benedetto XIII (Comunit\u00e0 di Sant\u2019Egidio) i riconoscimenti per la XXXVII edizione del Premio Colombe d'oro per la Pace,","robots":{"index":"index","follow":"follow","max-snippet":"max-snippet:-1","max-image-preview":"max-image-preview:large","max-video-preview":"max-video-preview:-1"},"canonical":"https:\/\/www.pressenza.com\/it\/2021\/10\/archivio-disarmo-consegnati-a-roma-i-riconoscimenti-per-la-xxxvii-edizione-del-premio-colombe-doro-per-la-pace\/","og_locale":"it_IT","og_type":"article","og_title":"Archivio Disarmo, consegnati a Roma i riconoscimenti per la XXXVII edizione del Premio Colombe d'oro per la Pace","og_description":"Consegnati a Roma presso la Sala Benedetto XIII (Comunit\u00e0 di Sant\u2019Egidio) i riconoscimenti per la XXXVII edizione del Premio Colombe d'oro per la Pace,","og_url":"https:\/\/www.pressenza.com\/it\/2021\/10\/archivio-disarmo-consegnati-a-roma-i-riconoscimenti-per-la-xxxvii-edizione-del-premio-colombe-doro-per-la-pace\/","og_site_name":"Pressenza","article_publisher":"https:\/\/www.facebook.com\/PressenzaItalia","article_published_time":"2021-10-14T13:22:26+00:00","article_modified_time":"2021-10-14T13:29:26+00:00","og_image":[{"width":850,"height":567,"url":"https:\/\/www.pressenza.com\/wp-content\/uploads\/2021\/10\/colombe-doro-per-la-pace-2021.jpg","type":"image\/jpeg"}],"author":"Archivio Disarmo","twitter_card":"summary_large_image","twitter_creator":"@PressenzaIPA","twitter_site":"@PressenzaIPA","twitter_misc":{"Scritto da":"Archivio Disarmo","Tempo di lettura stimato":"4 minuti"},"schema":{"@context":"https:\/\/schema.org","@graph":[{"@type":"Article","@id":"https:\/\/www.pressenza.com\/it\/2021\/10\/archivio-disarmo-consegnati-a-roma-i-riconoscimenti-per-la-xxxvii-edizione-del-premio-colombe-doro-per-la-pace\/#article","isPartOf":{"@id":"https:\/\/www.pressenza.com\/it\/2021\/10\/archivio-disarmo-consegnati-a-roma-i-riconoscimenti-per-la-xxxvii-edizione-del-premio-colombe-doro-per-la-pace\/"},"author":{"name":"Archivio Disarmo","@id":"https:\/\/www.pressenza.com\/it\/#\/schema\/person\/bb270ae2452e820e091cad51d646bb7a"},"headline":"Archivio Disarmo, consegnati a Roma i riconoscimenti per la XXXVII edizione del Premio Colombe d&#8217;oro per la Pace","datePublished":"2021-10-14T13:22:26+00:00","dateModified":"2021-10-14T13:29:26+00:00","mainEntityOfPage":{"@id":"https:\/\/www.pressenza.com\/it\/2021\/10\/archivio-disarmo-consegnati-a-roma-i-riconoscimenti-per-la-xxxvii-edizione-del-premio-colombe-doro-per-la-pace\/"},"wordCount":846,"publisher":{"@id":"https:\/\/www.pressenza.com\/it\/#organization"},"image":{"@id":"https:\/\/www.pressenza.com\/it\/2021\/10\/archivio-disarmo-consegnati-a-roma-i-riconoscimenti-per-la-xxxvii-edizione-del-premio-colombe-doro-per-la-pace\/#primaryimage"},"thumbnailUrl":"https:\/\/www.pressenza.com\/wp-content\/uploads\/2021\/10\/colombe-doro-per-la-pace-2021.jpg","keywords":["Archivio Disarmo","Colomba d\u2019oro per la pace"],"articleSection":["Comunicati Stampa","Nonviolenza","Pace e Disarmo"],"inLanguage":"it-IT"},{"@type":"WebPage","@id":"https:\/\/www.pressenza.com\/it\/2021\/10\/archivio-disarmo-consegnati-a-roma-i-riconoscimenti-per-la-xxxvii-edizione-del-premio-colombe-doro-per-la-pace\/","url":"https:\/\/www.pressenza.com\/it\/2021\/10\/archivio-disarmo-consegnati-a-roma-i-riconoscimenti-per-la-xxxvii-edizione-del-premio-colombe-doro-per-la-pace\/","name":"Archivio Disarmo, consegnati a Roma i riconoscimenti per la XXXVII edizione del Premio Colombe d'oro per la Pace","isPartOf":{"@id":"https:\/\/www.pressenza.com\/it\/#website"},"primaryImageOfPage":{"@id":"https:\/\/www.pressenza.com\/it\/2021\/10\/archivio-disarmo-consegnati-a-roma-i-riconoscimenti-per-la-xxxvii-edizione-del-premio-colombe-doro-per-la-pace\/#primaryimage"},"image":{"@id":"https:\/\/www.pressenza.com\/it\/2021\/10\/archivio-disarmo-consegnati-a-roma-i-riconoscimenti-per-la-xxxvii-edizione-del-premio-colombe-doro-per-la-pace\/#primaryimage"},"thumbnailUrl":"https:\/\/www.pressenza.com\/wp-content\/uploads\/2021\/10\/colombe-doro-per-la-pace-2021.jpg","datePublished":"2021-10-14T13:22:26+00:00","dateModified":"2021-10-14T13:29:26+00:00","description":"Consegnati a Roma presso la Sala Benedetto XIII (Comunit\u00e0 di Sant\u2019Egidio) i riconoscimenti per la XXXVII edizione del Premio Colombe d'oro per la Pace,","breadcrumb":{"@id":"https:\/\/www.pressenza.com\/it\/2021\/10\/archivio-disarmo-consegnati-a-roma-i-riconoscimenti-per-la-xxxvii-edizione-del-premio-colombe-doro-per-la-pace\/#breadcrumb"},"inLanguage":"it-IT","potentialAction":[{"@type":"ReadAction","target":["https:\/\/www.pressenza.com\/it\/2021\/10\/archivio-disarmo-consegnati-a-roma-i-riconoscimenti-per-la-xxxvii-edizione-del-premio-colombe-doro-per-la-pace\/"]}]},{"@type":"ImageObject","inLanguage":"it-IT","@id":"https:\/\/www.pressenza.com\/it\/2021\/10\/archivio-disarmo-consegnati-a-roma-i-riconoscimenti-per-la-xxxvii-edizione-del-premio-colombe-doro-per-la-pace\/#primaryimage","url":"https:\/\/www.pressenza.com\/wp-content\/uploads\/2021\/10\/colombe-doro-per-la-pace-2021.jpg","contentUrl":"https:\/\/www.pressenza.com\/wp-content\/uploads\/2021\/10\/colombe-doro-per-la-pace-2021.jpg","width":850,"height":567},{"@type":"BreadcrumbList","@id":"https:\/\/www.pressenza.com\/it\/2021\/10\/archivio-disarmo-consegnati-a-roma-i-riconoscimenti-per-la-xxxvii-edizione-del-premio-colombe-doro-per-la-pace\/#breadcrumb","itemListElement":[{"@type":"ListItem","position":1,"name":"Accueil","item":"https:\/\/www.pressenza.com\/it\/"},{"@type":"ListItem","position":2,"name":"Archivio Disarmo, consegnati a Roma i riconoscimenti per la XXXVII edizione del Premio Colombe d&#8217;oro per la Pace"}]},{"@type":"WebSite","@id":"https:\/\/www.pressenza.com\/it\/#website","url":"https:\/\/www.pressenza.com\/it\/","name":"Pressenza","description":"Agenzia di Stampa Internazionale","publisher":{"@id":"https:\/\/www.pressenza.com\/it\/#organization"},"potentialAction":[{"@type":"SearchAction","target":{"@type":"EntryPoint","urlTemplate":"https:\/\/www.pressenza.com\/it\/?s={search_term_string}"},"query-input":{"@type":"PropertyValueSpecification","valueRequired":true,"valueName":"search_term_string"}}],"inLanguage":"it-IT"},{"@type":"Organization","@id":"https:\/\/www.pressenza.com\/it\/#organization","name":"Pressenza","url":"https:\/\/www.pressenza.com\/it\/","logo":{"@type":"ImageObject","inLanguage":"it-IT","@id":"https:\/\/www.pressenza.com\/it\/#\/schema\/logo\/image\/","url":"https:\/\/www.pressenza.com\/wp-content\/uploads\/2022\/10\/pressenza_logo_200x200.jpg","contentUrl":"https:\/\/www.pressenza.com\/wp-content\/uploads\/2022\/10\/pressenza_logo_200x200.jpg","width":200,"height":200,"caption":"Pressenza"},"image":{"@id":"https:\/\/www.pressenza.com\/it\/#\/schema\/logo\/image\/"},"sameAs":["https:\/\/www.facebook.com\/PressenzaItalia","https:\/\/x.com\/PressenzaIPA"]},{"@type":"Person","@id":"https:\/\/www.pressenza.com\/it\/#\/schema\/person\/bb270ae2452e820e091cad51d646bb7a","name":"Archivio Disarmo","description":"Archivio Disarmo (Roma) \u00e8 un Istituto di ricerca fondato nel 1982 che studia i problemi della pace, del controllo degli armamenti, della sicurezza internazionale e della gestione nonviolenta dei conflitti. E\u2019 giuridicamente riconosciuto dal Ministero degli Affari Esteri e dalle Nazioni Unite - Settore pubblica informazione ed Ecosoc. Svolge attivit\u00e0 di ricerca, documentazione e formazione, in particolare per stage universitari. Iscritto al registro delle Associazioni di promozione sociale della Regione Lazio, \u00e8 riconosciuto come Istituto Culturale della Regione Lazio e come Ente di formazione per il personale scolastico dal MIUR. E\u2019 accreditato presso l'Ufficio Nazionale per il Servizio Civile per la prestazione del servizio civile volontario.","sameAs":["https:\/\/www.iriad.it"],"url":"https:\/\/www.pressenza.com\/it\/author\/iriad\/"}]}},"place":"","original_article_url":"","_links":{"self":[{"href":"https:\/\/www.pressenza.com\/it\/wp-json\/wp\/v2\/posts\/1451198","targetHints":{"allow":["GET"]}}],"collection":[{"href":"https:\/\/www.pressenza.com\/it\/wp-json\/wp\/v2\/posts"}],"about":[{"href":"https:\/\/www.pressenza.com\/it\/wp-json\/wp\/v2\/types\/post"}],"author":[{"embeddable":true,"href":"https:\/\/www.pressenza.com\/it\/wp-json\/wp\/v2\/users\/1981"}],"replies":[{"embeddable":true,"href":"https:\/\/www.pressenza.com\/it\/wp-json\/wp\/v2\/comments?post=1451198"}],"version-history":[{"count":0,"href":"https:\/\/www.pressenza.com\/it\/wp-json\/wp\/v2\/posts\/1451198\/revisions"}],"wp:featuredmedia":[{"embeddable":true,"href":"https:\/\/www.pressenza.com\/it\/wp-json\/wp\/v2\/media\/1451200"}],"wp:attachment":[{"href":"https:\/\/www.pressenza.com\/it\/wp-json\/wp\/v2\/media?parent=1451198"}],"wp:term":[{"taxonomy":"category","embeddable":true,"href":"https:\/\/www.pressenza.com\/it\/wp-json\/wp\/v2\/categories?post=1451198"},{"taxonomy":"post_tag","embeddable":true,"href":"https:\/\/www.pressenza.com\/it\/wp-json\/wp\/v2\/tags?post=1451198"}],"curies":[{"name":"wp","href":"https:\/\/api.w.org\/{rel}","templated":true}]}}