{"id":1449697,"date":"2021-10-11T16:23:18","date_gmt":"2021-10-11T15:23:18","guid":{"rendered":"https:\/\/www.pressenza.com\/?p=1449697"},"modified":"2021-10-11T16:37:20","modified_gmt":"2021-10-11T15:37:20","slug":"appello-e-petizione-di-worldbeyondwar-org-anche-i-militari-inquinano","status":"publish","type":"post","link":"https:\/\/www.pressenza.com\/it\/2021\/10\/appello-e-petizione-di-worldbeyondwar-org-anche-i-militari-inquinano\/","title":{"rendered":"Appello e petizione di WorldBeyondWar.org: anche i militari inquinano"},"content":{"rendered":"<p><i>Di recente \u00e8 successa una cosa che purtroppo si ripete spesso: ho parlato a una classe universitaria della soluzione pi\u00f9 ovvia per il clima e n\u00e9 gli studenti n\u00e9 il professore ne avevano mai sentito parlare. Le 325 organizzazioni (in aumento) elencate in fondo a questo articolo la stanno promuovendo e si sono unite a oltre 18.000 individui nel firmare una petizione su\u00a0<\/i><span style=\"color: #0563c1;\"><u><a href=\"https:\/\/u1584542.ct.sendgrid.net\/ss\/c\/gXX4IWOWv8a8LHyxcrU5Cy6s7vphAaVTcnkUNJKx72-zdRYVPqZcmLlidw85CFoW6ZwNVLEK5dCfY32U0areXQsET5zQynI0aqtmmbZbFusUBb6RelEfxzNnla_6JbIFjhLu2TmuNOzV2AITJq4kwwJsIr6DCFtsmTurPydpjd1UBvpOhv6T7fkm05jue37TV3OHdQ6v78rfxYfQHEumMaQYgRkMkWRD9XA_GuHvjqzoWZFrXouB20WyXwlbnVdZxH4Ynpr8XqakaCNwzhJCO8SDltiV5FQUjC8iipKv2arLvfnf10d2BHrasKSO6eXjbusnCi6HIoZctKvkuEuj1TLDOravt6okdLH0EKWVVLuU745X5CQV9dV9Uap8PixqcZjTpvTh5rKcrcb5z4jhZHsSLH3oF5gwh3oOyJioR1Y\/3fv\/BtbN6ahmS8uz0Quy4YRXLw\/h1\/kT6xpENJLD4DCTfWD75-J-5r5svAn8IX4P1iWGTgR-Q\" target=\"_blank\" rel=\"noopener\"><i>http:\/\/cop26.info<\/i><\/a><\/u><\/span><\/p>\n<p><i>Molti di noi lo hanno gridato a squarciagola per anni e anni, scrivendone, facendo video, organizzando conferenze. Eppure questa soluzione \u00e8 ancora ampiamente sconosciuta.<\/i><\/p>\n<p><i>Ecco il testo della petizione:<\/i><\/p>\n<p>Ai Partecipanti della Conferenza delle Nazioni Unite sui cambiamenti climatici COP26, Glasgow, Scozia, 1-12 novembre 2021<\/p>\n<p>Come risultato delle richieste dell\u2019ultima ora fatte dal governo degli Stati Uniti durante i negoziati del trattato di Kyoto del 1997, le emissioni militari di gas serra sono state esentate dai negoziati sul clima. Questa prassi \u00e8 continuata nel tempo.<\/p>\n<p>L\u2019accordo di Parigi del 2015 ha lasciato il taglio delle emissioni militari di gas serra alla discrezione delle singole nazioni.<\/p>\n<p>La Convenzione quadro delle Nazioni Unite sui cambiamenti climatici obbliga i firmatari a pubblicare le emissioni annuali di gas serra, ma il conteggio delle emissioni militari \u00e8 volontario e spesso non viene incluso.<\/p>\n<p>La NATO ha riconosciuto il problema, ma non ha proposto alcuna misura specifica per affrontarlo.<\/p>\n<p>Non c\u2019\u00e8 una ragione convincente per questa lacuna. La guerra e i preparativi per la guerra emettono grandi quantit\u00e0 di gas serra. Tutte le emissioni di gas serra devono essere incluse negli standard obbligatori di riduzione delle emissioni di gas serra. Non ci deve essere pi\u00f9 alcuna eccezione per l\u2019inquinamento militare.<\/p>\n<p>Chiediamo alla COP26 di stabilire limiti rigorosi per le emissioni di gas serra che non ammettano eccezioni per il militarismo, includano requisiti di pubblicazione trasparenti e verifiche indipendenti e non facciano affidamento su schemi di \u201ccompensazione\u201d delle emissioni. Le emissioni di gas serra delle basi militari all\u2019estero di un Paese devono essere completamente riportate e addebitate a quel Paese, non a quello in cui si trova la base.<\/p>\n<p>Questo \u00e8 tutto, un\u2019idea semplice: includere quella che per molti paesi \u00e8 la forma principale di distruzione del clima negli accordi con cui pretendono di ridurre la distruzione del clima. Non \u00e8 niente di complicato, anche se potrebbe comportare la scelta di reindirizzare parte della spesa militare.<\/p>\n<p>Ma qui abbiamo a che fare con fatti tenuti nascosti, informazioni che sono perfettamente disponibili eppure apparentemente impossibili da far conoscere a un numero significativo di persone. Ecco alcune idee su come risolvere questo problema:<\/p>\n<ul>\n<li>portare la petizione e tutta la nostra energia e creativit\u00e0 a Glasgow per la conferenza COP26 insieme all\u2019organizzazione CODEPINK.<\/li>\n<li>incoraggiare i gruppi e gli individui a organizzare eventi per portare avanti questo messaggio ovunque sulla Terra, il 6 novembre 2021 a Glasgow o in prossimit\u00e0 della grande giornata d\u2019azione. Risorse e idee per eventi sono\u00a0<span style=\"color: #0563c1;\"><u><a href=\"https:\/\/u1584542.ct.sendgrid.net\/ss\/c\/atcYNHk4Eh2YdGnwBh-YDG7XrsA8qChq4YmTGY3gl8dxhM1FiaCKDt_pEtHL33RwZLyJoo3P1YnrOnYKGKqj6NHmUQpc8vWeyoEfc6EpLg-YXFecbZoVRiA39C5OzWT6enzq_QcCMefsykzGGfF61_PAc0CRUEy7qxsHQYmRpuQt2RZZULvZc-B5RZZf0w85d0PP_S3Ghv5TNAe8mCLX9i5w-W1dJpBTVorrWyP1mTdk7Ld7cT9VFN0q7v1kShqFez60hJUNT613HCwSvOVIKo-fm1ldA6G-jKnObswec07iSFl-mdd1GKajzrmdowabPpofuzn1zrctycNaBXh8Z78cHNTOSdF-J9xY6p09GNlrKoXSf3Ln_KgXQIzw7KkX2LmxkCaeMfZFMnYsu87HC7i5wWhcYAX-rUevgGsvuEhgim3-Uai_56aWgt6UDl8NnxW4Mczegf-Upjfsvm33RQ\/3fv\/BtbN6ahmS8uz0Quy4YRXLw\/h2\/yzswOhAo6vg10-E6YwjybKkDYx8VDJDiukQNwwnrNvY\" target=\"_blank\" rel=\"noopener\">qui<\/a><\/u><\/span>.<\/li>\n<li>proporre a persone e organizzazioni di firmare la petizione su\u00a0<span style=\"color: #0563c1;\"><u><a href=\"https:\/\/u1584542.ct.sendgrid.net\/ss\/c\/gXX4IWOWv8a8LHyxcrU5Cy6s7vphAaVTcnkUNJKx728Vb4KMtJ8uPyAlPINvbHqVXmYSSspgDUsnm-LmiHU3CKQWPeXnDsgolFh94fXWKuq2_SJnAvmQ75A1VFLzKM2Eb4NuLr5pfgstSo3y_TxAmytfzrDG5669DR_Acjxepn2YojpNKVTmXKg_QQZaKHlynZmYN-iZ5Vk0LdR5VrD3y_CVjtLbhI5YLSJd5i2eN3NYbEpqJlfnuLwYujPDPLNIFKY0XX5ad_gPWVXZqG06w8bpBbYeLYMKwTSIqtqQfFMo5wHd0Qz2_CZiq-wgBaytQWguYGI46vamwP-YaEdJuOxYvIl_FxkESKuugb0Rdjv1B6g8wrV14i_eRXbwnZN3tKhRvM1DgVBiMC3gZR07fAOwCU-YOlm48RrXosWlaYU\/3fv\/BtbN6ahmS8uz0Quy4YRXLw\/h3\/aYZyYzLjdXg7-SEGZd42T8PbTVNscv9ZB59EdfOPKlU\" target=\"_blank\" rel=\"noopener\">http:\/\/cop26.info<\/a><\/u><\/span><\/li>\n<li>sostenere la produzione di questo film di prossima uscita:<\/li>\n<\/ul>\n<p><span style=\"color: #0563c1;\"><u><a href=\"https:\/\/www.youtube.com\/watch?v=YX3aAnGwmLo\" target=\"_blank\" rel=\"noopener\">https:\/\/www.youtube.com\/watch?v=YX3aAnGwmLo<\/a><\/u><\/span><\/p>\n<p>condividere questo eccellente video:<\/p>\n<p><span style=\"color: #0563c1;\"><u><a href=\"https:\/\/www.facebook.com\/watch\/?v=420656492827194\" target=\"_blank\" rel=\"noopener\">https:\/\/www.facebook.com\/watch\/?v=420656492827194<\/a><\/u><\/span><\/p>\n<p><b>World Beyond War<\/b><\/p>\n","protected":false},"excerpt":{"rendered":"<p>Di recente \u00e8 successa una cosa che purtroppo si ripete spesso: ho parlato a una classe universitaria della soluzione pi\u00f9 ovvia per il clima e n\u00e9 gli studenti n\u00e9 il professore ne avevano mai sentito parlare. Le 325 organizzazioni (in&hellip;<\/p>\n","protected":false},"author":594,"featured_media":1260435,"comment_status":"closed","ping_status":"closed","sticky":false,"template":"","format":"standard","meta":{"footnotes":""},"categories":[59,1263],"tags":[59823,70903,6868,95680,178,2807],"class_list":["post-1449697","post","type-post","status-publish","format-standard","has-post-thumbnail","hentry","category-ambiente-ecologia","category-pace-disarmo","tag-attivita-militari","tag-cop26-it","tag-emissioni","tag-glasgow-it","tag-inquinamento","tag-scozia"],"yoast_head":"<!-- This site is optimized with the Yoast SEO plugin v27.1.1 - https:\/\/yoast.com\/product\/yoast-seo-wordpress\/ -->\n<title>Appello e petizione di WorldBeyondWar.org: anche i militari inquinano<\/title>\n<meta name=\"description\" content=\"Di recente \u00e8 successa una cosa che purtroppo si ripete spesso: ho parlato a una classe universitaria della soluzione pi\u00f9 ovvia per il clima e n\u00e9 gli\" \/>\n<meta name=\"robots\" content=\"index, follow, max-snippet:-1, max-image-preview:large, max-video-preview:-1\" \/>\n<link rel=\"canonical\" href=\"https:\/\/www.pressenza.com\/it\/2021\/10\/appello-e-petizione-di-worldbeyondwar-org-anche-i-militari-inquinano\/\" \/>\n<meta property=\"og:locale\" content=\"it_IT\" \/>\n<meta property=\"og:type\" content=\"article\" \/>\n<meta property=\"og:title\" content=\"Appello e petizione di WorldBeyondWar.org: anche i militari inquinano\" \/>\n<meta property=\"og:description\" content=\"Di recente \u00e8 successa una cosa che purtroppo si ripete spesso: ho parlato a una classe universitaria della soluzione pi\u00f9 ovvia per il clima e n\u00e9 gli\" \/>\n<meta property=\"og:url\" content=\"https:\/\/www.pressenza.com\/it\/2021\/10\/appello-e-petizione-di-worldbeyondwar-org-anche-i-militari-inquinano\/\" \/>\n<meta property=\"og:site_name\" content=\"Pressenza\" \/>\n<meta property=\"article:publisher\" content=\"https:\/\/www.facebook.com\/PressenzaItalia\" \/>\n<meta property=\"article:author\" content=\"https:\/\/www.facebook.com\/PressenzaItalia\" \/>\n<meta property=\"article:published_time\" content=\"2021-10-11T15:23:18+00:00\" \/>\n<meta property=\"article:modified_time\" content=\"2021-10-11T15:37:20+00:00\" \/>\n<meta property=\"og:image\" content=\"https:\/\/www.pressenza.com\/wp-content\/uploads\/2020\/12\/LpZUufqH_400x400.jpg\" \/>\n\t<meta property=\"og:image:width\" content=\"400\" \/>\n\t<meta property=\"og:image:height\" content=\"400\" \/>\n\t<meta property=\"og:image:type\" content=\"image\/jpeg\" \/>\n<meta name=\"author\" content=\"Redazione Italia\" \/>\n<meta name=\"twitter:card\" content=\"summary_large_image\" \/>\n<meta name=\"twitter:creator\" content=\"@pressenza_it\" \/>\n<meta name=\"twitter:site\" content=\"@PressenzaIPA\" \/>\n<meta name=\"twitter:label1\" content=\"Scritto da\" \/>\n\t<meta name=\"twitter:data1\" content=\"Redazione Italia\" \/>\n\t<meta name=\"twitter:label2\" content=\"Tempo di lettura stimato\" \/>\n\t<meta name=\"twitter:data2\" content=\"3 minuti\" \/>\n<script type=\"application\/ld+json\" class=\"yoast-schema-graph\">{\"@context\":\"https:\/\/schema.org\",\"@graph\":[{\"@type\":\"Article\",\"@id\":\"https:\/\/www.pressenza.com\/it\/2021\/10\/appello-e-petizione-di-worldbeyondwar-org-anche-i-militari-inquinano\/#article\",\"isPartOf\":{\"@id\":\"https:\/\/www.pressenza.com\/it\/2021\/10\/appello-e-petizione-di-worldbeyondwar-org-anche-i-militari-inquinano\/\"},\"author\":{\"name\":\"Redazione Italia\",\"@id\":\"https:\/\/www.pressenza.com\/it\/#\/schema\/person\/d983e81827ae24f2c7b1a2123d197f8d\"},\"headline\":\"Appello e petizione di WorldBeyondWar.org: anche i militari inquinano\",\"datePublished\":\"2021-10-11T15:23:18+00:00\",\"dateModified\":\"2021-10-11T15:37:20+00:00\",\"mainEntityOfPage\":{\"@id\":\"https:\/\/www.pressenza.com\/it\/2021\/10\/appello-e-petizione-di-worldbeyondwar-org-anche-i-militari-inquinano\/\"},\"wordCount\":522,\"publisher\":{\"@id\":\"https:\/\/www.pressenza.com\/it\/#organization\"},\"image\":{\"@id\":\"https:\/\/www.pressenza.com\/it\/2021\/10\/appello-e-petizione-di-worldbeyondwar-org-anche-i-militari-inquinano\/#primaryimage\"},\"thumbnailUrl\":\"https:\/\/www.pressenza.com\/wp-content\/uploads\/2020\/12\/LpZUufqH_400x400.jpg\",\"keywords\":[\"attivit\u00e0 militari\",\"COP26\",\"emissioni\",\"Glasgow\",\"inquinamento\",\"Scozia\"],\"articleSection\":[\"Ecologia ed Ambiente\",\"Pace e Disarmo\"],\"inLanguage\":\"it-IT\"},{\"@type\":\"WebPage\",\"@id\":\"https:\/\/www.pressenza.com\/it\/2021\/10\/appello-e-petizione-di-worldbeyondwar-org-anche-i-militari-inquinano\/\",\"url\":\"https:\/\/www.pressenza.com\/it\/2021\/10\/appello-e-petizione-di-worldbeyondwar-org-anche-i-militari-inquinano\/\",\"name\":\"Appello e petizione di WorldBeyondWar.org: anche i militari inquinano\",\"isPartOf\":{\"@id\":\"https:\/\/www.pressenza.com\/it\/#website\"},\"primaryImageOfPage\":{\"@id\":\"https:\/\/www.pressenza.com\/it\/2021\/10\/appello-e-petizione-di-worldbeyondwar-org-anche-i-militari-inquinano\/#primaryimage\"},\"image\":{\"@id\":\"https:\/\/www.pressenza.com\/it\/2021\/10\/appello-e-petizione-di-worldbeyondwar-org-anche-i-militari-inquinano\/#primaryimage\"},\"thumbnailUrl\":\"https:\/\/www.pressenza.com\/wp-content\/uploads\/2020\/12\/LpZUufqH_400x400.jpg\",\"datePublished\":\"2021-10-11T15:23:18+00:00\",\"dateModified\":\"2021-10-11T15:37:20+00:00\",\"description\":\"Di recente \u00e8 successa una cosa che purtroppo si ripete spesso: ho parlato a una classe universitaria della soluzione pi\u00f9 ovvia per il clima e n\u00e9 gli\",\"breadcrumb\":{\"@id\":\"https:\/\/www.pressenza.com\/it\/2021\/10\/appello-e-petizione-di-worldbeyondwar-org-anche-i-militari-inquinano\/#breadcrumb\"},\"inLanguage\":\"it-IT\",\"potentialAction\":[{\"@type\":\"ReadAction\",\"target\":[\"https:\/\/www.pressenza.com\/it\/2021\/10\/appello-e-petizione-di-worldbeyondwar-org-anche-i-militari-inquinano\/\"]}]},{\"@type\":\"ImageObject\",\"inLanguage\":\"it-IT\",\"@id\":\"https:\/\/www.pressenza.com\/it\/2021\/10\/appello-e-petizione-di-worldbeyondwar-org-anche-i-militari-inquinano\/#primaryimage\",\"url\":\"https:\/\/www.pressenza.com\/wp-content\/uploads\/2020\/12\/LpZUufqH_400x400.jpg\",\"contentUrl\":\"https:\/\/www.pressenza.com\/wp-content\/uploads\/2020\/12\/LpZUufqH_400x400.jpg\",\"width\":400,\"height\":400,\"caption\":\"COP26 Coalition\"},{\"@type\":\"BreadcrumbList\",\"@id\":\"https:\/\/www.pressenza.com\/it\/2021\/10\/appello-e-petizione-di-worldbeyondwar-org-anche-i-militari-inquinano\/#breadcrumb\",\"itemListElement\":[{\"@type\":\"ListItem\",\"position\":1,\"name\":\"Accueil\",\"item\":\"https:\/\/www.pressenza.com\/it\/\"},{\"@type\":\"ListItem\",\"position\":2,\"name\":\"Appello e petizione di WorldBeyondWar.org: anche i militari inquinano\"}]},{\"@type\":\"WebSite\",\"@id\":\"https:\/\/www.pressenza.com\/it\/#website\",\"url\":\"https:\/\/www.pressenza.com\/it\/\",\"name\":\"Pressenza\",\"description\":\"Agenzia di Stampa Internazionale\",\"publisher\":{\"@id\":\"https:\/\/www.pressenza.com\/it\/#organization\"},\"potentialAction\":[{\"@type\":\"SearchAction\",\"target\":{\"@type\":\"EntryPoint\",\"urlTemplate\":\"https:\/\/www.pressenza.com\/it\/?s={search_term_string}\"},\"query-input\":{\"@type\":\"PropertyValueSpecification\",\"valueRequired\":true,\"valueName\":\"search_term_string\"}}],\"inLanguage\":\"it-IT\"},{\"@type\":\"Organization\",\"@id\":\"https:\/\/www.pressenza.com\/it\/#organization\",\"name\":\"Pressenza\",\"url\":\"https:\/\/www.pressenza.com\/it\/\",\"logo\":{\"@type\":\"ImageObject\",\"inLanguage\":\"it-IT\",\"@id\":\"https:\/\/www.pressenza.com\/it\/#\/schema\/logo\/image\/\",\"url\":\"https:\/\/www.pressenza.com\/wp-content\/uploads\/2022\/10\/pressenza_logo_200x200.jpg\",\"contentUrl\":\"https:\/\/www.pressenza.com\/wp-content\/uploads\/2022\/10\/pressenza_logo_200x200.jpg\",\"width\":200,\"height\":200,\"caption\":\"Pressenza\"},\"image\":{\"@id\":\"https:\/\/www.pressenza.com\/it\/#\/schema\/logo\/image\/\"},\"sameAs\":[\"https:\/\/www.facebook.com\/PressenzaItalia\",\"https:\/\/x.com\/PressenzaIPA\"]},{\"@type\":\"Person\",\"@id\":\"https:\/\/www.pressenza.com\/it\/#\/schema\/person\/d983e81827ae24f2c7b1a2123d197f8d\",\"name\":\"Redazione Italia\",\"description\":\"News from the Pressenza Bureau in Italy\",\"sameAs\":[\"https:\/\/www.pressenza.com\/it\/author\/redazione-italia\/\",\"https:\/\/www.facebook.com\/PressenzaItalia\",\"https:\/\/www.instagram.com\/pressenza_italia\/\",\"https:\/\/x.com\/pressenza_it\",\"https:\/\/www.youtube.com\/channel\/UCSalEIWjE1RSxkwjfftFuqg\"],\"url\":\"https:\/\/www.pressenza.com\/it\/author\/redazione-italia\/\"}]}<\/script>\n<!-- \/ Yoast SEO plugin. -->","yoast_head_json":{"title":"Appello e petizione di WorldBeyondWar.org: anche i militari inquinano","description":"Di recente \u00e8 successa una cosa che purtroppo si ripete spesso: ho parlato a una classe universitaria della soluzione pi\u00f9 ovvia per il clima e n\u00e9 gli","robots":{"index":"index","follow":"follow","max-snippet":"max-snippet:-1","max-image-preview":"max-image-preview:large","max-video-preview":"max-video-preview:-1"},"canonical":"https:\/\/www.pressenza.com\/it\/2021\/10\/appello-e-petizione-di-worldbeyondwar-org-anche-i-militari-inquinano\/","og_locale":"it_IT","og_type":"article","og_title":"Appello e petizione di WorldBeyondWar.org: anche i militari inquinano","og_description":"Di recente \u00e8 successa una cosa che purtroppo si ripete spesso: ho parlato a una classe universitaria della soluzione pi\u00f9 ovvia per il clima e n\u00e9 gli","og_url":"https:\/\/www.pressenza.com\/it\/2021\/10\/appello-e-petizione-di-worldbeyondwar-org-anche-i-militari-inquinano\/","og_site_name":"Pressenza","article_publisher":"https:\/\/www.facebook.com\/PressenzaItalia","article_author":"https:\/\/www.facebook.com\/PressenzaItalia","article_published_time":"2021-10-11T15:23:18+00:00","article_modified_time":"2021-10-11T15:37:20+00:00","og_image":[{"width":400,"height":400,"url":"https:\/\/www.pressenza.com\/wp-content\/uploads\/2020\/12\/LpZUufqH_400x400.jpg","type":"image\/jpeg"}],"author":"Redazione Italia","twitter_card":"summary_large_image","twitter_creator":"@pressenza_it","twitter_site":"@PressenzaIPA","twitter_misc":{"Scritto da":"Redazione Italia","Tempo di lettura stimato":"3 minuti"},"schema":{"@context":"https:\/\/schema.org","@graph":[{"@type":"Article","@id":"https:\/\/www.pressenza.com\/it\/2021\/10\/appello-e-petizione-di-worldbeyondwar-org-anche-i-militari-inquinano\/#article","isPartOf":{"@id":"https:\/\/www.pressenza.com\/it\/2021\/10\/appello-e-petizione-di-worldbeyondwar-org-anche-i-militari-inquinano\/"},"author":{"name":"Redazione Italia","@id":"https:\/\/www.pressenza.com\/it\/#\/schema\/person\/d983e81827ae24f2c7b1a2123d197f8d"},"headline":"Appello e petizione di WorldBeyondWar.org: anche i militari inquinano","datePublished":"2021-10-11T15:23:18+00:00","dateModified":"2021-10-11T15:37:20+00:00","mainEntityOfPage":{"@id":"https:\/\/www.pressenza.com\/it\/2021\/10\/appello-e-petizione-di-worldbeyondwar-org-anche-i-militari-inquinano\/"},"wordCount":522,"publisher":{"@id":"https:\/\/www.pressenza.com\/it\/#organization"},"image":{"@id":"https:\/\/www.pressenza.com\/it\/2021\/10\/appello-e-petizione-di-worldbeyondwar-org-anche-i-militari-inquinano\/#primaryimage"},"thumbnailUrl":"https:\/\/www.pressenza.com\/wp-content\/uploads\/2020\/12\/LpZUufqH_400x400.jpg","keywords":["attivit\u00e0 militari","COP26","emissioni","Glasgow","inquinamento","Scozia"],"articleSection":["Ecologia ed Ambiente","Pace e Disarmo"],"inLanguage":"it-IT"},{"@type":"WebPage","@id":"https:\/\/www.pressenza.com\/it\/2021\/10\/appello-e-petizione-di-worldbeyondwar-org-anche-i-militari-inquinano\/","url":"https:\/\/www.pressenza.com\/it\/2021\/10\/appello-e-petizione-di-worldbeyondwar-org-anche-i-militari-inquinano\/","name":"Appello e petizione di WorldBeyondWar.org: anche i militari inquinano","isPartOf":{"@id":"https:\/\/www.pressenza.com\/it\/#website"},"primaryImageOfPage":{"@id":"https:\/\/www.pressenza.com\/it\/2021\/10\/appello-e-petizione-di-worldbeyondwar-org-anche-i-militari-inquinano\/#primaryimage"},"image":{"@id":"https:\/\/www.pressenza.com\/it\/2021\/10\/appello-e-petizione-di-worldbeyondwar-org-anche-i-militari-inquinano\/#primaryimage"},"thumbnailUrl":"https:\/\/www.pressenza.com\/wp-content\/uploads\/2020\/12\/LpZUufqH_400x400.jpg","datePublished":"2021-10-11T15:23:18+00:00","dateModified":"2021-10-11T15:37:20+00:00","description":"Di recente \u00e8 successa una cosa che purtroppo si ripete spesso: ho parlato a una classe universitaria della soluzione pi\u00f9 ovvia per il clima e n\u00e9 gli","breadcrumb":{"@id":"https:\/\/www.pressenza.com\/it\/2021\/10\/appello-e-petizione-di-worldbeyondwar-org-anche-i-militari-inquinano\/#breadcrumb"},"inLanguage":"it-IT","potentialAction":[{"@type":"ReadAction","target":["https:\/\/www.pressenza.com\/it\/2021\/10\/appello-e-petizione-di-worldbeyondwar-org-anche-i-militari-inquinano\/"]}]},{"@type":"ImageObject","inLanguage":"it-IT","@id":"https:\/\/www.pressenza.com\/it\/2021\/10\/appello-e-petizione-di-worldbeyondwar-org-anche-i-militari-inquinano\/#primaryimage","url":"https:\/\/www.pressenza.com\/wp-content\/uploads\/2020\/12\/LpZUufqH_400x400.jpg","contentUrl":"https:\/\/www.pressenza.com\/wp-content\/uploads\/2020\/12\/LpZUufqH_400x400.jpg","width":400,"height":400,"caption":"COP26 Coalition"},{"@type":"BreadcrumbList","@id":"https:\/\/www.pressenza.com\/it\/2021\/10\/appello-e-petizione-di-worldbeyondwar-org-anche-i-militari-inquinano\/#breadcrumb","itemListElement":[{"@type":"ListItem","position":1,"name":"Accueil","item":"https:\/\/www.pressenza.com\/it\/"},{"@type":"ListItem","position":2,"name":"Appello e petizione di WorldBeyondWar.org: anche i militari inquinano"}]},{"@type":"WebSite","@id":"https:\/\/www.pressenza.com\/it\/#website","url":"https:\/\/www.pressenza.com\/it\/","name":"Pressenza","description":"Agenzia di Stampa Internazionale","publisher":{"@id":"https:\/\/www.pressenza.com\/it\/#organization"},"potentialAction":[{"@type":"SearchAction","target":{"@type":"EntryPoint","urlTemplate":"https:\/\/www.pressenza.com\/it\/?s={search_term_string}"},"query-input":{"@type":"PropertyValueSpecification","valueRequired":true,"valueName":"search_term_string"}}],"inLanguage":"it-IT"},{"@type":"Organization","@id":"https:\/\/www.pressenza.com\/it\/#organization","name":"Pressenza","url":"https:\/\/www.pressenza.com\/it\/","logo":{"@type":"ImageObject","inLanguage":"it-IT","@id":"https:\/\/www.pressenza.com\/it\/#\/schema\/logo\/image\/","url":"https:\/\/www.pressenza.com\/wp-content\/uploads\/2022\/10\/pressenza_logo_200x200.jpg","contentUrl":"https:\/\/www.pressenza.com\/wp-content\/uploads\/2022\/10\/pressenza_logo_200x200.jpg","width":200,"height":200,"caption":"Pressenza"},"image":{"@id":"https:\/\/www.pressenza.com\/it\/#\/schema\/logo\/image\/"},"sameAs":["https:\/\/www.facebook.com\/PressenzaItalia","https:\/\/x.com\/PressenzaIPA"]},{"@type":"Person","@id":"https:\/\/www.pressenza.com\/it\/#\/schema\/person\/d983e81827ae24f2c7b1a2123d197f8d","name":"Redazione Italia","description":"News from the Pressenza Bureau in Italy","sameAs":["https:\/\/www.pressenza.com\/it\/author\/redazione-italia\/","https:\/\/www.facebook.com\/PressenzaItalia","https:\/\/www.instagram.com\/pressenza_italia\/","https:\/\/x.com\/pressenza_it","https:\/\/www.youtube.com\/channel\/UCSalEIWjE1RSxkwjfftFuqg"],"url":"https:\/\/www.pressenza.com\/it\/author\/redazione-italia\/"}]}},"place":"","original_article_url":"","_links":{"self":[{"href":"https:\/\/www.pressenza.com\/it\/wp-json\/wp\/v2\/posts\/1449697","targetHints":{"allow":["GET"]}}],"collection":[{"href":"https:\/\/www.pressenza.com\/it\/wp-json\/wp\/v2\/posts"}],"about":[{"href":"https:\/\/www.pressenza.com\/it\/wp-json\/wp\/v2\/types\/post"}],"author":[{"embeddable":true,"href":"https:\/\/www.pressenza.com\/it\/wp-json\/wp\/v2\/users\/594"}],"replies":[{"embeddable":true,"href":"https:\/\/www.pressenza.com\/it\/wp-json\/wp\/v2\/comments?post=1449697"}],"version-history":[{"count":0,"href":"https:\/\/www.pressenza.com\/it\/wp-json\/wp\/v2\/posts\/1449697\/revisions"}],"wp:featuredmedia":[{"embeddable":true,"href":"https:\/\/www.pressenza.com\/it\/wp-json\/wp\/v2\/media\/1260435"}],"wp:attachment":[{"href":"https:\/\/www.pressenza.com\/it\/wp-json\/wp\/v2\/media?parent=1449697"}],"wp:term":[{"taxonomy":"category","embeddable":true,"href":"https:\/\/www.pressenza.com\/it\/wp-json\/wp\/v2\/categories?post=1449697"},{"taxonomy":"post_tag","embeddable":true,"href":"https:\/\/www.pressenza.com\/it\/wp-json\/wp\/v2\/tags?post=1449697"}],"curies":[{"name":"wp","href":"https:\/\/api.w.org\/{rel}","templated":true}]}}