{"id":1446664,"date":"2021-10-08T21:24:05","date_gmt":"2021-10-08T20:24:05","guid":{"rendered":"https:\/\/www.pressenza.com\/?p=1446664"},"modified":"2021-10-09T13:31:50","modified_gmt":"2021-10-09T12:31:50","slug":"i-portuali-contro-il-green-pass-strumento-dei-padroni-per-dividere-e-colpire-i-lavoratori","status":"publish","type":"post","link":"https:\/\/www.pressenza.com\/it\/2021\/10\/i-portuali-contro-il-green-pass-strumento-dei-padroni-per-dividere-e-colpire-i-lavoratori\/","title":{"rendered":"I portuali contro il Green Pass: &#8220;Strumento dei padroni per dividere e colpire i lavoratori&#8221;"},"content":{"rendered":"<p align=\"left\">In vista del 15 ottobre, data in cui sar\u00e0 obbligatorio il Green Pass nei luoghi di lavoro, si intensifica la protesta.<\/p>\n<p align=\"left\">L&#8217;11 ottobre \u00e8 annunciato lo sciopero generale dai SiCobas e SolCobas, anche (ma non solo) contro il Green Pass.<\/p>\n<p align=\"left\">Il &#8220;Collettivo Autonomo Lavoratori Portuali&#8221; (gli stessi portuali che da anni protestano contro il traffico di armi e hanno impedito mesi fa, con i loro blocchi, l\u2019arrivo di navi che\u00a0 trasportavano materiali bellici destinati all&#8217;Arabia Saudita e che avrebbero potuto essere usati in Yemen) dichiara:<\/p>\n<p align=\"left\">&#8220;Green Pass, una questione che non affronteremo solo il 15 ottobre. Risponderemo al tentativo di imporre il Green Pass nello stesso modo in cui rispondiamo ai continui attacchi ai diritti, alla sicurezza e ai salari dei lavoratori.<\/p>\n<p align=\"left\">Il Green Pass altro non \u00e8 che un tentativo autoritario che il padronato usa per rendere i lavoratori ancora pi\u00f9 sottomessi e sottoposti a una logica di dominio che nulla ha a che fare con la \u201csicurezza\u201d.<\/p>\n<p align=\"left\">Chi come noi il porto lo lavora, spesso lo ama e talvolta lo odia sa perfettamente che l&#8217;iper operativit\u00e0 del porto annuller\u00e0 di fatto nel brevissimo periodo il dispositivo e che la \u201csicurezza\u201d di cui ha bisogno non si misura con i colori verde o rosso!!! Il porto di Genova come tutti gli altri porti e comparti logistici ha vissuto questi due anni di pandemia in condizioni estreme e spesso pericolosamente contraddittorie. A voi lasciamo le vostre buffonate. A noi preparare le nostre barricate. Lunedi 11 ottobre blocchi in porto, sciopero generale.&#8221;<\/p>\n<p align=\"left\">Per spiegare meglio la loro posizione e per rispondere alle critiche piovute sui social, i portuali sottolineano:<\/p>\n<p align=\"left\">&#8220;Proviamo a rispondere qui alla discussione che abbiamo generato e proviamo a fare ulteriore chiarezza. Tra di noi ci sono tantissimi che si sono vaccinati, tanti che non si sono vaccinati. Abbiamo sofferto la pandemia come tutti, abbiamo visto soffrire parenti e amici. Non sottovalutiamo il dramma, ma la questione per noi portuali, per i lavoratori \u00e8 un&#8217;altra.<\/p>\n<p align=\"left\">Siamo stanchi di atti autoritari verso i lavoratori. Prima il Jobs Act, poi gli infami Decreti Sicurezza, i licenziamenti politici, l&#8217;attacco continuo al sindacalismo conflittuale, le inchieste giudiziarie, i morti sul lavoro, le prepotenze padronali, i traffici di armi\u2026 adesso il Green Pass, che \u00e8 solo uno strumento in pi\u00f9 dei padroni per dividere e colpire i lavoratori. Pensiamo che le pandemie vadano combattute con la sanit\u00e0 pubblica, con il rispetto e l&#8217;attenzione per l&#8217;ambiente, con la solidariet\u00e0, combattendo il capitalismo&#8221;.<\/p>\n<p align=\"left\"><a href=\"https:\/\/www.facebook.com\/CalpGe\/posts\/6332505716820496\">https:\/\/www.facebook.com\/CalpGe\/posts\/6332505716820496<\/a><\/p>\n<p align=\"left\">Qui il link al comunicato di SiCobas:<\/p>\n<p align=\"left\"><a href=\"http:\/\/sicobas.org\/2021\/10\/02\/italia-dal-15-ottobre-sara-in-vigore-lobbligo-del-certificato-verde-green-pass-per-tutti-i-lavoratori-pubblici-e-privati-come-si-cobas-siamo-contro\/\">http:\/\/sicobas.org\/2021\/10\/02\/italia-dal-15-ottobre-sara-in-vigore-lobbligo-del-certificato-verde-green-pass-per-tutti-i-lavoratori-pubblici-e-privati-come-si-cobas-siamo-contro\/<\/a><\/p>\n<p align=\"left\">\n","protected":false},"excerpt":{"rendered":"<p>In vista del 15 ottobre, data in cui sar\u00e0 obbligatorio il Green Pass nei luoghi di lavoro, si intensifica la protesta. L&#8217;11 ottobre \u00e8 annunciato lo sciopero generale dai SiCobas e SolCobas, anche (ma non solo) contro il Green Pass.&hellip;<\/p>\n","protected":false},"author":2063,"featured_media":1247708,"comment_status":"closed","ping_status":"closed","sticky":false,"template":"","format":"standard","meta":{"footnotes":""},"categories":[11388,47,55],"tags":[230,3040,93427,95595,86765],"class_list":["post-1446664","post","type-post","status-publish","format-standard","has-post-thumbnail","hentry","category-contenuti-originali","category-europa","category-politica","tag-armi","tag-genova","tag-green-pass","tag-lavoratori-portuali","tag-sicobas"],"yoast_head":"<!-- This site is optimized with the Yoast SEO plugin v27.1.1 - https:\/\/yoast.com\/product\/yoast-seo-wordpress\/ -->\n<title>I portuali contro il Green Pass: &quot;Strumento dei padroni per dividere e colpire i lavoratori&quot;<\/title>\n<meta name=\"description\" content=\"In vista del 15 ottobre, data in cui sar\u00e0 obbligatorio il Green Pass nei luoghi di lavoro, si intensifica la protesta. L&#039;11 ottobre \u00e8 annunciato lo\" \/>\n<meta name=\"robots\" content=\"index, follow, max-snippet:-1, max-image-preview:large, max-video-preview:-1\" \/>\n<link rel=\"canonical\" href=\"https:\/\/www.pressenza.com\/it\/2021\/10\/i-portuali-contro-il-green-pass-strumento-dei-padroni-per-dividere-e-colpire-i-lavoratori\/\" \/>\n<meta property=\"og:locale\" content=\"it_IT\" \/>\n<meta property=\"og:type\" content=\"article\" \/>\n<meta property=\"og:title\" content=\"I portuali contro il Green Pass: &quot;Strumento dei padroni per dividere e colpire i lavoratori&quot;\" \/>\n<meta property=\"og:description\" content=\"In vista del 15 ottobre, data in cui sar\u00e0 obbligatorio il Green Pass nei luoghi di lavoro, si intensifica la protesta. L&#039;11 ottobre \u00e8 annunciato lo\" \/>\n<meta property=\"og:url\" content=\"https:\/\/www.pressenza.com\/it\/2021\/10\/i-portuali-contro-il-green-pass-strumento-dei-padroni-per-dividere-e-colpire-i-lavoratori\/\" \/>\n<meta property=\"og:site_name\" content=\"Pressenza\" \/>\n<meta property=\"article:publisher\" content=\"https:\/\/www.facebook.com\/PressenzaItalia\" \/>\n<meta property=\"article:published_time\" content=\"2021-10-08T20:24:05+00:00\" \/>\n<meta property=\"article:modified_time\" content=\"2021-10-09T12:31:50+00:00\" \/>\n<meta property=\"og:image\" content=\"https:\/\/www.pressenza.com\/wp-content\/uploads\/2020\/11\/Calp-protesta-portuali.jpg\" \/>\n\t<meta property=\"og:image:width\" content=\"816\" \/>\n\t<meta property=\"og:image:height\" content=\"490\" \/>\n\t<meta property=\"og:image:type\" content=\"image\/jpeg\" \/>\n<meta name=\"author\" content=\"Linda Maggiori\" \/>\n<meta name=\"twitter:card\" content=\"summary_large_image\" \/>\n<meta name=\"twitter:creator\" content=\"@PressenzaIPA\" \/>\n<meta name=\"twitter:site\" content=\"@PressenzaIPA\" \/>\n<meta name=\"twitter:label1\" content=\"Scritto da\" \/>\n\t<meta name=\"twitter:data1\" content=\"Linda Maggiori\" \/>\n\t<meta name=\"twitter:label2\" content=\"Tempo di lettura stimato\" \/>\n\t<meta name=\"twitter:data2\" content=\"2 minuti\" \/>\n<script type=\"application\/ld+json\" class=\"yoast-schema-graph\">{\"@context\":\"https:\/\/schema.org\",\"@graph\":[{\"@type\":\"Article\",\"@id\":\"https:\/\/www.pressenza.com\/it\/2021\/10\/i-portuali-contro-il-green-pass-strumento-dei-padroni-per-dividere-e-colpire-i-lavoratori\/#article\",\"isPartOf\":{\"@id\":\"https:\/\/www.pressenza.com\/it\/2021\/10\/i-portuali-contro-il-green-pass-strumento-dei-padroni-per-dividere-e-colpire-i-lavoratori\/\"},\"author\":{\"name\":\"Linda Maggiori\",\"@id\":\"https:\/\/www.pressenza.com\/it\/#\/schema\/person\/a1e211621fbb260f6ee4ab772b010f01\"},\"headline\":\"I portuali contro il Green Pass: &#8220;Strumento dei padroni per dividere e colpire i lavoratori&#8221;\",\"datePublished\":\"2021-10-08T20:24:05+00:00\",\"dateModified\":\"2021-10-09T12:31:50+00:00\",\"mainEntityOfPage\":{\"@id\":\"https:\/\/www.pressenza.com\/it\/2021\/10\/i-portuali-contro-il-green-pass-strumento-dei-padroni-per-dividere-e-colpire-i-lavoratori\/\"},\"wordCount\":440,\"publisher\":{\"@id\":\"https:\/\/www.pressenza.com\/it\/#organization\"},\"image\":{\"@id\":\"https:\/\/www.pressenza.com\/it\/2021\/10\/i-portuali-contro-il-green-pass-strumento-dei-padroni-per-dividere-e-colpire-i-lavoratori\/#primaryimage\"},\"thumbnailUrl\":\"https:\/\/www.pressenza.com\/wp-content\/uploads\/2020\/11\/Calp-protesta-portuali.jpg\",\"keywords\":[\"armi\",\"Genova\",\"green pass\",\"lavoratori portuali\",\"SICobas\"],\"articleSection\":[\"contenuti originali\",\"Europa\",\"Politica\"],\"inLanguage\":\"it-IT\"},{\"@type\":\"WebPage\",\"@id\":\"https:\/\/www.pressenza.com\/it\/2021\/10\/i-portuali-contro-il-green-pass-strumento-dei-padroni-per-dividere-e-colpire-i-lavoratori\/\",\"url\":\"https:\/\/www.pressenza.com\/it\/2021\/10\/i-portuali-contro-il-green-pass-strumento-dei-padroni-per-dividere-e-colpire-i-lavoratori\/\",\"name\":\"I portuali contro il Green Pass: \\\"Strumento dei padroni per dividere e colpire i lavoratori\\\"\",\"isPartOf\":{\"@id\":\"https:\/\/www.pressenza.com\/it\/#website\"},\"primaryImageOfPage\":{\"@id\":\"https:\/\/www.pressenza.com\/it\/2021\/10\/i-portuali-contro-il-green-pass-strumento-dei-padroni-per-dividere-e-colpire-i-lavoratori\/#primaryimage\"},\"image\":{\"@id\":\"https:\/\/www.pressenza.com\/it\/2021\/10\/i-portuali-contro-il-green-pass-strumento-dei-padroni-per-dividere-e-colpire-i-lavoratori\/#primaryimage\"},\"thumbnailUrl\":\"https:\/\/www.pressenza.com\/wp-content\/uploads\/2020\/11\/Calp-protesta-portuali.jpg\",\"datePublished\":\"2021-10-08T20:24:05+00:00\",\"dateModified\":\"2021-10-09T12:31:50+00:00\",\"description\":\"In vista del 15 ottobre, data in cui sar\u00e0 obbligatorio il Green Pass nei luoghi di lavoro, si intensifica la protesta. L'11 ottobre \u00e8 annunciato lo\",\"breadcrumb\":{\"@id\":\"https:\/\/www.pressenza.com\/it\/2021\/10\/i-portuali-contro-il-green-pass-strumento-dei-padroni-per-dividere-e-colpire-i-lavoratori\/#breadcrumb\"},\"inLanguage\":\"it-IT\",\"potentialAction\":[{\"@type\":\"ReadAction\",\"target\":[\"https:\/\/www.pressenza.com\/it\/2021\/10\/i-portuali-contro-il-green-pass-strumento-dei-padroni-per-dividere-e-colpire-i-lavoratori\/\"]}]},{\"@type\":\"ImageObject\",\"inLanguage\":\"it-IT\",\"@id\":\"https:\/\/www.pressenza.com\/it\/2021\/10\/i-portuali-contro-il-green-pass-strumento-dei-padroni-per-dividere-e-colpire-i-lavoratori\/#primaryimage\",\"url\":\"https:\/\/www.pressenza.com\/wp-content\/uploads\/2020\/11\/Calp-protesta-portuali.jpg\",\"contentUrl\":\"https:\/\/www.pressenza.com\/wp-content\/uploads\/2020\/11\/Calp-protesta-portuali.jpg\",\"width\":816,\"height\":490},{\"@type\":\"BreadcrumbList\",\"@id\":\"https:\/\/www.pressenza.com\/it\/2021\/10\/i-portuali-contro-il-green-pass-strumento-dei-padroni-per-dividere-e-colpire-i-lavoratori\/#breadcrumb\",\"itemListElement\":[{\"@type\":\"ListItem\",\"position\":1,\"name\":\"Accueil\",\"item\":\"https:\/\/www.pressenza.com\/it\/\"},{\"@type\":\"ListItem\",\"position\":2,\"name\":\"I portuali contro il Green Pass: &#8220;Strumento dei padroni per dividere e colpire i lavoratori&#8221;\"}]},{\"@type\":\"WebSite\",\"@id\":\"https:\/\/www.pressenza.com\/it\/#website\",\"url\":\"https:\/\/www.pressenza.com\/it\/\",\"name\":\"Pressenza\",\"description\":\"Agenzia di Stampa Internazionale\",\"publisher\":{\"@id\":\"https:\/\/www.pressenza.com\/it\/#organization\"},\"potentialAction\":[{\"@type\":\"SearchAction\",\"target\":{\"@type\":\"EntryPoint\",\"urlTemplate\":\"https:\/\/www.pressenza.com\/it\/?s={search_term_string}\"},\"query-input\":{\"@type\":\"PropertyValueSpecification\",\"valueRequired\":true,\"valueName\":\"search_term_string\"}}],\"inLanguage\":\"it-IT\"},{\"@type\":\"Organization\",\"@id\":\"https:\/\/www.pressenza.com\/it\/#organization\",\"name\":\"Pressenza\",\"url\":\"https:\/\/www.pressenza.com\/it\/\",\"logo\":{\"@type\":\"ImageObject\",\"inLanguage\":\"it-IT\",\"@id\":\"https:\/\/www.pressenza.com\/it\/#\/schema\/logo\/image\/\",\"url\":\"https:\/\/www.pressenza.com\/wp-content\/uploads\/2022\/10\/pressenza_logo_200x200.jpg\",\"contentUrl\":\"https:\/\/www.pressenza.com\/wp-content\/uploads\/2022\/10\/pressenza_logo_200x200.jpg\",\"width\":200,\"height\":200,\"caption\":\"Pressenza\"},\"image\":{\"@id\":\"https:\/\/www.pressenza.com\/it\/#\/schema\/logo\/image\/\"},\"sameAs\":[\"https:\/\/www.facebook.com\/PressenzaItalia\",\"https:\/\/x.com\/PressenzaIPA\"]},{\"@type\":\"Person\",\"@id\":\"https:\/\/www.pressenza.com\/it\/#\/schema\/person\/a1e211621fbb260f6ee4ab772b010f01\",\"name\":\"Linda Maggiori\",\"description\":\"Sono nata a Recanati nel 1981, fin da piccola ho sempre adorato scrivere e lottare contro le ingiustizie. Laureata in Scienze dell\u2019Educazione e Servizio sociale ho fatto varie esperienze come educatrice. Ho scritto vari libri per adulti e bambini sull'ambiente, sono blogger per il Fatto Quotidiano, collaboro come giornalista con Terra Nuova, il Manifesto, e con la testata di comunicazione ambientale Envi.info. Vivo a Faenza (Ra), con mio marito e i nostri quatto figli, dove da 10 anni sperimentiamo e testimoniamo uno stile di vita sostenibile: senz\u2019auto, a rifiuti (quasi) zero, con solo energia rinnovabile.\",\"url\":\"https:\/\/www.pressenza.com\/it\/author\/linda-maggiori\/\"}]}<\/script>\n<!-- \/ Yoast SEO plugin. -->","yoast_head_json":{"title":"I portuali contro il Green Pass: \"Strumento dei padroni per dividere e colpire i lavoratori\"","description":"In vista del 15 ottobre, data in cui sar\u00e0 obbligatorio il Green Pass nei luoghi di lavoro, si intensifica la protesta. L'11 ottobre \u00e8 annunciato lo","robots":{"index":"index","follow":"follow","max-snippet":"max-snippet:-1","max-image-preview":"max-image-preview:large","max-video-preview":"max-video-preview:-1"},"canonical":"https:\/\/www.pressenza.com\/it\/2021\/10\/i-portuali-contro-il-green-pass-strumento-dei-padroni-per-dividere-e-colpire-i-lavoratori\/","og_locale":"it_IT","og_type":"article","og_title":"I portuali contro il Green Pass: \"Strumento dei padroni per dividere e colpire i lavoratori\"","og_description":"In vista del 15 ottobre, data in cui sar\u00e0 obbligatorio il Green Pass nei luoghi di lavoro, si intensifica la protesta. L'11 ottobre \u00e8 annunciato lo","og_url":"https:\/\/www.pressenza.com\/it\/2021\/10\/i-portuali-contro-il-green-pass-strumento-dei-padroni-per-dividere-e-colpire-i-lavoratori\/","og_site_name":"Pressenza","article_publisher":"https:\/\/www.facebook.com\/PressenzaItalia","article_published_time":"2021-10-08T20:24:05+00:00","article_modified_time":"2021-10-09T12:31:50+00:00","og_image":[{"width":816,"height":490,"url":"https:\/\/www.pressenza.com\/wp-content\/uploads\/2020\/11\/Calp-protesta-portuali.jpg","type":"image\/jpeg"}],"author":"Linda Maggiori","twitter_card":"summary_large_image","twitter_creator":"@PressenzaIPA","twitter_site":"@PressenzaIPA","twitter_misc":{"Scritto da":"Linda Maggiori","Tempo di lettura stimato":"2 minuti"},"schema":{"@context":"https:\/\/schema.org","@graph":[{"@type":"Article","@id":"https:\/\/www.pressenza.com\/it\/2021\/10\/i-portuali-contro-il-green-pass-strumento-dei-padroni-per-dividere-e-colpire-i-lavoratori\/#article","isPartOf":{"@id":"https:\/\/www.pressenza.com\/it\/2021\/10\/i-portuali-contro-il-green-pass-strumento-dei-padroni-per-dividere-e-colpire-i-lavoratori\/"},"author":{"name":"Linda Maggiori","@id":"https:\/\/www.pressenza.com\/it\/#\/schema\/person\/a1e211621fbb260f6ee4ab772b010f01"},"headline":"I portuali contro il Green Pass: &#8220;Strumento dei padroni per dividere e colpire i lavoratori&#8221;","datePublished":"2021-10-08T20:24:05+00:00","dateModified":"2021-10-09T12:31:50+00:00","mainEntityOfPage":{"@id":"https:\/\/www.pressenza.com\/it\/2021\/10\/i-portuali-contro-il-green-pass-strumento-dei-padroni-per-dividere-e-colpire-i-lavoratori\/"},"wordCount":440,"publisher":{"@id":"https:\/\/www.pressenza.com\/it\/#organization"},"image":{"@id":"https:\/\/www.pressenza.com\/it\/2021\/10\/i-portuali-contro-il-green-pass-strumento-dei-padroni-per-dividere-e-colpire-i-lavoratori\/#primaryimage"},"thumbnailUrl":"https:\/\/www.pressenza.com\/wp-content\/uploads\/2020\/11\/Calp-protesta-portuali.jpg","keywords":["armi","Genova","green pass","lavoratori portuali","SICobas"],"articleSection":["contenuti originali","Europa","Politica"],"inLanguage":"it-IT"},{"@type":"WebPage","@id":"https:\/\/www.pressenza.com\/it\/2021\/10\/i-portuali-contro-il-green-pass-strumento-dei-padroni-per-dividere-e-colpire-i-lavoratori\/","url":"https:\/\/www.pressenza.com\/it\/2021\/10\/i-portuali-contro-il-green-pass-strumento-dei-padroni-per-dividere-e-colpire-i-lavoratori\/","name":"I portuali contro il Green Pass: \"Strumento dei padroni per dividere e colpire i lavoratori\"","isPartOf":{"@id":"https:\/\/www.pressenza.com\/it\/#website"},"primaryImageOfPage":{"@id":"https:\/\/www.pressenza.com\/it\/2021\/10\/i-portuali-contro-il-green-pass-strumento-dei-padroni-per-dividere-e-colpire-i-lavoratori\/#primaryimage"},"image":{"@id":"https:\/\/www.pressenza.com\/it\/2021\/10\/i-portuali-contro-il-green-pass-strumento-dei-padroni-per-dividere-e-colpire-i-lavoratori\/#primaryimage"},"thumbnailUrl":"https:\/\/www.pressenza.com\/wp-content\/uploads\/2020\/11\/Calp-protesta-portuali.jpg","datePublished":"2021-10-08T20:24:05+00:00","dateModified":"2021-10-09T12:31:50+00:00","description":"In vista del 15 ottobre, data in cui sar\u00e0 obbligatorio il Green Pass nei luoghi di lavoro, si intensifica la protesta. L'11 ottobre \u00e8 annunciato lo","breadcrumb":{"@id":"https:\/\/www.pressenza.com\/it\/2021\/10\/i-portuali-contro-il-green-pass-strumento-dei-padroni-per-dividere-e-colpire-i-lavoratori\/#breadcrumb"},"inLanguage":"it-IT","potentialAction":[{"@type":"ReadAction","target":["https:\/\/www.pressenza.com\/it\/2021\/10\/i-portuali-contro-il-green-pass-strumento-dei-padroni-per-dividere-e-colpire-i-lavoratori\/"]}]},{"@type":"ImageObject","inLanguage":"it-IT","@id":"https:\/\/www.pressenza.com\/it\/2021\/10\/i-portuali-contro-il-green-pass-strumento-dei-padroni-per-dividere-e-colpire-i-lavoratori\/#primaryimage","url":"https:\/\/www.pressenza.com\/wp-content\/uploads\/2020\/11\/Calp-protesta-portuali.jpg","contentUrl":"https:\/\/www.pressenza.com\/wp-content\/uploads\/2020\/11\/Calp-protesta-portuali.jpg","width":816,"height":490},{"@type":"BreadcrumbList","@id":"https:\/\/www.pressenza.com\/it\/2021\/10\/i-portuali-contro-il-green-pass-strumento-dei-padroni-per-dividere-e-colpire-i-lavoratori\/#breadcrumb","itemListElement":[{"@type":"ListItem","position":1,"name":"Accueil","item":"https:\/\/www.pressenza.com\/it\/"},{"@type":"ListItem","position":2,"name":"I portuali contro il Green Pass: &#8220;Strumento dei padroni per dividere e colpire i lavoratori&#8221;"}]},{"@type":"WebSite","@id":"https:\/\/www.pressenza.com\/it\/#website","url":"https:\/\/www.pressenza.com\/it\/","name":"Pressenza","description":"Agenzia di Stampa Internazionale","publisher":{"@id":"https:\/\/www.pressenza.com\/it\/#organization"},"potentialAction":[{"@type":"SearchAction","target":{"@type":"EntryPoint","urlTemplate":"https:\/\/www.pressenza.com\/it\/?s={search_term_string}"},"query-input":{"@type":"PropertyValueSpecification","valueRequired":true,"valueName":"search_term_string"}}],"inLanguage":"it-IT"},{"@type":"Organization","@id":"https:\/\/www.pressenza.com\/it\/#organization","name":"Pressenza","url":"https:\/\/www.pressenza.com\/it\/","logo":{"@type":"ImageObject","inLanguage":"it-IT","@id":"https:\/\/www.pressenza.com\/it\/#\/schema\/logo\/image\/","url":"https:\/\/www.pressenza.com\/wp-content\/uploads\/2022\/10\/pressenza_logo_200x200.jpg","contentUrl":"https:\/\/www.pressenza.com\/wp-content\/uploads\/2022\/10\/pressenza_logo_200x200.jpg","width":200,"height":200,"caption":"Pressenza"},"image":{"@id":"https:\/\/www.pressenza.com\/it\/#\/schema\/logo\/image\/"},"sameAs":["https:\/\/www.facebook.com\/PressenzaItalia","https:\/\/x.com\/PressenzaIPA"]},{"@type":"Person","@id":"https:\/\/www.pressenza.com\/it\/#\/schema\/person\/a1e211621fbb260f6ee4ab772b010f01","name":"Linda Maggiori","description":"Sono nata a Recanati nel 1981, fin da piccola ho sempre adorato scrivere e lottare contro le ingiustizie. Laureata in Scienze dell\u2019Educazione e Servizio sociale ho fatto varie esperienze come educatrice. Ho scritto vari libri per adulti e bambini sull'ambiente, sono blogger per il Fatto Quotidiano, collaboro come giornalista con Terra Nuova, il Manifesto, e con la testata di comunicazione ambientale Envi.info. Vivo a Faenza (Ra), con mio marito e i nostri quatto figli, dove da 10 anni sperimentiamo e testimoniamo uno stile di vita sostenibile: senz\u2019auto, a rifiuti (quasi) zero, con solo energia rinnovabile.","url":"https:\/\/www.pressenza.com\/it\/author\/linda-maggiori\/"}]}},"place":"Genova","original_article_url":"","_links":{"self":[{"href":"https:\/\/www.pressenza.com\/it\/wp-json\/wp\/v2\/posts\/1446664","targetHints":{"allow":["GET"]}}],"collection":[{"href":"https:\/\/www.pressenza.com\/it\/wp-json\/wp\/v2\/posts"}],"about":[{"href":"https:\/\/www.pressenza.com\/it\/wp-json\/wp\/v2\/types\/post"}],"author":[{"embeddable":true,"href":"https:\/\/www.pressenza.com\/it\/wp-json\/wp\/v2\/users\/2063"}],"replies":[{"embeddable":true,"href":"https:\/\/www.pressenza.com\/it\/wp-json\/wp\/v2\/comments?post=1446664"}],"version-history":[{"count":0,"href":"https:\/\/www.pressenza.com\/it\/wp-json\/wp\/v2\/posts\/1446664\/revisions"}],"wp:featuredmedia":[{"embeddable":true,"href":"https:\/\/www.pressenza.com\/it\/wp-json\/wp\/v2\/media\/1247708"}],"wp:attachment":[{"href":"https:\/\/www.pressenza.com\/it\/wp-json\/wp\/v2\/media?parent=1446664"}],"wp:term":[{"taxonomy":"category","embeddable":true,"href":"https:\/\/www.pressenza.com\/it\/wp-json\/wp\/v2\/categories?post=1446664"},{"taxonomy":"post_tag","embeddable":true,"href":"https:\/\/www.pressenza.com\/it\/wp-json\/wp\/v2\/tags?post=1446664"}],"curies":[{"name":"wp","href":"https:\/\/api.w.org\/{rel}","templated":true}]}}