{"id":1444759,"date":"2021-10-06T14:49:45","date_gmt":"2021-10-06T13:49:45","guid":{"rendered":"https:\/\/www.pressenza.com\/?p=1444759"},"modified":"2021-10-06T14:51:37","modified_gmt":"2021-10-06T13:51:37","slug":"dallagrobusiness-alla-giustizia-climatica-quali-soluzioni-intervista-a-antonio-lupo-parte-ii","status":"publish","type":"post","link":"https:\/\/www.pressenza.com\/it\/2021\/10\/dallagrobusiness-alla-giustizia-climatica-quali-soluzioni-intervista-a-antonio-lupo-parte-ii\/","title":{"rendered":"Dall\u2019agrobusiness alla giustizia climatica, quali soluzioni? Intervista a Antonio Lupo \u2013 Parte II"},"content":{"rendered":"<p>\u201c<span style=\"font-family: Times New Roman, serif;\"><span style=\"font-size: medium;\"><i>L\u2019Agricoltura Industriale non \u00e8 un sistema alimentare, visto che non riesce a produrre cibo nutriente. \u00c8, al contrario, un sistema anti-alimentare, che immette sul mercato \u00abprodotti alimentari\u00bb tossici, vuoti dal punto di vista nutrizionale e ad alta intensit\u00e0 chimica. Questa mercificazione del cibo non solo non nutre le persone, ma contribuisce alla fame, alla malnutrizione e alle malattie croniche in tutto il mondo. Ancora pi\u00f9 grave \u00e8 il fatto che, mentre il mondo \u00e8 ancora in una situazione di pandemia,\u00a0il sistema agroalimentare industriale che il Vertice intende portare avanti \u00e8 uno dei fattori chiave nella generazione di epidemie\u201d \u2013 questo ci dice Vandana Shiva sull\u2019importanza dei sistemi agro-ecologici, ricordandoci che i killer non sono i batteri e virus che convivono, da sempre, con e dentro di noi, ma l\u2019impatto antropico sugli ecosistemi attraverso pesticidi, veleni, antibiotici, zootecnia e monoculture intensive.<\/i><\/span><\/span><\/p>\n<p><span style=\"font-family: Times New Roman, serif;\"><span style=\"font-size: medium;\"><i>Di questo ne parliamo con Antonio Lupo, medico, membro del Comitato Amigos Sem Terra Italia, ambientalista da molti anni a fianco del Movimento Sem Terra in Brasile e del Movimento La Via Campesina, una delle pi\u00f9 grandi organizzazioni contadine e ambientaliste del Sud del Mondo a cui aderiscono pi\u00f9 di 200milioni di contadini.<\/i><\/span><\/span><\/p>\n<p><span style=\"font-family: Times New Roman, serif;\"><span style=\"font-size: medium;\"><b>Cosa si sono detti i ministri dell&#8217;Agricoltura durante la Riunione G20 tra il 17 e il 18 settembre a Firenze, e cosa si \u00e8 trattato durante l\u2019Open Forum sull\u2019Agricoltura Sostenibile?\u00a0<\/b><\/span><\/span><\/p>\n<p><span style=\"font-family: Times New Roman, serif;\"><span style=\"font-size: medium;\">Questo \u00e8 quello che si legge sul sito del Ministero delle politiche agricole alimentari e forestali <\/span><\/span><span style=\"font-family: Times New Roman, serif;\"><span style=\"font-size: medium;\"><i>Mipaaf <\/i><\/span><\/span> <span style=\"color: #0563c1;\"><u><a href=\"https:\/\/www.myfruit.it\/politiche-agricole\/2021\/09\/mipaaf-approvata-la-dichiarazione-finale-del-g20-agricoltura.html\"><span style=\"font-family: Times New Roman, serif;\"><span style=\"font-size: medium;\">https:\/\/www.myfruit.it\/politiche-agricole\/2021\/09\/mipaaf-approvata-la-dichiarazione-finale-del-g20-agricoltura.html<\/span><\/span><\/a><\/u><\/span><\/p>\n<p>\u201c<span style=\"font-family: Times New Roman, serif;\"><span style=\"font-size: medium;\">La Carta della Sostenibilit\u00e0 di Firenze vuole rafforzare la cooperazione con i Paesi in via di sviluppo in materia di cibo e agricoltura\u201d. I ministri, riuniti nel G20 Agricoltura di Firenze, hanno approvato la dichiarazione finale in cui \u00e8 stato ribadito l\u2019impegno per raggiungere la sicurezza alimentare, nel contesto delle tre dimensioni della sostenibilit\u00e0: economica, sociale e ambientale. Per garantire sistemi alimentari sostenibili e resilienti, i ministri del G20 hanno ribadito la volont\u00e0 di raggiungere l\u2019obiettivo fame zero, minacciato anche dalle conseguenze del Covid-19. Pur con l\u2019aumento della produzione, infatti, ancora un quarto della popolazione mondiale soffre d\u2019insicurezza alimentare.<\/span><\/span><\/p>\n<p><span style=\"font-family: Times New Roman, serif;\"><span style=\"font-size: medium;\">Per i ministri del G20 il cambiamento climatico, gli eventi meteorologici estremi, i parassiti, le malattie di animali e piante e gli shock come la pandemia da Covid-19, richiedono risposte coordinate ed efficaci. In particolare, si \u00e8 deciso di non adottare alcuna misura restrittiva ingiustificata che possa portare a un\u2019estrema volatilit\u00e0 dei prezzi alimentari nei mercati internazionali, e quindi minacciare la sicurezza alimentare.<\/span><\/span><\/p>\n<p><span style=\"font-family: Times New Roman, serif;\"><span style=\"font-size: medium;\">I ministri, con la sottoscrizione del comunicato finale detto anche Carta della Sostenibilit\u00e0 di Firenze, desiderano rafforzare la cooperazione tra i membri del G20 e i paesi in via di sviluppo in materia di cibo e agricoltura per migliorare, condividere le conoscenze e aiutare a sviluppare le capacit\u00e0 di produzione interna pi\u00f9 adatte alle esigenze locali, contribuendo alla resilienza e al recupero dell\u2019agricoltura e delle comunit\u00e0 rurali.\u201d<\/span><\/span><\/p>\n<p><span style=\"font-family: Times New Roman, serif;\"><span style=\"font-size: medium;\">Leggendo i 21 punti della<\/span><\/span> <span style=\"font-family: Times New Roman, serif;\"><span style=\"font-size: medium;\"><i>Carta della sostenibilit\u00e0 dei sistemi alimentari di Firenze<\/i><\/span><\/span><span style=\"font-family: Times New Roman, serif;\"><span style=\"font-size: medium;\"> (comunicato della conferenza conclusiva del G20 dell&#8217;Agricoltura a Firenze) si rilevano affermazioni e contraddizioni significative ai punti 4, 7, 9, 10, 12, 15, 17 e 19.<\/span><\/span><\/p>\n<p><span style=\"font-family: Times New Roman, serif;\"><span style=\"font-size: medium;\">Tra le conclusioni dell&#8217;Open Forum sull&#8217;Agricoltura sostenibile del 16 settembre si legge: \u201cProduttivit\u00e0 e livelli occupazionali sono cresciuti, anche in epoca di pandemia, in virt\u00f9 dell&#8217;incremento della domanda di prodotti internazionali. La filiera agricola \u00e8 diventata globale ed ha contribuito a garantire una sempre maggiore distribuzione dei prodotti, la disponibilit\u00e0 di cibo a prezzi contenuti ed il mantenimento, quando non l&#8217;aumento, dei livelli occupazionali.\u201d<\/span><\/span><\/p>\n<p><span style=\"font-family: Times New Roman, serif;\"><span style=\"font-size: medium;\">Ci sono molti impegni generici, nel comunicato, ma non si parla del cibo spazzatura industriale, che contribuisce in gran parte ai due miliardi di obesi e sovrappeso, anche tra i poveri per il suo basso prezzo, un numero doppio degli affamati ed in aumento con le chiusure delle persone nelle case a causa del Covid. N\u00e8 si parla dell&#8217;Agroindustria, degli allevamenti intensivi e dei suoi effetti sulla crisi climatica e sulla resistenza agli antibiotici.<\/span><\/span><\/p>\n<p><span style=\"font-family: Times New Roman, serif;\"><span style=\"font-size: medium;\">I Ministri sembrano invece tutti d&#8217;accordo ad incrementare la tecnologia digitale, compreso i nuovi OGM, la filiera globale e il commercio internazionale come progetto e garanzia della sicurezza alimentare: questo \u00e8 l&#8217;opposto della Sovranit\u00e0 Alimentare, rivendicata dai 200 milioni di piccoli contadini di Via Campesina Internazionale, ma anche delle centinaia di milioni di cittadini che consumano prodotti locali e che vogliono continuare a farlo.<\/span><\/span><\/p>\n<p><span style=\"font-family: Times New Roman, serif;\"><span style=\"font-size: medium;\">Si accenna all&#8217;impatto del sistema alimentare sul surriscaldamento alimentare, ma si assolve la produzione e il commercio di cibo industriale, responsabile dal 44 al 57% delle emissioni globali di gas serra, vedi La Via campesina in Action for Climate Justice <\/span><\/span><span style=\"color: #0563c1;\"><u><a href=\"https:\/\/www.boell.de\/sites\/default\/files\/radical_realism_for_climate_justice_volume_44_6_1.pdf?dimension1=ds_radicalrealism\"><span style=\"font-family: Times New Roman, serif;\"><span style=\"font-size: medium;\">radical_realism_for_climate_justice_volume_44_6_1.pdf (boell.de)<\/span><\/span><\/a><\/u><\/span><span style=\"font-family: Times New Roman, serif;\"><span style=\"font-size: medium;\"> .<\/span><\/span><\/p>\n<p><span style=\"font-family: Times New Roman, serif;\"><span style=\"font-size: medium;\"><b>Tu hai lavorato e lavori molto con il Movimento Sem Terra in Brasile e con La Via Campesina. Come vivono i contadini la speculazione da parte dell&#8217;agrobusiness?<\/b><\/span><\/span><\/p>\n<p><span style=\"font-family: Times New Roman, serif;\"><span style=\"font-size: medium;\">Ho conosciuto 18 anni fa il Movimento Sem Terra, il movimento brasiliano di 2 milioni di contadini che con le loro lotte hanno conquistato ed ora coltivano un territorio pari a 1\/5 dell&#8217;Italia. Da allora ho lavorato con loro nel Comitato Amigos MST Italia e con gli altri Comitati Amigos di Europa e Nord America, e con le altre associazioni contadine che abbiamo visitato, in tutta l&#8217;America latina. I piccoli contadini mi hanno illuminato e rincuorato, con la loro lezione di umanit\u00e0 e dignit\u00e0. MST definisce da anni l&#8217;Agricoltura Industriale, l&#8217;Agrobusiness, come \u201cAgricoltura petrolifera senza Contadini\u201d, cio\u00e8 hanno capito che, in un Brasile con ancora il 16% di popolazione agricola, la vittoria del modello di produzione di cibo industriale li avrebbe espulsi dalle campagne e confinati nelle tremende <\/span><\/span><span style=\"font-family: Times New Roman, serif;\"><span style=\"font-size: medium;\"><i>favelas<\/i><\/span><\/span><span style=\"font-family: Times New Roman, serif;\"><span style=\"font-size: medium;\"> brasiliane, in mano alle mafie e ai militari.<\/span><\/span><\/p>\n<p><span style=\"font-family: Times New Roman, serif;\"><span style=\"font-size: medium;\">\u00c8 stata e continua ad essere una questione di vita o di morte per i piccoli contadini, soprattutto nelle parti del mondo con tanta terra e acqua e con relativamente poca popolazione, come l&#8217;America Latina e Africa. Acqua e Terra sono il vero obiettivo dell&#8217;estrattivismo, il \u201cLand e Water Grabbing\u201d, sia quello minerario, per ricavare i metalli indispensabili all&#8217;industria militare, civile e informatica, sia quello agricolo, per le monocolture intensive.<\/span><\/span><\/p>\n<p><span style=\"font-family: Times New Roman, serif;\"><span style=\"font-size: medium;\"><b>OGM, Agrocombustibili e Agricoltura Climaticamente Intelligente, incentivati dai grandi tycoon dell&#8217;agro-chimica, sono \u201cfalse soluzione alla crisi climatica\u201d?\u00a0<\/b><\/span><\/span><\/p>\n<p><span style=\"font-family: Times New Roman, serif;\"><span style=\"font-size: medium;\">Alla vigilia di COP 21 del 2015 a Parigi, che \u00e8 stato un evidente fallimento totale, Via Campesina Internazionale (VCI) si mobilit\u00f2 dicendo \u201cClima: problema vero, soluzioni false\u201d. Consideravano soluzioni false appunto gli OGM, gli Agrocombustibili e l&#8217;Agricoltura Climaticamente Intelligente Sul fallimento degli OGM non mi ripeto, gli agrocombustibili hanno tolto grandi quantit\u00e0 di terra all&#8217;agricoltura e ostacolato lo sviluppo delle energie rinnovabili. \u00c8 doveroso per\u00f2 fare alcune considerazioni sull\u2019Agricoltura Climaticamente Intelligente. Lanciata il 23 settembre del 2014, alla Conferenza ONU sul clima convocata da Ban Ki-moon a New York, la Fao e la Banca Mondiale dovevano permettere un incremento della produzione agricola, il rafforzamento della resistenza dei sistemi agricoli e la riduzione delle emissioni di gas serra, tutto in un colpo solo! Risolvendo cos\u00ec tre grandi sfide: alimentare la popolazione mondiale, lottare contro il cambiamento climatico e garantire la sostenibilit\u00e0 dei sistemi agricoli. VCI la defin\u00ec subito una falsa soluzione, perch\u00e8 non escludeva l&#8217;uso di prodotti chimici e di transgenici e neppure la produzione di agrocombustibili industriali. Multinazionali come Yara (leader mondiale dei fertilizzanti), Monsanto o Syngenta erano gli attori principali di questa nuova alleanza internazionale, che salvava i sistemi di agricoltura industriale del Nord e del Sud, i pi\u00f9 nocivi per l&#8217;ambiente, con l&#8217;ulteriore sviluppo di un&#8217;agricoltura che espelleva i contadini, sottraendo loro le terre, le pratiche e i saperi.<\/span><\/span><\/p>\n<p><span style=\"font-family: Times New Roman, serif;\"><span style=\"font-size: medium;\">VCI dichiar\u00f2 che, \u201cin sintesi, il suo vero obiettivo era quello di portare avanti in maniera accelerata l&#8217;industrializzazione e la finanziarizzazione dell&#8217;agricoltura. L&#8217;Agricoltura Climaticamente Intelligente \u00e8 il nuovo strumento utilizzato dalle multinazionali affinch\u00e9 l&#8217;agricoltura continui a produrre profitti esorbitanti!\u201d. A distanza di 6 anni, dopo il rapporto dell&#8217;IPCC sull&#8217;imminente catastrofe climatica, Governi e Agrobusiness rilanciano l&#8217;Agricoltura di precisione e innovazioni tecnologiche imminenti e trascendentali. In realt\u00e0 non si vuol smettere di fare la guerra alla Natura e ai cicli naturali (gi\u00e0 alterati dal surriscaldamento globale) dell&#8217;Acqua, dell&#8217;Ossigeno, dell&#8217;Azoto ecc, cio\u00e8 ridurre i consumi e riconoscere l&#8217;Agroecologia come l&#8217;unica soluzione vera.<\/span><\/span><\/p>\n<p><span style=\"font-family: Times New Roman, serif;\"><span style=\"font-size: medium;\">Come pensano i contadini del Sud del Mondo sulle derive distopiche\u00a0dell&#8217;agrobusiness?\u00a0<\/span><\/span><\/p>\n<p><span style=\"font-family: Times New Roman, serif;\"><span style=\"font-size: medium;\"><b>Tu hai lavorato e lavori molto con il Movimento Sem Terra in Brasile e con La Via Campesina. I piccoli contadini possono essere la soluzione alla crisi climatica ed ecologica? Ci sono dati ad affermarlo?<\/b><\/span><\/span><\/p>\n<p><span style=\"font-family: Times New Roman, serif;\"><span style=\"font-size: medium;\">Il 23 settembre scorso, alla vigilia della preCOP 26 a Milano e poi di COP 26 a Glasgow, VCI ha lanciato da Harare, la capitale dello Zimbawe, dove vive la contadina Elizabeth Mpofu, coordinatrice generale di VCI, una \u201cchiamata all\u2019azione\u201d: \u201cNon c\u2019\u00e8 futuro senza sovranit\u00e0 alimentare, ora \u00e8 il tempo di cambiare! La Sovranit\u00e0 Alimentare \u00e8 Terra, Acqua, Semi, Pane e Solidariet\u00e0! Noi, contadini, uomini e donne, popolazioni indigene, popolazioni rurali, lavoratori agricoli, giovani nelle aree urbane e rurali, abbiamo la soluzione: Sovranit\u00e0 alimentare e Agroecologia Contadina. L&#8217; Agroecologia raffredda il Pianeta!<\/span><\/span><\/p>\n<p><span style=\"font-family: Times New Roman, serif;\"><span style=\"font-size: medium;\">La sovranit\u00e0 alimentare \u00e8 la soluzione per trasformare i sistemi alimentari, porre fine alla fame e alla malnutrizione e raffreddare la Terra, preservare la biodiversit\u00e0 e rispettare i diritti dei contadini e dei lavoratori. I sistemi alimentari globali dominati dal grande <\/span><\/span><span style=\"font-family: Times New Roman, serif;\"><span style=\"font-size: medium;\"><i>business<\/i><\/span><\/span><span style=\"font-family: Times New Roman, serif;\"><span style=\"font-size: medium;\"> non solo hanno fallito, ma causano la maggior parte dei problemi e delle crisi che affrontiamo oggi.<\/span><\/span><\/p>\n<p><span style=\"font-family: Times New Roman, serif;\"><span style=\"font-size: medium;\">I dati su cui si basano sono ampiamente riconosciuti. I piccoli contadini, che utilizzano solo il 30% delle terre coltivabili nutrono il 70% della popolazione mondiale, mentre l&#8217;Agrobusiness, che ne detiene il 70%, nutre solo il 30% della popolazione mondiale.<\/span><\/span><\/p>\n<p><span style=\"font-family: Times New Roman, serif;\"><span style=\"font-size: medium;\">Grain, un gruppo internazionale di ricerca <\/span><\/span><span style=\"color: #0563c1;\"><u><a href=\"https:\/\/grain.org\/en\"><span style=\"font-family: Times New Roman, serif;\"><span style=\"font-size: medium;\">https:\/\/grain.org\/en<\/span><\/span><\/a><\/u><\/span><span style=\"font-family: Times New Roman, serif;\"><span style=\"font-size: medium;\"> che dagli anni Ottanta supporta le organizzazioni di piccoli contadini, e VCI da anni documentano che dal 44 al 57% dei gas serra sono emessi dal ciclo di produzione e consumo del cibo industriale. Quindi il problema sono l&#8217;industrializzazione dell&#8217;agricoltura e il cibo industriale.<\/span><\/span><\/p>\n<p><span style=\"font-family: Times New Roman, serif;\"><span style=\"font-size: medium;\">La Fao stessa lo ha confermato <\/span><\/span><span style=\"color: #0563c1;\"><u><a href=\"http:\/\/www.fao.org\/news\/story\/it\/item\/1379526\/icode\/\"><span style=\"font-family: Times New Roman, serif;\"><span style=\"font-size: medium;\">http:\/\/www.fao.org\/news\/story\/it\/item\/1379526\/icode\/<\/span><\/span><\/a><\/u><\/span><span style=\"font-family: Times New Roman, serif;\"><span style=\"font-size: medium;\"> , con numeri un po&#8217; inferiori: \u201cStando a un nuovo studio pionieristico pubblicato nella rivista <\/span><\/span><span style=\"color: #0563c1;\"><u><a href=\"https:\/\/www.nature.com\/natfood\/\"><span style=\"font-family: Times New Roman, serif;\"><span style=\"font-size: medium;\">Nature Food<\/span><\/span><\/a><\/u><\/span><span style=\"font-family: Times New Roman, serif;\"><span style=\"font-size: medium;\">, i sistemi alimentari di tutto il mondo sono responsabili di oltre un terzo delle emissioni mondiali di gas a effetto serra di origine antropica.<br \/>\nSi calcola che nel 2015 le emissioni riconducibili ai sistemi alimentari, a partire dai cambiamenti nella destinazione d&#8217;uso dei terreni per arrivare alla produzione agricola e, infine, ai settori dell&#8217;imballaggio e della gestione dei rifiuti, abbiano raggiunto un volume pari a 18 miliardi di tonnellate di biossido di carbonio equivalente. Questa cifra equivale al 34% delle emissioni totali, una percentuale che sta progressivamente diminuendo rispetto al 44% del 1990, sebbene le emissioni generate dai sistemi alimentari abbiano continuato ad aumentare in termini assoluti.\u201d<\/span><\/span><\/p>\n<p><span style=\"font-family: Times New Roman, serif;\"><span style=\"font-size: medium;\">Tale dato riguarda tutte le fasi del sistema alimentare su scala mondiale, dalla produzione di cibo al suo consumo: deforestazione, agricoltura, allevamento, lavorazioni industriali, trasporto, packaging, distribuzione e commercializzazione (inclusa la conservazione con impianti refrigeranti), smaltimento finale di scarti e rifiuti. <\/span><\/span><\/p>\n<p><span style=\"font-family: Times New Roman, serif;\"><span style=\"font-size: medium;\">Circa il 72% delle emissioni del sistema alimentare (pari a 12,9 GtCO2 eq) \u00e8 imputabile all\u2019agricoltura e al cosiddetto LULUC (Land Use and Land-Use Change &#8211; uso del suolo e cambiamenti nell\u2019uso del suolo), mentre il rimanente 28% (oltre 5 GtCO2 eq) \u00e8 dovuto alle attivit\u00e0 di filiera. Si stima che il flusso annuale di CO2 tra il suolo e l\u2019atmosfera sia sette volte quello derivante dalla combustione di combustibili fossili e che la perdita di materia organica nei suoli (soil organic matter \u2013 SOM) rappresenti il 20% delle emissioni di CO2 nell\u2019atmosfera.\u201d<\/span><\/span><\/p>\n<p><span style=\"font-family: Times New Roman, serif;\"><span style=\"font-size: medium;\">Pi\u00f9 chiaro di cos\u00ec? Ma di questo si parla troppo poco. Come dicono i piccoli contadini di VCI \u201cGlobalizziamo la lotta, Globalizziamo la speranza!\u201d<\/span><\/span><\/p>\n<p>&nbsp;<\/p>\n","protected":false},"excerpt":{"rendered":"<p>\u201cL\u2019Agricoltura Industriale non \u00e8 un sistema alimentare, visto che non riesce a produrre cibo nutriente. \u00c8, al contrario, un sistema anti-alimentare, che immette sul mercato \u00abprodotti alimentari\u00bb tossici, vuoti dal punto di vista nutrizionale e ad alta intensit\u00e0 chimica. Questa&hellip;<\/p>\n","protected":false},"author":1887,"featured_media":1440035,"comment_status":"closed","ping_status":"closed","sticky":false,"template":"","format":"standard","meta":{"footnotes":""},"categories":[11388,59,38,157],"tags":[95501,95500,95502],"class_list":["post-1444759","post","type-post","status-publish","format-standard","has-post-thumbnail","hentry","category-contenuti-originali","category-ambiente-ecologia","category-internazionale","category-interviste","tag-agrobusiness-it","tag-antonio-lupo","tag-crisi-climatica-e-ecologica"],"yoast_head":"<!-- This site is optimized with the Yoast SEO plugin v27.1.1 - https:\/\/yoast.com\/product\/yoast-seo-wordpress\/ -->\n<title>Dall\u2019agrobusiness alla giustizia climatica, quali soluzioni? Intervista a Antonio Lupo \u2013 Parte II<\/title>\n<meta name=\"description\" content=\"\u201cL\u2019Agricoltura Industriale non \u00e8 un sistema alimentare, visto che non riesce a produrre cibo nutriente. \u00c8, al contrario, un sistema anti-alimentare, che\" \/>\n<meta name=\"robots\" content=\"index, follow, max-snippet:-1, max-image-preview:large, max-video-preview:-1\" \/>\n<link rel=\"canonical\" href=\"https:\/\/www.pressenza.com\/it\/2021\/10\/dallagrobusiness-alla-giustizia-climatica-quali-soluzioni-intervista-a-antonio-lupo-parte-ii\/\" \/>\n<meta property=\"og:locale\" content=\"it_IT\" \/>\n<meta property=\"og:type\" content=\"article\" \/>\n<meta property=\"og:title\" content=\"Dall\u2019agrobusiness alla giustizia climatica, quali soluzioni? Intervista a Antonio Lupo \u2013 Parte II\" \/>\n<meta property=\"og:description\" content=\"\u201cL\u2019Agricoltura Industriale non \u00e8 un sistema alimentare, visto che non riesce a produrre cibo nutriente. \u00c8, al contrario, un sistema anti-alimentare, che\" \/>\n<meta property=\"og:url\" content=\"https:\/\/www.pressenza.com\/it\/2021\/10\/dallagrobusiness-alla-giustizia-climatica-quali-soluzioni-intervista-a-antonio-lupo-parte-ii\/\" \/>\n<meta property=\"og:site_name\" content=\"Pressenza\" \/>\n<meta property=\"article:publisher\" content=\"https:\/\/www.facebook.com\/PressenzaItalia\" \/>\n<meta property=\"article:published_time\" content=\"2021-10-06T13:49:45+00:00\" \/>\n<meta property=\"article:modified_time\" content=\"2021-10-06T13:51:37+00:00\" \/>\n<meta property=\"og:image\" content=\"https:\/\/www.pressenza.com\/wp-content\/uploads\/2021\/09\/blocco-crisi-climatica.jpg\" \/>\n\t<meta property=\"og:image:width\" content=\"1280\" \/>\n\t<meta property=\"og:image:height\" content=\"721\" \/>\n\t<meta property=\"og:image:type\" content=\"image\/jpeg\" \/>\n<meta name=\"author\" content=\"Lorenzo Poli\" \/>\n<meta name=\"twitter:card\" content=\"summary_large_image\" \/>\n<meta name=\"twitter:creator\" content=\"@PressenzaIPA\" \/>\n<meta name=\"twitter:site\" content=\"@PressenzaIPA\" \/>\n<meta name=\"twitter:label1\" content=\"Scritto da\" \/>\n\t<meta name=\"twitter:data1\" content=\"Lorenzo Poli\" \/>\n\t<meta name=\"twitter:label2\" content=\"Tempo di lettura stimato\" \/>\n\t<meta name=\"twitter:data2\" content=\"9 minuti\" \/>\n<script type=\"application\/ld+json\" class=\"yoast-schema-graph\">{\"@context\":\"https:\/\/schema.org\",\"@graph\":[{\"@type\":\"Article\",\"@id\":\"https:\/\/www.pressenza.com\/it\/2021\/10\/dallagrobusiness-alla-giustizia-climatica-quali-soluzioni-intervista-a-antonio-lupo-parte-ii\/#article\",\"isPartOf\":{\"@id\":\"https:\/\/www.pressenza.com\/it\/2021\/10\/dallagrobusiness-alla-giustizia-climatica-quali-soluzioni-intervista-a-antonio-lupo-parte-ii\/\"},\"author\":{\"name\":\"Lorenzo Poli\",\"@id\":\"https:\/\/www.pressenza.com\/it\/#\/schema\/person\/83cab62d5aaad28d2ef7c9b71a62926b\"},\"headline\":\"Dall\u2019agrobusiness alla giustizia climatica, quali soluzioni? Intervista a Antonio Lupo \u2013 Parte II\",\"datePublished\":\"2021-10-06T13:49:45+00:00\",\"dateModified\":\"2021-10-06T13:51:37+00:00\",\"mainEntityOfPage\":{\"@id\":\"https:\/\/www.pressenza.com\/it\/2021\/10\/dallagrobusiness-alla-giustizia-climatica-quali-soluzioni-intervista-a-antonio-lupo-parte-ii\/\"},\"wordCount\":1938,\"publisher\":{\"@id\":\"https:\/\/www.pressenza.com\/it\/#organization\"},\"image\":{\"@id\":\"https:\/\/www.pressenza.com\/it\/2021\/10\/dallagrobusiness-alla-giustizia-climatica-quali-soluzioni-intervista-a-antonio-lupo-parte-ii\/#primaryimage\"},\"thumbnailUrl\":\"https:\/\/www.pressenza.com\/wp-content\/uploads\/2021\/09\/blocco-crisi-climatica.jpg\",\"keywords\":[\"agrobusiness\",\"Antonio Lupo\",\"crisi climatica e ecologica\"],\"articleSection\":[\"contenuti originali\",\"Ecologia ed Ambiente\",\"Internazionale\",\"Interviste\"],\"inLanguage\":\"it-IT\"},{\"@type\":\"WebPage\",\"@id\":\"https:\/\/www.pressenza.com\/it\/2021\/10\/dallagrobusiness-alla-giustizia-climatica-quali-soluzioni-intervista-a-antonio-lupo-parte-ii\/\",\"url\":\"https:\/\/www.pressenza.com\/it\/2021\/10\/dallagrobusiness-alla-giustizia-climatica-quali-soluzioni-intervista-a-antonio-lupo-parte-ii\/\",\"name\":\"Dall\u2019agrobusiness alla giustizia climatica, quali soluzioni? Intervista a Antonio Lupo \u2013 Parte II\",\"isPartOf\":{\"@id\":\"https:\/\/www.pressenza.com\/it\/#website\"},\"primaryImageOfPage\":{\"@id\":\"https:\/\/www.pressenza.com\/it\/2021\/10\/dallagrobusiness-alla-giustizia-climatica-quali-soluzioni-intervista-a-antonio-lupo-parte-ii\/#primaryimage\"},\"image\":{\"@id\":\"https:\/\/www.pressenza.com\/it\/2021\/10\/dallagrobusiness-alla-giustizia-climatica-quali-soluzioni-intervista-a-antonio-lupo-parte-ii\/#primaryimage\"},\"thumbnailUrl\":\"https:\/\/www.pressenza.com\/wp-content\/uploads\/2021\/09\/blocco-crisi-climatica.jpg\",\"datePublished\":\"2021-10-06T13:49:45+00:00\",\"dateModified\":\"2021-10-06T13:51:37+00:00\",\"description\":\"\u201cL\u2019Agricoltura Industriale non \u00e8 un sistema alimentare, visto che non riesce a produrre cibo nutriente. \u00c8, al contrario, un sistema anti-alimentare, che\",\"breadcrumb\":{\"@id\":\"https:\/\/www.pressenza.com\/it\/2021\/10\/dallagrobusiness-alla-giustizia-climatica-quali-soluzioni-intervista-a-antonio-lupo-parte-ii\/#breadcrumb\"},\"inLanguage\":\"it-IT\",\"potentialAction\":[{\"@type\":\"ReadAction\",\"target\":[\"https:\/\/www.pressenza.com\/it\/2021\/10\/dallagrobusiness-alla-giustizia-climatica-quali-soluzioni-intervista-a-antonio-lupo-parte-ii\/\"]}]},{\"@type\":\"ImageObject\",\"inLanguage\":\"it-IT\",\"@id\":\"https:\/\/www.pressenza.com\/it\/2021\/10\/dallagrobusiness-alla-giustizia-climatica-quali-soluzioni-intervista-a-antonio-lupo-parte-ii\/#primaryimage\",\"url\":\"https:\/\/www.pressenza.com\/wp-content\/uploads\/2021\/09\/blocco-crisi-climatica.jpg\",\"contentUrl\":\"https:\/\/www.pressenza.com\/wp-content\/uploads\/2021\/09\/blocco-crisi-climatica.jpg\",\"width\":1280,\"height\":721},{\"@type\":\"BreadcrumbList\",\"@id\":\"https:\/\/www.pressenza.com\/it\/2021\/10\/dallagrobusiness-alla-giustizia-climatica-quali-soluzioni-intervista-a-antonio-lupo-parte-ii\/#breadcrumb\",\"itemListElement\":[{\"@type\":\"ListItem\",\"position\":1,\"name\":\"Accueil\",\"item\":\"https:\/\/www.pressenza.com\/it\/\"},{\"@type\":\"ListItem\",\"position\":2,\"name\":\"Dall\u2019agrobusiness alla giustizia climatica, quali soluzioni? Intervista a Antonio Lupo \u2013 Parte II\"}]},{\"@type\":\"WebSite\",\"@id\":\"https:\/\/www.pressenza.com\/it\/#website\",\"url\":\"https:\/\/www.pressenza.com\/it\/\",\"name\":\"Pressenza\",\"description\":\"Agenzia di Stampa Internazionale\",\"publisher\":{\"@id\":\"https:\/\/www.pressenza.com\/it\/#organization\"},\"potentialAction\":[{\"@type\":\"SearchAction\",\"target\":{\"@type\":\"EntryPoint\",\"urlTemplate\":\"https:\/\/www.pressenza.com\/it\/?s={search_term_string}\"},\"query-input\":{\"@type\":\"PropertyValueSpecification\",\"valueRequired\":true,\"valueName\":\"search_term_string\"}}],\"inLanguage\":\"it-IT\"},{\"@type\":\"Organization\",\"@id\":\"https:\/\/www.pressenza.com\/it\/#organization\",\"name\":\"Pressenza\",\"url\":\"https:\/\/www.pressenza.com\/it\/\",\"logo\":{\"@type\":\"ImageObject\",\"inLanguage\":\"it-IT\",\"@id\":\"https:\/\/www.pressenza.com\/it\/#\/schema\/logo\/image\/\",\"url\":\"https:\/\/www.pressenza.com\/wp-content\/uploads\/2022\/10\/pressenza_logo_200x200.jpg\",\"contentUrl\":\"https:\/\/www.pressenza.com\/wp-content\/uploads\/2022\/10\/pressenza_logo_200x200.jpg\",\"width\":200,\"height\":200,\"caption\":\"Pressenza\"},\"image\":{\"@id\":\"https:\/\/www.pressenza.com\/it\/#\/schema\/logo\/image\/\"},\"sameAs\":[\"https:\/\/www.facebook.com\/PressenzaItalia\",\"https:\/\/x.com\/PressenzaIPA\"]},{\"@type\":\"Person\",\"@id\":\"https:\/\/www.pressenza.com\/it\/#\/schema\/person\/83cab62d5aaad28d2ef7c9b71a62926b\",\"name\":\"Lorenzo Poli\",\"url\":\"https:\/\/www.pressenza.com\/it\/author\/lorenzo-poli\/\"}]}<\/script>\n<!-- \/ Yoast SEO plugin. -->","yoast_head_json":{"title":"Dall\u2019agrobusiness alla giustizia climatica, quali soluzioni? Intervista a Antonio Lupo \u2013 Parte II","description":"\u201cL\u2019Agricoltura Industriale non \u00e8 un sistema alimentare, visto che non riesce a produrre cibo nutriente. \u00c8, al contrario, un sistema anti-alimentare, che","robots":{"index":"index","follow":"follow","max-snippet":"max-snippet:-1","max-image-preview":"max-image-preview:large","max-video-preview":"max-video-preview:-1"},"canonical":"https:\/\/www.pressenza.com\/it\/2021\/10\/dallagrobusiness-alla-giustizia-climatica-quali-soluzioni-intervista-a-antonio-lupo-parte-ii\/","og_locale":"it_IT","og_type":"article","og_title":"Dall\u2019agrobusiness alla giustizia climatica, quali soluzioni? Intervista a Antonio Lupo \u2013 Parte II","og_description":"\u201cL\u2019Agricoltura Industriale non \u00e8 un sistema alimentare, visto che non riesce a produrre cibo nutriente. \u00c8, al contrario, un sistema anti-alimentare, che","og_url":"https:\/\/www.pressenza.com\/it\/2021\/10\/dallagrobusiness-alla-giustizia-climatica-quali-soluzioni-intervista-a-antonio-lupo-parte-ii\/","og_site_name":"Pressenza","article_publisher":"https:\/\/www.facebook.com\/PressenzaItalia","article_published_time":"2021-10-06T13:49:45+00:00","article_modified_time":"2021-10-06T13:51:37+00:00","og_image":[{"width":1280,"height":721,"url":"https:\/\/www.pressenza.com\/wp-content\/uploads\/2021\/09\/blocco-crisi-climatica.jpg","type":"image\/jpeg"}],"author":"Lorenzo Poli","twitter_card":"summary_large_image","twitter_creator":"@PressenzaIPA","twitter_site":"@PressenzaIPA","twitter_misc":{"Scritto da":"Lorenzo Poli","Tempo di lettura stimato":"9 minuti"},"schema":{"@context":"https:\/\/schema.org","@graph":[{"@type":"Article","@id":"https:\/\/www.pressenza.com\/it\/2021\/10\/dallagrobusiness-alla-giustizia-climatica-quali-soluzioni-intervista-a-antonio-lupo-parte-ii\/#article","isPartOf":{"@id":"https:\/\/www.pressenza.com\/it\/2021\/10\/dallagrobusiness-alla-giustizia-climatica-quali-soluzioni-intervista-a-antonio-lupo-parte-ii\/"},"author":{"name":"Lorenzo Poli","@id":"https:\/\/www.pressenza.com\/it\/#\/schema\/person\/83cab62d5aaad28d2ef7c9b71a62926b"},"headline":"Dall\u2019agrobusiness alla giustizia climatica, quali soluzioni? Intervista a Antonio Lupo \u2013 Parte II","datePublished":"2021-10-06T13:49:45+00:00","dateModified":"2021-10-06T13:51:37+00:00","mainEntityOfPage":{"@id":"https:\/\/www.pressenza.com\/it\/2021\/10\/dallagrobusiness-alla-giustizia-climatica-quali-soluzioni-intervista-a-antonio-lupo-parte-ii\/"},"wordCount":1938,"publisher":{"@id":"https:\/\/www.pressenza.com\/it\/#organization"},"image":{"@id":"https:\/\/www.pressenza.com\/it\/2021\/10\/dallagrobusiness-alla-giustizia-climatica-quali-soluzioni-intervista-a-antonio-lupo-parte-ii\/#primaryimage"},"thumbnailUrl":"https:\/\/www.pressenza.com\/wp-content\/uploads\/2021\/09\/blocco-crisi-climatica.jpg","keywords":["agrobusiness","Antonio Lupo","crisi climatica e ecologica"],"articleSection":["contenuti originali","Ecologia ed Ambiente","Internazionale","Interviste"],"inLanguage":"it-IT"},{"@type":"WebPage","@id":"https:\/\/www.pressenza.com\/it\/2021\/10\/dallagrobusiness-alla-giustizia-climatica-quali-soluzioni-intervista-a-antonio-lupo-parte-ii\/","url":"https:\/\/www.pressenza.com\/it\/2021\/10\/dallagrobusiness-alla-giustizia-climatica-quali-soluzioni-intervista-a-antonio-lupo-parte-ii\/","name":"Dall\u2019agrobusiness alla giustizia climatica, quali soluzioni? Intervista a Antonio Lupo \u2013 Parte II","isPartOf":{"@id":"https:\/\/www.pressenza.com\/it\/#website"},"primaryImageOfPage":{"@id":"https:\/\/www.pressenza.com\/it\/2021\/10\/dallagrobusiness-alla-giustizia-climatica-quali-soluzioni-intervista-a-antonio-lupo-parte-ii\/#primaryimage"},"image":{"@id":"https:\/\/www.pressenza.com\/it\/2021\/10\/dallagrobusiness-alla-giustizia-climatica-quali-soluzioni-intervista-a-antonio-lupo-parte-ii\/#primaryimage"},"thumbnailUrl":"https:\/\/www.pressenza.com\/wp-content\/uploads\/2021\/09\/blocco-crisi-climatica.jpg","datePublished":"2021-10-06T13:49:45+00:00","dateModified":"2021-10-06T13:51:37+00:00","description":"\u201cL\u2019Agricoltura Industriale non \u00e8 un sistema alimentare, visto che non riesce a produrre cibo nutriente. \u00c8, al contrario, un sistema anti-alimentare, che","breadcrumb":{"@id":"https:\/\/www.pressenza.com\/it\/2021\/10\/dallagrobusiness-alla-giustizia-climatica-quali-soluzioni-intervista-a-antonio-lupo-parte-ii\/#breadcrumb"},"inLanguage":"it-IT","potentialAction":[{"@type":"ReadAction","target":["https:\/\/www.pressenza.com\/it\/2021\/10\/dallagrobusiness-alla-giustizia-climatica-quali-soluzioni-intervista-a-antonio-lupo-parte-ii\/"]}]},{"@type":"ImageObject","inLanguage":"it-IT","@id":"https:\/\/www.pressenza.com\/it\/2021\/10\/dallagrobusiness-alla-giustizia-climatica-quali-soluzioni-intervista-a-antonio-lupo-parte-ii\/#primaryimage","url":"https:\/\/www.pressenza.com\/wp-content\/uploads\/2021\/09\/blocco-crisi-climatica.jpg","contentUrl":"https:\/\/www.pressenza.com\/wp-content\/uploads\/2021\/09\/blocco-crisi-climatica.jpg","width":1280,"height":721},{"@type":"BreadcrumbList","@id":"https:\/\/www.pressenza.com\/it\/2021\/10\/dallagrobusiness-alla-giustizia-climatica-quali-soluzioni-intervista-a-antonio-lupo-parte-ii\/#breadcrumb","itemListElement":[{"@type":"ListItem","position":1,"name":"Accueil","item":"https:\/\/www.pressenza.com\/it\/"},{"@type":"ListItem","position":2,"name":"Dall\u2019agrobusiness alla giustizia climatica, quali soluzioni? Intervista a Antonio Lupo \u2013 Parte II"}]},{"@type":"WebSite","@id":"https:\/\/www.pressenza.com\/it\/#website","url":"https:\/\/www.pressenza.com\/it\/","name":"Pressenza","description":"Agenzia di Stampa Internazionale","publisher":{"@id":"https:\/\/www.pressenza.com\/it\/#organization"},"potentialAction":[{"@type":"SearchAction","target":{"@type":"EntryPoint","urlTemplate":"https:\/\/www.pressenza.com\/it\/?s={search_term_string}"},"query-input":{"@type":"PropertyValueSpecification","valueRequired":true,"valueName":"search_term_string"}}],"inLanguage":"it-IT"},{"@type":"Organization","@id":"https:\/\/www.pressenza.com\/it\/#organization","name":"Pressenza","url":"https:\/\/www.pressenza.com\/it\/","logo":{"@type":"ImageObject","inLanguage":"it-IT","@id":"https:\/\/www.pressenza.com\/it\/#\/schema\/logo\/image\/","url":"https:\/\/www.pressenza.com\/wp-content\/uploads\/2022\/10\/pressenza_logo_200x200.jpg","contentUrl":"https:\/\/www.pressenza.com\/wp-content\/uploads\/2022\/10\/pressenza_logo_200x200.jpg","width":200,"height":200,"caption":"Pressenza"},"image":{"@id":"https:\/\/www.pressenza.com\/it\/#\/schema\/logo\/image\/"},"sameAs":["https:\/\/www.facebook.com\/PressenzaItalia","https:\/\/x.com\/PressenzaIPA"]},{"@type":"Person","@id":"https:\/\/www.pressenza.com\/it\/#\/schema\/person\/83cab62d5aaad28d2ef7c9b71a62926b","name":"Lorenzo Poli","url":"https:\/\/www.pressenza.com\/it\/author\/lorenzo-poli\/"}]}},"place":"","original_article_url":"","_links":{"self":[{"href":"https:\/\/www.pressenza.com\/it\/wp-json\/wp\/v2\/posts\/1444759","targetHints":{"allow":["GET"]}}],"collection":[{"href":"https:\/\/www.pressenza.com\/it\/wp-json\/wp\/v2\/posts"}],"about":[{"href":"https:\/\/www.pressenza.com\/it\/wp-json\/wp\/v2\/types\/post"}],"author":[{"embeddable":true,"href":"https:\/\/www.pressenza.com\/it\/wp-json\/wp\/v2\/users\/1887"}],"replies":[{"embeddable":true,"href":"https:\/\/www.pressenza.com\/it\/wp-json\/wp\/v2\/comments?post=1444759"}],"version-history":[{"count":0,"href":"https:\/\/www.pressenza.com\/it\/wp-json\/wp\/v2\/posts\/1444759\/revisions"}],"wp:featuredmedia":[{"embeddable":true,"href":"https:\/\/www.pressenza.com\/it\/wp-json\/wp\/v2\/media\/1440035"}],"wp:attachment":[{"href":"https:\/\/www.pressenza.com\/it\/wp-json\/wp\/v2\/media?parent=1444759"}],"wp:term":[{"taxonomy":"category","embeddable":true,"href":"https:\/\/www.pressenza.com\/it\/wp-json\/wp\/v2\/categories?post=1444759"},{"taxonomy":"post_tag","embeddable":true,"href":"https:\/\/www.pressenza.com\/it\/wp-json\/wp\/v2\/tags?post=1444759"}],"curies":[{"name":"wp","href":"https:\/\/api.w.org\/{rel}","templated":true}]}}