{"id":1440911,"date":"2021-10-01T12:16:00","date_gmt":"2021-10-01T11:16:00","guid":{"rendered":"https:\/\/www.pressenza.com\/?p=1440911"},"modified":"2021-10-01T12:16:00","modified_gmt":"2021-10-01T11:16:00","slug":"elezioni-in-germania-uno-spostamento-a-destra-dichiara-oskar-lafontaine-del-partito-di-sinistradie-linke","status":"publish","type":"post","link":"https:\/\/www.pressenza.com\/it\/2021\/10\/elezioni-in-germania-uno-spostamento-a-destra-dichiara-oskar-lafontaine-del-partito-di-sinistradie-linke\/","title":{"rendered":"Elezioni in Germania: \u201cuno spostamento a destra\u201d dichiara Oskar Lafontaine (del partito di sinistraDie Linke)"},"content":{"rendered":"<p><a name=\"_GoBack\"><\/a>Le elezioni del Bundestag appena concluse rappresentano una svolta storica. Con il crollo della CDU (<span style=\"color: #111111;\">Unione Cristiano Democratica) <\/span>al 24,1 % e l\u2019SPD (Socialisti) al 25,7 %, l&#8217;era dei partiti popolari in Germania \u00e8 finita.<\/p>\n<p>Il nuovo governo federale &#8211; che sia guidato dalla CDU o dalla SPD &#8211; continuer\u00e0 ampiamente le politiche del passato. Le disuguaglianze continueranno a crescere, dato che sia la CDU che l&#8217;FDP (Liberali) chiedono sgravi per i redditi alti. Non c&#8217;\u00e8 da aspettarsi un&#8217;energica resistenza da parte della SPD (Socialdemocratici) e dei Verdi. Poich\u00e9 l&#8217;FDP \u00e8 necessario per formare un governo, non ci sar\u00e0 nemmeno una tassa sulla ricchezza o sull&#8217;eredit\u00e0 degna di questo nome. Che sia Scholz o Laschet: il nuovo governo federale non cambier\u00e0 la formula delle pensioni, non eliminer\u00e0 la povert\u00e0 degli anziani e non introdurr\u00e0 un salario minimo che garantisca una vita adeguata. Il mantenimento della \u201cHartz IV\u201d, una riforma che obbliga chi chiede un sussidio sociale ad accettare qualsiasi lavoro, non importa quanto mal pagato, inibisce un migliore sviluppo salariale nonostante il peggioramento della carenza di lavoratori.<\/p>\n<p>In politica estera, CDU, CSU (Unione Cristiano-Sociale in Baviera), SPD, FDP e Verdi sono a favore di un ulteriore riarmo e di operazioni dell\u2019esercito tedesco all&#8217;estero. Nessuno dei possibili partiti di governo vuole contrastare l&#8217;aggressiva politica statunitense di accerchiamento della Russia e della Cina, che mette in pericolo la sicurezza tedesca. La politica del premio Nobel per la pace Willy Brandt per la distensione e il disarmo continuer\u00e0 ad essere sostituita da una politica estera che mette in pericolo la pace.<\/p>\n<p>La caduta della LINKE (Partito di Sinistra) dall&#8217;11,9 % del 2009 all&#8217;attuale 4,9 % era prevista da anni. Il tentativo di adottare politiche verdi &#8211; frontiere aperte per tutti, forte enfasi sulle questioni delle minoranze e sulla protezione del clima aumentando il prezzo di benzina, gas e gasolio da riscaldamento &#8211; \u00e8 la causa principale della perdita di fiducia dei lavoratori e dei pensionati e indirettamente anche del rafforzamento della AfD (estrema destra).<\/p>\n<p>Con la LINKE c&#8217;\u00e8 almeno un partito nel nuovo Bundestag che si impegner\u00e0 contro i tagli sociali e la guerra.<\/p>\n<p>Il risultato elettorale ha due conseguenze. In futuro, DIE LINKE non deve pi\u00f9 dare l&#8217;impressione di mettere in discussione i suoi principi di politica di pace: no alle operazione di guerra dell\u2019esercito, no all\u2019esportazione di armi, fine degli assassinii con droni dal suolo tedesco, no ai droni da combattimento armati per condurre guerre che violano il diritto internazionale. La richiesta di sostituire la NATO con un&#8217;alleanza di sicurezza che includa la Russia \u00e8 una richiesta dell\u2019SPD ai tempi di Willy Brandt. Che Olaf Scholz (SPD) abbia visto questo come un ostacolo alla formazione di un governo con la sinistra, la dice lunga. La richiesta sua e di Baerbock (Verdi) che DIE LINKE debba riconoscersi nella NATO avrebbe meritato la replica: senza un impegno della SPD e dei Verdi a favore del diritto internazionale, la cooperazione in un governo federale \u00e8 inaccettabile per DIE LINKE. E si sarebbe dovuto anche chiarire che la capacit\u00e0 di governare deve essere negata a tutti quei partiti che, nonostante la devastante guerra in Afghanistan, con le sue migliaia di morti, tra cui 59 soldati tedeschi, continuano a pronunciarsi a favore di operazioni di guerra in violazione del diritto internazionale.<\/p>\n<p>La nuova Agenda 2030 gi\u00e0 messa in campo da media importanti come Spiegel e Handelsblatt e dagli imprenditori tedeschi non sar\u00e0 rifiutata da un cancelliere Scholz, n\u00e9 da un cancelliere Laschet. I lavoratori e i pensionati saranno ancora una volta chiamati a pagare. Invece dello &#8220;spostamento a sinistra&#8221; evocato dai media neoliberali, ci sar\u00e0 un chiaro &#8220;spostamento a destra&#8221; nella politica estera, sociale e fiscale con una politica ambientale a favore del clima che dovr\u00e0 essere pagata dalle famiglie a medio e basso reddito.<\/p>\n<p>Fonte: <a href=\"https:\/\/www.facebook.com\/oskarlafontaine\/posts\/4490155837712515\">https:\/\/www.facebook.com\/oskarlafontaine\/posts\/4490155837712515<\/a><\/p>\n<p><i>Traduzione dal tedesco di Thomas Schmid. Revisione: Silvia Nocera<\/i><\/p>\n","protected":false},"excerpt":{"rendered":"<p>Le elezioni del Bundestag appena concluse rappresentano una svolta storica. Con il crollo della CDU (Unione Cristiano Democratica) al 24,1 % e l\u2019SPD (Socialisti) al 25,7 %, l&#8217;era dei partiti popolari in Germania \u00e8 finita. Il nuovo governo federale &#8211;&hellip;<\/p>\n","protected":false},"author":1095,"featured_media":1439205,"comment_status":"closed","ping_status":"closed","sticky":false,"template":"","format":"standard","meta":{"footnotes":""},"categories":[47,162,55],"tags":[95344,3518,95345,95348,95349,95347,95346],"class_list":["post-1440911","post","type-post","status-publish","format-standard","has-post-thumbnail","hentry","category-europa","category-opinioni","category-politica","tag-elezioni-tedesche","tag-germania","tag-laschet","tag-olaf-scholz-it","tag-oskar-lafontaine-it","tag-partiti-popolari","tag-spostamento-a-destra"],"yoast_head":"<!-- This site is optimized with the Yoast SEO plugin v27.1.1 - https:\/\/yoast.com\/product\/yoast-seo-wordpress\/ -->\n<title>Elezioni in Germania: \u201cuno spostamento a destra\u201d dichiara Oskar Lafontaine (del partito di sinistraDie Linke)<\/title>\n<meta name=\"description\" content=\"Le elezioni del Bundestag appena concluse rappresentano una svolta storica. Con il crollo della CDU (Unione Cristiano Democratica) al 24,1 % e l\u2019SPD\" \/>\n<meta name=\"robots\" content=\"index, follow, max-snippet:-1, max-image-preview:large, max-video-preview:-1\" \/>\n<link rel=\"canonical\" href=\"https:\/\/www.pressenza.com\/it\/2021\/10\/elezioni-in-germania-uno-spostamento-a-destra-dichiara-oskar-lafontaine-del-partito-di-sinistradie-linke\/\" \/>\n<meta property=\"og:locale\" content=\"it_IT\" \/>\n<meta property=\"og:type\" content=\"article\" \/>\n<meta property=\"og:title\" content=\"Elezioni in Germania: \u201cuno spostamento a destra\u201d dichiara Oskar Lafontaine (del partito di sinistraDie Linke)\" \/>\n<meta property=\"og:description\" content=\"Le elezioni del Bundestag appena concluse rappresentano una svolta storica. Con il crollo della CDU (Unione Cristiano Democratica) al 24,1 % e l\u2019SPD\" \/>\n<meta property=\"og:url\" content=\"https:\/\/www.pressenza.com\/it\/2021\/10\/elezioni-in-germania-uno-spostamento-a-destra-dichiara-oskar-lafontaine-del-partito-di-sinistradie-linke\/\" \/>\n<meta property=\"og:site_name\" content=\"Pressenza\" \/>\n<meta property=\"article:publisher\" content=\"https:\/\/www.facebook.com\/PressenzaItalia\" \/>\n<meta property=\"article:author\" content=\"https:\/\/www.facebook.com\/Pressenza-Deutschland-sterreich-Schweiz-281675388658060\/timeline\/\" \/>\n<meta property=\"article:published_time\" content=\"2021-10-01T11:16:00+00:00\" \/>\n<meta property=\"og:image\" content=\"https:\/\/www.pressenza.com\/wp-content\/uploads\/2021\/09\/Bundestagswahl2021_Rechtsruck.jpg\" \/>\n\t<meta property=\"og:image:width\" content=\"820\" \/>\n\t<meta property=\"og:image:height\" content=\"546\" \/>\n\t<meta property=\"og:image:type\" content=\"image\/jpeg\" \/>\n<meta name=\"author\" content=\"Pressenza Berlin\" \/>\n<meta name=\"twitter:card\" content=\"summary_large_image\" \/>\n<meta name=\"twitter:creator\" content=\"@pressenza_ger\" \/>\n<meta name=\"twitter:site\" content=\"@PressenzaIPA\" \/>\n<meta name=\"twitter:label1\" content=\"Scritto da\" \/>\n\t<meta name=\"twitter:data1\" content=\"Pressenza Berlin\" \/>\n\t<meta name=\"twitter:label2\" content=\"Tempo di lettura stimato\" \/>\n\t<meta name=\"twitter:data2\" content=\"3 minuti\" \/>\n<script type=\"application\/ld+json\" class=\"yoast-schema-graph\">{\"@context\":\"https:\/\/schema.org\",\"@graph\":[{\"@type\":\"Article\",\"@id\":\"https:\/\/www.pressenza.com\/it\/2021\/10\/elezioni-in-germania-uno-spostamento-a-destra-dichiara-oskar-lafontaine-del-partito-di-sinistradie-linke\/#article\",\"isPartOf\":{\"@id\":\"https:\/\/www.pressenza.com\/it\/2021\/10\/elezioni-in-germania-uno-spostamento-a-destra-dichiara-oskar-lafontaine-del-partito-di-sinistradie-linke\/\"},\"author\":{\"name\":\"Pressenza Berlin\",\"@id\":\"https:\/\/www.pressenza.com\/it\/#\/schema\/person\/57bb5480943a496a7722b0248e4b658a\"},\"headline\":\"Elezioni in Germania: \u201cuno spostamento a destra\u201d dichiara Oskar Lafontaine (del partito di sinistraDie Linke)\",\"datePublished\":\"2021-10-01T11:16:00+00:00\",\"mainEntityOfPage\":{\"@id\":\"https:\/\/www.pressenza.com\/it\/2021\/10\/elezioni-in-germania-uno-spostamento-a-destra-dichiara-oskar-lafontaine-del-partito-di-sinistradie-linke\/\"},\"wordCount\":660,\"publisher\":{\"@id\":\"https:\/\/www.pressenza.com\/it\/#organization\"},\"image\":{\"@id\":\"https:\/\/www.pressenza.com\/it\/2021\/10\/elezioni-in-germania-uno-spostamento-a-destra-dichiara-oskar-lafontaine-del-partito-di-sinistradie-linke\/#primaryimage\"},\"thumbnailUrl\":\"https:\/\/www.pressenza.com\/wp-content\/uploads\/2021\/09\/Bundestagswahl2021_Rechtsruck.jpg\",\"keywords\":[\"elezioni tedesche\",\"Germania\",\"Laschet\",\"Olaf Scholz\",\"Oskar Lafontaine\",\"partiti popolari\",\"spostamento a destra\"],\"articleSection\":[\"Europa\",\"Opinioni\",\"Politica\"],\"inLanguage\":\"it-IT\"},{\"@type\":\"WebPage\",\"@id\":\"https:\/\/www.pressenza.com\/it\/2021\/10\/elezioni-in-germania-uno-spostamento-a-destra-dichiara-oskar-lafontaine-del-partito-di-sinistradie-linke\/\",\"url\":\"https:\/\/www.pressenza.com\/it\/2021\/10\/elezioni-in-germania-uno-spostamento-a-destra-dichiara-oskar-lafontaine-del-partito-di-sinistradie-linke\/\",\"name\":\"Elezioni in Germania: \u201cuno spostamento a destra\u201d dichiara Oskar Lafontaine (del partito di sinistraDie Linke)\",\"isPartOf\":{\"@id\":\"https:\/\/www.pressenza.com\/it\/#website\"},\"primaryImageOfPage\":{\"@id\":\"https:\/\/www.pressenza.com\/it\/2021\/10\/elezioni-in-germania-uno-spostamento-a-destra-dichiara-oskar-lafontaine-del-partito-di-sinistradie-linke\/#primaryimage\"},\"image\":{\"@id\":\"https:\/\/www.pressenza.com\/it\/2021\/10\/elezioni-in-germania-uno-spostamento-a-destra-dichiara-oskar-lafontaine-del-partito-di-sinistradie-linke\/#primaryimage\"},\"thumbnailUrl\":\"https:\/\/www.pressenza.com\/wp-content\/uploads\/2021\/09\/Bundestagswahl2021_Rechtsruck.jpg\",\"datePublished\":\"2021-10-01T11:16:00+00:00\",\"description\":\"Le elezioni del Bundestag appena concluse rappresentano una svolta storica. Con il crollo della CDU (Unione Cristiano Democratica) al 24,1 % e l\u2019SPD\",\"breadcrumb\":{\"@id\":\"https:\/\/www.pressenza.com\/it\/2021\/10\/elezioni-in-germania-uno-spostamento-a-destra-dichiara-oskar-lafontaine-del-partito-di-sinistradie-linke\/#breadcrumb\"},\"inLanguage\":\"it-IT\",\"potentialAction\":[{\"@type\":\"ReadAction\",\"target\":[\"https:\/\/www.pressenza.com\/it\/2021\/10\/elezioni-in-germania-uno-spostamento-a-destra-dichiara-oskar-lafontaine-del-partito-di-sinistradie-linke\/\"]}]},{\"@type\":\"ImageObject\",\"inLanguage\":\"it-IT\",\"@id\":\"https:\/\/www.pressenza.com\/it\/2021\/10\/elezioni-in-germania-uno-spostamento-a-destra-dichiara-oskar-lafontaine-del-partito-di-sinistradie-linke\/#primaryimage\",\"url\":\"https:\/\/www.pressenza.com\/wp-content\/uploads\/2021\/09\/Bundestagswahl2021_Rechtsruck.jpg\",\"contentUrl\":\"https:\/\/www.pressenza.com\/wp-content\/uploads\/2021\/09\/Bundestagswahl2021_Rechtsruck.jpg\",\"width\":820,\"height\":546,\"caption\":\"Oskar Lafontaine zur Bundestagswahl: Rechtsruck\"},{\"@type\":\"BreadcrumbList\",\"@id\":\"https:\/\/www.pressenza.com\/it\/2021\/10\/elezioni-in-germania-uno-spostamento-a-destra-dichiara-oskar-lafontaine-del-partito-di-sinistradie-linke\/#breadcrumb\",\"itemListElement\":[{\"@type\":\"ListItem\",\"position\":1,\"name\":\"Accueil\",\"item\":\"https:\/\/www.pressenza.com\/it\/\"},{\"@type\":\"ListItem\",\"position\":2,\"name\":\"Elezioni in Germania: \u201cuno spostamento a destra\u201d dichiara Oskar Lafontaine (del partito di sinistraDie Linke)\"}]},{\"@type\":\"WebSite\",\"@id\":\"https:\/\/www.pressenza.com\/it\/#website\",\"url\":\"https:\/\/www.pressenza.com\/it\/\",\"name\":\"Pressenza\",\"description\":\"Agenzia di Stampa Internazionale\",\"publisher\":{\"@id\":\"https:\/\/www.pressenza.com\/it\/#organization\"},\"potentialAction\":[{\"@type\":\"SearchAction\",\"target\":{\"@type\":\"EntryPoint\",\"urlTemplate\":\"https:\/\/www.pressenza.com\/it\/?s={search_term_string}\"},\"query-input\":{\"@type\":\"PropertyValueSpecification\",\"valueRequired\":true,\"valueName\":\"search_term_string\"}}],\"inLanguage\":\"it-IT\"},{\"@type\":\"Organization\",\"@id\":\"https:\/\/www.pressenza.com\/it\/#organization\",\"name\":\"Pressenza\",\"url\":\"https:\/\/www.pressenza.com\/it\/\",\"logo\":{\"@type\":\"ImageObject\",\"inLanguage\":\"it-IT\",\"@id\":\"https:\/\/www.pressenza.com\/it\/#\/schema\/logo\/image\/\",\"url\":\"https:\/\/www.pressenza.com\/wp-content\/uploads\/2022\/10\/pressenza_logo_200x200.jpg\",\"contentUrl\":\"https:\/\/www.pressenza.com\/wp-content\/uploads\/2022\/10\/pressenza_logo_200x200.jpg\",\"width\":200,\"height\":200,\"caption\":\"Pressenza\"},\"image\":{\"@id\":\"https:\/\/www.pressenza.com\/it\/#\/schema\/logo\/image\/\"},\"sameAs\":[\"https:\/\/www.facebook.com\/PressenzaItalia\",\"https:\/\/x.com\/PressenzaIPA\"]},{\"@type\":\"Person\",\"@id\":\"https:\/\/www.pressenza.com\/it\/#\/schema\/person\/57bb5480943a496a7722b0248e4b658a\",\"name\":\"Pressenza Berlin\",\"description\":\"News from the Pressenza Bureau in Berlin, Germany\",\"sameAs\":[\"https:\/\/www.facebook.com\/Pressenza-Deutschland-sterreich-Schweiz-281675388658060\/timeline\/\",\"https:\/\/x.com\/pressenza_ger\"],\"url\":\"https:\/\/www.pressenza.com\/it\/author\/pressenza-berlin\/\"}]}<\/script>\n<!-- \/ Yoast SEO plugin. -->","yoast_head_json":{"title":"Elezioni in Germania: \u201cuno spostamento a destra\u201d dichiara Oskar Lafontaine (del partito di sinistraDie Linke)","description":"Le elezioni del Bundestag appena concluse rappresentano una svolta storica. Con il crollo della CDU (Unione Cristiano Democratica) al 24,1 % e l\u2019SPD","robots":{"index":"index","follow":"follow","max-snippet":"max-snippet:-1","max-image-preview":"max-image-preview:large","max-video-preview":"max-video-preview:-1"},"canonical":"https:\/\/www.pressenza.com\/it\/2021\/10\/elezioni-in-germania-uno-spostamento-a-destra-dichiara-oskar-lafontaine-del-partito-di-sinistradie-linke\/","og_locale":"it_IT","og_type":"article","og_title":"Elezioni in Germania: \u201cuno spostamento a destra\u201d dichiara Oskar Lafontaine (del partito di sinistraDie Linke)","og_description":"Le elezioni del Bundestag appena concluse rappresentano una svolta storica. Con il crollo della CDU (Unione Cristiano Democratica) al 24,1 % e l\u2019SPD","og_url":"https:\/\/www.pressenza.com\/it\/2021\/10\/elezioni-in-germania-uno-spostamento-a-destra-dichiara-oskar-lafontaine-del-partito-di-sinistradie-linke\/","og_site_name":"Pressenza","article_publisher":"https:\/\/www.facebook.com\/PressenzaItalia","article_author":"https:\/\/www.facebook.com\/Pressenza-Deutschland-sterreich-Schweiz-281675388658060\/timeline\/","article_published_time":"2021-10-01T11:16:00+00:00","og_image":[{"width":820,"height":546,"url":"https:\/\/www.pressenza.com\/wp-content\/uploads\/2021\/09\/Bundestagswahl2021_Rechtsruck.jpg","type":"image\/jpeg"}],"author":"Pressenza Berlin","twitter_card":"summary_large_image","twitter_creator":"@pressenza_ger","twitter_site":"@PressenzaIPA","twitter_misc":{"Scritto da":"Pressenza Berlin","Tempo di lettura stimato":"3 minuti"},"schema":{"@context":"https:\/\/schema.org","@graph":[{"@type":"Article","@id":"https:\/\/www.pressenza.com\/it\/2021\/10\/elezioni-in-germania-uno-spostamento-a-destra-dichiara-oskar-lafontaine-del-partito-di-sinistradie-linke\/#article","isPartOf":{"@id":"https:\/\/www.pressenza.com\/it\/2021\/10\/elezioni-in-germania-uno-spostamento-a-destra-dichiara-oskar-lafontaine-del-partito-di-sinistradie-linke\/"},"author":{"name":"Pressenza Berlin","@id":"https:\/\/www.pressenza.com\/it\/#\/schema\/person\/57bb5480943a496a7722b0248e4b658a"},"headline":"Elezioni in Germania: \u201cuno spostamento a destra\u201d dichiara Oskar Lafontaine (del partito di sinistraDie Linke)","datePublished":"2021-10-01T11:16:00+00:00","mainEntityOfPage":{"@id":"https:\/\/www.pressenza.com\/it\/2021\/10\/elezioni-in-germania-uno-spostamento-a-destra-dichiara-oskar-lafontaine-del-partito-di-sinistradie-linke\/"},"wordCount":660,"publisher":{"@id":"https:\/\/www.pressenza.com\/it\/#organization"},"image":{"@id":"https:\/\/www.pressenza.com\/it\/2021\/10\/elezioni-in-germania-uno-spostamento-a-destra-dichiara-oskar-lafontaine-del-partito-di-sinistradie-linke\/#primaryimage"},"thumbnailUrl":"https:\/\/www.pressenza.com\/wp-content\/uploads\/2021\/09\/Bundestagswahl2021_Rechtsruck.jpg","keywords":["elezioni tedesche","Germania","Laschet","Olaf Scholz","Oskar Lafontaine","partiti popolari","spostamento a destra"],"articleSection":["Europa","Opinioni","Politica"],"inLanguage":"it-IT"},{"@type":"WebPage","@id":"https:\/\/www.pressenza.com\/it\/2021\/10\/elezioni-in-germania-uno-spostamento-a-destra-dichiara-oskar-lafontaine-del-partito-di-sinistradie-linke\/","url":"https:\/\/www.pressenza.com\/it\/2021\/10\/elezioni-in-germania-uno-spostamento-a-destra-dichiara-oskar-lafontaine-del-partito-di-sinistradie-linke\/","name":"Elezioni in Germania: \u201cuno spostamento a destra\u201d dichiara Oskar Lafontaine (del partito di sinistraDie Linke)","isPartOf":{"@id":"https:\/\/www.pressenza.com\/it\/#website"},"primaryImageOfPage":{"@id":"https:\/\/www.pressenza.com\/it\/2021\/10\/elezioni-in-germania-uno-spostamento-a-destra-dichiara-oskar-lafontaine-del-partito-di-sinistradie-linke\/#primaryimage"},"image":{"@id":"https:\/\/www.pressenza.com\/it\/2021\/10\/elezioni-in-germania-uno-spostamento-a-destra-dichiara-oskar-lafontaine-del-partito-di-sinistradie-linke\/#primaryimage"},"thumbnailUrl":"https:\/\/www.pressenza.com\/wp-content\/uploads\/2021\/09\/Bundestagswahl2021_Rechtsruck.jpg","datePublished":"2021-10-01T11:16:00+00:00","description":"Le elezioni del Bundestag appena concluse rappresentano una svolta storica. Con il crollo della CDU (Unione Cristiano Democratica) al 24,1 % e l\u2019SPD","breadcrumb":{"@id":"https:\/\/www.pressenza.com\/it\/2021\/10\/elezioni-in-germania-uno-spostamento-a-destra-dichiara-oskar-lafontaine-del-partito-di-sinistradie-linke\/#breadcrumb"},"inLanguage":"it-IT","potentialAction":[{"@type":"ReadAction","target":["https:\/\/www.pressenza.com\/it\/2021\/10\/elezioni-in-germania-uno-spostamento-a-destra-dichiara-oskar-lafontaine-del-partito-di-sinistradie-linke\/"]}]},{"@type":"ImageObject","inLanguage":"it-IT","@id":"https:\/\/www.pressenza.com\/it\/2021\/10\/elezioni-in-germania-uno-spostamento-a-destra-dichiara-oskar-lafontaine-del-partito-di-sinistradie-linke\/#primaryimage","url":"https:\/\/www.pressenza.com\/wp-content\/uploads\/2021\/09\/Bundestagswahl2021_Rechtsruck.jpg","contentUrl":"https:\/\/www.pressenza.com\/wp-content\/uploads\/2021\/09\/Bundestagswahl2021_Rechtsruck.jpg","width":820,"height":546,"caption":"Oskar Lafontaine zur Bundestagswahl: Rechtsruck"},{"@type":"BreadcrumbList","@id":"https:\/\/www.pressenza.com\/it\/2021\/10\/elezioni-in-germania-uno-spostamento-a-destra-dichiara-oskar-lafontaine-del-partito-di-sinistradie-linke\/#breadcrumb","itemListElement":[{"@type":"ListItem","position":1,"name":"Accueil","item":"https:\/\/www.pressenza.com\/it\/"},{"@type":"ListItem","position":2,"name":"Elezioni in Germania: \u201cuno spostamento a destra\u201d dichiara Oskar Lafontaine (del partito di sinistraDie Linke)"}]},{"@type":"WebSite","@id":"https:\/\/www.pressenza.com\/it\/#website","url":"https:\/\/www.pressenza.com\/it\/","name":"Pressenza","description":"Agenzia di Stampa Internazionale","publisher":{"@id":"https:\/\/www.pressenza.com\/it\/#organization"},"potentialAction":[{"@type":"SearchAction","target":{"@type":"EntryPoint","urlTemplate":"https:\/\/www.pressenza.com\/it\/?s={search_term_string}"},"query-input":{"@type":"PropertyValueSpecification","valueRequired":true,"valueName":"search_term_string"}}],"inLanguage":"it-IT"},{"@type":"Organization","@id":"https:\/\/www.pressenza.com\/it\/#organization","name":"Pressenza","url":"https:\/\/www.pressenza.com\/it\/","logo":{"@type":"ImageObject","inLanguage":"it-IT","@id":"https:\/\/www.pressenza.com\/it\/#\/schema\/logo\/image\/","url":"https:\/\/www.pressenza.com\/wp-content\/uploads\/2022\/10\/pressenza_logo_200x200.jpg","contentUrl":"https:\/\/www.pressenza.com\/wp-content\/uploads\/2022\/10\/pressenza_logo_200x200.jpg","width":200,"height":200,"caption":"Pressenza"},"image":{"@id":"https:\/\/www.pressenza.com\/it\/#\/schema\/logo\/image\/"},"sameAs":["https:\/\/www.facebook.com\/PressenzaItalia","https:\/\/x.com\/PressenzaIPA"]},{"@type":"Person","@id":"https:\/\/www.pressenza.com\/it\/#\/schema\/person\/57bb5480943a496a7722b0248e4b658a","name":"Pressenza Berlin","description":"News from the Pressenza Bureau in Berlin, Germany","sameAs":["https:\/\/www.facebook.com\/Pressenza-Deutschland-sterreich-Schweiz-281675388658060\/timeline\/","https:\/\/x.com\/pressenza_ger"],"url":"https:\/\/www.pressenza.com\/it\/author\/pressenza-berlin\/"}]}},"place":"","original_article_url":"","_links":{"self":[{"href":"https:\/\/www.pressenza.com\/it\/wp-json\/wp\/v2\/posts\/1440911","targetHints":{"allow":["GET"]}}],"collection":[{"href":"https:\/\/www.pressenza.com\/it\/wp-json\/wp\/v2\/posts"}],"about":[{"href":"https:\/\/www.pressenza.com\/it\/wp-json\/wp\/v2\/types\/post"}],"author":[{"embeddable":true,"href":"https:\/\/www.pressenza.com\/it\/wp-json\/wp\/v2\/users\/1095"}],"replies":[{"embeddable":true,"href":"https:\/\/www.pressenza.com\/it\/wp-json\/wp\/v2\/comments?post=1440911"}],"version-history":[{"count":0,"href":"https:\/\/www.pressenza.com\/it\/wp-json\/wp\/v2\/posts\/1440911\/revisions"}],"wp:featuredmedia":[{"embeddable":true,"href":"https:\/\/www.pressenza.com\/it\/wp-json\/wp\/v2\/media\/1439205"}],"wp:attachment":[{"href":"https:\/\/www.pressenza.com\/it\/wp-json\/wp\/v2\/media?parent=1440911"}],"wp:term":[{"taxonomy":"category","embeddable":true,"href":"https:\/\/www.pressenza.com\/it\/wp-json\/wp\/v2\/categories?post=1440911"},{"taxonomy":"post_tag","embeddable":true,"href":"https:\/\/www.pressenza.com\/it\/wp-json\/wp\/v2\/tags?post=1440911"}],"curies":[{"name":"wp","href":"https:\/\/api.w.org\/{rel}","templated":true}]}}