{"id":144019,"date":"2014-10-29T11:57:12","date_gmt":"2014-10-29T11:57:12","guid":{"rendered":"http:\/\/www.pressenza.com\/?p=144019"},"modified":"2014-10-29T11:57:12","modified_gmt":"2014-10-29T11:57:12","slug":"non-partecipato-marcia-perugia-assisi","status":"publish","type":"post","link":"https:\/\/www.pressenza.com\/it\/2014\/10\/non-partecipato-marcia-perugia-assisi\/","title":{"rendered":"Non ho partecipato alla marcia Perugia-Assisi"},"content":{"rendered":"<header>(ma la pace ha bisogno dell\u2019impegno di chi ha marciato)<\/p>\n<div><\/div>\n<p>di Pasquale Pugliese<\/p>\n<\/header>\n<div><img loading=\"lazy\" decoding=\"async\" title=\"Non ho partecipato alla marcia Perugia-Assisi (ma la pace ha bisogno dell\u2019impegno di chi ha marciato)\" alt=\"Non ho partecipato alla marcia Perugia-Assisi (ma la pace ha bisogno dell\u2019impegno di chi ha marciato)\" src=\"http:\/\/www.azionenonviolenta.it\/wp-content\/uploads\/2014\/04\/pasquale-pugliese.jpg\" width=\"259\" height=\"195\" \/><\/div>\n<div>\n<p>Per la prima volta, da quando ho l\u2019et\u00e0 della ragione, quest\u2019anno non ho partecipato alla marcia Perugia-Assisi.<\/p>\n<\/div>\n<p>Eppure negli anni passati, ho fatto anche lunghi viaggi per potervi prendere parte, sia a quelle \u201cordinarie\u201d che a quelle \u201cstraordinarie\u201d che a quelle \u201cspecifiche\u201d. Per esempio, ricordo la Marcia del 1990, per partecipare alla quale ero partito in pullman la sera prima da Messina, citt\u00e0 nella quale studiavo filosofia all\u2019universit\u00e0. Avevo anche appuntamento, il giorno dopo la Marcia, a Perugia nella casa di <strong>Aldo Capitini\u00a0<\/strong>in via dei Filosofi, con <strong>Pietro Pinna<\/strong> \u2013 il primo obiettore di coscienza politico all\u2019obbligo militare e fondatore con Capitini del Movimento Nonviolento \u2013 per un incontro sul filosofo della nonviolenza, ideatore della Marcia, sul quale stavo cercando materiali per fare la tesi di laurea. Un incontro, con Pietro e con Aldo, che ha segnato il seguito della mia vita.<\/p>\n<p>Ricordo, dieci anni dopo \u2013 anche in risposta all\u2019insofferenza rispetto ad una \u201cMarcia della pace\u201d sempre pi\u00f9 \u201cgenerica\u201d nei contenuti di promozione, al punto da far sentire a suo agio tra i marciatori anche chi usava (e usa) i bombardamenti come via alla pace \u2013 la costruzione della marcia \u201cspecifica\u201d promossa congiuntamente dal Movimento Nonviolento e dal MIR per il 24 settembre del 2000 sul tema \u201c<strong>Mai pi\u00f9 eserciti e guerre<\/strong>\u201d. Si trattava di una marcia per ribadire che non si possono sdradicare le guerre se non se ne eradicano \u201ci mezzi e gli strumenti\u201d (come \u00e8 scritto nell\u2019art. 11 della Costituzione) che la preparano e la rendono possibile, ossia gli eserciti. Il rischio \u2013 dicevamo gi\u00e0 allora e ribadisco ora \u2013 \u00e8 di fare solo retorica della pace. Ossia \u2013 di fatto \u2013 un servizio alla guerra ed alla sua preparazione.<\/p>\n<p>Ho partecipato alla <strong>Marcia del 50\u00b0 anniversario<\/strong> della prima \u2013 ed anche alla sua preparazione \u2013 nel 2011, quella promossa congiuntamente dalla Tavola della Pace e dal Movimento Nonviolento. Una marcia importante, capitiniana fin dal tema \u201cMarcia della pace per la fratellanza tra i popoli\u201d che richiamava quello del 1961, dalla quale era emersa la soggettivit\u00e0 politica del \u201cpopolo della pace\u201d evocato da Aldo Capitini dalla Rocca di Assisi. E poich\u00e9, come scriveva Capitini, \u201c<strong>una marcia non \u00e8 fine a se stessa, produce onde che vanno lontano<\/strong>\u201d, dalla marcia del 2011, nella quale \u2013 tra le altre cose \u2013 era stato messo al centro il tema del disarmo e della lotta ai cacciabombardieri f35, \u00e8 partita l\u2019onda di costruzione delle condizioni che hanno portato oggi il pi\u00f9 ampio movimento per la pace a ritrovarsi, prima nella grande assemblea dell\u2019\u201d<strong>Arena di pace e disarmo<\/strong>\u201d \u2013 a Verona, il 25 aprile di quest\u2019anno \u2013 per affermare che di fronte alle enormi spese militari, nazionali e internazionali, oggi \u201cla liberazione si chiama disarmo\u201d e poi nell\u2019impegno nella <strong>Campagna politica \u201cUn\u2019altra difesa \u00e8 possibil<\/strong>e\u201d, per il disarmo e la costruzione in Italia della difesa civile, non armata e nonviolenta.<\/p>\n<p>Nei giorni scorsi centomila persone hanno camminato ancora da Perugia ad Assisi, vi sono state chiamate da un appello che elenca molti generici propositi, ma non assume ne\u2019 propone ai marciatori nessun impegno specifico per la pace, il disarmo, la nonviolenza. Non avvia alcuna onda oltre il marciare fine a se stesso. E\u2019 come se \u2013 difronte alla degenerazione bellica internazionale \u2013 centomila persone fossero state rassicurate che il solo generoso cammino da Perugia ad Assisi possa essere un talismano. Un affidarsi al fato, un placare la coscienza, tornando alle proprie case, convinti di aver fatto qualcosa per la pace. Eppure il vero impegno comincia adesso, nella capacit\u00e0 di portare il tema del disarmo e della costruzione delle alternative alla guerra nella propria quotidianit\u00e0 lavorativa, associativa, politica, amicale, familiare. Nelle proprie citt\u00e0 e nei propri paesi. Di questo oggi c\u2019\u00e8 urgentemente bisogno.<\/p>\n<p>Che fare, dunque? Le sei Reti che promuovono la campagna <a href=\"http:\/\/www.difesacivilenonviolenta.org\/\" target=\"_blank\">Un\u2019altra difesa \u00e8 possibile<\/a>\u00a0hanno inviato alle moltissime associazioni aderenti ai rispettivi network la lettera per la costituzione dei \u201c<strong>Comitati promotori locali<\/strong>\u201d per la raccolta delle almeno cinquantamila firme necessarie a presentare una proposta di legge di iniziativa popolare per l\u2019istituzione della difesa civile, non armata e nonviolenta. E\u2019 assolutamente necessario che siano costituiti i Comitati, formati da tutte le associazioni, gruppi informali, movimenti, circoli e singoli che aderiscono all\u2019iniziativa in un determinato territorio. Se ciascun marciatore, reduce dalla Perugia Assisi, si attivasse adesso personalmente, collegandosi ai nascenti comitati locali \u2013 o ne costituisse di nuovi laddove non ci fossero \u2013 potrebbe dare un formidabile contributo al buon esito della Campagna, ed un senso concreto al proprio marciare. Un impegno specifico personale del quale la costruzione della pace ha davvero bisogno.<\/p>\n<p>Articolo originale su <a href=\"http:\/\/www.azionenonviolenta.it\/non-ho-partecipato-alla-marcia-perugia-assisi-ma-la-pace-ha-bisogno-dellimpegno-di-chi-ha-marciato\/\">Azione Nonviolenta<\/a><\/p>\n","protected":false},"excerpt":{"rendered":"<p>(ma la pace ha bisogno dell\u2019impegno di chi ha marciato) di Pasquale Pugliese Per la prima volta, da quando ho l\u2019et\u00e0 della ragione, quest\u2019anno non ho partecipato alla marcia Perugia-Assisi. Eppure negli anni passati, ho fatto anche lunghi viaggi per&hellip;<\/p>\n","protected":false},"author":600,"featured_media":0,"comment_status":"closed","ping_status":"open","sticky":false,"template":"","format":"standard","meta":{"footnotes":""},"categories":[150,47,162,1263],"tags":[11733,720,13124,9741,13125],"class_list":["post-144019","post","type-post","status-publish","format-standard","hentry","category-comunicati-stampa","category-europa","category-opinioni","category-pace-disarmo","tag-marcia-perugia-assisi","tag-movimento-nonviolento","tag-pasquale-pugliese","tag-perugia-assisi","tag-unaltra-difesa-e-possibile"],"yoast_head":"<!-- This site is optimized with the Yoast SEO plugin v27.1.1 - https:\/\/yoast.com\/product\/yoast-seo-wordpress\/ -->\n<title>Non ho partecipato alla marcia Perugia-Assisi<\/title>\n<meta name=\"description\" content=\"(ma la pace ha bisogno dell\u2019impegno di chi ha marciato) di Pasquale Pugliese Per la prima volta, da quando ho l\u2019et\u00e0 della ragione, quest\u2019anno non ho\" \/>\n<meta name=\"robots\" content=\"index, follow, max-snippet:-1, max-image-preview:large, max-video-preview:-1\" \/>\n<link rel=\"canonical\" href=\"https:\/\/www.pressenza.com\/it\/2014\/10\/non-partecipato-marcia-perugia-assisi\/\" \/>\n<meta property=\"og:locale\" content=\"it_IT\" \/>\n<meta property=\"og:type\" content=\"article\" \/>\n<meta property=\"og:title\" content=\"Non ho partecipato alla marcia Perugia-Assisi\" \/>\n<meta property=\"og:description\" content=\"(ma la pace ha bisogno dell\u2019impegno di chi ha marciato) di Pasquale Pugliese Per la prima volta, da quando ho l\u2019et\u00e0 della ragione, quest\u2019anno non ho\" \/>\n<meta property=\"og:url\" content=\"https:\/\/www.pressenza.com\/it\/2014\/10\/non-partecipato-marcia-perugia-assisi\/\" \/>\n<meta property=\"og:site_name\" content=\"Pressenza\" \/>\n<meta property=\"article:publisher\" content=\"https:\/\/www.facebook.com\/PressenzaItalia\" \/>\n<meta property=\"article:published_time\" content=\"2014-10-29T11:57:12+00:00\" \/>\n<meta property=\"og:image\" content=\"http:\/\/www.azionenonviolenta.it\/wp-content\/uploads\/2014\/04\/pasquale-pugliese.jpg\" \/>\n<meta name=\"author\" content=\"Movimento Nonviolento\" \/>\n<meta name=\"twitter:card\" content=\"summary_large_image\" \/>\n<meta name=\"twitter:creator\" content=\"@PressenzaIPA\" \/>\n<meta name=\"twitter:site\" content=\"@PressenzaIPA\" \/>\n<meta name=\"twitter:label1\" content=\"Scritto da\" \/>\n\t<meta name=\"twitter:data1\" content=\"Movimento Nonviolento\" \/>\n\t<meta name=\"twitter:label2\" content=\"Tempo di lettura stimato\" \/>\n\t<meta name=\"twitter:data2\" content=\"4 minuti\" \/>\n<script type=\"application\/ld+json\" class=\"yoast-schema-graph\">{\"@context\":\"https:\/\/schema.org\",\"@graph\":[{\"@type\":\"Article\",\"@id\":\"https:\/\/www.pressenza.com\/it\/2014\/10\/non-partecipato-marcia-perugia-assisi\/#article\",\"isPartOf\":{\"@id\":\"https:\/\/www.pressenza.com\/it\/2014\/10\/non-partecipato-marcia-perugia-assisi\/\"},\"author\":{\"name\":\"Movimento Nonviolento\",\"@id\":\"https:\/\/www.pressenza.com\/it\/#\/schema\/person\/5c22aa4afc24f8cbe52d85a1f7e4df91\"},\"headline\":\"Non ho partecipato alla marcia Perugia-Assisi\",\"datePublished\":\"2014-10-29T11:57:12+00:00\",\"mainEntityOfPage\":{\"@id\":\"https:\/\/www.pressenza.com\/it\/2014\/10\/non-partecipato-marcia-perugia-assisi\/\"},\"wordCount\":769,\"publisher\":{\"@id\":\"https:\/\/www.pressenza.com\/it\/#organization\"},\"image\":{\"@id\":\"https:\/\/www.pressenza.com\/it\/2014\/10\/non-partecipato-marcia-perugia-assisi\/#primaryimage\"},\"thumbnailUrl\":\"http:\/\/www.azionenonviolenta.it\/wp-content\/uploads\/2014\/04\/pasquale-pugliese.jpg\",\"keywords\":[\"Marcia Perugia-Assisi\",\"Movimento Nonviolento\",\"Pasquale Pugliese\",\"Perugia-Assisi\",\"Un\u2019altra difesa \u00e8 possibile\"],\"articleSection\":[\"Comunicati Stampa\",\"Europa\",\"Opinioni\",\"Pace e Disarmo\"],\"inLanguage\":\"it-IT\"},{\"@type\":\"WebPage\",\"@id\":\"https:\/\/www.pressenza.com\/it\/2014\/10\/non-partecipato-marcia-perugia-assisi\/\",\"url\":\"https:\/\/www.pressenza.com\/it\/2014\/10\/non-partecipato-marcia-perugia-assisi\/\",\"name\":\"Non ho partecipato alla marcia Perugia-Assisi\",\"isPartOf\":{\"@id\":\"https:\/\/www.pressenza.com\/it\/#website\"},\"primaryImageOfPage\":{\"@id\":\"https:\/\/www.pressenza.com\/it\/2014\/10\/non-partecipato-marcia-perugia-assisi\/#primaryimage\"},\"image\":{\"@id\":\"https:\/\/www.pressenza.com\/it\/2014\/10\/non-partecipato-marcia-perugia-assisi\/#primaryimage\"},\"thumbnailUrl\":\"http:\/\/www.azionenonviolenta.it\/wp-content\/uploads\/2014\/04\/pasquale-pugliese.jpg\",\"datePublished\":\"2014-10-29T11:57:12+00:00\",\"description\":\"(ma la pace ha bisogno dell\u2019impegno di chi ha marciato) di Pasquale Pugliese Per la prima volta, da quando ho l\u2019et\u00e0 della ragione, quest\u2019anno non ho\",\"breadcrumb\":{\"@id\":\"https:\/\/www.pressenza.com\/it\/2014\/10\/non-partecipato-marcia-perugia-assisi\/#breadcrumb\"},\"inLanguage\":\"it-IT\",\"potentialAction\":[{\"@type\":\"ReadAction\",\"target\":[\"https:\/\/www.pressenza.com\/it\/2014\/10\/non-partecipato-marcia-perugia-assisi\/\"]}]},{\"@type\":\"ImageObject\",\"inLanguage\":\"it-IT\",\"@id\":\"https:\/\/www.pressenza.com\/it\/2014\/10\/non-partecipato-marcia-perugia-assisi\/#primaryimage\",\"url\":\"http:\/\/www.azionenonviolenta.it\/wp-content\/uploads\/2014\/04\/pasquale-pugliese.jpg\",\"contentUrl\":\"http:\/\/www.azionenonviolenta.it\/wp-content\/uploads\/2014\/04\/pasquale-pugliese.jpg\"},{\"@type\":\"BreadcrumbList\",\"@id\":\"https:\/\/www.pressenza.com\/it\/2014\/10\/non-partecipato-marcia-perugia-assisi\/#breadcrumb\",\"itemListElement\":[{\"@type\":\"ListItem\",\"position\":1,\"name\":\"Accueil\",\"item\":\"https:\/\/www.pressenza.com\/it\/\"},{\"@type\":\"ListItem\",\"position\":2,\"name\":\"Non ho partecipato alla marcia Perugia-Assisi\"}]},{\"@type\":\"WebSite\",\"@id\":\"https:\/\/www.pressenza.com\/it\/#website\",\"url\":\"https:\/\/www.pressenza.com\/it\/\",\"name\":\"Pressenza\",\"description\":\"Agenzia di Stampa Internazionale\",\"publisher\":{\"@id\":\"https:\/\/www.pressenza.com\/it\/#organization\"},\"potentialAction\":[{\"@type\":\"SearchAction\",\"target\":{\"@type\":\"EntryPoint\",\"urlTemplate\":\"https:\/\/www.pressenza.com\/it\/?s={search_term_string}\"},\"query-input\":{\"@type\":\"PropertyValueSpecification\",\"valueRequired\":true,\"valueName\":\"search_term_string\"}}],\"inLanguage\":\"it-IT\"},{\"@type\":\"Organization\",\"@id\":\"https:\/\/www.pressenza.com\/it\/#organization\",\"name\":\"Pressenza\",\"url\":\"https:\/\/www.pressenza.com\/it\/\",\"logo\":{\"@type\":\"ImageObject\",\"inLanguage\":\"it-IT\",\"@id\":\"https:\/\/www.pressenza.com\/it\/#\/schema\/logo\/image\/\",\"url\":\"https:\/\/www.pressenza.com\/wp-content\/uploads\/2022\/10\/pressenza_logo_200x200.jpg\",\"contentUrl\":\"https:\/\/www.pressenza.com\/wp-content\/uploads\/2022\/10\/pressenza_logo_200x200.jpg\",\"width\":200,\"height\":200,\"caption\":\"Pressenza\"},\"image\":{\"@id\":\"https:\/\/www.pressenza.com\/it\/#\/schema\/logo\/image\/\"},\"sameAs\":[\"https:\/\/www.facebook.com\/PressenzaItalia\",\"https:\/\/x.com\/PressenzaIPA\"]},{\"@type\":\"Person\",\"@id\":\"https:\/\/www.pressenza.com\/it\/#\/schema\/person\/5c22aa4afc24f8cbe52d85a1f7e4df91\",\"name\":\"Movimento Nonviolento\",\"description\":\"www.nonviolenti.org\",\"url\":\"https:\/\/www.pressenza.com\/it\/author\/movimento-nonviolento\/\"}]}<\/script>\n<!-- \/ Yoast SEO plugin. -->","yoast_head_json":{"title":"Non ho partecipato alla marcia Perugia-Assisi","description":"(ma la pace ha bisogno dell\u2019impegno di chi ha marciato) di Pasquale Pugliese Per la prima volta, da quando ho l\u2019et\u00e0 della ragione, quest\u2019anno non ho","robots":{"index":"index","follow":"follow","max-snippet":"max-snippet:-1","max-image-preview":"max-image-preview:large","max-video-preview":"max-video-preview:-1"},"canonical":"https:\/\/www.pressenza.com\/it\/2014\/10\/non-partecipato-marcia-perugia-assisi\/","og_locale":"it_IT","og_type":"article","og_title":"Non ho partecipato alla marcia Perugia-Assisi","og_description":"(ma la pace ha bisogno dell\u2019impegno di chi ha marciato) di Pasquale Pugliese Per la prima volta, da quando ho l\u2019et\u00e0 della ragione, quest\u2019anno non ho","og_url":"https:\/\/www.pressenza.com\/it\/2014\/10\/non-partecipato-marcia-perugia-assisi\/","og_site_name":"Pressenza","article_publisher":"https:\/\/www.facebook.com\/PressenzaItalia","article_published_time":"2014-10-29T11:57:12+00:00","og_image":[{"url":"http:\/\/www.azionenonviolenta.it\/wp-content\/uploads\/2014\/04\/pasquale-pugliese.jpg","type":"","width":"","height":""}],"author":"Movimento Nonviolento","twitter_card":"summary_large_image","twitter_creator":"@PressenzaIPA","twitter_site":"@PressenzaIPA","twitter_misc":{"Scritto da":"Movimento Nonviolento","Tempo di lettura stimato":"4 minuti"},"schema":{"@context":"https:\/\/schema.org","@graph":[{"@type":"Article","@id":"https:\/\/www.pressenza.com\/it\/2014\/10\/non-partecipato-marcia-perugia-assisi\/#article","isPartOf":{"@id":"https:\/\/www.pressenza.com\/it\/2014\/10\/non-partecipato-marcia-perugia-assisi\/"},"author":{"name":"Movimento Nonviolento","@id":"https:\/\/www.pressenza.com\/it\/#\/schema\/person\/5c22aa4afc24f8cbe52d85a1f7e4df91"},"headline":"Non ho partecipato alla marcia Perugia-Assisi","datePublished":"2014-10-29T11:57:12+00:00","mainEntityOfPage":{"@id":"https:\/\/www.pressenza.com\/it\/2014\/10\/non-partecipato-marcia-perugia-assisi\/"},"wordCount":769,"publisher":{"@id":"https:\/\/www.pressenza.com\/it\/#organization"},"image":{"@id":"https:\/\/www.pressenza.com\/it\/2014\/10\/non-partecipato-marcia-perugia-assisi\/#primaryimage"},"thumbnailUrl":"http:\/\/www.azionenonviolenta.it\/wp-content\/uploads\/2014\/04\/pasquale-pugliese.jpg","keywords":["Marcia Perugia-Assisi","Movimento Nonviolento","Pasquale Pugliese","Perugia-Assisi","Un\u2019altra difesa \u00e8 possibile"],"articleSection":["Comunicati Stampa","Europa","Opinioni","Pace e Disarmo"],"inLanguage":"it-IT"},{"@type":"WebPage","@id":"https:\/\/www.pressenza.com\/it\/2014\/10\/non-partecipato-marcia-perugia-assisi\/","url":"https:\/\/www.pressenza.com\/it\/2014\/10\/non-partecipato-marcia-perugia-assisi\/","name":"Non ho partecipato alla marcia Perugia-Assisi","isPartOf":{"@id":"https:\/\/www.pressenza.com\/it\/#website"},"primaryImageOfPage":{"@id":"https:\/\/www.pressenza.com\/it\/2014\/10\/non-partecipato-marcia-perugia-assisi\/#primaryimage"},"image":{"@id":"https:\/\/www.pressenza.com\/it\/2014\/10\/non-partecipato-marcia-perugia-assisi\/#primaryimage"},"thumbnailUrl":"http:\/\/www.azionenonviolenta.it\/wp-content\/uploads\/2014\/04\/pasquale-pugliese.jpg","datePublished":"2014-10-29T11:57:12+00:00","description":"(ma la pace ha bisogno dell\u2019impegno di chi ha marciato) di Pasquale Pugliese Per la prima volta, da quando ho l\u2019et\u00e0 della ragione, quest\u2019anno non ho","breadcrumb":{"@id":"https:\/\/www.pressenza.com\/it\/2014\/10\/non-partecipato-marcia-perugia-assisi\/#breadcrumb"},"inLanguage":"it-IT","potentialAction":[{"@type":"ReadAction","target":["https:\/\/www.pressenza.com\/it\/2014\/10\/non-partecipato-marcia-perugia-assisi\/"]}]},{"@type":"ImageObject","inLanguage":"it-IT","@id":"https:\/\/www.pressenza.com\/it\/2014\/10\/non-partecipato-marcia-perugia-assisi\/#primaryimage","url":"http:\/\/www.azionenonviolenta.it\/wp-content\/uploads\/2014\/04\/pasquale-pugliese.jpg","contentUrl":"http:\/\/www.azionenonviolenta.it\/wp-content\/uploads\/2014\/04\/pasquale-pugliese.jpg"},{"@type":"BreadcrumbList","@id":"https:\/\/www.pressenza.com\/it\/2014\/10\/non-partecipato-marcia-perugia-assisi\/#breadcrumb","itemListElement":[{"@type":"ListItem","position":1,"name":"Accueil","item":"https:\/\/www.pressenza.com\/it\/"},{"@type":"ListItem","position":2,"name":"Non ho partecipato alla marcia Perugia-Assisi"}]},{"@type":"WebSite","@id":"https:\/\/www.pressenza.com\/it\/#website","url":"https:\/\/www.pressenza.com\/it\/","name":"Pressenza","description":"Agenzia di Stampa Internazionale","publisher":{"@id":"https:\/\/www.pressenza.com\/it\/#organization"},"potentialAction":[{"@type":"SearchAction","target":{"@type":"EntryPoint","urlTemplate":"https:\/\/www.pressenza.com\/it\/?s={search_term_string}"},"query-input":{"@type":"PropertyValueSpecification","valueRequired":true,"valueName":"search_term_string"}}],"inLanguage":"it-IT"},{"@type":"Organization","@id":"https:\/\/www.pressenza.com\/it\/#organization","name":"Pressenza","url":"https:\/\/www.pressenza.com\/it\/","logo":{"@type":"ImageObject","inLanguage":"it-IT","@id":"https:\/\/www.pressenza.com\/it\/#\/schema\/logo\/image\/","url":"https:\/\/www.pressenza.com\/wp-content\/uploads\/2022\/10\/pressenza_logo_200x200.jpg","contentUrl":"https:\/\/www.pressenza.com\/wp-content\/uploads\/2022\/10\/pressenza_logo_200x200.jpg","width":200,"height":200,"caption":"Pressenza"},"image":{"@id":"https:\/\/www.pressenza.com\/it\/#\/schema\/logo\/image\/"},"sameAs":["https:\/\/www.facebook.com\/PressenzaItalia","https:\/\/x.com\/PressenzaIPA"]},{"@type":"Person","@id":"https:\/\/www.pressenza.com\/it\/#\/schema\/person\/5c22aa4afc24f8cbe52d85a1f7e4df91","name":"Movimento Nonviolento","description":"www.nonviolenti.org","url":"https:\/\/www.pressenza.com\/it\/author\/movimento-nonviolento\/"}]}},"place":"","original_article_url":"","_links":{"self":[{"href":"https:\/\/www.pressenza.com\/it\/wp-json\/wp\/v2\/posts\/144019","targetHints":{"allow":["GET"]}}],"collection":[{"href":"https:\/\/www.pressenza.com\/it\/wp-json\/wp\/v2\/posts"}],"about":[{"href":"https:\/\/www.pressenza.com\/it\/wp-json\/wp\/v2\/types\/post"}],"author":[{"embeddable":true,"href":"https:\/\/www.pressenza.com\/it\/wp-json\/wp\/v2\/users\/600"}],"replies":[{"embeddable":true,"href":"https:\/\/www.pressenza.com\/it\/wp-json\/wp\/v2\/comments?post=144019"}],"version-history":[{"count":0,"href":"https:\/\/www.pressenza.com\/it\/wp-json\/wp\/v2\/posts\/144019\/revisions"}],"wp:attachment":[{"href":"https:\/\/www.pressenza.com\/it\/wp-json\/wp\/v2\/media?parent=144019"}],"wp:term":[{"taxonomy":"category","embeddable":true,"href":"https:\/\/www.pressenza.com\/it\/wp-json\/wp\/v2\/categories?post=144019"},{"taxonomy":"post_tag","embeddable":true,"href":"https:\/\/www.pressenza.com\/it\/wp-json\/wp\/v2\/tags?post=144019"}],"curies":[{"name":"wp","href":"https:\/\/api.w.org\/{rel}","templated":true}]}}