{"id":1439949,"date":"2021-09-29T23:33:51","date_gmt":"2021-09-29T22:33:51","guid":{"rendered":"https:\/\/www.pressenza.com\/?p=1439949"},"modified":"2021-09-29T23:33:51","modified_gmt":"2021-09-29T22:33:51","slug":"maria-adelaide-dopo-unattesa-di-9-mesi-i-vertici-della-regione-partoriscono-un-topolino","status":"publish","type":"post","link":"https:\/\/www.pressenza.com\/it\/2021\/09\/maria-adelaide-dopo-unattesa-di-9-mesi-i-vertici-della-regione-partoriscono-un-topolino\/","title":{"rendered":"Maria Adelaide: dopo un&#8217;attesa di 9 mesi, i vertici della Regione partoriscono un topolino"},"content":{"rendered":"<p><span style=\"font-size: large;\">Il 1\u00b0 luglio scorso, la nostra occupazione dei locali dell\u2019Assessorato \u00a0alla Sanit\u00e0 della Regione aveva aperto uno spiraglio sul futuro del Maria Adelaide. Per discuterne era stato fissato un incontro per il 28 settembre ore 10,30.\u00a0 Sostenuta da un vivace presidio esterno, la nostra delegazione ha incontrato i vertici della sanit\u00e0 piemontese i quali, \u00a0dopo ben 9 mesi di attesa dalla nostra prima richiesta di incontro, hanno partorito il solito topolino.<\/p>\n<p>Il dott. La Valle, Direttore dell\u2019 AOU Citt\u00e0 della Salute, proprietaria del Maria Adelaide, ci ha informat* che \u00e8 allo studio un progetto di sdoppiamento del Maria Adelaide: in parte studentato\/in parte struttura sanitaria e di riabilitazione, vista la disponibilit\u00e0 di locali ed attrezzature ancora nuove.<\/p>\n<p>Esattamente la mediazione offerta alla Lega dal PD e alleati della Circoscrizione 7, rivelata da La Stampa del 15 agosto scorso.<br \/>\nNon \u00e8 questa la proposta sottoscritta da migliaia di abitanti e lavoratori di Aurora Rossini Vanchiglietta contenuta nel progetto \u201cRiapriamo il Maria Adelaide\u201d che prefigura una \u00a0nuova e moderna struttura sanitaria di territorio, analoga al Progetto ANAAO \u2013 Sindacato dei Medici Ospedalieri del Piemonte, conforme alla legislazione italiana e ai rigorosi criteri europei del PNRR, e sostenuta dall\u2019Ordine del Medici della Provincia di Torino e dal sindacato degli Infermieri Nursind.<br \/>\nProgetto che il PD non prende pi\u00f9 in considerazione, rinnegando \u00a0non solo gli impegni assunti ancora di recente ma pretendendo di rappresentare anche un movimento che non si riconosce affatto nelle sue proposte, perch\u00e9<\/span><\/p>\n<ul>\n<li><span style=\"font-size: large;\">sono incompatibili con l\u2019obiettivo di restituire il Maria Adelaide alle funzioni sanitarie\u00a0 e \u00a0sociali di prevenzione e cura necessarie ai 90 000 abitanti e lavoratori di Aurora Rossini \u00a0Vanchiglietta,<\/span><\/li>\n<li><span style=\"font-size: large;\">Favoriscono il lucro e la speculazione privata sull\u2019edilizia abitativa universitaria \u00a0e sulla sanit\u00e0 pubblica e accessibile a tutt*.<\/span><\/li>\n<\/ul>\n<p><span style=\"font-size: large;\">Di fronte alle nostre contestazioni e proposte alternative, il Direttore regionale della Sanit\u00e0 Dr. Minola si \u00e8 dichiarato disponibile a una verifica e si \u00e8 impegnato ad un nuovo incontro prima del 31 ottobre, \u00a0scadenza dell\u2019invio al Governo del Progetto PNRR Sanit\u00e0 Piemonte. La data da confermare \u00e8 il 27 ottobre, ore 14,30.<\/p>\n<p>Respingiamo la mediazione al ribasso offerta dal PD alla Lega sul futuro del Maria Adelaide. Sosteniamo invece il Progetto della sua trasformazione in struttura sanitaria moderna ed efficiente, elaborato da medici, infermieri, tecnici sanitari, abitanti e studenti che vivono, studiano e lavorano nei quartieri Aurora Rossini Vanchiglietta di Torino, scaricabile qui: <a href=\"http:\/\/bit.ly\/3ltQYdW\" target=\"_blank\" rel=\"noopener\">http:\/\/bit.ly\/3ltQYdW<\/a><br \/>\nPer discutere e decidere nuove iniziative \u00a0l\u2019Assemblea si riunisce gioved\u00ec 30 settembre ore 18 \u00a0presso \u00a0Manituana &#8211; Largo Maurizio Vitale 113, 10152 Torino<\/span><\/p>\n<p style=\"text-align: right;\"><em><span style=\"font-size: large;\">Assemblea permanente Riapriamo il Maria Adelaide<\/span><\/em><\/p>\n","protected":false},"excerpt":{"rendered":"<p>Il 1\u00b0 luglio scorso, la nostra occupazione dei locali dell\u2019Assessorato \u00a0alla Sanit\u00e0 della Regione aveva aperto uno spiraglio sul futuro del Maria Adelaide. Per discuterne era stato fissato un incontro per il 28 settembre ore 10,30.\u00a0 Sostenuta da un vivace&hellip;<\/p>\n","protected":false},"author":1640,"featured_media":1367926,"comment_status":"closed","ping_status":"closed","sticky":false,"template":"","format":"standard","meta":{"footnotes":""},"categories":[150,47,1259],"tags":[88479,3226],"class_list":["post-1439949","post","type-post","status-publish","format-standard","has-post-thumbnail","hentry","category-comunicati-stampa","category-europa","category-salute-argomento","tag-assemblea-riapriamo-il-maria-adelaide","tag-torino"],"yoast_head":"<!-- This site is optimized with the Yoast SEO plugin v27.1.1 - https:\/\/yoast.com\/product\/yoast-seo-wordpress\/ -->\n<title>Maria Adelaide: dopo un&#039;attesa di 9 mesi, i vertici della Regione partoriscono un topolino<\/title>\n<meta name=\"description\" content=\"Il 1\u00b0 luglio scorso, la nostra occupazione dei locali dell\u2019Assessorato \u00a0alla Sanit\u00e0 della Regione aveva aperto uno spiraglio sul futuro del Maria\" \/>\n<meta name=\"robots\" content=\"index, follow, max-snippet:-1, max-image-preview:large, max-video-preview:-1\" \/>\n<link rel=\"canonical\" href=\"https:\/\/www.pressenza.com\/it\/2021\/09\/maria-adelaide-dopo-unattesa-di-9-mesi-i-vertici-della-regione-partoriscono-un-topolino\/\" \/>\n<meta property=\"og:locale\" content=\"it_IT\" \/>\n<meta property=\"og:type\" content=\"article\" \/>\n<meta property=\"og:title\" content=\"Maria Adelaide: dopo un&#039;attesa di 9 mesi, i vertici della Regione partoriscono un topolino\" \/>\n<meta property=\"og:description\" content=\"Il 1\u00b0 luglio scorso, la nostra occupazione dei locali dell\u2019Assessorato \u00a0alla Sanit\u00e0 della Regione aveva aperto uno spiraglio sul futuro del Maria\" \/>\n<meta property=\"og:url\" content=\"https:\/\/www.pressenza.com\/it\/2021\/09\/maria-adelaide-dopo-unattesa-di-9-mesi-i-vertici-della-regione-partoriscono-un-topolino\/\" \/>\n<meta property=\"og:site_name\" content=\"Pressenza\" \/>\n<meta property=\"article:publisher\" content=\"https:\/\/www.facebook.com\/PressenzaItalia\" \/>\n<meta property=\"article:published_time\" content=\"2021-09-29T22:33:51+00:00\" \/>\n<meta property=\"og:image\" content=\"https:\/\/www.pressenza.com\/wp-content\/uploads\/2021\/05\/MariaAdelaide20210523__9.jpg\" \/>\n\t<meta property=\"og:image:width\" content=\"1200\" \/>\n\t<meta property=\"og:image:height\" content=\"900\" \/>\n\t<meta property=\"og:image:type\" content=\"image\/jpeg\" \/>\n<meta name=\"author\" content=\"Redazione Torino\" \/>\n<meta name=\"twitter:card\" content=\"summary_large_image\" \/>\n<meta name=\"twitter:creator\" content=\"@PressenzaIPA\" \/>\n<meta name=\"twitter:site\" content=\"@PressenzaIPA\" \/>\n<meta name=\"twitter:label1\" content=\"Scritto da\" \/>\n\t<meta name=\"twitter:data1\" content=\"Redazione Torino\" \/>\n\t<meta name=\"twitter:label2\" content=\"Tempo di lettura stimato\" \/>\n\t<meta name=\"twitter:data2\" content=\"2 minuti\" \/>\n<script type=\"application\/ld+json\" class=\"yoast-schema-graph\">{\"@context\":\"https:\/\/schema.org\",\"@graph\":[{\"@type\":\"Article\",\"@id\":\"https:\/\/www.pressenza.com\/it\/2021\/09\/maria-adelaide-dopo-unattesa-di-9-mesi-i-vertici-della-regione-partoriscono-un-topolino\/#article\",\"isPartOf\":{\"@id\":\"https:\/\/www.pressenza.com\/it\/2021\/09\/maria-adelaide-dopo-unattesa-di-9-mesi-i-vertici-della-regione-partoriscono-un-topolino\/\"},\"author\":{\"name\":\"Redazione Torino\",\"@id\":\"https:\/\/www.pressenza.com\/it\/#\/schema\/person\/da0d4ca096515102c096dbbc39d69593\"},\"headline\":\"Maria Adelaide: dopo un&#8217;attesa di 9 mesi, i vertici della Regione partoriscono un topolino\",\"datePublished\":\"2021-09-29T22:33:51+00:00\",\"mainEntityOfPage\":{\"@id\":\"https:\/\/www.pressenza.com\/it\/2021\/09\/maria-adelaide-dopo-unattesa-di-9-mesi-i-vertici-della-regione-partoriscono-un-topolino\/\"},\"wordCount\":426,\"publisher\":{\"@id\":\"https:\/\/www.pressenza.com\/it\/#organization\"},\"image\":{\"@id\":\"https:\/\/www.pressenza.com\/it\/2021\/09\/maria-adelaide-dopo-unattesa-di-9-mesi-i-vertici-della-regione-partoriscono-un-topolino\/#primaryimage\"},\"thumbnailUrl\":\"https:\/\/www.pressenza.com\/wp-content\/uploads\/2021\/05\/MariaAdelaide20210523__9.jpg\",\"keywords\":[\"assemblea riapriamo il Maria Adelaide\",\"Torino\"],\"articleSection\":[\"Comunicati Stampa\",\"Europa\",\"Salute\"],\"inLanguage\":\"it-IT\"},{\"@type\":\"WebPage\",\"@id\":\"https:\/\/www.pressenza.com\/it\/2021\/09\/maria-adelaide-dopo-unattesa-di-9-mesi-i-vertici-della-regione-partoriscono-un-topolino\/\",\"url\":\"https:\/\/www.pressenza.com\/it\/2021\/09\/maria-adelaide-dopo-unattesa-di-9-mesi-i-vertici-della-regione-partoriscono-un-topolino\/\",\"name\":\"Maria Adelaide: dopo un'attesa di 9 mesi, i vertici della Regione partoriscono un topolino\",\"isPartOf\":{\"@id\":\"https:\/\/www.pressenza.com\/it\/#website\"},\"primaryImageOfPage\":{\"@id\":\"https:\/\/www.pressenza.com\/it\/2021\/09\/maria-adelaide-dopo-unattesa-di-9-mesi-i-vertici-della-regione-partoriscono-un-topolino\/#primaryimage\"},\"image\":{\"@id\":\"https:\/\/www.pressenza.com\/it\/2021\/09\/maria-adelaide-dopo-unattesa-di-9-mesi-i-vertici-della-regione-partoriscono-un-topolino\/#primaryimage\"},\"thumbnailUrl\":\"https:\/\/www.pressenza.com\/wp-content\/uploads\/2021\/05\/MariaAdelaide20210523__9.jpg\",\"datePublished\":\"2021-09-29T22:33:51+00:00\",\"description\":\"Il 1\u00b0 luglio scorso, la nostra occupazione dei locali dell\u2019Assessorato \u00a0alla Sanit\u00e0 della Regione aveva aperto uno spiraglio sul futuro del Maria\",\"breadcrumb\":{\"@id\":\"https:\/\/www.pressenza.com\/it\/2021\/09\/maria-adelaide-dopo-unattesa-di-9-mesi-i-vertici-della-regione-partoriscono-un-topolino\/#breadcrumb\"},\"inLanguage\":\"it-IT\",\"potentialAction\":[{\"@type\":\"ReadAction\",\"target\":[\"https:\/\/www.pressenza.com\/it\/2021\/09\/maria-adelaide-dopo-unattesa-di-9-mesi-i-vertici-della-regione-partoriscono-un-topolino\/\"]}]},{\"@type\":\"ImageObject\",\"inLanguage\":\"it-IT\",\"@id\":\"https:\/\/www.pressenza.com\/it\/2021\/09\/maria-adelaide-dopo-unattesa-di-9-mesi-i-vertici-della-regione-partoriscono-un-topolino\/#primaryimage\",\"url\":\"https:\/\/www.pressenza.com\/wp-content\/uploads\/2021\/05\/MariaAdelaide20210523__9.jpg\",\"contentUrl\":\"https:\/\/www.pressenza.com\/wp-content\/uploads\/2021\/05\/MariaAdelaide20210523__9.jpg\",\"width\":1200,\"height\":900},{\"@type\":\"BreadcrumbList\",\"@id\":\"https:\/\/www.pressenza.com\/it\/2021\/09\/maria-adelaide-dopo-unattesa-di-9-mesi-i-vertici-della-regione-partoriscono-un-topolino\/#breadcrumb\",\"itemListElement\":[{\"@type\":\"ListItem\",\"position\":1,\"name\":\"Accueil\",\"item\":\"https:\/\/www.pressenza.com\/it\/\"},{\"@type\":\"ListItem\",\"position\":2,\"name\":\"Maria Adelaide: dopo un&#8217;attesa di 9 mesi, i vertici della Regione partoriscono un topolino\"}]},{\"@type\":\"WebSite\",\"@id\":\"https:\/\/www.pressenza.com\/it\/#website\",\"url\":\"https:\/\/www.pressenza.com\/it\/\",\"name\":\"Pressenza\",\"description\":\"Agenzia di Stampa Internazionale\",\"publisher\":{\"@id\":\"https:\/\/www.pressenza.com\/it\/#organization\"},\"potentialAction\":[{\"@type\":\"SearchAction\",\"target\":{\"@type\":\"EntryPoint\",\"urlTemplate\":\"https:\/\/www.pressenza.com\/it\/?s={search_term_string}\"},\"query-input\":{\"@type\":\"PropertyValueSpecification\",\"valueRequired\":true,\"valueName\":\"search_term_string\"}}],\"inLanguage\":\"it-IT\"},{\"@type\":\"Organization\",\"@id\":\"https:\/\/www.pressenza.com\/it\/#organization\",\"name\":\"Pressenza\",\"url\":\"https:\/\/www.pressenza.com\/it\/\",\"logo\":{\"@type\":\"ImageObject\",\"inLanguage\":\"it-IT\",\"@id\":\"https:\/\/www.pressenza.com\/it\/#\/schema\/logo\/image\/\",\"url\":\"https:\/\/www.pressenza.com\/wp-content\/uploads\/2022\/10\/pressenza_logo_200x200.jpg\",\"contentUrl\":\"https:\/\/www.pressenza.com\/wp-content\/uploads\/2022\/10\/pressenza_logo_200x200.jpg\",\"width\":200,\"height\":200,\"caption\":\"Pressenza\"},\"image\":{\"@id\":\"https:\/\/www.pressenza.com\/it\/#\/schema\/logo\/image\/\"},\"sameAs\":[\"https:\/\/www.facebook.com\/PressenzaItalia\",\"https:\/\/x.com\/PressenzaIPA\"]},{\"@type\":\"Person\",\"@id\":\"https:\/\/www.pressenza.com\/it\/#\/schema\/person\/da0d4ca096515102c096dbbc39d69593\",\"name\":\"Redazione Torino\",\"description\":\"News from the Pressenza Bureau in Turin, Italy redazione.torino@pressenza.com\",\"url\":\"https:\/\/www.pressenza.com\/it\/author\/redazione-torino\/\"}]}<\/script>\n<!-- \/ Yoast SEO plugin. -->","yoast_head_json":{"title":"Maria Adelaide: dopo un'attesa di 9 mesi, i vertici della Regione partoriscono un topolino","description":"Il 1\u00b0 luglio scorso, la nostra occupazione dei locali dell\u2019Assessorato \u00a0alla Sanit\u00e0 della Regione aveva aperto uno spiraglio sul futuro del Maria","robots":{"index":"index","follow":"follow","max-snippet":"max-snippet:-1","max-image-preview":"max-image-preview:large","max-video-preview":"max-video-preview:-1"},"canonical":"https:\/\/www.pressenza.com\/it\/2021\/09\/maria-adelaide-dopo-unattesa-di-9-mesi-i-vertici-della-regione-partoriscono-un-topolino\/","og_locale":"it_IT","og_type":"article","og_title":"Maria Adelaide: dopo un'attesa di 9 mesi, i vertici della Regione partoriscono un topolino","og_description":"Il 1\u00b0 luglio scorso, la nostra occupazione dei locali dell\u2019Assessorato \u00a0alla Sanit\u00e0 della Regione aveva aperto uno spiraglio sul futuro del Maria","og_url":"https:\/\/www.pressenza.com\/it\/2021\/09\/maria-adelaide-dopo-unattesa-di-9-mesi-i-vertici-della-regione-partoriscono-un-topolino\/","og_site_name":"Pressenza","article_publisher":"https:\/\/www.facebook.com\/PressenzaItalia","article_published_time":"2021-09-29T22:33:51+00:00","og_image":[{"width":1200,"height":900,"url":"https:\/\/www.pressenza.com\/wp-content\/uploads\/2021\/05\/MariaAdelaide20210523__9.jpg","type":"image\/jpeg"}],"author":"Redazione Torino","twitter_card":"summary_large_image","twitter_creator":"@PressenzaIPA","twitter_site":"@PressenzaIPA","twitter_misc":{"Scritto da":"Redazione Torino","Tempo di lettura stimato":"2 minuti"},"schema":{"@context":"https:\/\/schema.org","@graph":[{"@type":"Article","@id":"https:\/\/www.pressenza.com\/it\/2021\/09\/maria-adelaide-dopo-unattesa-di-9-mesi-i-vertici-della-regione-partoriscono-un-topolino\/#article","isPartOf":{"@id":"https:\/\/www.pressenza.com\/it\/2021\/09\/maria-adelaide-dopo-unattesa-di-9-mesi-i-vertici-della-regione-partoriscono-un-topolino\/"},"author":{"name":"Redazione Torino","@id":"https:\/\/www.pressenza.com\/it\/#\/schema\/person\/da0d4ca096515102c096dbbc39d69593"},"headline":"Maria Adelaide: dopo un&#8217;attesa di 9 mesi, i vertici della Regione partoriscono un topolino","datePublished":"2021-09-29T22:33:51+00:00","mainEntityOfPage":{"@id":"https:\/\/www.pressenza.com\/it\/2021\/09\/maria-adelaide-dopo-unattesa-di-9-mesi-i-vertici-della-regione-partoriscono-un-topolino\/"},"wordCount":426,"publisher":{"@id":"https:\/\/www.pressenza.com\/it\/#organization"},"image":{"@id":"https:\/\/www.pressenza.com\/it\/2021\/09\/maria-adelaide-dopo-unattesa-di-9-mesi-i-vertici-della-regione-partoriscono-un-topolino\/#primaryimage"},"thumbnailUrl":"https:\/\/www.pressenza.com\/wp-content\/uploads\/2021\/05\/MariaAdelaide20210523__9.jpg","keywords":["assemblea riapriamo il Maria Adelaide","Torino"],"articleSection":["Comunicati Stampa","Europa","Salute"],"inLanguage":"it-IT"},{"@type":"WebPage","@id":"https:\/\/www.pressenza.com\/it\/2021\/09\/maria-adelaide-dopo-unattesa-di-9-mesi-i-vertici-della-regione-partoriscono-un-topolino\/","url":"https:\/\/www.pressenza.com\/it\/2021\/09\/maria-adelaide-dopo-unattesa-di-9-mesi-i-vertici-della-regione-partoriscono-un-topolino\/","name":"Maria Adelaide: dopo un'attesa di 9 mesi, i vertici della Regione partoriscono un topolino","isPartOf":{"@id":"https:\/\/www.pressenza.com\/it\/#website"},"primaryImageOfPage":{"@id":"https:\/\/www.pressenza.com\/it\/2021\/09\/maria-adelaide-dopo-unattesa-di-9-mesi-i-vertici-della-regione-partoriscono-un-topolino\/#primaryimage"},"image":{"@id":"https:\/\/www.pressenza.com\/it\/2021\/09\/maria-adelaide-dopo-unattesa-di-9-mesi-i-vertici-della-regione-partoriscono-un-topolino\/#primaryimage"},"thumbnailUrl":"https:\/\/www.pressenza.com\/wp-content\/uploads\/2021\/05\/MariaAdelaide20210523__9.jpg","datePublished":"2021-09-29T22:33:51+00:00","description":"Il 1\u00b0 luglio scorso, la nostra occupazione dei locali dell\u2019Assessorato \u00a0alla Sanit\u00e0 della Regione aveva aperto uno spiraglio sul futuro del Maria","breadcrumb":{"@id":"https:\/\/www.pressenza.com\/it\/2021\/09\/maria-adelaide-dopo-unattesa-di-9-mesi-i-vertici-della-regione-partoriscono-un-topolino\/#breadcrumb"},"inLanguage":"it-IT","potentialAction":[{"@type":"ReadAction","target":["https:\/\/www.pressenza.com\/it\/2021\/09\/maria-adelaide-dopo-unattesa-di-9-mesi-i-vertici-della-regione-partoriscono-un-topolino\/"]}]},{"@type":"ImageObject","inLanguage":"it-IT","@id":"https:\/\/www.pressenza.com\/it\/2021\/09\/maria-adelaide-dopo-unattesa-di-9-mesi-i-vertici-della-regione-partoriscono-un-topolino\/#primaryimage","url":"https:\/\/www.pressenza.com\/wp-content\/uploads\/2021\/05\/MariaAdelaide20210523__9.jpg","contentUrl":"https:\/\/www.pressenza.com\/wp-content\/uploads\/2021\/05\/MariaAdelaide20210523__9.jpg","width":1200,"height":900},{"@type":"BreadcrumbList","@id":"https:\/\/www.pressenza.com\/it\/2021\/09\/maria-adelaide-dopo-unattesa-di-9-mesi-i-vertici-della-regione-partoriscono-un-topolino\/#breadcrumb","itemListElement":[{"@type":"ListItem","position":1,"name":"Accueil","item":"https:\/\/www.pressenza.com\/it\/"},{"@type":"ListItem","position":2,"name":"Maria Adelaide: dopo un&#8217;attesa di 9 mesi, i vertici della Regione partoriscono un topolino"}]},{"@type":"WebSite","@id":"https:\/\/www.pressenza.com\/it\/#website","url":"https:\/\/www.pressenza.com\/it\/","name":"Pressenza","description":"Agenzia di Stampa Internazionale","publisher":{"@id":"https:\/\/www.pressenza.com\/it\/#organization"},"potentialAction":[{"@type":"SearchAction","target":{"@type":"EntryPoint","urlTemplate":"https:\/\/www.pressenza.com\/it\/?s={search_term_string}"},"query-input":{"@type":"PropertyValueSpecification","valueRequired":true,"valueName":"search_term_string"}}],"inLanguage":"it-IT"},{"@type":"Organization","@id":"https:\/\/www.pressenza.com\/it\/#organization","name":"Pressenza","url":"https:\/\/www.pressenza.com\/it\/","logo":{"@type":"ImageObject","inLanguage":"it-IT","@id":"https:\/\/www.pressenza.com\/it\/#\/schema\/logo\/image\/","url":"https:\/\/www.pressenza.com\/wp-content\/uploads\/2022\/10\/pressenza_logo_200x200.jpg","contentUrl":"https:\/\/www.pressenza.com\/wp-content\/uploads\/2022\/10\/pressenza_logo_200x200.jpg","width":200,"height":200,"caption":"Pressenza"},"image":{"@id":"https:\/\/www.pressenza.com\/it\/#\/schema\/logo\/image\/"},"sameAs":["https:\/\/www.facebook.com\/PressenzaItalia","https:\/\/x.com\/PressenzaIPA"]},{"@type":"Person","@id":"https:\/\/www.pressenza.com\/it\/#\/schema\/person\/da0d4ca096515102c096dbbc39d69593","name":"Redazione Torino","description":"News from the Pressenza Bureau in Turin, Italy redazione.torino@pressenza.com","url":"https:\/\/www.pressenza.com\/it\/author\/redazione-torino\/"}]}},"place":"Torino","original_article_url":"","_links":{"self":[{"href":"https:\/\/www.pressenza.com\/it\/wp-json\/wp\/v2\/posts\/1439949","targetHints":{"allow":["GET"]}}],"collection":[{"href":"https:\/\/www.pressenza.com\/it\/wp-json\/wp\/v2\/posts"}],"about":[{"href":"https:\/\/www.pressenza.com\/it\/wp-json\/wp\/v2\/types\/post"}],"author":[{"embeddable":true,"href":"https:\/\/www.pressenza.com\/it\/wp-json\/wp\/v2\/users\/1640"}],"replies":[{"embeddable":true,"href":"https:\/\/www.pressenza.com\/it\/wp-json\/wp\/v2\/comments?post=1439949"}],"version-history":[{"count":0,"href":"https:\/\/www.pressenza.com\/it\/wp-json\/wp\/v2\/posts\/1439949\/revisions"}],"wp:featuredmedia":[{"embeddable":true,"href":"https:\/\/www.pressenza.com\/it\/wp-json\/wp\/v2\/media\/1367926"}],"wp:attachment":[{"href":"https:\/\/www.pressenza.com\/it\/wp-json\/wp\/v2\/media?parent=1439949"}],"wp:term":[{"taxonomy":"category","embeddable":true,"href":"https:\/\/www.pressenza.com\/it\/wp-json\/wp\/v2\/categories?post=1439949"},{"taxonomy":"post_tag","embeddable":true,"href":"https:\/\/www.pressenza.com\/it\/wp-json\/wp\/v2\/tags?post=1439949"}],"curies":[{"name":"wp","href":"https:\/\/api.w.org\/{rel}","templated":true}]}}