{"id":1434979,"date":"2021-09-23T19:17:33","date_gmt":"2021-09-23T18:17:33","guid":{"rendered":"https:\/\/www.pressenza.com\/?p=1434979"},"modified":"2021-09-23T19:21:53","modified_gmt":"2021-09-23T18:21:53","slug":"come-rendere-esigibile-il-diritto-allacqua","status":"publish","type":"post","link":"https:\/\/www.pressenza.com\/it\/2021\/09\/come-rendere-esigibile-il-diritto-allacqua\/","title":{"rendered":"Come rendere esigibile il diritto all\u2019acqua?"},"content":{"rendered":"<p><strong>24 settembre 2021, ore 14 &#8211; 20<\/strong><\/p>\n<p><strong>Workshop on line<\/strong> <strong>p<\/strong><strong>romosso da:<\/strong><\/p>\n<p>Associazione Laudato si\u2019 &#8211; Un\u2019alleanza per il clima, la Terra e la giustizia sociale<\/p>\n<p>Fondazione Casa della Carit\u00e0 \u201cA. Abriani\u201d<\/p>\n<p>CeVI \u2013\u00a0Centro di Volontariato Internazionale<\/p>\n<p>Climate Social Forum<\/p>\n<p>Comitato Milanese Acquapubblica<\/p>\n<p>Costituzione Beni Comuni<\/p>\n<p>Forum Italiano dei Movimenti per l\u2019Acqua<\/p>\n<p>Societ\u00e0 della Cura<\/p>\n<p>L\u2019evento \u00e8 inserito nel calendario ufficiale di\u00a0<em>All4Climate-Italy 2021<\/em>, un\u2019iniziativa del Ministero per la Transizione ecologica e del\u00a0Programma di comunicazione sui cambiamenti climatici\u00a0<em>Connect4Climate<\/em>\u00a0della Banca Mondiale, in vista della 26\u00b0 Conferenza delle Parti (COP26) della Convenzione ONU sul Cambiamento Climatico che si terr\u00e0 a Glasgow nel novembre 2021.<\/p>\n<p><strong>Programma<\/strong><\/p>\n<p><u>Saluti<\/u>: ore 14<\/p>\n<p>Don Virginio Colmegna (Casa della carit\u00e0)<\/p>\n<p><u>Introduzione<\/u>: ore 14.10<\/p>\n<p>Daniela Padoan (Associazione Laudato si\u2019)<\/p>\n<p><u>Prima sessione:<\/u>\u00a0ore 14.20 \u2013 15.40<\/p>\n<p><strong>Sistemi energetici e ricadute sull\u2019acqua: la tutela di\u00a0un bene comune nella \u201ctransizione ecologica\u201d<\/strong><\/p>\n<p>Coordina: Erica Rodari (Comitato Milanese Acquapubblica)<\/p>\n<p><u>Interventi d<\/u>i:<\/p>\n<p>Emilio Molinari (Forum Italiano dei Movimenti per l\u2019Acqua)<\/p>\n<p>Mario Agostinelli (Associazione Laudato si\u2019)<\/p>\n<p>Roberta Turi (FIOM Milano)<\/p>\n<p>Renato Di Nicola (Campagna per il clima, fuori dal fossile \u2013 Forum\u00a0Italiano\u00a0Movimenti per l\u2019Acqua)<\/p>\n<p>Gianni Tamino (biologo)<\/p>\n<p><u>Seconda sessione:<\/u>\u00a0ore 15.40 \u2013 17<\/p>\n<p><strong>Le donne dell\u2019Acqua: dalle lotte sui territori alle reti di tutela dell\u2019acqua bene comune<\/strong><\/p>\n<p>Coordina<em>\u00a0<\/em>Simona Sambati (Casa della carit\u00e0)<\/p>\n<p><u>Interventi di:<\/u><\/p>\n<p>Maude Barlow (Blue Communities, Canada)<\/p>\n<p>Adriana Marquisio (Plataforma de Acuerdos P\u00fablico Comunitarios de las Americas)<\/p>\n<p>Dorothea H\u00e4rlin\u00a0(Portavoce del movimento Berliner Wassertisch)<\/p>\n<p>Dacia Maraini (scrittrice)<\/p>\n<p><u>Terza sessione:<\/u>\u00a0ore 17 \u2013 18.20<\/p>\n<p><strong>Acqua come diritto umano e del vivente<\/strong><\/p>\n<p>Coordina Guido Viale (Associazione Laudato si\u2019)<\/p>\n<p><u>Interventi di:<\/u><\/p>\n<p>Raffaella Bolini (Societ\u00e0 della cura,\u00a0Di\u00e1logo\u00a0Global)<\/p>\n<p>Vittorio Agnoletto (Costituzione Beni Comuni)<\/p>\n<p>Leila Belhadj (Giovani e Palestina)<\/p>\n<p>Gianni Tognoni (Tribunale dei Popoli)<\/p>\n<p>Oscar Olivera (coordinatore Fundacion Abril, Bolivia)<\/p>\n<p><u>Quarta sessione:<\/u>\u00a0ore 18.20 \u2013 19.40<\/p>\n<p><strong>Come rendere esigibile il diritto all\u2019acqua? Apriamo un confronto<\/strong><\/p>\n<p>Coordina Marco Iob (CeVI e\u00a0Comitato Italiano Contratto Mondiale dell\u2019Acqua)<\/p>\n<p><u>Interventi di:<\/u><\/p>\n<p>Paolo Carsetti (Forum Italiano Movimenti per l\u2019Acqua)<\/p>\n<p>Marco Manunta\u00a0(magistrato,\u00a0estensore Legge di iniziativa\u00a0popolare per la tutela, il governo e la gestione pubblica delle acque)<\/p>\n<p>Monsignor Luis Infanti della Mora (Vescovo di\u00a0Ays\u00e9n, Patagonia cilena)<\/p>\n<p>Maude Barlow (Blue Communities, Canada)<\/p>\n<p>Pedro Arrojo (Relatore speciale dell\u2019ONU sui diritti umani all&#8217;acqua potabile e ai servizi igienico-sanitari)<\/p>\n<p><u>Conclusioni<\/u>: ore 19.40<\/p>\n<p>Emilio Molinari<\/p>\n<p><strong>Testo di presentazione della giornata<\/strong><\/p>\n<p>Il\u00a0diritto all&#8217;acqua\u00a0\u00e8 un\u2019estensione del diritto alla vita sancito dalla\u00a0Dichiarazione universale dei diritti umani, eppure \u00e8 forse il pi\u00f9 violato tra i diritti. Per questo, unendoci tra molte associazioni, abbiamo voluto dedicare un workshop all\u2019acqua, invitando relatrici e relatori che parleranno da diverse parti del mondo, in qualit\u00e0 di testimoni e ispiratori di lotte straordinarie, come quella boliviana e delle Citt\u00e0 Blu, o di rappresentanti di istituzioni a cui guarda il mondo intero, come l\u2019Onu, o di movimenti che hanno tracciato un pezzo di storia dell\u2019acqua bene comune.<\/p>\n<p>L\u2019obiettivo \u00e8 confrontarci su come rendere davvero esigibile il diritto all\u2019acqua, immaginando un percorso condiviso che sappia opporsi alla mercificazione globale di questo bene prezioso ed esauribile.<\/p>\n<p>Ma sappiamo che\u00a0l\u2019acqua\u00a0non \u00e8 solo risorsa: \u00e8 bellezza, gratuit\u00e0, pace, politica \u2013 e forse pi\u00f9 di ogni altro, sono le donne a poterlo raccontare.\u00a0E sappiamo che l\u2019acqua non \u00e8 solo un diritto umano: \u00e8 un diritto del vivente, la cui violazione configura il crimine di ecocidio.<\/p>\n<p>Come tutto questo pu\u00f2 rientrare nelle politiche energetiche e nella \u201ctransizione ecologica\u201d? Come possiamo mettere in campo\u00a0una nuova politica, territorio per territorio, che, tenendo conto del ciclo dell\u2019acqua e della sua cura e conservazione, adotti l\u2019ecologia integrale a fondamento della riconversione?<\/p>\n<p>La crisi idrica, non diversamente dalla pandemia, ci ha mostrato una verit\u00e0 scomoda: non basta produrre e consumare in modo diverso.\u00a0Una parte del mondo produce troppo, consuma troppo, scarta troppo, causando ingiustizia e devastazione. La rivoluzione sta in un ritrovato senso del limite e nella volont\u00e0 di riparare i legami tra gli esseri umani, e con il mondo che li (ci) ospita.<\/p>\n<p>Abbiamo voluto che il workshop fosse inserito<strong>\u00a0<\/strong>nell\u2019agenda ufficiale degli incontri\u00a0che il Ministero della Transizione Ecologica (MITE) ospita a Milano nei giorni degli eventi pre-COP26, per poter ricordare ai decisori politici ci\u00f2 che\u00a0papa Francesco ha scritto nell\u2019enciclica Laudato Si\u2019, sia a proposito delle ingiustizie (\u201c<em>Questo mondo ha un debito sociale verso i poveri che non hanno accesso all\u2019acqua potabile, perch\u00e9 ci\u00f2 significa negare ad essi il diritto alla vita radicato nella loro inalienabile dignit\u00e0<\/em>\u201d) sia a proposito del nostro essere pienamente natura, tenuti alla tutela dei suoi elementi (\u201c<em>Il nostro stesso corpo \u00e8 costituito dagli elementi del pianeta, la sua aria \u00e8 quella che ci d\u00e0 il respiro e la sua acqua ci vivifica e ci ristora. Niente di questo mondo ci risulta indifferente.)<\/em><\/p>\n<p>&nbsp;<\/p>\n<p>&nbsp;<\/p>\n","protected":false},"excerpt":{"rendered":"<p>24 settembre 2021, ore 14 &#8211; 20 Workshop on line promosso da: Associazione Laudato si\u2019 &#8211; Un\u2019alleanza per il clima, la Terra e la giustizia sociale Fondazione Casa della Carit\u00e0 \u201cA. Abriani\u201d CeVI \u2013\u00a0Centro di Volontariato Internazionale Climate Social Forum&hellip;<\/p>\n","protected":false},"author":594,"featured_media":1261778,"comment_status":"closed","ping_status":"closed","sticky":false,"template":"","format":"standard","meta":{"footnotes":""},"categories":[150,60,38],"tags":[6933,9020,50470,8650],"class_list":["post-1434979","post","type-post","status-publish","format-standard","has-post-thumbnail","hentry","category-comunicati-stampa","category-diritti-umani","category-internazionale","tag-cambiamenti-climatici","tag-diritto-allacqua","tag-transizione-ecologica","tag-workshop"],"yoast_head":"<!-- This site is optimized with the Yoast SEO plugin v27.1.1 - https:\/\/yoast.com\/product\/yoast-seo-wordpress\/ -->\n<title>Come rendere esigibile il diritto all\u2019acqua?<\/title>\n<meta name=\"description\" content=\"24 settembre 2021, ore 14 - 20 Workshop on line promosso da: Associazione Laudato si\u2019 - Un\u2019alleanza per il clima, la Terra e la giustizia sociale\" \/>\n<meta name=\"robots\" content=\"index, follow, max-snippet:-1, max-image-preview:large, max-video-preview:-1\" \/>\n<link rel=\"canonical\" href=\"https:\/\/www.pressenza.com\/it\/2021\/09\/come-rendere-esigibile-il-diritto-allacqua\/\" \/>\n<meta property=\"og:locale\" content=\"it_IT\" \/>\n<meta property=\"og:type\" content=\"article\" \/>\n<meta property=\"og:title\" content=\"Come rendere esigibile il diritto all\u2019acqua?\" \/>\n<meta property=\"og:description\" content=\"24 settembre 2021, ore 14 - 20 Workshop on line promosso da: Associazione Laudato si\u2019 - Un\u2019alleanza per il clima, la Terra e la giustizia sociale\" \/>\n<meta property=\"og:url\" content=\"https:\/\/www.pressenza.com\/it\/2021\/09\/come-rendere-esigibile-il-diritto-allacqua\/\" \/>\n<meta property=\"og:site_name\" content=\"Pressenza\" \/>\n<meta property=\"article:publisher\" content=\"https:\/\/www.facebook.com\/PressenzaItalia\" \/>\n<meta property=\"article:author\" content=\"https:\/\/www.facebook.com\/PressenzaItalia\" \/>\n<meta property=\"article:published_time\" content=\"2021-09-23T18:17:33+00:00\" \/>\n<meta property=\"article:modified_time\" content=\"2021-09-23T18:21:53+00:00\" \/>\n<meta property=\"og:image\" content=\"https:\/\/www.pressenza.com\/wp-content\/uploads\/2020\/12\/water-human-right.jpg\" \/>\n\t<meta property=\"og:image:width\" content=\"1920\" \/>\n\t<meta property=\"og:image:height\" content=\"960\" \/>\n\t<meta property=\"og:image:type\" content=\"image\/jpeg\" \/>\n<meta name=\"author\" content=\"Redazione Italia\" \/>\n<meta name=\"twitter:card\" content=\"summary_large_image\" \/>\n<meta name=\"twitter:creator\" content=\"@pressenza_it\" \/>\n<meta name=\"twitter:site\" content=\"@PressenzaIPA\" \/>\n<meta name=\"twitter:label1\" content=\"Scritto da\" \/>\n\t<meta name=\"twitter:data1\" content=\"Redazione Italia\" \/>\n\t<meta name=\"twitter:label2\" content=\"Tempo di lettura stimato\" \/>\n\t<meta name=\"twitter:data2\" content=\"4 minuti\" \/>\n<script type=\"application\/ld+json\" class=\"yoast-schema-graph\">{\"@context\":\"https:\/\/schema.org\",\"@graph\":[{\"@type\":\"Article\",\"@id\":\"https:\/\/www.pressenza.com\/it\/2021\/09\/come-rendere-esigibile-il-diritto-allacqua\/#article\",\"isPartOf\":{\"@id\":\"https:\/\/www.pressenza.com\/it\/2021\/09\/come-rendere-esigibile-il-diritto-allacqua\/\"},\"author\":{\"name\":\"Redazione Italia\",\"@id\":\"https:\/\/www.pressenza.com\/it\/#\/schema\/person\/d983e81827ae24f2c7b1a2123d197f8d\"},\"headline\":\"Come rendere esigibile il diritto all\u2019acqua?\",\"datePublished\":\"2021-09-23T18:17:33+00:00\",\"dateModified\":\"2021-09-23T18:21:53+00:00\",\"mainEntityOfPage\":{\"@id\":\"https:\/\/www.pressenza.com\/it\/2021\/09\/come-rendere-esigibile-il-diritto-allacqua\/\"},\"wordCount\":788,\"publisher\":{\"@id\":\"https:\/\/www.pressenza.com\/it\/#organization\"},\"image\":{\"@id\":\"https:\/\/www.pressenza.com\/it\/2021\/09\/come-rendere-esigibile-il-diritto-allacqua\/#primaryimage\"},\"thumbnailUrl\":\"https:\/\/www.pressenza.com\/wp-content\/uploads\/2020\/12\/water-human-right.jpg\",\"keywords\":[\"cambiamenti climatici\",\"diritto all'acqua\",\"Transizione ecologica\",\"workshop\"],\"articleSection\":[\"Comunicati Stampa\",\"Diritti Umani\",\"Internazionale\"],\"inLanguage\":\"it-IT\"},{\"@type\":\"WebPage\",\"@id\":\"https:\/\/www.pressenza.com\/it\/2021\/09\/come-rendere-esigibile-il-diritto-allacqua\/\",\"url\":\"https:\/\/www.pressenza.com\/it\/2021\/09\/come-rendere-esigibile-il-diritto-allacqua\/\",\"name\":\"Come rendere esigibile il diritto all\u2019acqua?\",\"isPartOf\":{\"@id\":\"https:\/\/www.pressenza.com\/it\/#website\"},\"primaryImageOfPage\":{\"@id\":\"https:\/\/www.pressenza.com\/it\/2021\/09\/come-rendere-esigibile-il-diritto-allacqua\/#primaryimage\"},\"image\":{\"@id\":\"https:\/\/www.pressenza.com\/it\/2021\/09\/come-rendere-esigibile-il-diritto-allacqua\/#primaryimage\"},\"thumbnailUrl\":\"https:\/\/www.pressenza.com\/wp-content\/uploads\/2020\/12\/water-human-right.jpg\",\"datePublished\":\"2021-09-23T18:17:33+00:00\",\"dateModified\":\"2021-09-23T18:21:53+00:00\",\"description\":\"24 settembre 2021, ore 14 - 20 Workshop on line promosso da: Associazione Laudato si\u2019 - Un\u2019alleanza per il clima, la Terra e la giustizia sociale\",\"breadcrumb\":{\"@id\":\"https:\/\/www.pressenza.com\/it\/2021\/09\/come-rendere-esigibile-il-diritto-allacqua\/#breadcrumb\"},\"inLanguage\":\"it-IT\",\"potentialAction\":[{\"@type\":\"ReadAction\",\"target\":[\"https:\/\/www.pressenza.com\/it\/2021\/09\/come-rendere-esigibile-il-diritto-allacqua\/\"]}]},{\"@type\":\"ImageObject\",\"inLanguage\":\"it-IT\",\"@id\":\"https:\/\/www.pressenza.com\/it\/2021\/09\/come-rendere-esigibile-il-diritto-allacqua\/#primaryimage\",\"url\":\"https:\/\/www.pressenza.com\/wp-content\/uploads\/2020\/12\/water-human-right.jpg\",\"contentUrl\":\"https:\/\/www.pressenza.com\/wp-content\/uploads\/2020\/12\/water-human-right.jpg\",\"width\":1920,\"height\":960},{\"@type\":\"BreadcrumbList\",\"@id\":\"https:\/\/www.pressenza.com\/it\/2021\/09\/come-rendere-esigibile-il-diritto-allacqua\/#breadcrumb\",\"itemListElement\":[{\"@type\":\"ListItem\",\"position\":1,\"name\":\"Accueil\",\"item\":\"https:\/\/www.pressenza.com\/it\/\"},{\"@type\":\"ListItem\",\"position\":2,\"name\":\"Come rendere esigibile il diritto all\u2019acqua?\"}]},{\"@type\":\"WebSite\",\"@id\":\"https:\/\/www.pressenza.com\/it\/#website\",\"url\":\"https:\/\/www.pressenza.com\/it\/\",\"name\":\"Pressenza\",\"description\":\"Agenzia di Stampa Internazionale\",\"publisher\":{\"@id\":\"https:\/\/www.pressenza.com\/it\/#organization\"},\"potentialAction\":[{\"@type\":\"SearchAction\",\"target\":{\"@type\":\"EntryPoint\",\"urlTemplate\":\"https:\/\/www.pressenza.com\/it\/?s={search_term_string}\"},\"query-input\":{\"@type\":\"PropertyValueSpecification\",\"valueRequired\":true,\"valueName\":\"search_term_string\"}}],\"inLanguage\":\"it-IT\"},{\"@type\":\"Organization\",\"@id\":\"https:\/\/www.pressenza.com\/it\/#organization\",\"name\":\"Pressenza\",\"url\":\"https:\/\/www.pressenza.com\/it\/\",\"logo\":{\"@type\":\"ImageObject\",\"inLanguage\":\"it-IT\",\"@id\":\"https:\/\/www.pressenza.com\/it\/#\/schema\/logo\/image\/\",\"url\":\"https:\/\/www.pressenza.com\/wp-content\/uploads\/2022\/10\/pressenza_logo_200x200.jpg\",\"contentUrl\":\"https:\/\/www.pressenza.com\/wp-content\/uploads\/2022\/10\/pressenza_logo_200x200.jpg\",\"width\":200,\"height\":200,\"caption\":\"Pressenza\"},\"image\":{\"@id\":\"https:\/\/www.pressenza.com\/it\/#\/schema\/logo\/image\/\"},\"sameAs\":[\"https:\/\/www.facebook.com\/PressenzaItalia\",\"https:\/\/x.com\/PressenzaIPA\"]},{\"@type\":\"Person\",\"@id\":\"https:\/\/www.pressenza.com\/it\/#\/schema\/person\/d983e81827ae24f2c7b1a2123d197f8d\",\"name\":\"Redazione Italia\",\"description\":\"News from the Pressenza Bureau in Italy\",\"sameAs\":[\"https:\/\/www.pressenza.com\/it\/author\/redazione-italia\/\",\"https:\/\/www.facebook.com\/PressenzaItalia\",\"https:\/\/www.instagram.com\/pressenza_italia\/\",\"https:\/\/x.com\/pressenza_it\",\"https:\/\/www.youtube.com\/channel\/UCSalEIWjE1RSxkwjfftFuqg\"],\"url\":\"https:\/\/www.pressenza.com\/it\/author\/redazione-italia\/\"}]}<\/script>\n<!-- \/ Yoast SEO plugin. -->","yoast_head_json":{"title":"Come rendere esigibile il diritto all\u2019acqua?","description":"24 settembre 2021, ore 14 - 20 Workshop on line promosso da: Associazione Laudato si\u2019 - Un\u2019alleanza per il clima, la Terra e la giustizia sociale","robots":{"index":"index","follow":"follow","max-snippet":"max-snippet:-1","max-image-preview":"max-image-preview:large","max-video-preview":"max-video-preview:-1"},"canonical":"https:\/\/www.pressenza.com\/it\/2021\/09\/come-rendere-esigibile-il-diritto-allacqua\/","og_locale":"it_IT","og_type":"article","og_title":"Come rendere esigibile il diritto all\u2019acqua?","og_description":"24 settembre 2021, ore 14 - 20 Workshop on line promosso da: Associazione Laudato si\u2019 - Un\u2019alleanza per il clima, la Terra e la giustizia sociale","og_url":"https:\/\/www.pressenza.com\/it\/2021\/09\/come-rendere-esigibile-il-diritto-allacqua\/","og_site_name":"Pressenza","article_publisher":"https:\/\/www.facebook.com\/PressenzaItalia","article_author":"https:\/\/www.facebook.com\/PressenzaItalia","article_published_time":"2021-09-23T18:17:33+00:00","article_modified_time":"2021-09-23T18:21:53+00:00","og_image":[{"width":1920,"height":960,"url":"https:\/\/www.pressenza.com\/wp-content\/uploads\/2020\/12\/water-human-right.jpg","type":"image\/jpeg"}],"author":"Redazione Italia","twitter_card":"summary_large_image","twitter_creator":"@pressenza_it","twitter_site":"@PressenzaIPA","twitter_misc":{"Scritto da":"Redazione Italia","Tempo di lettura stimato":"4 minuti"},"schema":{"@context":"https:\/\/schema.org","@graph":[{"@type":"Article","@id":"https:\/\/www.pressenza.com\/it\/2021\/09\/come-rendere-esigibile-il-diritto-allacqua\/#article","isPartOf":{"@id":"https:\/\/www.pressenza.com\/it\/2021\/09\/come-rendere-esigibile-il-diritto-allacqua\/"},"author":{"name":"Redazione Italia","@id":"https:\/\/www.pressenza.com\/it\/#\/schema\/person\/d983e81827ae24f2c7b1a2123d197f8d"},"headline":"Come rendere esigibile il diritto all\u2019acqua?","datePublished":"2021-09-23T18:17:33+00:00","dateModified":"2021-09-23T18:21:53+00:00","mainEntityOfPage":{"@id":"https:\/\/www.pressenza.com\/it\/2021\/09\/come-rendere-esigibile-il-diritto-allacqua\/"},"wordCount":788,"publisher":{"@id":"https:\/\/www.pressenza.com\/it\/#organization"},"image":{"@id":"https:\/\/www.pressenza.com\/it\/2021\/09\/come-rendere-esigibile-il-diritto-allacqua\/#primaryimage"},"thumbnailUrl":"https:\/\/www.pressenza.com\/wp-content\/uploads\/2020\/12\/water-human-right.jpg","keywords":["cambiamenti climatici","diritto all'acqua","Transizione ecologica","workshop"],"articleSection":["Comunicati Stampa","Diritti Umani","Internazionale"],"inLanguage":"it-IT"},{"@type":"WebPage","@id":"https:\/\/www.pressenza.com\/it\/2021\/09\/come-rendere-esigibile-il-diritto-allacqua\/","url":"https:\/\/www.pressenza.com\/it\/2021\/09\/come-rendere-esigibile-il-diritto-allacqua\/","name":"Come rendere esigibile il diritto all\u2019acqua?","isPartOf":{"@id":"https:\/\/www.pressenza.com\/it\/#website"},"primaryImageOfPage":{"@id":"https:\/\/www.pressenza.com\/it\/2021\/09\/come-rendere-esigibile-il-diritto-allacqua\/#primaryimage"},"image":{"@id":"https:\/\/www.pressenza.com\/it\/2021\/09\/come-rendere-esigibile-il-diritto-allacqua\/#primaryimage"},"thumbnailUrl":"https:\/\/www.pressenza.com\/wp-content\/uploads\/2020\/12\/water-human-right.jpg","datePublished":"2021-09-23T18:17:33+00:00","dateModified":"2021-09-23T18:21:53+00:00","description":"24 settembre 2021, ore 14 - 20 Workshop on line promosso da: Associazione Laudato si\u2019 - Un\u2019alleanza per il clima, la Terra e la giustizia sociale","breadcrumb":{"@id":"https:\/\/www.pressenza.com\/it\/2021\/09\/come-rendere-esigibile-il-diritto-allacqua\/#breadcrumb"},"inLanguage":"it-IT","potentialAction":[{"@type":"ReadAction","target":["https:\/\/www.pressenza.com\/it\/2021\/09\/come-rendere-esigibile-il-diritto-allacqua\/"]}]},{"@type":"ImageObject","inLanguage":"it-IT","@id":"https:\/\/www.pressenza.com\/it\/2021\/09\/come-rendere-esigibile-il-diritto-allacqua\/#primaryimage","url":"https:\/\/www.pressenza.com\/wp-content\/uploads\/2020\/12\/water-human-right.jpg","contentUrl":"https:\/\/www.pressenza.com\/wp-content\/uploads\/2020\/12\/water-human-right.jpg","width":1920,"height":960},{"@type":"BreadcrumbList","@id":"https:\/\/www.pressenza.com\/it\/2021\/09\/come-rendere-esigibile-il-diritto-allacqua\/#breadcrumb","itemListElement":[{"@type":"ListItem","position":1,"name":"Accueil","item":"https:\/\/www.pressenza.com\/it\/"},{"@type":"ListItem","position":2,"name":"Come rendere esigibile il diritto all\u2019acqua?"}]},{"@type":"WebSite","@id":"https:\/\/www.pressenza.com\/it\/#website","url":"https:\/\/www.pressenza.com\/it\/","name":"Pressenza","description":"Agenzia di Stampa Internazionale","publisher":{"@id":"https:\/\/www.pressenza.com\/it\/#organization"},"potentialAction":[{"@type":"SearchAction","target":{"@type":"EntryPoint","urlTemplate":"https:\/\/www.pressenza.com\/it\/?s={search_term_string}"},"query-input":{"@type":"PropertyValueSpecification","valueRequired":true,"valueName":"search_term_string"}}],"inLanguage":"it-IT"},{"@type":"Organization","@id":"https:\/\/www.pressenza.com\/it\/#organization","name":"Pressenza","url":"https:\/\/www.pressenza.com\/it\/","logo":{"@type":"ImageObject","inLanguage":"it-IT","@id":"https:\/\/www.pressenza.com\/it\/#\/schema\/logo\/image\/","url":"https:\/\/www.pressenza.com\/wp-content\/uploads\/2022\/10\/pressenza_logo_200x200.jpg","contentUrl":"https:\/\/www.pressenza.com\/wp-content\/uploads\/2022\/10\/pressenza_logo_200x200.jpg","width":200,"height":200,"caption":"Pressenza"},"image":{"@id":"https:\/\/www.pressenza.com\/it\/#\/schema\/logo\/image\/"},"sameAs":["https:\/\/www.facebook.com\/PressenzaItalia","https:\/\/x.com\/PressenzaIPA"]},{"@type":"Person","@id":"https:\/\/www.pressenza.com\/it\/#\/schema\/person\/d983e81827ae24f2c7b1a2123d197f8d","name":"Redazione Italia","description":"News from the Pressenza Bureau in Italy","sameAs":["https:\/\/www.pressenza.com\/it\/author\/redazione-italia\/","https:\/\/www.facebook.com\/PressenzaItalia","https:\/\/www.instagram.com\/pressenza_italia\/","https:\/\/x.com\/pressenza_it","https:\/\/www.youtube.com\/channel\/UCSalEIWjE1RSxkwjfftFuqg"],"url":"https:\/\/www.pressenza.com\/it\/author\/redazione-italia\/"}]}},"place":"","original_article_url":"","_links":{"self":[{"href":"https:\/\/www.pressenza.com\/it\/wp-json\/wp\/v2\/posts\/1434979","targetHints":{"allow":["GET"]}}],"collection":[{"href":"https:\/\/www.pressenza.com\/it\/wp-json\/wp\/v2\/posts"}],"about":[{"href":"https:\/\/www.pressenza.com\/it\/wp-json\/wp\/v2\/types\/post"}],"author":[{"embeddable":true,"href":"https:\/\/www.pressenza.com\/it\/wp-json\/wp\/v2\/users\/594"}],"replies":[{"embeddable":true,"href":"https:\/\/www.pressenza.com\/it\/wp-json\/wp\/v2\/comments?post=1434979"}],"version-history":[{"count":0,"href":"https:\/\/www.pressenza.com\/it\/wp-json\/wp\/v2\/posts\/1434979\/revisions"}],"wp:featuredmedia":[{"embeddable":true,"href":"https:\/\/www.pressenza.com\/it\/wp-json\/wp\/v2\/media\/1261778"}],"wp:attachment":[{"href":"https:\/\/www.pressenza.com\/it\/wp-json\/wp\/v2\/media?parent=1434979"}],"wp:term":[{"taxonomy":"category","embeddable":true,"href":"https:\/\/www.pressenza.com\/it\/wp-json\/wp\/v2\/categories?post=1434979"},{"taxonomy":"post_tag","embeddable":true,"href":"https:\/\/www.pressenza.com\/it\/wp-json\/wp\/v2\/tags?post=1434979"}],"curies":[{"name":"wp","href":"https:\/\/api.w.org\/{rel}","templated":true}]}}