{"id":1430974,"date":"2021-09-16T16:02:16","date_gmt":"2021-09-16T15:02:16","guid":{"rendered":"https:\/\/www.pressenza.com\/?p=1430974"},"modified":"2021-09-16T16:05:41","modified_gmt":"2021-09-16T15:05:41","slug":"sul-reducismo-partigiano-come-cancellare-e-falsare-la-storia","status":"publish","type":"post","link":"https:\/\/www.pressenza.com\/it\/2021\/09\/sul-reducismo-partigiano-come-cancellare-e-falsare-la-storia\/","title":{"rendered":"Sul reducismo partigiano: come cancellare e falsare la storia"},"content":{"rendered":"<p><em>&#8220;La storia che \u00e8 stata scritta nel 1945, \u201946 e \u201847, in cui sicuramente una parte politica aveva anche una forza culturale abbastanza notevole, \u00e8 come se non si potesse pi\u00f9 ritoccare. \u00c8 congelata. Il fatto che i comunisti abbiano partecipato alla stesura della Costituzione &#8211; \u00a0non erano gli unici &#8211; \u00a0fa s\u00ec che la storia che loro hanno scritto in quegli anni sia intoccabile. \u00c8 questo che io contesto&#8221;.<\/em><\/p>\n<p>Queste le vergognose parole della politologa Sofia Ventura in risposta a Tomaso Montanari sulla questione delle Foibe, intrise di pasticci ed errori in mala fede. Secondo la politologa, quella forza politica che aveva &#8220;forza culturale abbastanza notevole&#8221; erano i comunisti perch\u00e9 avevano combattuto contro il fascismo, scritto la Costituzione e, di conseguenza, quello che loro hanno scritto sarebbe rimasto &#8220;intoccabile&#8221;: una semplificazione intuibile da parte di una intellettuale vicina alla destra di Gianfranco Fini.<\/p>\n<p>Peccato che la storia ci abbia mostrato un&#8217;altra realt\u00e0 completamente opposta. La narrazione dei &#8220;comunisti vincenti&#8221; \u00e8 estremamente recente e ha preso piede negli ultimi trent&#8217;anni con la fine della Prima Repubblica e l&#8217;inizio del ventennio berlusconiano, per il quale il nemico immaginifico da sconfiggere e estirpare erano \u201ci comunisti\u201d, anche se ormai pochi e disgregati.<\/p>\n<p>Eppure dal 1945 fino ad arrivare alla fine degli anni Settanta la narrazione comune era completamente diversa.\u00a0Nonostante il governo di unit\u00e0 nazionale (1945 &#8211; 1946), il panorama politico non era dei migliori e vigeva molta divisione sul piano sociale. Come scrisse lo storico e partigiano Claudio Pavone, la Resistenza fu una guerra civile la cui elaborazione fu molto difficile tra fascisti a antifascisti italiani. In quegli anni i neofascisti, i veri sconfitti dalla Resistenza, discutevano gi\u00e0 di questa contraddizione con il fine di rafforzare la loro identit\u00e0 politica. Nella narrazione comune, la Resistenza era vista come corpo estraneo all\u2019idea di \u201cnazione\u201d, dando adito a interpretazioni revisioniste.<\/p>\n<p>Le riflessioni dei partigiani comunisti rivoluzionari sulla\u00a0<em>Resistenza tradita<\/em>\u00a0iniziarono a maturare proprio quando, tra il 1945 e il 1946, anni in cui la pubblica sicurezza era gestita dai partigiani (cosa non tollerata dagli Stati Uniti soprattutto se questi erano comunisti), si inizi\u00f2 a porre il problema del reinserimento dei reduci partigiani. Molti vennero perseguitati e visti dall\u2019opinione pubblica come un vero e proprio pericolo sociale e politico. A differenza di quanto si possa pensare oggi, la maggior parte degli italiani non si riconosceva nei motivi e nei valori della Resistenza antifascista e molti combattenti dell\u2019esercito della Repubblica Sociale italiana, ultima branca del fascismo collaborazionista, erano considerati legittimi combattenti dalla \u201cparte sbagliata\u201d, mentre i partigiani non avevano avuto questo riconoscimento ed erano stati processati dalle istituzioni democratiche italiane, che loro stessi aveva contribuito a creare, per fatti di guerra risalenti al periodo tra 1942 il 1943. Ci furono espulsioni, allontanamenti e marginalizzazioni dei partigiani anche da parte delle amministrazioni dello Stato, che causarono una forte frustrazione.\u00a0Il partigiano \u201cFanfulla\u201d Leone Mutti, combattente della 56esima Brigata Garibaldi e tra i liberatori della Valle Calepio e del Sebino, dopo la liberazione, in quanto partigiano comunista, non riusc\u00ec a trovare lavoro e venne accusato ingiustamente di vari furti. La vita gli fu resa talmente impossibile che fu costretto ad espatriare in Francia per sfuggire alla persecuzione giudiziaria. E come lui molti altri.<\/p>\n<p>I partigiani, una volta proclamata la democrazia, pensavano di gettarsi alle spalle vent\u2019anni di regime fascista, ma in realt\u00e0, come ha affermato anche lo storico Guido Panvini dell\u2019Universit\u00e0 di Bologna, si ritrovarono a essere una minoranza vittoriosa vivendo in una condizione di perdenti.<\/p>\n<p>Il reducismo partigiano fu un vero e proprio problema politico totalmente ignorato dall&#8217;opinione pubblica.<\/p>\n<p>Subito dopo la fine della Resistenza, si verific\u00f2 quello che lo storico Claudio Pavone ha definito \u201ccontinuit\u00e0 dello Stato\u201d: non vi fu nessuna epurazione delle classi dirigenti complici del fascismo, tranne alcuni gerarchi, e nessuna rigenerazione delle istituzioni. Non vennero epurati prefetti, docenti universitari, scienziati razzisti (che avevano sostenuto il Manifesto della Razza), generali, commissari, giornalisti asserviti che avevano fatto carriera durante il fascismo e che si trovavano con lo stesso ruolo nella &#8220;nuova societ\u00e0 democratica&#8221;.\u00a0 Rimasero inoltre intatte le strutture del fascismo: non si misero in discussione i Patti Lateranensi; si mantennero le leggi di ordine pubblico, il \u201cFoglio di via\u201d, il potere dei prefetti, i servizi segreti, le strutture militari e si riconobbe la propriet\u00e0 privata dei mezzi di produzione, che era stata messa in discussione dal movimento operaio antifascista durante la Repubblica di Sal\u00f2. I partigiani capirono che l\u2019antifascismo veniva strumentalizzato dalla nuova Repubblica, la quale si identificava con le espressioni formali del fascismo: monopartitismo (per un breve periodo), militarizzazione sociale, violenza arbitraria di Stato e persecuzione dei partigiani. Queste grandi contraddizioni confliggevano con gli obiettivi, gli ideali e i valori della Resistenza che loro avevano combattuto e non potevano accettarlo.<\/p>\n<p>Il \u201cprocesso alla Resistenza\u201d, riferito alle persecuzioni fisiche e giudiziarie nei confronti del reducismo partigiano fu al centro di un dibattito interno al Partito Comunista Italiano, organizzazione che pi\u00f9 di tutte contribu\u00ec alla lotta partigiana anche dal punto di vista militare. A met\u00e0 1946, a pi\u00f9 di un anno dalla Liberazione, il governo non aveva ancora preso alcun tipo di provvedimento per il riconoscimento dei diritti dei partigiani e delle famiglie dei caduti. Il 22 giugno 1946 Palmiro Togliatti, in veste di Ministro di Grazia e Giustizia, promulg\u00f2 l\u2019amnistia per i fascisti, non prevedendo d\u2019inserire la proibizione, per gli ex gerarchi, di essere eletti parlamentari nella Repubblica fondata sulla Resistenza.<\/p>\n<p>Il reinserimento dei partigiani, dei reduci e degli ex-internati nel mondo del lavoro, l&#8217;erogazione di pensioni alle famiglie dei caduti, il riconoscimento del periodo resistenziale ai fini del servizio militare, il risarcimento alle vittime delle rappresaglie nazi-fasciste, l&#8217;abrogazione dell&#8217;amnistia e la messa fuorilegge dei fascisti erano tra le richieste dei partigiani, soprattutto comunisti, e nessuna di queste venne esaudita.<\/p>\n<p>Ritornando alle parole della politologa Ventura, di quale &#8220;forza culturale abbastanza notevole&#8221; avrebbero goduto i comunisti? Quale forza culturale avrebbe giovato ai partigiani? A livello storico nessuna\u2026 e nemmeno sulla vicenda delle Foibe. La storia della Resistenza antifascista slava fu cancellata a tal punto da essere definita da alcuni storici come &#8220;un&#8217;amnesia di Stato&#8221;. Fu cancellata non in quanto presunto \u201ccrimine comunista\u201d, ma perch\u00e9 vi era una volont\u00e0 politica da parte delle istituzioni dello Stato di non fare luce sulla vicenda, lasciando che diventasse uno spauracchio strumentalizzabile a uso e consumo neofascista.<\/p>\n<p>A livello storico si \u00e8 sempre dibattuto sulla questione delle foibe, ma il sentire comune era ancora molto influenzato dalla memorialistica neofascista.<\/p>\n<p>Il contesto politico degli anni Settanta ne era una cartina di tornasole: i movimenti di estrema destra stavano sempre pi\u00f9 radicalizzandosi e i comunisti venivano visti come un blocco unico, senza correnti di pensieri contrastanti, che doveva essere sconfitto. Dal 1947 vigeva la &#8220;conventio ad excludendum&#8221; che vietava ai comunisti di andare al governo in Italia, tranne per i governi di unit\u00e0 nazionale. Questo per\u00f2 non era del tutto vietato ai movimenti di estrema destra che, in quanto visti come pericolo minore, potevano sostenere i governi, come fu il caso del Governo Tambroni.<\/p>\n<p>I comunisti sarebbero stati &#8220;la forza culturale notevole&#8221; dal 1945 in poi? Su quali basi storiche? Nessuna. Non dimentichiamoci che i partiti della sinistra persero le elezioni politiche del 1948, le storiche elezioni che videro una campagna elettorale basata sul &#8220;dominio della morale&#8221; tra DC e PCI e in cui nacque lo stereotipo del &#8220;comunista mangia-bambini&#8221; che ostacol\u00f2 pesantemente il PCI.<\/p>\n<p>Quindi a oggi possiamo affermare che, purtroppo, i comunisti non sono stati una forza culturale che ha contribuito a scrivere la storia ufficiale, ma purtroppo \u00e8 stata soggetta a operazioni di revisionismo e di rovesciamento che non hanno mai voluto dare un degno riconoscimento a chi pi\u00f9 di tutti si \u00e8 adoperato per la liberazione dal fascismo.<\/p>\n<p>Nei secoli la storia non \u00e8 mai stata scritta dai vincitori, ma dagli storici che venivano influenzati dai vincitori. In un paese che si presume democratico, la storia la scrivono gli storici e non i parlamenti, i politici o lo Stato, altrimenti saremmo un paese autoritario. Per quanto la \u201csottocultura rossa\u201d abbia avuto un forte impatto sulla nostra societ\u00e0, non si pu\u00f2 affermare che sia stata avvantaggiata e favorita. Anzi, \u00e8 stata ostacolata e mai si \u00e8 fatta portavoce di un pensiero dominante, ma sempre dissidente.<\/p>\n","protected":false},"excerpt":{"rendered":"<p>&#8220;La storia che \u00e8 stata scritta nel 1945, \u201946 e \u201847, in cui sicuramente una parte politica aveva anche una forza culturale abbastanza notevole, \u00e8 come se non si potesse pi\u00f9 ritoccare. \u00c8 congelata. Il fatto che i comunisti abbiano&hellip;<\/p>\n","protected":false},"author":1887,"featured_media":1430979,"comment_status":"closed","ping_status":"closed","sticky":false,"template":"","format":"standard","meta":{"footnotes":""},"categories":[11388,47,162,55],"tags":[3467,47265,8961,4000,94910],"class_list":["post-1430974","post","type-post","status-publish","format-standard","has-post-thumbnail","hentry","category-contenuti-originali","category-europa","category-opinioni","category-politica","tag-antifascismo","tag-comunisti","tag-foibe","tag-resistenza","tag-revisione-storica"],"yoast_head":"<!-- This site is optimized with the Yoast SEO plugin v27.1.1 - https:\/\/yoast.com\/product\/yoast-seo-wordpress\/ -->\n<title>Sul reducismo partigiano: come cancellare e falsare la storia<\/title>\n<meta name=\"description\" content=\"&quot;La storia che \u00e8 stata scritta nel 1945, \u201946 e \u201847, in cui sicuramente una parte politica aveva anche una forza culturale abbastanza notevole, \u00e8 come se\" \/>\n<meta name=\"robots\" content=\"index, follow, max-snippet:-1, max-image-preview:large, max-video-preview:-1\" \/>\n<link rel=\"canonical\" href=\"https:\/\/www.pressenza.com\/it\/2021\/09\/sul-reducismo-partigiano-come-cancellare-e-falsare-la-storia\/\" \/>\n<meta property=\"og:locale\" content=\"it_IT\" \/>\n<meta property=\"og:type\" content=\"article\" \/>\n<meta property=\"og:title\" content=\"Sul reducismo partigiano: come cancellare e falsare la storia\" \/>\n<meta property=\"og:description\" content=\"&quot;La storia che \u00e8 stata scritta nel 1945, \u201946 e \u201847, in cui sicuramente una parte politica aveva anche una forza culturale abbastanza notevole, \u00e8 come se\" \/>\n<meta property=\"og:url\" content=\"https:\/\/www.pressenza.com\/it\/2021\/09\/sul-reducismo-partigiano-come-cancellare-e-falsare-la-storia\/\" \/>\n<meta property=\"og:site_name\" content=\"Pressenza\" \/>\n<meta property=\"article:publisher\" content=\"https:\/\/www.facebook.com\/PressenzaItalia\" \/>\n<meta property=\"article:published_time\" content=\"2021-09-16T15:02:16+00:00\" \/>\n<meta property=\"article:modified_time\" content=\"2021-09-16T15:05:41+00:00\" \/>\n<meta property=\"og:image\" content=\"https:\/\/www.pressenza.com\/wp-content\/uploads\/2021\/09\/25-aprile-a-Milano-rit.jpg\" \/>\n\t<meta property=\"og:image:width\" content=\"1080\" \/>\n\t<meta property=\"og:image:height\" content=\"674\" \/>\n\t<meta property=\"og:image:type\" content=\"image\/jpeg\" \/>\n<meta name=\"author\" content=\"Lorenzo Poli\" \/>\n<meta name=\"twitter:card\" content=\"summary_large_image\" \/>\n<meta name=\"twitter:creator\" content=\"@PressenzaIPA\" \/>\n<meta name=\"twitter:site\" content=\"@PressenzaIPA\" \/>\n<meta name=\"twitter:label1\" content=\"Scritto da\" \/>\n\t<meta name=\"twitter:data1\" content=\"Lorenzo Poli\" \/>\n\t<meta name=\"twitter:label2\" content=\"Tempo di lettura stimato\" \/>\n\t<meta name=\"twitter:data2\" content=\"7 minuti\" \/>\n<script type=\"application\/ld+json\" class=\"yoast-schema-graph\">{\"@context\":\"https:\/\/schema.org\",\"@graph\":[{\"@type\":\"Article\",\"@id\":\"https:\/\/www.pressenza.com\/it\/2021\/09\/sul-reducismo-partigiano-come-cancellare-e-falsare-la-storia\/#article\",\"isPartOf\":{\"@id\":\"https:\/\/www.pressenza.com\/it\/2021\/09\/sul-reducismo-partigiano-come-cancellare-e-falsare-la-storia\/\"},\"author\":{\"name\":\"Lorenzo Poli\",\"@id\":\"https:\/\/www.pressenza.com\/it\/#\/schema\/person\/83cab62d5aaad28d2ef7c9b71a62926b\"},\"headline\":\"Sul reducismo partigiano: come cancellare e falsare la storia\",\"datePublished\":\"2021-09-16T15:02:16+00:00\",\"dateModified\":\"2021-09-16T15:05:41+00:00\",\"mainEntityOfPage\":{\"@id\":\"https:\/\/www.pressenza.com\/it\/2021\/09\/sul-reducismo-partigiano-come-cancellare-e-falsare-la-storia\/\"},\"wordCount\":1365,\"publisher\":{\"@id\":\"https:\/\/www.pressenza.com\/it\/#organization\"},\"image\":{\"@id\":\"https:\/\/www.pressenza.com\/it\/2021\/09\/sul-reducismo-partigiano-come-cancellare-e-falsare-la-storia\/#primaryimage\"},\"thumbnailUrl\":\"https:\/\/www.pressenza.com\/wp-content\/uploads\/2021\/09\/25-aprile-a-Milano-rit.jpg\",\"keywords\":[\"antifascismo\",\"Comunisti\",\"foibe\",\"Resistenza\",\"revisione storica\"],\"articleSection\":[\"contenuti originali\",\"Europa\",\"Opinioni\",\"Politica\"],\"inLanguage\":\"it-IT\"},{\"@type\":\"WebPage\",\"@id\":\"https:\/\/www.pressenza.com\/it\/2021\/09\/sul-reducismo-partigiano-come-cancellare-e-falsare-la-storia\/\",\"url\":\"https:\/\/www.pressenza.com\/it\/2021\/09\/sul-reducismo-partigiano-come-cancellare-e-falsare-la-storia\/\",\"name\":\"Sul reducismo partigiano: come cancellare e falsare la storia\",\"isPartOf\":{\"@id\":\"https:\/\/www.pressenza.com\/it\/#website\"},\"primaryImageOfPage\":{\"@id\":\"https:\/\/www.pressenza.com\/it\/2021\/09\/sul-reducismo-partigiano-come-cancellare-e-falsare-la-storia\/#primaryimage\"},\"image\":{\"@id\":\"https:\/\/www.pressenza.com\/it\/2021\/09\/sul-reducismo-partigiano-come-cancellare-e-falsare-la-storia\/#primaryimage\"},\"thumbnailUrl\":\"https:\/\/www.pressenza.com\/wp-content\/uploads\/2021\/09\/25-aprile-a-Milano-rit.jpg\",\"datePublished\":\"2021-09-16T15:02:16+00:00\",\"dateModified\":\"2021-09-16T15:05:41+00:00\",\"description\":\"\\\"La storia che \u00e8 stata scritta nel 1945, \u201946 e \u201847, in cui sicuramente una parte politica aveva anche una forza culturale abbastanza notevole, \u00e8 come se\",\"breadcrumb\":{\"@id\":\"https:\/\/www.pressenza.com\/it\/2021\/09\/sul-reducismo-partigiano-come-cancellare-e-falsare-la-storia\/#breadcrumb\"},\"inLanguage\":\"it-IT\",\"potentialAction\":[{\"@type\":\"ReadAction\",\"target\":[\"https:\/\/www.pressenza.com\/it\/2021\/09\/sul-reducismo-partigiano-come-cancellare-e-falsare-la-storia\/\"]}]},{\"@type\":\"ImageObject\",\"inLanguage\":\"it-IT\",\"@id\":\"https:\/\/www.pressenza.com\/it\/2021\/09\/sul-reducismo-partigiano-come-cancellare-e-falsare-la-storia\/#primaryimage\",\"url\":\"https:\/\/www.pressenza.com\/wp-content\/uploads\/2021\/09\/25-aprile-a-Milano-rit.jpg\",\"contentUrl\":\"https:\/\/www.pressenza.com\/wp-content\/uploads\/2021\/09\/25-aprile-a-Milano-rit.jpg\",\"width\":1080,\"height\":674},{\"@type\":\"BreadcrumbList\",\"@id\":\"https:\/\/www.pressenza.com\/it\/2021\/09\/sul-reducismo-partigiano-come-cancellare-e-falsare-la-storia\/#breadcrumb\",\"itemListElement\":[{\"@type\":\"ListItem\",\"position\":1,\"name\":\"Accueil\",\"item\":\"https:\/\/www.pressenza.com\/it\/\"},{\"@type\":\"ListItem\",\"position\":2,\"name\":\"Sul reducismo partigiano: come cancellare e falsare la storia\"}]},{\"@type\":\"WebSite\",\"@id\":\"https:\/\/www.pressenza.com\/it\/#website\",\"url\":\"https:\/\/www.pressenza.com\/it\/\",\"name\":\"Pressenza\",\"description\":\"Agenzia di Stampa Internazionale\",\"publisher\":{\"@id\":\"https:\/\/www.pressenza.com\/it\/#organization\"},\"potentialAction\":[{\"@type\":\"SearchAction\",\"target\":{\"@type\":\"EntryPoint\",\"urlTemplate\":\"https:\/\/www.pressenza.com\/it\/?s={search_term_string}\"},\"query-input\":{\"@type\":\"PropertyValueSpecification\",\"valueRequired\":true,\"valueName\":\"search_term_string\"}}],\"inLanguage\":\"it-IT\"},{\"@type\":\"Organization\",\"@id\":\"https:\/\/www.pressenza.com\/it\/#organization\",\"name\":\"Pressenza\",\"url\":\"https:\/\/www.pressenza.com\/it\/\",\"logo\":{\"@type\":\"ImageObject\",\"inLanguage\":\"it-IT\",\"@id\":\"https:\/\/www.pressenza.com\/it\/#\/schema\/logo\/image\/\",\"url\":\"https:\/\/www.pressenza.com\/wp-content\/uploads\/2022\/10\/pressenza_logo_200x200.jpg\",\"contentUrl\":\"https:\/\/www.pressenza.com\/wp-content\/uploads\/2022\/10\/pressenza_logo_200x200.jpg\",\"width\":200,\"height\":200,\"caption\":\"Pressenza\"},\"image\":{\"@id\":\"https:\/\/www.pressenza.com\/it\/#\/schema\/logo\/image\/\"},\"sameAs\":[\"https:\/\/www.facebook.com\/PressenzaItalia\",\"https:\/\/x.com\/PressenzaIPA\"]},{\"@type\":\"Person\",\"@id\":\"https:\/\/www.pressenza.com\/it\/#\/schema\/person\/83cab62d5aaad28d2ef7c9b71a62926b\",\"name\":\"Lorenzo Poli\",\"url\":\"https:\/\/www.pressenza.com\/it\/author\/lorenzo-poli\/\"}]}<\/script>\n<!-- \/ Yoast SEO plugin. -->","yoast_head_json":{"title":"Sul reducismo partigiano: come cancellare e falsare la storia","description":"\"La storia che \u00e8 stata scritta nel 1945, \u201946 e \u201847, in cui sicuramente una parte politica aveva anche una forza culturale abbastanza notevole, \u00e8 come se","robots":{"index":"index","follow":"follow","max-snippet":"max-snippet:-1","max-image-preview":"max-image-preview:large","max-video-preview":"max-video-preview:-1"},"canonical":"https:\/\/www.pressenza.com\/it\/2021\/09\/sul-reducismo-partigiano-come-cancellare-e-falsare-la-storia\/","og_locale":"it_IT","og_type":"article","og_title":"Sul reducismo partigiano: come cancellare e falsare la storia","og_description":"\"La storia che \u00e8 stata scritta nel 1945, \u201946 e \u201847, in cui sicuramente una parte politica aveva anche una forza culturale abbastanza notevole, \u00e8 come se","og_url":"https:\/\/www.pressenza.com\/it\/2021\/09\/sul-reducismo-partigiano-come-cancellare-e-falsare-la-storia\/","og_site_name":"Pressenza","article_publisher":"https:\/\/www.facebook.com\/PressenzaItalia","article_published_time":"2021-09-16T15:02:16+00:00","article_modified_time":"2021-09-16T15:05:41+00:00","og_image":[{"width":1080,"height":674,"url":"https:\/\/www.pressenza.com\/wp-content\/uploads\/2021\/09\/25-aprile-a-Milano-rit.jpg","type":"image\/jpeg"}],"author":"Lorenzo Poli","twitter_card":"summary_large_image","twitter_creator":"@PressenzaIPA","twitter_site":"@PressenzaIPA","twitter_misc":{"Scritto da":"Lorenzo Poli","Tempo di lettura stimato":"7 minuti"},"schema":{"@context":"https:\/\/schema.org","@graph":[{"@type":"Article","@id":"https:\/\/www.pressenza.com\/it\/2021\/09\/sul-reducismo-partigiano-come-cancellare-e-falsare-la-storia\/#article","isPartOf":{"@id":"https:\/\/www.pressenza.com\/it\/2021\/09\/sul-reducismo-partigiano-come-cancellare-e-falsare-la-storia\/"},"author":{"name":"Lorenzo Poli","@id":"https:\/\/www.pressenza.com\/it\/#\/schema\/person\/83cab62d5aaad28d2ef7c9b71a62926b"},"headline":"Sul reducismo partigiano: come cancellare e falsare la storia","datePublished":"2021-09-16T15:02:16+00:00","dateModified":"2021-09-16T15:05:41+00:00","mainEntityOfPage":{"@id":"https:\/\/www.pressenza.com\/it\/2021\/09\/sul-reducismo-partigiano-come-cancellare-e-falsare-la-storia\/"},"wordCount":1365,"publisher":{"@id":"https:\/\/www.pressenza.com\/it\/#organization"},"image":{"@id":"https:\/\/www.pressenza.com\/it\/2021\/09\/sul-reducismo-partigiano-come-cancellare-e-falsare-la-storia\/#primaryimage"},"thumbnailUrl":"https:\/\/www.pressenza.com\/wp-content\/uploads\/2021\/09\/25-aprile-a-Milano-rit.jpg","keywords":["antifascismo","Comunisti","foibe","Resistenza","revisione storica"],"articleSection":["contenuti originali","Europa","Opinioni","Politica"],"inLanguage":"it-IT"},{"@type":"WebPage","@id":"https:\/\/www.pressenza.com\/it\/2021\/09\/sul-reducismo-partigiano-come-cancellare-e-falsare-la-storia\/","url":"https:\/\/www.pressenza.com\/it\/2021\/09\/sul-reducismo-partigiano-come-cancellare-e-falsare-la-storia\/","name":"Sul reducismo partigiano: come cancellare e falsare la storia","isPartOf":{"@id":"https:\/\/www.pressenza.com\/it\/#website"},"primaryImageOfPage":{"@id":"https:\/\/www.pressenza.com\/it\/2021\/09\/sul-reducismo-partigiano-come-cancellare-e-falsare-la-storia\/#primaryimage"},"image":{"@id":"https:\/\/www.pressenza.com\/it\/2021\/09\/sul-reducismo-partigiano-come-cancellare-e-falsare-la-storia\/#primaryimage"},"thumbnailUrl":"https:\/\/www.pressenza.com\/wp-content\/uploads\/2021\/09\/25-aprile-a-Milano-rit.jpg","datePublished":"2021-09-16T15:02:16+00:00","dateModified":"2021-09-16T15:05:41+00:00","description":"\"La storia che \u00e8 stata scritta nel 1945, \u201946 e \u201847, in cui sicuramente una parte politica aveva anche una forza culturale abbastanza notevole, \u00e8 come se","breadcrumb":{"@id":"https:\/\/www.pressenza.com\/it\/2021\/09\/sul-reducismo-partigiano-come-cancellare-e-falsare-la-storia\/#breadcrumb"},"inLanguage":"it-IT","potentialAction":[{"@type":"ReadAction","target":["https:\/\/www.pressenza.com\/it\/2021\/09\/sul-reducismo-partigiano-come-cancellare-e-falsare-la-storia\/"]}]},{"@type":"ImageObject","inLanguage":"it-IT","@id":"https:\/\/www.pressenza.com\/it\/2021\/09\/sul-reducismo-partigiano-come-cancellare-e-falsare-la-storia\/#primaryimage","url":"https:\/\/www.pressenza.com\/wp-content\/uploads\/2021\/09\/25-aprile-a-Milano-rit.jpg","contentUrl":"https:\/\/www.pressenza.com\/wp-content\/uploads\/2021\/09\/25-aprile-a-Milano-rit.jpg","width":1080,"height":674},{"@type":"BreadcrumbList","@id":"https:\/\/www.pressenza.com\/it\/2021\/09\/sul-reducismo-partigiano-come-cancellare-e-falsare-la-storia\/#breadcrumb","itemListElement":[{"@type":"ListItem","position":1,"name":"Accueil","item":"https:\/\/www.pressenza.com\/it\/"},{"@type":"ListItem","position":2,"name":"Sul reducismo partigiano: come cancellare e falsare la storia"}]},{"@type":"WebSite","@id":"https:\/\/www.pressenza.com\/it\/#website","url":"https:\/\/www.pressenza.com\/it\/","name":"Pressenza","description":"Agenzia di Stampa Internazionale","publisher":{"@id":"https:\/\/www.pressenza.com\/it\/#organization"},"potentialAction":[{"@type":"SearchAction","target":{"@type":"EntryPoint","urlTemplate":"https:\/\/www.pressenza.com\/it\/?s={search_term_string}"},"query-input":{"@type":"PropertyValueSpecification","valueRequired":true,"valueName":"search_term_string"}}],"inLanguage":"it-IT"},{"@type":"Organization","@id":"https:\/\/www.pressenza.com\/it\/#organization","name":"Pressenza","url":"https:\/\/www.pressenza.com\/it\/","logo":{"@type":"ImageObject","inLanguage":"it-IT","@id":"https:\/\/www.pressenza.com\/it\/#\/schema\/logo\/image\/","url":"https:\/\/www.pressenza.com\/wp-content\/uploads\/2022\/10\/pressenza_logo_200x200.jpg","contentUrl":"https:\/\/www.pressenza.com\/wp-content\/uploads\/2022\/10\/pressenza_logo_200x200.jpg","width":200,"height":200,"caption":"Pressenza"},"image":{"@id":"https:\/\/www.pressenza.com\/it\/#\/schema\/logo\/image\/"},"sameAs":["https:\/\/www.facebook.com\/PressenzaItalia","https:\/\/x.com\/PressenzaIPA"]},{"@type":"Person","@id":"https:\/\/www.pressenza.com\/it\/#\/schema\/person\/83cab62d5aaad28d2ef7c9b71a62926b","name":"Lorenzo Poli","url":"https:\/\/www.pressenza.com\/it\/author\/lorenzo-poli\/"}]}},"place":"","original_article_url":"","_links":{"self":[{"href":"https:\/\/www.pressenza.com\/it\/wp-json\/wp\/v2\/posts\/1430974","targetHints":{"allow":["GET"]}}],"collection":[{"href":"https:\/\/www.pressenza.com\/it\/wp-json\/wp\/v2\/posts"}],"about":[{"href":"https:\/\/www.pressenza.com\/it\/wp-json\/wp\/v2\/types\/post"}],"author":[{"embeddable":true,"href":"https:\/\/www.pressenza.com\/it\/wp-json\/wp\/v2\/users\/1887"}],"replies":[{"embeddable":true,"href":"https:\/\/www.pressenza.com\/it\/wp-json\/wp\/v2\/comments?post=1430974"}],"version-history":[{"count":0,"href":"https:\/\/www.pressenza.com\/it\/wp-json\/wp\/v2\/posts\/1430974\/revisions"}],"wp:featuredmedia":[{"embeddable":true,"href":"https:\/\/www.pressenza.com\/it\/wp-json\/wp\/v2\/media\/1430979"}],"wp:attachment":[{"href":"https:\/\/www.pressenza.com\/it\/wp-json\/wp\/v2\/media?parent=1430974"}],"wp:term":[{"taxonomy":"category","embeddable":true,"href":"https:\/\/www.pressenza.com\/it\/wp-json\/wp\/v2\/categories?post=1430974"},{"taxonomy":"post_tag","embeddable":true,"href":"https:\/\/www.pressenza.com\/it\/wp-json\/wp\/v2\/tags?post=1430974"}],"curies":[{"name":"wp","href":"https:\/\/api.w.org\/{rel}","templated":true}]}}