{"id":1428231,"date":"2021-09-11T12:06:42","date_gmt":"2021-09-11T11:06:42","guid":{"rendered":"https:\/\/www.pressenza.com\/?p=1428231"},"modified":"2021-09-14T14:23:21","modified_gmt":"2021-09-14T13:23:21","slug":"60palermoi%c6%9e%e1%b8%bfovimento-bloc-news-della-contronarrazione-sociale","status":"publish","type":"post","link":"https:\/\/www.pressenza.com\/it\/2021\/09\/60palermoi%c6%9e%e1%b8%bfovimento-bloc-news-della-contronarrazione-sociale\/","title":{"rendered":"60#Palermo\u1eca\u019e\u1e3eovimento. Bloc-News della contronarrazione sociale"},"content":{"rendered":"<p><em>Rubrica settimanale su eventi e fatti in Sicilia -a cura RedPA-<\/em><\/p>\n<h2><\/h2>\n<p>????: \u201c??? ???????? ?? ?????? ???? ?????? ???\u0300 ????? ? ???????????? ?? ?????? ??????????<br \/>\n? ?? ?????? ????? ??? ?? ?????????? ? ? ??????? ????? ?????!\u201d Uniamoci alla Resistenza delle donne afghane! \u201c<strong>\u00c8 necessario che <\/strong><strong>?<\/strong> <strong>???????<\/strong> <strong>?<\/strong> <strong>??<\/strong> <strong>???????????<\/strong> <strong>????<\/strong><strong>\u2019<\/strong><strong>?E<\/strong><strong> non forniscano nessun riconoscimento al regime dei talebani\u00a0 ed avviino azioni di supporto alle forze laiche e democratiche afghane come RAWA (Revolutionary Association of the Women of Afghanistan) e Hambastagi (Solidarity Party of Afghanistan)<\/strong><\/p>\n<p><em>Messina, oggi ore 17:00 <\/em><em>\u00a0<\/em><em>\u00b7\u00a0in Prefettura (Piazza dell&#8217;Unit\u00e0 d&#8217;Italia) <\/em><\/p>\n<p>L\u2019invasione dell\u2019Afghanistan da parte degli USA e dei paesi NATO, fatta con il pretesto di sconfiggere il terrorismo e liberare le donne, \u00e8 stata un gigantesco fallimento. La guerra ha prodotto 241.000 vittime e oltre 3,5 milioni di sfollati<br \/>\nOggi l\u2019Afghanistan produce il 90% dell\u2019eroina mondiale, la corruzione all&#8217;interno delle cosiddette istituzioni afghane ha raggiunto livelli spaventosi (l&#8217;Afghanistan \u00e8 al 165o posto su 180 paesi nelle statistiche di Transparency International) e il paese ha pochissime e gravemente carenti infrastrutture, scuole, ospedali.<br \/>\nIn questi 20 anni di occupazione militare gli USA hanno speso 2.300 miliardi di dollari, la Germania 19 miliardi di euro e l\u2019Italia 8,7 miliardi di euro.<br \/>\nLa &#8220;liberazione delle donne&#8221; non \u00e8 stata garantita: l\u201987% delle donne afghane \u00e8 ancora analfabeta; le donne che hanno avuto la possibilit\u00e0 di studiare e lavorare costituiscono un\u2019esigua minoranza, usata dall\u2019Occidente per dimostrare il successo dell\u2019occupazione.<br \/>\nQuanto al terrorismo, oggi in Afghanistan \u00e8 pi\u00f9 che mai rampante; il paese \u00e8 stato regalato ai talebani, dal 2015 \u00e8 attiva la violentissima cellula ISIS Khorasan e i signori della guerra a cui nel 2001 la coalizione di potenze occidentali ha dato il potere sono pronti a rialzare la testa nel caso in cui i talebani non assicurino loro una fetta della torta.\u00a0<strong><a href=\"https:\/\/www.facebook.com\/events\/1051137002294065\/?acontext=%7B%22ref%22%3A%2252%22%2C%22action_history%22%3A%22%5b%7B%5C%22surface%5C%22%3A%5C%22share_link%5C%22%2C%5C%22mechanism%5C%22%3A%5C%22share_link%5C%22%2C%5C%22extra_data%5C%22%3A%7B%5C%22invite_link_id%5C%22%3A554929279085256%7D%7D%5d%22%7D\">info<\/a><\/strong><\/p>\n<p>&nbsp;<\/p>\n<p>&nbsp;<\/p>\n<p><a href=\"https:\/\/www.facebook.com\/hashtag\/staffetta?__eep__=6&amp;__cft__%5b0%5d=AZX_WNY5VMYBpzxHjBQP8krvjlT9bsB0DZ3S5nNQNPFaM2V8Srfwlom-hjQFFV8yg1BSj2ymkybSR34rDmJLZSNhPv3eIzRTejFUBHHNnBXdoJz5akNOSIH-iztfGT723X8&amp;__tn__=q\"><strong>#Staffettasiciliana<\/strong><\/a> <strong>a Catania &#8211;<\/strong> <strong>L\u2019 \u00abemergenza rifiuti\u00bb\u00a0<\/strong><strong>nell\u2019isola<\/strong><strong> trova <\/strong><strong>\u201c<\/strong><strong>magicamente<\/strong><strong>\u201d<\/strong><strong> la soluzione<\/strong><strong>: applicare la <\/strong><strong>tecnologia dell\u2019incenerimento<\/strong><\/p>\n<p>Nell\u2019ambito del progetto\u00a0<em><a href=\"https:\/\/www.facebook.com\/hashtag\/staffetta?__eep__=6&amp;__cft__%5b0%5d=AZX_WNY5VMYBpzxHjBQP8krvjlT9bsB0DZ3S5nNQNPFaM2V8Srfwlom-hjQFFV8yg1BSj2ymkybSR34rDmJLZSNhPv3eIzRTejFUBHHNnBXdoJz5akNOSIH-iztfGT723X8&amp;__tn__=q\"><strong>#Staffettasiciliana<\/strong><\/a>-per unificare le lotte<\/em>, d<em>omani al Bastione degli Infetti (via Torre del Vescovo, ore 17:30 \u00a0) <\/em>incontro pubblico promosso dall\u2019\u00a0<strong><a href=\"https:\/\/www.facebook.com\/osservatoriorifiuticatania\/\">Osservatorio Rifiuti Catania<\/a>\u00a0<\/strong>per costruire un fronte comune contro la realizzazione di impianti inquinanti nel territorio di Catania e per la progettazione di azioni collettive efficaci sul tema ambientale e dei rifiuti. Mentre il <em>porta a porta<\/em> \u00e8 lontano dall\u2019affermarsi, i quartieri della citt\u00e0 sono sempre pi\u00f9 spesso invasi dai rifiuti e nulla viene fatto per ripensare il modello mortifero della discarica di Grotte San Giorgio, gli impianti di incenerimento sembrano \u201cspuntar fuori\u201d ogni volta che il governo regionale voglia dare l\u2019impressione di curarsi del tema rifiuti. \u00c8 cosi quindi che la cosiddetta \u201cemergenza\u201d dei rifiuti in Sicilia trova la sua \u201cmagica\u201d soluzione nella tecnologia dell\u2019incenerimento, o per dirla con l\u2019espressione fantasiosa di Musumeci, di \u201ctermo utilizzazione\u201d. Le istituzioni regionali e locali continuano ad ignorare gli appelli degli abitanti, delle associazioni e degli esperti, che indicano altri modelli possibili e soprattutto necessari. Non solo l\u2019incenerimento, infatti, \u00e8 una tecnologia dannosa per la salute di esseri umani e ambiente (come indicano, tra gli altri, numerosi studi a cura dell\u2019associazione internazionale \u201cMedici per l\u2019Ambiente\u201d), ma \u00e8 anche una tecnologia obsoleta che prevede tempi lunghissimi di realizzazione. Come si urla spesso nelle piazze di tutto il mondo a proposito della crisi ecologica, noi crediamo che non ci sia pi\u00f9 tempo e che ripensare l\u2019intero ciclo dei rifiuti, a partire da produzione e consumi, sia necessario. \u00a0<strong><a href=\"https:\/\/www.facebook.com\/events\/4065567530232428\">info<\/a><\/strong><\/p>\n<p><strong>\u00a0<\/strong><\/p>\n<p>&nbsp;<\/p>\n<p><strong>Ciao Gino! Omaggio a Gino Strada &#8211; <\/strong><strong>A un mese dalla sua scomparsa del fondatore di EMERGENCY. All\u2019<\/strong><strong>Arena Argentina si proietter\u00e0 il<\/strong><strong> docufilm \u201cOpen Heart\u201d<\/strong><\/p>\n<p>A un mese dalla sua scomparsa, su iniziativa del <strong><a href=\"https:\/\/www.facebook.com\/gruppo.emergencycatania\/\">Gruppo EmergencyCatania<\/a> <\/strong><em>luned\u00ec 13 (ore 21.00), <\/em>si ricorder\u00e0 Gino Strada. All\u2019incontro prender\u00e0 parte Fabrizio Pulvirenti, medico infettivologo che con Gino Strada ha lavorato in Sierra Leone durante l\u2019epidemia di Ebola, portando la sua personale testimonianza di Gino, come medico e come uomo.<\/p>\n<p>Nel corso della serata saranno letti alcuni brani di \u201cPappagalli verdi\u201d che hanno segnato la \u201ccrescita\u201d e la \u201cpassione\u201d dei volontari di Emergency.<\/p>\n<p>\u00abCon tutti voi, amici e sostenitori di Emergency, sar\u00e0 emozionante condividere questa serata in ricordo di Gino Strada. Ci sentiremo tutti meno soli. Grazie\u00bb<\/p>\n<p style=\"text-align: right;\"><em>Le volontarie e i volontari del gruppo Emergency Catania<\/em><\/p>\n<p>NB: L\u2019accesso all\u2019Arena Argentina avverr\u00e0 gratuitamente, con Green pass e fino ad esaurimento posti. Consigliamo di arrivare non oltre le 20,30, per adempiere con serenit\u00e0 alle procedure di controllo (nell\u2019ambito delle normative di contenimento della pandemia COVID 19) e\u2026 per essere sicuri di trovare posto! <strong><a href=\"https:\/\/www.facebook.com\/events\/536459934293708\">info<\/a><\/strong><\/p>\n<p><strong>\u00a0<\/strong><\/p>\n<p>&nbsp;<\/p>\n<p><strong>ASIA USB: &#8220;Sfratti, rischio di una vera e propria mattanza&#8221;. Riapre a Catania lo sportello di assistenza e consulenza legale<\/strong><\/p>\n<p>Il Ministero dell&#8217;interno ha pubblicato gli ultimi dati disponibili relativi alle richieste di esecuzione di sfratti. Sono dati relativi al 2019, quindi immediatamente precedenti al diffondersi dell\u2019epidemia da Covid 19 e dal blocco delle esecuzioni che ne \u00e8 seguito.<\/p>\n<p>I dati non sono per niente incoraggianti. Nel nostro paese il totale di richieste di esecuzione ammonta a 100.595, cui sono seguiti 48.543 provvedimenti e ben 25.930 sfratti (un quarto delle richieste, pi\u00f9 della met\u00e0 dei provvedimenti sono stati dunque eseguiti): 275 richieste e 133 provvedimenti di sfratto al giorno; 71 esecuzioni al d\u00ec in media! La maggior parte per morosit\u00e0.<\/p>\n<p>Con lo scopo di difendere il diritto all&#8217;abitare e di dare voce agli inquilini e agli abitanti oggi ulteriormente schiacciati tra un mercato privato sempre pi\u00f9 inaccessibile e l&#8217;assenza di assegnazione di case popolari, <strong>marted\u00ec 14 settembre riapre a Catania lo Sportello Casa Asia-Usb<\/strong>, uno sportello per la consulenza e l&#8217;assistenza legale e GRATUITA sugli affitti, sugli sfratti, sui pignoramenti, per la tutela nell&#8217;assegnazione degli alloggi popolari.<\/p>\n<p>Lo Sportello riceve presso la sede del CSP &#8220;Graziella Giuffrida&#8221;, in via Vittorio Emanuele 436, tutti i marted\u00ec dalle 17 alle 19.\u00a0\u00a0\u00a0<a href=\"https:\/\/www.facebook.com\/permalink.php?story_fbid=1453999848333390&amp;id=528522520881132\">info<\/a><\/p>\n<p>&nbsp;<\/p>\n<p>&nbsp;<\/p>\n<p><strong>&#8220;No alla rottamazione del personale e alla macelleria sociale&#8221;.\u00a0 Polveriera lavoro: dagli infortuni al futuro di Alitalia e Almaviva<\/strong><\/p>\n<p>Infortuni, disoccupazione, precariato e altri problemi connessi al tema del lavoro meritano maggiore attenzione e maggiore indignazione; invece, non scandalizzano abbastanza e non sono sufficientemente &#8220;di moda&#8221; nell&#8217;era dell&#8217;indignazione &#8220;a comando&#8221;, delle campagne virali dei social e dei &#8220;<a href=\"https:\/\/www.facebook.com\/hashtag\/prayfor?__eep__=6&amp;__cft__%5b0%5d=AZWA4yHMOkpNuZAjj5uxUS-ZkapJEdgwIqKVjXKi1XXOtDRPdveroH91bf1XO-c34EukylW_9B8usciChM5pzzXo_-WyEZEedoAIBjv_WeqFLBoiU9p4o7jUfvW0a0WqjMk&amp;__tn__=*NK-R\">#prayfor<\/a>&#8220;. Eppure, i motivi per indignarsi e accendere i riflettori sul mondo del lavoro non mancano. Tre esempi di questi giorni: altri 4 infortuni mortali in poche ore in Italia, i timori per il futuro occupazionale di Alitalia e i timori per il futuro da parte degli oltre 600 lavoratori di Almaviva (il call center dell&#8217;Alitalia).<\/p>\n<p>I luoghi dei 4 nuovi incidenti mortali sul lavoro? Le campagne fiorentine, il porto di Livorno, il cantiere della metropolitana di Napoli e un laboratorio del marmo in Toscana. Le nuove 4 &#8220;morti bianche&#8221; si aggiungono ai quasi 700 infortuni mortali denunciati da Gennaio a Luglio in Italia. Anche gli altri dati Inail del 2021 non sono incoraggianti: 312.762 denunce di infortuni complessivi e 33.865 denunce di malattie professionali in Italia da Gennaio a Luglio.<\/p>\n<p>Per quanto riguarda Almaviva, 570 lavoratori vivono a Palermo e 66 vivono a Rende, in Calabria. &#8220;No alla rottamazione del personale e alla macelleria sociale&#8221; recita lo striscione dei dipendenti palermitani di Almaviva, durante la manifestazione davanti al Teatro Massimo.\u00a0(<em>nota di Pietro Scaglione<\/em>)<\/p>\n<p>&nbsp;<\/p>\n<p>&nbsp;<\/p>\n<p><strong>Forum Siciliano: Ato unico regionale per il servizio idrico? \u00a0\u201cNo grazie preferiamo l&#8217;Acqua Pubblica!\u201d \u00a0Nulla di nuovo dal governo Musumeci: la privatizzazione dell&#8217;Acqua Bene Comune era gi\u00e0 obiettivo dei governi Lombardo e Cuffaro <\/strong><\/p>\n<p>In attesa di conoscere i contenuti del ddl approvato in giunta da Musumeci, leggendo le dichiarazioni del Presidente e dell&#8217;Assessora Baglieri la prima impressione \u00e8 che non abbiano mai letto la legge vigente 19\/15 alla luce della sentenza della Corte Costituzionale n. 93 del 2017. Se cos\u00ec fosse saprebbero che i profili di incostituzionalit\u00e0 introdotti in aula al momento dell&#8217;approvazione della legge nel 2015 sono stati cassati dalla Corte, rendendo la legge perfettamente aderente alla legislazione nazionale ed europea in materia di governance. Quello che \u00e8 mancato in questi anni, malgrado il commissariamento delle ATO prima e delle ATI poi da parte della Regione \u00e8 una reale volont\u00e0 di applicarla. Troppe le &#8220;sviste&#8221; dei Commissari ad acta anche in casi gravissimi come quello di Agrigento, per non parlare della frequenza con cui non hanno ottemperato al mandato di nomina per far entrare a regime la legge.<\/p>\n<p>Quello che il Forum siciliano dei movimenti per l&#8217;Acqua e i Beni Comuni teme \u00e8 che in realt\u00e0 una nuova legge serva alla Regione per risolvere a vantaggio del gestore del sovrambito super privato Siciliacque, (per il 75% della multinazionale francese Veolia), la bocciatura delle tariffe applicate, dopo le sentenze del TAR e del CGA. Tariffe illegittime quanto le delibere di Giunta che le avevano autorizzate. Altro tema per cui una nuova legge sarebbe risolutiva secondo il Presidente \u00e8 quello di &#8220;un vasto Piano di riqualificazione delle reti di distribuzione e di corretta gestione delle acque&#8221;, Piano in realt\u00e0 gi\u00e0 contenuto negli aggiornamenti dei Piani d&#8217;ambito delle ATI che la stessa Regione ha finanziato. I gestori d&#8217;ambito, auspichiamo pubblici, potranno attingere ai fondi del PNRR ed a quelli della programmazione EU 2021\/27 destinati all&#8217;idrico. Ma forse il vero tema \u00e8 proprio questo, chi gestir\u00e0 questi ingenti capitali pubblici; enti di diritto pubblico senza finalit\u00e0 di lucro come il Forum siciliano chiede da anni in attuazione dei Referendum Popolari del 2011 e come la legge vigente 19\/15 prevede o il super gestore del sovrambito magari in accordo con gli altri privati di cui \u00e8 creditore? Se a pensare male si indovina, la preoccupazione di tutelare il Bene Comune primario da ulteriori speculazioni e privatizzazioni \u00e8 fondata. Su questo chiediamo fin d&#8217;ora un incontro con il Governo e con tutte le forze politiche all&#8217;ARS.<\/p>\n<p><a href=\"https:\/\/www.facebook.com\/156826851044116\/posts\/4433898530003572\/\">comunicato<\/a> <strong><a href=\"https:\/\/www.facebook.com\/ForumAcquaeBeniComuniSicilia\/?__cft__%5b0%5d=AZXuXxpYJyCzvaATn2Jj0zwpteXN-u0zVeJNjWdpQa3yX0GXW8AhMvGltZtFKV_6odhuvzZAJNhIcU73e6TigC-xFKbjLDofuV4N2KST0IFIe2rkkLzLCcI75SU440hxgtFb7kYfW-FNXst6XxIyj7Ue&amp;__tn__=-UC%2CP-R\">Forum siciliano dei movimenti per l&#8217;Acqua e i Beni Comuni<\/a><\/strong><\/p>\n<p>&nbsp;<\/p>\n<p>&nbsp;<\/p>\n<p><strong>Coordinamento Regionale Comitati NO MUOS: 2001\\2021 vent\u2019anni di bugie &#8211; comunicato<\/strong><\/p>\n<p>Duemilamiliardi di dollari, \u00e8 questo il costo arrotondato per difetto speso dagli Usa per la guerra in Afghanistan. Una cifra che preferiamo scrivere in lettere perch\u00e9 si dimostra ancora pi\u00f9 enorme.<br \/>\nMa se il costo in denaro \u00e8 impressionante lo \u00e8 ancora di pi\u00f9 quello dei morti lasciati sul campo. Sono pi\u00f9 di 50.000 i morti civili afgani, i cosiddetti danni collaterali delle bombe americane e Nato, e cos\u00ec in tutto i morti raggiungono l\u2019agghiacciante cifra di 241.000.<br \/>\nPer cosa? La guerra al terrore scatenata da Bush all\u2019indomani dell\u201911 settembre 2001 doveva raggiungere due obiettivi: il primo, restituire al mondo occidentale sicurezza, ci\u00f2 ha significato per Usa e paesi allineati l\u2019istituzione di misure emergenziali che non si sono mai destituite provocando la militarizzazione dei nostri territori e delle nostre vite e il restringimento degli spazi di libert\u00e0 d\u2019espressione; il secondo, liberare il popolo afgano dal governo talebano.<br \/>\nL\u2019intero apparato della Nato, Italia inclusa, si alline\u00f2 per raggiungerli.<br \/>\nIl risultato? Buona parte del popolo afgano stanco dei morti e dei soprusi dei militari delle potenze imperialiste straniere ha favorito e sostenuto l\u2019avanzata della resistenza talebana che \u00e8 entrata trionfalmente a Kabul costringendo il personale delle potenze occidentali a scappare in elicottero dai tetti delle ambasciate assediate. Una grande e cocente sconfitta per gli eserciti pi\u00f9 potenti del mondo.<br \/>\nUna cosa sar\u00e0 chiara da questo momento in poi: la manfrina di esportare la pace e la cosiddetta democrazia occidentale \u00e8 la pi\u00f9 grande fake news mai divulgata. In venti anni di guerra l\u2019unica cosa che il popolo afgano ha ricevuto sono state bombe, massacri e l\u2019intero paese devastato; gli unici che si sono arricchiti sono le multinazionali della guerra che hanno venduto armi, munizioni ed interi eserciti di mercenari per fare i lavori pi\u00f9 sporchi.<br \/>\nAnche l\u2019Italia, collaboratrice d\u2019eccellenza con le sue basi militari di Aviano e Sigonella, esce con le ossa rotte da questa sconfitta; il bilancio \u00e8 di 9 miliardi di euro spesi e pi\u00f9 di 50 morti. Tragicomiche sono state le parole del Ministro della difesa Guerini qualche giorno prima della ritirata che con la sua faccia di bronzo continuava ad affermare il successo della missione, della stabilit\u00e0 delle istituzioni afgane che avrebbero dovuto guidare il paese, e ventilava dei possibili affari che la ricostruzione avrebbe dovuto portare alle solite tasche, aggiungiamo noi.<\/p>\n<p><strong><a href=\"https:\/\/www.nomuos.info\/2001-2021-ventanni-di-bugie\/\">leggi comunicato integrale<\/a> \u00a0<\/strong><\/p>\n<p><strong>\u00a0<\/strong><\/p>\n<p>&nbsp;<\/p>\n<p><em>Brevissime<\/em><\/p>\n<p><strong>Verso la #GiraZapatista\u00a0<\/strong>\u2013 Ragusa, oggi ala Rotonda \u201cMaria Occhipinti\u201d (ore 17.30) presentazione del libro di Orsetta Bellani \u201cIndios senza re \u2013 conversazione con le zapatiste e gli zapatisti su autonomia e resistenza\u201d, edizioni La Fiaccola.<\/p>\n<p><strong>Giudice amministrativo ferma la caccia in Sicilia: fauna decimata dagli incendi<\/strong>. Dopo il primo decreto cautelare del primo settembre che aveva stoppato la pre-apertura della stagione, il Tar &#8211; Sezione di Catania ha confermato la sospensione della stagione venatoria fino all&#8217;apertura cos\u00ec come indicata, con apposito parere scientifico, dall\u2019Ispra \u00a0che &#8211; come hanno rilevano le associazioni ambientaliste &#8211; \u201csuggeriva maggiore tutela per le popolazioni faunistiche stanziali e migratorie, gi\u00e0 decimate dagli incendi&#8221;. WWF Italia, Legambiente Sicilia, Lipu BirdLife Italia, LNDC Animal Protection ed Enpa dichiarano la piena soddisfazione per il risultato ottenuto nel merito della tutela degli animali selvatici. (<a href=\"https:\/\/www.facebook.com\/wwfinsicilia\/posts\/3075052472774884\">leggiQU\u00cc<\/a>)<\/p>\n<p><strong>Torna l\u2019aborto clandestino in Sicilia.<\/strong> Un\u2019inchiesta ha mostra che nell\u2019isola la percentuale di obiettori di coscienza \u00e8 dell\u201983%, negando de facto il diritto della donna. La realt\u00e0 \u00e8 per\u00f2 che gli aborti illegali non se ne sono mai andati: in Italia 1 medico su 7 non vuole praticare interruzioni di gravidanza e una donna incontra moltissime difficolt\u00e0 prima di riuscire a ottenerne una. A un anno di distanza dalle nuove linee guida sull\u2019aborto farmacologico, solo il Lazio le ha attuate davvero. In Italia la legge 194\/78 non \u00e8 rispettata. (<a href=\"https:\/\/thevision.com\/attualita\/obiettori-sicilia\/?fbclid=IwAR2GOiieGOYaCkYHGzCXU_kVYrtrKN6ydcl1YRFk-CR27BtdyxGAs4BGz0k\">leggiQU\u00cc<\/a>)<\/p>\n<p><strong><a href=\"https:\/\/www.facebook.com\/nonunadimenopalermo\/\">Non una di meno &#8211; Palermo<\/a>&#8211; \u00a0<\/strong><strong>Fimmin\u0259 &#8211; La Cultura \u00e8 Donna<\/strong><strong>:<\/strong> <strong>&#8220;Sessismo nel mondo dello spettacolo<\/strong>&#8220;- venerd\u00ec 17 ore 19:00 &#8211; MUSIC TALK \u00a0al Malox &#8211; Piazzetta Della Canna \u2013\u00a0 \u00abDevi comportarti come se fosse possibile cambiare radicalmente il mondo e devi farlo costantemente. E noi partiamo dalla nostra citt\u00e0, Palermo: il desiderio non conosce catene, cos\u00ec noi desideriamo celebrare la cultura come spazio transfemminista\u00bb. [<a href=\"https:\/\/www.facebook.com\/events\/844016822985406\">leggiQU\u00cc<\/a>]<\/p>\n<h2><\/h2>\n<p>&nbsp;<\/p>\n<p><strong>la rubrica\u00a0 \u00e8 soggetta ad aggiornamenti: per segnalazioni, contributi, comunicati stampa scrivere a <\/strong><a href=\"mailto:pressenza.redazionepalermo@gmail.com\">pressenza.redazionepalermo@gmail.com<\/a><\/p>\n<p><strong>\u00a0<\/strong><\/p>\n<h2><\/h2>\n","protected":false},"excerpt":{"rendered":"<p>Rubrica settimanale su eventi e fatti in Sicilia -a cura RedPA- ????: \u201c??? ???????? ?? ?????? ???? ?????? ???\u0300 ????? ? ???????????? ?? ?????? ?????????? ? ?? ?????? ????? ??? ?? ?????????? ? ? ??????? ????? ?????!\u201d Uniamoci alla Resistenza&hellip;<\/p>\n","protected":false},"author":1860,"featured_media":1428233,"comment_status":"closed","ping_status":"closed","sticky":false,"template":"","format":"standard","meta":{"footnotes":""},"categories":[150,56,59,57],"tags":[94776,459,4339,94779,4615,2997,94777,94778,94786],"class_list":["post-1428231","post","type-post","status-publish","format-standard","has-post-thumbnail","hentry","category-comunicati-stampa","category-cultura","category-ambiente-ecologia","category-affari-esteri","tag-94776","tag-afghanistan-it","tag-eventi","tag-forum-siciliano-dei-movimenti-per-lacqua","tag-gino-strada","tag-no-muos","tag-sportello-casa-asia","tag-staffettasiciliana","tag-volontarie-e-volontari-di-emergency"],"yoast_head":"<!-- This site is optimized with the Yoast SEO plugin v27.1.1 - https:\/\/yoast.com\/product\/yoast-seo-wordpress\/ -->\n<title>60#Palermo\u1eca\u019e\u1e3eovimento. Bloc-News della contronarrazione sociale<\/title>\n<meta name=\"description\" content=\"Rubrica settimanale su eventi e fatti in Sicilia -a cura RedPA- ????: \u201c??? ???????? ?? ?????? ???? ?????? ???\u0300 ????? ? ???????????? ?? ?????? ?????????? ?\" \/>\n<meta name=\"robots\" content=\"index, follow, max-snippet:-1, max-image-preview:large, max-video-preview:-1\" \/>\n<link rel=\"canonical\" href=\"https:\/\/www.pressenza.com\/it\/2021\/09\/60palermoi%c6%9e%e1%b8%bfovimento-bloc-news-della-contronarrazione-sociale\/\" \/>\n<meta property=\"og:locale\" content=\"it_IT\" \/>\n<meta property=\"og:type\" content=\"article\" \/>\n<meta property=\"og:title\" content=\"60#Palermo\u1eca\u019e\u1e3eovimento. Bloc-News della contronarrazione sociale\" \/>\n<meta property=\"og:description\" content=\"Rubrica settimanale su eventi e fatti in Sicilia -a cura RedPA- ????: \u201c??? ???????? ?? ?????? ???? ?????? ???\u0300 ????? ? ???????????? ?? ?????? ?????????? ?\" \/>\n<meta property=\"og:url\" content=\"https:\/\/www.pressenza.com\/it\/2021\/09\/60palermoi%c6%9e%e1%b8%bfovimento-bloc-news-della-contronarrazione-sociale\/\" \/>\n<meta property=\"og:site_name\" content=\"Pressenza\" \/>\n<meta property=\"article:publisher\" content=\"https:\/\/www.facebook.com\/PressenzaItalia\" \/>\n<meta property=\"article:published_time\" content=\"2021-09-11T11:06:42+00:00\" \/>\n<meta property=\"article:modified_time\" content=\"2021-09-14T13:23:21+00:00\" \/>\n<meta property=\"og:image\" content=\"https:\/\/www.pressenza.com\/wp-content\/uploads\/2021\/09\/1280px-TabulaRogeriana_PRESSENZA.jpg\" \/>\n\t<meta property=\"og:image:width\" content=\"980\" \/>\n\t<meta property=\"og:image:height\" content=\"524\" \/>\n\t<meta property=\"og:image:type\" content=\"image\/jpeg\" \/>\n<meta name=\"author\" content=\"Redazione Palermo\" \/>\n<meta name=\"twitter:card\" content=\"summary_large_image\" \/>\n<meta name=\"twitter:creator\" content=\"@PressenzaIPA\" \/>\n<meta name=\"twitter:site\" content=\"@PressenzaIPA\" \/>\n<meta name=\"twitter:label1\" content=\"Scritto da\" \/>\n\t<meta name=\"twitter:data1\" content=\"Redazione Palermo\" \/>\n\t<meta name=\"twitter:label2\" content=\"Tempo di lettura stimato\" \/>\n\t<meta name=\"twitter:data2\" content=\"11 minuti\" \/>\n<script type=\"application\/ld+json\" class=\"yoast-schema-graph\">{\"@context\":\"https:\/\/schema.org\",\"@graph\":[{\"@type\":\"Article\",\"@id\":\"https:\/\/www.pressenza.com\/it\/2021\/09\/60palermoi%c6%9e%e1%b8%bfovimento-bloc-news-della-contronarrazione-sociale\/#article\",\"isPartOf\":{\"@id\":\"https:\/\/www.pressenza.com\/it\/2021\/09\/60palermoi%c6%9e%e1%b8%bfovimento-bloc-news-della-contronarrazione-sociale\/\"},\"author\":{\"name\":\"Redazione Palermo\",\"@id\":\"https:\/\/www.pressenza.com\/it\/#\/schema\/person\/dd233b73788fa2d4f797777f9b6c1100\"},\"headline\":\"60#Palermo\u1eca\u019e\u1e3eovimento. Bloc-News della contronarrazione sociale\",\"datePublished\":\"2021-09-11T11:06:42+00:00\",\"dateModified\":\"2021-09-14T13:23:21+00:00\",\"mainEntityOfPage\":{\"@id\":\"https:\/\/www.pressenza.com\/it\/2021\/09\/60palermoi%c6%9e%e1%b8%bfovimento-bloc-news-della-contronarrazione-sociale\/\"},\"wordCount\":2278,\"publisher\":{\"@id\":\"https:\/\/www.pressenza.com\/it\/#organization\"},\"image\":{\"@id\":\"https:\/\/www.pressenza.com\/it\/2021\/09\/60palermoi%c6%9e%e1%b8%bfovimento-bloc-news-della-contronarrazione-sociale\/#primaryimage\"},\"thumbnailUrl\":\"https:\/\/www.pressenza.com\/wp-content\/uploads\/2021\/09\/1280px-TabulaRogeriana_PRESSENZA.jpg\",\"keywords\":[\"????\",\"Afghanistan\",\"eventi\",\"Forum siciliano dei movimenti per l'Acqua\",\"Gino Strada\",\"No Muos\",\"Sportello Casa Asia\",\"Staffettasiciliana\",\"Volontarie e Volontari di Emergency\"],\"articleSection\":[\"Comunicati Stampa\",\"Cultura e Media\",\"Ecologia ed Ambiente\",\"Questioni internazionali\"],\"inLanguage\":\"it-IT\"},{\"@type\":\"WebPage\",\"@id\":\"https:\/\/www.pressenza.com\/it\/2021\/09\/60palermoi%c6%9e%e1%b8%bfovimento-bloc-news-della-contronarrazione-sociale\/\",\"url\":\"https:\/\/www.pressenza.com\/it\/2021\/09\/60palermoi%c6%9e%e1%b8%bfovimento-bloc-news-della-contronarrazione-sociale\/\",\"name\":\"60#Palermo\u1eca\u019e\u1e3eovimento. Bloc-News della contronarrazione sociale\",\"isPartOf\":{\"@id\":\"https:\/\/www.pressenza.com\/it\/#website\"},\"primaryImageOfPage\":{\"@id\":\"https:\/\/www.pressenza.com\/it\/2021\/09\/60palermoi%c6%9e%e1%b8%bfovimento-bloc-news-della-contronarrazione-sociale\/#primaryimage\"},\"image\":{\"@id\":\"https:\/\/www.pressenza.com\/it\/2021\/09\/60palermoi%c6%9e%e1%b8%bfovimento-bloc-news-della-contronarrazione-sociale\/#primaryimage\"},\"thumbnailUrl\":\"https:\/\/www.pressenza.com\/wp-content\/uploads\/2021\/09\/1280px-TabulaRogeriana_PRESSENZA.jpg\",\"datePublished\":\"2021-09-11T11:06:42+00:00\",\"dateModified\":\"2021-09-14T13:23:21+00:00\",\"description\":\"Rubrica settimanale su eventi e fatti in Sicilia -a cura RedPA- ????: \u201c??? ???????? ?? ?????? ???? ?????? ???\u0300 ????? ? ???????????? ?? ?????? ?????????? ?\",\"breadcrumb\":{\"@id\":\"https:\/\/www.pressenza.com\/it\/2021\/09\/60palermoi%c6%9e%e1%b8%bfovimento-bloc-news-della-contronarrazione-sociale\/#breadcrumb\"},\"inLanguage\":\"it-IT\",\"potentialAction\":[{\"@type\":\"ReadAction\",\"target\":[\"https:\/\/www.pressenza.com\/it\/2021\/09\/60palermoi%c6%9e%e1%b8%bfovimento-bloc-news-della-contronarrazione-sociale\/\"]}]},{\"@type\":\"ImageObject\",\"inLanguage\":\"it-IT\",\"@id\":\"https:\/\/www.pressenza.com\/it\/2021\/09\/60palermoi%c6%9e%e1%b8%bfovimento-bloc-news-della-contronarrazione-sociale\/#primaryimage\",\"url\":\"https:\/\/www.pressenza.com\/wp-content\/uploads\/2021\/09\/1280px-TabulaRogeriana_PRESSENZA.jpg\",\"contentUrl\":\"https:\/\/www.pressenza.com\/wp-content\/uploads\/2021\/09\/1280px-TabulaRogeriana_PRESSENZA.jpg\",\"width\":980,\"height\":524},{\"@type\":\"BreadcrumbList\",\"@id\":\"https:\/\/www.pressenza.com\/it\/2021\/09\/60palermoi%c6%9e%e1%b8%bfovimento-bloc-news-della-contronarrazione-sociale\/#breadcrumb\",\"itemListElement\":[{\"@type\":\"ListItem\",\"position\":1,\"name\":\"Accueil\",\"item\":\"https:\/\/www.pressenza.com\/it\/\"},{\"@type\":\"ListItem\",\"position\":2,\"name\":\"60#Palermo\u1eca\u019e\u1e3eovimento. Bloc-News della contronarrazione sociale\"}]},{\"@type\":\"WebSite\",\"@id\":\"https:\/\/www.pressenza.com\/it\/#website\",\"url\":\"https:\/\/www.pressenza.com\/it\/\",\"name\":\"Pressenza\",\"description\":\"Agenzia di Stampa Internazionale\",\"publisher\":{\"@id\":\"https:\/\/www.pressenza.com\/it\/#organization\"},\"potentialAction\":[{\"@type\":\"SearchAction\",\"target\":{\"@type\":\"EntryPoint\",\"urlTemplate\":\"https:\/\/www.pressenza.com\/it\/?s={search_term_string}\"},\"query-input\":{\"@type\":\"PropertyValueSpecification\",\"valueRequired\":true,\"valueName\":\"search_term_string\"}}],\"inLanguage\":\"it-IT\"},{\"@type\":\"Organization\",\"@id\":\"https:\/\/www.pressenza.com\/it\/#organization\",\"name\":\"Pressenza\",\"url\":\"https:\/\/www.pressenza.com\/it\/\",\"logo\":{\"@type\":\"ImageObject\",\"inLanguage\":\"it-IT\",\"@id\":\"https:\/\/www.pressenza.com\/it\/#\/schema\/logo\/image\/\",\"url\":\"https:\/\/www.pressenza.com\/wp-content\/uploads\/2022\/10\/pressenza_logo_200x200.jpg\",\"contentUrl\":\"https:\/\/www.pressenza.com\/wp-content\/uploads\/2022\/10\/pressenza_logo_200x200.jpg\",\"width\":200,\"height\":200,\"caption\":\"Pressenza\"},\"image\":{\"@id\":\"https:\/\/www.pressenza.com\/it\/#\/schema\/logo\/image\/\"},\"sameAs\":[\"https:\/\/www.facebook.com\/PressenzaItalia\",\"https:\/\/x.com\/PressenzaIPA\"]},{\"@type\":\"Person\",\"@id\":\"https:\/\/www.pressenza.com\/it\/#\/schema\/person\/dd233b73788fa2d4f797777f9b6c1100\",\"name\":\"Redazione Palermo\",\"description\":\"News from the Pressenza Bureau in Palermo, Italy\",\"url\":\"https:\/\/www.pressenza.com\/it\/author\/redazione-palermo\/\"}]}<\/script>\n<!-- \/ Yoast SEO plugin. -->","yoast_head_json":{"title":"60#Palermo\u1eca\u019e\u1e3eovimento. Bloc-News della contronarrazione sociale","description":"Rubrica settimanale su eventi e fatti in Sicilia -a cura RedPA- ????: \u201c??? ???????? ?? ?????? ???? ?????? ???\u0300 ????? ? ???????????? ?? ?????? ?????????? ?","robots":{"index":"index","follow":"follow","max-snippet":"max-snippet:-1","max-image-preview":"max-image-preview:large","max-video-preview":"max-video-preview:-1"},"canonical":"https:\/\/www.pressenza.com\/it\/2021\/09\/60palermoi%c6%9e%e1%b8%bfovimento-bloc-news-della-contronarrazione-sociale\/","og_locale":"it_IT","og_type":"article","og_title":"60#Palermo\u1eca\u019e\u1e3eovimento. Bloc-News della contronarrazione sociale","og_description":"Rubrica settimanale su eventi e fatti in Sicilia -a cura RedPA- ????: \u201c??? ???????? ?? ?????? ???? ?????? ???\u0300 ????? ? ???????????? ?? ?????? ?????????? ?","og_url":"https:\/\/www.pressenza.com\/it\/2021\/09\/60palermoi%c6%9e%e1%b8%bfovimento-bloc-news-della-contronarrazione-sociale\/","og_site_name":"Pressenza","article_publisher":"https:\/\/www.facebook.com\/PressenzaItalia","article_published_time":"2021-09-11T11:06:42+00:00","article_modified_time":"2021-09-14T13:23:21+00:00","og_image":[{"width":980,"height":524,"url":"https:\/\/www.pressenza.com\/wp-content\/uploads\/2021\/09\/1280px-TabulaRogeriana_PRESSENZA.jpg","type":"image\/jpeg"}],"author":"Redazione Palermo","twitter_card":"summary_large_image","twitter_creator":"@PressenzaIPA","twitter_site":"@PressenzaIPA","twitter_misc":{"Scritto da":"Redazione Palermo","Tempo di lettura stimato":"11 minuti"},"schema":{"@context":"https:\/\/schema.org","@graph":[{"@type":"Article","@id":"https:\/\/www.pressenza.com\/it\/2021\/09\/60palermoi%c6%9e%e1%b8%bfovimento-bloc-news-della-contronarrazione-sociale\/#article","isPartOf":{"@id":"https:\/\/www.pressenza.com\/it\/2021\/09\/60palermoi%c6%9e%e1%b8%bfovimento-bloc-news-della-contronarrazione-sociale\/"},"author":{"name":"Redazione Palermo","@id":"https:\/\/www.pressenza.com\/it\/#\/schema\/person\/dd233b73788fa2d4f797777f9b6c1100"},"headline":"60#Palermo\u1eca\u019e\u1e3eovimento. Bloc-News della contronarrazione sociale","datePublished":"2021-09-11T11:06:42+00:00","dateModified":"2021-09-14T13:23:21+00:00","mainEntityOfPage":{"@id":"https:\/\/www.pressenza.com\/it\/2021\/09\/60palermoi%c6%9e%e1%b8%bfovimento-bloc-news-della-contronarrazione-sociale\/"},"wordCount":2278,"publisher":{"@id":"https:\/\/www.pressenza.com\/it\/#organization"},"image":{"@id":"https:\/\/www.pressenza.com\/it\/2021\/09\/60palermoi%c6%9e%e1%b8%bfovimento-bloc-news-della-contronarrazione-sociale\/#primaryimage"},"thumbnailUrl":"https:\/\/www.pressenza.com\/wp-content\/uploads\/2021\/09\/1280px-TabulaRogeriana_PRESSENZA.jpg","keywords":["????","Afghanistan","eventi","Forum siciliano dei movimenti per l'Acqua","Gino Strada","No Muos","Sportello Casa Asia","Staffettasiciliana","Volontarie e Volontari di Emergency"],"articleSection":["Comunicati Stampa","Cultura e Media","Ecologia ed Ambiente","Questioni internazionali"],"inLanguage":"it-IT"},{"@type":"WebPage","@id":"https:\/\/www.pressenza.com\/it\/2021\/09\/60palermoi%c6%9e%e1%b8%bfovimento-bloc-news-della-contronarrazione-sociale\/","url":"https:\/\/www.pressenza.com\/it\/2021\/09\/60palermoi%c6%9e%e1%b8%bfovimento-bloc-news-della-contronarrazione-sociale\/","name":"60#Palermo\u1eca\u019e\u1e3eovimento. Bloc-News della contronarrazione sociale","isPartOf":{"@id":"https:\/\/www.pressenza.com\/it\/#website"},"primaryImageOfPage":{"@id":"https:\/\/www.pressenza.com\/it\/2021\/09\/60palermoi%c6%9e%e1%b8%bfovimento-bloc-news-della-contronarrazione-sociale\/#primaryimage"},"image":{"@id":"https:\/\/www.pressenza.com\/it\/2021\/09\/60palermoi%c6%9e%e1%b8%bfovimento-bloc-news-della-contronarrazione-sociale\/#primaryimage"},"thumbnailUrl":"https:\/\/www.pressenza.com\/wp-content\/uploads\/2021\/09\/1280px-TabulaRogeriana_PRESSENZA.jpg","datePublished":"2021-09-11T11:06:42+00:00","dateModified":"2021-09-14T13:23:21+00:00","description":"Rubrica settimanale su eventi e fatti in Sicilia -a cura RedPA- ????: \u201c??? ???????? ?? ?????? ???? ?????? ???\u0300 ????? ? ???????????? ?? ?????? ?????????? ?","breadcrumb":{"@id":"https:\/\/www.pressenza.com\/it\/2021\/09\/60palermoi%c6%9e%e1%b8%bfovimento-bloc-news-della-contronarrazione-sociale\/#breadcrumb"},"inLanguage":"it-IT","potentialAction":[{"@type":"ReadAction","target":["https:\/\/www.pressenza.com\/it\/2021\/09\/60palermoi%c6%9e%e1%b8%bfovimento-bloc-news-della-contronarrazione-sociale\/"]}]},{"@type":"ImageObject","inLanguage":"it-IT","@id":"https:\/\/www.pressenza.com\/it\/2021\/09\/60palermoi%c6%9e%e1%b8%bfovimento-bloc-news-della-contronarrazione-sociale\/#primaryimage","url":"https:\/\/www.pressenza.com\/wp-content\/uploads\/2021\/09\/1280px-TabulaRogeriana_PRESSENZA.jpg","contentUrl":"https:\/\/www.pressenza.com\/wp-content\/uploads\/2021\/09\/1280px-TabulaRogeriana_PRESSENZA.jpg","width":980,"height":524},{"@type":"BreadcrumbList","@id":"https:\/\/www.pressenza.com\/it\/2021\/09\/60palermoi%c6%9e%e1%b8%bfovimento-bloc-news-della-contronarrazione-sociale\/#breadcrumb","itemListElement":[{"@type":"ListItem","position":1,"name":"Accueil","item":"https:\/\/www.pressenza.com\/it\/"},{"@type":"ListItem","position":2,"name":"60#Palermo\u1eca\u019e\u1e3eovimento. Bloc-News della contronarrazione sociale"}]},{"@type":"WebSite","@id":"https:\/\/www.pressenza.com\/it\/#website","url":"https:\/\/www.pressenza.com\/it\/","name":"Pressenza","description":"Agenzia di Stampa Internazionale","publisher":{"@id":"https:\/\/www.pressenza.com\/it\/#organization"},"potentialAction":[{"@type":"SearchAction","target":{"@type":"EntryPoint","urlTemplate":"https:\/\/www.pressenza.com\/it\/?s={search_term_string}"},"query-input":{"@type":"PropertyValueSpecification","valueRequired":true,"valueName":"search_term_string"}}],"inLanguage":"it-IT"},{"@type":"Organization","@id":"https:\/\/www.pressenza.com\/it\/#organization","name":"Pressenza","url":"https:\/\/www.pressenza.com\/it\/","logo":{"@type":"ImageObject","inLanguage":"it-IT","@id":"https:\/\/www.pressenza.com\/it\/#\/schema\/logo\/image\/","url":"https:\/\/www.pressenza.com\/wp-content\/uploads\/2022\/10\/pressenza_logo_200x200.jpg","contentUrl":"https:\/\/www.pressenza.com\/wp-content\/uploads\/2022\/10\/pressenza_logo_200x200.jpg","width":200,"height":200,"caption":"Pressenza"},"image":{"@id":"https:\/\/www.pressenza.com\/it\/#\/schema\/logo\/image\/"},"sameAs":["https:\/\/www.facebook.com\/PressenzaItalia","https:\/\/x.com\/PressenzaIPA"]},{"@type":"Person","@id":"https:\/\/www.pressenza.com\/it\/#\/schema\/person\/dd233b73788fa2d4f797777f9b6c1100","name":"Redazione Palermo","description":"News from the Pressenza Bureau in Palermo, Italy","url":"https:\/\/www.pressenza.com\/it\/author\/redazione-palermo\/"}]}},"place":"","original_article_url":"","_links":{"self":[{"href":"https:\/\/www.pressenza.com\/it\/wp-json\/wp\/v2\/posts\/1428231","targetHints":{"allow":["GET"]}}],"collection":[{"href":"https:\/\/www.pressenza.com\/it\/wp-json\/wp\/v2\/posts"}],"about":[{"href":"https:\/\/www.pressenza.com\/it\/wp-json\/wp\/v2\/types\/post"}],"author":[{"embeddable":true,"href":"https:\/\/www.pressenza.com\/it\/wp-json\/wp\/v2\/users\/1860"}],"replies":[{"embeddable":true,"href":"https:\/\/www.pressenza.com\/it\/wp-json\/wp\/v2\/comments?post=1428231"}],"version-history":[{"count":0,"href":"https:\/\/www.pressenza.com\/it\/wp-json\/wp\/v2\/posts\/1428231\/revisions"}],"wp:featuredmedia":[{"embeddable":true,"href":"https:\/\/www.pressenza.com\/it\/wp-json\/wp\/v2\/media\/1428233"}],"wp:attachment":[{"href":"https:\/\/www.pressenza.com\/it\/wp-json\/wp\/v2\/media?parent=1428231"}],"wp:term":[{"taxonomy":"category","embeddable":true,"href":"https:\/\/www.pressenza.com\/it\/wp-json\/wp\/v2\/categories?post=1428231"},{"taxonomy":"post_tag","embeddable":true,"href":"https:\/\/www.pressenza.com\/it\/wp-json\/wp\/v2\/tags?post=1428231"}],"curies":[{"name":"wp","href":"https:\/\/api.w.org\/{rel}","templated":true}]}}