{"id":1426216,"date":"2021-09-07T21:34:03","date_gmt":"2021-09-07T20:34:03","guid":{"rendered":"https:\/\/www.pressenza.com\/?p=1426216"},"modified":"2021-09-07T21:36:23","modified_gmt":"2021-09-07T20:36:23","slug":"e-adesso-il-tempo-della-scuola-sconfinata-si-puo-fare","status":"publish","type":"post","link":"https:\/\/www.pressenza.com\/it\/2021\/09\/e-adesso-il-tempo-della-scuola-sconfinata-si-puo-fare\/","title":{"rendered":"\u00c8 adesso il tempo della Scuola Sconfinata. Si pu\u00f2 fare!"},"content":{"rendered":"<p>Inizia un\u00a0<strong>nuovo anno scolastico<\/strong> e si inaugura con un dibattito aperto\u00a0<strong>a partire dal libro<\/strong>\u00a0<a href=\"https:\/\/fondazionefeltrinelli.it\/schede\/scuola-sconfinata-per-una-rivoluzione-educativa\/\"><strong>Scuola Sconfinata. Proposta per una rivoluzione educativa<\/strong><strong>,\u00a0<\/strong><\/a> per riflettere su alcune domande che sembrano ancora senza risposta. <strong>Di quale rivoluzione parliamo?<\/strong> \u00c8 davvero possibile far\u00a0<strong>sconfinare la scuola<\/strong>? Qual \u00e8 il ruolo delle\u00a0<strong>persone<\/strong>\u00a0che abitano la scuola e di ogni cittadino e cittadina?<\/p>\n<p>Gioved\u00ec 9 settembre, presso la sede della Fondazione Feltrinelli, <a href=\"https:\/\/fondazionefeltrinelli.it\/schede\/scuola-sconfinata-per-una-rivoluzione-educativa\/\">autrici e autori<\/a> del libro <strong><em>Scuola Sconfinata<\/em><\/strong> presenteranno la loro proposta, dialogando con la giornalista Lorenza Ghedini, il direttore della Fondazione Feltrinelli Massimiliano Tarantino e Yuri Coppi, dirigente dell\u2019ufficio Scolastico territoriale di Milano. Sono previsti i saluti istituzionali del Ministro dell\u2019Istruzione Patrizio Bianchi e al termine un confronto con il pubblico.<\/p>\n<p><strong><em>Scuola Sconfinata<\/em><\/strong> \u00e8 una proposta educativa concreta e una visione che supera l\u2019emergenza dettata dalla pandemia. Nasce dallo scambio tra persone con professionalit\u00e0 e provenienza geografica diversa, accomunate dall\u2019amore per i diritti e la felicit\u00e0 delle persone e dalla convinzione che la scuola abbia urgente bisogno di cura e della collaborazione attiva di ciascun cittadino e cittadina.<\/p>\n<p><strong>Saranno affrontati i punti cardine di una possibile rivoluzione educativa<\/strong>:<\/p>\n<p><strong>1) LA VOCE SEMPRE PRESENTE DI BAMBINE, BAMBINI RAGAZZE E RAGAZZI<\/strong><\/p>\n<p><strong>#<\/strong><strong><em>felicit\u00e0 #partecipazione<\/em><\/strong><\/p>\n<p>Nella <strong><em>Scuola Sconfinata<\/em><\/strong> la partecipazione democratica e attiva di alunne e alunni si affianca a quella degli adulti. Ascolto e dialogo sono fondamentali per favorire processi in cui possano affrontare problemi e partecipare al processo decisionale riguardante la loro vita scolastica.<\/p>\n<p><strong>2) LA DIDATTICA ATTIVA E COOPERATIVA<\/strong><\/p>\n<p><strong>#<\/strong><strong><em>maieutica, #interdisciplinarit\u00e0, #multi-linguaggio<\/em><\/strong><\/p>\n<p>Le lezioni frontali e l\u2019utilizzo rigido dell\u2019aula ostacolano l\u2019apprendimento curioso e obbligano a guardare in una sola direzione. La rivoluzione didattica della <strong><em>Scuola Sconfinata<\/em><\/strong> promuove una didattica interdisciplinare, maieutica, attiva. Mette al centro il corpo, favorisce l\u2019attivazione di linguaggi espressivi diversi, affronta contenuti motivanti.<\/p>\n<p><strong>3) GLI SPAZI COME OPIFICI PEDAGOGICI<\/strong><\/p>\n<p><strong>#<\/strong><strong><em>geografia dell\u2019educazione #desiderio #cultura urbana<\/em><\/strong><\/p>\n<p>Le architetture per l\u2019apprendimento dovrebbero possedere una ricchezza di funzioni e spazi in grado di travalicare il confine dell\u2019edificio, stabilire sinergie tra vita scolastica e vita della citt\u00e0 e concorrere in un sistema di servizi a scala urbana.<\/p>\n<p><strong>4) LE PERSONE E LE RELAZIONI GENERATIVE AL CENTRO <\/strong><\/p>\n<p><strong>#<\/strong><strong><em>nonviolenza, #co-progettazione, #tutoring <\/em><\/strong><\/p>\n<p>Molte persone piccole e grandi abitano una <strong><em>Scuola Sconfinata<\/em><\/strong>. Le relazioni \u2018mordi e fuggi\u2019 vanno trasformate in un corpo unico che si prende cura dello sviluppo benefico di quella comunit\u00e0. Chiediamo ai legislatori di rimodulare contratti e assunzioni, in particolare di aumentare il numero di docenti nell\u2019organico di ciascuna scuola, per ripristinare la compresenza e ridurre il rapporto medio tra numero di studenti e di insegnanti; di prevedere una formazione continua sulle abilit\u00e0 \u2018umane\u2019 e nonviolente per tutte le componenti della comunit\u00e0 scolastica, all\u2019interno dell\u2019orario lavorativo.<\/p>\n<p><strong>5) I PATTI DI COMUNIT\u00c0 COME RETE REALE NEL TERRITORIO IMMEDIATO<\/strong><\/p>\n<p><strong>#<em>circolarit\u00e0, #dinamiche reciproche, #comunit\u00e0<\/em><\/strong><\/p>\n<p>In molte scuole si sta gi\u00e0 sconfinando, ma i modelli esistenti sono binari: la scuola esce (la gita, la visita, \u2026); il fuori entra (l\u2019orto in classe, l\u2019associazione che entra a scuola\u2026). \u00c8 invece necessario rimettere in circolarit\u00e0 queste due dinamiche, con reciprocit\u00e0 e interazione tra dentro e fuori.<\/p>\n<p><strong>6) LA PREVENZIONE DELLA SALUTE INTESA COME SALUTOGENESI<\/strong><\/p>\n<p><strong><em>#salutogenesi, #school caring<\/em><\/strong><\/p>\n<p>Intendiamo la salute come ricerca costante di una condizione dinamica di benessere. \u2018Prevenzione\u2019 significa porre le condizioni per stare bene, senza medicalizzare. \u00c8 necessario un percorso articolato e complessivo a condizione che ci sia un patto di salute tra docenti, famiglie e strutture territoriali per mettere al centro lo stato di benessere di tutte le allieve e gli allievi e di tutti coloro che se ne prendono cura.<\/p>\n<p><strong>7) IL DIGITALE COME AIUTO PER UNA COMUNIT\u00c0 DEMOCRATICA<\/strong><\/p>\n<p><strong>#ecologia digitale #educomunicazione<\/strong><\/p>\n<p>Il digitale diventa un veicolo per sconfinare, ma non si pu\u00f2 polarizzare presenza\/online. Va dunque favorita una scuola fondata sull\u2019uguaglianza di opportunit\u00e0, ponendosi in un&#8217;ottica di \u2018edu-comunicazione\u2019, formando docenti e alunni e alunne al \u2018modo\u2019 pi\u00f9 che al \u2018mezzo\u2019.\u00a0 Per una rivoluzione educativa servono un digitale democratico, infrastrutture di rete e dotazioni tecnologiche.<\/p>\n<p><strong>Appuntamento gioved\u00ec 9 settembre ore 18.30<\/strong><\/p>\n<p><strong>Viale Pasubio 5, Milano<\/strong><\/p>\n<p>Sar\u00e0 anche l&#8217;occasione per ritirare una copia (gratuita) del libro \u2018Scuola Sconfinata. Per una rivoluzione educativa\u2019 (Fondazione Feltrinelli 2021)<\/p>\n<p><strong>Q<\/strong><strong>ui<\/strong> <strong>tutti i dettagli per prenotare in presenza<\/strong> (Attenzione, \u00e8 necessario il Green Pass):<\/p>\n<p><a href=\"https:\/\/fondazionefeltrinelli.it\/eventi\/scuolasconfinata\/\">https:\/\/fondazionefeltrinelli.it\/eventi\/scuolasconfinata\/<\/a><\/p>\n<p><strong>Q<\/strong><strong>ui per seguire in streaming:<\/strong><\/p>\n<p><a href=\"https:\/\/fondazionefeltrinelli.it\/live\/\">https:\/\/fondazionefeltrinelli.it\/live\/<\/a> oppure sulla pagina FB di Feltrinelli\u00a0 <a href=\"https:\/\/www.facebook.com\/FondazioneFeltrinelli\">https:\/\/www.facebook.com\/FondazioneFeltrinelli<\/a><\/p>\n<p><strong>Qui<\/strong> <strong>per partecipare al gruppo FB:<\/strong> <a href=\"https:\/\/www.facebook.com\/groups\/scuolasconfinata\">https:\/\/www.facebook.com\/groups\/scuolasconfinata<\/a><\/p>\n<p>&nbsp;<\/p>\n<p>&nbsp;<\/p>\n","protected":false},"excerpt":{"rendered":"<p>Inizia un\u00a0nuovo anno scolastico e si inaugura con un dibattito aperto\u00a0a partire dal libro\u00a0Scuola Sconfinata. Proposta per una rivoluzione educativa,\u00a0 per riflettere su alcune domande che sembrano ancora senza risposta. Di quale rivoluzione parliamo? \u00c8 davvero possibile far\u00a0sconfinare la scuola?&hellip;<\/p>\n","protected":false},"author":594,"featured_media":1426217,"comment_status":"closed","ping_status":"closed","sticky":false,"template":"","format":"standard","meta":{"footnotes":""},"categories":[11388,1258,47],"tags":[7975,94619,75278],"class_list":["post-1426216","post","type-post","status-publish","format-standard","has-post-thumbnail","hentry","category-contenuti-originali","category-educazione","category-europa","tag-presentazione","tag-rivoluzione-educativa","tag-scuola-sconfinata"],"yoast_head":"<!-- This site is optimized with the Yoast SEO plugin v27.1.1 - https:\/\/yoast.com\/product\/yoast-seo-wordpress\/ -->\n<title>\u00c8 adesso il tempo della Scuola Sconfinata. Si pu\u00f2 fare!<\/title>\n<meta name=\"description\" content=\"Inizia un\u00a0nuovo anno scolastico e si inaugura con un dibattito aperto\u00a0a partire dal libro\u00a0Scuola Sconfinata. Proposta per una rivoluzione educativa,\u00a0 per\" \/>\n<meta name=\"robots\" content=\"index, follow, max-snippet:-1, max-image-preview:large, max-video-preview:-1\" \/>\n<link rel=\"canonical\" href=\"https:\/\/www.pressenza.com\/it\/2021\/09\/e-adesso-il-tempo-della-scuola-sconfinata-si-puo-fare\/\" \/>\n<meta property=\"og:locale\" content=\"it_IT\" \/>\n<meta property=\"og:type\" content=\"article\" \/>\n<meta property=\"og:title\" content=\"\u00c8 adesso il tempo della Scuola Sconfinata. Si pu\u00f2 fare!\" \/>\n<meta property=\"og:description\" content=\"Inizia un\u00a0nuovo anno scolastico e si inaugura con un dibattito aperto\u00a0a partire dal libro\u00a0Scuola Sconfinata. Proposta per una rivoluzione educativa,\u00a0 per\" \/>\n<meta property=\"og:url\" content=\"https:\/\/www.pressenza.com\/it\/2021\/09\/e-adesso-il-tempo-della-scuola-sconfinata-si-puo-fare\/\" \/>\n<meta property=\"og:site_name\" content=\"Pressenza\" \/>\n<meta property=\"article:publisher\" content=\"https:\/\/www.facebook.com\/PressenzaItalia\" \/>\n<meta property=\"article:author\" content=\"https:\/\/www.facebook.com\/PressenzaItalia\" \/>\n<meta property=\"article:published_time\" content=\"2021-09-07T20:34:03+00:00\" \/>\n<meta property=\"article:modified_time\" content=\"2021-09-07T20:36:23+00:00\" \/>\n<meta property=\"og:image\" content=\"https:\/\/www.pressenza.com\/wp-content\/uploads\/2021\/09\/binba-sc-sc.jpg\" \/>\n\t<meta property=\"og:image:width\" content=\"837\" \/>\n\t<meta property=\"og:image:height\" content=\"524\" \/>\n\t<meta property=\"og:image:type\" content=\"image\/jpeg\" \/>\n<meta name=\"author\" content=\"Redazione Italia\" \/>\n<meta name=\"twitter:card\" content=\"summary_large_image\" \/>\n<meta name=\"twitter:creator\" content=\"@pressenza_it\" \/>\n<meta name=\"twitter:site\" content=\"@PressenzaIPA\" \/>\n<meta name=\"twitter:label1\" content=\"Scritto da\" \/>\n\t<meta name=\"twitter:data1\" content=\"Redazione Italia\" \/>\n\t<meta name=\"twitter:label2\" content=\"Tempo di lettura stimato\" \/>\n\t<meta name=\"twitter:data2\" content=\"4 minuti\" \/>\n<script type=\"application\/ld+json\" class=\"yoast-schema-graph\">{\"@context\":\"https:\/\/schema.org\",\"@graph\":[{\"@type\":\"Article\",\"@id\":\"https:\/\/www.pressenza.com\/it\/2021\/09\/e-adesso-il-tempo-della-scuola-sconfinata-si-puo-fare\/#article\",\"isPartOf\":{\"@id\":\"https:\/\/www.pressenza.com\/it\/2021\/09\/e-adesso-il-tempo-della-scuola-sconfinata-si-puo-fare\/\"},\"author\":{\"name\":\"Redazione Italia\",\"@id\":\"https:\/\/www.pressenza.com\/it\/#\/schema\/person\/d983e81827ae24f2c7b1a2123d197f8d\"},\"headline\":\"\u00c8 adesso il tempo della Scuola Sconfinata. Si pu\u00f2 fare!\",\"datePublished\":\"2021-09-07T20:34:03+00:00\",\"dateModified\":\"2021-09-07T20:36:23+00:00\",\"mainEntityOfPage\":{\"@id\":\"https:\/\/www.pressenza.com\/it\/2021\/09\/e-adesso-il-tempo-della-scuola-sconfinata-si-puo-fare\/\"},\"wordCount\":743,\"publisher\":{\"@id\":\"https:\/\/www.pressenza.com\/it\/#organization\"},\"image\":{\"@id\":\"https:\/\/www.pressenza.com\/it\/2021\/09\/e-adesso-il-tempo-della-scuola-sconfinata-si-puo-fare\/#primaryimage\"},\"thumbnailUrl\":\"https:\/\/www.pressenza.com\/wp-content\/uploads\/2021\/09\/binba-sc-sc.jpg\",\"keywords\":[\"presentazione\",\"rivoluzione educativa\",\"scuola sconfinata\"],\"articleSection\":[\"contenuti originali\",\"Educazione\",\"Europa\"],\"inLanguage\":\"it-IT\"},{\"@type\":\"WebPage\",\"@id\":\"https:\/\/www.pressenza.com\/it\/2021\/09\/e-adesso-il-tempo-della-scuola-sconfinata-si-puo-fare\/\",\"url\":\"https:\/\/www.pressenza.com\/it\/2021\/09\/e-adesso-il-tempo-della-scuola-sconfinata-si-puo-fare\/\",\"name\":\"\u00c8 adesso il tempo della Scuola Sconfinata. Si pu\u00f2 fare!\",\"isPartOf\":{\"@id\":\"https:\/\/www.pressenza.com\/it\/#website\"},\"primaryImageOfPage\":{\"@id\":\"https:\/\/www.pressenza.com\/it\/2021\/09\/e-adesso-il-tempo-della-scuola-sconfinata-si-puo-fare\/#primaryimage\"},\"image\":{\"@id\":\"https:\/\/www.pressenza.com\/it\/2021\/09\/e-adesso-il-tempo-della-scuola-sconfinata-si-puo-fare\/#primaryimage\"},\"thumbnailUrl\":\"https:\/\/www.pressenza.com\/wp-content\/uploads\/2021\/09\/binba-sc-sc.jpg\",\"datePublished\":\"2021-09-07T20:34:03+00:00\",\"dateModified\":\"2021-09-07T20:36:23+00:00\",\"description\":\"Inizia un\u00a0nuovo anno scolastico e si inaugura con un dibattito aperto\u00a0a partire dal libro\u00a0Scuola Sconfinata. Proposta per una rivoluzione educativa,\u00a0 per\",\"breadcrumb\":{\"@id\":\"https:\/\/www.pressenza.com\/it\/2021\/09\/e-adesso-il-tempo-della-scuola-sconfinata-si-puo-fare\/#breadcrumb\"},\"inLanguage\":\"it-IT\",\"potentialAction\":[{\"@type\":\"ReadAction\",\"target\":[\"https:\/\/www.pressenza.com\/it\/2021\/09\/e-adesso-il-tempo-della-scuola-sconfinata-si-puo-fare\/\"]}]},{\"@type\":\"ImageObject\",\"inLanguage\":\"it-IT\",\"@id\":\"https:\/\/www.pressenza.com\/it\/2021\/09\/e-adesso-il-tempo-della-scuola-sconfinata-si-puo-fare\/#primaryimage\",\"url\":\"https:\/\/www.pressenza.com\/wp-content\/uploads\/2021\/09\/binba-sc-sc.jpg\",\"contentUrl\":\"https:\/\/www.pressenza.com\/wp-content\/uploads\/2021\/09\/binba-sc-sc.jpg\",\"width\":837,\"height\":524},{\"@type\":\"BreadcrumbList\",\"@id\":\"https:\/\/www.pressenza.com\/it\/2021\/09\/e-adesso-il-tempo-della-scuola-sconfinata-si-puo-fare\/#breadcrumb\",\"itemListElement\":[{\"@type\":\"ListItem\",\"position\":1,\"name\":\"Accueil\",\"item\":\"https:\/\/www.pressenza.com\/it\/\"},{\"@type\":\"ListItem\",\"position\":2,\"name\":\"\u00c8 adesso il tempo della Scuola Sconfinata. Si pu\u00f2 fare!\"}]},{\"@type\":\"WebSite\",\"@id\":\"https:\/\/www.pressenza.com\/it\/#website\",\"url\":\"https:\/\/www.pressenza.com\/it\/\",\"name\":\"Pressenza\",\"description\":\"Agenzia di Stampa Internazionale\",\"publisher\":{\"@id\":\"https:\/\/www.pressenza.com\/it\/#organization\"},\"potentialAction\":[{\"@type\":\"SearchAction\",\"target\":{\"@type\":\"EntryPoint\",\"urlTemplate\":\"https:\/\/www.pressenza.com\/it\/?s={search_term_string}\"},\"query-input\":{\"@type\":\"PropertyValueSpecification\",\"valueRequired\":true,\"valueName\":\"search_term_string\"}}],\"inLanguage\":\"it-IT\"},{\"@type\":\"Organization\",\"@id\":\"https:\/\/www.pressenza.com\/it\/#organization\",\"name\":\"Pressenza\",\"url\":\"https:\/\/www.pressenza.com\/it\/\",\"logo\":{\"@type\":\"ImageObject\",\"inLanguage\":\"it-IT\",\"@id\":\"https:\/\/www.pressenza.com\/it\/#\/schema\/logo\/image\/\",\"url\":\"https:\/\/www.pressenza.com\/wp-content\/uploads\/2022\/10\/pressenza_logo_200x200.jpg\",\"contentUrl\":\"https:\/\/www.pressenza.com\/wp-content\/uploads\/2022\/10\/pressenza_logo_200x200.jpg\",\"width\":200,\"height\":200,\"caption\":\"Pressenza\"},\"image\":{\"@id\":\"https:\/\/www.pressenza.com\/it\/#\/schema\/logo\/image\/\"},\"sameAs\":[\"https:\/\/www.facebook.com\/PressenzaItalia\",\"https:\/\/x.com\/PressenzaIPA\"]},{\"@type\":\"Person\",\"@id\":\"https:\/\/www.pressenza.com\/it\/#\/schema\/person\/d983e81827ae24f2c7b1a2123d197f8d\",\"name\":\"Redazione Italia\",\"description\":\"News from the Pressenza Bureau in Italy\",\"sameAs\":[\"https:\/\/www.pressenza.com\/it\/author\/redazione-italia\/\",\"https:\/\/www.facebook.com\/PressenzaItalia\",\"https:\/\/www.instagram.com\/pressenza_italia\/\",\"https:\/\/x.com\/pressenza_it\",\"https:\/\/www.youtube.com\/channel\/UCSalEIWjE1RSxkwjfftFuqg\"],\"url\":\"https:\/\/www.pressenza.com\/it\/author\/redazione-italia\/\"}]}<\/script>\n<!-- \/ Yoast SEO plugin. -->","yoast_head_json":{"title":"\u00c8 adesso il tempo della Scuola Sconfinata. Si pu\u00f2 fare!","description":"Inizia un\u00a0nuovo anno scolastico e si inaugura con un dibattito aperto\u00a0a partire dal libro\u00a0Scuola Sconfinata. Proposta per una rivoluzione educativa,\u00a0 per","robots":{"index":"index","follow":"follow","max-snippet":"max-snippet:-1","max-image-preview":"max-image-preview:large","max-video-preview":"max-video-preview:-1"},"canonical":"https:\/\/www.pressenza.com\/it\/2021\/09\/e-adesso-il-tempo-della-scuola-sconfinata-si-puo-fare\/","og_locale":"it_IT","og_type":"article","og_title":"\u00c8 adesso il tempo della Scuola Sconfinata. Si pu\u00f2 fare!","og_description":"Inizia un\u00a0nuovo anno scolastico e si inaugura con un dibattito aperto\u00a0a partire dal libro\u00a0Scuola Sconfinata. Proposta per una rivoluzione educativa,\u00a0 per","og_url":"https:\/\/www.pressenza.com\/it\/2021\/09\/e-adesso-il-tempo-della-scuola-sconfinata-si-puo-fare\/","og_site_name":"Pressenza","article_publisher":"https:\/\/www.facebook.com\/PressenzaItalia","article_author":"https:\/\/www.facebook.com\/PressenzaItalia","article_published_time":"2021-09-07T20:34:03+00:00","article_modified_time":"2021-09-07T20:36:23+00:00","og_image":[{"width":837,"height":524,"url":"https:\/\/www.pressenza.com\/wp-content\/uploads\/2021\/09\/binba-sc-sc.jpg","type":"image\/jpeg"}],"author":"Redazione Italia","twitter_card":"summary_large_image","twitter_creator":"@pressenza_it","twitter_site":"@PressenzaIPA","twitter_misc":{"Scritto da":"Redazione Italia","Tempo di lettura stimato":"4 minuti"},"schema":{"@context":"https:\/\/schema.org","@graph":[{"@type":"Article","@id":"https:\/\/www.pressenza.com\/it\/2021\/09\/e-adesso-il-tempo-della-scuola-sconfinata-si-puo-fare\/#article","isPartOf":{"@id":"https:\/\/www.pressenza.com\/it\/2021\/09\/e-adesso-il-tempo-della-scuola-sconfinata-si-puo-fare\/"},"author":{"name":"Redazione Italia","@id":"https:\/\/www.pressenza.com\/it\/#\/schema\/person\/d983e81827ae24f2c7b1a2123d197f8d"},"headline":"\u00c8 adesso il tempo della Scuola Sconfinata. Si pu\u00f2 fare!","datePublished":"2021-09-07T20:34:03+00:00","dateModified":"2021-09-07T20:36:23+00:00","mainEntityOfPage":{"@id":"https:\/\/www.pressenza.com\/it\/2021\/09\/e-adesso-il-tempo-della-scuola-sconfinata-si-puo-fare\/"},"wordCount":743,"publisher":{"@id":"https:\/\/www.pressenza.com\/it\/#organization"},"image":{"@id":"https:\/\/www.pressenza.com\/it\/2021\/09\/e-adesso-il-tempo-della-scuola-sconfinata-si-puo-fare\/#primaryimage"},"thumbnailUrl":"https:\/\/www.pressenza.com\/wp-content\/uploads\/2021\/09\/binba-sc-sc.jpg","keywords":["presentazione","rivoluzione educativa","scuola sconfinata"],"articleSection":["contenuti originali","Educazione","Europa"],"inLanguage":"it-IT"},{"@type":"WebPage","@id":"https:\/\/www.pressenza.com\/it\/2021\/09\/e-adesso-il-tempo-della-scuola-sconfinata-si-puo-fare\/","url":"https:\/\/www.pressenza.com\/it\/2021\/09\/e-adesso-il-tempo-della-scuola-sconfinata-si-puo-fare\/","name":"\u00c8 adesso il tempo della Scuola Sconfinata. Si pu\u00f2 fare!","isPartOf":{"@id":"https:\/\/www.pressenza.com\/it\/#website"},"primaryImageOfPage":{"@id":"https:\/\/www.pressenza.com\/it\/2021\/09\/e-adesso-il-tempo-della-scuola-sconfinata-si-puo-fare\/#primaryimage"},"image":{"@id":"https:\/\/www.pressenza.com\/it\/2021\/09\/e-adesso-il-tempo-della-scuola-sconfinata-si-puo-fare\/#primaryimage"},"thumbnailUrl":"https:\/\/www.pressenza.com\/wp-content\/uploads\/2021\/09\/binba-sc-sc.jpg","datePublished":"2021-09-07T20:34:03+00:00","dateModified":"2021-09-07T20:36:23+00:00","description":"Inizia un\u00a0nuovo anno scolastico e si inaugura con un dibattito aperto\u00a0a partire dal libro\u00a0Scuola Sconfinata. Proposta per una rivoluzione educativa,\u00a0 per","breadcrumb":{"@id":"https:\/\/www.pressenza.com\/it\/2021\/09\/e-adesso-il-tempo-della-scuola-sconfinata-si-puo-fare\/#breadcrumb"},"inLanguage":"it-IT","potentialAction":[{"@type":"ReadAction","target":["https:\/\/www.pressenza.com\/it\/2021\/09\/e-adesso-il-tempo-della-scuola-sconfinata-si-puo-fare\/"]}]},{"@type":"ImageObject","inLanguage":"it-IT","@id":"https:\/\/www.pressenza.com\/it\/2021\/09\/e-adesso-il-tempo-della-scuola-sconfinata-si-puo-fare\/#primaryimage","url":"https:\/\/www.pressenza.com\/wp-content\/uploads\/2021\/09\/binba-sc-sc.jpg","contentUrl":"https:\/\/www.pressenza.com\/wp-content\/uploads\/2021\/09\/binba-sc-sc.jpg","width":837,"height":524},{"@type":"BreadcrumbList","@id":"https:\/\/www.pressenza.com\/it\/2021\/09\/e-adesso-il-tempo-della-scuola-sconfinata-si-puo-fare\/#breadcrumb","itemListElement":[{"@type":"ListItem","position":1,"name":"Accueil","item":"https:\/\/www.pressenza.com\/it\/"},{"@type":"ListItem","position":2,"name":"\u00c8 adesso il tempo della Scuola Sconfinata. Si pu\u00f2 fare!"}]},{"@type":"WebSite","@id":"https:\/\/www.pressenza.com\/it\/#website","url":"https:\/\/www.pressenza.com\/it\/","name":"Pressenza","description":"Agenzia di Stampa Internazionale","publisher":{"@id":"https:\/\/www.pressenza.com\/it\/#organization"},"potentialAction":[{"@type":"SearchAction","target":{"@type":"EntryPoint","urlTemplate":"https:\/\/www.pressenza.com\/it\/?s={search_term_string}"},"query-input":{"@type":"PropertyValueSpecification","valueRequired":true,"valueName":"search_term_string"}}],"inLanguage":"it-IT"},{"@type":"Organization","@id":"https:\/\/www.pressenza.com\/it\/#organization","name":"Pressenza","url":"https:\/\/www.pressenza.com\/it\/","logo":{"@type":"ImageObject","inLanguage":"it-IT","@id":"https:\/\/www.pressenza.com\/it\/#\/schema\/logo\/image\/","url":"https:\/\/www.pressenza.com\/wp-content\/uploads\/2022\/10\/pressenza_logo_200x200.jpg","contentUrl":"https:\/\/www.pressenza.com\/wp-content\/uploads\/2022\/10\/pressenza_logo_200x200.jpg","width":200,"height":200,"caption":"Pressenza"},"image":{"@id":"https:\/\/www.pressenza.com\/it\/#\/schema\/logo\/image\/"},"sameAs":["https:\/\/www.facebook.com\/PressenzaItalia","https:\/\/x.com\/PressenzaIPA"]},{"@type":"Person","@id":"https:\/\/www.pressenza.com\/it\/#\/schema\/person\/d983e81827ae24f2c7b1a2123d197f8d","name":"Redazione Italia","description":"News from the Pressenza Bureau in Italy","sameAs":["https:\/\/www.pressenza.com\/it\/author\/redazione-italia\/","https:\/\/www.facebook.com\/PressenzaItalia","https:\/\/www.instagram.com\/pressenza_italia\/","https:\/\/x.com\/pressenza_it","https:\/\/www.youtube.com\/channel\/UCSalEIWjE1RSxkwjfftFuqg"],"url":"https:\/\/www.pressenza.com\/it\/author\/redazione-italia\/"}]}},"place":"Milano","original_article_url":"","_links":{"self":[{"href":"https:\/\/www.pressenza.com\/it\/wp-json\/wp\/v2\/posts\/1426216","targetHints":{"allow":["GET"]}}],"collection":[{"href":"https:\/\/www.pressenza.com\/it\/wp-json\/wp\/v2\/posts"}],"about":[{"href":"https:\/\/www.pressenza.com\/it\/wp-json\/wp\/v2\/types\/post"}],"author":[{"embeddable":true,"href":"https:\/\/www.pressenza.com\/it\/wp-json\/wp\/v2\/users\/594"}],"replies":[{"embeddable":true,"href":"https:\/\/www.pressenza.com\/it\/wp-json\/wp\/v2\/comments?post=1426216"}],"version-history":[{"count":0,"href":"https:\/\/www.pressenza.com\/it\/wp-json\/wp\/v2\/posts\/1426216\/revisions"}],"wp:featuredmedia":[{"embeddable":true,"href":"https:\/\/www.pressenza.com\/it\/wp-json\/wp\/v2\/media\/1426217"}],"wp:attachment":[{"href":"https:\/\/www.pressenza.com\/it\/wp-json\/wp\/v2\/media?parent=1426216"}],"wp:term":[{"taxonomy":"category","embeddable":true,"href":"https:\/\/www.pressenza.com\/it\/wp-json\/wp\/v2\/categories?post=1426216"},{"taxonomy":"post_tag","embeddable":true,"href":"https:\/\/www.pressenza.com\/it\/wp-json\/wp\/v2\/tags?post=1426216"}],"curies":[{"name":"wp","href":"https:\/\/api.w.org\/{rel}","templated":true}]}}