{"id":141811,"date":"2014-10-22T20:05:06","date_gmt":"2014-10-22T19:05:06","guid":{"rendered":"http:\/\/www.pressenza.com\/?p=141811"},"modified":"2015-03-26T18:18:12","modified_gmt":"2015-03-26T18:18:12","slug":"forza-creativa-nonviolenza-intervista-registi-everyday-rebellion","status":"publish","type":"post","link":"https:\/\/www.pressenza.com\/it\/2014\/10\/forza-creativa-nonviolenza-intervista-registi-everyday-rebellion\/","title":{"rendered":"La forza creativa della nonviolenza: intervista ai registi di \u201cEveryday Rebellion\u201d"},"content":{"rendered":"<p align=\"left\"><i>Everyday Rebellion \u00e8 un documentario sulle forme creative di protesta nonviolenta in tutto il mondo. Ne parliamo con i registi Arman e Arash Rihai.<\/i><\/p>\n<p align=\"left\"><b>Da dove nasce l\u2019idea di un film sui movimenti nonviolenti?<\/b><\/p>\n<p align=\"left\">Il progetto \u00e8 iniziato quando abbiamo visto giovani come la studentessa Neda Agha Soltan uccisi dal regime iraniano durante le proteste pacifiche seguite alle elezioni presidenziali del 2009. Neda passava per strada ed \u00e8 stata colpita da un cecchino. Il periodo successivo alle elezioni, le manifestazioni del cosiddetto movimento verde e la ribellione in Iran che arrivava nelle nostre case attraverso youtube e i social media hanno dato inizio al nostro progetto. La sensazione di impotenza durante le proteste ci rendeva molto infelici; volevamo dare il nostro contributo al movimento iraniano per la libert\u00e0, la pace e la giustizia. Volevamo cambiare qualcosa.\u00a0 Quindi all\u2019inizio il progetto riguardava solo l\u2019Iran e si chiamava\u00a0 \u201cIran: Evolution&#8221; . Ci siamo messi al lavoro e poco dopo si \u00e8 intromessa la storia: la primavera araba, gli Indignati, Occupy, eccetera. Cos\u00ec abbiamo dovuto adattarci pi\u00f9 volte alla realt\u00e0 in continuo mutamento, soprattutto con le istituzioni che ci finanziavano e volevano capire come mai ci eravamo discostati dall\u2019idea di partenza. Visto per\u00f2 che la nonviolenza era lo spirito che collegava tutti questi movimenti, si trattava di un cambiamento plausibile. Il risultato finale \u00e8 molto diverso dalla bozza iniziale. Non sai mai come si svilupper\u00e0 la storia o dove ti porteranno i protagonisti, ma lo spirito \u00e8 lo stesso.<\/p>\n<p align=\"left\"><b>Come avete prodotto e finanziato &#8220;Everyday Rebellion&#8221;?<\/b><\/p>\n<p align=\"left\">Il film \u00e8 stato finanziato dall\u2019ente nazionale austriaco per il cinema, come la maggior parte delle produzioni cinematografiche austriache, ossia con il denaro dei contribuenti. E\u2019 cos\u00ec che funziona qui e in molti altri paesi europei. Il film \u00e8 stato sviluppato e prodotto nel corso di quattro anni, dall\u2019idea iniziale alla versione finale. Il sito \u00e8 stato creato nell\u2019ultimo anno e mezzo di produzione, dopo il lavoro con la smartphone app terminato nel settembre di quest\u2019anno. Naturalmente la parte pi\u00f9 difficile \u00e8 stata il montaggio: avevamo\u00a01.400 ore di girato riguardante molti interessanti movimenti in tutto il mondo e volevamo un film che mostrasse l\u2019essenza di questo materiale. Abbiamo lavorato per pi\u00f9 di un anno, a volte con 4 persone in 4 diverse sale di montaggio. La sfida era anche quella di combinare stili diversi, visto che naturalmente il materiale era di natura molto varia. La maggior parte l\u2019abbiamo filmata noi, ma c\u2019erano anche riprese fatte da altri, sequenze in esterni e materiale realizzato con il metodo del crowdsourcing. All\u2019inizio il film durava oltre cinque ore ed era tutt\u2019altro che coerente.<\/p>\n<p align=\"left\"><b>C\u2019\u00e8 qualche<\/b> <b>momento del documentario che vi ha ispirati e commossi in modo particolare? \u00a0<\/b><\/p>\n<p align=\"left\">Ci\u00f2 che ci ha pi\u00f9 ispirato \u00e8 stato il coraggio di tutti gli attivisti e la capacit\u00e0 di rimanere nonviolenti anche di fronte alla brutalit\u00e0 e alla violenza. \u00a0Tutti possono essere creativi e ideare dei metodi di protesta nonviolenta, ma quando ti trovi ad affrontare dei regimi oppressivi devi superare le tue paure e le tue debolezze per mantenerti disciplinato e non mollare. Ci sono molti modi di farlo, naturalmente: come gruppo, con la solidariet\u00e0, con il senso dell\u2019umorismo e il divertimento puoi superare le tue paure. Niente \u00e8 impossibile per la resistenza nonviolenta. Tutti i sistemi sono stati costruiti dall\u2019umanit\u00e0 e dunque l\u2019umanit\u00e0 pu\u00f2 cambiarli.<\/p>\n<p align=\"left\"><b>In quali paesi \u00e8 uscito il film? Come ha reagito il pubblico, soprattutto i giovani? \u00a0<\/b><\/p>\n<p align=\"left\">Ormai il film \u00e8 uscito in pi\u00f9 di 20 paesi: Austria, Germania, Svizzera, Spagna, Italia, Norvegia, Danimarca, Svezia, Finlandia, Canada, Grecia, Serbia, Bosnia-Erzegovina, Ucraina, Turchia e altri ancora. \u00a0Finora la reazione degli spettatori \u00e8 stata fantastica, anche grazie ai due premi conferiti dal pubblico in vari festival. In generale la gente appoggia il nostro progetto e noi riceviamo un feedback rispettoso e sincero. Sembra apprezzare quello che stiamo cercando di fare, il che rappresenta anche un grande riconoscimento del lavoro di tutti gli attivisti che compaiono nel film. Ai giovani piace molto, soprattutto agli adolescenti. Si potrebbe pensare che non gli interessi e invece abbiamo ricevuto risposte molto positive anche da loro.<\/p>\n<p align=\"left\"><b>La &#8220;rivoluzione degli ombrelli&#8221; a Hong Kong fa pensare a una corrente sotterranea che si manifesta da qualche parte nel mondo, sembra scomparire in seguito a una dura repressione per dedicarsi ad attivit\u00e0 di base, meno visibili ma sempre incisive e poi riaffiora in un punto lontano, ma con le stesse caratteristiche. Avete anche voi questa impressione? \u00a0<\/b><\/p>\n<p align=\"left\">La resistenza nonviolenta \u00e8 come un seme che cresce una volta seminato. Come le parole che crescono nella mente delle persone, \u00e8 sempre stata viva e sempre lo sar\u00e0. Ma i movimenti riusciranno o no a restare nonviolenti? Saranno intelligenti, organizzati, dotati di una strategia e di una chiara visione del futuro? Non dimentichiamo che alcune parti dei movimenti di protesta hanno adottato metodi violenti, cercando di provocare un cambiamento rompendo vetrine e dando fuoco a oggetti. Questo non porter\u00e0 a niente, come la storia ha dimostrato. L\u2019idea della nonviolenza \u00e8 un\u2019idea umanista molto antica, con un profondo collegamento con tutte le religioni del mondo. Nel corso dei secoli \u00e8 stata combattuta perch\u00e9 rappresenta un pericolo per i potenti. Per continuare la lotta dunque dobbiamo mantenere uno stile nonviolento e trovare sempre nuovi modi di spezzare la catena di violenza che ha reso schiava l\u2019umanit\u00e0 per cos\u00ec tanto tempo. \u00a0Dobbiamo festeggiare i nostri successi, trasformare l\u2019atmosfera di paura in un atteggiamento ottimista e vitale e credere nel potere della societ\u00e0 civile, che si \u00e8 perso lungo la strada.<\/p>\n<p align=\"left\"><b>Il film fa parte di un progetto pi\u00f9 ampio, realizzato attraverso il sito\u00a0 <a href=\"http:\/\/www.everydayrebellion.net\/\">http:\/\/www.everydayrebellion.net\/<\/a>\u00a0 per fornire agli attivisti di tutto il mondo un modo per diffondere le loro iniziative attraverso video e notizie che mostrano la forza creativa della nonviolenza . Potete spiegarlo meglio?<\/b><\/p>\n<p align=\"left\">Puntavamo a fare qualcosa di pi\u00f9 di un unico film, perch\u00e9 questo ha dei limiti che conosciamo fin troppo bene. Vogliamo che l\u2019idea della protesta nonviolenta si diffonda nel maggior numero possibile di paesi e di menti. Cos\u00ec se un film non trova un distributore o non esce al cinema \u00e8 un problema. Abbiamo cominciato il progetto avendo gi\u00e0 in testa l\u2019idea di creare un sito, magari una app o un gioco, in modo da diffondere il tema attraverso tutti i canali possibili. Volevamo anche uno spazio on line in cui gli attivisti potessero ispirarsi, nel migliore dei casi con video di proteste nonviolente; c\u2019era anche questo pensiero dietro. Cos\u00ec abbiamo cominciato con una semplice piattaforma, raccogliendo video e contatti e usando il crowdsourcing per vari materiali filmati. Alla fine abbiamo chiesto finanziamenti e creato un sito che desse spazio a video auto-prodotti e a materiale proveniente da attivisti o da altra gente. Il sito e l\u2019aspetto \u201ccrossmediale\u201d del nostro progetto hanno ricevuto numerosi premi, come il CIVIS Online Media Award, o il BEN Award for Best Transmedia Project al Biennal of Moving Image del 2012. Cerchiamo di essere un centro che aiuti gli attivisti creativi a ispirarsi e a imparare nuovi metodi di protesta nonviolenta, ma in modo giocoso e divertente, senza essere pedanti. E funziona! Riceviamo un ottimo feedback, possiamo garantirlo.<\/p>\n<p align=\"left\"><b>Quali sono i vostri progetti per il futuro?<\/b><\/p>\n<p align=\"left\">Il nostro secondo documentario \u00e8 gi\u00e0 in lavorazione e sar\u00e0 finito nel 2015. Riguarder\u00e0 i bambini, il loro modo di vedere il mondo e la creativit\u00e0 infantile come uno strumento istintivo per affrontare qualsiasi cosa ci preoccupi. Sar\u00e0 del tutto diverso da Everyday Rebellion. Qualcosa di inaspettato dopo un film del genere. Stiamo anche lavorando alla sceneggiatura di due film di fiction. Ne sentirete parlare a tempo debito.<\/p>\n<p align=\"left\">\u00a0Traduzione dall\u2019inglese di Anna Polo.<\/p>\n<p align=\"left\"><a href=\"http:\/\/www.everydayrebellion.net\/\">\u00a0<\/a><\/p>\n<p>&nbsp;<\/p>\n","protected":false},"excerpt":{"rendered":"<p>Everyday Rebellion \u00e8 un documentario sulle forme creative di protesta nonviolenta in tutto il mondo. Ne parliamo con i registi Arman e Arash Rihai. Da dove nasce l\u2019idea di un film sui movimenti nonviolenti? Il progetto \u00e8 iniziato quando abbiamo&hellip;<\/p>\n","protected":false},"author":500,"featured_media":141805,"comment_status":"closed","ping_status":"open","sticky":false,"template":"","format":"standard","meta":{"footnotes":""},"categories":[11388,56,157,1262],"tags":[3462,4694,13025,460,9812],"class_list":["post-141811","post","type-post","status-publish","format-standard","has-post-thumbnail","hentry","category-contenuti-originali","category-cultura","category-interviste","category-nonviolenza-argomento","tag-cinema-it","tag-documentario","tag-everyday-rebellion","tag-nonviolenza","tag-proteste-nonviolente"],"yoast_head":"<!-- This site is optimized with the Yoast SEO plugin v27.1.1 - https:\/\/yoast.com\/product\/yoast-seo-wordpress\/ -->\n<title>La forza creativa della nonviolenza: intervista ai registi di \u201cEveryday Rebellion\u201d<\/title>\n<meta name=\"description\" content=\"Everyday Rebellion \u00e8 un documentario sulle forme creative di protesta nonviolenta in tutto il mondo. Ne parliamo con i registi Arman e Arash Rihai. Da\" \/>\n<meta name=\"robots\" content=\"index, follow, max-snippet:-1, max-image-preview:large, max-video-preview:-1\" \/>\n<link rel=\"canonical\" href=\"https:\/\/www.pressenza.com\/it\/2014\/10\/forza-creativa-nonviolenza-intervista-registi-everyday-rebellion\/\" \/>\n<meta property=\"og:locale\" content=\"it_IT\" \/>\n<meta property=\"og:type\" content=\"article\" \/>\n<meta property=\"og:title\" content=\"La forza creativa della nonviolenza: intervista ai registi di \u201cEveryday Rebellion\u201d\" \/>\n<meta property=\"og:description\" content=\"Everyday Rebellion \u00e8 un documentario sulle forme creative di protesta nonviolenta in tutto il mondo. Ne parliamo con i registi Arman e Arash Rihai. Da\" \/>\n<meta property=\"og:url\" content=\"https:\/\/www.pressenza.com\/it\/2014\/10\/forza-creativa-nonviolenza-intervista-registi-everyday-rebellion\/\" \/>\n<meta property=\"og:site_name\" content=\"Pressenza\" \/>\n<meta property=\"article:publisher\" content=\"https:\/\/www.facebook.com\/PressenzaItalia\" \/>\n<meta property=\"article:published_time\" content=\"2014-10-22T19:05:06+00:00\" \/>\n<meta property=\"article:modified_time\" content=\"2015-03-26T18:18:12+00:00\" \/>\n<meta property=\"og:image\" content=\"https:\/\/www.pressenza.com\/wp-content\/uploads\/2014\/10\/everyday-rebellion-poster-rid.jpg\" \/>\n\t<meta property=\"og:image:width\" content=\"1690\" \/>\n\t<meta property=\"og:image:height\" content=\"2387\" \/>\n\t<meta property=\"og:image:type\" content=\"image\/jpeg\" \/>\n<meta name=\"author\" content=\"Anna Polo\" \/>\n<meta name=\"twitter:card\" content=\"summary_large_image\" \/>\n<meta name=\"twitter:creator\" content=\"@PressenzaIPA\" \/>\n<meta name=\"twitter:site\" content=\"@PressenzaIPA\" \/>\n<meta name=\"twitter:label1\" content=\"Scritto da\" \/>\n\t<meta name=\"twitter:data1\" content=\"Anna Polo\" \/>\n\t<meta name=\"twitter:label2\" content=\"Tempo di lettura stimato\" \/>\n\t<meta name=\"twitter:data2\" content=\"6 minuti\" \/>\n<script type=\"application\/ld+json\" class=\"yoast-schema-graph\">{\"@context\":\"https:\/\/schema.org\",\"@graph\":[{\"@type\":\"Article\",\"@id\":\"https:\/\/www.pressenza.com\/it\/2014\/10\/forza-creativa-nonviolenza-intervista-registi-everyday-rebellion\/#article\",\"isPartOf\":{\"@id\":\"https:\/\/www.pressenza.com\/it\/2014\/10\/forza-creativa-nonviolenza-intervista-registi-everyday-rebellion\/\"},\"author\":{\"name\":\"Anna Polo\",\"@id\":\"https:\/\/www.pressenza.com\/it\/#\/schema\/person\/f361ce2dfe3d4331d5ae6840551ffe67\"},\"headline\":\"La forza creativa della nonviolenza: intervista ai registi di \u201cEveryday Rebellion\u201d\",\"datePublished\":\"2014-10-22T19:05:06+00:00\",\"dateModified\":\"2015-03-26T18:18:12+00:00\",\"mainEntityOfPage\":{\"@id\":\"https:\/\/www.pressenza.com\/it\/2014\/10\/forza-creativa-nonviolenza-intervista-registi-everyday-rebellion\/\"},\"wordCount\":1273,\"publisher\":{\"@id\":\"https:\/\/www.pressenza.com\/it\/#organization\"},\"image\":{\"@id\":\"https:\/\/www.pressenza.com\/it\/2014\/10\/forza-creativa-nonviolenza-intervista-registi-everyday-rebellion\/#primaryimage\"},\"thumbnailUrl\":\"https:\/\/www.pressenza.com\/wp-content\/uploads\/2014\/10\/everyday-rebellion-poster-rid.jpg\",\"keywords\":[\"cinema\",\"documentario\",\"Everyday Rebellion\",\"nonviolenza\",\"proteste nonviolente\"],\"articleSection\":[\"contenuti originali\",\"Cultura e Media\",\"Interviste\",\"Nonviolenza\"],\"inLanguage\":\"it-IT\"},{\"@type\":\"WebPage\",\"@id\":\"https:\/\/www.pressenza.com\/it\/2014\/10\/forza-creativa-nonviolenza-intervista-registi-everyday-rebellion\/\",\"url\":\"https:\/\/www.pressenza.com\/it\/2014\/10\/forza-creativa-nonviolenza-intervista-registi-everyday-rebellion\/\",\"name\":\"La forza creativa della nonviolenza: intervista ai registi di \u201cEveryday Rebellion\u201d\",\"isPartOf\":{\"@id\":\"https:\/\/www.pressenza.com\/it\/#website\"},\"primaryImageOfPage\":{\"@id\":\"https:\/\/www.pressenza.com\/it\/2014\/10\/forza-creativa-nonviolenza-intervista-registi-everyday-rebellion\/#primaryimage\"},\"image\":{\"@id\":\"https:\/\/www.pressenza.com\/it\/2014\/10\/forza-creativa-nonviolenza-intervista-registi-everyday-rebellion\/#primaryimage\"},\"thumbnailUrl\":\"https:\/\/www.pressenza.com\/wp-content\/uploads\/2014\/10\/everyday-rebellion-poster-rid.jpg\",\"datePublished\":\"2014-10-22T19:05:06+00:00\",\"dateModified\":\"2015-03-26T18:18:12+00:00\",\"description\":\"Everyday Rebellion \u00e8 un documentario sulle forme creative di protesta nonviolenta in tutto il mondo. Ne parliamo con i registi Arman e Arash Rihai. Da\",\"breadcrumb\":{\"@id\":\"https:\/\/www.pressenza.com\/it\/2014\/10\/forza-creativa-nonviolenza-intervista-registi-everyday-rebellion\/#breadcrumb\"},\"inLanguage\":\"it-IT\",\"potentialAction\":[{\"@type\":\"ReadAction\",\"target\":[\"https:\/\/www.pressenza.com\/it\/2014\/10\/forza-creativa-nonviolenza-intervista-registi-everyday-rebellion\/\"]}]},{\"@type\":\"ImageObject\",\"inLanguage\":\"it-IT\",\"@id\":\"https:\/\/www.pressenza.com\/it\/2014\/10\/forza-creativa-nonviolenza-intervista-registi-everyday-rebellion\/#primaryimage\",\"url\":\"https:\/\/www.pressenza.com\/wp-content\/uploads\/2014\/10\/everyday-rebellion-poster-rid.jpg\",\"contentUrl\":\"https:\/\/www.pressenza.com\/wp-content\/uploads\/2014\/10\/everyday-rebellion-poster-rid.jpg\",\"width\":1690,\"height\":2387},{\"@type\":\"BreadcrumbList\",\"@id\":\"https:\/\/www.pressenza.com\/it\/2014\/10\/forza-creativa-nonviolenza-intervista-registi-everyday-rebellion\/#breadcrumb\",\"itemListElement\":[{\"@type\":\"ListItem\",\"position\":1,\"name\":\"Accueil\",\"item\":\"https:\/\/www.pressenza.com\/it\/\"},{\"@type\":\"ListItem\",\"position\":2,\"name\":\"La forza creativa della nonviolenza: intervista ai registi di \u201cEveryday Rebellion\u201d\"}]},{\"@type\":\"WebSite\",\"@id\":\"https:\/\/www.pressenza.com\/it\/#website\",\"url\":\"https:\/\/www.pressenza.com\/it\/\",\"name\":\"Pressenza\",\"description\":\"Agenzia di Stampa Internazionale\",\"publisher\":{\"@id\":\"https:\/\/www.pressenza.com\/it\/#organization\"},\"potentialAction\":[{\"@type\":\"SearchAction\",\"target\":{\"@type\":\"EntryPoint\",\"urlTemplate\":\"https:\/\/www.pressenza.com\/it\/?s={search_term_string}\"},\"query-input\":{\"@type\":\"PropertyValueSpecification\",\"valueRequired\":true,\"valueName\":\"search_term_string\"}}],\"inLanguage\":\"it-IT\"},{\"@type\":\"Organization\",\"@id\":\"https:\/\/www.pressenza.com\/it\/#organization\",\"name\":\"Pressenza\",\"url\":\"https:\/\/www.pressenza.com\/it\/\",\"logo\":{\"@type\":\"ImageObject\",\"inLanguage\":\"it-IT\",\"@id\":\"https:\/\/www.pressenza.com\/it\/#\/schema\/logo\/image\/\",\"url\":\"https:\/\/www.pressenza.com\/wp-content\/uploads\/2022\/10\/pressenza_logo_200x200.jpg\",\"contentUrl\":\"https:\/\/www.pressenza.com\/wp-content\/uploads\/2022\/10\/pressenza_logo_200x200.jpg\",\"width\":200,\"height\":200,\"caption\":\"Pressenza\"},\"image\":{\"@id\":\"https:\/\/www.pressenza.com\/it\/#\/schema\/logo\/image\/\"},\"sameAs\":[\"https:\/\/www.facebook.com\/PressenzaItalia\",\"https:\/\/x.com\/PressenzaIPA\"]},{\"@type\":\"Person\",\"@id\":\"https:\/\/www.pressenza.com\/it\/#\/schema\/person\/f361ce2dfe3d4331d5ae6840551ffe67\",\"name\":\"Anna Polo\",\"description\":\"Impegnata per anni nel campo della pace e della nonviolenza, ha fatto parte dell'equipe relazioni della Marcia Mondiale per la Pace e la Nonviolenza e in seguito di Mondo senza guerre e senza violenza. Attualmente partecipa alla redazione italiana di Pressenza e si occupa principalmente del tema migrazioni, pubblicando articoli e interviste e organizzando eventi.\",\"url\":\"https:\/\/www.pressenza.com\/it\/author\/anna-polo\/\"}]}<\/script>\n<!-- \/ Yoast SEO plugin. -->","yoast_head_json":{"title":"La forza creativa della nonviolenza: intervista ai registi di \u201cEveryday Rebellion\u201d","description":"Everyday Rebellion \u00e8 un documentario sulle forme creative di protesta nonviolenta in tutto il mondo. Ne parliamo con i registi Arman e Arash Rihai. Da","robots":{"index":"index","follow":"follow","max-snippet":"max-snippet:-1","max-image-preview":"max-image-preview:large","max-video-preview":"max-video-preview:-1"},"canonical":"https:\/\/www.pressenza.com\/it\/2014\/10\/forza-creativa-nonviolenza-intervista-registi-everyday-rebellion\/","og_locale":"it_IT","og_type":"article","og_title":"La forza creativa della nonviolenza: intervista ai registi di \u201cEveryday Rebellion\u201d","og_description":"Everyday Rebellion \u00e8 un documentario sulle forme creative di protesta nonviolenta in tutto il mondo. Ne parliamo con i registi Arman e Arash Rihai. Da","og_url":"https:\/\/www.pressenza.com\/it\/2014\/10\/forza-creativa-nonviolenza-intervista-registi-everyday-rebellion\/","og_site_name":"Pressenza","article_publisher":"https:\/\/www.facebook.com\/PressenzaItalia","article_published_time":"2014-10-22T19:05:06+00:00","article_modified_time":"2015-03-26T18:18:12+00:00","og_image":[{"width":1690,"height":2387,"url":"https:\/\/www.pressenza.com\/wp-content\/uploads\/2014\/10\/everyday-rebellion-poster-rid.jpg","type":"image\/jpeg"}],"author":"Anna Polo","twitter_card":"summary_large_image","twitter_creator":"@PressenzaIPA","twitter_site":"@PressenzaIPA","twitter_misc":{"Scritto da":"Anna Polo","Tempo di lettura stimato":"6 minuti"},"schema":{"@context":"https:\/\/schema.org","@graph":[{"@type":"Article","@id":"https:\/\/www.pressenza.com\/it\/2014\/10\/forza-creativa-nonviolenza-intervista-registi-everyday-rebellion\/#article","isPartOf":{"@id":"https:\/\/www.pressenza.com\/it\/2014\/10\/forza-creativa-nonviolenza-intervista-registi-everyday-rebellion\/"},"author":{"name":"Anna Polo","@id":"https:\/\/www.pressenza.com\/it\/#\/schema\/person\/f361ce2dfe3d4331d5ae6840551ffe67"},"headline":"La forza creativa della nonviolenza: intervista ai registi di \u201cEveryday Rebellion\u201d","datePublished":"2014-10-22T19:05:06+00:00","dateModified":"2015-03-26T18:18:12+00:00","mainEntityOfPage":{"@id":"https:\/\/www.pressenza.com\/it\/2014\/10\/forza-creativa-nonviolenza-intervista-registi-everyday-rebellion\/"},"wordCount":1273,"publisher":{"@id":"https:\/\/www.pressenza.com\/it\/#organization"},"image":{"@id":"https:\/\/www.pressenza.com\/it\/2014\/10\/forza-creativa-nonviolenza-intervista-registi-everyday-rebellion\/#primaryimage"},"thumbnailUrl":"https:\/\/www.pressenza.com\/wp-content\/uploads\/2014\/10\/everyday-rebellion-poster-rid.jpg","keywords":["cinema","documentario","Everyday Rebellion","nonviolenza","proteste nonviolente"],"articleSection":["contenuti originali","Cultura e Media","Interviste","Nonviolenza"],"inLanguage":"it-IT"},{"@type":"WebPage","@id":"https:\/\/www.pressenza.com\/it\/2014\/10\/forza-creativa-nonviolenza-intervista-registi-everyday-rebellion\/","url":"https:\/\/www.pressenza.com\/it\/2014\/10\/forza-creativa-nonviolenza-intervista-registi-everyday-rebellion\/","name":"La forza creativa della nonviolenza: intervista ai registi di \u201cEveryday Rebellion\u201d","isPartOf":{"@id":"https:\/\/www.pressenza.com\/it\/#website"},"primaryImageOfPage":{"@id":"https:\/\/www.pressenza.com\/it\/2014\/10\/forza-creativa-nonviolenza-intervista-registi-everyday-rebellion\/#primaryimage"},"image":{"@id":"https:\/\/www.pressenza.com\/it\/2014\/10\/forza-creativa-nonviolenza-intervista-registi-everyday-rebellion\/#primaryimage"},"thumbnailUrl":"https:\/\/www.pressenza.com\/wp-content\/uploads\/2014\/10\/everyday-rebellion-poster-rid.jpg","datePublished":"2014-10-22T19:05:06+00:00","dateModified":"2015-03-26T18:18:12+00:00","description":"Everyday Rebellion \u00e8 un documentario sulle forme creative di protesta nonviolenta in tutto il mondo. Ne parliamo con i registi Arman e Arash Rihai. Da","breadcrumb":{"@id":"https:\/\/www.pressenza.com\/it\/2014\/10\/forza-creativa-nonviolenza-intervista-registi-everyday-rebellion\/#breadcrumb"},"inLanguage":"it-IT","potentialAction":[{"@type":"ReadAction","target":["https:\/\/www.pressenza.com\/it\/2014\/10\/forza-creativa-nonviolenza-intervista-registi-everyday-rebellion\/"]}]},{"@type":"ImageObject","inLanguage":"it-IT","@id":"https:\/\/www.pressenza.com\/it\/2014\/10\/forza-creativa-nonviolenza-intervista-registi-everyday-rebellion\/#primaryimage","url":"https:\/\/www.pressenza.com\/wp-content\/uploads\/2014\/10\/everyday-rebellion-poster-rid.jpg","contentUrl":"https:\/\/www.pressenza.com\/wp-content\/uploads\/2014\/10\/everyday-rebellion-poster-rid.jpg","width":1690,"height":2387},{"@type":"BreadcrumbList","@id":"https:\/\/www.pressenza.com\/it\/2014\/10\/forza-creativa-nonviolenza-intervista-registi-everyday-rebellion\/#breadcrumb","itemListElement":[{"@type":"ListItem","position":1,"name":"Accueil","item":"https:\/\/www.pressenza.com\/it\/"},{"@type":"ListItem","position":2,"name":"La forza creativa della nonviolenza: intervista ai registi di \u201cEveryday Rebellion\u201d"}]},{"@type":"WebSite","@id":"https:\/\/www.pressenza.com\/it\/#website","url":"https:\/\/www.pressenza.com\/it\/","name":"Pressenza","description":"Agenzia di Stampa Internazionale","publisher":{"@id":"https:\/\/www.pressenza.com\/it\/#organization"},"potentialAction":[{"@type":"SearchAction","target":{"@type":"EntryPoint","urlTemplate":"https:\/\/www.pressenza.com\/it\/?s={search_term_string}"},"query-input":{"@type":"PropertyValueSpecification","valueRequired":true,"valueName":"search_term_string"}}],"inLanguage":"it-IT"},{"@type":"Organization","@id":"https:\/\/www.pressenza.com\/it\/#organization","name":"Pressenza","url":"https:\/\/www.pressenza.com\/it\/","logo":{"@type":"ImageObject","inLanguage":"it-IT","@id":"https:\/\/www.pressenza.com\/it\/#\/schema\/logo\/image\/","url":"https:\/\/www.pressenza.com\/wp-content\/uploads\/2022\/10\/pressenza_logo_200x200.jpg","contentUrl":"https:\/\/www.pressenza.com\/wp-content\/uploads\/2022\/10\/pressenza_logo_200x200.jpg","width":200,"height":200,"caption":"Pressenza"},"image":{"@id":"https:\/\/www.pressenza.com\/it\/#\/schema\/logo\/image\/"},"sameAs":["https:\/\/www.facebook.com\/PressenzaItalia","https:\/\/x.com\/PressenzaIPA"]},{"@type":"Person","@id":"https:\/\/www.pressenza.com\/it\/#\/schema\/person\/f361ce2dfe3d4331d5ae6840551ffe67","name":"Anna Polo","description":"Impegnata per anni nel campo della pace e della nonviolenza, ha fatto parte dell'equipe relazioni della Marcia Mondiale per la Pace e la Nonviolenza e in seguito di Mondo senza guerre e senza violenza. Attualmente partecipa alla redazione italiana di Pressenza e si occupa principalmente del tema migrazioni, pubblicando articoli e interviste e organizzando eventi.","url":"https:\/\/www.pressenza.com\/it\/author\/anna-polo\/"}]}},"place":"","original_article_url":"","_links":{"self":[{"href":"https:\/\/www.pressenza.com\/it\/wp-json\/wp\/v2\/posts\/141811","targetHints":{"allow":["GET"]}}],"collection":[{"href":"https:\/\/www.pressenza.com\/it\/wp-json\/wp\/v2\/posts"}],"about":[{"href":"https:\/\/www.pressenza.com\/it\/wp-json\/wp\/v2\/types\/post"}],"author":[{"embeddable":true,"href":"https:\/\/www.pressenza.com\/it\/wp-json\/wp\/v2\/users\/500"}],"replies":[{"embeddable":true,"href":"https:\/\/www.pressenza.com\/it\/wp-json\/wp\/v2\/comments?post=141811"}],"version-history":[{"count":0,"href":"https:\/\/www.pressenza.com\/it\/wp-json\/wp\/v2\/posts\/141811\/revisions"}],"wp:featuredmedia":[{"embeddable":true,"href":"https:\/\/www.pressenza.com\/it\/wp-json\/wp\/v2\/media\/141805"}],"wp:attachment":[{"href":"https:\/\/www.pressenza.com\/it\/wp-json\/wp\/v2\/media?parent=141811"}],"wp:term":[{"taxonomy":"category","embeddable":true,"href":"https:\/\/www.pressenza.com\/it\/wp-json\/wp\/v2\/categories?post=141811"},{"taxonomy":"post_tag","embeddable":true,"href":"https:\/\/www.pressenza.com\/it\/wp-json\/wp\/v2\/tags?post=141811"}],"curies":[{"name":"wp","href":"https:\/\/api.w.org\/{rel}","templated":true}]}}