{"id":1414536,"date":"2021-08-16T21:24:02","date_gmt":"2021-08-16T20:24:02","guid":{"rendered":"https:\/\/www.pressenza.com\/?p=1414536"},"modified":"2021-08-16T21:28:05","modified_gmt":"2021-08-16T20:28:05","slug":"resq-people-saving-people-appello-per-un-porto-sicuro","status":"publish","type":"post","link":"https:\/\/www.pressenza.com\/it\/2021\/08\/resq-people-saving-people-appello-per-un-porto-sicuro\/","title":{"rendered":"ResQ \u2013 People saving people: appello per un porto sicuro"},"content":{"rendered":"<p>\u201c<em>Ci stiamo preparando a un&#8217;altra notte come quella di ieri, con a bordo 166 persone salvate dall&#8217;acqua. Siamo in navigazione a 15 miglia dalla costa, verso una zona riparata tra Siracusa e Augusta: per evitare pi\u00f9 possibile vento, onde e altri problemi per le persone a bordo. Le navi di soccorso sono fatte per soccorrere, non per aspettare. Abbiamo chiesto ieri a tutte le autorit\u00e0 competenti un porto sicuro dove far sbarcare queste persone, che hanno gi\u00e0 patito abbastanza. Confidiamo di riceverlo al pi\u00f9 presto<\/em>.\u201d Questi gli ultimi aggiornamenti sulla <a href=\"https:\/\/www.facebook.com\/resqpeople\">Pagina Facebook<\/a> di <strong>ResQ \u2013 People saving people.<\/strong><\/p>\n<p><strong>Gherardo Colombo, <\/strong>presidente onorario e <strong>Luciano Scalettari, <\/strong>presidente della Ong, ribadiscono la richiesta di indicare un porto sicuro \u201c<em>senza indugi e senza rimpalli<\/em>\u201d<strong>, <\/strong>appellandosi alle autorit\u00e0 nazionali ed europee e ricordano \u201c<em>la legge del mare, che impone di salvare le vite umane in difficolt\u00e0<\/em>.\u201d<\/p>\n<p>La loro dichiarazione termina con un riferimento alle drammatiche notizie provenienti dall\u2019Afghanistan: \u201c<em>Ci commuoviamo per le vittime delle\u00a0violenze in\u00a0Afghanistan. Non giriamoci dall\u2019altra parte quando le persone fuggono\u00a0da guerre e fame. Stiamo parlando di vite umane. E per noi ogni vita \u00e8 preziosa e\u00a0insostituibile \u201c.<\/em><\/p>\n<p><em>\u00a0<\/em><\/p>\n","protected":false},"excerpt":{"rendered":"<p>\u201cCi stiamo preparando a un&#8217;altra notte come quella di ieri, con a bordo 166 persone salvate dall&#8217;acqua. Siamo in navigazione a 15 miglia dalla costa, verso una zona riparata tra Siracusa e Augusta: per evitare pi\u00f9 possibile vento, onde e&hellip;<\/p>\n","protected":false},"author":594,"featured_media":1414538,"comment_status":"closed","ping_status":"closed","sticky":false,"template":"","format":"standard","meta":{"footnotes":""},"categories":[11388,47,54572],"tags":[54041,79482,36895],"class_list":["post-1414536","post","type-post","status-publish","format-standard","has-post-thumbnail","hentry","category-contenuti-originali","category-europa","category-migranti","tag-porto-sicuro","tag-resq-people-saving-people","tag-salvataggi-in-mare"],"yoast_head":"<!-- This site is optimized with the Yoast SEO plugin v27.1.1 - https:\/\/yoast.com\/product\/yoast-seo-wordpress\/ -->\n<title>ResQ \u2013 People saving people: appello per un porto sicuro<\/title>\n<meta name=\"description\" content=\"\u201cCi stiamo preparando a un&#039;altra notte come quella di ieri, con a bordo 166 persone salvate dall&#039;acqua. Siamo in navigazione a 15 miglia dalla costa,\" \/>\n<meta name=\"robots\" content=\"index, follow, max-snippet:-1, max-image-preview:large, max-video-preview:-1\" \/>\n<link rel=\"canonical\" href=\"https:\/\/www.pressenza.com\/it\/2021\/08\/resq-people-saving-people-appello-per-un-porto-sicuro\/\" \/>\n<meta property=\"og:locale\" content=\"it_IT\" \/>\n<meta property=\"og:type\" content=\"article\" \/>\n<meta property=\"og:title\" content=\"ResQ \u2013 People saving people: appello per un porto sicuro\" \/>\n<meta property=\"og:description\" content=\"\u201cCi stiamo preparando a un&#039;altra notte come quella di ieri, con a bordo 166 persone salvate dall&#039;acqua. Siamo in navigazione a 15 miglia dalla costa,\" \/>\n<meta property=\"og:url\" content=\"https:\/\/www.pressenza.com\/it\/2021\/08\/resq-people-saving-people-appello-per-un-porto-sicuro\/\" \/>\n<meta property=\"og:site_name\" content=\"Pressenza\" \/>\n<meta property=\"article:publisher\" content=\"https:\/\/www.facebook.com\/PressenzaItalia\" \/>\n<meta property=\"article:author\" content=\"https:\/\/www.facebook.com\/PressenzaItalia\" \/>\n<meta property=\"article:published_time\" content=\"2021-08-16T20:24:02+00:00\" \/>\n<meta property=\"article:modified_time\" content=\"2021-08-16T20:28:05+00:00\" \/>\n<meta property=\"og:image\" content=\"https:\/\/www.pressenza.com\/wp-content\/uploads\/2021\/08\/ResQ-16.8.2021.jpg\" \/>\n\t<meta property=\"og:image:width\" content=\"1440\" \/>\n\t<meta property=\"og:image:height\" content=\"960\" \/>\n\t<meta property=\"og:image:type\" content=\"image\/jpeg\" \/>\n<meta name=\"author\" content=\"Redazione Italia\" \/>\n<meta name=\"twitter:card\" content=\"summary_large_image\" \/>\n<meta name=\"twitter:creator\" content=\"@pressenza_it\" \/>\n<meta name=\"twitter:site\" content=\"@PressenzaIPA\" \/>\n<meta name=\"twitter:label1\" content=\"Scritto da\" \/>\n\t<meta name=\"twitter:data1\" content=\"Redazione Italia\" \/>\n\t<meta name=\"twitter:label2\" content=\"Tempo di lettura stimato\" \/>\n\t<meta name=\"twitter:data2\" content=\"1 minuto\" \/>\n<script type=\"application\/ld+json\" class=\"yoast-schema-graph\">{\"@context\":\"https:\/\/schema.org\",\"@graph\":[{\"@type\":\"Article\",\"@id\":\"https:\/\/www.pressenza.com\/it\/2021\/08\/resq-people-saving-people-appello-per-un-porto-sicuro\/#article\",\"isPartOf\":{\"@id\":\"https:\/\/www.pressenza.com\/it\/2021\/08\/resq-people-saving-people-appello-per-un-porto-sicuro\/\"},\"author\":{\"name\":\"Redazione Italia\",\"@id\":\"https:\/\/www.pressenza.com\/it\/#\/schema\/person\/d983e81827ae24f2c7b1a2123d197f8d\"},\"headline\":\"ResQ \u2013 People saving people: appello per un porto sicuro\",\"datePublished\":\"2021-08-16T20:24:02+00:00\",\"dateModified\":\"2021-08-16T20:28:05+00:00\",\"mainEntityOfPage\":{\"@id\":\"https:\/\/www.pressenza.com\/it\/2021\/08\/resq-people-saving-people-appello-per-un-porto-sicuro\/\"},\"wordCount\":198,\"publisher\":{\"@id\":\"https:\/\/www.pressenza.com\/it\/#organization\"},\"image\":{\"@id\":\"https:\/\/www.pressenza.com\/it\/2021\/08\/resq-people-saving-people-appello-per-un-porto-sicuro\/#primaryimage\"},\"thumbnailUrl\":\"https:\/\/www.pressenza.com\/wp-content\/uploads\/2021\/08\/ResQ-16.8.2021.jpg\",\"keywords\":[\"porto sicuro\",\"Resq-People Saving People\",\"salvataggi in mare\"],\"articleSection\":[\"contenuti originali\",\"Europa\",\"Migranti\"],\"inLanguage\":\"it-IT\"},{\"@type\":\"WebPage\",\"@id\":\"https:\/\/www.pressenza.com\/it\/2021\/08\/resq-people-saving-people-appello-per-un-porto-sicuro\/\",\"url\":\"https:\/\/www.pressenza.com\/it\/2021\/08\/resq-people-saving-people-appello-per-un-porto-sicuro\/\",\"name\":\"ResQ \u2013 People saving people: appello per un porto sicuro\",\"isPartOf\":{\"@id\":\"https:\/\/www.pressenza.com\/it\/#website\"},\"primaryImageOfPage\":{\"@id\":\"https:\/\/www.pressenza.com\/it\/2021\/08\/resq-people-saving-people-appello-per-un-porto-sicuro\/#primaryimage\"},\"image\":{\"@id\":\"https:\/\/www.pressenza.com\/it\/2021\/08\/resq-people-saving-people-appello-per-un-porto-sicuro\/#primaryimage\"},\"thumbnailUrl\":\"https:\/\/www.pressenza.com\/wp-content\/uploads\/2021\/08\/ResQ-16.8.2021.jpg\",\"datePublished\":\"2021-08-16T20:24:02+00:00\",\"dateModified\":\"2021-08-16T20:28:05+00:00\",\"description\":\"\u201cCi stiamo preparando a un'altra notte come quella di ieri, con a bordo 166 persone salvate dall'acqua. Siamo in navigazione a 15 miglia dalla costa,\",\"breadcrumb\":{\"@id\":\"https:\/\/www.pressenza.com\/it\/2021\/08\/resq-people-saving-people-appello-per-un-porto-sicuro\/#breadcrumb\"},\"inLanguage\":\"it-IT\",\"potentialAction\":[{\"@type\":\"ReadAction\",\"target\":[\"https:\/\/www.pressenza.com\/it\/2021\/08\/resq-people-saving-people-appello-per-un-porto-sicuro\/\"]}]},{\"@type\":\"ImageObject\",\"inLanguage\":\"it-IT\",\"@id\":\"https:\/\/www.pressenza.com\/it\/2021\/08\/resq-people-saving-people-appello-per-un-porto-sicuro\/#primaryimage\",\"url\":\"https:\/\/www.pressenza.com\/wp-content\/uploads\/2021\/08\/ResQ-16.8.2021.jpg\",\"contentUrl\":\"https:\/\/www.pressenza.com\/wp-content\/uploads\/2021\/08\/ResQ-16.8.2021.jpg\",\"width\":1440,\"height\":960},{\"@type\":\"BreadcrumbList\",\"@id\":\"https:\/\/www.pressenza.com\/it\/2021\/08\/resq-people-saving-people-appello-per-un-porto-sicuro\/#breadcrumb\",\"itemListElement\":[{\"@type\":\"ListItem\",\"position\":1,\"name\":\"Accueil\",\"item\":\"https:\/\/www.pressenza.com\/it\/\"},{\"@type\":\"ListItem\",\"position\":2,\"name\":\"ResQ \u2013 People saving people: appello per un porto sicuro\"}]},{\"@type\":\"WebSite\",\"@id\":\"https:\/\/www.pressenza.com\/it\/#website\",\"url\":\"https:\/\/www.pressenza.com\/it\/\",\"name\":\"Pressenza\",\"description\":\"Agenzia di Stampa Internazionale\",\"publisher\":{\"@id\":\"https:\/\/www.pressenza.com\/it\/#organization\"},\"potentialAction\":[{\"@type\":\"SearchAction\",\"target\":{\"@type\":\"EntryPoint\",\"urlTemplate\":\"https:\/\/www.pressenza.com\/it\/?s={search_term_string}\"},\"query-input\":{\"@type\":\"PropertyValueSpecification\",\"valueRequired\":true,\"valueName\":\"search_term_string\"}}],\"inLanguage\":\"it-IT\"},{\"@type\":\"Organization\",\"@id\":\"https:\/\/www.pressenza.com\/it\/#organization\",\"name\":\"Pressenza\",\"url\":\"https:\/\/www.pressenza.com\/it\/\",\"logo\":{\"@type\":\"ImageObject\",\"inLanguage\":\"it-IT\",\"@id\":\"https:\/\/www.pressenza.com\/it\/#\/schema\/logo\/image\/\",\"url\":\"https:\/\/www.pressenza.com\/wp-content\/uploads\/2022\/10\/pressenza_logo_200x200.jpg\",\"contentUrl\":\"https:\/\/www.pressenza.com\/wp-content\/uploads\/2022\/10\/pressenza_logo_200x200.jpg\",\"width\":200,\"height\":200,\"caption\":\"Pressenza\"},\"image\":{\"@id\":\"https:\/\/www.pressenza.com\/it\/#\/schema\/logo\/image\/\"},\"sameAs\":[\"https:\/\/www.facebook.com\/PressenzaItalia\",\"https:\/\/x.com\/PressenzaIPA\"]},{\"@type\":\"Person\",\"@id\":\"https:\/\/www.pressenza.com\/it\/#\/schema\/person\/d983e81827ae24f2c7b1a2123d197f8d\",\"name\":\"Redazione Italia\",\"description\":\"News from the Pressenza Bureau in Italy\",\"sameAs\":[\"https:\/\/www.pressenza.com\/it\/author\/redazione-italia\/\",\"https:\/\/www.facebook.com\/PressenzaItalia\",\"https:\/\/www.instagram.com\/pressenza_italia\/\",\"https:\/\/x.com\/pressenza_it\",\"https:\/\/www.youtube.com\/channel\/UCSalEIWjE1RSxkwjfftFuqg\"],\"url\":\"https:\/\/www.pressenza.com\/it\/author\/redazione-italia\/\"}]}<\/script>\n<!-- \/ Yoast SEO plugin. -->","yoast_head_json":{"title":"ResQ \u2013 People saving people: appello per un porto sicuro","description":"\u201cCi stiamo preparando a un'altra notte come quella di ieri, con a bordo 166 persone salvate dall'acqua. Siamo in navigazione a 15 miglia dalla costa,","robots":{"index":"index","follow":"follow","max-snippet":"max-snippet:-1","max-image-preview":"max-image-preview:large","max-video-preview":"max-video-preview:-1"},"canonical":"https:\/\/www.pressenza.com\/it\/2021\/08\/resq-people-saving-people-appello-per-un-porto-sicuro\/","og_locale":"it_IT","og_type":"article","og_title":"ResQ \u2013 People saving people: appello per un porto sicuro","og_description":"\u201cCi stiamo preparando a un'altra notte come quella di ieri, con a bordo 166 persone salvate dall'acqua. Siamo in navigazione a 15 miglia dalla costa,","og_url":"https:\/\/www.pressenza.com\/it\/2021\/08\/resq-people-saving-people-appello-per-un-porto-sicuro\/","og_site_name":"Pressenza","article_publisher":"https:\/\/www.facebook.com\/PressenzaItalia","article_author":"https:\/\/www.facebook.com\/PressenzaItalia","article_published_time":"2021-08-16T20:24:02+00:00","article_modified_time":"2021-08-16T20:28:05+00:00","og_image":[{"width":1440,"height":960,"url":"https:\/\/www.pressenza.com\/wp-content\/uploads\/2021\/08\/ResQ-16.8.2021.jpg","type":"image\/jpeg"}],"author":"Redazione Italia","twitter_card":"summary_large_image","twitter_creator":"@pressenza_it","twitter_site":"@PressenzaIPA","twitter_misc":{"Scritto da":"Redazione Italia","Tempo di lettura stimato":"1 minuto"},"schema":{"@context":"https:\/\/schema.org","@graph":[{"@type":"Article","@id":"https:\/\/www.pressenza.com\/it\/2021\/08\/resq-people-saving-people-appello-per-un-porto-sicuro\/#article","isPartOf":{"@id":"https:\/\/www.pressenza.com\/it\/2021\/08\/resq-people-saving-people-appello-per-un-porto-sicuro\/"},"author":{"name":"Redazione Italia","@id":"https:\/\/www.pressenza.com\/it\/#\/schema\/person\/d983e81827ae24f2c7b1a2123d197f8d"},"headline":"ResQ \u2013 People saving people: appello per un porto sicuro","datePublished":"2021-08-16T20:24:02+00:00","dateModified":"2021-08-16T20:28:05+00:00","mainEntityOfPage":{"@id":"https:\/\/www.pressenza.com\/it\/2021\/08\/resq-people-saving-people-appello-per-un-porto-sicuro\/"},"wordCount":198,"publisher":{"@id":"https:\/\/www.pressenza.com\/it\/#organization"},"image":{"@id":"https:\/\/www.pressenza.com\/it\/2021\/08\/resq-people-saving-people-appello-per-un-porto-sicuro\/#primaryimage"},"thumbnailUrl":"https:\/\/www.pressenza.com\/wp-content\/uploads\/2021\/08\/ResQ-16.8.2021.jpg","keywords":["porto sicuro","Resq-People Saving People","salvataggi in mare"],"articleSection":["contenuti originali","Europa","Migranti"],"inLanguage":"it-IT"},{"@type":"WebPage","@id":"https:\/\/www.pressenza.com\/it\/2021\/08\/resq-people-saving-people-appello-per-un-porto-sicuro\/","url":"https:\/\/www.pressenza.com\/it\/2021\/08\/resq-people-saving-people-appello-per-un-porto-sicuro\/","name":"ResQ \u2013 People saving people: appello per un porto sicuro","isPartOf":{"@id":"https:\/\/www.pressenza.com\/it\/#website"},"primaryImageOfPage":{"@id":"https:\/\/www.pressenza.com\/it\/2021\/08\/resq-people-saving-people-appello-per-un-porto-sicuro\/#primaryimage"},"image":{"@id":"https:\/\/www.pressenza.com\/it\/2021\/08\/resq-people-saving-people-appello-per-un-porto-sicuro\/#primaryimage"},"thumbnailUrl":"https:\/\/www.pressenza.com\/wp-content\/uploads\/2021\/08\/ResQ-16.8.2021.jpg","datePublished":"2021-08-16T20:24:02+00:00","dateModified":"2021-08-16T20:28:05+00:00","description":"\u201cCi stiamo preparando a un'altra notte come quella di ieri, con a bordo 166 persone salvate dall'acqua. Siamo in navigazione a 15 miglia dalla costa,","breadcrumb":{"@id":"https:\/\/www.pressenza.com\/it\/2021\/08\/resq-people-saving-people-appello-per-un-porto-sicuro\/#breadcrumb"},"inLanguage":"it-IT","potentialAction":[{"@type":"ReadAction","target":["https:\/\/www.pressenza.com\/it\/2021\/08\/resq-people-saving-people-appello-per-un-porto-sicuro\/"]}]},{"@type":"ImageObject","inLanguage":"it-IT","@id":"https:\/\/www.pressenza.com\/it\/2021\/08\/resq-people-saving-people-appello-per-un-porto-sicuro\/#primaryimage","url":"https:\/\/www.pressenza.com\/wp-content\/uploads\/2021\/08\/ResQ-16.8.2021.jpg","contentUrl":"https:\/\/www.pressenza.com\/wp-content\/uploads\/2021\/08\/ResQ-16.8.2021.jpg","width":1440,"height":960},{"@type":"BreadcrumbList","@id":"https:\/\/www.pressenza.com\/it\/2021\/08\/resq-people-saving-people-appello-per-un-porto-sicuro\/#breadcrumb","itemListElement":[{"@type":"ListItem","position":1,"name":"Accueil","item":"https:\/\/www.pressenza.com\/it\/"},{"@type":"ListItem","position":2,"name":"ResQ \u2013 People saving people: appello per un porto sicuro"}]},{"@type":"WebSite","@id":"https:\/\/www.pressenza.com\/it\/#website","url":"https:\/\/www.pressenza.com\/it\/","name":"Pressenza","description":"Agenzia di Stampa Internazionale","publisher":{"@id":"https:\/\/www.pressenza.com\/it\/#organization"},"potentialAction":[{"@type":"SearchAction","target":{"@type":"EntryPoint","urlTemplate":"https:\/\/www.pressenza.com\/it\/?s={search_term_string}"},"query-input":{"@type":"PropertyValueSpecification","valueRequired":true,"valueName":"search_term_string"}}],"inLanguage":"it-IT"},{"@type":"Organization","@id":"https:\/\/www.pressenza.com\/it\/#organization","name":"Pressenza","url":"https:\/\/www.pressenza.com\/it\/","logo":{"@type":"ImageObject","inLanguage":"it-IT","@id":"https:\/\/www.pressenza.com\/it\/#\/schema\/logo\/image\/","url":"https:\/\/www.pressenza.com\/wp-content\/uploads\/2022\/10\/pressenza_logo_200x200.jpg","contentUrl":"https:\/\/www.pressenza.com\/wp-content\/uploads\/2022\/10\/pressenza_logo_200x200.jpg","width":200,"height":200,"caption":"Pressenza"},"image":{"@id":"https:\/\/www.pressenza.com\/it\/#\/schema\/logo\/image\/"},"sameAs":["https:\/\/www.facebook.com\/PressenzaItalia","https:\/\/x.com\/PressenzaIPA"]},{"@type":"Person","@id":"https:\/\/www.pressenza.com\/it\/#\/schema\/person\/d983e81827ae24f2c7b1a2123d197f8d","name":"Redazione Italia","description":"News from the Pressenza Bureau in Italy","sameAs":["https:\/\/www.pressenza.com\/it\/author\/redazione-italia\/","https:\/\/www.facebook.com\/PressenzaItalia","https:\/\/www.instagram.com\/pressenza_italia\/","https:\/\/x.com\/pressenza_it","https:\/\/www.youtube.com\/channel\/UCSalEIWjE1RSxkwjfftFuqg"],"url":"https:\/\/www.pressenza.com\/it\/author\/redazione-italia\/"}]}},"place":"","original_article_url":"","_links":{"self":[{"href":"https:\/\/www.pressenza.com\/it\/wp-json\/wp\/v2\/posts\/1414536","targetHints":{"allow":["GET"]}}],"collection":[{"href":"https:\/\/www.pressenza.com\/it\/wp-json\/wp\/v2\/posts"}],"about":[{"href":"https:\/\/www.pressenza.com\/it\/wp-json\/wp\/v2\/types\/post"}],"author":[{"embeddable":true,"href":"https:\/\/www.pressenza.com\/it\/wp-json\/wp\/v2\/users\/594"}],"replies":[{"embeddable":true,"href":"https:\/\/www.pressenza.com\/it\/wp-json\/wp\/v2\/comments?post=1414536"}],"version-history":[{"count":0,"href":"https:\/\/www.pressenza.com\/it\/wp-json\/wp\/v2\/posts\/1414536\/revisions"}],"wp:featuredmedia":[{"embeddable":true,"href":"https:\/\/www.pressenza.com\/it\/wp-json\/wp\/v2\/media\/1414538"}],"wp:attachment":[{"href":"https:\/\/www.pressenza.com\/it\/wp-json\/wp\/v2\/media?parent=1414536"}],"wp:term":[{"taxonomy":"category","embeddable":true,"href":"https:\/\/www.pressenza.com\/it\/wp-json\/wp\/v2\/categories?post=1414536"},{"taxonomy":"post_tag","embeddable":true,"href":"https:\/\/www.pressenza.com\/it\/wp-json\/wp\/v2\/tags?post=1414536"}],"curies":[{"name":"wp","href":"https:\/\/api.w.org\/{rel}","templated":true}]}}