{"id":1413378,"date":"2021-08-14T09:54:30","date_gmt":"2021-08-14T08:54:30","guid":{"rendered":"https:\/\/www.pressenza.com\/?p=1413378"},"modified":"2021-08-14T09:56:38","modified_gmt":"2021-08-14T08:56:38","slug":"con-grande-rispetto-gino-strada","status":"publish","type":"post","link":"https:\/\/www.pressenza.com\/it\/2021\/08\/con-grande-rispetto-gino-strada\/","title":{"rendered":"Con grande rispetto, Gino Strada"},"content":{"rendered":"<p>Gino Strada, una delle figure italiane ed europee pi\u00f9 importanti nel campo dell&#8217;impegno civile umano per la vita degli altri, \u00e8 morto all&#8217;et\u00e0 di 73 anni. Medico, chirurgo, amante della pace e fermo oppositore della guerra e della violenza, \u00e8 stato il fondatore della ONG Emergency, che ha creato 18 ospedali in tutto il mondo in paesi devastati dalla guerra, come Afghanistan e Sudan.<\/p>\n<p>L&#8217;esistenza di persone come Gino Strada \u00e8 un potente schiaffo alla credibilit\u00e0 di tutti i nostri dominanti, che sanno solo glorificare il potere, l&#8217;innovazione tecnologica, la sicurezza nazionale, spendono 2 trilioni di dollari all&#8217;anno in armi, per conquistare, uccidere, dominare e lasciano spudoratamente a persone private di buona volont\u00e0, come Gino Strada, il compito di salvare centinaia di migliaia di feriti e di malati.<\/p>\n<p>Questi dominanti dovrebbero essere processati e condannati per crimini contro l&#8217;umanit\u00e0. Le guerre devono essere messe al bando.<\/p>\n<p>Riccardo Petrella<br \/>\nRoberto Savio<br \/>\nAgor\u00e0 degli abitanti della Terra<\/p>\n<p>&nbsp;<\/p>\n","protected":false},"excerpt":{"rendered":"<p>Gino Strada, una delle figure italiane ed europee pi\u00f9 importanti nel campo dell&#8217;impegno civile umano per la vita degli altri, \u00e8 morto all&#8217;et\u00e0 di 73 anni. Medico, chirurgo, amante della pace e fermo oppositore della guerra e della violenza, \u00e8&hellip;<\/p>\n","protected":false},"author":1811,"featured_media":1082375,"comment_status":"closed","ping_status":"closed","sticky":false,"template":"","format":"standard","meta":{"footnotes":""},"categories":[150,38,1263],"tags":[2753,4615,57025],"class_list":["post-1413378","post","type-post","status-publish","format-standard","has-post-thumbnail","hentry","category-comunicati-stampa","category-internazionale","category-pace-disarmo","tag-emergency","tag-gino-strada","tag-guerre-it"],"yoast_head":"<!-- This site is optimized with the Yoast SEO plugin v27.1.1 - https:\/\/yoast.com\/product\/yoast-seo-wordpress\/ -->\n<title>Con grande rispetto, Gino Strada<\/title>\n<meta name=\"description\" content=\"Gino Strada, una delle figure italiane ed europee pi\u00f9 importanti nel campo dell&#039;impegno civile umano per la vita degli altri, \u00e8 morto all&#039;et\u00e0 di 73 anni.\" \/>\n<meta name=\"robots\" content=\"index, follow, max-snippet:-1, max-image-preview:large, max-video-preview:-1\" \/>\n<link rel=\"canonical\" href=\"https:\/\/www.pressenza.com\/it\/2021\/08\/con-grande-rispetto-gino-strada\/\" \/>\n<meta property=\"og:locale\" content=\"it_IT\" \/>\n<meta property=\"og:type\" content=\"article\" \/>\n<meta property=\"og:title\" content=\"Con grande rispetto, Gino Strada\" \/>\n<meta property=\"og:description\" content=\"Gino Strada, una delle figure italiane ed europee pi\u00f9 importanti nel campo dell&#039;impegno civile umano per la vita degli altri, \u00e8 morto all&#039;et\u00e0 di 73 anni.\" \/>\n<meta property=\"og:url\" content=\"https:\/\/www.pressenza.com\/it\/2021\/08\/con-grande-rispetto-gino-strada\/\" \/>\n<meta property=\"og:site_name\" content=\"Pressenza\" \/>\n<meta property=\"article:publisher\" content=\"https:\/\/www.facebook.com\/PressenzaItalia\" \/>\n<meta property=\"article:published_time\" content=\"2021-08-14T08:54:30+00:00\" \/>\n<meta property=\"article:modified_time\" content=\"2021-08-14T08:56:38+00:00\" \/>\n<meta property=\"og:image\" content=\"https:\/\/www.pressenza.com\/wp-content\/uploads\/2020\/04\/Gino-Strada.jpg\" \/>\n\t<meta property=\"og:image:width\" content=\"1200\" \/>\n\t<meta property=\"og:image:height\" content=\"800\" \/>\n\t<meta property=\"og:image:type\" content=\"image\/jpeg\" \/>\n<meta name=\"author\" content=\"Agor\u00e0 degli Abitanti della Terra\" \/>\n<meta name=\"twitter:card\" content=\"summary_large_image\" \/>\n<meta name=\"twitter:creator\" content=\"@PressenzaIPA\" \/>\n<meta name=\"twitter:site\" content=\"@PressenzaIPA\" \/>\n<meta name=\"twitter:label1\" content=\"Scritto da\" \/>\n\t<meta name=\"twitter:data1\" content=\"Agor\u00e0 degli Abitanti della Terra\" \/>\n\t<meta name=\"twitter:label2\" content=\"Tempo di lettura stimato\" \/>\n\t<meta name=\"twitter:data2\" content=\"1 minuto\" \/>\n<script type=\"application\/ld+json\" class=\"yoast-schema-graph\">{\"@context\":\"https:\/\/schema.org\",\"@graph\":[{\"@type\":\"Article\",\"@id\":\"https:\/\/www.pressenza.com\/it\/2021\/08\/con-grande-rispetto-gino-strada\/#article\",\"isPartOf\":{\"@id\":\"https:\/\/www.pressenza.com\/it\/2021\/08\/con-grande-rispetto-gino-strada\/\"},\"author\":{\"name\":\"Agor\u00e0 degli Abitanti della Terra\",\"@id\":\"https:\/\/www.pressenza.com\/it\/#\/schema\/person\/b5b4ac19386e3d1b30226ce612f04756\"},\"headline\":\"Con grande rispetto, Gino Strada\",\"datePublished\":\"2021-08-14T08:54:30+00:00\",\"dateModified\":\"2021-08-14T08:56:38+00:00\",\"mainEntityOfPage\":{\"@id\":\"https:\/\/www.pressenza.com\/it\/2021\/08\/con-grande-rispetto-gino-strada\/\"},\"wordCount\":161,\"publisher\":{\"@id\":\"https:\/\/www.pressenza.com\/it\/#organization\"},\"image\":{\"@id\":\"https:\/\/www.pressenza.com\/it\/2021\/08\/con-grande-rispetto-gino-strada\/#primaryimage\"},\"thumbnailUrl\":\"https:\/\/www.pressenza.com\/wp-content\/uploads\/2020\/04\/Gino-Strada.jpg\",\"keywords\":[\"Emergency\",\"Gino Strada\",\"guerre\"],\"articleSection\":[\"Comunicati Stampa\",\"Internazionale\",\"Pace e Disarmo\"],\"inLanguage\":\"it-IT\"},{\"@type\":\"WebPage\",\"@id\":\"https:\/\/www.pressenza.com\/it\/2021\/08\/con-grande-rispetto-gino-strada\/\",\"url\":\"https:\/\/www.pressenza.com\/it\/2021\/08\/con-grande-rispetto-gino-strada\/\",\"name\":\"Con grande rispetto, Gino Strada\",\"isPartOf\":{\"@id\":\"https:\/\/www.pressenza.com\/it\/#website\"},\"primaryImageOfPage\":{\"@id\":\"https:\/\/www.pressenza.com\/it\/2021\/08\/con-grande-rispetto-gino-strada\/#primaryimage\"},\"image\":{\"@id\":\"https:\/\/www.pressenza.com\/it\/2021\/08\/con-grande-rispetto-gino-strada\/#primaryimage\"},\"thumbnailUrl\":\"https:\/\/www.pressenza.com\/wp-content\/uploads\/2020\/04\/Gino-Strada.jpg\",\"datePublished\":\"2021-08-14T08:54:30+00:00\",\"dateModified\":\"2021-08-14T08:56:38+00:00\",\"description\":\"Gino Strada, una delle figure italiane ed europee pi\u00f9 importanti nel campo dell'impegno civile umano per la vita degli altri, \u00e8 morto all'et\u00e0 di 73 anni.\",\"breadcrumb\":{\"@id\":\"https:\/\/www.pressenza.com\/it\/2021\/08\/con-grande-rispetto-gino-strada\/#breadcrumb\"},\"inLanguage\":\"it-IT\",\"potentialAction\":[{\"@type\":\"ReadAction\",\"target\":[\"https:\/\/www.pressenza.com\/it\/2021\/08\/con-grande-rispetto-gino-strada\/\"]}]},{\"@type\":\"ImageObject\",\"inLanguage\":\"it-IT\",\"@id\":\"https:\/\/www.pressenza.com\/it\/2021\/08\/con-grande-rispetto-gino-strada\/#primaryimage\",\"url\":\"https:\/\/www.pressenza.com\/wp-content\/uploads\/2020\/04\/Gino-Strada.jpg\",\"contentUrl\":\"https:\/\/www.pressenza.com\/wp-content\/uploads\/2020\/04\/Gino-Strada.jpg\",\"width\":1200,\"height\":800},{\"@type\":\"BreadcrumbList\",\"@id\":\"https:\/\/www.pressenza.com\/it\/2021\/08\/con-grande-rispetto-gino-strada\/#breadcrumb\",\"itemListElement\":[{\"@type\":\"ListItem\",\"position\":1,\"name\":\"Accueil\",\"item\":\"https:\/\/www.pressenza.com\/it\/\"},{\"@type\":\"ListItem\",\"position\":2,\"name\":\"Con grande rispetto, Gino Strada\"}]},{\"@type\":\"WebSite\",\"@id\":\"https:\/\/www.pressenza.com\/it\/#website\",\"url\":\"https:\/\/www.pressenza.com\/it\/\",\"name\":\"Pressenza\",\"description\":\"Agenzia di Stampa Internazionale\",\"publisher\":{\"@id\":\"https:\/\/www.pressenza.com\/it\/#organization\"},\"potentialAction\":[{\"@type\":\"SearchAction\",\"target\":{\"@type\":\"EntryPoint\",\"urlTemplate\":\"https:\/\/www.pressenza.com\/it\/?s={search_term_string}\"},\"query-input\":{\"@type\":\"PropertyValueSpecification\",\"valueRequired\":true,\"valueName\":\"search_term_string\"}}],\"inLanguage\":\"it-IT\"},{\"@type\":\"Organization\",\"@id\":\"https:\/\/www.pressenza.com\/it\/#organization\",\"name\":\"Pressenza\",\"url\":\"https:\/\/www.pressenza.com\/it\/\",\"logo\":{\"@type\":\"ImageObject\",\"inLanguage\":\"it-IT\",\"@id\":\"https:\/\/www.pressenza.com\/it\/#\/schema\/logo\/image\/\",\"url\":\"https:\/\/www.pressenza.com\/wp-content\/uploads\/2022\/10\/pressenza_logo_200x200.jpg\",\"contentUrl\":\"https:\/\/www.pressenza.com\/wp-content\/uploads\/2022\/10\/pressenza_logo_200x200.jpg\",\"width\":200,\"height\":200,\"caption\":\"Pressenza\"},\"image\":{\"@id\":\"https:\/\/www.pressenza.com\/it\/#\/schema\/logo\/image\/\"},\"sameAs\":[\"https:\/\/www.facebook.com\/PressenzaItalia\",\"https:\/\/x.com\/PressenzaIPA\"]},{\"@type\":\"Person\",\"@id\":\"https:\/\/www.pressenza.com\/it\/#\/schema\/person\/b5b4ac19386e3d1b30226ce612f04756\",\"name\":\"Agor\u00e0 degli Abitanti della Terra\",\"description\":\"Iniziativa ampia che ha come obiettivo il riconoscimento dell\u2019Umanit\u00e0 come attore principale nella regolazione politica, sociale ed economica a livello globale.\",\"url\":\"https:\/\/www.pressenza.com\/it\/author\/agora-degli-abitanti-della-terra\/\"}]}<\/script>\n<!-- \/ Yoast SEO plugin. -->","yoast_head_json":{"title":"Con grande rispetto, Gino Strada","description":"Gino Strada, una delle figure italiane ed europee pi\u00f9 importanti nel campo dell'impegno civile umano per la vita degli altri, \u00e8 morto all'et\u00e0 di 73 anni.","robots":{"index":"index","follow":"follow","max-snippet":"max-snippet:-1","max-image-preview":"max-image-preview:large","max-video-preview":"max-video-preview:-1"},"canonical":"https:\/\/www.pressenza.com\/it\/2021\/08\/con-grande-rispetto-gino-strada\/","og_locale":"it_IT","og_type":"article","og_title":"Con grande rispetto, Gino Strada","og_description":"Gino Strada, una delle figure italiane ed europee pi\u00f9 importanti nel campo dell'impegno civile umano per la vita degli altri, \u00e8 morto all'et\u00e0 di 73 anni.","og_url":"https:\/\/www.pressenza.com\/it\/2021\/08\/con-grande-rispetto-gino-strada\/","og_site_name":"Pressenza","article_publisher":"https:\/\/www.facebook.com\/PressenzaItalia","article_published_time":"2021-08-14T08:54:30+00:00","article_modified_time":"2021-08-14T08:56:38+00:00","og_image":[{"width":1200,"height":800,"url":"https:\/\/www.pressenza.com\/wp-content\/uploads\/2020\/04\/Gino-Strada.jpg","type":"image\/jpeg"}],"author":"Agor\u00e0 degli Abitanti della Terra","twitter_card":"summary_large_image","twitter_creator":"@PressenzaIPA","twitter_site":"@PressenzaIPA","twitter_misc":{"Scritto da":"Agor\u00e0 degli Abitanti della Terra","Tempo di lettura stimato":"1 minuto"},"schema":{"@context":"https:\/\/schema.org","@graph":[{"@type":"Article","@id":"https:\/\/www.pressenza.com\/it\/2021\/08\/con-grande-rispetto-gino-strada\/#article","isPartOf":{"@id":"https:\/\/www.pressenza.com\/it\/2021\/08\/con-grande-rispetto-gino-strada\/"},"author":{"name":"Agor\u00e0 degli Abitanti della Terra","@id":"https:\/\/www.pressenza.com\/it\/#\/schema\/person\/b5b4ac19386e3d1b30226ce612f04756"},"headline":"Con grande rispetto, Gino Strada","datePublished":"2021-08-14T08:54:30+00:00","dateModified":"2021-08-14T08:56:38+00:00","mainEntityOfPage":{"@id":"https:\/\/www.pressenza.com\/it\/2021\/08\/con-grande-rispetto-gino-strada\/"},"wordCount":161,"publisher":{"@id":"https:\/\/www.pressenza.com\/it\/#organization"},"image":{"@id":"https:\/\/www.pressenza.com\/it\/2021\/08\/con-grande-rispetto-gino-strada\/#primaryimage"},"thumbnailUrl":"https:\/\/www.pressenza.com\/wp-content\/uploads\/2020\/04\/Gino-Strada.jpg","keywords":["Emergency","Gino Strada","guerre"],"articleSection":["Comunicati Stampa","Internazionale","Pace e Disarmo"],"inLanguage":"it-IT"},{"@type":"WebPage","@id":"https:\/\/www.pressenza.com\/it\/2021\/08\/con-grande-rispetto-gino-strada\/","url":"https:\/\/www.pressenza.com\/it\/2021\/08\/con-grande-rispetto-gino-strada\/","name":"Con grande rispetto, Gino Strada","isPartOf":{"@id":"https:\/\/www.pressenza.com\/it\/#website"},"primaryImageOfPage":{"@id":"https:\/\/www.pressenza.com\/it\/2021\/08\/con-grande-rispetto-gino-strada\/#primaryimage"},"image":{"@id":"https:\/\/www.pressenza.com\/it\/2021\/08\/con-grande-rispetto-gino-strada\/#primaryimage"},"thumbnailUrl":"https:\/\/www.pressenza.com\/wp-content\/uploads\/2020\/04\/Gino-Strada.jpg","datePublished":"2021-08-14T08:54:30+00:00","dateModified":"2021-08-14T08:56:38+00:00","description":"Gino Strada, una delle figure italiane ed europee pi\u00f9 importanti nel campo dell'impegno civile umano per la vita degli altri, \u00e8 morto all'et\u00e0 di 73 anni.","breadcrumb":{"@id":"https:\/\/www.pressenza.com\/it\/2021\/08\/con-grande-rispetto-gino-strada\/#breadcrumb"},"inLanguage":"it-IT","potentialAction":[{"@type":"ReadAction","target":["https:\/\/www.pressenza.com\/it\/2021\/08\/con-grande-rispetto-gino-strada\/"]}]},{"@type":"ImageObject","inLanguage":"it-IT","@id":"https:\/\/www.pressenza.com\/it\/2021\/08\/con-grande-rispetto-gino-strada\/#primaryimage","url":"https:\/\/www.pressenza.com\/wp-content\/uploads\/2020\/04\/Gino-Strada.jpg","contentUrl":"https:\/\/www.pressenza.com\/wp-content\/uploads\/2020\/04\/Gino-Strada.jpg","width":1200,"height":800},{"@type":"BreadcrumbList","@id":"https:\/\/www.pressenza.com\/it\/2021\/08\/con-grande-rispetto-gino-strada\/#breadcrumb","itemListElement":[{"@type":"ListItem","position":1,"name":"Accueil","item":"https:\/\/www.pressenza.com\/it\/"},{"@type":"ListItem","position":2,"name":"Con grande rispetto, Gino Strada"}]},{"@type":"WebSite","@id":"https:\/\/www.pressenza.com\/it\/#website","url":"https:\/\/www.pressenza.com\/it\/","name":"Pressenza","description":"Agenzia di Stampa Internazionale","publisher":{"@id":"https:\/\/www.pressenza.com\/it\/#organization"},"potentialAction":[{"@type":"SearchAction","target":{"@type":"EntryPoint","urlTemplate":"https:\/\/www.pressenza.com\/it\/?s={search_term_string}"},"query-input":{"@type":"PropertyValueSpecification","valueRequired":true,"valueName":"search_term_string"}}],"inLanguage":"it-IT"},{"@type":"Organization","@id":"https:\/\/www.pressenza.com\/it\/#organization","name":"Pressenza","url":"https:\/\/www.pressenza.com\/it\/","logo":{"@type":"ImageObject","inLanguage":"it-IT","@id":"https:\/\/www.pressenza.com\/it\/#\/schema\/logo\/image\/","url":"https:\/\/www.pressenza.com\/wp-content\/uploads\/2022\/10\/pressenza_logo_200x200.jpg","contentUrl":"https:\/\/www.pressenza.com\/wp-content\/uploads\/2022\/10\/pressenza_logo_200x200.jpg","width":200,"height":200,"caption":"Pressenza"},"image":{"@id":"https:\/\/www.pressenza.com\/it\/#\/schema\/logo\/image\/"},"sameAs":["https:\/\/www.facebook.com\/PressenzaItalia","https:\/\/x.com\/PressenzaIPA"]},{"@type":"Person","@id":"https:\/\/www.pressenza.com\/it\/#\/schema\/person\/b5b4ac19386e3d1b30226ce612f04756","name":"Agor\u00e0 degli Abitanti della Terra","description":"Iniziativa ampia che ha come obiettivo il riconoscimento dell\u2019Umanit\u00e0 come attore principale nella regolazione politica, sociale ed economica a livello globale.","url":"https:\/\/www.pressenza.com\/it\/author\/agora-degli-abitanti-della-terra\/"}]}},"place":"","original_article_url":"","_links":{"self":[{"href":"https:\/\/www.pressenza.com\/it\/wp-json\/wp\/v2\/posts\/1413378","targetHints":{"allow":["GET"]}}],"collection":[{"href":"https:\/\/www.pressenza.com\/it\/wp-json\/wp\/v2\/posts"}],"about":[{"href":"https:\/\/www.pressenza.com\/it\/wp-json\/wp\/v2\/types\/post"}],"author":[{"embeddable":true,"href":"https:\/\/www.pressenza.com\/it\/wp-json\/wp\/v2\/users\/1811"}],"replies":[{"embeddable":true,"href":"https:\/\/www.pressenza.com\/it\/wp-json\/wp\/v2\/comments?post=1413378"}],"version-history":[{"count":0,"href":"https:\/\/www.pressenza.com\/it\/wp-json\/wp\/v2\/posts\/1413378\/revisions"}],"wp:featuredmedia":[{"embeddable":true,"href":"https:\/\/www.pressenza.com\/it\/wp-json\/wp\/v2\/media\/1082375"}],"wp:attachment":[{"href":"https:\/\/www.pressenza.com\/it\/wp-json\/wp\/v2\/media?parent=1413378"}],"wp:term":[{"taxonomy":"category","embeddable":true,"href":"https:\/\/www.pressenza.com\/it\/wp-json\/wp\/v2\/categories?post=1413378"},{"taxonomy":"post_tag","embeddable":true,"href":"https:\/\/www.pressenza.com\/it\/wp-json\/wp\/v2\/tags?post=1413378"}],"curies":[{"name":"wp","href":"https:\/\/api.w.org\/{rel}","templated":true}]}}