{"id":1412044,"date":"2021-08-10T12:22:00","date_gmt":"2021-08-10T11:22:00","guid":{"rendered":"https:\/\/www.pressenza.com\/?p=1412044"},"modified":"2021-08-10T19:00:32","modified_gmt":"2021-08-10T18:00:32","slug":"agroecologia-pesticidi-specie-aliene-invasive-e-biodiversita-dalla-sicilia-una-legge-che-accende-speranza","status":"publish","type":"post","link":"https:\/\/www.pressenza.com\/it\/2021\/08\/agroecologia-pesticidi-specie-aliene-invasive-e-biodiversita-dalla-sicilia-una-legge-che-accende-speranza\/","title":{"rendered":"Agroecologia, pesticidi, specie aliene invasive e biodiversit\u00e0: dalla Sicilia una legge che accende speranza"},"content":{"rendered":"<p>In tutto il mondo, e sicuramente tantissimo in Europa e in Italia, l\u2019azione dell\u2019uomo ha fatto s\u00ec che le superfici destinate all\u2019agricoltura dominino per estensione sulle aree naturali. Questo semplice dato di fatto fa s\u00ec che oggi il destino di un immenso numero di specie, cio\u00e8 di quella biodiversit\u00e0 oggi tanto in pericolo e da cui anche il nostro benessere dipende, sia legato in gran parte o del tutto dal modo in cui decidiamo di produrre il cibo che mangiamo. Aggiungete a tutto ci\u00f2 che non solo dal modo di fare agricoltura dipende direttamente anche la nostra salute e la qualit\u00e0 della vita di tutti coloro che vivono fuori dalle citt\u00e0, ma anche per esempio che il settore agricolo consuma oggi circa il 70% dell\u2019acqua dolce nel mondo o che \u00e8 responsabile del 20-40% delle emissioni di gas serra. Insomma per invertire la rotta rispetto alla crisi ambientale l\u2019agricoltura \u00e8 snodo fondamentale, di cui forse non si parla abbastanza.<\/p>\n<p>L\u2019agricoltura europea da questo punto di vista avrebbe tanta strada da fare, ma le politiche promosse dall\u2019UE, anche in occasione del <em>Green New Deal<\/em>, premono sempre di pi\u00f9 in una direzione di sostenibilit\u00e0, che non sempre viene perseguita al di fuori del continente. \u00c8 in questo contesto che occorre riportare una bella notizia, che giunge dalla Sicilia. La regione, \u00e8 gi\u00e0 leader in Italia per superfici destinate all\u2019agricoltura biologica (che prevede, con un regime di controlli, una drastica diminuzione dell\u2019uso di sostanze inquinanti e biocidi). Adesso, ha varato una legge all&#8217;avanguardia in Europa, che ha come principale tema la gestione sostenibile, agroecologica degli agroecosistemi e la tutela della biodiversit\u00e0 che questi ospitano proponendo tanti interessanti e coraggiosi passi in avanti.<\/p>\n<p>In particolare, alcuni dei passaggi legislativi chiave:<\/p>\n<p>&#8211; viene definita per la prima volta in una legge europea la categoria di aziende agroecologiche, fatta di aziende che rispettano i tetti imposti dalle normative sull&#8217;agricoltura biologica ma che in pi\u00f9 si curano di dedicare parte della loro superfice alle specie arboree native, alle variet\u00e0 colturali o zootecniche autoctone, al sostegno agli insetti impollinatori e cos\u00ec via. A queste vengono poi destinate risorse in vario modo.Se fossero tutte cos\u00ec la tutela della biodiversit\u00e0 avrebbe fatto passi giganteschi: diversificare le colture, il paesaggio agricolo, tutelare le specie native \u00e8 centrale;<\/p>\n<p>&#8211; viene istituito un osservatorio permanente per il monitoraggio e l&#8217;intervento sulle specie esotiche invasive, piaga sia dei sistemi agricoli che di quelli naturali, e tema su cui di norma pesa molto proprio l&#8217;assenza di controllo e azione immediata. Certe specie, che vengono introdotte inavvertitamente con i traffici internazionali, sono poi in grado di sconvolgere interi equilibri ecosistemici se si trovano particolarmente bene in ambienti dove non c\u2019\u00e8 alcuna storia evolutiva comune. Nel caso dei \u201cpest\u201d agricoli, questo spesso si traduce in grandi danni economici e ad un ritorno massiccio verso l\u2019uso di insetticidi ad ampio spettro che si era riusciti ad accantonare;<\/p>\n<p>&#8211; vengono posti nuovi limiti all&#8217;uso di biocidi (insetticidi, fungicidi, diserbanti&#8230;) che per quanto concerne tutte le aree di protezione della natura (parchi naturali, riserve, SIC, ZPS), i geositi, i parchi archeologici ma anche strade pubbliche, ferrovie e tutte le aree pubbliche non destinate all\u2019agricoltura (come parchi urbani o giardini). Si tratta sempre di prodotti poco specifici che risolvono temporaneamente dei problemi ma contemporaneamente impattano in maniera indiscriminata tantissime specie non bersaglio, rendendo pi\u00f9 fragili gli ecosistemi, e spesso lasciando residui chimici permanenti. Si potr\u00e0 usare solo quello che \u00e8 consentito in agricoltura biologica;<\/p>\n<p>&#8211; sono posti nuovi limiti anche all&#8217;importazione di prodotti alimentari in relazione ai residui chimici presenti, promuovendo cos\u00ec coerentemente un&#8217;agricoltura pi\u00f9 sostenibile anche al di fuori dei confini regionali;<\/p>\n<p>&#8211; formazione sull&#8217;uso di alternative sostenibili ai biocidi agli operatori di diversi settori e formazione sul patrimonio naturalistico alle guide turistiche. Entrambi passaggi importanti. Da un lato, la rinuncia all\u2019utilizzo di prodotti ecologicamente dannosi non \u00e8 sempre semplice, in generale per sostituirli serve adottare soluzioni pi\u00f9 scientificamente raffinate: insomma informazione e preparazione sono fondamentali. Dall\u2019altro lato, si spera che un certo grado di formazione naturalistica possa un giorno diventare un patrimonio comune, per apprezzare, capire e valorizzare un territorio pieno di unicit\u00e0 e ricchezze i cui abitanti potrebbero certamente meglio difendere di quanto non avvenga oggi;<\/p>\n<p>&#8211; promozione dell&#8217;agricoltura di precisione per la razionalizzazione dell&#8217;utilizzo delle risorse, come la tutela delle risorse idriche e del suolo. Oggi ci sono notevoli opportunit\u00e0 per combinare, da un lato, i grandi avanzamenti scientifici nella comprensione delle complesse interazioni ecologiche che caratterizzano (agro)ecosistemi, e dall\u2019altro gli avanzamenti tecnici che permettono, per esempio, di raccogliere un sacco di dati su variabili chiave per la gestione di questi tramite interventi mirati e intelligenti.<\/p>\n<p>Insomma, tanta carne al fuoco e sicuramente un passo importante cui potranno seguire altre evoluzioni positive. La formulazione della legge arriva a seguito di un lungo e duro lavoro che ha coinvolto associazioni di produttori (come Associazione Italiana Agricoltura Biologica, Associazione Regionale Apicoltori), esperti agronomi, entomologi, economisti agrari (Universit\u00e0 degli Studi di Palermo, CREA), l\u2019associazione &#8216;Fa la cosa giusta!&#8217;, la Rete Fattorie Sociali, le associazioni ambientaliste. Le firme sulla legge, che in aula \u00e8 riuscita ad ottenere l\u2019approvazione all\u2019unanimit\u00e0, sono di Verdi, Attiva Sicilia, Movimento 5 Stelle e Partito Democratico. In data 06 agosto 2021, \u00e8 stata pubblicata in gazzetta ufficiale, mentre si attende l\u2019importante snodo dei decreti attuativi. Mentre assistiamo ad una \u201cnera\u201d cronaca di un\u2019altra devastante e mal gestita stagione di incendi in Sicilia e Sud Italia (e a gravi danni al patrimonio naturale, forestale e agricolo) agosto ci ricorda \u2013\u00a0 anche \u2013 la possibilit\u00e0 di un futuro diverso in quegli stessi territori.<\/p>\n<p><em>foto: Orto Urbano Sociale<\/em><\/p>\n","protected":false},"excerpt":{"rendered":"<p>In tutto il mondo, e sicuramente tantissimo in Europa e in Italia, l\u2019azione dell\u2019uomo ha fatto s\u00ec che le superfici destinate all\u2019agricoltura dominino per estensione sulle aree naturali. Questo semplice dato di fatto fa s\u00ec che oggi il destino di&hellip;<\/p>\n","protected":false},"author":1860,"featured_media":1412045,"comment_status":"closed","ping_status":"closed","sticky":false,"template":"","format":"standard","meta":{"footnotes":""},"categories":[11388,59,62],"tags":[6192,93783,9021],"class_list":["post-1412044","post","type-post","status-publish","format-standard","has-post-thumbnail","hentry","category-contenuti-originali","category-ambiente-ecologia","category-economia","tag-agricoltura-biologica","tag-agroecologica-degli-agroecosistemi","tag-biodiversita"],"yoast_head":"<!-- This site is optimized with the Yoast SEO plugin v27.1.1 - https:\/\/yoast.com\/product\/yoast-seo-wordpress\/ -->\n<title>Agroecologia, pesticidi, specie aliene invasive e biodiversit\u00e0: dalla Sicilia una legge che accende speranza<\/title>\n<meta name=\"description\" content=\"In tutto il mondo, e sicuramente tantissimo in Europa e in Italia, l\u2019azione dell\u2019uomo ha fatto s\u00ec che le superfici destinate all\u2019agricoltura dominino per\" \/>\n<meta name=\"robots\" content=\"index, follow, max-snippet:-1, max-image-preview:large, max-video-preview:-1\" \/>\n<link rel=\"canonical\" href=\"https:\/\/www.pressenza.com\/it\/2021\/08\/agroecologia-pesticidi-specie-aliene-invasive-e-biodiversita-dalla-sicilia-una-legge-che-accende-speranza\/\" \/>\n<meta property=\"og:locale\" content=\"it_IT\" \/>\n<meta property=\"og:type\" content=\"article\" \/>\n<meta property=\"og:title\" content=\"Agroecologia, pesticidi, specie aliene invasive e biodiversit\u00e0: dalla Sicilia una legge che accende speranza\" \/>\n<meta property=\"og:description\" content=\"In tutto il mondo, e sicuramente tantissimo in Europa e in Italia, l\u2019azione dell\u2019uomo ha fatto s\u00ec che le superfici destinate all\u2019agricoltura dominino per\" \/>\n<meta property=\"og:url\" content=\"https:\/\/www.pressenza.com\/it\/2021\/08\/agroecologia-pesticidi-specie-aliene-invasive-e-biodiversita-dalla-sicilia-una-legge-che-accende-speranza\/\" \/>\n<meta property=\"og:site_name\" content=\"Pressenza\" \/>\n<meta property=\"article:publisher\" content=\"https:\/\/www.facebook.com\/PressenzaItalia\" \/>\n<meta property=\"article:published_time\" content=\"2021-08-10T11:22:00+00:00\" \/>\n<meta property=\"article:modified_time\" content=\"2021-08-10T18:00:32+00:00\" \/>\n<meta property=\"og:image\" content=\"https:\/\/www.pressenza.com\/wp-content\/uploads\/2021\/08\/Enrico_orto-urbano1-1.jpg\" \/>\n\t<meta property=\"og:image:width\" content=\"1600\" \/>\n\t<meta property=\"og:image:height\" content=\"1065\" \/>\n\t<meta property=\"og:image:type\" content=\"image\/jpeg\" \/>\n<meta name=\"author\" content=\"Redazione Palermo\" \/>\n<meta name=\"twitter:card\" content=\"summary_large_image\" \/>\n<meta name=\"twitter:creator\" content=\"@PressenzaIPA\" \/>\n<meta name=\"twitter:site\" content=\"@PressenzaIPA\" \/>\n<meta name=\"twitter:label1\" content=\"Scritto da\" \/>\n\t<meta name=\"twitter:data1\" content=\"Redazione Palermo\" \/>\n\t<meta name=\"twitter:label2\" content=\"Tempo di lettura stimato\" \/>\n\t<meta name=\"twitter:data2\" content=\"5 minuti\" \/>\n<script type=\"application\/ld+json\" class=\"yoast-schema-graph\">{\"@context\":\"https:\/\/schema.org\",\"@graph\":[{\"@type\":\"Article\",\"@id\":\"https:\/\/www.pressenza.com\/it\/2021\/08\/agroecologia-pesticidi-specie-aliene-invasive-e-biodiversita-dalla-sicilia-una-legge-che-accende-speranza\/#article\",\"isPartOf\":{\"@id\":\"https:\/\/www.pressenza.com\/it\/2021\/08\/agroecologia-pesticidi-specie-aliene-invasive-e-biodiversita-dalla-sicilia-una-legge-che-accende-speranza\/\"},\"author\":{\"name\":\"Redazione Palermo\",\"@id\":\"https:\/\/www.pressenza.com\/it\/#\/schema\/person\/dd233b73788fa2d4f797777f9b6c1100\"},\"headline\":\"Agroecologia, pesticidi, specie aliene invasive e biodiversit\u00e0: dalla Sicilia una legge che accende speranza\",\"datePublished\":\"2021-08-10T11:22:00+00:00\",\"dateModified\":\"2021-08-10T18:00:32+00:00\",\"mainEntityOfPage\":{\"@id\":\"https:\/\/www.pressenza.com\/it\/2021\/08\/agroecologia-pesticidi-specie-aliene-invasive-e-biodiversita-dalla-sicilia-una-legge-che-accende-speranza\/\"},\"wordCount\":958,\"publisher\":{\"@id\":\"https:\/\/www.pressenza.com\/it\/#organization\"},\"image\":{\"@id\":\"https:\/\/www.pressenza.com\/it\/2021\/08\/agroecologia-pesticidi-specie-aliene-invasive-e-biodiversita-dalla-sicilia-una-legge-che-accende-speranza\/#primaryimage\"},\"thumbnailUrl\":\"https:\/\/www.pressenza.com\/wp-content\/uploads\/2021\/08\/Enrico_orto-urbano1-1.jpg\",\"keywords\":[\"agricoltura biologica\",\"agroecologica degli agroecosistemi\",\"biodiversit\u00e0\"],\"articleSection\":[\"contenuti originali\",\"Ecologia ed Ambiente\",\"Economia\"],\"inLanguage\":\"it-IT\"},{\"@type\":\"WebPage\",\"@id\":\"https:\/\/www.pressenza.com\/it\/2021\/08\/agroecologia-pesticidi-specie-aliene-invasive-e-biodiversita-dalla-sicilia-una-legge-che-accende-speranza\/\",\"url\":\"https:\/\/www.pressenza.com\/it\/2021\/08\/agroecologia-pesticidi-specie-aliene-invasive-e-biodiversita-dalla-sicilia-una-legge-che-accende-speranza\/\",\"name\":\"Agroecologia, pesticidi, specie aliene invasive e biodiversit\u00e0: dalla Sicilia una legge che accende speranza\",\"isPartOf\":{\"@id\":\"https:\/\/www.pressenza.com\/it\/#website\"},\"primaryImageOfPage\":{\"@id\":\"https:\/\/www.pressenza.com\/it\/2021\/08\/agroecologia-pesticidi-specie-aliene-invasive-e-biodiversita-dalla-sicilia-una-legge-che-accende-speranza\/#primaryimage\"},\"image\":{\"@id\":\"https:\/\/www.pressenza.com\/it\/2021\/08\/agroecologia-pesticidi-specie-aliene-invasive-e-biodiversita-dalla-sicilia-una-legge-che-accende-speranza\/#primaryimage\"},\"thumbnailUrl\":\"https:\/\/www.pressenza.com\/wp-content\/uploads\/2021\/08\/Enrico_orto-urbano1-1.jpg\",\"datePublished\":\"2021-08-10T11:22:00+00:00\",\"dateModified\":\"2021-08-10T18:00:32+00:00\",\"description\":\"In tutto il mondo, e sicuramente tantissimo in Europa e in Italia, l\u2019azione dell\u2019uomo ha fatto s\u00ec che le superfici destinate all\u2019agricoltura dominino per\",\"breadcrumb\":{\"@id\":\"https:\/\/www.pressenza.com\/it\/2021\/08\/agroecologia-pesticidi-specie-aliene-invasive-e-biodiversita-dalla-sicilia-una-legge-che-accende-speranza\/#breadcrumb\"},\"inLanguage\":\"it-IT\",\"potentialAction\":[{\"@type\":\"ReadAction\",\"target\":[\"https:\/\/www.pressenza.com\/it\/2021\/08\/agroecologia-pesticidi-specie-aliene-invasive-e-biodiversita-dalla-sicilia-una-legge-che-accende-speranza\/\"]}]},{\"@type\":\"ImageObject\",\"inLanguage\":\"it-IT\",\"@id\":\"https:\/\/www.pressenza.com\/it\/2021\/08\/agroecologia-pesticidi-specie-aliene-invasive-e-biodiversita-dalla-sicilia-una-legge-che-accende-speranza\/#primaryimage\",\"url\":\"https:\/\/www.pressenza.com\/wp-content\/uploads\/2021\/08\/Enrico_orto-urbano1-1.jpg\",\"contentUrl\":\"https:\/\/www.pressenza.com\/wp-content\/uploads\/2021\/08\/Enrico_orto-urbano1-1.jpg\",\"width\":1600,\"height\":1065},{\"@type\":\"BreadcrumbList\",\"@id\":\"https:\/\/www.pressenza.com\/it\/2021\/08\/agroecologia-pesticidi-specie-aliene-invasive-e-biodiversita-dalla-sicilia-una-legge-che-accende-speranza\/#breadcrumb\",\"itemListElement\":[{\"@type\":\"ListItem\",\"position\":1,\"name\":\"Accueil\",\"item\":\"https:\/\/www.pressenza.com\/it\/\"},{\"@type\":\"ListItem\",\"position\":2,\"name\":\"Agroecologia, pesticidi, specie aliene invasive e biodiversit\u00e0: dalla Sicilia una legge che accende speranza\"}]},{\"@type\":\"WebSite\",\"@id\":\"https:\/\/www.pressenza.com\/it\/#website\",\"url\":\"https:\/\/www.pressenza.com\/it\/\",\"name\":\"Pressenza\",\"description\":\"Agenzia di Stampa Internazionale\",\"publisher\":{\"@id\":\"https:\/\/www.pressenza.com\/it\/#organization\"},\"potentialAction\":[{\"@type\":\"SearchAction\",\"target\":{\"@type\":\"EntryPoint\",\"urlTemplate\":\"https:\/\/www.pressenza.com\/it\/?s={search_term_string}\"},\"query-input\":{\"@type\":\"PropertyValueSpecification\",\"valueRequired\":true,\"valueName\":\"search_term_string\"}}],\"inLanguage\":\"it-IT\"},{\"@type\":\"Organization\",\"@id\":\"https:\/\/www.pressenza.com\/it\/#organization\",\"name\":\"Pressenza\",\"url\":\"https:\/\/www.pressenza.com\/it\/\",\"logo\":{\"@type\":\"ImageObject\",\"inLanguage\":\"it-IT\",\"@id\":\"https:\/\/www.pressenza.com\/it\/#\/schema\/logo\/image\/\",\"url\":\"https:\/\/www.pressenza.com\/wp-content\/uploads\/2022\/10\/pressenza_logo_200x200.jpg\",\"contentUrl\":\"https:\/\/www.pressenza.com\/wp-content\/uploads\/2022\/10\/pressenza_logo_200x200.jpg\",\"width\":200,\"height\":200,\"caption\":\"Pressenza\"},\"image\":{\"@id\":\"https:\/\/www.pressenza.com\/it\/#\/schema\/logo\/image\/\"},\"sameAs\":[\"https:\/\/www.facebook.com\/PressenzaItalia\",\"https:\/\/x.com\/PressenzaIPA\"]},{\"@type\":\"Person\",\"@id\":\"https:\/\/www.pressenza.com\/it\/#\/schema\/person\/dd233b73788fa2d4f797777f9b6c1100\",\"name\":\"Redazione Palermo\",\"description\":\"News from the Pressenza Bureau in Palermo, Italy\",\"url\":\"https:\/\/www.pressenza.com\/it\/author\/redazione-palermo\/\"}]}<\/script>\n<!-- \/ Yoast SEO plugin. -->","yoast_head_json":{"title":"Agroecologia, pesticidi, specie aliene invasive e biodiversit\u00e0: dalla Sicilia una legge che accende speranza","description":"In tutto il mondo, e sicuramente tantissimo in Europa e in Italia, l\u2019azione dell\u2019uomo ha fatto s\u00ec che le superfici destinate all\u2019agricoltura dominino per","robots":{"index":"index","follow":"follow","max-snippet":"max-snippet:-1","max-image-preview":"max-image-preview:large","max-video-preview":"max-video-preview:-1"},"canonical":"https:\/\/www.pressenza.com\/it\/2021\/08\/agroecologia-pesticidi-specie-aliene-invasive-e-biodiversita-dalla-sicilia-una-legge-che-accende-speranza\/","og_locale":"it_IT","og_type":"article","og_title":"Agroecologia, pesticidi, specie aliene invasive e biodiversit\u00e0: dalla Sicilia una legge che accende speranza","og_description":"In tutto il mondo, e sicuramente tantissimo in Europa e in Italia, l\u2019azione dell\u2019uomo ha fatto s\u00ec che le superfici destinate all\u2019agricoltura dominino per","og_url":"https:\/\/www.pressenza.com\/it\/2021\/08\/agroecologia-pesticidi-specie-aliene-invasive-e-biodiversita-dalla-sicilia-una-legge-che-accende-speranza\/","og_site_name":"Pressenza","article_publisher":"https:\/\/www.facebook.com\/PressenzaItalia","article_published_time":"2021-08-10T11:22:00+00:00","article_modified_time":"2021-08-10T18:00:32+00:00","og_image":[{"width":1600,"height":1065,"url":"https:\/\/www.pressenza.com\/wp-content\/uploads\/2021\/08\/Enrico_orto-urbano1-1.jpg","type":"image\/jpeg"}],"author":"Redazione Palermo","twitter_card":"summary_large_image","twitter_creator":"@PressenzaIPA","twitter_site":"@PressenzaIPA","twitter_misc":{"Scritto da":"Redazione Palermo","Tempo di lettura stimato":"5 minuti"},"schema":{"@context":"https:\/\/schema.org","@graph":[{"@type":"Article","@id":"https:\/\/www.pressenza.com\/it\/2021\/08\/agroecologia-pesticidi-specie-aliene-invasive-e-biodiversita-dalla-sicilia-una-legge-che-accende-speranza\/#article","isPartOf":{"@id":"https:\/\/www.pressenza.com\/it\/2021\/08\/agroecologia-pesticidi-specie-aliene-invasive-e-biodiversita-dalla-sicilia-una-legge-che-accende-speranza\/"},"author":{"name":"Redazione Palermo","@id":"https:\/\/www.pressenza.com\/it\/#\/schema\/person\/dd233b73788fa2d4f797777f9b6c1100"},"headline":"Agroecologia, pesticidi, specie aliene invasive e biodiversit\u00e0: dalla Sicilia una legge che accende speranza","datePublished":"2021-08-10T11:22:00+00:00","dateModified":"2021-08-10T18:00:32+00:00","mainEntityOfPage":{"@id":"https:\/\/www.pressenza.com\/it\/2021\/08\/agroecologia-pesticidi-specie-aliene-invasive-e-biodiversita-dalla-sicilia-una-legge-che-accende-speranza\/"},"wordCount":958,"publisher":{"@id":"https:\/\/www.pressenza.com\/it\/#organization"},"image":{"@id":"https:\/\/www.pressenza.com\/it\/2021\/08\/agroecologia-pesticidi-specie-aliene-invasive-e-biodiversita-dalla-sicilia-una-legge-che-accende-speranza\/#primaryimage"},"thumbnailUrl":"https:\/\/www.pressenza.com\/wp-content\/uploads\/2021\/08\/Enrico_orto-urbano1-1.jpg","keywords":["agricoltura biologica","agroecologica degli agroecosistemi","biodiversit\u00e0"],"articleSection":["contenuti originali","Ecologia ed Ambiente","Economia"],"inLanguage":"it-IT"},{"@type":"WebPage","@id":"https:\/\/www.pressenza.com\/it\/2021\/08\/agroecologia-pesticidi-specie-aliene-invasive-e-biodiversita-dalla-sicilia-una-legge-che-accende-speranza\/","url":"https:\/\/www.pressenza.com\/it\/2021\/08\/agroecologia-pesticidi-specie-aliene-invasive-e-biodiversita-dalla-sicilia-una-legge-che-accende-speranza\/","name":"Agroecologia, pesticidi, specie aliene invasive e biodiversit\u00e0: dalla Sicilia una legge che accende speranza","isPartOf":{"@id":"https:\/\/www.pressenza.com\/it\/#website"},"primaryImageOfPage":{"@id":"https:\/\/www.pressenza.com\/it\/2021\/08\/agroecologia-pesticidi-specie-aliene-invasive-e-biodiversita-dalla-sicilia-una-legge-che-accende-speranza\/#primaryimage"},"image":{"@id":"https:\/\/www.pressenza.com\/it\/2021\/08\/agroecologia-pesticidi-specie-aliene-invasive-e-biodiversita-dalla-sicilia-una-legge-che-accende-speranza\/#primaryimage"},"thumbnailUrl":"https:\/\/www.pressenza.com\/wp-content\/uploads\/2021\/08\/Enrico_orto-urbano1-1.jpg","datePublished":"2021-08-10T11:22:00+00:00","dateModified":"2021-08-10T18:00:32+00:00","description":"In tutto il mondo, e sicuramente tantissimo in Europa e in Italia, l\u2019azione dell\u2019uomo ha fatto s\u00ec che le superfici destinate all\u2019agricoltura dominino per","breadcrumb":{"@id":"https:\/\/www.pressenza.com\/it\/2021\/08\/agroecologia-pesticidi-specie-aliene-invasive-e-biodiversita-dalla-sicilia-una-legge-che-accende-speranza\/#breadcrumb"},"inLanguage":"it-IT","potentialAction":[{"@type":"ReadAction","target":["https:\/\/www.pressenza.com\/it\/2021\/08\/agroecologia-pesticidi-specie-aliene-invasive-e-biodiversita-dalla-sicilia-una-legge-che-accende-speranza\/"]}]},{"@type":"ImageObject","inLanguage":"it-IT","@id":"https:\/\/www.pressenza.com\/it\/2021\/08\/agroecologia-pesticidi-specie-aliene-invasive-e-biodiversita-dalla-sicilia-una-legge-che-accende-speranza\/#primaryimage","url":"https:\/\/www.pressenza.com\/wp-content\/uploads\/2021\/08\/Enrico_orto-urbano1-1.jpg","contentUrl":"https:\/\/www.pressenza.com\/wp-content\/uploads\/2021\/08\/Enrico_orto-urbano1-1.jpg","width":1600,"height":1065},{"@type":"BreadcrumbList","@id":"https:\/\/www.pressenza.com\/it\/2021\/08\/agroecologia-pesticidi-specie-aliene-invasive-e-biodiversita-dalla-sicilia-una-legge-che-accende-speranza\/#breadcrumb","itemListElement":[{"@type":"ListItem","position":1,"name":"Accueil","item":"https:\/\/www.pressenza.com\/it\/"},{"@type":"ListItem","position":2,"name":"Agroecologia, pesticidi, specie aliene invasive e biodiversit\u00e0: dalla Sicilia una legge che accende speranza"}]},{"@type":"WebSite","@id":"https:\/\/www.pressenza.com\/it\/#website","url":"https:\/\/www.pressenza.com\/it\/","name":"Pressenza","description":"Agenzia di Stampa Internazionale","publisher":{"@id":"https:\/\/www.pressenza.com\/it\/#organization"},"potentialAction":[{"@type":"SearchAction","target":{"@type":"EntryPoint","urlTemplate":"https:\/\/www.pressenza.com\/it\/?s={search_term_string}"},"query-input":{"@type":"PropertyValueSpecification","valueRequired":true,"valueName":"search_term_string"}}],"inLanguage":"it-IT"},{"@type":"Organization","@id":"https:\/\/www.pressenza.com\/it\/#organization","name":"Pressenza","url":"https:\/\/www.pressenza.com\/it\/","logo":{"@type":"ImageObject","inLanguage":"it-IT","@id":"https:\/\/www.pressenza.com\/it\/#\/schema\/logo\/image\/","url":"https:\/\/www.pressenza.com\/wp-content\/uploads\/2022\/10\/pressenza_logo_200x200.jpg","contentUrl":"https:\/\/www.pressenza.com\/wp-content\/uploads\/2022\/10\/pressenza_logo_200x200.jpg","width":200,"height":200,"caption":"Pressenza"},"image":{"@id":"https:\/\/www.pressenza.com\/it\/#\/schema\/logo\/image\/"},"sameAs":["https:\/\/www.facebook.com\/PressenzaItalia","https:\/\/x.com\/PressenzaIPA"]},{"@type":"Person","@id":"https:\/\/www.pressenza.com\/it\/#\/schema\/person\/dd233b73788fa2d4f797777f9b6c1100","name":"Redazione Palermo","description":"News from the Pressenza Bureau in Palermo, Italy","url":"https:\/\/www.pressenza.com\/it\/author\/redazione-palermo\/"}]}},"place":"Enrico Schifani","original_article_url":"","_links":{"self":[{"href":"https:\/\/www.pressenza.com\/it\/wp-json\/wp\/v2\/posts\/1412044","targetHints":{"allow":["GET"]}}],"collection":[{"href":"https:\/\/www.pressenza.com\/it\/wp-json\/wp\/v2\/posts"}],"about":[{"href":"https:\/\/www.pressenza.com\/it\/wp-json\/wp\/v2\/types\/post"}],"author":[{"embeddable":true,"href":"https:\/\/www.pressenza.com\/it\/wp-json\/wp\/v2\/users\/1860"}],"replies":[{"embeddable":true,"href":"https:\/\/www.pressenza.com\/it\/wp-json\/wp\/v2\/comments?post=1412044"}],"version-history":[{"count":0,"href":"https:\/\/www.pressenza.com\/it\/wp-json\/wp\/v2\/posts\/1412044\/revisions"}],"wp:featuredmedia":[{"embeddable":true,"href":"https:\/\/www.pressenza.com\/it\/wp-json\/wp\/v2\/media\/1412045"}],"wp:attachment":[{"href":"https:\/\/www.pressenza.com\/it\/wp-json\/wp\/v2\/media?parent=1412044"}],"wp:term":[{"taxonomy":"category","embeddable":true,"href":"https:\/\/www.pressenza.com\/it\/wp-json\/wp\/v2\/categories?post=1412044"},{"taxonomy":"post_tag","embeddable":true,"href":"https:\/\/www.pressenza.com\/it\/wp-json\/wp\/v2\/tags?post=1412044"}],"curies":[{"name":"wp","href":"https:\/\/api.w.org\/{rel}","templated":true}]}}