{"id":1408909,"date":"2021-08-02T12:49:30","date_gmt":"2021-08-02T11:49:30","guid":{"rendered":"https:\/\/www.pressenza.com\/?p=1408909"},"modified":"2021-08-06T11:53:22","modified_gmt":"2021-08-06T10:53:22","slug":"54palermoi%c6%9e%e1%b8%bfovimento-bloc-news-della-contronarrazione-sociale","status":"publish","type":"post","link":"https:\/\/www.pressenza.com\/it\/2021\/08\/54palermoi%c6%9e%e1%b8%bfovimento-bloc-news-della-contronarrazione-sociale\/","title":{"rendered":"54#Palermo\u1eca\u019e\u1e3eovimento. Bloc-News della contronarrazione sociale"},"content":{"rendered":"<p><em>Rubrica settimanale su eventi e fatti in Sicilia\u00a0 -a cura RedazionePA-\u00a0 <\/em><\/p>\n<p>&nbsp;<\/p>\n<p><strong>Lampedusa. Donna trentottenne<\/strong> <strong>della Costa d\u2019Avorio al nono mese di gravidanza &#8211; arrivata su una barca di migranti &#8211; partorisce bimba nell\u2019isola dell\u2019arcipelago delle Pelagie che dal 1992 non registrava nascite: un vero e proprio evento storico <\/strong><\/p>\n<p>Mamma e figlia stanno bene e sono state avvolte dalla rete di solidariet\u00e0 intessuta dalla popolazione per quanto necessario alla neonata e alla puerpera, di nome Rita. La madre, in segno di gratitudine, alla bambina ha dato il nome di Maria, lo stesso dell&#8217;infermiera corleonese Raimondo che &#8211; come rileva <a href=\"https:\/\/www.ilsicilia.it\/evento-storico-a-lampedusa-donna-migrante-partorisce-\">ilsicilia.it<\/a> &#8211; l&#8217;ha supportata ed assistita durante il parto. Sul lieto evento \u00e8 intervenuta anche la Dirigente dell\u2019ASP di Palermo, Daniela Faraoni, che ha rilasciato la seguente dichiarazione pubblicata dalla precitata testata online: \u201cLa forza della vita irrompe in uno scenario da incubo tra mare e sofferenza la nostra Azienda sanitaria con le sue belle persone che svolgono questo lavoro con sacrificio ed abnegazione ha messo un fiocco rosa alla struttura sanitaria di Lampedusa. Ci vuole cuore e la consapevolezza che questo lavoro \u00e8 soprattutto missione: non \u00e8 carriera, non \u00e8 potere, non \u00e8 facile guadagno e non \u00e8 arrivismo o conquista della ribalta. \u00c8 \u00a0impegno dietro una mascherina con l\u2019incubo del contagio da portare a casa. \u00c8 presenza anonima, amore, cura silenziosa del nostro prossimo. Benvenuta a Maria e grazie alla Maria infermiera di Corleone e a tutti coloro che si prodigano per gli altri\u201c.<\/p>\n<p><strong>\u00a0<\/strong><\/p>\n<p><strong>\u00a0<\/strong><\/p>\n<p><strong>D\u2019accoglienza si pu\u00f2 morire: si lancia dal finestrino dell\u2019autobus nel corso del tragitto che lo conduceva al Cara di Sant\u2019Anna insieme ad altri migranti sbarcati in Sicilia che venivano trasferiti al centro calabro\u00a0<\/strong><\/p>\n<p>La scorsa settimana una delle persone migranti caricate su un pullman per essere trasferite dalla Sicilia ad un CARA in provincia di Catanzaro, si \u00e8 lanciata dal finestrino nella speranza di fuggire. Il tentativo di fuga \u00e8 stato fatale. Ma anche in questo caso non si pu\u00f2 certo parlare di un incidente: a ucciderla \u00e8 stato il sistema cosiddetto dell&#8217;accoglienza, che priva le persone di libert\u00e0 e autonomia, impedisce loro di scegliere dove e come vivere, mette a rischio la loro salute e la loro stessa vita, spesso punendo chi protesta e chi lotta per la propria libert\u00e0. Contro chi lucra sulla vita altrui, lotteremo finch\u00e9 non esisteranno pi\u00f9 luoghi di morte come i centri di accoglienza, le navi quarantena, i cpr, le carceri.<\/p>\n<p><a href=\"https:\/\/proletaricomunisti.blogspot.com\/2021\/07\/pc-29-luglio-di-accoglienza-si-muore.html\"><em>comunicato Comitato Lavoratori delle Campagne<\/em> <\/a><\/p>\n<p>&nbsp;<\/p>\n<p><strong>\u00a0<\/strong><\/p>\n<p><strong>\u201cProletari comunisti\u201d: <em>Quale prospettiva occupazionale dal 2023 per gli Operai cassaintegrati dell\u2019ex-Fiat di Termini Imerese?<\/em> Un Investimento di 5mln (e una ventina di assunti) per la produzione di uno <em>E-scooter autosanificante<\/em> promette il rilancio dell\u2019attivit\u00e0 in uno degli stabilimenti dell\u2019impianto delle automotive <\/strong><\/p>\n<p>A settembre, dopo 11 anni, scade l\u2019ennesimo periodo di cassa integrazione per i circa \u00a0600 operai della ex Fiat di Termini Imerese e dell\u2019ex Blutec, ma \u201cdel famoso e tanto sbandierato \u00abpiano di rilancio\u00bb non c\u2019\u00e8 ancora niente&#8221;. Soltanto una iniziativa s\u2019\u00e8 fatta avanti, con l\u2019obiettivo parziale di recuperare qualche parte dell\u2019enorme zona industriale che ha fatto la storia della fabbrica automobilistica in Sicilia. Si tratta dello scooter elettrico <em>E-taly<\/em> \u201cche se tutto andasse bene dovrebbe iniziare la produzione nel 2023 e darebbe lavoro a\u2026 20 lavoratori\u201d. Insomma, una idea produttiva di veicoli elettrici con 20 lavoratori assunti per l\u2019avviamento del ciclo, non rappresenterebbe \u201cuna vera soluzione per quanto riguarda l\u2019occupazione, nelle forme in cui viene proposta\u201d.<\/p>\n<p>Al Ministero dello Sviluppo Economico, chiamato in causa per gestire la crisi occupazionale nell\u2019area industriale siciliana, avrebbero le idee \u00abmolto confuse \u2013 sostengono i P.C. &#8211; e come si vede in ogni \u201cvertenza\u201d pendono dalle labbra dei padroni delle fabbriche, dai quali sperano in qualche illuminazione, mentre quelli si inventano di tutto per strappare quanti pi\u00f9 incentivi pubblici possibili \u00bb<\/p>\n<p><em><a href=\"https:\/\/proletaricomunisti.blogspot.com\/2021\/07\/pc-25-luglio-operai-ex-fiat-termini.html?fbclid=IwAR0DX2Qqz2uP2O07NjngfCxerStbBdwJq0kFQ_whRnL0crjqLFhGjH9VhDg\">Comunicato Proletari Comunisti<\/a><\/em><\/p>\n<p><strong>\u00a0<\/strong><\/p>\n<p><strong>\u00a0<\/strong><\/p>\n<p><strong>CGIL: \u201cIn Sicilia servizi negati ai disabili psichici\u201d. Allarme del sindacato confederale e della categoria del pubblico impiego. \u201cla Regione faccia subito chiarezza sulla gestione dei finanziamenti\u201d, scrivono i sindacalisti<\/strong><\/p>\n<p>\u201cLa mancanza di dialogo tra l\u2019Assessorato regionale alla Salute e quello alle Politiche Sociali sta creando difficolt\u00e0 in uno degli ambiti pi\u00f9 delicati. Questo non \u00e8 assolutamente accettabile\u201d. A denunciare l\u2019incomprensibile corto circuito istituzionale, nell\u2019erogazione dei servizi a beneficio dei disabili psichici, sono Cgil Sicilia e Fp Cgil Sicilia. \u201cNon \u00e8 chiaro al momento se queste importanti attivit\u00e0 debbano essere garantite dalle Asp \u2013 rilevano Francesco Lucchesi, segretario regionale Cgil, e Gaetano Agliozzo, segretario della Fp Cgil \u2013\u00a0 oppure, come \u00e8 stato finora, il compito sia affidato ai Comuni attraverso le cooperative. Tutto sembra paralizzato, ovviamente a danno delle categorie sociali pi\u00f9 fragili e vulnerabili, a cui &#8211; invece &#8211; vanno poste le giuste e doverose attenzioni: \u201cNoi non permetteremo alle Istituzioni Politiche distrazioni, difetti di comunicazioni o immobilismo soprattutto su temi cos\u00ec sensibili e di straordinario valore sociale. Per questo chiediamo al Governo della Regione che si costituisca subito un \u00abCoordinamento Tecnico\u00a0Interassessoriale\u00bb affinch\u00e9 si arrivi a garantire l\u2019integrazione socio-sanitaria\u00bb. Evidentemente ci\u00f2 non basta: \u201coccorre \u2013 concludono Lucchesi e Agliozzo \u2013 che si attivi con sollecitudine un \u00abTavolo Tecnico\u00bb tra i due Assessorati di riferimento e i Comuni, che sono privi\u00a0 dei necessari fondi per queste finalit\u00e0, in modo da \u00a0fare chiarezza sulla gestione delle risorse per i disabili, a cui non possono essere negati i servizi\u201d.<\/p>\n<p><em>comunicato\u00a0<a href=\"https:\/\/www.fpcgilsicilia.it\/author\/segreteria\/\">FpcgilSicilia<\/a><\/em><\/p>\n<p><strong>\u00a0<\/strong><\/p>\n<p><strong>\u00a0<\/strong><\/p>\n<p><strong>Giuseppe Barbera: \u201cIl mio scritto dell&#8217;anno scorso \u00e8 quanto mai attuale. In un anno nulla di importante \u00e8 stato fatto\u201d. La Sicilia in fiamme: non solo caccia ai piromani, servono misure radicali. Senza alberi non c&#8217;e&#8217; futuro<\/strong><\/p>\n<p>Nella scorsa settimana \u00a0abbiamo pubblicato sulle pagine di <a href=\"https:\/\/www.pressenza.com\/it\/2021\/07\/incendi-basta-piagnistei-e-ora-della-responsabilita-e-dellazione\/\">Pressenza<\/a> il contributo di Giuseppe Barbera e Donato S. La Mela Veca, in merito al devastante fenomeno degli incendi nell\u2019isola, ricordando &#8211; incidentalmente nel nostro sommario &#8211; come ad un anno di distanza a oggi dalla pubblicazione del precedente articolo dell\u2019accademico palermitano (<a href=\"https:\/\/www.google.com\/url?client=internal-element-cse&amp;cx=007077999554478440219:soezhh45q10&amp;q=https:\/\/www.pressenza.com\/it\/2020\/09\/senza-alberi-non-abbiamo-futuro-qualche-idea-per-salvarli\/&amp;sa=U&amp;ved=2ahUKEwjEi9jr94XyAhUZs6QKHZukBwcQFjAAegQIARAC&amp;usg=AOvVaw1e4OwyKWM8u2g4CmhaLScr\">Senza alberi non abbiamo futuro. Qualche idea per salvarli<\/a>)\u00a0 nulla fosse cambiato in ordine alle politiche di prevenzione e tutela del territorio siciliano.<\/p>\n<p>Sulla attualit\u00e0 del suo primo intervento \u00e8 tornato in questi giorni lo stesso Barbera, richiamando ancora una volta l&#8217;attenzione sull\u2019immobilismo delle autorit\u00e0 preposte. Ovvero, sulle misure di prevenzione che si sarebbero dovute adottare per fronteggiare l\u2019ormai annosa questione dei roghi che provoca la devastazione del paesaggio naturale e che, anche in queste ultime ore, ha visto mandare in fumo gli alberi dei boschi delle aree montuose che circondano il capoluogo regionale.<\/p>\n<p>Nel corso delle recenti giornate infuocate, caratterizzate da una coltre di cenere nel cielo sovrastante la citt\u00e0, in una nota diramata sui <a href=\"https:\/\/www.facebook.com\/101296231264096\/posts\/651936006200113\/\">social <\/a>(che riprendiamo pressoch\u00e9 integralmente), cos\u00ec commentava Barbera: \u00abIn un anno nulla di importante \u00e8 stato fatto. Qualche misura clientelare in vista delle prossime elezioni, l&#8217;invocazione a estreme misure di repressione, nelle aule della politica, nei giornali e sui social continue dimostrazioni di ignoranza e di incompetenza. Si scrive ancora di piromani! \u00c8 come se la lotta alla mafia fosse condotta soltanto contro i killer e non approntando un sistema di conoscenza, prevenzione, repressione che attraversa il sistema culturale, sociale, economico, politico che la sostiene.\u00a0E per gli incendi, per il ruolo che giocano i fattori ambientali, la situazione \u00e8 ancora pi\u00f9 complessa e bisognerebbe mettere in campo misure profonde e radicali che attraversano tutto il nostro modo di rapportarci con i boschi, i campi, la natura, il futuro della nostra terra. Quasi nessuno osserva poi che siamo nel mezzo di un&#8217;estate bollente, probabilmente la pi\u00f9 calda mai registrata che questo \u00e8 opera dell&#8217;uomo e che anno dopo anno sar\u00e0 peggio.\u00a0Nel frattempo penso alle centinaia di laureati in scienze forestali che l&#8217;universit\u00e0 ha laureato e che sono scappati dalla Sicilia, al contributo di passione e conoscenza che avrebbero potuto dare e guardo disgustato i politici dell&#8217;assemblea regionale che vanno in ferie e quelli che si propongono per il futuro che ruminano sempre le stesse idee e parole\u00bb.<\/p>\n<p>&nbsp;<\/p>\n<p><strong>Manifestazione<\/strong> <strong>per la revoca della concessione pluricentenaria a Italo-Belga &#8211; Il Mare \u00e8 di Tutti: Mondello Bene Comune. Basta a questa privatizzazione di fatto\u00a0<\/strong><\/p>\n<p>Sabato 7 agosto, ore 11 Mondello, Piazza Valdesi (di fronte al Baretto)\u2013 Mondello <strong><a href=\"https:\/\/www.facebook.com\/ESCPalermo\/\">ESC<\/a><\/strong><\/p>\n<p>Il 20 maggio 2020 il Governo regionale Musumeci tramite l&#8217;assessore al territorio Cordaro ha prorogato la concessione fino al 2033. Da quasi un anno l&#8217;associazione ESC \u00e8 impegnata nella ricerca della concessione demaniale e nonostante diverse richieste di accesso agli atti presso l\u2019A.R.T.A. , non abbiamo ricevuto altro che un link (sopra riportato) da cui il canone risulta essere 0 (&#8220;Zero&#8221;!).<\/p>\n<p>&#8211; 20 euro: \u00e8 la somma che un palermitano deve pagare al giorno per affittare un lettino ed un ombrellone<\/p>\n<p>&#8211; 0 euro: \u00e8 il canone giornaliero che la Mondello Immobiliare Italo Belga paga alla Regione Siciliana &#8211; &#8211; per la concessione di 36.000 mq di spiaggia, stando a quanto riportato sul sito del demanio marittimo regionale (<a href=\"https:\/\/demaniomarittimo.regione.sicilia.it\/portale\/component\/fabrik\/details\/47\/1857-1857.html?Itemid=199&amp;fbclid=IwAR0BQinlgLSlWJddEeMpnbMo5Li85bguhCHg1BOTcN_V2ZWlto3gCD3a3Tc\">https:\/\/demaniomarittimo.regione.sicilia.it\/&#8230;\/1857-1857&#8230;<\/a>)<\/p>\n<p>&#8211; Pi\u00f9 di 110: sono gli anni consecutivi di concessione affidati alla Mondello Immobiliare Italo Belga<\/p>\n<p>&#8211; Dal 1910 la Italo Belga detiene in concessione, con rinnovo automatico senza gara pubblica, quasi tutto il litorale di Mondello pagando un canone (al meglio) irrisorio e fatturando svariati milioni di euro grazie alla bellezza della nostra costa<\/p>\n<p>\u00c8 arrivato il momento di dire basta a questa privatizzazione di fatto e di garantire ai cittadini palermitani la piena fruizione della loro spiaggia. <strong><a href=\"https:\/\/www.facebook.com\/events\/295671662329873\">\u00a0\/comunicatoESC\/<\/a><\/strong><\/p>\n<p><strong>\u00a0<\/strong><\/p>\n<p>&nbsp;<\/p>\n<p><em><strong>Brevissime<\/strong><\/em><\/p>\n<p><em><strong>Verso il 7 agosto. <\/strong>Assemblea e corteo da C.da Ulmo a Niscemi. Riunione NoMuos contro la guerra e la devastazione del territorio a Palermo, oggi ore 18:00 presso il Laboratorio Ballar\u00f2 (largo R. Pantaleone) &#8211; <a href=\"https:\/\/www.facebook.com\/events\/213453517339757?ref=newsfeed\">info<\/a><\/em><\/p>\n<p><em><strong>Voci nel Silenzio- Festival per la Palestina<\/strong> &#8211; \u00a0assemblea cittadina in vista della serata del 29 agosto al Teatro di Verdura &#8211; Palermo gioved\u00ec 5 ore 16.30 all\u2019Ex Fonderia Oretea (alla Cala) . Incontro pubblico per condividere il progetto che anima l\u2019omonimo Festival, in programma domenica 29 Agosto al Teatro di Verdura, dedicato ai bambini rimasti orfani in seguito all\u2019ultima offensiva di Gaza dello scorso maggio quando i bombardamenti israeliani, in soli 11 giorni di raid, hanno provocato la morte di circa 70 giovanissimi palestinesi &#8211;\u00a0<\/em><em><a href=\"https:\/\/www.facebook.com\/events\/194429349242241\">comunicato<\/a><\/em><\/p>\n<p><em><strong>Marcia per San Matteo (Erice)<\/strong> &#8211; Organizzata dal<\/em>\u00a0<em>Coordinamento SalViamo i Boschi<\/em> \u2013 <em>Sicilia<\/em>, <em>venerd\u00ec 6 ore 18:00 al Museo agroforestale &#8211; baglio S. Matteo. Non si pu\u00f2 rimanere inermi davanti tanta devastazione. Non si pu\u00f2 rimanere in silenzio, soprattutto perch\u00e9 la tragedia di San Matteo, come di ogni altro luogo della nostra Sicilia che in questi giorni brucia, arde e grida di dolore, \u00e8 cronaca di una morte annunciata &#8211; <a href=\"https:\/\/www.facebook.com\/events\/895145977745528\">comu<\/a><a href=\"https:\/\/www.facebook.com\/events\/895145977745528\">nicato<\/a><\/em><\/p>\n<p><em><strong>\u00abMostra \u201cVoci e Volti dal Chiapas\u00bb<\/strong> dell&#8217;A<\/em><em>ssemblea di Sicilie Zapatiste<\/em><em>, presso la &#8220;Festa in Giardino&#8221; dell&#8217;istituto &#8220;Suore Sacra Famiglia&#8221;. S<\/em><em>abato 7 ago ore 10:00,<\/em><em> sar\u00e0 esposta al Presidio No Muos, durante il seminario di autoformazione \u201cLa Sicilia fa la guerra\u201d &#8211;\u00a0<\/em><em><a href=\"https:\/\/www.facebook.com\/events\/374172457392300\">info<\/a><\/em><\/p>\n<p>&nbsp;<\/p>\n<p><strong>la rubrica settimanale \u00e8 soggetta ad aggiornamenti: per segnalazioni, contributi, comunicati stampa scrivere a\u00a0<\/strong><a href=\"mailto:pressenza.redazionepalermo@gmail.com\">pressenza.redazionepalermo@gmail.com<\/a><\/p>\n<p><strong>\u00a0<\/strong><\/p>\n<p><strong>\u00a0<\/strong><\/p>\n<p>&nbsp;<\/p>\n","protected":false},"excerpt":{"rendered":"<p>Rubrica settimanale su eventi e fatti in Sicilia\u00a0 -a cura RedazionePA-\u00a0 &nbsp; Lampedusa. Donna trentottenne della Costa d\u2019Avorio al nono mese di gravidanza &#8211; arrivata su una barca di migranti &#8211; partorisce bimba nell\u2019isola dell\u2019arcipelago delle Pelagie che dal 1992&hellip;<\/p>\n","protected":false},"author":1860,"featured_media":1408911,"comment_status":"closed","ping_status":"closed","sticky":false,"template":"","format":"standard","meta":{"footnotes":""},"categories":[150,56,59,54572],"tags":[44210,93720,4339,8043,93596],"class_list":["post-1408909","post","type-post","status-publish","format-standard","has-post-thumbnail","hentry","category-comunicati-stampa","category-cultura","category-ambiente-ecologia","category-migranti","tag-boschi","tag-esc-mondellobenecomune","tag-eventi","tag-incendio","tag-sindacali"],"yoast_head":"<!-- This site is optimized with the Yoast SEO plugin v27.1.1 - https:\/\/yoast.com\/product\/yoast-seo-wordpress\/ -->\n<title>54#Palermo\u1eca\u019e\u1e3eovimento. Bloc-News della contronarrazione sociale<\/title>\n<meta name=\"description\" content=\"Rubrica settimanale su eventi e fatti in Sicilia\u00a0 -a cura RedazionePA-\u00a0 &nbsp; Lampedusa. Donna trentottenne della Costa d\u2019Avorio al nono mese di\" \/>\n<meta name=\"robots\" content=\"index, follow, max-snippet:-1, max-image-preview:large, max-video-preview:-1\" \/>\n<link rel=\"canonical\" href=\"https:\/\/www.pressenza.com\/it\/2021\/08\/54palermoi%c6%9e%e1%b8%bfovimento-bloc-news-della-contronarrazione-sociale\/\" \/>\n<meta property=\"og:locale\" content=\"it_IT\" \/>\n<meta property=\"og:type\" content=\"article\" \/>\n<meta property=\"og:title\" content=\"54#Palermo\u1eca\u019e\u1e3eovimento. Bloc-News della contronarrazione sociale\" \/>\n<meta property=\"og:description\" content=\"Rubrica settimanale su eventi e fatti in Sicilia\u00a0 -a cura RedazionePA-\u00a0 &nbsp; Lampedusa. Donna trentottenne della Costa d\u2019Avorio al nono mese di\" \/>\n<meta property=\"og:url\" content=\"https:\/\/www.pressenza.com\/it\/2021\/08\/54palermoi%c6%9e%e1%b8%bfovimento-bloc-news-della-contronarrazione-sociale\/\" \/>\n<meta property=\"og:site_name\" content=\"Pressenza\" \/>\n<meta property=\"article:publisher\" content=\"https:\/\/www.facebook.com\/PressenzaItalia\" \/>\n<meta property=\"article:published_time\" content=\"2021-08-02T11:49:30+00:00\" \/>\n<meta property=\"article:modified_time\" content=\"2021-08-06T10:53:22+00:00\" \/>\n<meta property=\"og:image\" content=\"https:\/\/www.pressenza.com\/wp-content\/uploads\/2021\/08\/TabulaRogeriana_particolareMediterraneo.jpg\" \/>\n\t<meta property=\"og:image:width\" content=\"1638\" \/>\n\t<meta property=\"og:image:height\" content=\"741\" \/>\n\t<meta property=\"og:image:type\" content=\"image\/jpeg\" \/>\n<meta name=\"author\" content=\"Redazione Palermo\" \/>\n<meta name=\"twitter:card\" content=\"summary_large_image\" \/>\n<meta name=\"twitter:creator\" content=\"@PressenzaIPA\" \/>\n<meta name=\"twitter:site\" content=\"@PressenzaIPA\" \/>\n<meta name=\"twitter:label1\" content=\"Scritto da\" \/>\n\t<meta name=\"twitter:data1\" content=\"Redazione Palermo\" \/>\n\t<meta name=\"twitter:label2\" content=\"Tempo di lettura stimato\" \/>\n\t<meta name=\"twitter:data2\" content=\"9 minuti\" \/>\n<script type=\"application\/ld+json\" class=\"yoast-schema-graph\">{\"@context\":\"https:\/\/schema.org\",\"@graph\":[{\"@type\":\"Article\",\"@id\":\"https:\/\/www.pressenza.com\/it\/2021\/08\/54palermoi%c6%9e%e1%b8%bfovimento-bloc-news-della-contronarrazione-sociale\/#article\",\"isPartOf\":{\"@id\":\"https:\/\/www.pressenza.com\/it\/2021\/08\/54palermoi%c6%9e%e1%b8%bfovimento-bloc-news-della-contronarrazione-sociale\/\"},\"author\":{\"name\":\"Redazione Palermo\",\"@id\":\"https:\/\/www.pressenza.com\/it\/#\/schema\/person\/dd233b73788fa2d4f797777f9b6c1100\"},\"headline\":\"54#Palermo\u1eca\u019e\u1e3eovimento. Bloc-News della contronarrazione sociale\",\"datePublished\":\"2021-08-02T11:49:30+00:00\",\"dateModified\":\"2021-08-06T10:53:22+00:00\",\"mainEntityOfPage\":{\"@id\":\"https:\/\/www.pressenza.com\/it\/2021\/08\/54palermoi%c6%9e%e1%b8%bfovimento-bloc-news-della-contronarrazione-sociale\/\"},\"wordCount\":1796,\"publisher\":{\"@id\":\"https:\/\/www.pressenza.com\/it\/#organization\"},\"image\":{\"@id\":\"https:\/\/www.pressenza.com\/it\/2021\/08\/54palermoi%c6%9e%e1%b8%bfovimento-bloc-news-della-contronarrazione-sociale\/#primaryimage\"},\"thumbnailUrl\":\"https:\/\/www.pressenza.com\/wp-content\/uploads\/2021\/08\/TabulaRogeriana_particolareMediterraneo.jpg\",\"keywords\":[\"boschi\",\"Esc-MondelloBeneComune\",\"eventi\",\"incendio\",\"sindacali\"],\"articleSection\":[\"Comunicati Stampa\",\"Cultura e Media\",\"Ecologia ed Ambiente\",\"Migranti\"],\"inLanguage\":\"it-IT\"},{\"@type\":\"WebPage\",\"@id\":\"https:\/\/www.pressenza.com\/it\/2021\/08\/54palermoi%c6%9e%e1%b8%bfovimento-bloc-news-della-contronarrazione-sociale\/\",\"url\":\"https:\/\/www.pressenza.com\/it\/2021\/08\/54palermoi%c6%9e%e1%b8%bfovimento-bloc-news-della-contronarrazione-sociale\/\",\"name\":\"54#Palermo\u1eca\u019e\u1e3eovimento. Bloc-News della contronarrazione sociale\",\"isPartOf\":{\"@id\":\"https:\/\/www.pressenza.com\/it\/#website\"},\"primaryImageOfPage\":{\"@id\":\"https:\/\/www.pressenza.com\/it\/2021\/08\/54palermoi%c6%9e%e1%b8%bfovimento-bloc-news-della-contronarrazione-sociale\/#primaryimage\"},\"image\":{\"@id\":\"https:\/\/www.pressenza.com\/it\/2021\/08\/54palermoi%c6%9e%e1%b8%bfovimento-bloc-news-della-contronarrazione-sociale\/#primaryimage\"},\"thumbnailUrl\":\"https:\/\/www.pressenza.com\/wp-content\/uploads\/2021\/08\/TabulaRogeriana_particolareMediterraneo.jpg\",\"datePublished\":\"2021-08-02T11:49:30+00:00\",\"dateModified\":\"2021-08-06T10:53:22+00:00\",\"description\":\"Rubrica settimanale su eventi e fatti in Sicilia\u00a0 -a cura RedazionePA-\u00a0 &nbsp; Lampedusa. Donna trentottenne della Costa d\u2019Avorio al nono mese di\",\"breadcrumb\":{\"@id\":\"https:\/\/www.pressenza.com\/it\/2021\/08\/54palermoi%c6%9e%e1%b8%bfovimento-bloc-news-della-contronarrazione-sociale\/#breadcrumb\"},\"inLanguage\":\"it-IT\",\"potentialAction\":[{\"@type\":\"ReadAction\",\"target\":[\"https:\/\/www.pressenza.com\/it\/2021\/08\/54palermoi%c6%9e%e1%b8%bfovimento-bloc-news-della-contronarrazione-sociale\/\"]}]},{\"@type\":\"ImageObject\",\"inLanguage\":\"it-IT\",\"@id\":\"https:\/\/www.pressenza.com\/it\/2021\/08\/54palermoi%c6%9e%e1%b8%bfovimento-bloc-news-della-contronarrazione-sociale\/#primaryimage\",\"url\":\"https:\/\/www.pressenza.com\/wp-content\/uploads\/2021\/08\/TabulaRogeriana_particolareMediterraneo.jpg\",\"contentUrl\":\"https:\/\/www.pressenza.com\/wp-content\/uploads\/2021\/08\/TabulaRogeriana_particolareMediterraneo.jpg\",\"width\":1638,\"height\":741},{\"@type\":\"BreadcrumbList\",\"@id\":\"https:\/\/www.pressenza.com\/it\/2021\/08\/54palermoi%c6%9e%e1%b8%bfovimento-bloc-news-della-contronarrazione-sociale\/#breadcrumb\",\"itemListElement\":[{\"@type\":\"ListItem\",\"position\":1,\"name\":\"Accueil\",\"item\":\"https:\/\/www.pressenza.com\/it\/\"},{\"@type\":\"ListItem\",\"position\":2,\"name\":\"54#Palermo\u1eca\u019e\u1e3eovimento. Bloc-News della contronarrazione sociale\"}]},{\"@type\":\"WebSite\",\"@id\":\"https:\/\/www.pressenza.com\/it\/#website\",\"url\":\"https:\/\/www.pressenza.com\/it\/\",\"name\":\"Pressenza\",\"description\":\"Agenzia di Stampa Internazionale\",\"publisher\":{\"@id\":\"https:\/\/www.pressenza.com\/it\/#organization\"},\"potentialAction\":[{\"@type\":\"SearchAction\",\"target\":{\"@type\":\"EntryPoint\",\"urlTemplate\":\"https:\/\/www.pressenza.com\/it\/?s={search_term_string}\"},\"query-input\":{\"@type\":\"PropertyValueSpecification\",\"valueRequired\":true,\"valueName\":\"search_term_string\"}}],\"inLanguage\":\"it-IT\"},{\"@type\":\"Organization\",\"@id\":\"https:\/\/www.pressenza.com\/it\/#organization\",\"name\":\"Pressenza\",\"url\":\"https:\/\/www.pressenza.com\/it\/\",\"logo\":{\"@type\":\"ImageObject\",\"inLanguage\":\"it-IT\",\"@id\":\"https:\/\/www.pressenza.com\/it\/#\/schema\/logo\/image\/\",\"url\":\"https:\/\/www.pressenza.com\/wp-content\/uploads\/2022\/10\/pressenza_logo_200x200.jpg\",\"contentUrl\":\"https:\/\/www.pressenza.com\/wp-content\/uploads\/2022\/10\/pressenza_logo_200x200.jpg\",\"width\":200,\"height\":200,\"caption\":\"Pressenza\"},\"image\":{\"@id\":\"https:\/\/www.pressenza.com\/it\/#\/schema\/logo\/image\/\"},\"sameAs\":[\"https:\/\/www.facebook.com\/PressenzaItalia\",\"https:\/\/x.com\/PressenzaIPA\"]},{\"@type\":\"Person\",\"@id\":\"https:\/\/www.pressenza.com\/it\/#\/schema\/person\/dd233b73788fa2d4f797777f9b6c1100\",\"name\":\"Redazione Palermo\",\"description\":\"News from the Pressenza Bureau in Palermo, Italy\",\"url\":\"https:\/\/www.pressenza.com\/it\/author\/redazione-palermo\/\"}]}<\/script>\n<!-- \/ Yoast SEO plugin. -->","yoast_head_json":{"title":"54#Palermo\u1eca\u019e\u1e3eovimento. Bloc-News della contronarrazione sociale","description":"Rubrica settimanale su eventi e fatti in Sicilia\u00a0 -a cura RedazionePA-\u00a0 &nbsp; Lampedusa. Donna trentottenne della Costa d\u2019Avorio al nono mese di","robots":{"index":"index","follow":"follow","max-snippet":"max-snippet:-1","max-image-preview":"max-image-preview:large","max-video-preview":"max-video-preview:-1"},"canonical":"https:\/\/www.pressenza.com\/it\/2021\/08\/54palermoi%c6%9e%e1%b8%bfovimento-bloc-news-della-contronarrazione-sociale\/","og_locale":"it_IT","og_type":"article","og_title":"54#Palermo\u1eca\u019e\u1e3eovimento. Bloc-News della contronarrazione sociale","og_description":"Rubrica settimanale su eventi e fatti in Sicilia\u00a0 -a cura RedazionePA-\u00a0 &nbsp; Lampedusa. Donna trentottenne della Costa d\u2019Avorio al nono mese di","og_url":"https:\/\/www.pressenza.com\/it\/2021\/08\/54palermoi%c6%9e%e1%b8%bfovimento-bloc-news-della-contronarrazione-sociale\/","og_site_name":"Pressenza","article_publisher":"https:\/\/www.facebook.com\/PressenzaItalia","article_published_time":"2021-08-02T11:49:30+00:00","article_modified_time":"2021-08-06T10:53:22+00:00","og_image":[{"width":1638,"height":741,"url":"https:\/\/www.pressenza.com\/wp-content\/uploads\/2021\/08\/TabulaRogeriana_particolareMediterraneo.jpg","type":"image\/jpeg"}],"author":"Redazione Palermo","twitter_card":"summary_large_image","twitter_creator":"@PressenzaIPA","twitter_site":"@PressenzaIPA","twitter_misc":{"Scritto da":"Redazione Palermo","Tempo di lettura stimato":"9 minuti"},"schema":{"@context":"https:\/\/schema.org","@graph":[{"@type":"Article","@id":"https:\/\/www.pressenza.com\/it\/2021\/08\/54palermoi%c6%9e%e1%b8%bfovimento-bloc-news-della-contronarrazione-sociale\/#article","isPartOf":{"@id":"https:\/\/www.pressenza.com\/it\/2021\/08\/54palermoi%c6%9e%e1%b8%bfovimento-bloc-news-della-contronarrazione-sociale\/"},"author":{"name":"Redazione Palermo","@id":"https:\/\/www.pressenza.com\/it\/#\/schema\/person\/dd233b73788fa2d4f797777f9b6c1100"},"headline":"54#Palermo\u1eca\u019e\u1e3eovimento. Bloc-News della contronarrazione sociale","datePublished":"2021-08-02T11:49:30+00:00","dateModified":"2021-08-06T10:53:22+00:00","mainEntityOfPage":{"@id":"https:\/\/www.pressenza.com\/it\/2021\/08\/54palermoi%c6%9e%e1%b8%bfovimento-bloc-news-della-contronarrazione-sociale\/"},"wordCount":1796,"publisher":{"@id":"https:\/\/www.pressenza.com\/it\/#organization"},"image":{"@id":"https:\/\/www.pressenza.com\/it\/2021\/08\/54palermoi%c6%9e%e1%b8%bfovimento-bloc-news-della-contronarrazione-sociale\/#primaryimage"},"thumbnailUrl":"https:\/\/www.pressenza.com\/wp-content\/uploads\/2021\/08\/TabulaRogeriana_particolareMediterraneo.jpg","keywords":["boschi","Esc-MondelloBeneComune","eventi","incendio","sindacali"],"articleSection":["Comunicati Stampa","Cultura e Media","Ecologia ed Ambiente","Migranti"],"inLanguage":"it-IT"},{"@type":"WebPage","@id":"https:\/\/www.pressenza.com\/it\/2021\/08\/54palermoi%c6%9e%e1%b8%bfovimento-bloc-news-della-contronarrazione-sociale\/","url":"https:\/\/www.pressenza.com\/it\/2021\/08\/54palermoi%c6%9e%e1%b8%bfovimento-bloc-news-della-contronarrazione-sociale\/","name":"54#Palermo\u1eca\u019e\u1e3eovimento. Bloc-News della contronarrazione sociale","isPartOf":{"@id":"https:\/\/www.pressenza.com\/it\/#website"},"primaryImageOfPage":{"@id":"https:\/\/www.pressenza.com\/it\/2021\/08\/54palermoi%c6%9e%e1%b8%bfovimento-bloc-news-della-contronarrazione-sociale\/#primaryimage"},"image":{"@id":"https:\/\/www.pressenza.com\/it\/2021\/08\/54palermoi%c6%9e%e1%b8%bfovimento-bloc-news-della-contronarrazione-sociale\/#primaryimage"},"thumbnailUrl":"https:\/\/www.pressenza.com\/wp-content\/uploads\/2021\/08\/TabulaRogeriana_particolareMediterraneo.jpg","datePublished":"2021-08-02T11:49:30+00:00","dateModified":"2021-08-06T10:53:22+00:00","description":"Rubrica settimanale su eventi e fatti in Sicilia\u00a0 -a cura RedazionePA-\u00a0 &nbsp; Lampedusa. Donna trentottenne della Costa d\u2019Avorio al nono mese di","breadcrumb":{"@id":"https:\/\/www.pressenza.com\/it\/2021\/08\/54palermoi%c6%9e%e1%b8%bfovimento-bloc-news-della-contronarrazione-sociale\/#breadcrumb"},"inLanguage":"it-IT","potentialAction":[{"@type":"ReadAction","target":["https:\/\/www.pressenza.com\/it\/2021\/08\/54palermoi%c6%9e%e1%b8%bfovimento-bloc-news-della-contronarrazione-sociale\/"]}]},{"@type":"ImageObject","inLanguage":"it-IT","@id":"https:\/\/www.pressenza.com\/it\/2021\/08\/54palermoi%c6%9e%e1%b8%bfovimento-bloc-news-della-contronarrazione-sociale\/#primaryimage","url":"https:\/\/www.pressenza.com\/wp-content\/uploads\/2021\/08\/TabulaRogeriana_particolareMediterraneo.jpg","contentUrl":"https:\/\/www.pressenza.com\/wp-content\/uploads\/2021\/08\/TabulaRogeriana_particolareMediterraneo.jpg","width":1638,"height":741},{"@type":"BreadcrumbList","@id":"https:\/\/www.pressenza.com\/it\/2021\/08\/54palermoi%c6%9e%e1%b8%bfovimento-bloc-news-della-contronarrazione-sociale\/#breadcrumb","itemListElement":[{"@type":"ListItem","position":1,"name":"Accueil","item":"https:\/\/www.pressenza.com\/it\/"},{"@type":"ListItem","position":2,"name":"54#Palermo\u1eca\u019e\u1e3eovimento. Bloc-News della contronarrazione sociale"}]},{"@type":"WebSite","@id":"https:\/\/www.pressenza.com\/it\/#website","url":"https:\/\/www.pressenza.com\/it\/","name":"Pressenza","description":"Agenzia di Stampa Internazionale","publisher":{"@id":"https:\/\/www.pressenza.com\/it\/#organization"},"potentialAction":[{"@type":"SearchAction","target":{"@type":"EntryPoint","urlTemplate":"https:\/\/www.pressenza.com\/it\/?s={search_term_string}"},"query-input":{"@type":"PropertyValueSpecification","valueRequired":true,"valueName":"search_term_string"}}],"inLanguage":"it-IT"},{"@type":"Organization","@id":"https:\/\/www.pressenza.com\/it\/#organization","name":"Pressenza","url":"https:\/\/www.pressenza.com\/it\/","logo":{"@type":"ImageObject","inLanguage":"it-IT","@id":"https:\/\/www.pressenza.com\/it\/#\/schema\/logo\/image\/","url":"https:\/\/www.pressenza.com\/wp-content\/uploads\/2022\/10\/pressenza_logo_200x200.jpg","contentUrl":"https:\/\/www.pressenza.com\/wp-content\/uploads\/2022\/10\/pressenza_logo_200x200.jpg","width":200,"height":200,"caption":"Pressenza"},"image":{"@id":"https:\/\/www.pressenza.com\/it\/#\/schema\/logo\/image\/"},"sameAs":["https:\/\/www.facebook.com\/PressenzaItalia","https:\/\/x.com\/PressenzaIPA"]},{"@type":"Person","@id":"https:\/\/www.pressenza.com\/it\/#\/schema\/person\/dd233b73788fa2d4f797777f9b6c1100","name":"Redazione Palermo","description":"News from the Pressenza Bureau in Palermo, Italy","url":"https:\/\/www.pressenza.com\/it\/author\/redazione-palermo\/"}]}},"place":"","original_article_url":"","_links":{"self":[{"href":"https:\/\/www.pressenza.com\/it\/wp-json\/wp\/v2\/posts\/1408909","targetHints":{"allow":["GET"]}}],"collection":[{"href":"https:\/\/www.pressenza.com\/it\/wp-json\/wp\/v2\/posts"}],"about":[{"href":"https:\/\/www.pressenza.com\/it\/wp-json\/wp\/v2\/types\/post"}],"author":[{"embeddable":true,"href":"https:\/\/www.pressenza.com\/it\/wp-json\/wp\/v2\/users\/1860"}],"replies":[{"embeddable":true,"href":"https:\/\/www.pressenza.com\/it\/wp-json\/wp\/v2\/comments?post=1408909"}],"version-history":[{"count":0,"href":"https:\/\/www.pressenza.com\/it\/wp-json\/wp\/v2\/posts\/1408909\/revisions"}],"wp:featuredmedia":[{"embeddable":true,"href":"https:\/\/www.pressenza.com\/it\/wp-json\/wp\/v2\/media\/1408911"}],"wp:attachment":[{"href":"https:\/\/www.pressenza.com\/it\/wp-json\/wp\/v2\/media?parent=1408909"}],"wp:term":[{"taxonomy":"category","embeddable":true,"href":"https:\/\/www.pressenza.com\/it\/wp-json\/wp\/v2\/categories?post=1408909"},{"taxonomy":"post_tag","embeddable":true,"href":"https:\/\/www.pressenza.com\/it\/wp-json\/wp\/v2\/tags?post=1408909"}],"curies":[{"name":"wp","href":"https:\/\/api.w.org\/{rel}","templated":true}]}}