{"id":1407799,"date":"2021-07-30T20:08:54","date_gmt":"2021-07-30T19:08:54","guid":{"rendered":"https:\/\/www.pressenza.com\/?p=1407799"},"modified":"2021-07-30T20:11:48","modified_gmt":"2021-07-30T19:11:48","slug":"noi-siamo-mario","status":"publish","type":"post","link":"https:\/\/www.pressenza.com\/it\/2021\/07\/noi-siamo-mario\/","title":{"rendered":"Noi siamo Mario"},"content":{"rendered":"<p><strong>L\u2019errore pi\u00f9 grande che possiamo fare non \u00e8 pensare \u201ca me non pu\u00f2 accadere quello che \u00e8 accaduto a Mario Paciolla\u201d oppure \u201cnon pu\u00f2 accadere a mio figlio, a mio fratello, al mio amico\u2026 quello che \u00e8 accaduto a Mario Paciolla\u201d. Questo \u00e8 un grande errore che commettiamo per ignoranza, per difesa o semplicemente perch\u00e9, momentaneamente e per caso, ce lo possiamo permettere.<\/strong>\u00a0Cio\u00e8 possiamo permetterci di fare gli spettatori e commentare in maniera spregiudicata o semplicemente voltare le spalle. Questo \u00e8 un grave errore che prima o poi ci troviamo a pagare.<\/p>\n<p><strong>Perch\u00e9 quello che \u00e8 accaduto a Mario Paciolla non solo pu\u00f2 accadere anche a mio fratello, a mio figlio\u2026 pu\u00f2 accadere a me\u2026\u00a0Quello che \u00e8 accaduto a Mario Paciolla \u00e8 gi\u00e0 accaduto a mio fratello, a mio figlio \u00e8 gi\u00e0 successo anche a me. Perch\u00e9 mia sorella non \u00e8 stata uccisa in Colombia, ma \u00e8 stata derubata, truffata, ha rischiato di essere abbandonata nel momento in cui aveva bisogno di essere aiutata, poi qualcosa che poteva andare decisamente storto\u2026 s\u2019\u00e8 casualmente messo per dritto. Ma solo per caso.\u00a0<\/strong><\/p>\n<p>Mio figlio non \u00e8 stato preso a manganellate come Federico Aldrovandi solo perch\u00e9 \u00e8 passato un attimo prima o un attimo dopo davanti a un poliziotto, perch\u00e9 \u00e8 tornato a casa mezz\u2019ora prima o due ore pi\u00f9 tardi, perch\u00e9 \u00e8 andato in motorino invece che in autobus\u2026 o il contrario.<\/p>\n<p>Mio padre forse non \u00e8 stato torturato in Egitto come Giulio Regeni, ma forse nell\u2019ospedale in cui \u00e8 morto ha incontrato un infermiere che s\u2019\u00e8 voltato dall\u2019altra parte, medici che non l\u2019hanno curato, che si sono preoccupati di seguire la procedura che li ha protetti invece di correre un rischio. Il rischio di sbagliare\u2026 ma salvare mio padre.<\/p>\n<p><strong>E per dirla tutta io mi devo immedesimare anche nel carnefice di Mario Paciolla. Perch\u00e9 anche i carnefici hanno figli, padri e fratelli.\u00a0<\/strong>Dunque: mia sorella, mio figlio o mio padre potrebbero essere stati ieri o diventare domani il carabiniere che spara a Davide Bifolco, il politico che parlando di Stefano Cucchi dice \u00abLa droga ha devastato la sua vita, era anoressico, tossicodipendente\u00bb cio\u00e8 \u2026 \u00e8 la\u00a0<a href=\"https:\/\/www.unimondo.org\/Guide\/Salute\/Droghe\">droga<\/a>\u00a0che l\u2019ha ridotto cos\u00ec.<\/p>\n<p><strong>Io stesso potrei essere quello che semplicemente si volta dall\u2019altra parte, che cambia strada quando una ragazza viene stuprata, che al bar dice dei\u00a0<a href=\"https:\/\/www.unimondo.org\/Guide\/Politica\/Migrazioni\">migranti<\/a> morti nel Mediterraneo che se la sono cercata e di quelli che si salvano che vengono in Italia a fare la pacchia.<\/strong><\/p>\n<p>Insomma noi dovremmo naturalmente immedesimarci, ritrovarci nella storia di Mario, nel dolore di chi l\u2019ha conosciuto, della sua famiglia. E l\u2019impegno di quelli che fanno il mio lavoro, che raccontano storie, consiste in questo: oltre gli slogan e gli hashtag dobbiamo spiegare perch\u00e9 Mario siamo tutti noi. E quando chiediamo verit\u00e0 e giustizia solo per caso ci troviamo a chiederla per Mario Paciolla, ma a scavare un po\u2019, a fare un po\u2019 di ordine stiamo chiedendo verit\u00e0 e giustizia anche per tutti noi&#8230;<\/p>\n<p>Anche per tutti quelli che non la chiedono, che non si immedesimano, che non lo sanno, ma ne hanno bisogno. Hanno bisogno di conoscere la verit\u00e0. Hanno bisogno di ottenere giustizia.<\/p>\n<p><a href=\"https:\/\/comune-info.net\/noi-siamo-mario\/\">Ascanio Celestini \u2013 comune-info.net<\/a><\/p>\n<p>&nbsp;<\/p>\n","protected":false},"excerpt":{"rendered":"<p>L\u2019errore pi\u00f9 grande che possiamo fare non \u00e8 pensare \u201ca me non pu\u00f2 accadere quello che \u00e8 accaduto a Mario Paciolla\u201d oppure \u201cnon pu\u00f2 accadere a mio figlio, a mio fratello, al mio amico\u2026 quello che \u00e8 accaduto a Mario&hellip;<\/p>\n","protected":false},"author":599,"featured_media":1407800,"comment_status":"closed","ping_status":"closed","sticky":false,"template":"","format":"standard","meta":{"footnotes":""},"categories":[60,162],"tags":[79075,52907],"class_list":["post-1407799","post","type-post","status-publish","format-standard","has-post-thumbnail","hentry","category-diritti-umani","category-opinioni","tag-mario-paciolla","tag-verita-e-giustizia"],"yoast_head":"<!-- This site is optimized with the Yoast SEO plugin v27.1.1 - https:\/\/yoast.com\/product\/yoast-seo-wordpress\/ -->\n<title>Noi siamo Mario<\/title>\n<meta name=\"description\" content=\"L\u2019errore pi\u00f9 grande che possiamo fare non \u00e8 pensare \u201ca me non pu\u00f2 accadere quello che \u00e8 accaduto a Mario Paciolla\u201d oppure \u201cnon pu\u00f2 accadere a mio figlio,\" \/>\n<meta name=\"robots\" content=\"index, follow, max-snippet:-1, max-image-preview:large, max-video-preview:-1\" \/>\n<link rel=\"canonical\" href=\"https:\/\/www.pressenza.com\/it\/2021\/07\/noi-siamo-mario\/\" \/>\n<meta property=\"og:locale\" content=\"it_IT\" \/>\n<meta property=\"og:type\" content=\"article\" \/>\n<meta property=\"og:title\" content=\"Noi siamo Mario\" \/>\n<meta property=\"og:description\" content=\"L\u2019errore pi\u00f9 grande che possiamo fare non \u00e8 pensare \u201ca me non pu\u00f2 accadere quello che \u00e8 accaduto a Mario Paciolla\u201d oppure \u201cnon pu\u00f2 accadere a mio figlio,\" \/>\n<meta property=\"og:url\" content=\"https:\/\/www.pressenza.com\/it\/2021\/07\/noi-siamo-mario\/\" \/>\n<meta property=\"og:site_name\" content=\"Pressenza\" \/>\n<meta property=\"article:publisher\" content=\"https:\/\/www.facebook.com\/PressenzaItalia\" \/>\n<meta property=\"article:published_time\" content=\"2021-07-30T19:08:54+00:00\" \/>\n<meta property=\"article:modified_time\" content=\"2021-07-30T19:11:48+00:00\" \/>\n<meta property=\"og:image\" content=\"https:\/\/www.pressenza.com\/wp-content\/uploads\/2021\/07\/murales-Mario-Paciolla.jpg\" \/>\n\t<meta property=\"og:image:width\" content=\"1379\" \/>\n\t<meta property=\"og:image:height\" content=\"716\" \/>\n\t<meta property=\"og:image:type\" content=\"image\/jpeg\" \/>\n<meta name=\"author\" content=\"Unimondo\" \/>\n<meta name=\"twitter:card\" content=\"summary_large_image\" \/>\n<meta name=\"twitter:creator\" content=\"@PressenzaIPA\" \/>\n<meta name=\"twitter:site\" content=\"@PressenzaIPA\" \/>\n<meta name=\"twitter:label1\" content=\"Scritto da\" \/>\n\t<meta name=\"twitter:data1\" content=\"Unimondo\" \/>\n\t<meta name=\"twitter:label2\" content=\"Tempo di lettura stimato\" \/>\n\t<meta name=\"twitter:data2\" content=\"3 minuti\" \/>\n<script type=\"application\/ld+json\" class=\"yoast-schema-graph\">{\"@context\":\"https:\/\/schema.org\",\"@graph\":[{\"@type\":\"Article\",\"@id\":\"https:\/\/www.pressenza.com\/it\/2021\/07\/noi-siamo-mario\/#article\",\"isPartOf\":{\"@id\":\"https:\/\/www.pressenza.com\/it\/2021\/07\/noi-siamo-mario\/\"},\"author\":{\"name\":\"Unimondo\",\"@id\":\"https:\/\/www.pressenza.com\/it\/#\/schema\/person\/c1522125703ef99487d4e50b9fbc1ecf\"},\"headline\":\"Noi siamo Mario\",\"datePublished\":\"2021-07-30T19:08:54+00:00\",\"dateModified\":\"2021-07-30T19:11:48+00:00\",\"mainEntityOfPage\":{\"@id\":\"https:\/\/www.pressenza.com\/it\/2021\/07\/noi-siamo-mario\/\"},\"wordCount\":521,\"publisher\":{\"@id\":\"https:\/\/www.pressenza.com\/it\/#organization\"},\"image\":{\"@id\":\"https:\/\/www.pressenza.com\/it\/2021\/07\/noi-siamo-mario\/#primaryimage\"},\"thumbnailUrl\":\"https:\/\/www.pressenza.com\/wp-content\/uploads\/2021\/07\/murales-Mario-Paciolla.jpg\",\"keywords\":[\"Mario Paciolla\",\"Verit\u00e0 e Giustizia\"],\"articleSection\":[\"Diritti Umani\",\"Opinioni\"],\"inLanguage\":\"it-IT\"},{\"@type\":\"WebPage\",\"@id\":\"https:\/\/www.pressenza.com\/it\/2021\/07\/noi-siamo-mario\/\",\"url\":\"https:\/\/www.pressenza.com\/it\/2021\/07\/noi-siamo-mario\/\",\"name\":\"Noi siamo Mario\",\"isPartOf\":{\"@id\":\"https:\/\/www.pressenza.com\/it\/#website\"},\"primaryImageOfPage\":{\"@id\":\"https:\/\/www.pressenza.com\/it\/2021\/07\/noi-siamo-mario\/#primaryimage\"},\"image\":{\"@id\":\"https:\/\/www.pressenza.com\/it\/2021\/07\/noi-siamo-mario\/#primaryimage\"},\"thumbnailUrl\":\"https:\/\/www.pressenza.com\/wp-content\/uploads\/2021\/07\/murales-Mario-Paciolla.jpg\",\"datePublished\":\"2021-07-30T19:08:54+00:00\",\"dateModified\":\"2021-07-30T19:11:48+00:00\",\"description\":\"L\u2019errore pi\u00f9 grande che possiamo fare non \u00e8 pensare \u201ca me non pu\u00f2 accadere quello che \u00e8 accaduto a Mario Paciolla\u201d oppure \u201cnon pu\u00f2 accadere a mio figlio,\",\"breadcrumb\":{\"@id\":\"https:\/\/www.pressenza.com\/it\/2021\/07\/noi-siamo-mario\/#breadcrumb\"},\"inLanguage\":\"it-IT\",\"potentialAction\":[{\"@type\":\"ReadAction\",\"target\":[\"https:\/\/www.pressenza.com\/it\/2021\/07\/noi-siamo-mario\/\"]}]},{\"@type\":\"ImageObject\",\"inLanguage\":\"it-IT\",\"@id\":\"https:\/\/www.pressenza.com\/it\/2021\/07\/noi-siamo-mario\/#primaryimage\",\"url\":\"https:\/\/www.pressenza.com\/wp-content\/uploads\/2021\/07\/murales-Mario-Paciolla.jpg\",\"contentUrl\":\"https:\/\/www.pressenza.com\/wp-content\/uploads\/2021\/07\/murales-Mario-Paciolla.jpg\",\"width\":1379,\"height\":716},{\"@type\":\"BreadcrumbList\",\"@id\":\"https:\/\/www.pressenza.com\/it\/2021\/07\/noi-siamo-mario\/#breadcrumb\",\"itemListElement\":[{\"@type\":\"ListItem\",\"position\":1,\"name\":\"Accueil\",\"item\":\"https:\/\/www.pressenza.com\/it\/\"},{\"@type\":\"ListItem\",\"position\":2,\"name\":\"Noi siamo Mario\"}]},{\"@type\":\"WebSite\",\"@id\":\"https:\/\/www.pressenza.com\/it\/#website\",\"url\":\"https:\/\/www.pressenza.com\/it\/\",\"name\":\"Pressenza\",\"description\":\"Agenzia di Stampa Internazionale\",\"publisher\":{\"@id\":\"https:\/\/www.pressenza.com\/it\/#organization\"},\"potentialAction\":[{\"@type\":\"SearchAction\",\"target\":{\"@type\":\"EntryPoint\",\"urlTemplate\":\"https:\/\/www.pressenza.com\/it\/?s={search_term_string}\"},\"query-input\":{\"@type\":\"PropertyValueSpecification\",\"valueRequired\":true,\"valueName\":\"search_term_string\"}}],\"inLanguage\":\"it-IT\"},{\"@type\":\"Organization\",\"@id\":\"https:\/\/www.pressenza.com\/it\/#organization\",\"name\":\"Pressenza\",\"url\":\"https:\/\/www.pressenza.com\/it\/\",\"logo\":{\"@type\":\"ImageObject\",\"inLanguage\":\"it-IT\",\"@id\":\"https:\/\/www.pressenza.com\/it\/#\/schema\/logo\/image\/\",\"url\":\"https:\/\/www.pressenza.com\/wp-content\/uploads\/2022\/10\/pressenza_logo_200x200.jpg\",\"contentUrl\":\"https:\/\/www.pressenza.com\/wp-content\/uploads\/2022\/10\/pressenza_logo_200x200.jpg\",\"width\":200,\"height\":200,\"caption\":\"Pressenza\"},\"image\":{\"@id\":\"https:\/\/www.pressenza.com\/it\/#\/schema\/logo\/image\/\"},\"sameAs\":[\"https:\/\/www.facebook.com\/PressenzaItalia\",\"https:\/\/x.com\/PressenzaIPA\"]},{\"@type\":\"Person\",\"@id\":\"https:\/\/www.pressenza.com\/it\/#\/schema\/person\/c1522125703ef99487d4e50b9fbc1ecf\",\"name\":\"Unimondo\",\"description\":\"www.unimondo.org\",\"url\":\"https:\/\/www.pressenza.com\/it\/author\/unimondo\/\"}]}<\/script>\n<!-- \/ Yoast SEO plugin. -->","yoast_head_json":{"title":"Noi siamo Mario","description":"L\u2019errore pi\u00f9 grande che possiamo fare non \u00e8 pensare \u201ca me non pu\u00f2 accadere quello che \u00e8 accaduto a Mario Paciolla\u201d oppure \u201cnon pu\u00f2 accadere a mio figlio,","robots":{"index":"index","follow":"follow","max-snippet":"max-snippet:-1","max-image-preview":"max-image-preview:large","max-video-preview":"max-video-preview:-1"},"canonical":"https:\/\/www.pressenza.com\/it\/2021\/07\/noi-siamo-mario\/","og_locale":"it_IT","og_type":"article","og_title":"Noi siamo Mario","og_description":"L\u2019errore pi\u00f9 grande che possiamo fare non \u00e8 pensare \u201ca me non pu\u00f2 accadere quello che \u00e8 accaduto a Mario Paciolla\u201d oppure \u201cnon pu\u00f2 accadere a mio figlio,","og_url":"https:\/\/www.pressenza.com\/it\/2021\/07\/noi-siamo-mario\/","og_site_name":"Pressenza","article_publisher":"https:\/\/www.facebook.com\/PressenzaItalia","article_published_time":"2021-07-30T19:08:54+00:00","article_modified_time":"2021-07-30T19:11:48+00:00","og_image":[{"width":1379,"height":716,"url":"https:\/\/www.pressenza.com\/wp-content\/uploads\/2021\/07\/murales-Mario-Paciolla.jpg","type":"image\/jpeg"}],"author":"Unimondo","twitter_card":"summary_large_image","twitter_creator":"@PressenzaIPA","twitter_site":"@PressenzaIPA","twitter_misc":{"Scritto da":"Unimondo","Tempo di lettura stimato":"3 minuti"},"schema":{"@context":"https:\/\/schema.org","@graph":[{"@type":"Article","@id":"https:\/\/www.pressenza.com\/it\/2021\/07\/noi-siamo-mario\/#article","isPartOf":{"@id":"https:\/\/www.pressenza.com\/it\/2021\/07\/noi-siamo-mario\/"},"author":{"name":"Unimondo","@id":"https:\/\/www.pressenza.com\/it\/#\/schema\/person\/c1522125703ef99487d4e50b9fbc1ecf"},"headline":"Noi siamo Mario","datePublished":"2021-07-30T19:08:54+00:00","dateModified":"2021-07-30T19:11:48+00:00","mainEntityOfPage":{"@id":"https:\/\/www.pressenza.com\/it\/2021\/07\/noi-siamo-mario\/"},"wordCount":521,"publisher":{"@id":"https:\/\/www.pressenza.com\/it\/#organization"},"image":{"@id":"https:\/\/www.pressenza.com\/it\/2021\/07\/noi-siamo-mario\/#primaryimage"},"thumbnailUrl":"https:\/\/www.pressenza.com\/wp-content\/uploads\/2021\/07\/murales-Mario-Paciolla.jpg","keywords":["Mario Paciolla","Verit\u00e0 e Giustizia"],"articleSection":["Diritti Umani","Opinioni"],"inLanguage":"it-IT"},{"@type":"WebPage","@id":"https:\/\/www.pressenza.com\/it\/2021\/07\/noi-siamo-mario\/","url":"https:\/\/www.pressenza.com\/it\/2021\/07\/noi-siamo-mario\/","name":"Noi siamo Mario","isPartOf":{"@id":"https:\/\/www.pressenza.com\/it\/#website"},"primaryImageOfPage":{"@id":"https:\/\/www.pressenza.com\/it\/2021\/07\/noi-siamo-mario\/#primaryimage"},"image":{"@id":"https:\/\/www.pressenza.com\/it\/2021\/07\/noi-siamo-mario\/#primaryimage"},"thumbnailUrl":"https:\/\/www.pressenza.com\/wp-content\/uploads\/2021\/07\/murales-Mario-Paciolla.jpg","datePublished":"2021-07-30T19:08:54+00:00","dateModified":"2021-07-30T19:11:48+00:00","description":"L\u2019errore pi\u00f9 grande che possiamo fare non \u00e8 pensare \u201ca me non pu\u00f2 accadere quello che \u00e8 accaduto a Mario Paciolla\u201d oppure \u201cnon pu\u00f2 accadere a mio figlio,","breadcrumb":{"@id":"https:\/\/www.pressenza.com\/it\/2021\/07\/noi-siamo-mario\/#breadcrumb"},"inLanguage":"it-IT","potentialAction":[{"@type":"ReadAction","target":["https:\/\/www.pressenza.com\/it\/2021\/07\/noi-siamo-mario\/"]}]},{"@type":"ImageObject","inLanguage":"it-IT","@id":"https:\/\/www.pressenza.com\/it\/2021\/07\/noi-siamo-mario\/#primaryimage","url":"https:\/\/www.pressenza.com\/wp-content\/uploads\/2021\/07\/murales-Mario-Paciolla.jpg","contentUrl":"https:\/\/www.pressenza.com\/wp-content\/uploads\/2021\/07\/murales-Mario-Paciolla.jpg","width":1379,"height":716},{"@type":"BreadcrumbList","@id":"https:\/\/www.pressenza.com\/it\/2021\/07\/noi-siamo-mario\/#breadcrumb","itemListElement":[{"@type":"ListItem","position":1,"name":"Accueil","item":"https:\/\/www.pressenza.com\/it\/"},{"@type":"ListItem","position":2,"name":"Noi siamo Mario"}]},{"@type":"WebSite","@id":"https:\/\/www.pressenza.com\/it\/#website","url":"https:\/\/www.pressenza.com\/it\/","name":"Pressenza","description":"Agenzia di Stampa Internazionale","publisher":{"@id":"https:\/\/www.pressenza.com\/it\/#organization"},"potentialAction":[{"@type":"SearchAction","target":{"@type":"EntryPoint","urlTemplate":"https:\/\/www.pressenza.com\/it\/?s={search_term_string}"},"query-input":{"@type":"PropertyValueSpecification","valueRequired":true,"valueName":"search_term_string"}}],"inLanguage":"it-IT"},{"@type":"Organization","@id":"https:\/\/www.pressenza.com\/it\/#organization","name":"Pressenza","url":"https:\/\/www.pressenza.com\/it\/","logo":{"@type":"ImageObject","inLanguage":"it-IT","@id":"https:\/\/www.pressenza.com\/it\/#\/schema\/logo\/image\/","url":"https:\/\/www.pressenza.com\/wp-content\/uploads\/2022\/10\/pressenza_logo_200x200.jpg","contentUrl":"https:\/\/www.pressenza.com\/wp-content\/uploads\/2022\/10\/pressenza_logo_200x200.jpg","width":200,"height":200,"caption":"Pressenza"},"image":{"@id":"https:\/\/www.pressenza.com\/it\/#\/schema\/logo\/image\/"},"sameAs":["https:\/\/www.facebook.com\/PressenzaItalia","https:\/\/x.com\/PressenzaIPA"]},{"@type":"Person","@id":"https:\/\/www.pressenza.com\/it\/#\/schema\/person\/c1522125703ef99487d4e50b9fbc1ecf","name":"Unimondo","description":"www.unimondo.org","url":"https:\/\/www.pressenza.com\/it\/author\/unimondo\/"}]}},"place":"","original_article_url":"https:\/\/www.unimondo.org\/Guide\/Politica\/Giustizia-e-criminalita\/Noi-siamo-Mario-211847","_links":{"self":[{"href":"https:\/\/www.pressenza.com\/it\/wp-json\/wp\/v2\/posts\/1407799","targetHints":{"allow":["GET"]}}],"collection":[{"href":"https:\/\/www.pressenza.com\/it\/wp-json\/wp\/v2\/posts"}],"about":[{"href":"https:\/\/www.pressenza.com\/it\/wp-json\/wp\/v2\/types\/post"}],"author":[{"embeddable":true,"href":"https:\/\/www.pressenza.com\/it\/wp-json\/wp\/v2\/users\/599"}],"replies":[{"embeddable":true,"href":"https:\/\/www.pressenza.com\/it\/wp-json\/wp\/v2\/comments?post=1407799"}],"version-history":[{"count":0,"href":"https:\/\/www.pressenza.com\/it\/wp-json\/wp\/v2\/posts\/1407799\/revisions"}],"wp:featuredmedia":[{"embeddable":true,"href":"https:\/\/www.pressenza.com\/it\/wp-json\/wp\/v2\/media\/1407800"}],"wp:attachment":[{"href":"https:\/\/www.pressenza.com\/it\/wp-json\/wp\/v2\/media?parent=1407799"}],"wp:term":[{"taxonomy":"category","embeddable":true,"href":"https:\/\/www.pressenza.com\/it\/wp-json\/wp\/v2\/categories?post=1407799"},{"taxonomy":"post_tag","embeddable":true,"href":"https:\/\/www.pressenza.com\/it\/wp-json\/wp\/v2\/tags?post=1407799"}],"curies":[{"name":"wp","href":"https:\/\/api.w.org\/{rel}","templated":true}]}}