{"id":1407217,"date":"2021-07-29T11:39:03","date_gmt":"2021-07-29T10:39:03","guid":{"rendered":"https:\/\/www.pressenza.com\/?p=1407217"},"modified":"2021-07-29T14:46:19","modified_gmt":"2021-07-29T13:46:19","slug":"centro-per-il-rimpatrio-corelli-milano-il-rapporto-dellispezione-dei-senatori-di-de-falco-e-nocerino-mette-a-nudo-il-sistema","status":"publish","type":"post","link":"https:\/\/www.pressenza.com\/it\/2021\/07\/centro-per-il-rimpatrio-corelli-milano-il-rapporto-dellispezione-dei-senatori-di-de-falco-e-nocerino-mette-a-nudo-il-sistema\/","title":{"rendered":"Centro per il rimpatrio Corelli Milano: il rapporto dell&#8217;ispezione dei Senatori De Falco e Nocerino mette a nudo il sistema"},"content":{"rendered":"<p>E&#8217; stato oggi diffuso da <a href=\"https:\/\/www.facebook.com\/NoaiCPR\" target=\"_blank\" rel=\"noopener\">Mai pi\u00f9 lager &#8211; No ai CPR<\/a> di Milano <a href=\"https:\/\/www.pressenza.com\/wp-content\/uploads\/2021\/07\/CS-Ispezione-Corelli.pdf\">il rapporto dell&#8217;ispezione che Senatori Gregorio De Falco (gruppo misto) e\u00a0 Nunzia Nocerino (M5S) hanno effettuato al centro di permanenza per il rimpatrio (CPR) Corelli di Milano<\/a> il 5 e 6 giugno scorsi, e a seguito della quale \u00e8 stata presentata una diffida alla Prefettura di Milano che concerne il caso di una persona detenuta.<\/p>\n<p>La diffida \u00e8 indirizzata a: Amministrazione del CPR di Milano (Versoprobo SCS &#8211; Luna SCS); ATS di Milano; Prefettura di Milano e per conoscenza al Garante Nazionale dei diritti delle persone detenute o private della libert\u00e0 personale, nonch\u00e9 al Sindaco di Milano Beppe Sala.<\/p>\n<p>Nel comunicato si evince chiaramente il clima generalizzato di inosservanza del seppur gravemente insufficiente sistema normativo che regola la detenzione in assenza di reato delle persone migranti. Una gestione da parte dello Stato che si fonda sulla sistematica elusione della normativa, una gestione che si fonda quindi sull&#8217;illegalit\u00e0.<\/p>\n<p>Il comunicato mette in evidenza la responsabilit\u00e0 della Prefettura di Milano, tuttavia molto di ci\u00f2 che leggiamo nel comunicato non \u00e8 peculiare del CPR di Milano, ma riguarda tutto il sistema: emergono quindi <a href=\"https:\/\/www.pressenza.com\/it\/2021\/06\/avv-gianluca-vitale-moussa-balde-lettera-aperta-alla-ministra-lamorgese\/\" target=\"_blank\" rel=\"noopener\">chiare responsabilit\u00e0<\/a> da parte della Ministra La Morgese.<\/p>\n<p>Le violazioni denunciate sono molteplici, inoltre anche questo rapporto denuncia che la motivazione della detenzione &#8211; sancita per legge nel &#8220;Testo unico sull&#8217;mmigrazione&#8221; il <a href=\"https:\/\/www.normattiva.it\/uri-res\/N2Ls?urn:nir:stato:decreto.legislativo:1998-07-25;286\" target=\"_blank\" rel=\"noopener\">Dlgs 286\/98<\/a> (Art. 14) &#8211; e cio\u00e8 il rimpatrio, \u00e8 spessissimo violata.<\/p>\n<p>Queste sistematiche violazioni sono possibili grazie alla coltre di silenzio, che per\u00f2 dopo il suicidio di Moussa Balde ha seriamente cominciato a vacillare, e al fatto che le persone migranti non hanno soldi e competenze per far valere i propri diritti.<\/p>\n<p>Sono ormai moltissimi a definire il sistema di detenzione a fini di rimpatrio, di cui i CPR sono parte essenziale, come razzismo di Stato: diritti e dignit\u00e0 delle persone migranti, sanciti per legge, sono sistematicamente violati.<\/p>\n<p>Una menzione particolare va fatta alle storie delle persone, a cui \u00e8 dedicato un capitolo del rapporto.<\/p>\n<p>Una ispezione da parte di Parlamentari della Repubblica dettagliata e dettagliatamente riportata.<\/p>\n","protected":false},"excerpt":{"rendered":"<p>E&#8217; stato oggi diffuso da Mai pi\u00f9 lager &#8211; No ai CPR di Milano il rapporto dell&#8217;ispezione che Senatori Gregorio De Falco (gruppo misto) e\u00a0 Nunzia Nocerino (M5S) hanno effettuato al centro di permanenza per il rimpatrio (CPR) Corelli di&hellip;<\/p>\n","protected":false},"author":594,"featured_media":1299494,"comment_status":"closed","ping_status":"closed","sticky":false,"template":"","format":"standard","meta":{"footnotes":""},"categories":[11388,60,47,54572],"tags":[34377,93491,55044],"class_list":["post-1407217","post","type-post","status-publish","format-standard","has-post-thumbnail","hentry","category-contenuti-originali","category-diritti-umani","category-europa","category-migranti","tag-cpr","tag-cpr-milano","tag-mai-piu-lager-no-ai-cpr"],"yoast_head":"<!-- This site is optimized with the Yoast SEO plugin v27.1.1 - https:\/\/yoast.com\/product\/yoast-seo-wordpress\/ -->\n<title>Centro per il rimpatrio Corelli Milano: il rapporto dell&#039;ispezione dei Senatori De Falco e Nocerino mette a nudo il sistema<\/title>\n<meta name=\"description\" content=\"E&#039; stato oggi diffuso da Mai pi\u00f9 lager - No ai CPR il rapporto dell&#039;ispezione dei Sen. De Falco e Nocerino al CPR di Milano\" \/>\n<meta name=\"robots\" content=\"index, follow, max-snippet:-1, max-image-preview:large, max-video-preview:-1\" \/>\n<link rel=\"canonical\" href=\"https:\/\/www.pressenza.com\/it\/2021\/07\/centro-per-il-rimpatrio-corelli-milano-il-rapporto-dellispezione-dei-senatori-di-de-falco-e-nocerino-mette-a-nudo-il-sistema\/\" \/>\n<meta property=\"og:locale\" content=\"it_IT\" \/>\n<meta property=\"og:type\" content=\"article\" \/>\n<meta property=\"og:title\" content=\"Centro per il rimpatrio Corelli Milano: il rapporto dell&#039;ispezione dei Senatori De Falco e Nocerino mette a nudo il sistema\" \/>\n<meta property=\"og:description\" content=\"E&#039; stato oggi diffuso da Mai pi\u00f9 lager - No ai CPR il rapporto dell&#039;ispezione dei Sen. De Falco e Nocerino al CPR di Milano\" \/>\n<meta property=\"og:url\" content=\"https:\/\/www.pressenza.com\/it\/2021\/07\/centro-per-il-rimpatrio-corelli-milano-il-rapporto-dellispezione-dei-senatori-di-de-falco-e-nocerino-mette-a-nudo-il-sistema\/\" \/>\n<meta property=\"og:site_name\" content=\"Pressenza\" \/>\n<meta property=\"article:publisher\" content=\"https:\/\/www.facebook.com\/PressenzaItalia\" \/>\n<meta property=\"article:author\" content=\"https:\/\/www.facebook.com\/PressenzaItalia\" \/>\n<meta property=\"article:published_time\" content=\"2021-07-29T10:39:03+00:00\" \/>\n<meta property=\"article:modified_time\" content=\"2021-07-29T13:46:19+00:00\" \/>\n<meta property=\"og:image\" content=\"https:\/\/www.pressenza.com\/wp-content\/uploads\/2021\/02\/CPR.jpg\" \/>\n\t<meta property=\"og:image:width\" content=\"750\" \/>\n\t<meta property=\"og:image:height\" content=\"462\" \/>\n\t<meta property=\"og:image:type\" content=\"image\/jpeg\" \/>\n<meta name=\"author\" content=\"Redazione Italia\" \/>\n<meta name=\"twitter:card\" content=\"summary_large_image\" \/>\n<meta name=\"twitter:creator\" content=\"@pressenza_it\" \/>\n<meta name=\"twitter:site\" content=\"@PressenzaIPA\" \/>\n<meta name=\"twitter:label1\" content=\"Scritto da\" \/>\n\t<meta name=\"twitter:data1\" content=\"Redazione Italia\" \/>\n\t<meta name=\"twitter:label2\" content=\"Tempo di lettura stimato\" \/>\n\t<meta name=\"twitter:data2\" content=\"2 minuti\" \/>\n<script type=\"application\/ld+json\" class=\"yoast-schema-graph\">{\"@context\":\"https:\/\/schema.org\",\"@graph\":[{\"@type\":\"Article\",\"@id\":\"https:\/\/www.pressenza.com\/it\/2021\/07\/centro-per-il-rimpatrio-corelli-milano-il-rapporto-dellispezione-dei-senatori-di-de-falco-e-nocerino-mette-a-nudo-il-sistema\/#article\",\"isPartOf\":{\"@id\":\"https:\/\/www.pressenza.com\/it\/2021\/07\/centro-per-il-rimpatrio-corelli-milano-il-rapporto-dellispezione-dei-senatori-di-de-falco-e-nocerino-mette-a-nudo-il-sistema\/\"},\"author\":{\"name\":\"Redazione Italia\",\"@id\":\"https:\/\/www.pressenza.com\/it\/#\/schema\/person\/d983e81827ae24f2c7b1a2123d197f8d\"},\"headline\":\"Centro per il rimpatrio Corelli Milano: il rapporto dell&#8217;ispezione dei Senatori De Falco e Nocerino mette a nudo il sistema\",\"datePublished\":\"2021-07-29T10:39:03+00:00\",\"dateModified\":\"2021-07-29T13:46:19+00:00\",\"mainEntityOfPage\":{\"@id\":\"https:\/\/www.pressenza.com\/it\/2021\/07\/centro-per-il-rimpatrio-corelli-milano-il-rapporto-dellispezione-dei-senatori-di-de-falco-e-nocerino-mette-a-nudo-il-sistema\/\"},\"wordCount\":360,\"publisher\":{\"@id\":\"https:\/\/www.pressenza.com\/it\/#organization\"},\"image\":{\"@id\":\"https:\/\/www.pressenza.com\/it\/2021\/07\/centro-per-il-rimpatrio-corelli-milano-il-rapporto-dellispezione-dei-senatori-di-de-falco-e-nocerino-mette-a-nudo-il-sistema\/#primaryimage\"},\"thumbnailUrl\":\"https:\/\/www.pressenza.com\/wp-content\/uploads\/2021\/02\/CPR.jpg\",\"keywords\":[\"CPR\",\"CPR MIlano\",\"Mai pi\u00f9 lager - NO ai CPR\"],\"articleSection\":[\"contenuti originali\",\"Diritti Umani\",\"Europa\",\"Migranti\"],\"inLanguage\":\"it-IT\"},{\"@type\":\"WebPage\",\"@id\":\"https:\/\/www.pressenza.com\/it\/2021\/07\/centro-per-il-rimpatrio-corelli-milano-il-rapporto-dellispezione-dei-senatori-di-de-falco-e-nocerino-mette-a-nudo-il-sistema\/\",\"url\":\"https:\/\/www.pressenza.com\/it\/2021\/07\/centro-per-il-rimpatrio-corelli-milano-il-rapporto-dellispezione-dei-senatori-di-de-falco-e-nocerino-mette-a-nudo-il-sistema\/\",\"name\":\"Centro per il rimpatrio Corelli Milano: il rapporto dell'ispezione dei Senatori De Falco e Nocerino mette a nudo il sistema\",\"isPartOf\":{\"@id\":\"https:\/\/www.pressenza.com\/it\/#website\"},\"primaryImageOfPage\":{\"@id\":\"https:\/\/www.pressenza.com\/it\/2021\/07\/centro-per-il-rimpatrio-corelli-milano-il-rapporto-dellispezione-dei-senatori-di-de-falco-e-nocerino-mette-a-nudo-il-sistema\/#primaryimage\"},\"image\":{\"@id\":\"https:\/\/www.pressenza.com\/it\/2021\/07\/centro-per-il-rimpatrio-corelli-milano-il-rapporto-dellispezione-dei-senatori-di-de-falco-e-nocerino-mette-a-nudo-il-sistema\/#primaryimage\"},\"thumbnailUrl\":\"https:\/\/www.pressenza.com\/wp-content\/uploads\/2021\/02\/CPR.jpg\",\"datePublished\":\"2021-07-29T10:39:03+00:00\",\"dateModified\":\"2021-07-29T13:46:19+00:00\",\"description\":\"E' stato oggi diffuso da Mai pi\u00f9 lager - No ai CPR il rapporto dell'ispezione dei Sen. De Falco e Nocerino al CPR di Milano\",\"breadcrumb\":{\"@id\":\"https:\/\/www.pressenza.com\/it\/2021\/07\/centro-per-il-rimpatrio-corelli-milano-il-rapporto-dellispezione-dei-senatori-di-de-falco-e-nocerino-mette-a-nudo-il-sistema\/#breadcrumb\"},\"inLanguage\":\"it-IT\",\"potentialAction\":[{\"@type\":\"ReadAction\",\"target\":[\"https:\/\/www.pressenza.com\/it\/2021\/07\/centro-per-il-rimpatrio-corelli-milano-il-rapporto-dellispezione-dei-senatori-di-de-falco-e-nocerino-mette-a-nudo-il-sistema\/\"]}]},{\"@type\":\"ImageObject\",\"inLanguage\":\"it-IT\",\"@id\":\"https:\/\/www.pressenza.com\/it\/2021\/07\/centro-per-il-rimpatrio-corelli-milano-il-rapporto-dellispezione-dei-senatori-di-de-falco-e-nocerino-mette-a-nudo-il-sistema\/#primaryimage\",\"url\":\"https:\/\/www.pressenza.com\/wp-content\/uploads\/2021\/02\/CPR.jpg\",\"contentUrl\":\"https:\/\/www.pressenza.com\/wp-content\/uploads\/2021\/02\/CPR.jpg\",\"width\":750,\"height\":462},{\"@type\":\"BreadcrumbList\",\"@id\":\"https:\/\/www.pressenza.com\/it\/2021\/07\/centro-per-il-rimpatrio-corelli-milano-il-rapporto-dellispezione-dei-senatori-di-de-falco-e-nocerino-mette-a-nudo-il-sistema\/#breadcrumb\",\"itemListElement\":[{\"@type\":\"ListItem\",\"position\":1,\"name\":\"Accueil\",\"item\":\"https:\/\/www.pressenza.com\/it\/\"},{\"@type\":\"ListItem\",\"position\":2,\"name\":\"Centro per il rimpatrio Corelli Milano: il rapporto dell&#8217;ispezione dei Senatori De Falco e Nocerino mette a nudo il sistema\"}]},{\"@type\":\"WebSite\",\"@id\":\"https:\/\/www.pressenza.com\/it\/#website\",\"url\":\"https:\/\/www.pressenza.com\/it\/\",\"name\":\"Pressenza\",\"description\":\"Agenzia di Stampa Internazionale\",\"publisher\":{\"@id\":\"https:\/\/www.pressenza.com\/it\/#organization\"},\"potentialAction\":[{\"@type\":\"SearchAction\",\"target\":{\"@type\":\"EntryPoint\",\"urlTemplate\":\"https:\/\/www.pressenza.com\/it\/?s={search_term_string}\"},\"query-input\":{\"@type\":\"PropertyValueSpecification\",\"valueRequired\":true,\"valueName\":\"search_term_string\"}}],\"inLanguage\":\"it-IT\"},{\"@type\":\"Organization\",\"@id\":\"https:\/\/www.pressenza.com\/it\/#organization\",\"name\":\"Pressenza\",\"url\":\"https:\/\/www.pressenza.com\/it\/\",\"logo\":{\"@type\":\"ImageObject\",\"inLanguage\":\"it-IT\",\"@id\":\"https:\/\/www.pressenza.com\/it\/#\/schema\/logo\/image\/\",\"url\":\"https:\/\/www.pressenza.com\/wp-content\/uploads\/2022\/10\/pressenza_logo_200x200.jpg\",\"contentUrl\":\"https:\/\/www.pressenza.com\/wp-content\/uploads\/2022\/10\/pressenza_logo_200x200.jpg\",\"width\":200,\"height\":200,\"caption\":\"Pressenza\"},\"image\":{\"@id\":\"https:\/\/www.pressenza.com\/it\/#\/schema\/logo\/image\/\"},\"sameAs\":[\"https:\/\/www.facebook.com\/PressenzaItalia\",\"https:\/\/x.com\/PressenzaIPA\"]},{\"@type\":\"Person\",\"@id\":\"https:\/\/www.pressenza.com\/it\/#\/schema\/person\/d983e81827ae24f2c7b1a2123d197f8d\",\"name\":\"Redazione Italia\",\"description\":\"News from the Pressenza Bureau in Italy\",\"sameAs\":[\"https:\/\/www.pressenza.com\/it\/author\/redazione-italia\/\",\"https:\/\/www.facebook.com\/PressenzaItalia\",\"https:\/\/www.instagram.com\/pressenza_italia\/\",\"https:\/\/x.com\/pressenza_it\",\"https:\/\/www.youtube.com\/channel\/UCSalEIWjE1RSxkwjfftFuqg\"],\"url\":\"https:\/\/www.pressenza.com\/it\/author\/redazione-italia\/\"}]}<\/script>\n<!-- \/ Yoast SEO plugin. -->","yoast_head_json":{"title":"Centro per il rimpatrio Corelli Milano: il rapporto dell'ispezione dei Senatori De Falco e Nocerino mette a nudo il sistema","description":"E' stato oggi diffuso da Mai pi\u00f9 lager - No ai CPR il rapporto dell'ispezione dei Sen. De Falco e Nocerino al CPR di Milano","robots":{"index":"index","follow":"follow","max-snippet":"max-snippet:-1","max-image-preview":"max-image-preview:large","max-video-preview":"max-video-preview:-1"},"canonical":"https:\/\/www.pressenza.com\/it\/2021\/07\/centro-per-il-rimpatrio-corelli-milano-il-rapporto-dellispezione-dei-senatori-di-de-falco-e-nocerino-mette-a-nudo-il-sistema\/","og_locale":"it_IT","og_type":"article","og_title":"Centro per il rimpatrio Corelli Milano: il rapporto dell'ispezione dei Senatori De Falco e Nocerino mette a nudo il sistema","og_description":"E' stato oggi diffuso da Mai pi\u00f9 lager - No ai CPR il rapporto dell'ispezione dei Sen. De Falco e Nocerino al CPR di Milano","og_url":"https:\/\/www.pressenza.com\/it\/2021\/07\/centro-per-il-rimpatrio-corelli-milano-il-rapporto-dellispezione-dei-senatori-di-de-falco-e-nocerino-mette-a-nudo-il-sistema\/","og_site_name":"Pressenza","article_publisher":"https:\/\/www.facebook.com\/PressenzaItalia","article_author":"https:\/\/www.facebook.com\/PressenzaItalia","article_published_time":"2021-07-29T10:39:03+00:00","article_modified_time":"2021-07-29T13:46:19+00:00","og_image":[{"width":750,"height":462,"url":"https:\/\/www.pressenza.com\/wp-content\/uploads\/2021\/02\/CPR.jpg","type":"image\/jpeg"}],"author":"Redazione Italia","twitter_card":"summary_large_image","twitter_creator":"@pressenza_it","twitter_site":"@PressenzaIPA","twitter_misc":{"Scritto da":"Redazione Italia","Tempo di lettura stimato":"2 minuti"},"schema":{"@context":"https:\/\/schema.org","@graph":[{"@type":"Article","@id":"https:\/\/www.pressenza.com\/it\/2021\/07\/centro-per-il-rimpatrio-corelli-milano-il-rapporto-dellispezione-dei-senatori-di-de-falco-e-nocerino-mette-a-nudo-il-sistema\/#article","isPartOf":{"@id":"https:\/\/www.pressenza.com\/it\/2021\/07\/centro-per-il-rimpatrio-corelli-milano-il-rapporto-dellispezione-dei-senatori-di-de-falco-e-nocerino-mette-a-nudo-il-sistema\/"},"author":{"name":"Redazione Italia","@id":"https:\/\/www.pressenza.com\/it\/#\/schema\/person\/d983e81827ae24f2c7b1a2123d197f8d"},"headline":"Centro per il rimpatrio Corelli Milano: il rapporto dell&#8217;ispezione dei Senatori De Falco e Nocerino mette a nudo il sistema","datePublished":"2021-07-29T10:39:03+00:00","dateModified":"2021-07-29T13:46:19+00:00","mainEntityOfPage":{"@id":"https:\/\/www.pressenza.com\/it\/2021\/07\/centro-per-il-rimpatrio-corelli-milano-il-rapporto-dellispezione-dei-senatori-di-de-falco-e-nocerino-mette-a-nudo-il-sistema\/"},"wordCount":360,"publisher":{"@id":"https:\/\/www.pressenza.com\/it\/#organization"},"image":{"@id":"https:\/\/www.pressenza.com\/it\/2021\/07\/centro-per-il-rimpatrio-corelli-milano-il-rapporto-dellispezione-dei-senatori-di-de-falco-e-nocerino-mette-a-nudo-il-sistema\/#primaryimage"},"thumbnailUrl":"https:\/\/www.pressenza.com\/wp-content\/uploads\/2021\/02\/CPR.jpg","keywords":["CPR","CPR MIlano","Mai pi\u00f9 lager - NO ai CPR"],"articleSection":["contenuti originali","Diritti Umani","Europa","Migranti"],"inLanguage":"it-IT"},{"@type":"WebPage","@id":"https:\/\/www.pressenza.com\/it\/2021\/07\/centro-per-il-rimpatrio-corelli-milano-il-rapporto-dellispezione-dei-senatori-di-de-falco-e-nocerino-mette-a-nudo-il-sistema\/","url":"https:\/\/www.pressenza.com\/it\/2021\/07\/centro-per-il-rimpatrio-corelli-milano-il-rapporto-dellispezione-dei-senatori-di-de-falco-e-nocerino-mette-a-nudo-il-sistema\/","name":"Centro per il rimpatrio Corelli Milano: il rapporto dell'ispezione dei Senatori De Falco e Nocerino mette a nudo il sistema","isPartOf":{"@id":"https:\/\/www.pressenza.com\/it\/#website"},"primaryImageOfPage":{"@id":"https:\/\/www.pressenza.com\/it\/2021\/07\/centro-per-il-rimpatrio-corelli-milano-il-rapporto-dellispezione-dei-senatori-di-de-falco-e-nocerino-mette-a-nudo-il-sistema\/#primaryimage"},"image":{"@id":"https:\/\/www.pressenza.com\/it\/2021\/07\/centro-per-il-rimpatrio-corelli-milano-il-rapporto-dellispezione-dei-senatori-di-de-falco-e-nocerino-mette-a-nudo-il-sistema\/#primaryimage"},"thumbnailUrl":"https:\/\/www.pressenza.com\/wp-content\/uploads\/2021\/02\/CPR.jpg","datePublished":"2021-07-29T10:39:03+00:00","dateModified":"2021-07-29T13:46:19+00:00","description":"E' stato oggi diffuso da Mai pi\u00f9 lager - No ai CPR il rapporto dell'ispezione dei Sen. De Falco e Nocerino al CPR di Milano","breadcrumb":{"@id":"https:\/\/www.pressenza.com\/it\/2021\/07\/centro-per-il-rimpatrio-corelli-milano-il-rapporto-dellispezione-dei-senatori-di-de-falco-e-nocerino-mette-a-nudo-il-sistema\/#breadcrumb"},"inLanguage":"it-IT","potentialAction":[{"@type":"ReadAction","target":["https:\/\/www.pressenza.com\/it\/2021\/07\/centro-per-il-rimpatrio-corelli-milano-il-rapporto-dellispezione-dei-senatori-di-de-falco-e-nocerino-mette-a-nudo-il-sistema\/"]}]},{"@type":"ImageObject","inLanguage":"it-IT","@id":"https:\/\/www.pressenza.com\/it\/2021\/07\/centro-per-il-rimpatrio-corelli-milano-il-rapporto-dellispezione-dei-senatori-di-de-falco-e-nocerino-mette-a-nudo-il-sistema\/#primaryimage","url":"https:\/\/www.pressenza.com\/wp-content\/uploads\/2021\/02\/CPR.jpg","contentUrl":"https:\/\/www.pressenza.com\/wp-content\/uploads\/2021\/02\/CPR.jpg","width":750,"height":462},{"@type":"BreadcrumbList","@id":"https:\/\/www.pressenza.com\/it\/2021\/07\/centro-per-il-rimpatrio-corelli-milano-il-rapporto-dellispezione-dei-senatori-di-de-falco-e-nocerino-mette-a-nudo-il-sistema\/#breadcrumb","itemListElement":[{"@type":"ListItem","position":1,"name":"Accueil","item":"https:\/\/www.pressenza.com\/it\/"},{"@type":"ListItem","position":2,"name":"Centro per il rimpatrio Corelli Milano: il rapporto dell&#8217;ispezione dei Senatori De Falco e Nocerino mette a nudo il sistema"}]},{"@type":"WebSite","@id":"https:\/\/www.pressenza.com\/it\/#website","url":"https:\/\/www.pressenza.com\/it\/","name":"Pressenza","description":"Agenzia di Stampa Internazionale","publisher":{"@id":"https:\/\/www.pressenza.com\/it\/#organization"},"potentialAction":[{"@type":"SearchAction","target":{"@type":"EntryPoint","urlTemplate":"https:\/\/www.pressenza.com\/it\/?s={search_term_string}"},"query-input":{"@type":"PropertyValueSpecification","valueRequired":true,"valueName":"search_term_string"}}],"inLanguage":"it-IT"},{"@type":"Organization","@id":"https:\/\/www.pressenza.com\/it\/#organization","name":"Pressenza","url":"https:\/\/www.pressenza.com\/it\/","logo":{"@type":"ImageObject","inLanguage":"it-IT","@id":"https:\/\/www.pressenza.com\/it\/#\/schema\/logo\/image\/","url":"https:\/\/www.pressenza.com\/wp-content\/uploads\/2022\/10\/pressenza_logo_200x200.jpg","contentUrl":"https:\/\/www.pressenza.com\/wp-content\/uploads\/2022\/10\/pressenza_logo_200x200.jpg","width":200,"height":200,"caption":"Pressenza"},"image":{"@id":"https:\/\/www.pressenza.com\/it\/#\/schema\/logo\/image\/"},"sameAs":["https:\/\/www.facebook.com\/PressenzaItalia","https:\/\/x.com\/PressenzaIPA"]},{"@type":"Person","@id":"https:\/\/www.pressenza.com\/it\/#\/schema\/person\/d983e81827ae24f2c7b1a2123d197f8d","name":"Redazione Italia","description":"News from the Pressenza Bureau in Italy","sameAs":["https:\/\/www.pressenza.com\/it\/author\/redazione-italia\/","https:\/\/www.facebook.com\/PressenzaItalia","https:\/\/www.instagram.com\/pressenza_italia\/","https:\/\/x.com\/pressenza_it","https:\/\/www.youtube.com\/channel\/UCSalEIWjE1RSxkwjfftFuqg"],"url":"https:\/\/www.pressenza.com\/it\/author\/redazione-italia\/"}]}},"place":"","original_article_url":"","_links":{"self":[{"href":"https:\/\/www.pressenza.com\/it\/wp-json\/wp\/v2\/posts\/1407217","targetHints":{"allow":["GET"]}}],"collection":[{"href":"https:\/\/www.pressenza.com\/it\/wp-json\/wp\/v2\/posts"}],"about":[{"href":"https:\/\/www.pressenza.com\/it\/wp-json\/wp\/v2\/types\/post"}],"author":[{"embeddable":true,"href":"https:\/\/www.pressenza.com\/it\/wp-json\/wp\/v2\/users\/594"}],"replies":[{"embeddable":true,"href":"https:\/\/www.pressenza.com\/it\/wp-json\/wp\/v2\/comments?post=1407217"}],"version-history":[{"count":0,"href":"https:\/\/www.pressenza.com\/it\/wp-json\/wp\/v2\/posts\/1407217\/revisions"}],"wp:featuredmedia":[{"embeddable":true,"href":"https:\/\/www.pressenza.com\/it\/wp-json\/wp\/v2\/media\/1299494"}],"wp:attachment":[{"href":"https:\/\/www.pressenza.com\/it\/wp-json\/wp\/v2\/media?parent=1407217"}],"wp:term":[{"taxonomy":"category","embeddable":true,"href":"https:\/\/www.pressenza.com\/it\/wp-json\/wp\/v2\/categories?post=1407217"},{"taxonomy":"post_tag","embeddable":true,"href":"https:\/\/www.pressenza.com\/it\/wp-json\/wp\/v2\/tags?post=1407217"}],"curies":[{"name":"wp","href":"https:\/\/api.w.org\/{rel}","templated":true}]}}