{"id":1404603,"date":"2021-07-24T11:48:54","date_gmt":"2021-07-24T10:48:54","guid":{"rendered":"https:\/\/www.pressenza.com\/?p=1404603"},"modified":"2021-07-24T11:48:54","modified_gmt":"2021-07-24T10:48:54","slug":"torino-il-reato-non-sussiste-archiviate-le-denunce-agli-attivisti-di-extinction-rebellion","status":"publish","type":"post","link":"https:\/\/www.pressenza.com\/it\/2021\/07\/torino-il-reato-non-sussiste-archiviate-le-denunce-agli-attivisti-di-extinction-rebellion\/","title":{"rendered":"Torino &#8211; Il reato non sussiste: archiviate le denunce agli attivisti di Extinction Rebellion"},"content":{"rendered":"<p><em>A distanza di quasi un anno, sono state archiviate le denunce degli attivisti di Extinction Rebellion che a settembre 2020 si sono incatenati sulle colonne di Palazzo Reale a Torino<\/em><\/p>\n<p>Dopo quasi 10 mesi, \u00e8 finalmente arrivata la decisione del magistrato Elisa Paz\u00e9 di non proseguire con il processo penale agli attivisti di Extinction Rebellion per le azioni di protesta risalenti al settembre 2020.<\/p>\n<p>Il 18 settembre, infatti, otto attivisti di Extinction Rbellion si erano incatenati in cima alle colonne del Palazzo Reale di Torino <a href=\"https:\/\/www.pressenza.com\/it\/2020\/09\/extinction-rebellion-torino-abbiamo-bisogno-di-voi-diteci-la-verita\/\" target=\"_blank\" rel=\"noopener\">[1]<\/a>, dopo aver ripetutamente tentato di entrare in contatto con i direttori locali dei principali quotidiani e televisioni italiane (<em>La Repubblica, La Stampa, Corriere della Sera e RAI<\/em>).<\/p>\n<p>L\u2019obiettivo della giornata era quello di riportare l\u2019attenzione sulla necessit\u00e0 che giornali e televisioni pongano la crisi climatica ed ecologica al centro dei loro piani editoriali, sottolineando l\u2019importanza del ruolo del giornalismo nell\u2019informare i cittadini riguardo quella che \u00e8 stata definita dall\u2019OMS \u00ab<em>la pi\u00f9 grande crisi che l\u2019umanit\u00e0 si sia mai trovata affrontare<\/em>\u00bb. In quell\u2019occasione, gli otto attivisti erano stati denunciati per \u201c<strong>Accensioni ed esplosioni pericolose<\/strong>\u201d (<em>Art. 703 del codice penale<\/em>), per aver acceso otto fumogeni di 40 secondi durante la manifestazione, e di \u201c<strong>Inosservanza dei provvedimenti dell&#8217;Autorit\u00e0<\/strong>\u201d (<em>Art. 650 del codice penale<\/em>), per non essere scesi dalle colonne quando ordinato dalla polizia.<\/p>\n<p>Dopo una campagna di raccolta fondi durata mesi, che ha visto il supporto di centinaia di cittadini con l\u2019obiettivo di sostenere le spese legali degli attivisti, oggi si chiude un capitolo per il movimento internazionale Extinction Rebellion. Tuttavia, leggendo il decreto di archiviazione della PM, si apre un nuovo capitolo sulla possibilit\u00e0 e sulle modalit\u00e0 di espressione del dissenso sul territorio italiano. Tra le motivazioni che hanno spinto a procedere con l\u2019archiviazione del caso, infatti, si legge\u00a0: \u00ab\u00a0<em>l\u2019intimazione di scendere (dalla cancellata), pur legittima, non pare possedere i requisiti di cui all\u2019art. 650 c.p., <strong>non essendo il gesto degli indagati tale da mettere in pericolo n\u00e9 l\u2019ordine pubblico, n\u00e9 la sicurezza pubblica<\/strong><\/em><strong>\u00a0<\/strong>\u00bb. Inoltre, riguardo l\u2019accensione dei fumogeni, il documento continua\u00a0: \u00ab <em>non integra la contravvensione di accensioni ed esplosioni pericolose l\u2019avere acceso un unico fumogeno, che <strong>non ha comportato il minimo rischio e non \u00e8 stato lanciato contro le persone presenti<\/strong>\u00a0<\/em>\u00bb<\/p>\n<p>La scelta di Extinction Rebellion di portare in piazza la protesta in maniera teatrale e molto visibile, ma comunque sempre radicalmente nonviolenta, nasce dalla consapevolezza che i tradizionali metodi di protesta (manifestazioni, petizioni, marce, &#8230;), sebbene fondamentali e complementari, non sono pi\u00f9 sufficienti a spostare il dibattito pubblico sul grande dramma collettivo e rimosso della crisi climatica. La Questura di Torino ha ritenuto di denunciare gli otto attivisti, sebbene, come ratificato dalla PM, essi non costituissero un pericolo per la sicurezza pubblica, accusandoli di aver acceso &#8220;esplosivi pericolosi&#8221;, costringendoli a mesi di ansia, incontri con gli avvocati e migliaia di euro di spese legali. Il tema che quelle otto persone hanno voluto raccontare, esponendosi al rischio di una denuncia, riguarda l\u2019umanit\u00e0 intera. Riguarda il mondo mediatico che non la racconta in modo adeguato (o non la racconta per niente), riguarda la politica che non riesce a prendere decisioni efficaci e che demanda alle forze dell\u2019ordine la gestione e repressione della legittima manifestazione del dissenso, che in Italia \u00e8 garantita dall&#8217;art. 21 della Costituzione.<\/p>\n<p>Extinction Rebellion \u00e8 un movimento radicalmente nonviolento, il cui unico scopo \u00e8 quello di far pressione sui governi affinch\u00e9 si fermi la distruzione del mondo naturale e si prevengano le catastrofi che il mondo scientifico annuncia da anni. Nei prossimi decenni, milioni di persone saranno costrette a lasciare le loro terre <a href=\"https:\/\/openknowledge.worldbank.org\/handle\/10986\/29461\">[<\/a><a href=\"https:\/\/openknowledge.worldbank.org\/handle\/10986\/29461\" target=\"_blank\" rel=\"noopener\">2<\/a><a href=\"https:\/\/openknowledge.worldbank.org\/handle\/10986\/29461\">,<\/a> <a href=\"https:\/\/www.nytimes.com\/interactive\/2020\/07\/23\/magazine\/climate-migration.html\" target=\"_blank\" rel=\"noopener\">3<\/a><a href=\"https:\/\/www.nytimes.com\/interactive\/2020\/07\/23\/magazine\/climate-migration.html\">]<\/a> e, solamente in Europa,\u00a0 si stimano pi\u00f9 di 200.000 morti l&#8217;anno <a href=\"https:\/\/cittaclima.it\/wp-content\/uploads\/2020\/11\/CC_Rapporto_2020-def.pdf\">[<\/a><a href=\"https:\/\/cittaclima.it\/wp-content\/uploads\/2020\/11\/CC_Rapporto_2020-def.pdf\" target=\"_blank\" rel=\"noopener\">4<\/a><a href=\"https:\/\/cittaclima.it\/wp-content\/uploads\/2020\/11\/CC_Rapporto_2020-def.pdf\">]<\/a>, a causa di ondate di calore estreme [<a href=\"https:\/\/www.pnas.org\/content\/117\/21\/11350\" target=\"_blank\" rel=\"noopener\">5<\/a><a href=\"https:\/\/www.pnas.org\/content\/117\/21\/11350\">]<\/a>, innalzamento del livello dei mari, siccit\u00e0, conflitti e carestie <a href=\"http:\/\/www.fightfoodcrises.net\/food-crises-and-covid-19\/en\/\">[<\/a><a href=\"http:\/\/www.fightfoodcrises.net\/food-crises-and-covid-19\/en\/\" target=\"_blank\" rel=\"noopener\">6<\/a><a href=\"http:\/\/www.fightfoodcrises.net\/food-crises-and-covid-19\/en\/\">]<\/a>.\u00a0 L\u2019umanit\u00e0 \u00e8 di fronte ad un bivio. Siamo entrati nella <strong>sesta estinzione di massa<\/strong> della storia <a href=\"https:\/\/www.pnas.org\/content\/117\/24\/13596\">[<\/a><a href=\"https:\/\/www.pnas.org\/content\/117\/24\/13596\">7<\/a><a href=\"https:\/\/www.pnas.org\/content\/117\/24\/13596\">]<\/a> e le persone che stanno cercando di dirlo, oggi, vengono ripetutamente ricoperte di multe e denunce.<\/p>\n<p>Democrazia non \u00e8 votare una volta ogni 5 anni. Democrazia \u00e8 poter esprimere pacificamente il proprio dissenso su un tema che riguarda tutti, ma di cui si parla troppo poco.<\/p>\n<p>Questa vicenda riguarda ogni singolo cittadino. \u00c8 la storia di tutti coloro che ancora credono nel valore della partecipazione e del libero dissenso.<\/p>\n<p>Con Amore e Rabbia,<\/p>\n<p><em>Extinction Rebellion Torino <\/em><\/p>\n<p><strong>Link alla campagna crowdfunding<\/strong>: <a href=\"https:\/\/www.produzionidalbasso.com\/project\/multe-e-denunce-contro-chi-lotta-per-il-pianeta\/\">https:\/\/www.produzionidalbasso.com\/project\/multe<\/a><a href=\"https:\/\/www.produzionidalbasso.com\/project\/multe-e-denunce-contro-chi-lotta-per-il-pianeta\/\">&#8211;<\/a><a href=\"https:\/\/www.produzionidalbasso.com\/project\/multe-e-denunce-contro-chi-lotta-per-il-pianeta\/\">e<\/a><a href=\"https:\/\/www.produzionidalbasso.com\/project\/multe-e-denunce-contro-chi-lotta-per-il-pianeta\/\">denunce<\/a><a href=\"https:\/\/www.produzionidalbasso.com\/project\/multe-e-denunce-contro-chi-lotta-per-il-pianeta\/\">&#8211;<\/a><a href=\"https:\/\/www.produzionidalbasso.com\/project\/multe-e-denunce-contro-chi-lotta-per-il-pianeta\/\">contro<\/a><a href=\"https:\/\/www.produzionidalbasso.com\/project\/multe-e-denunce-contro-chi-lotta-per-il-pianeta\/\">&#8211;<\/a><a href=\"https:\/\/www.produzionidalbasso.com\/project\/multe-e-denunce-contro-chi-lotta-per-il-pianeta\/\">chi<\/a><a href=\"https:\/\/www.produzionidalbasso.com\/project\/multe-e-denunce-contro-chi-lotta-per-il-pianeta\/\">&#8211;<\/a><a href=\"https:\/\/www.produzionidalbasso.com\/project\/multe-e-denunce-contro-chi-lotta-per-il-pianeta\/\">lotta<\/a><a href=\"https:\/\/www.produzionidalbasso.com\/project\/multe-e-denunce-contro-chi-lotta-per-il-pianeta\/\">&#8211;<\/a><a href=\"https:\/\/www.produzionidalbasso.com\/project\/multe-e-denunce-contro-chi-lotta-per-il-pianeta\/\">per<\/a><a href=\"https:\/\/www.produzionidalbasso.com\/project\/multe-e-denunce-contro-chi-lotta-per-il-pianeta\/\">&#8211;<\/a><a href=\"https:\/\/www.produzionidalbasso.com\/project\/multe-e-denunce-contro-chi-lotta-per-il-pianeta\/\">il<\/a><a href=\"https:\/\/www.produzionidalbasso.com\/project\/multe-e-denunce-contro-chi-lotta-per-il-pianeta\/\">&#8211;<\/a><a href=\"https:\/\/www.produzionidalbasso.com\/project\/multe-e-denunce-contro-chi-lotta-per-il-pianeta\/\">pianeta\/<\/a><\/p>\n<p><iframe loading=\"lazy\" title=\"Multe e Denunce su XR Italia: la voce di chi le ha ricevute\" width=\"500\" height=\"281\" src=\"https:\/\/www.youtube.com\/embed\/KvCvY9UIOIk?feature=oembed\" frameborder=\"0\" allow=\"accelerometer; autoplay; clipboard-write; encrypted-media; gyroscope; picture-in-picture; web-share\" referrerpolicy=\"strict-origin-when-cross-origin\" allowfullscreen><\/iframe><\/p>\n<p>&nbsp;<\/p>\n","protected":false},"excerpt":{"rendered":"<p>A distanza di quasi un anno, sono state archiviate le denunce degli attivisti di Extinction Rebellion che a settembre 2020 si sono incatenati sulle colonne di Palazzo Reale a Torino Dopo quasi 10 mesi, \u00e8 finalmente arrivata la decisione del&hellip;<\/p>\n","protected":false},"author":1696,"featured_media":1404615,"comment_status":"closed","ping_status":"closed","sticky":false,"template":"","format":"standard","meta":{"footnotes":""},"categories":[150,59,47,1262],"tags":[76592],"class_list":["post-1404603","post","type-post","status-publish","format-standard","has-post-thumbnail","hentry","category-comunicati-stampa","category-ambiente-ecologia","category-europa","category-nonviolenza-argomento","tag-extinction-rebellion-torino"],"yoast_head":"<!-- This site is optimized with the Yoast SEO plugin v27.1.1 - https:\/\/yoast.com\/product\/yoast-seo-wordpress\/ -->\n<title>Torino - Il reato non sussiste: archiviate le denunce agli attivisti di Extinction Rebellion<\/title>\n<meta name=\"description\" content=\"A distanza di quasi un anno, sono state archiviate le denunce degli attivisti di Extinction Rebellion che a settembre 2020 si sono incatenati sulle\" \/>\n<meta name=\"robots\" content=\"index, follow, max-snippet:-1, max-image-preview:large, max-video-preview:-1\" \/>\n<link rel=\"canonical\" href=\"https:\/\/www.pressenza.com\/it\/2021\/07\/torino-il-reato-non-sussiste-archiviate-le-denunce-agli-attivisti-di-extinction-rebellion\/\" \/>\n<meta property=\"og:locale\" content=\"it_IT\" \/>\n<meta property=\"og:type\" content=\"article\" \/>\n<meta property=\"og:title\" content=\"Torino - Il reato non sussiste: archiviate le denunce agli attivisti di Extinction Rebellion\" \/>\n<meta property=\"og:description\" content=\"A distanza di quasi un anno, sono state archiviate le denunce degli attivisti di Extinction Rebellion che a settembre 2020 si sono incatenati sulle\" \/>\n<meta property=\"og:url\" content=\"https:\/\/www.pressenza.com\/it\/2021\/07\/torino-il-reato-non-sussiste-archiviate-le-denunce-agli-attivisti-di-extinction-rebellion\/\" \/>\n<meta property=\"og:site_name\" content=\"Pressenza\" \/>\n<meta property=\"article:publisher\" content=\"https:\/\/www.facebook.com\/PressenzaItalia\" \/>\n<meta property=\"article:published_time\" content=\"2021-07-24T10:48:54+00:00\" \/>\n<meta property=\"og:image\" content=\"https:\/\/www.pressenza.com\/wp-content\/uploads\/2021\/07\/ER20200918.jpg\" \/>\n\t<meta property=\"og:image:width\" content=\"1920\" \/>\n\t<meta property=\"og:image:height\" content=\"1280\" \/>\n\t<meta property=\"og:image:type\" content=\"image\/jpeg\" \/>\n<meta name=\"author\" content=\"Extinction Rebellion\" \/>\n<meta name=\"twitter:card\" content=\"summary_large_image\" \/>\n<meta name=\"twitter:creator\" content=\"@PressenzaIPA\" \/>\n<meta name=\"twitter:site\" content=\"@PressenzaIPA\" \/>\n<meta name=\"twitter:label1\" content=\"Scritto da\" \/>\n\t<meta name=\"twitter:data1\" content=\"Extinction Rebellion\" \/>\n\t<meta name=\"twitter:label2\" content=\"Tempo di lettura stimato\" \/>\n\t<meta name=\"twitter:data2\" content=\"4 minuti\" \/>\n<script type=\"application\/ld+json\" class=\"yoast-schema-graph\">{\"@context\":\"https:\/\/schema.org\",\"@graph\":[{\"@type\":\"Article\",\"@id\":\"https:\/\/www.pressenza.com\/it\/2021\/07\/torino-il-reato-non-sussiste-archiviate-le-denunce-agli-attivisti-di-extinction-rebellion\/#article\",\"isPartOf\":{\"@id\":\"https:\/\/www.pressenza.com\/it\/2021\/07\/torino-il-reato-non-sussiste-archiviate-le-denunce-agli-attivisti-di-extinction-rebellion\/\"},\"author\":{\"name\":\"Extinction Rebellion\",\"@id\":\"https:\/\/www.pressenza.com\/it\/#\/schema\/person\/469654e5f261458f78054b73ca6931aa\"},\"headline\":\"Torino &#8211; Il reato non sussiste: archiviate le denunce agli attivisti di Extinction Rebellion\",\"datePublished\":\"2021-07-24T10:48:54+00:00\",\"mainEntityOfPage\":{\"@id\":\"https:\/\/www.pressenza.com\/it\/2021\/07\/torino-il-reato-non-sussiste-archiviate-le-denunce-agli-attivisti-di-extinction-rebellion\/\"},\"wordCount\":755,\"publisher\":{\"@id\":\"https:\/\/www.pressenza.com\/it\/#organization\"},\"image\":{\"@id\":\"https:\/\/www.pressenza.com\/it\/2021\/07\/torino-il-reato-non-sussiste-archiviate-le-denunce-agli-attivisti-di-extinction-rebellion\/#primaryimage\"},\"thumbnailUrl\":\"https:\/\/www.pressenza.com\/wp-content\/uploads\/2021\/07\/ER20200918.jpg\",\"keywords\":[\"Extinction Rebellion Torino\"],\"articleSection\":[\"Comunicati Stampa\",\"Ecologia ed Ambiente\",\"Europa\",\"Nonviolenza\"],\"inLanguage\":\"it-IT\"},{\"@type\":\"WebPage\",\"@id\":\"https:\/\/www.pressenza.com\/it\/2021\/07\/torino-il-reato-non-sussiste-archiviate-le-denunce-agli-attivisti-di-extinction-rebellion\/\",\"url\":\"https:\/\/www.pressenza.com\/it\/2021\/07\/torino-il-reato-non-sussiste-archiviate-le-denunce-agli-attivisti-di-extinction-rebellion\/\",\"name\":\"Torino - Il reato non sussiste: archiviate le denunce agli attivisti di Extinction Rebellion\",\"isPartOf\":{\"@id\":\"https:\/\/www.pressenza.com\/it\/#website\"},\"primaryImageOfPage\":{\"@id\":\"https:\/\/www.pressenza.com\/it\/2021\/07\/torino-il-reato-non-sussiste-archiviate-le-denunce-agli-attivisti-di-extinction-rebellion\/#primaryimage\"},\"image\":{\"@id\":\"https:\/\/www.pressenza.com\/it\/2021\/07\/torino-il-reato-non-sussiste-archiviate-le-denunce-agli-attivisti-di-extinction-rebellion\/#primaryimage\"},\"thumbnailUrl\":\"https:\/\/www.pressenza.com\/wp-content\/uploads\/2021\/07\/ER20200918.jpg\",\"datePublished\":\"2021-07-24T10:48:54+00:00\",\"description\":\"A distanza di quasi un anno, sono state archiviate le denunce degli attivisti di Extinction Rebellion che a settembre 2020 si sono incatenati sulle\",\"breadcrumb\":{\"@id\":\"https:\/\/www.pressenza.com\/it\/2021\/07\/torino-il-reato-non-sussiste-archiviate-le-denunce-agli-attivisti-di-extinction-rebellion\/#breadcrumb\"},\"inLanguage\":\"it-IT\",\"potentialAction\":[{\"@type\":\"ReadAction\",\"target\":[\"https:\/\/www.pressenza.com\/it\/2021\/07\/torino-il-reato-non-sussiste-archiviate-le-denunce-agli-attivisti-di-extinction-rebellion\/\"]}]},{\"@type\":\"ImageObject\",\"inLanguage\":\"it-IT\",\"@id\":\"https:\/\/www.pressenza.com\/it\/2021\/07\/torino-il-reato-non-sussiste-archiviate-le-denunce-agli-attivisti-di-extinction-rebellion\/#primaryimage\",\"url\":\"https:\/\/www.pressenza.com\/wp-content\/uploads\/2021\/07\/ER20200918.jpg\",\"contentUrl\":\"https:\/\/www.pressenza.com\/wp-content\/uploads\/2021\/07\/ER20200918.jpg\",\"width\":1920,\"height\":1280},{\"@type\":\"BreadcrumbList\",\"@id\":\"https:\/\/www.pressenza.com\/it\/2021\/07\/torino-il-reato-non-sussiste-archiviate-le-denunce-agli-attivisti-di-extinction-rebellion\/#breadcrumb\",\"itemListElement\":[{\"@type\":\"ListItem\",\"position\":1,\"name\":\"Accueil\",\"item\":\"https:\/\/www.pressenza.com\/it\/\"},{\"@type\":\"ListItem\",\"position\":2,\"name\":\"Torino &#8211; Il reato non sussiste: archiviate le denunce agli attivisti di Extinction Rebellion\"}]},{\"@type\":\"WebSite\",\"@id\":\"https:\/\/www.pressenza.com\/it\/#website\",\"url\":\"https:\/\/www.pressenza.com\/it\/\",\"name\":\"Pressenza\",\"description\":\"Agenzia di Stampa Internazionale\",\"publisher\":{\"@id\":\"https:\/\/www.pressenza.com\/it\/#organization\"},\"potentialAction\":[{\"@type\":\"SearchAction\",\"target\":{\"@type\":\"EntryPoint\",\"urlTemplate\":\"https:\/\/www.pressenza.com\/it\/?s={search_term_string}\"},\"query-input\":{\"@type\":\"PropertyValueSpecification\",\"valueRequired\":true,\"valueName\":\"search_term_string\"}}],\"inLanguage\":\"it-IT\"},{\"@type\":\"Organization\",\"@id\":\"https:\/\/www.pressenza.com\/it\/#organization\",\"name\":\"Pressenza\",\"url\":\"https:\/\/www.pressenza.com\/it\/\",\"logo\":{\"@type\":\"ImageObject\",\"inLanguage\":\"it-IT\",\"@id\":\"https:\/\/www.pressenza.com\/it\/#\/schema\/logo\/image\/\",\"url\":\"https:\/\/www.pressenza.com\/wp-content\/uploads\/2022\/10\/pressenza_logo_200x200.jpg\",\"contentUrl\":\"https:\/\/www.pressenza.com\/wp-content\/uploads\/2022\/10\/pressenza_logo_200x200.jpg\",\"width\":200,\"height\":200,\"caption\":\"Pressenza\"},\"image\":{\"@id\":\"https:\/\/www.pressenza.com\/it\/#\/schema\/logo\/image\/\"},\"sameAs\":[\"https:\/\/www.facebook.com\/PressenzaItalia\",\"https:\/\/x.com\/PressenzaIPA\"]},{\"@type\":\"Person\",\"@id\":\"https:\/\/www.pressenza.com\/it\/#\/schema\/person\/469654e5f261458f78054b73ca6931aa\",\"name\":\"Extinction Rebellion\",\"description\":\"Extinction Rebellion (XR) \u00e8 un movimento internazionale \u201cdal basso\u201d, nonviolento, fondato in Inghilterra in risposta alla devastazione ambientale causata dalle attivit\u00e0 umane. La sua ragione d\u2019essere si basa sui risultati scientifici.\",\"sameAs\":[\"https:\/\/rebellion.earth\/\"],\"url\":\"https:\/\/www.pressenza.com\/it\/author\/extinction-rebellion\/\"}]}<\/script>\n<!-- \/ Yoast SEO plugin. -->","yoast_head_json":{"title":"Torino - Il reato non sussiste: archiviate le denunce agli attivisti di Extinction Rebellion","description":"A distanza di quasi un anno, sono state archiviate le denunce degli attivisti di Extinction Rebellion che a settembre 2020 si sono incatenati sulle","robots":{"index":"index","follow":"follow","max-snippet":"max-snippet:-1","max-image-preview":"max-image-preview:large","max-video-preview":"max-video-preview:-1"},"canonical":"https:\/\/www.pressenza.com\/it\/2021\/07\/torino-il-reato-non-sussiste-archiviate-le-denunce-agli-attivisti-di-extinction-rebellion\/","og_locale":"it_IT","og_type":"article","og_title":"Torino - Il reato non sussiste: archiviate le denunce agli attivisti di Extinction Rebellion","og_description":"A distanza di quasi un anno, sono state archiviate le denunce degli attivisti di Extinction Rebellion che a settembre 2020 si sono incatenati sulle","og_url":"https:\/\/www.pressenza.com\/it\/2021\/07\/torino-il-reato-non-sussiste-archiviate-le-denunce-agli-attivisti-di-extinction-rebellion\/","og_site_name":"Pressenza","article_publisher":"https:\/\/www.facebook.com\/PressenzaItalia","article_published_time":"2021-07-24T10:48:54+00:00","og_image":[{"width":1920,"height":1280,"url":"https:\/\/www.pressenza.com\/wp-content\/uploads\/2021\/07\/ER20200918.jpg","type":"image\/jpeg"}],"author":"Extinction Rebellion","twitter_card":"summary_large_image","twitter_creator":"@PressenzaIPA","twitter_site":"@PressenzaIPA","twitter_misc":{"Scritto da":"Extinction Rebellion","Tempo di lettura stimato":"4 minuti"},"schema":{"@context":"https:\/\/schema.org","@graph":[{"@type":"Article","@id":"https:\/\/www.pressenza.com\/it\/2021\/07\/torino-il-reato-non-sussiste-archiviate-le-denunce-agli-attivisti-di-extinction-rebellion\/#article","isPartOf":{"@id":"https:\/\/www.pressenza.com\/it\/2021\/07\/torino-il-reato-non-sussiste-archiviate-le-denunce-agli-attivisti-di-extinction-rebellion\/"},"author":{"name":"Extinction Rebellion","@id":"https:\/\/www.pressenza.com\/it\/#\/schema\/person\/469654e5f261458f78054b73ca6931aa"},"headline":"Torino &#8211; Il reato non sussiste: archiviate le denunce agli attivisti di Extinction Rebellion","datePublished":"2021-07-24T10:48:54+00:00","mainEntityOfPage":{"@id":"https:\/\/www.pressenza.com\/it\/2021\/07\/torino-il-reato-non-sussiste-archiviate-le-denunce-agli-attivisti-di-extinction-rebellion\/"},"wordCount":755,"publisher":{"@id":"https:\/\/www.pressenza.com\/it\/#organization"},"image":{"@id":"https:\/\/www.pressenza.com\/it\/2021\/07\/torino-il-reato-non-sussiste-archiviate-le-denunce-agli-attivisti-di-extinction-rebellion\/#primaryimage"},"thumbnailUrl":"https:\/\/www.pressenza.com\/wp-content\/uploads\/2021\/07\/ER20200918.jpg","keywords":["Extinction Rebellion Torino"],"articleSection":["Comunicati Stampa","Ecologia ed Ambiente","Europa","Nonviolenza"],"inLanguage":"it-IT"},{"@type":"WebPage","@id":"https:\/\/www.pressenza.com\/it\/2021\/07\/torino-il-reato-non-sussiste-archiviate-le-denunce-agli-attivisti-di-extinction-rebellion\/","url":"https:\/\/www.pressenza.com\/it\/2021\/07\/torino-il-reato-non-sussiste-archiviate-le-denunce-agli-attivisti-di-extinction-rebellion\/","name":"Torino - Il reato non sussiste: archiviate le denunce agli attivisti di Extinction Rebellion","isPartOf":{"@id":"https:\/\/www.pressenza.com\/it\/#website"},"primaryImageOfPage":{"@id":"https:\/\/www.pressenza.com\/it\/2021\/07\/torino-il-reato-non-sussiste-archiviate-le-denunce-agli-attivisti-di-extinction-rebellion\/#primaryimage"},"image":{"@id":"https:\/\/www.pressenza.com\/it\/2021\/07\/torino-il-reato-non-sussiste-archiviate-le-denunce-agli-attivisti-di-extinction-rebellion\/#primaryimage"},"thumbnailUrl":"https:\/\/www.pressenza.com\/wp-content\/uploads\/2021\/07\/ER20200918.jpg","datePublished":"2021-07-24T10:48:54+00:00","description":"A distanza di quasi un anno, sono state archiviate le denunce degli attivisti di Extinction Rebellion che a settembre 2020 si sono incatenati sulle","breadcrumb":{"@id":"https:\/\/www.pressenza.com\/it\/2021\/07\/torino-il-reato-non-sussiste-archiviate-le-denunce-agli-attivisti-di-extinction-rebellion\/#breadcrumb"},"inLanguage":"it-IT","potentialAction":[{"@type":"ReadAction","target":["https:\/\/www.pressenza.com\/it\/2021\/07\/torino-il-reato-non-sussiste-archiviate-le-denunce-agli-attivisti-di-extinction-rebellion\/"]}]},{"@type":"ImageObject","inLanguage":"it-IT","@id":"https:\/\/www.pressenza.com\/it\/2021\/07\/torino-il-reato-non-sussiste-archiviate-le-denunce-agli-attivisti-di-extinction-rebellion\/#primaryimage","url":"https:\/\/www.pressenza.com\/wp-content\/uploads\/2021\/07\/ER20200918.jpg","contentUrl":"https:\/\/www.pressenza.com\/wp-content\/uploads\/2021\/07\/ER20200918.jpg","width":1920,"height":1280},{"@type":"BreadcrumbList","@id":"https:\/\/www.pressenza.com\/it\/2021\/07\/torino-il-reato-non-sussiste-archiviate-le-denunce-agli-attivisti-di-extinction-rebellion\/#breadcrumb","itemListElement":[{"@type":"ListItem","position":1,"name":"Accueil","item":"https:\/\/www.pressenza.com\/it\/"},{"@type":"ListItem","position":2,"name":"Torino &#8211; Il reato non sussiste: archiviate le denunce agli attivisti di Extinction Rebellion"}]},{"@type":"WebSite","@id":"https:\/\/www.pressenza.com\/it\/#website","url":"https:\/\/www.pressenza.com\/it\/","name":"Pressenza","description":"Agenzia di Stampa Internazionale","publisher":{"@id":"https:\/\/www.pressenza.com\/it\/#organization"},"potentialAction":[{"@type":"SearchAction","target":{"@type":"EntryPoint","urlTemplate":"https:\/\/www.pressenza.com\/it\/?s={search_term_string}"},"query-input":{"@type":"PropertyValueSpecification","valueRequired":true,"valueName":"search_term_string"}}],"inLanguage":"it-IT"},{"@type":"Organization","@id":"https:\/\/www.pressenza.com\/it\/#organization","name":"Pressenza","url":"https:\/\/www.pressenza.com\/it\/","logo":{"@type":"ImageObject","inLanguage":"it-IT","@id":"https:\/\/www.pressenza.com\/it\/#\/schema\/logo\/image\/","url":"https:\/\/www.pressenza.com\/wp-content\/uploads\/2022\/10\/pressenza_logo_200x200.jpg","contentUrl":"https:\/\/www.pressenza.com\/wp-content\/uploads\/2022\/10\/pressenza_logo_200x200.jpg","width":200,"height":200,"caption":"Pressenza"},"image":{"@id":"https:\/\/www.pressenza.com\/it\/#\/schema\/logo\/image\/"},"sameAs":["https:\/\/www.facebook.com\/PressenzaItalia","https:\/\/x.com\/PressenzaIPA"]},{"@type":"Person","@id":"https:\/\/www.pressenza.com\/it\/#\/schema\/person\/469654e5f261458f78054b73ca6931aa","name":"Extinction Rebellion","description":"Extinction Rebellion (XR) \u00e8 un movimento internazionale \u201cdal basso\u201d, nonviolento, fondato in Inghilterra in risposta alla devastazione ambientale causata dalle attivit\u00e0 umane. La sua ragione d\u2019essere si basa sui risultati scientifici.","sameAs":["https:\/\/rebellion.earth\/"],"url":"https:\/\/www.pressenza.com\/it\/author\/extinction-rebellion\/"}]}},"place":"","original_article_url":"","_links":{"self":[{"href":"https:\/\/www.pressenza.com\/it\/wp-json\/wp\/v2\/posts\/1404603","targetHints":{"allow":["GET"]}}],"collection":[{"href":"https:\/\/www.pressenza.com\/it\/wp-json\/wp\/v2\/posts"}],"about":[{"href":"https:\/\/www.pressenza.com\/it\/wp-json\/wp\/v2\/types\/post"}],"author":[{"embeddable":true,"href":"https:\/\/www.pressenza.com\/it\/wp-json\/wp\/v2\/users\/1696"}],"replies":[{"embeddable":true,"href":"https:\/\/www.pressenza.com\/it\/wp-json\/wp\/v2\/comments?post=1404603"}],"version-history":[{"count":0,"href":"https:\/\/www.pressenza.com\/it\/wp-json\/wp\/v2\/posts\/1404603\/revisions"}],"wp:featuredmedia":[{"embeddable":true,"href":"https:\/\/www.pressenza.com\/it\/wp-json\/wp\/v2\/media\/1404615"}],"wp:attachment":[{"href":"https:\/\/www.pressenza.com\/it\/wp-json\/wp\/v2\/media?parent=1404603"}],"wp:term":[{"taxonomy":"category","embeddable":true,"href":"https:\/\/www.pressenza.com\/it\/wp-json\/wp\/v2\/categories?post=1404603"},{"taxonomy":"post_tag","embeddable":true,"href":"https:\/\/www.pressenza.com\/it\/wp-json\/wp\/v2\/tags?post=1404603"}],"curies":[{"name":"wp","href":"https:\/\/api.w.org\/{rel}","templated":true}]}}