{"id":1402746,"date":"2021-07-20T14:09:18","date_gmt":"2021-07-20T13:09:18","guid":{"rendered":"https:\/\/www.pressenza.com\/?p=1402746"},"modified":"2021-07-20T14:12:51","modified_gmt":"2021-07-20T13:12:51","slug":"genova-2001-quali-lezioni-abbiamo-appreso","status":"publish","type":"post","link":"https:\/\/www.pressenza.com\/it\/2021\/07\/genova-2001-quali-lezioni-abbiamo-appreso\/","title":{"rendered":"Genova 2001: quali lezioni abbiamo appreso"},"content":{"rendered":"<p><strong>Mercoled\u00ec 21 luglio 2021 alle 18,15<\/strong><\/p>\n<p><strong>I \u201cfatti di Genova\u201d del luglio 2001<\/strong>\u00a0sono una vicenda di tortura sistematica praticata nel nostro paese in epoca recente.\u00a0<strong>Una pagina buia della storia italiana<\/strong>, una ferita non ancora rimarginata. Sono seguiti numerosi processi, la cui caratteristica principale \u00e8 di avere ricostruito accuratamente i fatti, ma di non aver potuto accertare le responsabilit\u00e0 individuali di tutte le persone coinvolte perch\u00e9 un buon numero di queste non sono state identificate e, a quelle che lo sono state, di non avere potuto infliggere pene adeguate.<\/p>\n<p>Un passo avanti, per\u00a0<strong>Amnesty International<\/strong>, \u00e8 stata\u00a0<strong>l\u2019introduzione del reato di tortura nel codice penale<\/strong>: le numerose inchieste in corso nelle quali s\u2019ipotizzano incriminazioni per tortura e la prima condanna per tortura di un pubblico ufficiale confermano che ora la tortura si pu\u00f2 combattere in tribunale.<\/p>\n<p>Da un lato si \u00e8 fatto un passo avanti per superare l\u2019impunit\u00e0 di coloro che vengono identificati, ma dall\u2019altro nulla \u00e8 stato fatto per risolvere il problema della mancata identificazione di chi esercita abusi e violazioni nell\u2019ambito della gestione dell\u2019ordine pubblico.<\/p>\n<p><strong>Ne parleremo con:<\/strong><\/p>\n<p><em>Lorenzo Guadagnucci<\/em>, Comitato verit\u00e0 e giustizia per Genova<\/p>\n<p><em>Enrico Zucca<\/em>, Magistrato<\/p>\n<p><em>Fabio Anselmo<\/em>, Avvocato<\/p>\n<p><em>Ilaria Cucchi<\/em>, Presidente Associazione Stefano Cucchi Onlus<\/p>\n<p><em>Valentina Calderone<\/em>, Direttrice A Buon Diritto<\/p>\n<p><em>Antonio Marchesi<\/em>, Professore di Diritto internazionale nell\u2019Universit\u00e0 di Teramo<\/p>\n<p><em>Patrizio Gonnella<\/em>, Presidente Associazione Antigone<\/p>\n<p><em>Daniele Tissone<\/em>, Segretario Generale Nazionale SILP-CGIL Sindacato Italiano Lavoratori Polizia<\/p>\n<p><strong>Modera:<\/strong>\u00a0<em>Riccardo Noury<\/em>, Portavoce Amnesty International Italia<\/p>\n<p><strong>Introduce:<\/strong>\u00a0<em>Emanuele Russo,<\/em>\u00a0Presidente Amnesty International Italia<\/p>\n<p><strong><a href=\"https:\/\/www.facebook.com\/events\/347537383687629\/?acontext=%7B%22ref%22%3A%2252%22%2C%22action_history%22%3A%22%5b%7B%5C%22surface%5C%22%3A%5C%22share_link%5C%22%2C%5C%22mechanism%5C%22%3A%5C%22share_link%5C%22%2C%5C%22extra_data%5C%22%3A%7B%5C%22invite_link_id%5C%22%3A350256553164551%7D%7D%5d%22%7D\">Link<\/a> per seguire l\u2019evento in diretta streaming.<\/strong><\/p>\n<p><strong>\u00a0<\/strong><\/p>\n","protected":false},"excerpt":{"rendered":"<p>Mercoled\u00ec 21 luglio 2021 alle 18,15 I \u201cfatti di Genova\u201d del luglio 2001\u00a0sono una vicenda di tortura sistematica praticata nel nostro paese in epoca recente.\u00a0Una pagina buia della storia italiana, una ferita non ancora rimarginata. Sono seguiti numerosi processi, la&hellip;<\/p>\n","protected":false},"author":432,"featured_media":1402747,"comment_status":"closed","ping_status":"closed","sticky":false,"template":"","format":"standard","meta":{"footnotes":""},"categories":[150,60,47],"tags":[60545,10240,14724,93232],"class_list":["post-1402746","post","type-post","status-publish","format-standard","has-post-thumbnail","hentry","category-comunicati-stampa","category-diritti-umani","category-europa","tag-genova-2001","tag-processi","tag-reato-di-tortura","tag-violenze-della-polizia"],"yoast_head":"<!-- This site is optimized with the Yoast SEO plugin v27.1.1 - https:\/\/yoast.com\/product\/yoast-seo-wordpress\/ -->\n<title>Genova 2001: quali lezioni abbiamo appreso<\/title>\n<meta name=\"description\" content=\"Mercoled\u00ec 21 luglio 2021 alle 18,15 I \u201cfatti di Genova\u201d del luglio 2001\u00a0sono una vicenda di tortura sistematica praticata nel nostro paese in epoca\" \/>\n<meta name=\"robots\" content=\"index, follow, max-snippet:-1, max-image-preview:large, max-video-preview:-1\" \/>\n<link rel=\"canonical\" href=\"https:\/\/www.pressenza.com\/it\/2021\/07\/genova-2001-quali-lezioni-abbiamo-appreso\/\" \/>\n<meta property=\"og:locale\" content=\"it_IT\" \/>\n<meta property=\"og:type\" content=\"article\" \/>\n<meta property=\"og:title\" content=\"Genova 2001: quali lezioni abbiamo appreso\" \/>\n<meta property=\"og:description\" content=\"Mercoled\u00ec 21 luglio 2021 alle 18,15 I \u201cfatti di Genova\u201d del luglio 2001\u00a0sono una vicenda di tortura sistematica praticata nel nostro paese in epoca\" \/>\n<meta property=\"og:url\" content=\"https:\/\/www.pressenza.com\/it\/2021\/07\/genova-2001-quali-lezioni-abbiamo-appreso\/\" \/>\n<meta property=\"og:site_name\" content=\"Pressenza\" \/>\n<meta property=\"article:publisher\" content=\"https:\/\/www.facebook.com\/PressenzaItalia\" \/>\n<meta property=\"article:author\" content=\"https:\/\/www.facebook.com\/amnestyglobal\" \/>\n<meta property=\"article:published_time\" content=\"2021-07-20T13:09:18+00:00\" \/>\n<meta property=\"article:modified_time\" content=\"2021-07-20T13:12:51+00:00\" \/>\n<meta property=\"og:image\" content=\"https:\/\/www.pressenza.com\/wp-content\/uploads\/2021\/07\/Genova-conferenza-AI.jpg\" \/>\n\t<meta property=\"og:image:width\" content=\"1707\" \/>\n\t<meta property=\"og:image:height\" content=\"960\" \/>\n\t<meta property=\"og:image:type\" content=\"image\/jpeg\" \/>\n<meta name=\"author\" content=\"Amnesty International\" \/>\n<meta name=\"twitter:card\" content=\"summary_large_image\" \/>\n<meta name=\"twitter:creator\" content=\"@amnesty\" \/>\n<meta name=\"twitter:site\" content=\"@PressenzaIPA\" \/>\n<meta name=\"twitter:label1\" content=\"Scritto da\" \/>\n\t<meta name=\"twitter:data1\" content=\"Amnesty International\" \/>\n\t<meta name=\"twitter:label2\" content=\"Tempo di lettura stimato\" \/>\n\t<meta name=\"twitter:data2\" content=\"1 minuto\" \/>\n<script type=\"application\/ld+json\" class=\"yoast-schema-graph\">{\"@context\":\"https:\/\/schema.org\",\"@graph\":[{\"@type\":\"Article\",\"@id\":\"https:\/\/www.pressenza.com\/it\/2021\/07\/genova-2001-quali-lezioni-abbiamo-appreso\/#article\",\"isPartOf\":{\"@id\":\"https:\/\/www.pressenza.com\/it\/2021\/07\/genova-2001-quali-lezioni-abbiamo-appreso\/\"},\"author\":{\"name\":\"Amnesty International\",\"@id\":\"https:\/\/www.pressenza.com\/it\/#\/schema\/person\/9b981b05c7ecf09292e6acb3223b2d9d\"},\"headline\":\"Genova 2001: quali lezioni abbiamo appreso\",\"datePublished\":\"2021-07-20T13:09:18+00:00\",\"dateModified\":\"2021-07-20T13:12:51+00:00\",\"mainEntityOfPage\":{\"@id\":\"https:\/\/www.pressenza.com\/it\/2021\/07\/genova-2001-quali-lezioni-abbiamo-appreso\/\"},\"wordCount\":258,\"publisher\":{\"@id\":\"https:\/\/www.pressenza.com\/it\/#organization\"},\"image\":{\"@id\":\"https:\/\/www.pressenza.com\/it\/2021\/07\/genova-2001-quali-lezioni-abbiamo-appreso\/#primaryimage\"},\"thumbnailUrl\":\"https:\/\/www.pressenza.com\/wp-content\/uploads\/2021\/07\/Genova-conferenza-AI.jpg\",\"keywords\":[\"Genova 2001\",\"processi\",\"reato di tortura\",\"violenze della polizia\"],\"articleSection\":[\"Comunicati Stampa\",\"Diritti Umani\",\"Europa\"],\"inLanguage\":\"it-IT\"},{\"@type\":\"WebPage\",\"@id\":\"https:\/\/www.pressenza.com\/it\/2021\/07\/genova-2001-quali-lezioni-abbiamo-appreso\/\",\"url\":\"https:\/\/www.pressenza.com\/it\/2021\/07\/genova-2001-quali-lezioni-abbiamo-appreso\/\",\"name\":\"Genova 2001: quali lezioni abbiamo appreso\",\"isPartOf\":{\"@id\":\"https:\/\/www.pressenza.com\/it\/#website\"},\"primaryImageOfPage\":{\"@id\":\"https:\/\/www.pressenza.com\/it\/2021\/07\/genova-2001-quali-lezioni-abbiamo-appreso\/#primaryimage\"},\"image\":{\"@id\":\"https:\/\/www.pressenza.com\/it\/2021\/07\/genova-2001-quali-lezioni-abbiamo-appreso\/#primaryimage\"},\"thumbnailUrl\":\"https:\/\/www.pressenza.com\/wp-content\/uploads\/2021\/07\/Genova-conferenza-AI.jpg\",\"datePublished\":\"2021-07-20T13:09:18+00:00\",\"dateModified\":\"2021-07-20T13:12:51+00:00\",\"description\":\"Mercoled\u00ec 21 luglio 2021 alle 18,15 I \u201cfatti di Genova\u201d del luglio 2001\u00a0sono una vicenda di tortura sistematica praticata nel nostro paese in epoca\",\"breadcrumb\":{\"@id\":\"https:\/\/www.pressenza.com\/it\/2021\/07\/genova-2001-quali-lezioni-abbiamo-appreso\/#breadcrumb\"},\"inLanguage\":\"it-IT\",\"potentialAction\":[{\"@type\":\"ReadAction\",\"target\":[\"https:\/\/www.pressenza.com\/it\/2021\/07\/genova-2001-quali-lezioni-abbiamo-appreso\/\"]}]},{\"@type\":\"ImageObject\",\"inLanguage\":\"it-IT\",\"@id\":\"https:\/\/www.pressenza.com\/it\/2021\/07\/genova-2001-quali-lezioni-abbiamo-appreso\/#primaryimage\",\"url\":\"https:\/\/www.pressenza.com\/wp-content\/uploads\/2021\/07\/Genova-conferenza-AI.jpg\",\"contentUrl\":\"https:\/\/www.pressenza.com\/wp-content\/uploads\/2021\/07\/Genova-conferenza-AI.jpg\",\"width\":1707,\"height\":960},{\"@type\":\"BreadcrumbList\",\"@id\":\"https:\/\/www.pressenza.com\/it\/2021\/07\/genova-2001-quali-lezioni-abbiamo-appreso\/#breadcrumb\",\"itemListElement\":[{\"@type\":\"ListItem\",\"position\":1,\"name\":\"Accueil\",\"item\":\"https:\/\/www.pressenza.com\/it\/\"},{\"@type\":\"ListItem\",\"position\":2,\"name\":\"Genova 2001: quali lezioni abbiamo appreso\"}]},{\"@type\":\"WebSite\",\"@id\":\"https:\/\/www.pressenza.com\/it\/#website\",\"url\":\"https:\/\/www.pressenza.com\/it\/\",\"name\":\"Pressenza\",\"description\":\"Agenzia di Stampa Internazionale\",\"publisher\":{\"@id\":\"https:\/\/www.pressenza.com\/it\/#organization\"},\"potentialAction\":[{\"@type\":\"SearchAction\",\"target\":{\"@type\":\"EntryPoint\",\"urlTemplate\":\"https:\/\/www.pressenza.com\/it\/?s={search_term_string}\"},\"query-input\":{\"@type\":\"PropertyValueSpecification\",\"valueRequired\":true,\"valueName\":\"search_term_string\"}}],\"inLanguage\":\"it-IT\"},{\"@type\":\"Organization\",\"@id\":\"https:\/\/www.pressenza.com\/it\/#organization\",\"name\":\"Pressenza\",\"url\":\"https:\/\/www.pressenza.com\/it\/\",\"logo\":{\"@type\":\"ImageObject\",\"inLanguage\":\"it-IT\",\"@id\":\"https:\/\/www.pressenza.com\/it\/#\/schema\/logo\/image\/\",\"url\":\"https:\/\/www.pressenza.com\/wp-content\/uploads\/2022\/10\/pressenza_logo_200x200.jpg\",\"contentUrl\":\"https:\/\/www.pressenza.com\/wp-content\/uploads\/2022\/10\/pressenza_logo_200x200.jpg\",\"width\":200,\"height\":200,\"caption\":\"Pressenza\"},\"image\":{\"@id\":\"https:\/\/www.pressenza.com\/it\/#\/schema\/logo\/image\/\"},\"sameAs\":[\"https:\/\/www.facebook.com\/PressenzaItalia\",\"https:\/\/x.com\/PressenzaIPA\"]},{\"@type\":\"Person\",\"@id\":\"https:\/\/www.pressenza.com\/it\/#\/schema\/person\/9b981b05c7ecf09292e6acb3223b2d9d\",\"name\":\"Amnesty International\",\"description\":\"Amnesty International is a global movement of more than 3 million supporters, members and activists in over 150 countries and territories who campaign to end grave abuses of human rights. Our vision is for every person to enjoy all the rights enshrined in the Universal Declaration of Human Rights and other international human rights standards. www.amnesty.org\",\"sameAs\":[\"http:\/\/www.amnesty.it\",\"https:\/\/www.facebook.com\/amnestyglobal\",\"https:\/\/x.com\/amnesty\"],\"url\":\"https:\/\/www.pressenza.com\/it\/author\/amnesty-international\/\"}]}<\/script>\n<!-- \/ Yoast SEO plugin. -->","yoast_head_json":{"title":"Genova 2001: quali lezioni abbiamo appreso","description":"Mercoled\u00ec 21 luglio 2021 alle 18,15 I \u201cfatti di Genova\u201d del luglio 2001\u00a0sono una vicenda di tortura sistematica praticata nel nostro paese in epoca","robots":{"index":"index","follow":"follow","max-snippet":"max-snippet:-1","max-image-preview":"max-image-preview:large","max-video-preview":"max-video-preview:-1"},"canonical":"https:\/\/www.pressenza.com\/it\/2021\/07\/genova-2001-quali-lezioni-abbiamo-appreso\/","og_locale":"it_IT","og_type":"article","og_title":"Genova 2001: quali lezioni abbiamo appreso","og_description":"Mercoled\u00ec 21 luglio 2021 alle 18,15 I \u201cfatti di Genova\u201d del luglio 2001\u00a0sono una vicenda di tortura sistematica praticata nel nostro paese in epoca","og_url":"https:\/\/www.pressenza.com\/it\/2021\/07\/genova-2001-quali-lezioni-abbiamo-appreso\/","og_site_name":"Pressenza","article_publisher":"https:\/\/www.facebook.com\/PressenzaItalia","article_author":"https:\/\/www.facebook.com\/amnestyglobal","article_published_time":"2021-07-20T13:09:18+00:00","article_modified_time":"2021-07-20T13:12:51+00:00","og_image":[{"width":1707,"height":960,"url":"https:\/\/www.pressenza.com\/wp-content\/uploads\/2021\/07\/Genova-conferenza-AI.jpg","type":"image\/jpeg"}],"author":"Amnesty International","twitter_card":"summary_large_image","twitter_creator":"@amnesty","twitter_site":"@PressenzaIPA","twitter_misc":{"Scritto da":"Amnesty International","Tempo di lettura stimato":"1 minuto"},"schema":{"@context":"https:\/\/schema.org","@graph":[{"@type":"Article","@id":"https:\/\/www.pressenza.com\/it\/2021\/07\/genova-2001-quali-lezioni-abbiamo-appreso\/#article","isPartOf":{"@id":"https:\/\/www.pressenza.com\/it\/2021\/07\/genova-2001-quali-lezioni-abbiamo-appreso\/"},"author":{"name":"Amnesty International","@id":"https:\/\/www.pressenza.com\/it\/#\/schema\/person\/9b981b05c7ecf09292e6acb3223b2d9d"},"headline":"Genova 2001: quali lezioni abbiamo appreso","datePublished":"2021-07-20T13:09:18+00:00","dateModified":"2021-07-20T13:12:51+00:00","mainEntityOfPage":{"@id":"https:\/\/www.pressenza.com\/it\/2021\/07\/genova-2001-quali-lezioni-abbiamo-appreso\/"},"wordCount":258,"publisher":{"@id":"https:\/\/www.pressenza.com\/it\/#organization"},"image":{"@id":"https:\/\/www.pressenza.com\/it\/2021\/07\/genova-2001-quali-lezioni-abbiamo-appreso\/#primaryimage"},"thumbnailUrl":"https:\/\/www.pressenza.com\/wp-content\/uploads\/2021\/07\/Genova-conferenza-AI.jpg","keywords":["Genova 2001","processi","reato di tortura","violenze della polizia"],"articleSection":["Comunicati Stampa","Diritti Umani","Europa"],"inLanguage":"it-IT"},{"@type":"WebPage","@id":"https:\/\/www.pressenza.com\/it\/2021\/07\/genova-2001-quali-lezioni-abbiamo-appreso\/","url":"https:\/\/www.pressenza.com\/it\/2021\/07\/genova-2001-quali-lezioni-abbiamo-appreso\/","name":"Genova 2001: quali lezioni abbiamo appreso","isPartOf":{"@id":"https:\/\/www.pressenza.com\/it\/#website"},"primaryImageOfPage":{"@id":"https:\/\/www.pressenza.com\/it\/2021\/07\/genova-2001-quali-lezioni-abbiamo-appreso\/#primaryimage"},"image":{"@id":"https:\/\/www.pressenza.com\/it\/2021\/07\/genova-2001-quali-lezioni-abbiamo-appreso\/#primaryimage"},"thumbnailUrl":"https:\/\/www.pressenza.com\/wp-content\/uploads\/2021\/07\/Genova-conferenza-AI.jpg","datePublished":"2021-07-20T13:09:18+00:00","dateModified":"2021-07-20T13:12:51+00:00","description":"Mercoled\u00ec 21 luglio 2021 alle 18,15 I \u201cfatti di Genova\u201d del luglio 2001\u00a0sono una vicenda di tortura sistematica praticata nel nostro paese in epoca","breadcrumb":{"@id":"https:\/\/www.pressenza.com\/it\/2021\/07\/genova-2001-quali-lezioni-abbiamo-appreso\/#breadcrumb"},"inLanguage":"it-IT","potentialAction":[{"@type":"ReadAction","target":["https:\/\/www.pressenza.com\/it\/2021\/07\/genova-2001-quali-lezioni-abbiamo-appreso\/"]}]},{"@type":"ImageObject","inLanguage":"it-IT","@id":"https:\/\/www.pressenza.com\/it\/2021\/07\/genova-2001-quali-lezioni-abbiamo-appreso\/#primaryimage","url":"https:\/\/www.pressenza.com\/wp-content\/uploads\/2021\/07\/Genova-conferenza-AI.jpg","contentUrl":"https:\/\/www.pressenza.com\/wp-content\/uploads\/2021\/07\/Genova-conferenza-AI.jpg","width":1707,"height":960},{"@type":"BreadcrumbList","@id":"https:\/\/www.pressenza.com\/it\/2021\/07\/genova-2001-quali-lezioni-abbiamo-appreso\/#breadcrumb","itemListElement":[{"@type":"ListItem","position":1,"name":"Accueil","item":"https:\/\/www.pressenza.com\/it\/"},{"@type":"ListItem","position":2,"name":"Genova 2001: quali lezioni abbiamo appreso"}]},{"@type":"WebSite","@id":"https:\/\/www.pressenza.com\/it\/#website","url":"https:\/\/www.pressenza.com\/it\/","name":"Pressenza","description":"Agenzia di Stampa Internazionale","publisher":{"@id":"https:\/\/www.pressenza.com\/it\/#organization"},"potentialAction":[{"@type":"SearchAction","target":{"@type":"EntryPoint","urlTemplate":"https:\/\/www.pressenza.com\/it\/?s={search_term_string}"},"query-input":{"@type":"PropertyValueSpecification","valueRequired":true,"valueName":"search_term_string"}}],"inLanguage":"it-IT"},{"@type":"Organization","@id":"https:\/\/www.pressenza.com\/it\/#organization","name":"Pressenza","url":"https:\/\/www.pressenza.com\/it\/","logo":{"@type":"ImageObject","inLanguage":"it-IT","@id":"https:\/\/www.pressenza.com\/it\/#\/schema\/logo\/image\/","url":"https:\/\/www.pressenza.com\/wp-content\/uploads\/2022\/10\/pressenza_logo_200x200.jpg","contentUrl":"https:\/\/www.pressenza.com\/wp-content\/uploads\/2022\/10\/pressenza_logo_200x200.jpg","width":200,"height":200,"caption":"Pressenza"},"image":{"@id":"https:\/\/www.pressenza.com\/it\/#\/schema\/logo\/image\/"},"sameAs":["https:\/\/www.facebook.com\/PressenzaItalia","https:\/\/x.com\/PressenzaIPA"]},{"@type":"Person","@id":"https:\/\/www.pressenza.com\/it\/#\/schema\/person\/9b981b05c7ecf09292e6acb3223b2d9d","name":"Amnesty International","description":"Amnesty International is a global movement of more than 3 million supporters, members and activists in over 150 countries and territories who campaign to end grave abuses of human rights. Our vision is for every person to enjoy all the rights enshrined in the Universal Declaration of Human Rights and other international human rights standards. www.amnesty.org","sameAs":["http:\/\/www.amnesty.it","https:\/\/www.facebook.com\/amnestyglobal","https:\/\/x.com\/amnesty"],"url":"https:\/\/www.pressenza.com\/it\/author\/amnesty-international\/"}]}},"place":"","original_article_url":"","_links":{"self":[{"href":"https:\/\/www.pressenza.com\/it\/wp-json\/wp\/v2\/posts\/1402746","targetHints":{"allow":["GET"]}}],"collection":[{"href":"https:\/\/www.pressenza.com\/it\/wp-json\/wp\/v2\/posts"}],"about":[{"href":"https:\/\/www.pressenza.com\/it\/wp-json\/wp\/v2\/types\/post"}],"author":[{"embeddable":true,"href":"https:\/\/www.pressenza.com\/it\/wp-json\/wp\/v2\/users\/432"}],"replies":[{"embeddable":true,"href":"https:\/\/www.pressenza.com\/it\/wp-json\/wp\/v2\/comments?post=1402746"}],"version-history":[{"count":0,"href":"https:\/\/www.pressenza.com\/it\/wp-json\/wp\/v2\/posts\/1402746\/revisions"}],"wp:featuredmedia":[{"embeddable":true,"href":"https:\/\/www.pressenza.com\/it\/wp-json\/wp\/v2\/media\/1402747"}],"wp:attachment":[{"href":"https:\/\/www.pressenza.com\/it\/wp-json\/wp\/v2\/media?parent=1402746"}],"wp:term":[{"taxonomy":"category","embeddable":true,"href":"https:\/\/www.pressenza.com\/it\/wp-json\/wp\/v2\/categories?post=1402746"},{"taxonomy":"post_tag","embeddable":true,"href":"https:\/\/www.pressenza.com\/it\/wp-json\/wp\/v2\/tags?post=1402746"}],"curies":[{"name":"wp","href":"https:\/\/api.w.org\/{rel}","templated":true}]}}