{"id":13981,"date":"2012-08-16T13:40:41","date_gmt":"2012-08-16T13:40:41","guid":{"rendered":"http:\/\/www.pressenza.com\/?p=13981"},"modified":"2012-08-26T13:42:58","modified_gmt":"2012-08-26T13:42:58","slug":"rsf-lettera-aperta-alla-opposizione-siriana-circa-gli-attacchi-ai-media-favorevoli-al-governo","status":"publish","type":"post","link":"https:\/\/www.pressenza.com\/it\/2012\/08\/rsf-lettera-aperta-alla-opposizione-siriana-circa-gli-attacchi-ai-media-favorevoli-al-governo\/","title":{"rendered":"RSF: Lettera aperta alla Opposizione Siriana circa gli attacchi ai media favorevoli al governo"},"content":{"rendered":"<p>[media-credit id=524 align=&#8221;alignleft&#8221; width=&#8221;230&#8243;]<a href=\"http:\/\/www.pressenza.com\/it\/2012\/08\/giornalista-giapponese-uccisa-ad-aleppo-due-reporter-del-canale-televisivo-al-hurra-dispersi\/logo-rsf-fr\/\" rel=\"attachment wp-att-13980\"><img loading=\"lazy\" decoding=\"async\" class=\"size-full wp-image-13980\" title=\"logo-rsf-fr\" src=\"http:\/\/www.pressenza.com\/wp-content\/uploads\/2012\/08\/logo-rsf-fr.png\" alt=\"\" width=\"230\" height=\"68\" \/><\/a>[\/media-credit]Appello del Direttore generale di RSF all&#8217;opposizione siriana<\/p>\n<p>All\u2019attenzione di::<br \/>\nRiyad Al Asaad \u2013 Esercito Siriano Libero<br \/>\nAbdel Basset Sayda \u2013 CNS<br \/>\nCc\u00a0: \u201cAmici della Siria\u201d<br \/>\n<strong>Oggetto: Crescenti attacchi contro i media ufficiali e azioni contro il loro personale<\/strong><br \/>\nEgregi Signori,<br \/>\nReporter senza frontiere, organizzazione internazionale per la difesa della libert\u00e0 d\u2019informazione, vorrebbe farvi partecipi della sua pi\u00f9 viva preoccupazione di fronte al moltiplicarsi di atti di violenza perpetrati contro giornalisti siriani, compresi quelli che lavorano nei media ufficiali o favorevoli al regime in Siria.<br \/>\nCome certo saprete la nostra organizzazione ha denunciato da due decenni la mano di ferro del clan Assad sull\u2019informazione nel vostro paese. Fin dall\u2019inizio dell\u2019insurrezione, nel marzo del 2011, abbiamo condannato con forza le azioni compiute dalle milizie del regime di\u00a0 Bashar al-Assad contro i giornalisti, professionisti o cybergiornalisti, locali o stranieri che tentavano di dare notizia delle manifestazioni dell\u2019opposizione e della loro repressione. Ci sforziamo di sostenere, moralmente e materialmente, coloro che lottano per fare il loro dovere d\u2019informazione e superare il blocco mediatico che il regime ha messo in campo. Abbiamo pi\u00f9 volte portato all\u2019attenzione della comunit\u00e0 internazionale le numerose violazioni dei diritti umani in Siria e in particolare il livello di censura che le autorit\u00e0 attuano.<br \/>\nMa da varie settimane la nostra organizzazione ha registrato un numero crescente di violazioni della libert\u00e0 d\u2019informazione da parte delle forze che combattono il regime, Gli impiegati dei media favorevoli al governo sono sempre pi\u00f9 spesso il bersaglio di rapimenti e di assassinii mirati: l\u2019esecuzione, il 3 agosto, del presentatore Mohammad Al Sa\u00efd, rapito a casa sua a met\u00e0 luglio, \u00e8 stata rivendicata dal gruppo islamico Al-Nosra. il 5 agosto, Talal Janbakeli, cameraman della TV ufficiale siriana, \u00e8 stato rapito a Damasco dalla katiba Haroun Al-Rachid dell\u2019Esercito Siriano Libero. Il 10 agosto una troupe del canale privato filogovernativo Al-Ikhbariya \u00e8 stata fatta prigioniera da un altro gruppo dell\u2019Esercito Libero; dalle informazioni in nostro possesso uno dei suoi membri sarebbe morto mentre i suoi colleghi sono stati costretti a fare \u201cconfessioni\u201d davanti a una telecamera. Il giorno dopo il giornalista Ali Abbas, del\u2019agenzia stampa ufficiale Sana, \u00e8 stato ucciso a casa sua a Jdaidet Artouz. Dalla fine di giugno i locali di numerosi media di stato o filogovernativi sono strati colpiti da attentati dinamitardi.<br \/>\nMolti giornalisti stranieri ci hanno dichiarato di essere stati vittime di minacce di morte da parte di gruppi dell\u2019opposizione. Alcuni sono stati rapiti da gruppi jiadisti. Queste pratiche ricordano tristemente quelle impiegate dal\u00a0 regime de Bashar Al-Assad contro i giornalisti d\u2019opposizione.<br \/>\nAbbiamo coscienza della diversit\u00e0 dell\u2019opposizione siriana: In ogni caso, come rappresentanti supremi delle componenti principali vi chiediamo di condannare pubblicamente queste azioni e di mettere in moto le inchieste necessarie a punirle. La vostra condizione di belligeranti, come quella di persone che aspirano ad una transizione vi obbligano a rispettare il diritto internazionale e ad imporlo alle varie forze d\u2019opposizione, civili o militari. Le convenzioni e i regolamenti internazionali, in particolare la risoluzione 1738 del Consiglio di Sicurezza dell\u2019ONU, impongono a tutte le parti in conflitto di proteggere i professionisti dell\u2019informazione. Condanniamo nel modo pi\u00f9 fermo la diffusione da parte dei media di messaggi di propaganda che incitino all\u2019odio e alla violenza contro la popolazione civile. In nessun caso i giornalisti o i cibergiornalisti debbono essere bersagli. La loro integrit\u00e0 fisica e la loro dignit\u00e0 debbono essere rispettate in modo da poter difendere la libert\u00e0 d\u2019informazione.<br \/>\nL\u2019Esercito Siriano Libero e le altre componenti dell\u2019opposizione debbono liberare immediatamente e senza condizioni i giornalisti e i collaboratori dei media nelle loro mani, tra cui i membri della troupe di Al-Ikhbariya presi prigionieri il 10 agosto. Debbono immediatamente cessare le pratiche degradanti nei confronti dei giornalisti detenuti, costretti a fare dichiarazioni visibilmente estrorte con la minaccia.<br \/>\nAzioni del genere non sono semplicemente contrarie al rispetto dei Diritti Umani e alle vostre responsabilit\u00e0 internazionali. Sono anche controproducenti in quanto nuocciono all\u2019immagine dell\u2019opposizione siriana, sia rispetto alla popolazione che rispetto ai suoi sostenitori internazionali.<br \/>\nVi ringrazio in anticipo per l\u2019attenzione che darete a questa lettera e vi prego di accettare i miei cordiali saluti<br \/>\n<strong>Christophe Deloire<\/strong><br \/>\n<strong> Direttore generale di RSF<\/strong><\/p>\n","protected":false},"excerpt":{"rendered":"<p>[media-credit id=524 align=&#8221;alignleft&#8221; width=&#8221;230&#8243;][\/media-credit]Appello del Direttore generale di RSF all&#8217;opposizione siriana All\u2019attenzione di:: Riyad Al Asaad \u2013 Esercito Siriano Libero Abdel Basset Sayda \u2013 CNS Cc\u00a0: \u201cAmici della Siria\u201d Oggetto: Crescenti attacchi contro i media ufficiali e azioni contro il&hellip;<\/p>\n","protected":false},"author":10,"featured_media":0,"comment_status":"closed","ping_status":"open","sticky":false,"template":"","format":"standard","meta":{"footnotes":""},"categories":[150,60,52],"tags":[367,369,368,234],"class_list":["post-13981","post","type-post","status-publish","format-standard","hentry","category-comunicati-stampa","category-diritti-umani","category-medio-oriente","tag-giornalisti","tag-opposizione-it","tag-rsf","tag-siria-it"],"yoast_head":"<!-- This site is optimized with the Yoast SEO plugin v27.1.1 - https:\/\/yoast.com\/product\/yoast-seo-wordpress\/ -->\n<title>RSF: Lettera aperta alla Opposizione Siriana circa gli attacchi ai media favorevoli al governo<\/title>\n<meta name=\"description\" content=\"Appello del Direttore generale di RSF all&#039;opposizione siriana All\u2019attenzione di:: Riyad Al Asaad \u2013 Esercito Siriano Libero Abdel Basset Sayda \u2013 CNS Cc\u00a0:\" \/>\n<meta name=\"robots\" content=\"index, follow, max-snippet:-1, max-image-preview:large, max-video-preview:-1\" \/>\n<link rel=\"canonical\" href=\"https:\/\/www.pressenza.com\/it\/2012\/08\/rsf-lettera-aperta-alla-opposizione-siriana-circa-gli-attacchi-ai-media-favorevoli-al-governo\/\" \/>\n<meta property=\"og:locale\" content=\"it_IT\" \/>\n<meta property=\"og:type\" content=\"article\" \/>\n<meta property=\"og:title\" content=\"RSF: Lettera aperta alla Opposizione Siriana circa gli attacchi ai media favorevoli al governo\" \/>\n<meta property=\"og:description\" content=\"Appello del Direttore generale di RSF all&#039;opposizione siriana All\u2019attenzione di:: Riyad Al Asaad \u2013 Esercito Siriano Libero Abdel Basset Sayda \u2013 CNS Cc\u00a0:\" \/>\n<meta property=\"og:url\" content=\"https:\/\/www.pressenza.com\/it\/2012\/08\/rsf-lettera-aperta-alla-opposizione-siriana-circa-gli-attacchi-ai-media-favorevoli-al-governo\/\" \/>\n<meta property=\"og:site_name\" content=\"Pressenza\" \/>\n<meta property=\"article:publisher\" content=\"https:\/\/www.facebook.com\/PressenzaItalia\" \/>\n<meta property=\"article:published_time\" content=\"2012-08-16T13:40:41+00:00\" \/>\n<meta property=\"article:modified_time\" content=\"2012-08-26T13:42:58+00:00\" \/>\n<meta property=\"og:image\" content=\"https:\/\/www.pressenza.com\/wp-content\/uploads\/2012\/08\/logo-rsf-fr.png\" \/>\n\t<meta property=\"og:image:width\" content=\"230\" \/>\n\t<meta property=\"og:image:height\" content=\"68\" \/>\n\t<meta property=\"og:image:type\" content=\"image\/png\" \/>\n<meta name=\"author\" content=\"Olivier Turquet\" \/>\n<meta name=\"twitter:card\" content=\"summary_large_image\" \/>\n<meta name=\"twitter:creator\" content=\"@PressenzaIPA\" \/>\n<meta name=\"twitter:site\" content=\"@PressenzaIPA\" \/>\n<meta name=\"twitter:label1\" content=\"Scritto da\" \/>\n\t<meta name=\"twitter:data1\" content=\"Olivier Turquet\" \/>\n\t<meta name=\"twitter:label2\" content=\"Tempo di lettura stimato\" \/>\n\t<meta name=\"twitter:data2\" content=\"4 minuti\" \/>\n<script type=\"application\/ld+json\" class=\"yoast-schema-graph\">{\"@context\":\"https:\/\/schema.org\",\"@graph\":[{\"@type\":\"Article\",\"@id\":\"https:\/\/www.pressenza.com\/it\/2012\/08\/rsf-lettera-aperta-alla-opposizione-siriana-circa-gli-attacchi-ai-media-favorevoli-al-governo\/#article\",\"isPartOf\":{\"@id\":\"https:\/\/www.pressenza.com\/it\/2012\/08\/rsf-lettera-aperta-alla-opposizione-siriana-circa-gli-attacchi-ai-media-favorevoli-al-governo\/\"},\"author\":{\"name\":\"Olivier Turquet\",\"@id\":\"https:\/\/www.pressenza.com\/it\/#\/schema\/person\/636f8feb51f63f34e7378d5fcdd1de53\"},\"headline\":\"RSF: Lettera aperta alla Opposizione Siriana circa gli attacchi ai media favorevoli al governo\",\"datePublished\":\"2012-08-16T13:40:41+00:00\",\"dateModified\":\"2012-08-26T13:42:58+00:00\",\"mainEntityOfPage\":{\"@id\":\"https:\/\/www.pressenza.com\/it\/2012\/08\/rsf-lettera-aperta-alla-opposizione-siriana-circa-gli-attacchi-ai-media-favorevoli-al-governo\/\"},\"wordCount\":719,\"publisher\":{\"@id\":\"https:\/\/www.pressenza.com\/it\/#organization\"},\"image\":{\"@id\":\"https:\/\/www.pressenza.com\/it\/2012\/08\/rsf-lettera-aperta-alla-opposizione-siriana-circa-gli-attacchi-ai-media-favorevoli-al-governo\/#primaryimage\"},\"thumbnailUrl\":\"http:\/\/www.pressenza.com\/wp-content\/uploads\/2012\/08\/logo-rsf-fr.png\",\"keywords\":[\"giornalisti\",\"opposizione\",\"RSF\",\"Siria\"],\"articleSection\":[\"Comunicati Stampa\",\"Diritti Umani\",\"Medio Oriente\"],\"inLanguage\":\"it-IT\"},{\"@type\":\"WebPage\",\"@id\":\"https:\/\/www.pressenza.com\/it\/2012\/08\/rsf-lettera-aperta-alla-opposizione-siriana-circa-gli-attacchi-ai-media-favorevoli-al-governo\/\",\"url\":\"https:\/\/www.pressenza.com\/it\/2012\/08\/rsf-lettera-aperta-alla-opposizione-siriana-circa-gli-attacchi-ai-media-favorevoli-al-governo\/\",\"name\":\"RSF: Lettera aperta alla Opposizione Siriana circa gli attacchi ai media favorevoli al governo\",\"isPartOf\":{\"@id\":\"https:\/\/www.pressenza.com\/it\/#website\"},\"primaryImageOfPage\":{\"@id\":\"https:\/\/www.pressenza.com\/it\/2012\/08\/rsf-lettera-aperta-alla-opposizione-siriana-circa-gli-attacchi-ai-media-favorevoli-al-governo\/#primaryimage\"},\"image\":{\"@id\":\"https:\/\/www.pressenza.com\/it\/2012\/08\/rsf-lettera-aperta-alla-opposizione-siriana-circa-gli-attacchi-ai-media-favorevoli-al-governo\/#primaryimage\"},\"thumbnailUrl\":\"http:\/\/www.pressenza.com\/wp-content\/uploads\/2012\/08\/logo-rsf-fr.png\",\"datePublished\":\"2012-08-16T13:40:41+00:00\",\"dateModified\":\"2012-08-26T13:42:58+00:00\",\"description\":\"Appello del Direttore generale di RSF all'opposizione siriana All\u2019attenzione di:: Riyad Al Asaad \u2013 Esercito Siriano Libero Abdel Basset Sayda \u2013 CNS Cc\u00a0:\",\"breadcrumb\":{\"@id\":\"https:\/\/www.pressenza.com\/it\/2012\/08\/rsf-lettera-aperta-alla-opposizione-siriana-circa-gli-attacchi-ai-media-favorevoli-al-governo\/#breadcrumb\"},\"inLanguage\":\"it-IT\",\"potentialAction\":[{\"@type\":\"ReadAction\",\"target\":[\"https:\/\/www.pressenza.com\/it\/2012\/08\/rsf-lettera-aperta-alla-opposizione-siriana-circa-gli-attacchi-ai-media-favorevoli-al-governo\/\"]}]},{\"@type\":\"ImageObject\",\"inLanguage\":\"it-IT\",\"@id\":\"https:\/\/www.pressenza.com\/it\/2012\/08\/rsf-lettera-aperta-alla-opposizione-siriana-circa-gli-attacchi-ai-media-favorevoli-al-governo\/#primaryimage\",\"url\":\"http:\/\/www.pressenza.com\/wp-content\/uploads\/2012\/08\/logo-rsf-fr.png\",\"contentUrl\":\"http:\/\/www.pressenza.com\/wp-content\/uploads\/2012\/08\/logo-rsf-fr.png\"},{\"@type\":\"BreadcrumbList\",\"@id\":\"https:\/\/www.pressenza.com\/it\/2012\/08\/rsf-lettera-aperta-alla-opposizione-siriana-circa-gli-attacchi-ai-media-favorevoli-al-governo\/#breadcrumb\",\"itemListElement\":[{\"@type\":\"ListItem\",\"position\":1,\"name\":\"Accueil\",\"item\":\"https:\/\/www.pressenza.com\/it\/\"},{\"@type\":\"ListItem\",\"position\":2,\"name\":\"RSF: Lettera aperta alla Opposizione Siriana circa gli attacchi ai media favorevoli al governo\"}]},{\"@type\":\"WebSite\",\"@id\":\"https:\/\/www.pressenza.com\/it\/#website\",\"url\":\"https:\/\/www.pressenza.com\/it\/\",\"name\":\"Pressenza\",\"description\":\"Agenzia di Stampa Internazionale\",\"publisher\":{\"@id\":\"https:\/\/www.pressenza.com\/it\/#organization\"},\"potentialAction\":[{\"@type\":\"SearchAction\",\"target\":{\"@type\":\"EntryPoint\",\"urlTemplate\":\"https:\/\/www.pressenza.com\/it\/?s={search_term_string}\"},\"query-input\":{\"@type\":\"PropertyValueSpecification\",\"valueRequired\":true,\"valueName\":\"search_term_string\"}}],\"inLanguage\":\"it-IT\"},{\"@type\":\"Organization\",\"@id\":\"https:\/\/www.pressenza.com\/it\/#organization\",\"name\":\"Pressenza\",\"url\":\"https:\/\/www.pressenza.com\/it\/\",\"logo\":{\"@type\":\"ImageObject\",\"inLanguage\":\"it-IT\",\"@id\":\"https:\/\/www.pressenza.com\/it\/#\/schema\/logo\/image\/\",\"url\":\"https:\/\/www.pressenza.com\/wp-content\/uploads\/2022\/10\/pressenza_logo_200x200.jpg\",\"contentUrl\":\"https:\/\/www.pressenza.com\/wp-content\/uploads\/2022\/10\/pressenza_logo_200x200.jpg\",\"width\":200,\"height\":200,\"caption\":\"Pressenza\"},\"image\":{\"@id\":\"https:\/\/www.pressenza.com\/it\/#\/schema\/logo\/image\/\"},\"sameAs\":[\"https:\/\/www.facebook.com\/PressenzaItalia\",\"https:\/\/x.com\/PressenzaIPA\"]},{\"@type\":\"Person\",\"@id\":\"https:\/\/www.pressenza.com\/it\/#\/schema\/person\/636f8feb51f63f34e7378d5fcdd1de53\",\"name\":\"Olivier Turquet\",\"description\":\"Takes care of writing to tell the reality for about 40 years. He has worked with paper publications, radio and electronic He founded the electronic news agency humanist Good News. He was press secretary to various events such as: the International Humanist, Florence Play, the World March for Peace and Nonviolence. Currently coordinates the Italian team of Pressenza. olivierturquet.wordpress.com\",\"sameAs\":[\"http:\/\/olivierturquet.wordpress.com\"],\"url\":\"https:\/\/www.pressenza.com\/it\/author\/olivier-turquet\/\"}]}<\/script>\n<!-- \/ Yoast SEO plugin. -->","yoast_head_json":{"title":"RSF: Lettera aperta alla Opposizione Siriana circa gli attacchi ai media favorevoli al governo","description":"Appello del Direttore generale di RSF all'opposizione siriana All\u2019attenzione di:: Riyad Al Asaad \u2013 Esercito Siriano Libero Abdel Basset Sayda \u2013 CNS Cc\u00a0:","robots":{"index":"index","follow":"follow","max-snippet":"max-snippet:-1","max-image-preview":"max-image-preview:large","max-video-preview":"max-video-preview:-1"},"canonical":"https:\/\/www.pressenza.com\/it\/2012\/08\/rsf-lettera-aperta-alla-opposizione-siriana-circa-gli-attacchi-ai-media-favorevoli-al-governo\/","og_locale":"it_IT","og_type":"article","og_title":"RSF: Lettera aperta alla Opposizione Siriana circa gli attacchi ai media favorevoli al governo","og_description":"Appello del Direttore generale di RSF all'opposizione siriana All\u2019attenzione di:: Riyad Al Asaad \u2013 Esercito Siriano Libero Abdel Basset Sayda \u2013 CNS Cc\u00a0:","og_url":"https:\/\/www.pressenza.com\/it\/2012\/08\/rsf-lettera-aperta-alla-opposizione-siriana-circa-gli-attacchi-ai-media-favorevoli-al-governo\/","og_site_name":"Pressenza","article_publisher":"https:\/\/www.facebook.com\/PressenzaItalia","article_published_time":"2012-08-16T13:40:41+00:00","article_modified_time":"2012-08-26T13:42:58+00:00","og_image":[{"width":230,"height":68,"url":"https:\/\/www.pressenza.com\/wp-content\/uploads\/2012\/08\/logo-rsf-fr.png","type":"image\/png"}],"author":"Olivier Turquet","twitter_card":"summary_large_image","twitter_creator":"@PressenzaIPA","twitter_site":"@PressenzaIPA","twitter_misc":{"Scritto da":"Olivier Turquet","Tempo di lettura stimato":"4 minuti"},"schema":{"@context":"https:\/\/schema.org","@graph":[{"@type":"Article","@id":"https:\/\/www.pressenza.com\/it\/2012\/08\/rsf-lettera-aperta-alla-opposizione-siriana-circa-gli-attacchi-ai-media-favorevoli-al-governo\/#article","isPartOf":{"@id":"https:\/\/www.pressenza.com\/it\/2012\/08\/rsf-lettera-aperta-alla-opposizione-siriana-circa-gli-attacchi-ai-media-favorevoli-al-governo\/"},"author":{"name":"Olivier Turquet","@id":"https:\/\/www.pressenza.com\/it\/#\/schema\/person\/636f8feb51f63f34e7378d5fcdd1de53"},"headline":"RSF: Lettera aperta alla Opposizione Siriana circa gli attacchi ai media favorevoli al governo","datePublished":"2012-08-16T13:40:41+00:00","dateModified":"2012-08-26T13:42:58+00:00","mainEntityOfPage":{"@id":"https:\/\/www.pressenza.com\/it\/2012\/08\/rsf-lettera-aperta-alla-opposizione-siriana-circa-gli-attacchi-ai-media-favorevoli-al-governo\/"},"wordCount":719,"publisher":{"@id":"https:\/\/www.pressenza.com\/it\/#organization"},"image":{"@id":"https:\/\/www.pressenza.com\/it\/2012\/08\/rsf-lettera-aperta-alla-opposizione-siriana-circa-gli-attacchi-ai-media-favorevoli-al-governo\/#primaryimage"},"thumbnailUrl":"http:\/\/www.pressenza.com\/wp-content\/uploads\/2012\/08\/logo-rsf-fr.png","keywords":["giornalisti","opposizione","RSF","Siria"],"articleSection":["Comunicati Stampa","Diritti Umani","Medio Oriente"],"inLanguage":"it-IT"},{"@type":"WebPage","@id":"https:\/\/www.pressenza.com\/it\/2012\/08\/rsf-lettera-aperta-alla-opposizione-siriana-circa-gli-attacchi-ai-media-favorevoli-al-governo\/","url":"https:\/\/www.pressenza.com\/it\/2012\/08\/rsf-lettera-aperta-alla-opposizione-siriana-circa-gli-attacchi-ai-media-favorevoli-al-governo\/","name":"RSF: Lettera aperta alla Opposizione Siriana circa gli attacchi ai media favorevoli al governo","isPartOf":{"@id":"https:\/\/www.pressenza.com\/it\/#website"},"primaryImageOfPage":{"@id":"https:\/\/www.pressenza.com\/it\/2012\/08\/rsf-lettera-aperta-alla-opposizione-siriana-circa-gli-attacchi-ai-media-favorevoli-al-governo\/#primaryimage"},"image":{"@id":"https:\/\/www.pressenza.com\/it\/2012\/08\/rsf-lettera-aperta-alla-opposizione-siriana-circa-gli-attacchi-ai-media-favorevoli-al-governo\/#primaryimage"},"thumbnailUrl":"http:\/\/www.pressenza.com\/wp-content\/uploads\/2012\/08\/logo-rsf-fr.png","datePublished":"2012-08-16T13:40:41+00:00","dateModified":"2012-08-26T13:42:58+00:00","description":"Appello del Direttore generale di RSF all'opposizione siriana All\u2019attenzione di:: Riyad Al Asaad \u2013 Esercito Siriano Libero Abdel Basset Sayda \u2013 CNS Cc\u00a0:","breadcrumb":{"@id":"https:\/\/www.pressenza.com\/it\/2012\/08\/rsf-lettera-aperta-alla-opposizione-siriana-circa-gli-attacchi-ai-media-favorevoli-al-governo\/#breadcrumb"},"inLanguage":"it-IT","potentialAction":[{"@type":"ReadAction","target":["https:\/\/www.pressenza.com\/it\/2012\/08\/rsf-lettera-aperta-alla-opposizione-siriana-circa-gli-attacchi-ai-media-favorevoli-al-governo\/"]}]},{"@type":"ImageObject","inLanguage":"it-IT","@id":"https:\/\/www.pressenza.com\/it\/2012\/08\/rsf-lettera-aperta-alla-opposizione-siriana-circa-gli-attacchi-ai-media-favorevoli-al-governo\/#primaryimage","url":"http:\/\/www.pressenza.com\/wp-content\/uploads\/2012\/08\/logo-rsf-fr.png","contentUrl":"http:\/\/www.pressenza.com\/wp-content\/uploads\/2012\/08\/logo-rsf-fr.png"},{"@type":"BreadcrumbList","@id":"https:\/\/www.pressenza.com\/it\/2012\/08\/rsf-lettera-aperta-alla-opposizione-siriana-circa-gli-attacchi-ai-media-favorevoli-al-governo\/#breadcrumb","itemListElement":[{"@type":"ListItem","position":1,"name":"Accueil","item":"https:\/\/www.pressenza.com\/it\/"},{"@type":"ListItem","position":2,"name":"RSF: Lettera aperta alla Opposizione Siriana circa gli attacchi ai media favorevoli al governo"}]},{"@type":"WebSite","@id":"https:\/\/www.pressenza.com\/it\/#website","url":"https:\/\/www.pressenza.com\/it\/","name":"Pressenza","description":"Agenzia di Stampa Internazionale","publisher":{"@id":"https:\/\/www.pressenza.com\/it\/#organization"},"potentialAction":[{"@type":"SearchAction","target":{"@type":"EntryPoint","urlTemplate":"https:\/\/www.pressenza.com\/it\/?s={search_term_string}"},"query-input":{"@type":"PropertyValueSpecification","valueRequired":true,"valueName":"search_term_string"}}],"inLanguage":"it-IT"},{"@type":"Organization","@id":"https:\/\/www.pressenza.com\/it\/#organization","name":"Pressenza","url":"https:\/\/www.pressenza.com\/it\/","logo":{"@type":"ImageObject","inLanguage":"it-IT","@id":"https:\/\/www.pressenza.com\/it\/#\/schema\/logo\/image\/","url":"https:\/\/www.pressenza.com\/wp-content\/uploads\/2022\/10\/pressenza_logo_200x200.jpg","contentUrl":"https:\/\/www.pressenza.com\/wp-content\/uploads\/2022\/10\/pressenza_logo_200x200.jpg","width":200,"height":200,"caption":"Pressenza"},"image":{"@id":"https:\/\/www.pressenza.com\/it\/#\/schema\/logo\/image\/"},"sameAs":["https:\/\/www.facebook.com\/PressenzaItalia","https:\/\/x.com\/PressenzaIPA"]},{"@type":"Person","@id":"https:\/\/www.pressenza.com\/it\/#\/schema\/person\/636f8feb51f63f34e7378d5fcdd1de53","name":"Olivier Turquet","description":"Takes care of writing to tell the reality for about 40 years. He has worked with paper publications, radio and electronic He founded the electronic news agency humanist Good News. He was press secretary to various events such as: the International Humanist, Florence Play, the World March for Peace and Nonviolence. Currently coordinates the Italian team of Pressenza. olivierturquet.wordpress.com","sameAs":["http:\/\/olivierturquet.wordpress.com"],"url":"https:\/\/www.pressenza.com\/it\/author\/olivier-turquet\/"}]}},"place":"","original_article_url":"","_links":{"self":[{"href":"https:\/\/www.pressenza.com\/it\/wp-json\/wp\/v2\/posts\/13981","targetHints":{"allow":["GET"]}}],"collection":[{"href":"https:\/\/www.pressenza.com\/it\/wp-json\/wp\/v2\/posts"}],"about":[{"href":"https:\/\/www.pressenza.com\/it\/wp-json\/wp\/v2\/types\/post"}],"author":[{"embeddable":true,"href":"https:\/\/www.pressenza.com\/it\/wp-json\/wp\/v2\/users\/10"}],"replies":[{"embeddable":true,"href":"https:\/\/www.pressenza.com\/it\/wp-json\/wp\/v2\/comments?post=13981"}],"version-history":[{"count":0,"href":"https:\/\/www.pressenza.com\/it\/wp-json\/wp\/v2\/posts\/13981\/revisions"}],"wp:attachment":[{"href":"https:\/\/www.pressenza.com\/it\/wp-json\/wp\/v2\/media?parent=13981"}],"wp:term":[{"taxonomy":"category","embeddable":true,"href":"https:\/\/www.pressenza.com\/it\/wp-json\/wp\/v2\/categories?post=13981"},{"taxonomy":"post_tag","embeddable":true,"href":"https:\/\/www.pressenza.com\/it\/wp-json\/wp\/v2\/tags?post=13981"}],"curies":[{"name":"wp","href":"https:\/\/api.w.org\/{rel}","templated":true}]}}