{"id":1395997,"date":"2021-07-09T09:18:58","date_gmt":"2021-07-09T08:18:58","guid":{"rendered":"https:\/\/www.pressenza.com\/?p=1395997"},"modified":"2021-07-09T09:20:54","modified_gmt":"2021-07-09T08:20:54","slug":"24-settembre-fff-torna-nelle-piazze-del-mondo","status":"publish","type":"post","link":"https:\/\/www.pressenza.com\/it\/2021\/07\/24-settembre-fff-torna-nelle-piazze-del-mondo\/","title":{"rendered":"24 settembre,  FFF torna nelle piazze del mondo"},"content":{"rendered":"<p>Fridays for Future si sta preparando per il prossimo sciopero globale per il clima il 24 settembre 2021 per richiedere una rapida azione per il clima da parte dei leader mondiali, in particolare dei politici del Nord del mondo.<\/p>\n<p>Nel mezzo delle crisi sanitaria, sociale ed economica in cui il mondo si trova, gli attivisti per il clima continuano a parlare dell&#8217;importanza di combattere per limitare il riscaldamento globale sotto ogni frazione di grado e di affrontare l&#8217;ingiustizia climatica in cui viviamo.<\/p>\n<p>Questa volta, tuttavia, a livello globale il movimento giovanile sta mettendo un&#8217;enfasi speciale sulle diseguaglianze e le ingiustizie tra i Paesi e anche all\u2019interno degli Stati stessi. Le vittorie storiche dell&#8217;azione collettiva hanno dimostrato la necessit\u00e0 per i giovani di restare uniti nella lotta per la giustizia sociale e tra le generazioni.<\/p>\n<p>\u201cLa determinazione dei giovani a comprendere la reale connessione tra la crisi climatica e i gruppi sociali pi\u00f9 vulnerabili cambia la narrativa globale sull&#8217;emergenza climatica e promuove la democratizzazione dell&#8217;agenda climatica e ambientale\u201d, ha detto Abel F Rodrigues, dal Brasile<\/p>\n<p>Gli scioperi avverranno in tutta Italia nel rispetto delle misure sanitarie.<\/p>\n<p>\u201cSappiamo che il momento migliore per agire sarebbe stato 30 anni fa, ma il secondo momento migliore \u00e8 OGGI. \u00c8 una responsabilit\u00e0, ma anche un&#8217;OPPORTUNIT\u00c0\u00a0 STORICA. Non risparmiare energie, dai il massimo questa volta, c&#8217;\u00e8 bisogno di tutt\u0259\u201d, ha detto Giacomo, da Forl\u00ec.<\/p>\n<p><strong>CONTATTI<\/strong><\/p>\n<p><a href=\"mailto:italia@fridaysforfuture.org\">italia@fridaysforfuture.org<\/a><\/p>\n<p><strong>Mattia: 3515643008<\/strong><\/p>\n<p>&nbsp;<\/p>\n","protected":false},"excerpt":{"rendered":"<p>Fridays for Future si sta preparando per il prossimo sciopero globale per il clima il 24 settembre 2021 per richiedere una rapida azione per il clima da parte dei leader mondiali, in particolare dei politici del Nord del mondo. Nel&hellip;<\/p>\n","protected":false},"author":1713,"featured_media":1395998,"comment_status":"closed","ping_status":"closed","sticky":false,"template":"","format":"standard","meta":{"footnotes":""},"categories":[150,59,38],"tags":[28914,39211,56207],"class_list":["post-1395997","post","type-post","status-publish","format-standard","has-post-thumbnail","hentry","category-comunicati-stampa","category-ambiente-ecologia","category-internazionale","tag-diseguaglianze","tag-emergenza-climatica","tag-sciopero-globale-per-il-clima"],"yoast_head":"<!-- This site is optimized with the Yoast SEO plugin v27.1.1 - https:\/\/yoast.com\/product\/yoast-seo-wordpress\/ -->\n<title>24 settembre, FFF torna nelle piazze del mondo<\/title>\n<meta name=\"description\" content=\"Fridays for Future si sta preparando per il prossimo sciopero globale per il clima il 24 settembre 2021 per richiedere una rapida azione per il clima da\" \/>\n<meta name=\"robots\" content=\"index, follow, max-snippet:-1, max-image-preview:large, max-video-preview:-1\" \/>\n<link rel=\"canonical\" href=\"https:\/\/www.pressenza.com\/it\/2021\/07\/24-settembre-fff-torna-nelle-piazze-del-mondo\/\" \/>\n<meta property=\"og:locale\" content=\"it_IT\" \/>\n<meta property=\"og:type\" content=\"article\" \/>\n<meta property=\"og:title\" content=\"24 settembre, FFF torna nelle piazze del mondo\" \/>\n<meta property=\"og:description\" content=\"Fridays for Future si sta preparando per il prossimo sciopero globale per il clima il 24 settembre 2021 per richiedere una rapida azione per il clima da\" \/>\n<meta property=\"og:url\" content=\"https:\/\/www.pressenza.com\/it\/2021\/07\/24-settembre-fff-torna-nelle-piazze-del-mondo\/\" \/>\n<meta property=\"og:site_name\" content=\"Pressenza\" \/>\n<meta property=\"article:publisher\" content=\"https:\/\/www.facebook.com\/PressenzaItalia\" \/>\n<meta property=\"article:published_time\" content=\"2021-07-09T08:18:58+00:00\" \/>\n<meta property=\"article:modified_time\" content=\"2021-07-09T08:20:54+00:00\" \/>\n<meta property=\"og:image\" content=\"https:\/\/www.pressenza.com\/wp-content\/uploads\/2021\/07\/FFF-24.9.png\" \/>\n\t<meta property=\"og:image:width\" content=\"1114\" \/>\n\t<meta property=\"og:image:height\" content=\"1113\" \/>\n\t<meta property=\"og:image:type\" content=\"image\/png\" \/>\n<meta name=\"author\" content=\"Fridays For Future\" \/>\n<meta name=\"twitter:card\" content=\"summary_large_image\" \/>\n<meta name=\"twitter:creator\" content=\"@PressenzaIPA\" \/>\n<meta name=\"twitter:site\" content=\"@PressenzaIPA\" \/>\n<meta name=\"twitter:label1\" content=\"Scritto da\" \/>\n\t<meta name=\"twitter:data1\" content=\"Fridays For Future\" \/>\n\t<meta name=\"twitter:label2\" content=\"Tempo di lettura stimato\" \/>\n\t<meta name=\"twitter:data2\" content=\"1 minuto\" \/>\n<script type=\"application\/ld+json\" class=\"yoast-schema-graph\">{\"@context\":\"https:\/\/schema.org\",\"@graph\":[{\"@type\":\"Article\",\"@id\":\"https:\/\/www.pressenza.com\/it\/2021\/07\/24-settembre-fff-torna-nelle-piazze-del-mondo\/#article\",\"isPartOf\":{\"@id\":\"https:\/\/www.pressenza.com\/it\/2021\/07\/24-settembre-fff-torna-nelle-piazze-del-mondo\/\"},\"author\":{\"name\":\"Fridays For Future\",\"@id\":\"https:\/\/www.pressenza.com\/it\/#\/schema\/person\/8f0c1d2e26efb7c5c7cad8108dd14b21\"},\"headline\":\"24 settembre, FFF torna nelle piazze del mondo\",\"datePublished\":\"2021-07-09T08:18:58+00:00\",\"dateModified\":\"2021-07-09T08:20:54+00:00\",\"mainEntityOfPage\":{\"@id\":\"https:\/\/www.pressenza.com\/it\/2021\/07\/24-settembre-fff-torna-nelle-piazze-del-mondo\/\"},\"wordCount\":244,\"publisher\":{\"@id\":\"https:\/\/www.pressenza.com\/it\/#organization\"},\"image\":{\"@id\":\"https:\/\/www.pressenza.com\/it\/2021\/07\/24-settembre-fff-torna-nelle-piazze-del-mondo\/#primaryimage\"},\"thumbnailUrl\":\"https:\/\/www.pressenza.com\/wp-content\/uploads\/2021\/07\/FFF-24.9.png\",\"keywords\":[\"diseguaglianze\",\"emergenza climatica\",\"sciopero globale per il clima\"],\"articleSection\":[\"Comunicati Stampa\",\"Ecologia ed Ambiente\",\"Internazionale\"],\"inLanguage\":\"it-IT\"},{\"@type\":\"WebPage\",\"@id\":\"https:\/\/www.pressenza.com\/it\/2021\/07\/24-settembre-fff-torna-nelle-piazze-del-mondo\/\",\"url\":\"https:\/\/www.pressenza.com\/it\/2021\/07\/24-settembre-fff-torna-nelle-piazze-del-mondo\/\",\"name\":\"24 settembre, FFF torna nelle piazze del mondo\",\"isPartOf\":{\"@id\":\"https:\/\/www.pressenza.com\/it\/#website\"},\"primaryImageOfPage\":{\"@id\":\"https:\/\/www.pressenza.com\/it\/2021\/07\/24-settembre-fff-torna-nelle-piazze-del-mondo\/#primaryimage\"},\"image\":{\"@id\":\"https:\/\/www.pressenza.com\/it\/2021\/07\/24-settembre-fff-torna-nelle-piazze-del-mondo\/#primaryimage\"},\"thumbnailUrl\":\"https:\/\/www.pressenza.com\/wp-content\/uploads\/2021\/07\/FFF-24.9.png\",\"datePublished\":\"2021-07-09T08:18:58+00:00\",\"dateModified\":\"2021-07-09T08:20:54+00:00\",\"description\":\"Fridays for Future si sta preparando per il prossimo sciopero globale per il clima il 24 settembre 2021 per richiedere una rapida azione per il clima da\",\"breadcrumb\":{\"@id\":\"https:\/\/www.pressenza.com\/it\/2021\/07\/24-settembre-fff-torna-nelle-piazze-del-mondo\/#breadcrumb\"},\"inLanguage\":\"it-IT\",\"potentialAction\":[{\"@type\":\"ReadAction\",\"target\":[\"https:\/\/www.pressenza.com\/it\/2021\/07\/24-settembre-fff-torna-nelle-piazze-del-mondo\/\"]}]},{\"@type\":\"ImageObject\",\"inLanguage\":\"it-IT\",\"@id\":\"https:\/\/www.pressenza.com\/it\/2021\/07\/24-settembre-fff-torna-nelle-piazze-del-mondo\/#primaryimage\",\"url\":\"https:\/\/www.pressenza.com\/wp-content\/uploads\/2021\/07\/FFF-24.9.png\",\"contentUrl\":\"https:\/\/www.pressenza.com\/wp-content\/uploads\/2021\/07\/FFF-24.9.png\",\"width\":1114,\"height\":1113},{\"@type\":\"BreadcrumbList\",\"@id\":\"https:\/\/www.pressenza.com\/it\/2021\/07\/24-settembre-fff-torna-nelle-piazze-del-mondo\/#breadcrumb\",\"itemListElement\":[{\"@type\":\"ListItem\",\"position\":1,\"name\":\"Accueil\",\"item\":\"https:\/\/www.pressenza.com\/it\/\"},{\"@type\":\"ListItem\",\"position\":2,\"name\":\"24 settembre, FFF torna nelle piazze del mondo\"}]},{\"@type\":\"WebSite\",\"@id\":\"https:\/\/www.pressenza.com\/it\/#website\",\"url\":\"https:\/\/www.pressenza.com\/it\/\",\"name\":\"Pressenza\",\"description\":\"Agenzia di Stampa Internazionale\",\"publisher\":{\"@id\":\"https:\/\/www.pressenza.com\/it\/#organization\"},\"potentialAction\":[{\"@type\":\"SearchAction\",\"target\":{\"@type\":\"EntryPoint\",\"urlTemplate\":\"https:\/\/www.pressenza.com\/it\/?s={search_term_string}\"},\"query-input\":{\"@type\":\"PropertyValueSpecification\",\"valueRequired\":true,\"valueName\":\"search_term_string\"}}],\"inLanguage\":\"it-IT\"},{\"@type\":\"Organization\",\"@id\":\"https:\/\/www.pressenza.com\/it\/#organization\",\"name\":\"Pressenza\",\"url\":\"https:\/\/www.pressenza.com\/it\/\",\"logo\":{\"@type\":\"ImageObject\",\"inLanguage\":\"it-IT\",\"@id\":\"https:\/\/www.pressenza.com\/it\/#\/schema\/logo\/image\/\",\"url\":\"https:\/\/www.pressenza.com\/wp-content\/uploads\/2022\/10\/pressenza_logo_200x200.jpg\",\"contentUrl\":\"https:\/\/www.pressenza.com\/wp-content\/uploads\/2022\/10\/pressenza_logo_200x200.jpg\",\"width\":200,\"height\":200,\"caption\":\"Pressenza\"},\"image\":{\"@id\":\"https:\/\/www.pressenza.com\/it\/#\/schema\/logo\/image\/\"},\"sameAs\":[\"https:\/\/www.facebook.com\/PressenzaItalia\",\"https:\/\/x.com\/PressenzaIPA\"]},{\"@type\":\"Person\",\"@id\":\"https:\/\/www.pressenza.com\/it\/#\/schema\/person\/8f0c1d2e26efb7c5c7cad8108dd14b21\",\"name\":\"Fridays For Future\",\"description\":\"#FridaysForFuture is a movement that began in August 2018, after 15 years old Greta Thunberg sat in front of the Swedish parliament every schoolday for three weeks, to protest against the lack of action on the climate crisis. She posted what she was doing on Instagram and Twitter and it soon went viral. On the 8th of September, Greta decided to continue striking every Friday until the Swedish policies provided a safe pathway well under 2-degree C, i.e. in line with the Paris agreement. The hashtags #FridaysForFuture and #Climatestrike spread and many students and adults began to protest outside of their parliaments and local city halls all over the world. This has also inspired the Belgium Thursday school strikes.\",\"url\":\"https:\/\/www.pressenza.com\/it\/author\/fff\/\"}]}<\/script>\n<!-- \/ Yoast SEO plugin. -->","yoast_head_json":{"title":"24 settembre, FFF torna nelle piazze del mondo","description":"Fridays for Future si sta preparando per il prossimo sciopero globale per il clima il 24 settembre 2021 per richiedere una rapida azione per il clima da","robots":{"index":"index","follow":"follow","max-snippet":"max-snippet:-1","max-image-preview":"max-image-preview:large","max-video-preview":"max-video-preview:-1"},"canonical":"https:\/\/www.pressenza.com\/it\/2021\/07\/24-settembre-fff-torna-nelle-piazze-del-mondo\/","og_locale":"it_IT","og_type":"article","og_title":"24 settembre, FFF torna nelle piazze del mondo","og_description":"Fridays for Future si sta preparando per il prossimo sciopero globale per il clima il 24 settembre 2021 per richiedere una rapida azione per il clima da","og_url":"https:\/\/www.pressenza.com\/it\/2021\/07\/24-settembre-fff-torna-nelle-piazze-del-mondo\/","og_site_name":"Pressenza","article_publisher":"https:\/\/www.facebook.com\/PressenzaItalia","article_published_time":"2021-07-09T08:18:58+00:00","article_modified_time":"2021-07-09T08:20:54+00:00","og_image":[{"width":1114,"height":1113,"url":"https:\/\/www.pressenza.com\/wp-content\/uploads\/2021\/07\/FFF-24.9.png","type":"image\/png"}],"author":"Fridays For Future","twitter_card":"summary_large_image","twitter_creator":"@PressenzaIPA","twitter_site":"@PressenzaIPA","twitter_misc":{"Scritto da":"Fridays For Future","Tempo di lettura stimato":"1 minuto"},"schema":{"@context":"https:\/\/schema.org","@graph":[{"@type":"Article","@id":"https:\/\/www.pressenza.com\/it\/2021\/07\/24-settembre-fff-torna-nelle-piazze-del-mondo\/#article","isPartOf":{"@id":"https:\/\/www.pressenza.com\/it\/2021\/07\/24-settembre-fff-torna-nelle-piazze-del-mondo\/"},"author":{"name":"Fridays For Future","@id":"https:\/\/www.pressenza.com\/it\/#\/schema\/person\/8f0c1d2e26efb7c5c7cad8108dd14b21"},"headline":"24 settembre, FFF torna nelle piazze del mondo","datePublished":"2021-07-09T08:18:58+00:00","dateModified":"2021-07-09T08:20:54+00:00","mainEntityOfPage":{"@id":"https:\/\/www.pressenza.com\/it\/2021\/07\/24-settembre-fff-torna-nelle-piazze-del-mondo\/"},"wordCount":244,"publisher":{"@id":"https:\/\/www.pressenza.com\/it\/#organization"},"image":{"@id":"https:\/\/www.pressenza.com\/it\/2021\/07\/24-settembre-fff-torna-nelle-piazze-del-mondo\/#primaryimage"},"thumbnailUrl":"https:\/\/www.pressenza.com\/wp-content\/uploads\/2021\/07\/FFF-24.9.png","keywords":["diseguaglianze","emergenza climatica","sciopero globale per il clima"],"articleSection":["Comunicati Stampa","Ecologia ed Ambiente","Internazionale"],"inLanguage":"it-IT"},{"@type":"WebPage","@id":"https:\/\/www.pressenza.com\/it\/2021\/07\/24-settembre-fff-torna-nelle-piazze-del-mondo\/","url":"https:\/\/www.pressenza.com\/it\/2021\/07\/24-settembre-fff-torna-nelle-piazze-del-mondo\/","name":"24 settembre, FFF torna nelle piazze del mondo","isPartOf":{"@id":"https:\/\/www.pressenza.com\/it\/#website"},"primaryImageOfPage":{"@id":"https:\/\/www.pressenza.com\/it\/2021\/07\/24-settembre-fff-torna-nelle-piazze-del-mondo\/#primaryimage"},"image":{"@id":"https:\/\/www.pressenza.com\/it\/2021\/07\/24-settembre-fff-torna-nelle-piazze-del-mondo\/#primaryimage"},"thumbnailUrl":"https:\/\/www.pressenza.com\/wp-content\/uploads\/2021\/07\/FFF-24.9.png","datePublished":"2021-07-09T08:18:58+00:00","dateModified":"2021-07-09T08:20:54+00:00","description":"Fridays for Future si sta preparando per il prossimo sciopero globale per il clima il 24 settembre 2021 per richiedere una rapida azione per il clima da","breadcrumb":{"@id":"https:\/\/www.pressenza.com\/it\/2021\/07\/24-settembre-fff-torna-nelle-piazze-del-mondo\/#breadcrumb"},"inLanguage":"it-IT","potentialAction":[{"@type":"ReadAction","target":["https:\/\/www.pressenza.com\/it\/2021\/07\/24-settembre-fff-torna-nelle-piazze-del-mondo\/"]}]},{"@type":"ImageObject","inLanguage":"it-IT","@id":"https:\/\/www.pressenza.com\/it\/2021\/07\/24-settembre-fff-torna-nelle-piazze-del-mondo\/#primaryimage","url":"https:\/\/www.pressenza.com\/wp-content\/uploads\/2021\/07\/FFF-24.9.png","contentUrl":"https:\/\/www.pressenza.com\/wp-content\/uploads\/2021\/07\/FFF-24.9.png","width":1114,"height":1113},{"@type":"BreadcrumbList","@id":"https:\/\/www.pressenza.com\/it\/2021\/07\/24-settembre-fff-torna-nelle-piazze-del-mondo\/#breadcrumb","itemListElement":[{"@type":"ListItem","position":1,"name":"Accueil","item":"https:\/\/www.pressenza.com\/it\/"},{"@type":"ListItem","position":2,"name":"24 settembre, FFF torna nelle piazze del mondo"}]},{"@type":"WebSite","@id":"https:\/\/www.pressenza.com\/it\/#website","url":"https:\/\/www.pressenza.com\/it\/","name":"Pressenza","description":"Agenzia di Stampa Internazionale","publisher":{"@id":"https:\/\/www.pressenza.com\/it\/#organization"},"potentialAction":[{"@type":"SearchAction","target":{"@type":"EntryPoint","urlTemplate":"https:\/\/www.pressenza.com\/it\/?s={search_term_string}"},"query-input":{"@type":"PropertyValueSpecification","valueRequired":true,"valueName":"search_term_string"}}],"inLanguage":"it-IT"},{"@type":"Organization","@id":"https:\/\/www.pressenza.com\/it\/#organization","name":"Pressenza","url":"https:\/\/www.pressenza.com\/it\/","logo":{"@type":"ImageObject","inLanguage":"it-IT","@id":"https:\/\/www.pressenza.com\/it\/#\/schema\/logo\/image\/","url":"https:\/\/www.pressenza.com\/wp-content\/uploads\/2022\/10\/pressenza_logo_200x200.jpg","contentUrl":"https:\/\/www.pressenza.com\/wp-content\/uploads\/2022\/10\/pressenza_logo_200x200.jpg","width":200,"height":200,"caption":"Pressenza"},"image":{"@id":"https:\/\/www.pressenza.com\/it\/#\/schema\/logo\/image\/"},"sameAs":["https:\/\/www.facebook.com\/PressenzaItalia","https:\/\/x.com\/PressenzaIPA"]},{"@type":"Person","@id":"https:\/\/www.pressenza.com\/it\/#\/schema\/person\/8f0c1d2e26efb7c5c7cad8108dd14b21","name":"Fridays For Future","description":"#FridaysForFuture is a movement that began in August 2018, after 15 years old Greta Thunberg sat in front of the Swedish parliament every schoolday for three weeks, to protest against the lack of action on the climate crisis. She posted what she was doing on Instagram and Twitter and it soon went viral. On the 8th of September, Greta decided to continue striking every Friday until the Swedish policies provided a safe pathway well under 2-degree C, i.e. in line with the Paris agreement. The hashtags #FridaysForFuture and #Climatestrike spread and many students and adults began to protest outside of their parliaments and local city halls all over the world. This has also inspired the Belgium Thursday school strikes.","url":"https:\/\/www.pressenza.com\/it\/author\/fff\/"}]}},"place":"","original_article_url":"","_links":{"self":[{"href":"https:\/\/www.pressenza.com\/it\/wp-json\/wp\/v2\/posts\/1395997","targetHints":{"allow":["GET"]}}],"collection":[{"href":"https:\/\/www.pressenza.com\/it\/wp-json\/wp\/v2\/posts"}],"about":[{"href":"https:\/\/www.pressenza.com\/it\/wp-json\/wp\/v2\/types\/post"}],"author":[{"embeddable":true,"href":"https:\/\/www.pressenza.com\/it\/wp-json\/wp\/v2\/users\/1713"}],"replies":[{"embeddable":true,"href":"https:\/\/www.pressenza.com\/it\/wp-json\/wp\/v2\/comments?post=1395997"}],"version-history":[{"count":0,"href":"https:\/\/www.pressenza.com\/it\/wp-json\/wp\/v2\/posts\/1395997\/revisions"}],"wp:featuredmedia":[{"embeddable":true,"href":"https:\/\/www.pressenza.com\/it\/wp-json\/wp\/v2\/media\/1395998"}],"wp:attachment":[{"href":"https:\/\/www.pressenza.com\/it\/wp-json\/wp\/v2\/media?parent=1395997"}],"wp:term":[{"taxonomy":"category","embeddable":true,"href":"https:\/\/www.pressenza.com\/it\/wp-json\/wp\/v2\/categories?post=1395997"},{"taxonomy":"post_tag","embeddable":true,"href":"https:\/\/www.pressenza.com\/it\/wp-json\/wp\/v2\/tags?post=1395997"}],"curies":[{"name":"wp","href":"https:\/\/api.w.org\/{rel}","templated":true}]}}