{"id":1390510,"date":"2021-07-01T10:54:04","date_gmt":"2021-07-01T09:54:04","guid":{"rendered":"https:\/\/www.pressenza.com\/?p=1390510"},"modified":"2021-07-01T10:57:34","modified_gmt":"2021-07-01T09:57:34","slug":"through-our-eyes-al-museo-archeologico-di-arezzo-gli-scatti-dei-minori-rifugiati-nellhotspot-di-samos","status":"publish","type":"post","link":"https:\/\/www.pressenza.com\/it\/2021\/07\/through-our-eyes-al-museo-archeologico-di-arezzo-gli-scatti-dei-minori-rifugiati-nellhotspot-di-samos\/","title":{"rendered":"Through our eyes: al museo archeologico di Arezzo gli scatti dei minori rifugiati nell\u2019hotspot di Samos"},"content":{"rendered":"<p>In occasione dell\u2019edizione 2021 della Notte Europea dei Musei, la Direzione Regionale Musei della Toscana inaugura\u00a0<strong>sabato 3 luglio dalle ore 20<\/strong>\u00a0al Museo Archeologico Nazionale di Arezzo la mostra \u201c<strong>Through\u00a0our eyes<\/strong>\u201d, realizzata e promossa dall\u2019organizzazione non profit Still I Rise e in programma fino all&#8217;11 settembre 2021. Il Museo sar\u00e0 poi straordinariamente aperto al pubblico fino alle ore 23 con ingresso esclusivamente su prenotazione con biglietto simbolico di 1 euro.<\/p>\n<p>\u201cThrough Our Eyes\u201d racchiude circa 250 scatti a colori realizzati da 48 minori rifugiati dell&#8217;hotspot di Samos (Grecia) con delle macchinette Kodak usa e getta, dopo aver seguito i laboratori di fotografia di Nicoletta Novara, ideatrice della mostra. I giovani autori sono stati tutti studenti di Maz\u00ed, il centro educativo aperto a Samos da Still I Rise, organizzazione non profit che si occupa di educazione e protezione dei minori profughi e vulnerabili nelle aree pi\u00f9 calde della migrazione globale.<\/p>\n<p>Nell\u2019ambito dell\u2019esposizione all\u2019interno del Museo Archeologico Nazionale di Arezzo, sotto la direzione artistica liberale dell\u2019architetto Roberta Galantino, sar\u00e0 proposta una<strong>\u00a0selezione di 22 scatti significativi<\/strong>, insieme a un percorso fotografico che accompagna il visitatore dai primi momenti dell\u2019apertura della scuola al fianco degli studenti, fino all\u2019avvio delle classi di fotografia. Hanno collaborato all&#8217;allestimento della mostra anche Samuele Bertocci e l&#8217;Associazione Fotografica Imago.<\/p>\n<p><strong>IL PROGETTO<\/strong><\/p>\n<p>Nel corso dei laboratori di fotografia organizzati all\u2019interno di Maz\u00ec, i 48 studenti hanno imparato a utilizzare una macchina fotografica professionale, a scattare in differenti condizioni di luce, si sono esercitati nel ritratto e nella street photography e hanno utilizzato programmi professionali di editing. Al termine dei moduli formativi, ognuno ha ricevuto una Kodak usa e getta a colori, con il compito di raccontare la propria vita al di fuori della scuola.<\/p>\n<p>\u201cThrough Our Eyes\u201d svela cos\u00ec, in modo intimo e disarmante,<strong>\u00a0le difficolt\u00e0 che i ragazzi e le ragazze dai 12 ai 17 anni<\/strong>\u00a0si trovano a dover fronteggiare ogni giorno nel campo profughi di Samos. Le fotografie sono divise in due capitoli: pre e post pandemia. Parte degli studenti si \u00e8 infatti trovata a vivere nel campo profughi durante il lockdown: le immagini raccontano l&#8217;impossibilit\u00e0 di rispettare il distanziamento sociale, la paura di ammalarsi, la reazione delle persone che hanno iniziato ad avviare piccole attivit\u00e0 per sopravvivere.<\/p>\n<p>Tra gli scatti, per\u00f2, ci sono anche\u00a0<strong>fotografie di speranza<\/strong>, che narrano di un mare bellissimo, delle colline e degli alberi sull&#8217;isola di Samos, dell&#8217;entusiasmo nella scoperta\u00a0dell&#8217;Europa e della nostra cultura.<\/p>\n<p>\u00abIl Museo Archeologico Nazionale ha fortemente voluto questa mostra \u2013 sottolinea Stefano Casciu, Direttore regionale Musei della Toscana &#8211; per riaffermare il suo ruolo di custode di\u00a0<strong>storie e memorie di mondi e civilt\u00e0 differenti<\/strong>, per favorire nella comunit\u00e0 di riferimento la conoscenza del passato e una migliore lettura del presente e del mondo contemporaneo ed estendere il proprio\u00a0<strong>abbraccio inclusivo alla realt\u00e0 mediterranea<\/strong>.\u00bb<\/p>\n<p>\u00abPer questo \u2013 aggiunge Maria Gatto, Direttrice del museo &#8211; siamo felici di poter presentare nei nostri spazi il progetto e la mostra dell&#8217;Associazione Still I Rise e in particolare l&#8217;attivit\u00e0 educativa che questa giovane realt\u00e0 porta avanti con coraggio nell&#8217;isola greca di Samos dove, non lontano dai pregevoli resti archeologici dell&#8217;et\u00e0 classica, sorge uno dei campi profughi pi\u00f9 inospitali della Grecia.\u00bb<\/p>\n<p>\u00abL\u2019hotspot di Samos sembra lavorare sul filo sottile dell\u2019annientamento umano, piuttosto che sul fronte dell\u2019accoglienza. I nostri studenti combattono ogni giorno una\u00a0<strong>battaglia personale di resistenza<\/strong>\u00a0contro un sistema che non li percepisce come esseri umani in una condizione di fragilit\u00e0, quanto piuttosto come una entit\u00e0 scomoda e non degna di far parte della societ\u00e0 civile\u00bb, spiega Nicoletta Novara. \u00abA Maz\u00ed abbiamo usato la fotografia per restituire loro la prima persona singolare. Non volevamo che qualcun altro parlasse per loro, ma abbiamo cercato di comprendere meglio, attraverso i loro occhi, la condizione di rifugiato\u00bb.<\/p>\n<p><strong>MODALIT\u00c0 DI VISITA<\/strong><\/p>\n<p>La mostra sar\u00e0 visitabile a ingresso libero negli orari di apertura del Museo<\/p>\n<p>Marted\u00ec mattina ore 9.00-13.00<\/p>\n<p>Gioved\u00ec pomeriggio ore 14.30-19.00<\/p>\n<p>Venerd\u00ec mattina ore 9.00-13.00<\/p>\n<p>Sabato pomeriggio ore 14.30-19.00<\/p>\n<p>Prima e ultima domenica del mese e 15 agosto ore 14.30-19.00<\/p>\n<p>Alcune foto della mostra:<\/p>\n<p><img loading=\"lazy\" decoding=\"async\" class=\"aligncenter wp-image-1390531 size-full\" src=\"https:\/\/www.pressenza.com\/wp-content\/uploads\/2021\/07\/Through-Our-Eyes-1.jpg\" alt=\"\" width=\"1200\" height=\"795\" srcset=\"https:\/\/www.pressenza.com\/wp-content\/uploads\/2021\/07\/Through-Our-Eyes-1.jpg 1200w, https:\/\/www.pressenza.com\/wp-content\/uploads\/2021\/07\/Through-Our-Eyes-1-300x199.jpg 300w, https:\/\/www.pressenza.com\/wp-content\/uploads\/2021\/07\/Through-Our-Eyes-1-720x477.jpg 720w, https:\/\/www.pressenza.com\/wp-content\/uploads\/2021\/07\/Through-Our-Eyes-1-768x509.jpg 768w\" sizes=\"auto, (max-width: 1200px) 100vw, 1200px\" \/><\/p>\n<p><img loading=\"lazy\" decoding=\"async\" class=\"aligncenter wp-image-1390521 size-full\" src=\"https:\/\/www.pressenza.com\/wp-content\/uploads\/2021\/07\/Through-Our-Eyes-fuoco.jpg\" alt=\"\" width=\"1200\" height=\"795\" srcset=\"https:\/\/www.pressenza.com\/wp-content\/uploads\/2021\/07\/Through-Our-Eyes-fuoco.jpg 1200w, https:\/\/www.pressenza.com\/wp-content\/uploads\/2021\/07\/Through-Our-Eyes-fuoco-300x199.jpg 300w, https:\/\/www.pressenza.com\/wp-content\/uploads\/2021\/07\/Through-Our-Eyes-fuoco-720x477.jpg 720w, https:\/\/www.pressenza.com\/wp-content\/uploads\/2021\/07\/Through-Our-Eyes-fuoco-768x509.jpg 768w\" sizes=\"auto, (max-width: 1200px) 100vw, 1200px\" \/><\/p>\n<p><img loading=\"lazy\" decoding=\"async\" class=\"aligncenter wp-image-1390511 size-full\" src=\"https:\/\/www.pressenza.com\/wp-content\/uploads\/2021\/07\/Ambienti_anfiteatro_foto2.jpg\" alt=\"\" width=\"800\" height=\"600\" srcset=\"https:\/\/www.pressenza.com\/wp-content\/uploads\/2021\/07\/Ambienti_anfiteatro_foto2.jpg 800w, https:\/\/www.pressenza.com\/wp-content\/uploads\/2021\/07\/Ambienti_anfiteatro_foto2-300x225.jpg 300w, https:\/\/www.pressenza.com\/wp-content\/uploads\/2021\/07\/Ambienti_anfiteatro_foto2-720x540.jpg 720w, https:\/\/www.pressenza.com\/wp-content\/uploads\/2021\/07\/Ambienti_anfiteatro_foto2-768x576.jpg 768w\" sizes=\"auto, (max-width: 800px) 100vw, 800px\" \/><\/p>\n","protected":false},"excerpt":{"rendered":"<p>In occasione dell\u2019edizione 2021 della Notte Europea dei Musei, la Direzione Regionale Musei della Toscana inaugura\u00a0sabato 3 luglio dalle ore 20\u00a0al Museo Archeologico Nazionale di Arezzo la mostra \u201cThrough\u00a0our eyes\u201d, realizzata e promossa dall\u2019organizzazione non profit Still I Rise e&hellip;<\/p>\n","protected":false},"author":1902,"featured_media":1390541,"comment_status":"closed","ping_status":"closed","sticky":false,"template":"","format":"standard","meta":{"footnotes":""},"categories":[150,56,47,54572],"tags":[91371,13110,92546,92547,53975,92545],"class_list":["post-1390510","post","type-post","status-publish","format-standard","has-post-thumbnail","hentry","category-comunicati-stampa","category-cultura","category-europa","category-migranti","tag-centro-educativo-mazi","tag-foto","tag-minori-rifugiati","tag-museo-archeologico-di-arezzo","tag-samos","tag-through-our-eyes"],"yoast_head":"<!-- This site is optimized with the Yoast SEO plugin v27.1.1 - https:\/\/yoast.com\/product\/yoast-seo-wordpress\/ -->\n<title>Through our eyes: al museo archeologico di Arezzo gli scatti dei minori rifugiati nell\u2019hotspot di Samos<\/title>\n<meta name=\"description\" content=\"In occasione dell\u2019edizione 2021 della Notte Europea dei Musei, la Direzione Regionale Musei della Toscana inaugura\u00a0sabato 3 luglio dalle ore 20\u00a0al Museo\" \/>\n<meta name=\"robots\" content=\"index, follow, max-snippet:-1, max-image-preview:large, max-video-preview:-1\" \/>\n<link rel=\"canonical\" href=\"https:\/\/www.pressenza.com\/it\/2021\/07\/through-our-eyes-al-museo-archeologico-di-arezzo-gli-scatti-dei-minori-rifugiati-nellhotspot-di-samos\/\" \/>\n<meta property=\"og:locale\" content=\"it_IT\" \/>\n<meta property=\"og:type\" content=\"article\" \/>\n<meta property=\"og:title\" content=\"Through our eyes: al museo archeologico di Arezzo gli scatti dei minori rifugiati nell\u2019hotspot di Samos\" \/>\n<meta property=\"og:description\" content=\"In occasione dell\u2019edizione 2021 della Notte Europea dei Musei, la Direzione Regionale Musei della Toscana inaugura\u00a0sabato 3 luglio dalle ore 20\u00a0al Museo\" \/>\n<meta property=\"og:url\" content=\"https:\/\/www.pressenza.com\/it\/2021\/07\/through-our-eyes-al-museo-archeologico-di-arezzo-gli-scatti-dei-minori-rifugiati-nellhotspot-di-samos\/\" \/>\n<meta property=\"og:site_name\" content=\"Pressenza\" \/>\n<meta property=\"article:publisher\" content=\"https:\/\/www.facebook.com\/PressenzaItalia\" \/>\n<meta property=\"article:published_time\" content=\"2021-07-01T09:54:04+00:00\" \/>\n<meta property=\"article:modified_time\" content=\"2021-07-01T09:57:34+00:00\" \/>\n<meta property=\"og:image\" content=\"https:\/\/www.pressenza.com\/wp-content\/uploads\/2021\/07\/AREZZO-THROUGH-OUR-EYES.jpg\" \/>\n\t<meta property=\"og:image:width\" content=\"1920\" \/>\n\t<meta property=\"og:image:height\" content=\"1080\" \/>\n\t<meta property=\"og:image:type\" content=\"image\/jpeg\" \/>\n<meta name=\"author\" content=\"Still I Rise\" \/>\n<meta name=\"twitter:card\" content=\"summary_large_image\" \/>\n<meta name=\"twitter:creator\" content=\"@PressenzaIPA\" \/>\n<meta name=\"twitter:site\" content=\"@PressenzaIPA\" \/>\n<meta name=\"twitter:label1\" content=\"Scritto da\" \/>\n\t<meta name=\"twitter:data1\" content=\"Still I Rise\" \/>\n\t<meta name=\"twitter:label2\" content=\"Tempo di lettura stimato\" \/>\n\t<meta name=\"twitter:data2\" content=\"3 minuti\" \/>\n<script type=\"application\/ld+json\" class=\"yoast-schema-graph\">{\"@context\":\"https:\/\/schema.org\",\"@graph\":[{\"@type\":\"Article\",\"@id\":\"https:\/\/www.pressenza.com\/it\/2021\/07\/through-our-eyes-al-museo-archeologico-di-arezzo-gli-scatti-dei-minori-rifugiati-nellhotspot-di-samos\/#article\",\"isPartOf\":{\"@id\":\"https:\/\/www.pressenza.com\/it\/2021\/07\/through-our-eyes-al-museo-archeologico-di-arezzo-gli-scatti-dei-minori-rifugiati-nellhotspot-di-samos\/\"},\"author\":{\"name\":\"Still I Rise\",\"@id\":\"https:\/\/www.pressenza.com\/it\/#\/schema\/person\/78858e9aa4f73258a37e082daf863eef\"},\"headline\":\"Through our eyes: al museo archeologico di Arezzo gli scatti dei minori rifugiati nell\u2019hotspot di Samos\",\"datePublished\":\"2021-07-01T09:54:04+00:00\",\"dateModified\":\"2021-07-01T09:57:34+00:00\",\"mainEntityOfPage\":{\"@id\":\"https:\/\/www.pressenza.com\/it\/2021\/07\/through-our-eyes-al-museo-archeologico-di-arezzo-gli-scatti-dei-minori-rifugiati-nellhotspot-di-samos\/\"},\"wordCount\":697,\"publisher\":{\"@id\":\"https:\/\/www.pressenza.com\/it\/#organization\"},\"image\":{\"@id\":\"https:\/\/www.pressenza.com\/it\/2021\/07\/through-our-eyes-al-museo-archeologico-di-arezzo-gli-scatti-dei-minori-rifugiati-nellhotspot-di-samos\/#primaryimage\"},\"thumbnailUrl\":\"https:\/\/www.pressenza.com\/wp-content\/uploads\/2021\/07\/AREZZO-THROUGH-OUR-EYES.jpg\",\"keywords\":[\"centro educativo Maz\u00ec\",\"foto\",\"minori rifugiati\",\"museo archeologico di Arezzo\",\"Samos\",\"Through\u00a0our eyes\"],\"articleSection\":[\"Comunicati Stampa\",\"Cultura e Media\",\"Europa\",\"Migranti\"],\"inLanguage\":\"it-IT\"},{\"@type\":\"WebPage\",\"@id\":\"https:\/\/www.pressenza.com\/it\/2021\/07\/through-our-eyes-al-museo-archeologico-di-arezzo-gli-scatti-dei-minori-rifugiati-nellhotspot-di-samos\/\",\"url\":\"https:\/\/www.pressenza.com\/it\/2021\/07\/through-our-eyes-al-museo-archeologico-di-arezzo-gli-scatti-dei-minori-rifugiati-nellhotspot-di-samos\/\",\"name\":\"Through our eyes: al museo archeologico di Arezzo gli scatti dei minori rifugiati nell\u2019hotspot di Samos\",\"isPartOf\":{\"@id\":\"https:\/\/www.pressenza.com\/it\/#website\"},\"primaryImageOfPage\":{\"@id\":\"https:\/\/www.pressenza.com\/it\/2021\/07\/through-our-eyes-al-museo-archeologico-di-arezzo-gli-scatti-dei-minori-rifugiati-nellhotspot-di-samos\/#primaryimage\"},\"image\":{\"@id\":\"https:\/\/www.pressenza.com\/it\/2021\/07\/through-our-eyes-al-museo-archeologico-di-arezzo-gli-scatti-dei-minori-rifugiati-nellhotspot-di-samos\/#primaryimage\"},\"thumbnailUrl\":\"https:\/\/www.pressenza.com\/wp-content\/uploads\/2021\/07\/AREZZO-THROUGH-OUR-EYES.jpg\",\"datePublished\":\"2021-07-01T09:54:04+00:00\",\"dateModified\":\"2021-07-01T09:57:34+00:00\",\"description\":\"In occasione dell\u2019edizione 2021 della Notte Europea dei Musei, la Direzione Regionale Musei della Toscana inaugura\u00a0sabato 3 luglio dalle ore 20\u00a0al Museo\",\"breadcrumb\":{\"@id\":\"https:\/\/www.pressenza.com\/it\/2021\/07\/through-our-eyes-al-museo-archeologico-di-arezzo-gli-scatti-dei-minori-rifugiati-nellhotspot-di-samos\/#breadcrumb\"},\"inLanguage\":\"it-IT\",\"potentialAction\":[{\"@type\":\"ReadAction\",\"target\":[\"https:\/\/www.pressenza.com\/it\/2021\/07\/through-our-eyes-al-museo-archeologico-di-arezzo-gli-scatti-dei-minori-rifugiati-nellhotspot-di-samos\/\"]}]},{\"@type\":\"ImageObject\",\"inLanguage\":\"it-IT\",\"@id\":\"https:\/\/www.pressenza.com\/it\/2021\/07\/through-our-eyes-al-museo-archeologico-di-arezzo-gli-scatti-dei-minori-rifugiati-nellhotspot-di-samos\/#primaryimage\",\"url\":\"https:\/\/www.pressenza.com\/wp-content\/uploads\/2021\/07\/AREZZO-THROUGH-OUR-EYES.jpg\",\"contentUrl\":\"https:\/\/www.pressenza.com\/wp-content\/uploads\/2021\/07\/AREZZO-THROUGH-OUR-EYES.jpg\",\"width\":1920,\"height\":1080},{\"@type\":\"BreadcrumbList\",\"@id\":\"https:\/\/www.pressenza.com\/it\/2021\/07\/through-our-eyes-al-museo-archeologico-di-arezzo-gli-scatti-dei-minori-rifugiati-nellhotspot-di-samos\/#breadcrumb\",\"itemListElement\":[{\"@type\":\"ListItem\",\"position\":1,\"name\":\"Accueil\",\"item\":\"https:\/\/www.pressenza.com\/it\/\"},{\"@type\":\"ListItem\",\"position\":2,\"name\":\"Through our eyes: al museo archeologico di Arezzo gli scatti dei minori rifugiati nell\u2019hotspot di Samos\"}]},{\"@type\":\"WebSite\",\"@id\":\"https:\/\/www.pressenza.com\/it\/#website\",\"url\":\"https:\/\/www.pressenza.com\/it\/\",\"name\":\"Pressenza\",\"description\":\"Agenzia di Stampa Internazionale\",\"publisher\":{\"@id\":\"https:\/\/www.pressenza.com\/it\/#organization\"},\"potentialAction\":[{\"@type\":\"SearchAction\",\"target\":{\"@type\":\"EntryPoint\",\"urlTemplate\":\"https:\/\/www.pressenza.com\/it\/?s={search_term_string}\"},\"query-input\":{\"@type\":\"PropertyValueSpecification\",\"valueRequired\":true,\"valueName\":\"search_term_string\"}}],\"inLanguage\":\"it-IT\"},{\"@type\":\"Organization\",\"@id\":\"https:\/\/www.pressenza.com\/it\/#organization\",\"name\":\"Pressenza\",\"url\":\"https:\/\/www.pressenza.com\/it\/\",\"logo\":{\"@type\":\"ImageObject\",\"inLanguage\":\"it-IT\",\"@id\":\"https:\/\/www.pressenza.com\/it\/#\/schema\/logo\/image\/\",\"url\":\"https:\/\/www.pressenza.com\/wp-content\/uploads\/2022\/10\/pressenza_logo_200x200.jpg\",\"contentUrl\":\"https:\/\/www.pressenza.com\/wp-content\/uploads\/2022\/10\/pressenza_logo_200x200.jpg\",\"width\":200,\"height\":200,\"caption\":\"Pressenza\"},\"image\":{\"@id\":\"https:\/\/www.pressenza.com\/it\/#\/schema\/logo\/image\/\"},\"sameAs\":[\"https:\/\/www.facebook.com\/PressenzaItalia\",\"https:\/\/x.com\/PressenzaIPA\"]},{\"@type\":\"Person\",\"@id\":\"https:\/\/www.pressenza.com\/it\/#\/schema\/person\/78858e9aa4f73258a37e082daf863eef\",\"name\":\"Still I Rise\",\"description\":\"Still I Rise \u00e8 un\u2019organizzazione non profit internazionale e completamente indipendente, fondata nel 2018. Attraverso l'istituzione di centri educativi e scuole internazionali, l\u2019obiettivo \u00e8 offrire educazione, sicurezza e protezione ai minori profughi, svantaggiati, orfani e dimenticati nei luoghi pi\u00f9 caldi della migrazione globale.\",\"url\":\"https:\/\/www.pressenza.com\/it\/author\/still-i-rise\/\"}]}<\/script>\n<!-- \/ Yoast SEO plugin. -->","yoast_head_json":{"title":"Through our eyes: al museo archeologico di Arezzo gli scatti dei minori rifugiati nell\u2019hotspot di Samos","description":"In occasione dell\u2019edizione 2021 della Notte Europea dei Musei, la Direzione Regionale Musei della Toscana inaugura\u00a0sabato 3 luglio dalle ore 20\u00a0al Museo","robots":{"index":"index","follow":"follow","max-snippet":"max-snippet:-1","max-image-preview":"max-image-preview:large","max-video-preview":"max-video-preview:-1"},"canonical":"https:\/\/www.pressenza.com\/it\/2021\/07\/through-our-eyes-al-museo-archeologico-di-arezzo-gli-scatti-dei-minori-rifugiati-nellhotspot-di-samos\/","og_locale":"it_IT","og_type":"article","og_title":"Through our eyes: al museo archeologico di Arezzo gli scatti dei minori rifugiati nell\u2019hotspot di Samos","og_description":"In occasione dell\u2019edizione 2021 della Notte Europea dei Musei, la Direzione Regionale Musei della Toscana inaugura\u00a0sabato 3 luglio dalle ore 20\u00a0al Museo","og_url":"https:\/\/www.pressenza.com\/it\/2021\/07\/through-our-eyes-al-museo-archeologico-di-arezzo-gli-scatti-dei-minori-rifugiati-nellhotspot-di-samos\/","og_site_name":"Pressenza","article_publisher":"https:\/\/www.facebook.com\/PressenzaItalia","article_published_time":"2021-07-01T09:54:04+00:00","article_modified_time":"2021-07-01T09:57:34+00:00","og_image":[{"width":1920,"height":1080,"url":"https:\/\/www.pressenza.com\/wp-content\/uploads\/2021\/07\/AREZZO-THROUGH-OUR-EYES.jpg","type":"image\/jpeg"}],"author":"Still I Rise","twitter_card":"summary_large_image","twitter_creator":"@PressenzaIPA","twitter_site":"@PressenzaIPA","twitter_misc":{"Scritto da":"Still I Rise","Tempo di lettura stimato":"3 minuti"},"schema":{"@context":"https:\/\/schema.org","@graph":[{"@type":"Article","@id":"https:\/\/www.pressenza.com\/it\/2021\/07\/through-our-eyes-al-museo-archeologico-di-arezzo-gli-scatti-dei-minori-rifugiati-nellhotspot-di-samos\/#article","isPartOf":{"@id":"https:\/\/www.pressenza.com\/it\/2021\/07\/through-our-eyes-al-museo-archeologico-di-arezzo-gli-scatti-dei-minori-rifugiati-nellhotspot-di-samos\/"},"author":{"name":"Still I Rise","@id":"https:\/\/www.pressenza.com\/it\/#\/schema\/person\/78858e9aa4f73258a37e082daf863eef"},"headline":"Through our eyes: al museo archeologico di Arezzo gli scatti dei minori rifugiati nell\u2019hotspot di Samos","datePublished":"2021-07-01T09:54:04+00:00","dateModified":"2021-07-01T09:57:34+00:00","mainEntityOfPage":{"@id":"https:\/\/www.pressenza.com\/it\/2021\/07\/through-our-eyes-al-museo-archeologico-di-arezzo-gli-scatti-dei-minori-rifugiati-nellhotspot-di-samos\/"},"wordCount":697,"publisher":{"@id":"https:\/\/www.pressenza.com\/it\/#organization"},"image":{"@id":"https:\/\/www.pressenza.com\/it\/2021\/07\/through-our-eyes-al-museo-archeologico-di-arezzo-gli-scatti-dei-minori-rifugiati-nellhotspot-di-samos\/#primaryimage"},"thumbnailUrl":"https:\/\/www.pressenza.com\/wp-content\/uploads\/2021\/07\/AREZZO-THROUGH-OUR-EYES.jpg","keywords":["centro educativo Maz\u00ec","foto","minori rifugiati","museo archeologico di Arezzo","Samos","Through\u00a0our eyes"],"articleSection":["Comunicati Stampa","Cultura e Media","Europa","Migranti"],"inLanguage":"it-IT"},{"@type":"WebPage","@id":"https:\/\/www.pressenza.com\/it\/2021\/07\/through-our-eyes-al-museo-archeologico-di-arezzo-gli-scatti-dei-minori-rifugiati-nellhotspot-di-samos\/","url":"https:\/\/www.pressenza.com\/it\/2021\/07\/through-our-eyes-al-museo-archeologico-di-arezzo-gli-scatti-dei-minori-rifugiati-nellhotspot-di-samos\/","name":"Through our eyes: al museo archeologico di Arezzo gli scatti dei minori rifugiati nell\u2019hotspot di Samos","isPartOf":{"@id":"https:\/\/www.pressenza.com\/it\/#website"},"primaryImageOfPage":{"@id":"https:\/\/www.pressenza.com\/it\/2021\/07\/through-our-eyes-al-museo-archeologico-di-arezzo-gli-scatti-dei-minori-rifugiati-nellhotspot-di-samos\/#primaryimage"},"image":{"@id":"https:\/\/www.pressenza.com\/it\/2021\/07\/through-our-eyes-al-museo-archeologico-di-arezzo-gli-scatti-dei-minori-rifugiati-nellhotspot-di-samos\/#primaryimage"},"thumbnailUrl":"https:\/\/www.pressenza.com\/wp-content\/uploads\/2021\/07\/AREZZO-THROUGH-OUR-EYES.jpg","datePublished":"2021-07-01T09:54:04+00:00","dateModified":"2021-07-01T09:57:34+00:00","description":"In occasione dell\u2019edizione 2021 della Notte Europea dei Musei, la Direzione Regionale Musei della Toscana inaugura\u00a0sabato 3 luglio dalle ore 20\u00a0al Museo","breadcrumb":{"@id":"https:\/\/www.pressenza.com\/it\/2021\/07\/through-our-eyes-al-museo-archeologico-di-arezzo-gli-scatti-dei-minori-rifugiati-nellhotspot-di-samos\/#breadcrumb"},"inLanguage":"it-IT","potentialAction":[{"@type":"ReadAction","target":["https:\/\/www.pressenza.com\/it\/2021\/07\/through-our-eyes-al-museo-archeologico-di-arezzo-gli-scatti-dei-minori-rifugiati-nellhotspot-di-samos\/"]}]},{"@type":"ImageObject","inLanguage":"it-IT","@id":"https:\/\/www.pressenza.com\/it\/2021\/07\/through-our-eyes-al-museo-archeologico-di-arezzo-gli-scatti-dei-minori-rifugiati-nellhotspot-di-samos\/#primaryimage","url":"https:\/\/www.pressenza.com\/wp-content\/uploads\/2021\/07\/AREZZO-THROUGH-OUR-EYES.jpg","contentUrl":"https:\/\/www.pressenza.com\/wp-content\/uploads\/2021\/07\/AREZZO-THROUGH-OUR-EYES.jpg","width":1920,"height":1080},{"@type":"BreadcrumbList","@id":"https:\/\/www.pressenza.com\/it\/2021\/07\/through-our-eyes-al-museo-archeologico-di-arezzo-gli-scatti-dei-minori-rifugiati-nellhotspot-di-samos\/#breadcrumb","itemListElement":[{"@type":"ListItem","position":1,"name":"Accueil","item":"https:\/\/www.pressenza.com\/it\/"},{"@type":"ListItem","position":2,"name":"Through our eyes: al museo archeologico di Arezzo gli scatti dei minori rifugiati nell\u2019hotspot di Samos"}]},{"@type":"WebSite","@id":"https:\/\/www.pressenza.com\/it\/#website","url":"https:\/\/www.pressenza.com\/it\/","name":"Pressenza","description":"Agenzia di Stampa Internazionale","publisher":{"@id":"https:\/\/www.pressenza.com\/it\/#organization"},"potentialAction":[{"@type":"SearchAction","target":{"@type":"EntryPoint","urlTemplate":"https:\/\/www.pressenza.com\/it\/?s={search_term_string}"},"query-input":{"@type":"PropertyValueSpecification","valueRequired":true,"valueName":"search_term_string"}}],"inLanguage":"it-IT"},{"@type":"Organization","@id":"https:\/\/www.pressenza.com\/it\/#organization","name":"Pressenza","url":"https:\/\/www.pressenza.com\/it\/","logo":{"@type":"ImageObject","inLanguage":"it-IT","@id":"https:\/\/www.pressenza.com\/it\/#\/schema\/logo\/image\/","url":"https:\/\/www.pressenza.com\/wp-content\/uploads\/2022\/10\/pressenza_logo_200x200.jpg","contentUrl":"https:\/\/www.pressenza.com\/wp-content\/uploads\/2022\/10\/pressenza_logo_200x200.jpg","width":200,"height":200,"caption":"Pressenza"},"image":{"@id":"https:\/\/www.pressenza.com\/it\/#\/schema\/logo\/image\/"},"sameAs":["https:\/\/www.facebook.com\/PressenzaItalia","https:\/\/x.com\/PressenzaIPA"]},{"@type":"Person","@id":"https:\/\/www.pressenza.com\/it\/#\/schema\/person\/78858e9aa4f73258a37e082daf863eef","name":"Still I Rise","description":"Still I Rise \u00e8 un\u2019organizzazione non profit internazionale e completamente indipendente, fondata nel 2018. Attraverso l'istituzione di centri educativi e scuole internazionali, l\u2019obiettivo \u00e8 offrire educazione, sicurezza e protezione ai minori profughi, svantaggiati, orfani e dimenticati nei luoghi pi\u00f9 caldi della migrazione globale.","url":"https:\/\/www.pressenza.com\/it\/author\/still-i-rise\/"}]}},"place":"","original_article_url":"","_links":{"self":[{"href":"https:\/\/www.pressenza.com\/it\/wp-json\/wp\/v2\/posts\/1390510","targetHints":{"allow":["GET"]}}],"collection":[{"href":"https:\/\/www.pressenza.com\/it\/wp-json\/wp\/v2\/posts"}],"about":[{"href":"https:\/\/www.pressenza.com\/it\/wp-json\/wp\/v2\/types\/post"}],"author":[{"embeddable":true,"href":"https:\/\/www.pressenza.com\/it\/wp-json\/wp\/v2\/users\/1902"}],"replies":[{"embeddable":true,"href":"https:\/\/www.pressenza.com\/it\/wp-json\/wp\/v2\/comments?post=1390510"}],"version-history":[{"count":0,"href":"https:\/\/www.pressenza.com\/it\/wp-json\/wp\/v2\/posts\/1390510\/revisions"}],"wp:featuredmedia":[{"embeddable":true,"href":"https:\/\/www.pressenza.com\/it\/wp-json\/wp\/v2\/media\/1390541"}],"wp:attachment":[{"href":"https:\/\/www.pressenza.com\/it\/wp-json\/wp\/v2\/media?parent=1390510"}],"wp:term":[{"taxonomy":"category","embeddable":true,"href":"https:\/\/www.pressenza.com\/it\/wp-json\/wp\/v2\/categories?post=1390510"},{"taxonomy":"post_tag","embeddable":true,"href":"https:\/\/www.pressenza.com\/it\/wp-json\/wp\/v2\/tags?post=1390510"}],"curies":[{"name":"wp","href":"https:\/\/api.w.org\/{rel}","templated":true}]}}